{"id":325568,"date":"2026-04-23T11:41:00","date_gmt":"2026-04-23T14:41:00","guid":{"rendered":"https:\/\/diariotextual.com\/inicio\/?p=325568"},"modified":"2026-04-23T11:41:02","modified_gmt":"2026-04-23T14:41:02","slug":"el-gobierno-de-milei-prohibio-este-jueves-el-ingreso-de-la-prensa-acreditada-a-la-casa-rosada","status":"publish","type":"post","link":"https:\/\/diariotextual.com\/inicio\/index.php\/2026\/04\/23\/el-gobierno-de-milei-prohibio-este-jueves-el-ingreso-de-la-prensa-acreditada-a-la-casa-rosada\/","title":{"rendered":"El Gobierno de Milei prohibi\u00f3 este jueves el ingreso de la prensa acreditada a la Casa Rosada"},"content":{"rendered":"\n<p>El gobierno del presidente&nbsp;<strong>Javier Milei<\/strong>&nbsp;prohibi\u00f3 este jueves el ingreso de la prensa acreditada a la&nbsp;<strong>Casa Rosada<\/strong>, seg\u00fan confirm\u00f3 la&nbsp;<em><strong>Agencia Noticias Argentinas<\/strong><\/em>.&nbsp;<\/p>\n\n\n\n<p>La decisi\u00f3n se tom\u00f3 de manera arbitraria y no hubo comunicaci\u00f3n formal para notificar la decisi\u00f3n que tom\u00f3 el mandatario en horas de la noche del mi\u00e9rcoles, a su regreso de la gira de Israel.&nbsp;<\/p>\n\n\n\n<p>\u201c<strong>Se decidi\u00f3 quitar las huellas dactilares a los periodistas acreditados de manera preventiva por el espionaje ilegal<\/strong>\u201d, fue el argumenta informal que ensayaron desde la Secretar\u00eda de Prensa a cargo de Javier Lanari.&nbsp;<\/p>\n\n\n\n<p>Durante la ma\u00f1ana del mi\u00e9rcoles, el titular de Casa Militar,&nbsp;<strong>Sebasti\u00e1n Ib\u00e1\u00f1ez<\/strong>, denunci\u00f3 a dos periodistas por presunto \u201c<strong>espionaje<\/strong>\u201d e inici\u00f3 acciones legales por el tema.&nbsp;<\/p>\n\n\n\n<p>Tras enterarse de lo sucedido, el libertario desde Israel, se expidi\u00f3 con violencia sobre el tema. \u00abBasuras repugnantes.<strong>\u00a0Me encantar\u00eda ver a esas basuras inmundas que portan credencial de periodistas (95%) que salgan a defender lo que hicieron estos dos delincuentes.\u00a0<\/strong>Espero que esto llegue hasta los m\u00e1ximos responsables. CIAO!\u201c, escribi\u00f3.<\/p>\n\n\n\n<p>D\u00edas atr\u00e1s, el oficialismo le prohibi\u00f3 el ingreso durante varios d\u00edas a un grupo de peridiostas porque consider\u00f3 que participaron de una supuesta campa\u00f1a rusa contra el mandatario nacional.&nbsp;<\/p>\n\n\n\n<p>Esta ma\u00f1ana, en la previa a la reuni\u00f3n con el empresario estadounidense&nbsp;<strong>Peter Thiel<\/strong>, celebr\u00f3 la decisi\u00f3n a trav\u00e9s de sus redes sociales.&nbsp;<\/p>\n\n\n\n<p><\/p>\n","protected":false},"excerpt":{"rendered":"<p>El gobierno del presidente&nbsp;Javier Milei&nbsp;prohibi\u00f3 este jueves el ingreso de la prensa acreditada a la&nbsp;Casa Rosada, seg\u00fan confirm\u00f3 la&nbsp;Agencia Noticias Argentinas.&nbsp; La decisi\u00f3n se tom\u00f3 de manera arbitraria y no&hellip;<\/p>\n","protected":false},"author":3,"featured_media":314960,"comment_status":"closed","ping_status":"open","sticky":false,"template":"","format":"standard","meta":{"_acf_changed":false,"footnotes":""},"categories":[1,8],"tags":[],"class_list":["post-325568","post","type-post","status-publish","format-standard","has-post-thumbnail","hentry","category-es-noticia","category-politica"],"acf":[],"yoast_head":"<!-- This site is optimized with the Yoast SEO plugin v27.4 - https:\/\/yoast.com\/product\/yoast-seo-wordpress\/ -->\n<title>El Gobierno de Milei prohibi\u00f3 este jueves el ingreso de la prensa acreditada a la Casa Rosada - Diario Textual<\/title>\n<meta name=\"robots\" content=\"index, follow, max-snippet:-1, max-image-preview:large, max-video-preview:-1\" \/>\n<link rel=\"canonical\" href=\"https:\/\/diariotextual.com\/inicio\/index.php\/2026\/04\/23\/el-gobierno-de-milei-prohibio-este-jueves-el-ingreso-de-la-prensa-acreditada-a-la-casa-rosada\/\" \/>\n<meta property=\"og:locale\" content=\"es_ES\" \/>\n<meta property=\"og:type\" content=\"article\" \/>\n<meta property=\"og:title\" content=\"El Gobierno de Milei prohibi\u00f3 este jueves el ingreso de la prensa acreditada a la Casa Rosada - Diario Textual\" \/>\n<meta property=\"og:description\" content=\"El gobierno del presidente&nbsp;Javier Milei&nbsp;prohibi\u00f3 este jueves el ingreso de la prensa acreditada a la&nbsp;Casa Rosada, seg\u00fan confirm\u00f3 la&nbsp;Agencia Noticias Argentinas.&nbsp; La decisi\u00f3n se tom\u00f3 de manera arbitraria y no&hellip;\" \/>\n<meta property=\"og:url\" content=\"https:\/\/diariotextual.com\/inicio\/index.php\/2026\/04\/23\/el-gobierno-de-milei-prohibio-este-jueves-el-ingreso-de-la-prensa-acreditada-a-la-casa-rosada\/\" \/>\n<meta property=\"og:site_name\" content=\"Diario Textual\" \/>\n<meta property=\"article:publisher\" content=\"https:\/\/www.facebook.com\/eltextual\" \/>\n<meta property=\"article:published_time\" content=\"2026-04-23T14:41:00+00:00\" \/>\n<meta property=\"article:modified_time\" content=\"2026-04-23T14:41:02+00:00\" \/>\n<meta property=\"og:image\" content=\"https:\/\/diariotextual.com\/inicio\/wp-content\/uploads\/2025\/12\/mileijavier2025-92.jpg\" \/>\n\t<meta property=\"og:image:width\" content=\"1280\" \/>\n\t<meta property=\"og:image:height\" content=\"853\" \/>\n\t<meta property=\"og:image:type\" content=\"image\/jpeg\" \/>\n<meta name=\"author\" content=\"Diario1 Diario1\" \/>\n<meta name=\"twitter:card\" content=\"summary_large_image\" \/>\n<meta name=\"twitter:creator\" content=\"@eltextual\" \/>\n<meta name=\"twitter:site\" content=\"@eltextual\" \/>\n<meta name=\"twitter:label1\" content=\"Escrito por\" \/>\n\t<meta name=\"twitter:data1\" content=\"Diario1 Diario1\" \/>\n\t<meta name=\"twitter:label2\" content=\"Tiempo de lectura\" \/>\n\t<meta name=\"twitter:data2\" content=\"2 minutos\" \/>\n<script type=\"application\/ld+json\" class=\"yoast-schema-graph\">{\"@context\":\"https:\\\/\\\/schema.org\",\"@graph\":[{\"@type\":\"Article\",\"@id\":\"https:\\\/\\\/diariotextual.com\\\/inicio\\\/index.php\\\/2026\\\/04\\\/23\\\/el-gobierno-de-milei-prohibio-este-jueves-el-ingreso-de-la-prensa-acreditada-a-la-casa-rosada\\\/#article\",\"isPartOf\":{\"@id\":\"https:\\\/\\\/diariotextual.com\\\/inicio\\\/index.php\\\/2026\\\/04\\\/23\\\/el-gobierno-de-milei-prohibio-este-jueves-el-ingreso-de-la-prensa-acreditada-a-la-casa-rosada\\\/\"},\"author\":{\"name\":\"Diario1 Diario1\",\"@id\":\"https:\\\/\\\/diariotextual.com\\\/inicio\\\/#\\\/schema\\\/person\\\/418fc4093c33e86ed41562db3508f958\"},\"headline\":\"El Gobierno de Milei prohibi\u00f3 este jueves el ingreso de la prensa acreditada a la Casa Rosada\",\"datePublished\":\"2026-04-23T14:41:00+00:00\",\"dateModified\":\"2026-04-23T14:41:02+00:00\",\"mainEntityOfPage\":{\"@id\":\"https:\\\/\\\/diariotextual.com\\\/inicio\\\/index.php\\\/2026\\\/04\\\/23\\\/el-gobierno-de-milei-prohibio-este-jueves-el-ingreso-de-la-prensa-acreditada-a-la-casa-rosada\\\/\"},\"wordCount\":270,\"publisher\":{\"@id\":\"https:\\\/\\\/diariotextual.com\\\/inicio\\\/#organization\"},\"image\":{\"@id\":\"https:\\\/\\\/diariotextual.com\\\/inicio\\\/index.php\\\/2026\\\/04\\\/23\\\/el-gobierno-de-milei-prohibio-este-jueves-el-ingreso-de-la-prensa-acreditada-a-la-casa-rosada\\\/#primaryimage\"},\"thumbnailUrl\":\"https:\\\/\\\/diariotextual.com\\\/inicio\\\/wp-content\\\/uploads\\\/2025\\\/12\\\/mileijavier2025-92.jpg\",\"articleSection\":[\"A - ES NOTICIA (van abajo)\",\"POLITICA\"],\"inLanguage\":\"es\"},{\"@type\":\"WebPage\",\"@id\":\"https:\\\/\\\/diariotextual.com\\\/inicio\\\/index.php\\\/2026\\\/04\\\/23\\\/el-gobierno-de-milei-prohibio-este-jueves-el-ingreso-de-la-prensa-acreditada-a-la-casa-rosada\\\/\",\"url\":\"https:\\\/\\\/diariotextual.com\\\/inicio\\\/index.php\\\/2026\\\/04\\\/23\\\/el-gobierno-de-milei-prohibio-este-jueves-el-ingreso-de-la-prensa-acreditada-a-la-casa-rosada\\\/\",\"name\":\"El Gobierno de Milei prohibi\u00f3 este jueves el ingreso de la prensa acreditada a la Casa Rosada - Diario Textual\",\"isPartOf\":{\"@id\":\"https:\\\/\\\/diariotextual.com\\\/inicio\\\/#website\"},\"primaryImageOfPage\":{\"@id\":\"https:\\\/\\\/diariotextual.com\\\/inicio\\\/index.php\\\/2026\\\/04\\\/23\\\/el-gobierno-de-milei-prohibio-este-jueves-el-ingreso-de-la-prensa-acreditada-a-la-casa-rosada\\\/#primaryimage\"},\"image\":{\"@id\":\"https:\\\/\\\/diariotextual.com\\\/inicio\\\/index.php\\\/2026\\\/04\\\/23\\\/el-gobierno-de-milei-prohibio-este-jueves-el-ingreso-de-la-prensa-acreditada-a-la-casa-rosada\\\/#primaryimage\"},\"thumbnailUrl\":\"https:\\\/\\\/diariotextual.com\\\/inicio\\\/wp-content\\\/uploads\\\/2025\\\/12\\\/mileijavier2025-92.jpg\",\"datePublished\":\"2026-04-23T14:41:00+00:00\",\"dateModified\":\"2026-04-23T14:41:02+00:00\",\"breadcrumb\":{\"@id\":\"https:\\\/\\\/diariotextual.com\\\/inicio\\\/index.php\\\/2026\\\/04\\\/23\\\/el-gobierno-de-milei-prohibio-este-jueves-el-ingreso-de-la-prensa-acreditada-a-la-casa-rosada\\\/#breadcrumb\"},\"inLanguage\":\"es\",\"potentialAction\":[{\"@type\":\"ReadAction\",\"target\":[\"https:\\\/\\\/diariotextual.com\\\/inicio\\\/index.php\\\/2026\\\/04\\\/23\\\/el-gobierno-de-milei-prohibio-este-jueves-el-ingreso-de-la-prensa-acreditada-a-la-casa-rosada\\\/\"]}]},{\"@type\":\"ImageObject\",\"inLanguage\":\"es\",\"@id\":\"https:\\\/\\\/diariotextual.com\\\/inicio\\\/index.php\\\/2026\\\/04\\\/23\\\/el-gobierno-de-milei-prohibio-este-jueves-el-ingreso-de-la-prensa-acreditada-a-la-casa-rosada\\\/#primaryimage\",\"url\":\"https:\\\/\\\/diariotextual.com\\\/inicio\\\/wp-content\\\/uploads\\\/2025\\\/12\\\/mileijavier2025-92.jpg\",\"contentUrl\":\"https:\\\/\\\/diariotextual.com\\\/inicio\\\/wp-content\\\/uploads\\\/2025\\\/12\\\/mileijavier2025-92.jpg\",\"width\":1280,\"height\":853},{\"@type\":\"BreadcrumbList\",\"@id\":\"https:\\\/\\\/diariotextual.com\\\/inicio\\\/index.php\\\/2026\\\/04\\\/23\\\/el-gobierno-de-milei-prohibio-este-jueves-el-ingreso-de-la-prensa-acreditada-a-la-casa-rosada\\\/#breadcrumb\",\"itemListElement\":[{\"@type\":\"ListItem\",\"position\":1,\"name\":\"Portada\",\"item\":\"https:\\\/\\\/diariotextual.com\\\/inicio\\\/\"},{\"@type\":\"ListItem\",\"position\":2,\"name\":\"El Gobierno de Milei prohibi\u00f3 este jueves el ingreso de la prensa acreditada a la Casa Rosada\"}]},{\"@type\":\"WebSite\",\"@id\":\"https:\\\/\\\/diariotextual.com\\\/inicio\\\/#website\",\"url\":\"https:\\\/\\\/diariotextual.com\\\/inicio\\\/\",\"name\":\"Diario Textual\",\"description\":\"\",\"publisher\":{\"@id\":\"https:\\\/\\\/diariotextual.com\\\/inicio\\\/#organization\"},\"potentialAction\":[{\"@type\":\"SearchAction\",\"target\":{\"@type\":\"EntryPoint\",\"urlTemplate\":\"https:\\\/\\\/diariotextual.com\\\/inicio\\\/?s={search_term_string}\"},\"query-input\":{\"@type\":\"PropertyValueSpecification\",\"valueRequired\":true,\"valueName\":\"search_term_string\"}}],\"inLanguage\":\"es\"},{\"@type\":\"Organization\",\"@id\":\"https:\\\/\\\/diariotextual.com\\\/inicio\\\/#organization\",\"name\":\"Diario Textual\",\"url\":\"https:\\\/\\\/diariotextual.com\\\/inicio\\\/\",\"logo\":{\"@type\":\"ImageObject\",\"inLanguage\":\"es\",\"@id\":\"https:\\\/\\\/diariotextual.com\\\/inicio\\\/#\\\/schema\\\/logo\\\/image\\\/\",\"url\":\"https:\\\/\\\/diariotextual.com\\\/inicio\\\/wp-content\\\/uploads\\\/2023\\\/05\\\/logotextual1.jpg\",\"contentUrl\":\"https:\\\/\\\/diariotextual.com\\\/inicio\\\/wp-content\\\/uploads\\\/2023\\\/05\\\/logotextual1.jpg\",\"width\":516,\"height\":76,\"caption\":\"Diario Textual\"},\"image\":{\"@id\":\"https:\\\/\\\/diariotextual.com\\\/inicio\\\/#\\\/schema\\\/logo\\\/image\\\/\"},\"sameAs\":[\"https:\\\/\\\/www.facebook.com\\\/eltextual\",\"https:\\\/\\\/x.com\\\/eltextual\",\"http:\\\/\\\/www.instagram.com\\\/eltextual\"]},{\"@type\":\"Person\",\"@id\":\"https:\\\/\\\/diariotextual.com\\\/inicio\\\/#\\\/schema\\\/person\\\/418fc4093c33e86ed41562db3508f958\",\"name\":\"Diario1 Diario1\",\"image\":{\"@type\":\"ImageObject\",\"inLanguage\":\"es\",\"@id\":\"https:\\\/\\\/secure.gravatar.com\\\/avatar\\\/9167d280179c85bc18be67aa7eda765854300033af4896dd779b608640f2ef7a?s=96&d=mm&r=g\",\"url\":\"https:\\\/\\\/secure.gravatar.com\\\/avatar\\\/9167d280179c85bc18be67aa7eda765854300033af4896dd779b608640f2ef7a?s=96&d=mm&r=g\",\"contentUrl\":\"https:\\\/\\\/secure.gravatar.com\\\/avatar\\\/9167d280179c85bc18be67aa7eda765854300033af4896dd779b608640f2ef7a?s=96&d=mm&r=g\",\"caption\":\"Diario1 Diario1\"},\"url\":\"https:\\\/\\\/diariotextual.com\\\/inicio\\\/index.php\\\/author\\\/diario1\\\/\"}]}<\/script>\n<!-- \/ Yoast SEO plugin. -->","yoast_head_json":{"title":"El Gobierno de Milei prohibi\u00f3 este jueves el ingreso de la prensa acreditada a la Casa Rosada - Diario Textual","robots":{"index":"index","follow":"follow","max-snippet":"max-snippet:-1","max-image-preview":"max-image-preview:large","max-video-preview":"max-video-preview:-1"},"canonical":"https:\/\/diariotextual.com\/inicio\/index.php\/2026\/04\/23\/el-gobierno-de-milei-prohibio-este-jueves-el-ingreso-de-la-prensa-acreditada-a-la-casa-rosada\/","og_locale":"es_ES","og_type":"article","og_title":"El Gobierno de Milei prohibi\u00f3 este jueves el ingreso de la prensa acreditada a la Casa Rosada - Diario Textual","og_description":"El gobierno del presidente&nbsp;Javier Milei&nbsp;prohibi\u00f3 este jueves el ingreso de la prensa acreditada a la&nbsp;Casa Rosada, seg\u00fan confirm\u00f3 la&nbsp;Agencia Noticias Argentinas.&nbsp; La decisi\u00f3n se tom\u00f3 de manera arbitraria y no&hellip;","og_url":"https:\/\/diariotextual.com\/inicio\/index.php\/2026\/04\/23\/el-gobierno-de-milei-prohibio-este-jueves-el-ingreso-de-la-prensa-acreditada-a-la-casa-rosada\/","og_site_name":"Diario Textual","article_publisher":"https:\/\/www.facebook.com\/eltextual","article_published_time":"2026-04-23T14:41:00+00:00","article_modified_time":"2026-04-23T14:41:02+00:00","og_image":[{"width":1280,"height":853,"url":"https:\/\/diariotextual.com\/inicio\/wp-content\/uploads\/2025\/12\/mileijavier2025-92.jpg","type":"image\/jpeg"}],"author":"Diario1 Diario1","twitter_card":"summary_large_image","twitter_creator":"@eltextual","twitter_site":"@eltextual","twitter_misc":{"Escrito por":"Diario1 Diario1","Tiempo de lectura":"2 minutos"},"schema":{"@context":"https:\/\/schema.org","@graph":[{"@type":"Article","@id":"https:\/\/diariotextual.com\/inicio\/index.php\/2026\/04\/23\/el-gobierno-de-milei-prohibio-este-jueves-el-ingreso-de-la-prensa-acreditada-a-la-casa-rosada\/#article","isPartOf":{"@id":"https:\/\/diariotextual.com\/inicio\/index.php\/2026\/04\/23\/el-gobierno-de-milei-prohibio-este-jueves-el-ingreso-de-la-prensa-acreditada-a-la-casa-rosada\/"},"author":{"name":"Diario1 Diario1","@id":"https:\/\/diariotextual.com\/inicio\/#\/schema\/person\/418fc4093c33e86ed41562db3508f958"},"headline":"El Gobierno de Milei prohibi\u00f3 este jueves el ingreso de la prensa acreditada a la Casa Rosada","datePublished":"2026-04-23T14:41:00+00:00","dateModified":"2026-04-23T14:41:02+00:00","mainEntityOfPage":{"@id":"https:\/\/diariotextual.com\/inicio\/index.php\/2026\/04\/23\/el-gobierno-de-milei-prohibio-este-jueves-el-ingreso-de-la-prensa-acreditada-a-la-casa-rosada\/"},"wordCount":270,"publisher":{"@id":"https:\/\/diariotextual.com\/inicio\/#organization"},"image":{"@id":"https:\/\/diariotextual.com\/inicio\/index.php\/2026\/04\/23\/el-gobierno-de-milei-prohibio-este-jueves-el-ingreso-de-la-prensa-acreditada-a-la-casa-rosada\/#primaryimage"},"thumbnailUrl":"https:\/\/diariotextual.com\/inicio\/wp-content\/uploads\/2025\/12\/mileijavier2025-92.jpg","articleSection":["A - ES NOTICIA (van abajo)","POLITICA"],"inLanguage":"es"},{"@type":"WebPage","@id":"https:\/\/diariotextual.com\/inicio\/index.php\/2026\/04\/23\/el-gobierno-de-milei-prohibio-este-jueves-el-ingreso-de-la-prensa-acreditada-a-la-casa-rosada\/","url":"https:\/\/diariotextual.com\/inicio\/index.php\/2026\/04\/23\/el-gobierno-de-milei-prohibio-este-jueves-el-ingreso-de-la-prensa-acreditada-a-la-casa-rosada\/","name":"El Gobierno de Milei prohibi\u00f3 este jueves el ingreso de la prensa acreditada a la Casa Rosada - Diario Textual","isPartOf":{"@id":"https:\/\/diariotextual.com\/inicio\/#website"},"primaryImageOfPage":{"@id":"https:\/\/diariotextual.com\/inicio\/index.php\/2026\/04\/23\/el-gobierno-de-milei-prohibio-este-jueves-el-ingreso-de-la-prensa-acreditada-a-la-casa-rosada\/#primaryimage"},"image":{"@id":"https:\/\/diariotextual.com\/inicio\/index.php\/2026\/04\/23\/el-gobierno-de-milei-prohibio-este-jueves-el-ingreso-de-la-prensa-acreditada-a-la-casa-rosada\/#primaryimage"},"thumbnailUrl":"https:\/\/diariotextual.com\/inicio\/wp-content\/uploads\/2025\/12\/mileijavier2025-92.jpg","datePublished":"2026-04-23T14:41:00+00:00","dateModified":"2026-04-23T14:41:02+00:00","breadcrumb":{"@id":"https:\/\/diariotextual.com\/inicio\/index.php\/2026\/04\/23\/el-gobierno-de-milei-prohibio-este-jueves-el-ingreso-de-la-prensa-acreditada-a-la-casa-rosada\/#breadcrumb"},"inLanguage":"es","potentialAction":[{"@type":"ReadAction","target":["https:\/\/diariotextual.com\/inicio\/index.php\/2026\/04\/23\/el-gobierno-de-milei-prohibio-este-jueves-el-ingreso-de-la-prensa-acreditada-a-la-casa-rosada\/"]}]},{"@type":"ImageObject","inLanguage":"es","@id":"https:\/\/diariotextual.com\/inicio\/index.php\/2026\/04\/23\/el-gobierno-de-milei-prohibio-este-jueves-el-ingreso-de-la-prensa-acreditada-a-la-casa-rosada\/#primaryimage","url":"https:\/\/diariotextual.com\/inicio\/wp-content\/uploads\/2025\/12\/mileijavier2025-92.jpg","contentUrl":"https:\/\/diariotextual.com\/inicio\/wp-content\/uploads\/2025\/12\/mileijavier2025-92.jpg","width":1280,"height":853},{"@type":"BreadcrumbList","@id":"https:\/\/diariotextual.com\/inicio\/index.php\/2026\/04\/23\/el-gobierno-de-milei-prohibio-este-jueves-el-ingreso-de-la-prensa-acreditada-a-la-casa-rosada\/#breadcrumb","itemListElement":[{"@type":"ListItem","position":1,"name":"Portada","item":"https:\/\/diariotextual.com\/inicio\/"},{"@type":"ListItem","position":2,"name":"El Gobierno de Milei prohibi\u00f3 este jueves el ingreso de la prensa acreditada a la Casa Rosada"}]},{"@type":"WebSite","@id":"https:\/\/diariotextual.com\/inicio\/#website","url":"https:\/\/diariotextual.com\/inicio\/","name":"Diario Textual","description":"","publisher":{"@id":"https:\/\/diariotextual.com\/inicio\/#organization"},"potentialAction":[{"@type":"SearchAction","target":{"@type":"EntryPoint","urlTemplate":"https:\/\/diariotextual.com\/inicio\/?s={search_term_string}"},"query-input":{"@type":"PropertyValueSpecification","valueRequired":true,"valueName":"search_term_string"}}],"inLanguage":"es"},{"@type":"Organization","@id":"https:\/\/diariotextual.com\/inicio\/#organization","name":"Diario Textual","url":"https:\/\/diariotextual.com\/inicio\/","logo":{"@type":"ImageObject","inLanguage":"es","@id":"https:\/\/diariotextual.com\/inicio\/#\/schema\/logo\/image\/","url":"https:\/\/diariotextual.com\/inicio\/wp-content\/uploads\/2023\/05\/logotextual1.jpg","contentUrl":"https:\/\/diariotextual.com\/inicio\/wp-content\/uploads\/2023\/05\/logotextual1.jpg","width":516,"height":76,"caption":"Diario Textual"},"image":{"@id":"https:\/\/diariotextual.com\/inicio\/#\/schema\/logo\/image\/"},"sameAs":["https:\/\/www.facebook.com\/eltextual","https:\/\/x.com\/eltextual","http:\/\/www.instagram.com\/eltextual"]},{"@type":"Person","@id":"https:\/\/diariotextual.com\/inicio\/#\/schema\/person\/418fc4093c33e86ed41562db3508f958","name":"Diario1 Diario1","image":{"@type":"ImageObject","inLanguage":"es","@id":"https:\/\/secure.gravatar.com\/avatar\/9167d280179c85bc18be67aa7eda765854300033af4896dd779b608640f2ef7a?s=96&d=mm&r=g","url":"https:\/\/secure.gravatar.com\/avatar\/9167d280179c85bc18be67aa7eda765854300033af4896dd779b608640f2ef7a?s=96&d=mm&r=g","contentUrl":"https:\/\/secure.gravatar.com\/avatar\/9167d280179c85bc18be67aa7eda765854300033af4896dd779b608640f2ef7a?s=96&d=mm&r=g","caption":"Diario1 Diario1"},"url":"https:\/\/diariotextual.com\/inicio\/index.php\/author\/diario1\/"}]}},"_links":{"self":[{"href":"https:\/\/diariotextual.com\/inicio\/index.php\/wp-json\/wp\/v2\/posts\/325568","targetHints":{"allow":["GET"]}}],"collection":[{"href":"https:\/\/diariotextual.com\/inicio\/index.php\/wp-json\/wp\/v2\/posts"}],"about":[{"href":"https:\/\/diariotextual.com\/inicio\/index.php\/wp-json\/wp\/v2\/types\/post"}],"author":[{"embeddable":true,"href":"https:\/\/diariotextual.com\/inicio\/index.php\/wp-json\/wp\/v2\/users\/3"}],"replies":[{"embeddable":true,"href":"https:\/\/diariotextual.com\/inicio\/index.php\/wp-json\/wp\/v2\/comments?post=325568"}],"version-history":[{"count":1,"href":"https:\/\/diariotextual.com\/inicio\/index.php\/wp-json\/wp\/v2\/posts\/325568\/revisions"}],"predecessor-version":[{"id":325569,"href":"https:\/\/diariotextual.com\/inicio\/index.php\/wp-json\/wp\/v2\/posts\/325568\/revisions\/325569"}],"wp:featuredmedia":[{"embeddable":true,"href":"https:\/\/diariotextual.com\/inicio\/index.php\/wp-json\/wp\/v2\/media\/314960"}],"wp:attachment":[{"href":"https:\/\/diariotextual.com\/inicio\/index.php\/wp-json\/wp\/v2\/media?parent=325568"}],"wp:term":[{"taxonomy":"category","embeddable":true,"href":"https:\/\/diariotextual.com\/inicio\/index.php\/wp-json\/wp\/v2\/categories?post=325568"},{"taxonomy":"post_tag","embeddable":true,"href":"https:\/\/diariotextual.com\/inicio\/index.php\/wp-json\/wp\/v2\/tags?post=325568"}],"curies":[{"name":"wp","href":"https:\/\/api.w.org\/{rel}","templated":true}]}}