{"id":325576,"date":"2026-04-23T13:44:36","date_gmt":"2026-04-23T16:44:36","guid":{"rendered":"https:\/\/diariotextual.com\/inicio\/?p=325576"},"modified":"2026-04-24T07:07:17","modified_gmt":"2026-04-24T10:07:17","slug":"ziliotto-recibio-a-autovia-ruta-5-y-ratifico-reclamo-por-rutas-nacionales","status":"publish","type":"post","link":"https:\/\/diariotextual.com\/inicio\/index.php\/2026\/04\/23\/ziliotto-recibio-a-autovia-ruta-5-y-ratifico-reclamo-por-rutas-nacionales\/","title":{"rendered":"Ziliotto recibi\u00f3 a Autov\u00eda Ruta 5 y ratific\u00f3 reclamo por rutas nacionales"},"content":{"rendered":"\n<p>El gobernador de La Pampa, <strong>Sergio Ziliotto<\/strong>, recibi\u00f3 este jueves a integrantes de la <strong>Agrupaci\u00f3n Autov\u00eda Ruta 5<\/strong>. Durante el encuentro analizaron el estado de las <strong>rutas nacionales<\/strong> que atraviesan la Provincia y la necesidad de avanzar con obras de infraestructura vial que permanecen postergadas por el Gobierno nacional.<\/p>\n\n\n\n<p>Desde el Ejecutivo provincial detallaron las <strong>gestiones y reclamos<\/strong> realizados ante Naci\u00f3n para intervenir en m\u00e1s de <strong>600 kil\u00f3metros de rutas nacionales<\/strong> en territorio pampeano. Recordaron que el primer planteo formal se present\u00f3 el <strong>22 de enero de 2025<\/strong> y que, hasta el momento, no hubo <strong>respuestas concretas<\/strong>.<\/p>\n\n\n\n<p>Del encuentro tambi\u00e9n particip\u00f3 el ministro de Obras y Servicios P\u00fablicos, <strong>Alfredo Intronati<\/strong>. Por la agrupaci\u00f3n asistieron <strong>Sergio Romero<\/strong>, <strong>Carlos Alomar<\/strong>, <strong>Mar\u00eda del Carmen Ares<\/strong>, <strong>Andrea Barone<\/strong> y <strong>Laura Berasturi<\/strong>.<\/p>\n\n\n\n<div style=\"height:100px\" aria-hidden=\"true\" class=\"wp-block-spacer\"><\/div>\n\n\n\n<p><strong>Peaje sin obras<\/strong><\/p>\n\n\n\n<p>Ziliotto reiter\u00f3 lo expresado en la apertura del per\u00edodo legislativo y ratific\u00f3 que cualquier ingreso proveniente de <strong>acreencias<\/strong> que Naci\u00f3n mantiene con La Pampa ser\u00e1 destinado a la <strong>reparaci\u00f3n de rutas nacionales<\/strong> dentro de la Provincia.<\/p>\n\n\n\n<p>Adem\u00e1s, desde el Gobierno provincial advirtieron sobre la intenci\u00f3n del Ejecutivo nacional de instalar un <strong>nuevo peaje<\/strong> en la <strong>ruta nacional 5<\/strong>, en territorio pampeano, sin contemplar <strong>obras de reparaci\u00f3n ni mejoras estructurales<\/strong>.<\/p>\n\n\n\n<div style=\"height:100px\" aria-hidden=\"true\" class=\"wp-block-spacer\"><\/div>\n\n\n\n<p><strong>Reclamo por la autov\u00eda<\/strong><\/p>\n\n\n\n<p>Representantes de la <strong>Agrupaci\u00f3n Autov\u00eda Ruta 5<\/strong> informaron al mandatario sobre las presentaciones realizadas ante <strong>Vialidad Nacional<\/strong> para avanzar con la obra de la <strong>autov\u00eda<\/strong> que una <strong>Mercedes (Buenos Aires)<\/strong> con <strong>Santa Rosa<\/strong>.<\/p>\n\n\n\n<p>Ante ese planteo, el Gobernador sostuvo que existe una <strong>decisi\u00f3n pol\u00edtica<\/strong> de acompa\u00f1ar y respaldar los reclamos vinculados a temas estrat\u00e9gicos para la provincia.<\/p>\n\n\n\n<div style=\"height:100px\" aria-hidden=\"true\" class=\"wp-block-spacer\"><\/div>\n\n\n\n<p><strong>Pedido de transferencia de rutas<\/strong><\/p>\n\n\n\n<p>Intronati se comprometi\u00f3 a continuar impulsando los planteos de La Pampa en el \u00e1mbito del <strong>Consejo Interprovincial de Ministros de Obras P\u00fablicas (cimop)<\/strong>.<\/p>\n\n\n\n<p>Durante la reuni\u00f3n tambi\u00e9n repasaron la nota enviada el <strong>22 de enero de 2025<\/strong> al ministro de Econom\u00eda de la Naci\u00f3n, <strong>Luis Caputo<\/strong>, en la que solicitaron la <strong>transferencia de jurisdicci\u00f3n<\/strong> para el mantenimiento y reparaci\u00f3n de tramos de las rutas nacionales <strong>5, 35, 152 y 143<\/strong>.<\/p>\n\n\n\n<p>Adem\u00e1s, recordaron que en junio del a\u00f1o pasado el mandatario provincial envi\u00f3 otra nota por la creaci\u00f3n del <strong>peaje Lonquimay<\/strong> sobre la ruta nacional 5. En ese documento se advirti\u00f3 que no se prev\u00e9n <strong>obras relevantes<\/strong> dentro de La Pampa, lo que implicar\u00eda mantener las <strong>mismas condiciones actuales<\/strong> en los pr\u00f3ximos a\u00f1os.<\/p>\n\n\n\n<p><\/p>\n","protected":false},"excerpt":{"rendered":"<p>El gobernador de La Pampa, Sergio Ziliotto, recibi\u00f3 este jueves a integrantes de la Agrupaci\u00f3n Autov\u00eda Ruta 5. Durante el encuentro analizaron el estado de las rutas nacionales que atraviesan&hellip;<\/p>\n","protected":false},"author":3,"featured_media":325578,"comment_status":"closed","ping_status":"open","sticky":false,"template":"","format":"standard","meta":{"_acf_changed":false,"footnotes":""},"categories":[1,11,8],"tags":[],"class_list":["post-325576","post","type-post","status-publish","format-standard","has-post-thumbnail","hentry","category-es-noticia","category-que-pasa","category-politica"],"acf":[],"yoast_head":"<!-- This site is optimized with the Yoast SEO plugin v27.4 - https:\/\/yoast.com\/product\/yoast-seo-wordpress\/ -->\n<title>Ziliotto recibi\u00f3 a Autov\u00eda Ruta 5 y ratific\u00f3 reclamo por rutas nacionales - Diario Textual<\/title>\n<meta name=\"robots\" content=\"index, follow, max-snippet:-1, max-image-preview:large, max-video-preview:-1\" \/>\n<link rel=\"canonical\" href=\"https:\/\/diariotextual.com\/inicio\/index.php\/2026\/04\/23\/ziliotto-recibio-a-autovia-ruta-5-y-ratifico-reclamo-por-rutas-nacionales\/\" \/>\n<meta property=\"og:locale\" content=\"es_ES\" \/>\n<meta property=\"og:type\" content=\"article\" \/>\n<meta property=\"og:title\" content=\"Ziliotto recibi\u00f3 a Autov\u00eda Ruta 5 y ratific\u00f3 reclamo por rutas nacionales - Diario Textual\" \/>\n<meta property=\"og:description\" content=\"El gobernador de La Pampa, Sergio Ziliotto, recibi\u00f3 este jueves a integrantes de la Agrupaci\u00f3n Autov\u00eda Ruta 5. Durante el encuentro analizaron el estado de las rutas nacionales que atraviesan&hellip;\" \/>\n<meta property=\"og:url\" content=\"https:\/\/diariotextual.com\/inicio\/index.php\/2026\/04\/23\/ziliotto-recibio-a-autovia-ruta-5-y-ratifico-reclamo-por-rutas-nacionales\/\" \/>\n<meta property=\"og:site_name\" content=\"Diario Textual\" \/>\n<meta property=\"article:publisher\" content=\"https:\/\/www.facebook.com\/eltextual\" \/>\n<meta property=\"article:published_time\" content=\"2026-04-23T16:44:36+00:00\" \/>\n<meta property=\"article:modified_time\" content=\"2026-04-24T10:07:17+00:00\" \/>\n<meta property=\"og:image\" content=\"https:\/\/diariotextual.com\/inicio\/wp-content\/uploads\/2026\/04\/ziliottosergioautovia5yaautoviaya2026-1.jpg\" \/>\n\t<meta property=\"og:image:width\" content=\"1100\" \/>\n\t<meta property=\"og:image:height\" content=\"682\" \/>\n\t<meta property=\"og:image:type\" content=\"image\/jpeg\" \/>\n<meta name=\"author\" content=\"Diario1 Diario1\" \/>\n<meta name=\"twitter:card\" content=\"summary_large_image\" \/>\n<meta name=\"twitter:creator\" content=\"@eltextual\" \/>\n<meta name=\"twitter:site\" content=\"@eltextual\" \/>\n<meta name=\"twitter:label1\" content=\"Escrito por\" \/>\n\t<meta name=\"twitter:data1\" content=\"Diario1 Diario1\" \/>\n\t<meta name=\"twitter:label2\" content=\"Tiempo de lectura\" \/>\n\t<meta name=\"twitter:data2\" content=\"2 minutos\" \/>\n<script type=\"application\/ld+json\" class=\"yoast-schema-graph\">{\"@context\":\"https:\\\/\\\/schema.org\",\"@graph\":[{\"@type\":\"Article\",\"@id\":\"https:\\\/\\\/diariotextual.com\\\/inicio\\\/index.php\\\/2026\\\/04\\\/23\\\/ziliotto-recibio-a-autovia-ruta-5-y-ratifico-reclamo-por-rutas-nacionales\\\/#article\",\"isPartOf\":{\"@id\":\"https:\\\/\\\/diariotextual.com\\\/inicio\\\/index.php\\\/2026\\\/04\\\/23\\\/ziliotto-recibio-a-autovia-ruta-5-y-ratifico-reclamo-por-rutas-nacionales\\\/\"},\"author\":{\"name\":\"Diario1 Diario1\",\"@id\":\"https:\\\/\\\/diariotextual.com\\\/inicio\\\/#\\\/schema\\\/person\\\/418fc4093c33e86ed41562db3508f958\"},\"headline\":\"Ziliotto recibi\u00f3 a Autov\u00eda Ruta 5 y ratific\u00f3 reclamo por rutas nacionales\",\"datePublished\":\"2026-04-23T16:44:36+00:00\",\"dateModified\":\"2026-04-24T10:07:17+00:00\",\"mainEntityOfPage\":{\"@id\":\"https:\\\/\\\/diariotextual.com\\\/inicio\\\/index.php\\\/2026\\\/04\\\/23\\\/ziliotto-recibio-a-autovia-ruta-5-y-ratifico-reclamo-por-rutas-nacionales\\\/\"},\"wordCount\":423,\"publisher\":{\"@id\":\"https:\\\/\\\/diariotextual.com\\\/inicio\\\/#organization\"},\"image\":{\"@id\":\"https:\\\/\\\/diariotextual.com\\\/inicio\\\/index.php\\\/2026\\\/04\\\/23\\\/ziliotto-recibio-a-autovia-ruta-5-y-ratifico-reclamo-por-rutas-nacionales\\\/#primaryimage\"},\"thumbnailUrl\":\"https:\\\/\\\/diariotextual.com\\\/inicio\\\/wp-content\\\/uploads\\\/2026\\\/04\\\/ziliottosergioautovia5yaautoviaya2026-1.jpg\",\"articleSection\":[\"A - ES NOTICIA (van abajo)\",\"A - QUE PASA (al costado)\",\"POLITICA\"],\"inLanguage\":\"es\"},{\"@type\":\"WebPage\",\"@id\":\"https:\\\/\\\/diariotextual.com\\\/inicio\\\/index.php\\\/2026\\\/04\\\/23\\\/ziliotto-recibio-a-autovia-ruta-5-y-ratifico-reclamo-por-rutas-nacionales\\\/\",\"url\":\"https:\\\/\\\/diariotextual.com\\\/inicio\\\/index.php\\\/2026\\\/04\\\/23\\\/ziliotto-recibio-a-autovia-ruta-5-y-ratifico-reclamo-por-rutas-nacionales\\\/\",\"name\":\"Ziliotto recibi\u00f3 a Autov\u00eda Ruta 5 y ratific\u00f3 reclamo por rutas nacionales - Diario Textual\",\"isPartOf\":{\"@id\":\"https:\\\/\\\/diariotextual.com\\\/inicio\\\/#website\"},\"primaryImageOfPage\":{\"@id\":\"https:\\\/\\\/diariotextual.com\\\/inicio\\\/index.php\\\/2026\\\/04\\\/23\\\/ziliotto-recibio-a-autovia-ruta-5-y-ratifico-reclamo-por-rutas-nacionales\\\/#primaryimage\"},\"image\":{\"@id\":\"https:\\\/\\\/diariotextual.com\\\/inicio\\\/index.php\\\/2026\\\/04\\\/23\\\/ziliotto-recibio-a-autovia-ruta-5-y-ratifico-reclamo-por-rutas-nacionales\\\/#primaryimage\"},\"thumbnailUrl\":\"https:\\\/\\\/diariotextual.com\\\/inicio\\\/wp-content\\\/uploads\\\/2026\\\/04\\\/ziliottosergioautovia5yaautoviaya2026-1.jpg\",\"datePublished\":\"2026-04-23T16:44:36+00:00\",\"dateModified\":\"2026-04-24T10:07:17+00:00\",\"breadcrumb\":{\"@id\":\"https:\\\/\\\/diariotextual.com\\\/inicio\\\/index.php\\\/2026\\\/04\\\/23\\\/ziliotto-recibio-a-autovia-ruta-5-y-ratifico-reclamo-por-rutas-nacionales\\\/#breadcrumb\"},\"inLanguage\":\"es\",\"potentialAction\":[{\"@type\":\"ReadAction\",\"target\":[\"https:\\\/\\\/diariotextual.com\\\/inicio\\\/index.php\\\/2026\\\/04\\\/23\\\/ziliotto-recibio-a-autovia-ruta-5-y-ratifico-reclamo-por-rutas-nacionales\\\/\"]}]},{\"@type\":\"ImageObject\",\"inLanguage\":\"es\",\"@id\":\"https:\\\/\\\/diariotextual.com\\\/inicio\\\/index.php\\\/2026\\\/04\\\/23\\\/ziliotto-recibio-a-autovia-ruta-5-y-ratifico-reclamo-por-rutas-nacionales\\\/#primaryimage\",\"url\":\"https:\\\/\\\/diariotextual.com\\\/inicio\\\/wp-content\\\/uploads\\\/2026\\\/04\\\/ziliottosergioautovia5yaautoviaya2026-1.jpg\",\"contentUrl\":\"https:\\\/\\\/diariotextual.com\\\/inicio\\\/wp-content\\\/uploads\\\/2026\\\/04\\\/ziliottosergioautovia5yaautoviaya2026-1.jpg\",\"width\":1100,\"height\":682},{\"@type\":\"BreadcrumbList\",\"@id\":\"https:\\\/\\\/diariotextual.com\\\/inicio\\\/index.php\\\/2026\\\/04\\\/23\\\/ziliotto-recibio-a-autovia-ruta-5-y-ratifico-reclamo-por-rutas-nacionales\\\/#breadcrumb\",\"itemListElement\":[{\"@type\":\"ListItem\",\"position\":1,\"name\":\"Portada\",\"item\":\"https:\\\/\\\/diariotextual.com\\\/inicio\\\/\"},{\"@type\":\"ListItem\",\"position\":2,\"name\":\"Ziliotto recibi\u00f3 a Autov\u00eda Ruta 5 y ratific\u00f3 reclamo por rutas nacionales\"}]},{\"@type\":\"WebSite\",\"@id\":\"https:\\\/\\\/diariotextual.com\\\/inicio\\\/#website\",\"url\":\"https:\\\/\\\/diariotextual.com\\\/inicio\\\/\",\"name\":\"Diario Textual\",\"description\":\"\",\"publisher\":{\"@id\":\"https:\\\/\\\/diariotextual.com\\\/inicio\\\/#organization\"},\"potentialAction\":[{\"@type\":\"SearchAction\",\"target\":{\"@type\":\"EntryPoint\",\"urlTemplate\":\"https:\\\/\\\/diariotextual.com\\\/inicio\\\/?s={search_term_string}\"},\"query-input\":{\"@type\":\"PropertyValueSpecification\",\"valueRequired\":true,\"valueName\":\"search_term_string\"}}],\"inLanguage\":\"es\"},{\"@type\":\"Organization\",\"@id\":\"https:\\\/\\\/diariotextual.com\\\/inicio\\\/#organization\",\"name\":\"Diario Textual\",\"url\":\"https:\\\/\\\/diariotextual.com\\\/inicio\\\/\",\"logo\":{\"@type\":\"ImageObject\",\"inLanguage\":\"es\",\"@id\":\"https:\\\/\\\/diariotextual.com\\\/inicio\\\/#\\\/schema\\\/logo\\\/image\\\/\",\"url\":\"https:\\\/\\\/diariotextual.com\\\/inicio\\\/wp-content\\\/uploads\\\/2023\\\/05\\\/logotextual1.jpg\",\"contentUrl\":\"https:\\\/\\\/diariotextual.com\\\/inicio\\\/wp-content\\\/uploads\\\/2023\\\/05\\\/logotextual1.jpg\",\"width\":516,\"height\":76,\"caption\":\"Diario Textual\"},\"image\":{\"@id\":\"https:\\\/\\\/diariotextual.com\\\/inicio\\\/#\\\/schema\\\/logo\\\/image\\\/\"},\"sameAs\":[\"https:\\\/\\\/www.facebook.com\\\/eltextual\",\"https:\\\/\\\/x.com\\\/eltextual\",\"http:\\\/\\\/www.instagram.com\\\/eltextual\"]},{\"@type\":\"Person\",\"@id\":\"https:\\\/\\\/diariotextual.com\\\/inicio\\\/#\\\/schema\\\/person\\\/418fc4093c33e86ed41562db3508f958\",\"name\":\"Diario1 Diario1\",\"image\":{\"@type\":\"ImageObject\",\"inLanguage\":\"es\",\"@id\":\"https:\\\/\\\/secure.gravatar.com\\\/avatar\\\/9167d280179c85bc18be67aa7eda765854300033af4896dd779b608640f2ef7a?s=96&d=mm&r=g\",\"url\":\"https:\\\/\\\/secure.gravatar.com\\\/avatar\\\/9167d280179c85bc18be67aa7eda765854300033af4896dd779b608640f2ef7a?s=96&d=mm&r=g\",\"contentUrl\":\"https:\\\/\\\/secure.gravatar.com\\\/avatar\\\/9167d280179c85bc18be67aa7eda765854300033af4896dd779b608640f2ef7a?s=96&d=mm&r=g\",\"caption\":\"Diario1 Diario1\"},\"url\":\"https:\\\/\\\/diariotextual.com\\\/inicio\\\/index.php\\\/author\\\/diario1\\\/\"}]}<\/script>\n<!-- \/ Yoast SEO plugin. -->","yoast_head_json":{"title":"Ziliotto recibi\u00f3 a Autov\u00eda Ruta 5 y ratific\u00f3 reclamo por rutas nacionales - Diario Textual","robots":{"index":"index","follow":"follow","max-snippet":"max-snippet:-1","max-image-preview":"max-image-preview:large","max-video-preview":"max-video-preview:-1"},"canonical":"https:\/\/diariotextual.com\/inicio\/index.php\/2026\/04\/23\/ziliotto-recibio-a-autovia-ruta-5-y-ratifico-reclamo-por-rutas-nacionales\/","og_locale":"es_ES","og_type":"article","og_title":"Ziliotto recibi\u00f3 a Autov\u00eda Ruta 5 y ratific\u00f3 reclamo por rutas nacionales - Diario Textual","og_description":"El gobernador de La Pampa, Sergio Ziliotto, recibi\u00f3 este jueves a integrantes de la Agrupaci\u00f3n Autov\u00eda Ruta 5. Durante el encuentro analizaron el estado de las rutas nacionales que atraviesan&hellip;","og_url":"https:\/\/diariotextual.com\/inicio\/index.php\/2026\/04\/23\/ziliotto-recibio-a-autovia-ruta-5-y-ratifico-reclamo-por-rutas-nacionales\/","og_site_name":"Diario Textual","article_publisher":"https:\/\/www.facebook.com\/eltextual","article_published_time":"2026-04-23T16:44:36+00:00","article_modified_time":"2026-04-24T10:07:17+00:00","og_image":[{"width":1100,"height":682,"url":"https:\/\/diariotextual.com\/inicio\/wp-content\/uploads\/2026\/04\/ziliottosergioautovia5yaautoviaya2026-1.jpg","type":"image\/jpeg"}],"author":"Diario1 Diario1","twitter_card":"summary_large_image","twitter_creator":"@eltextual","twitter_site":"@eltextual","twitter_misc":{"Escrito por":"Diario1 Diario1","Tiempo de lectura":"2 minutos"},"schema":{"@context":"https:\/\/schema.org","@graph":[{"@type":"Article","@id":"https:\/\/diariotextual.com\/inicio\/index.php\/2026\/04\/23\/ziliotto-recibio-a-autovia-ruta-5-y-ratifico-reclamo-por-rutas-nacionales\/#article","isPartOf":{"@id":"https:\/\/diariotextual.com\/inicio\/index.php\/2026\/04\/23\/ziliotto-recibio-a-autovia-ruta-5-y-ratifico-reclamo-por-rutas-nacionales\/"},"author":{"name":"Diario1 Diario1","@id":"https:\/\/diariotextual.com\/inicio\/#\/schema\/person\/418fc4093c33e86ed41562db3508f958"},"headline":"Ziliotto recibi\u00f3 a Autov\u00eda Ruta 5 y ratific\u00f3 reclamo por rutas nacionales","datePublished":"2026-04-23T16:44:36+00:00","dateModified":"2026-04-24T10:07:17+00:00","mainEntityOfPage":{"@id":"https:\/\/diariotextual.com\/inicio\/index.php\/2026\/04\/23\/ziliotto-recibio-a-autovia-ruta-5-y-ratifico-reclamo-por-rutas-nacionales\/"},"wordCount":423,"publisher":{"@id":"https:\/\/diariotextual.com\/inicio\/#organization"},"image":{"@id":"https:\/\/diariotextual.com\/inicio\/index.php\/2026\/04\/23\/ziliotto-recibio-a-autovia-ruta-5-y-ratifico-reclamo-por-rutas-nacionales\/#primaryimage"},"thumbnailUrl":"https:\/\/diariotextual.com\/inicio\/wp-content\/uploads\/2026\/04\/ziliottosergioautovia5yaautoviaya2026-1.jpg","articleSection":["A - ES NOTICIA (van abajo)","A - QUE PASA (al costado)","POLITICA"],"inLanguage":"es"},{"@type":"WebPage","@id":"https:\/\/diariotextual.com\/inicio\/index.php\/2026\/04\/23\/ziliotto-recibio-a-autovia-ruta-5-y-ratifico-reclamo-por-rutas-nacionales\/","url":"https:\/\/diariotextual.com\/inicio\/index.php\/2026\/04\/23\/ziliotto-recibio-a-autovia-ruta-5-y-ratifico-reclamo-por-rutas-nacionales\/","name":"Ziliotto recibi\u00f3 a Autov\u00eda Ruta 5 y ratific\u00f3 reclamo por rutas nacionales - Diario Textual","isPartOf":{"@id":"https:\/\/diariotextual.com\/inicio\/#website"},"primaryImageOfPage":{"@id":"https:\/\/diariotextual.com\/inicio\/index.php\/2026\/04\/23\/ziliotto-recibio-a-autovia-ruta-5-y-ratifico-reclamo-por-rutas-nacionales\/#primaryimage"},"image":{"@id":"https:\/\/diariotextual.com\/inicio\/index.php\/2026\/04\/23\/ziliotto-recibio-a-autovia-ruta-5-y-ratifico-reclamo-por-rutas-nacionales\/#primaryimage"},"thumbnailUrl":"https:\/\/diariotextual.com\/inicio\/wp-content\/uploads\/2026\/04\/ziliottosergioautovia5yaautoviaya2026-1.jpg","datePublished":"2026-04-23T16:44:36+00:00","dateModified":"2026-04-24T10:07:17+00:00","breadcrumb":{"@id":"https:\/\/diariotextual.com\/inicio\/index.php\/2026\/04\/23\/ziliotto-recibio-a-autovia-ruta-5-y-ratifico-reclamo-por-rutas-nacionales\/#breadcrumb"},"inLanguage":"es","potentialAction":[{"@type":"ReadAction","target":["https:\/\/diariotextual.com\/inicio\/index.php\/2026\/04\/23\/ziliotto-recibio-a-autovia-ruta-5-y-ratifico-reclamo-por-rutas-nacionales\/"]}]},{"@type":"ImageObject","inLanguage":"es","@id":"https:\/\/diariotextual.com\/inicio\/index.php\/2026\/04\/23\/ziliotto-recibio-a-autovia-ruta-5-y-ratifico-reclamo-por-rutas-nacionales\/#primaryimage","url":"https:\/\/diariotextual.com\/inicio\/wp-content\/uploads\/2026\/04\/ziliottosergioautovia5yaautoviaya2026-1.jpg","contentUrl":"https:\/\/diariotextual.com\/inicio\/wp-content\/uploads\/2026\/04\/ziliottosergioautovia5yaautoviaya2026-1.jpg","width":1100,"height":682},{"@type":"BreadcrumbList","@id":"https:\/\/diariotextual.com\/inicio\/index.php\/2026\/04\/23\/ziliotto-recibio-a-autovia-ruta-5-y-ratifico-reclamo-por-rutas-nacionales\/#breadcrumb","itemListElement":[{"@type":"ListItem","position":1,"name":"Portada","item":"https:\/\/diariotextual.com\/inicio\/"},{"@type":"ListItem","position":2,"name":"Ziliotto recibi\u00f3 a Autov\u00eda Ruta 5 y ratific\u00f3 reclamo por rutas nacionales"}]},{"@type":"WebSite","@id":"https:\/\/diariotextual.com\/inicio\/#website","url":"https:\/\/diariotextual.com\/inicio\/","name":"Diario Textual","description":"","publisher":{"@id":"https:\/\/diariotextual.com\/inicio\/#organization"},"potentialAction":[{"@type":"SearchAction","target":{"@type":"EntryPoint","urlTemplate":"https:\/\/diariotextual.com\/inicio\/?s={search_term_string}"},"query-input":{"@type":"PropertyValueSpecification","valueRequired":true,"valueName":"search_term_string"}}],"inLanguage":"es"},{"@type":"Organization","@id":"https:\/\/diariotextual.com\/inicio\/#organization","name":"Diario Textual","url":"https:\/\/diariotextual.com\/inicio\/","logo":{"@type":"ImageObject","inLanguage":"es","@id":"https:\/\/diariotextual.com\/inicio\/#\/schema\/logo\/image\/","url":"https:\/\/diariotextual.com\/inicio\/wp-content\/uploads\/2023\/05\/logotextual1.jpg","contentUrl":"https:\/\/diariotextual.com\/inicio\/wp-content\/uploads\/2023\/05\/logotextual1.jpg","width":516,"height":76,"caption":"Diario Textual"},"image":{"@id":"https:\/\/diariotextual.com\/inicio\/#\/schema\/logo\/image\/"},"sameAs":["https:\/\/www.facebook.com\/eltextual","https:\/\/x.com\/eltextual","http:\/\/www.instagram.com\/eltextual"]},{"@type":"Person","@id":"https:\/\/diariotextual.com\/inicio\/#\/schema\/person\/418fc4093c33e86ed41562db3508f958","name":"Diario1 Diario1","image":{"@type":"ImageObject","inLanguage":"es","@id":"https:\/\/secure.gravatar.com\/avatar\/9167d280179c85bc18be67aa7eda765854300033af4896dd779b608640f2ef7a?s=96&d=mm&r=g","url":"https:\/\/secure.gravatar.com\/avatar\/9167d280179c85bc18be67aa7eda765854300033af4896dd779b608640f2ef7a?s=96&d=mm&r=g","contentUrl":"https:\/\/secure.gravatar.com\/avatar\/9167d280179c85bc18be67aa7eda765854300033af4896dd779b608640f2ef7a?s=96&d=mm&r=g","caption":"Diario1 Diario1"},"url":"https:\/\/diariotextual.com\/inicio\/index.php\/author\/diario1\/"}]}},"_links":{"self":[{"href":"https:\/\/diariotextual.com\/inicio\/index.php\/wp-json\/wp\/v2\/posts\/325576","targetHints":{"allow":["GET"]}}],"collection":[{"href":"https:\/\/diariotextual.com\/inicio\/index.php\/wp-json\/wp\/v2\/posts"}],"about":[{"href":"https:\/\/diariotextual.com\/inicio\/index.php\/wp-json\/wp\/v2\/types\/post"}],"author":[{"embeddable":true,"href":"https:\/\/diariotextual.com\/inicio\/index.php\/wp-json\/wp\/v2\/users\/3"}],"replies":[{"embeddable":true,"href":"https:\/\/diariotextual.com\/inicio\/index.php\/wp-json\/wp\/v2\/comments?post=325576"}],"version-history":[{"count":1,"href":"https:\/\/diariotextual.com\/inicio\/index.php\/wp-json\/wp\/v2\/posts\/325576\/revisions"}],"predecessor-version":[{"id":325577,"href":"https:\/\/diariotextual.com\/inicio\/index.php\/wp-json\/wp\/v2\/posts\/325576\/revisions\/325577"}],"wp:featuredmedia":[{"embeddable":true,"href":"https:\/\/diariotextual.com\/inicio\/index.php\/wp-json\/wp\/v2\/media\/325578"}],"wp:attachment":[{"href":"https:\/\/diariotextual.com\/inicio\/index.php\/wp-json\/wp\/v2\/media?parent=325576"}],"wp:term":[{"taxonomy":"category","embeddable":true,"href":"https:\/\/diariotextual.com\/inicio\/index.php\/wp-json\/wp\/v2\/categories?post=325576"},{"taxonomy":"post_tag","embeddable":true,"href":"https:\/\/diariotextual.com\/inicio\/index.php\/wp-json\/wp\/v2\/tags?post=325576"}],"curies":[{"name":"wp","href":"https:\/\/api.w.org\/{rel}","templated":true}]}}