{"id":325586,"date":"2026-04-23T16:53:36","date_gmt":"2026-04-23T19:53:36","guid":{"rendered":"https:\/\/diariotextual.com\/inicio\/?p=325586"},"modified":"2026-04-24T06:45:28","modified_gmt":"2026-04-24T09:45:28","slug":"el-relato-de-ravier-choco-con-la-realidad-nos-estamos-cagando-de-hambre-le-dijo-un-despedido","status":"publish","type":"post","link":"https:\/\/diariotextual.com\/inicio\/index.php\/2026\/04\/23\/el-relato-de-ravier-choco-con-la-realidad-nos-estamos-cagando-de-hambre-le-dijo-un-despedido\/","title":{"rendered":"El relato de Ravier choc\u00f3 con la realidad: \u201cNos estamos cagando de hambre\u201d, le dijo un despedido"},"content":{"rendered":"\n<p>El diputado libertario <strong>Adri\u00e1n Ravier<\/strong> les pidi\u00f3 \u201cpaciencia\u201d y que se \u201creinventen\u201d a <strong>trabajadores despedidos<\/strong>, pero un <strong>empleado<\/strong> sali\u00f3 a cruzarlo, en la cara, y lo dej\u00f3 casi sin palabras. El cruce ocurri\u00f3 en la <strong>Comisi\u00f3n de Econom\u00eda de Diputados<\/strong>, en el marco de una reuni\u00f3n de diputados con empleados y directivos de empresas en crisis. Lo enfrent\u00f3 un <strong>trabajador despedido<\/strong> de una <strong>f\u00e1brica de R\u00edo Grande (Tierra del Fuego)<\/strong>, quien hace <strong>cuatro meses<\/strong> que no cobra un peso y se mostr\u00f3 <strong>dolido<\/strong> y con <strong>l\u00e1grimas<\/strong> en los ojos. <\/p>\n\n\n\n<p><\/p>\n\n\n\n<blockquote class=\"twitter-tweet\"><p lang=\"es\" dir=\"ltr\">&#x1f525; \u201cNos estamos cagando de hambre\u201d <br><br>&#x1f4f7; Un trabajador despedido enfrent\u00f3 al diputado Adri\u00e1n Ravier y expuso lo que viven cientos de familias: 4 meses sin cobrar y con deudas acumul\u00e1ndose. El legislador le hab\u00eda pedido que se deb\u00edan \u201creinventar\u201d\u2026 <br><br>Video de <a href=\"https:\/\/twitter.com\/Pampa139?ref_src=twsrc%5Etfw\">@pampa139<\/a> <a href=\"https:\/\/t.co\/4w0MunAZkp\">pic.twitter.com\/4w0MunAZkp<\/a><\/p>&mdash; DiarioTextual (@elTextual) <a href=\"https:\/\/twitter.com\/elTextual\/status\/2047405047164621226?ref_src=twsrc%5Etfw\">April 23, 2026<\/a><\/blockquote> <script async src=\"https:\/\/platform.twitter.com\/widgets.js\" charset=\"utf-8\"><\/script>\n\n\n\n<p><\/p>\n\n\n\n<p>\u201c\u00bfVos dec\u00eds que est\u00e1n <strong>generando empleo<\/strong>? \u00bfD\u00f3nde est\u00e1n generando empleo? Por eso lloro. Lo hablo como <strong>trabajador<\/strong>\u201d, resalt\u00f3 el trabajador <strong>Pablo Sigot<\/strong>, de Ayres del Sur, en un mensaje directo al <strong>legislador por La Pampa<\/strong>. \u201cVengo de una <strong>familia trabajadora<\/strong>. Y este <strong>gobierno<\/strong> est\u00e1 destruyendo a los <strong>trabajadores<\/strong>. No solamente en <strong>Tierra del Fuego<\/strong>, sino en todo el <strong>pa\u00eds<\/strong>. Eso ten\u00e9s que escuchar. Y eso ten\u00e9s que comunicarle al <strong>presidente<\/strong>. \u00bfQu\u00e9 quieren? \u00bfQue se prenda el pa\u00eds fuego como en el <strong>2001<\/strong>? \u00bfEso quieren?\u201d, le pregunt\u00f3.<\/p>\n\n\n\n<p>\u201cLos <strong>trabajadores<\/strong> -agreg\u00f3- lo que queremos es <strong>trabajar<\/strong>, la <strong>dignidad del trabajo<\/strong>. Yo quiero cobrar mi <strong>sueldo<\/strong> y llevar mi plata a mi casa, darles eso a mis <strong>hijos<\/strong>, llevar a los chicos a la <strong>universidad<\/strong>\u201d.<\/p>\n\n\n\n<p>\u201cVos dec\u00eds que se pierden <strong>trabajos<\/strong>, \u00bfpero con qu\u00e9 necesidad lo dec\u00eds? Hace <strong>cuatro meses<\/strong> que no cobro. Somos <strong>140 compa\u00f1eros<\/strong> que no cobramos el <strong>sueldo<\/strong>. No nos pagaron ni <strong>indemnizaci\u00f3n<\/strong>. \u00bfQu\u00e9 recomend\u00e1s? \u00bf<strong>Uber<\/strong>? Est\u00e1 lleno de Uber. Nosotros queremos <strong>trabajo de verdad<\/strong> y no podemos esperar. \u00bfCu\u00e1nto tengo que esperar yo? Me llen\u00e9 de <strong>deudas<\/strong>. Nunca tuve deudas y ahora tengo deudas. Y no s\u00e9 qu\u00e9 hacer. Tengo que ver si vendo mi <strong>casa<\/strong> o mi <strong>auto<\/strong>. <strong>18 a\u00f1os laburando<\/strong>. Y vos est\u00e1s diciendo c\u00f3modamente ah\u00ed que hay que esperar. \u00bfEsperar qu\u00e9? \u00bfYo qu\u00e9 tengo que esperar? Tus tiempos no son los mismos que los de los <strong>trabajadores<\/strong>. Los trabajadores nos estamos <strong>cagando de hambre<\/strong>\u201d, le dijo.<\/p>\n\n\n\n<p><\/p>\n\n\n\n<p><\/p>\n\n\n\n<p>Ravier, sorprendido por lo crudo del relato del <strong>despedido<\/strong>, solo atin\u00f3 a responder con el <strong>argumento libertario<\/strong>: que hay que <strong>reinventarse<\/strong>. \u201cA ver, desde lo <strong>t\u00e9cnico<\/strong>, lo que decimos es que, en el momento en que se sufre un <strong>cambio de modelo<\/strong>, como lo hemos visto en tantas veces en la <strong>historia<\/strong>, (como) el paso de las <strong>carretas<\/strong> a los <strong>autom\u00f3viles<\/strong>, se pierden y se generan nuevos <strong>empleos<\/strong>\u201d, dijo.<\/p>\n\n\n\n<p>\u201cLos sectores son los que est\u00e1n sufriendo una realidad compleja y los datos lo demuestran\u201d, dijo. \u201cEn el momento en que uno sufre un cambio de modelo, hay un proceso de adaptaci\u00f3n. Estamos generando un cambio que combina tecnolog\u00eda con apertura econ\u00f3mica. En ese cambio, se est\u00e1n perdiendo puestos de trabajo y se est\u00e1n creando\u201d.<\/p>\n\n\n\n<p>&nbsp;A su vez, dio a entender que este es el efecto buscado. \u201cClaramente hay un proceso muy doloroso, que entendemos que ocurre, pero creemos que, a futuro, para una Argentina m\u00e1s competitiva y se viva mejor, tenemos que abrir la econom\u00eda y dar entrada a la tecnolog\u00eda. En ese cambio, claramente puede ser que haya personas que se tengan que adaptar con todos los costos que entendemos que est\u00e1n ocurriendo, no es que lo negamos\u201d, resalt\u00f3.<\/p>\n\n\n\n<p><\/p>\n","protected":false},"excerpt":{"rendered":"<p>El diputado libertario Adri\u00e1n Ravier les pidi\u00f3 \u201cpaciencia\u201d y que se \u201creinventen\u201d a trabajadores despedidos, pero un empleado sali\u00f3 a cruzarlo, en la cara, y lo dej\u00f3 casi sin palabras.&hellip;<\/p>\n","protected":false},"author":3,"featured_media":325590,"comment_status":"closed","ping_status":"open","sticky":false,"template":"","format":"standard","meta":{"_acf_changed":false,"footnotes":""},"categories":[10,8],"tags":[],"class_list":["post-325586","post","type-post","status-publish","format-standard","has-post-thumbnail","hentry","category-portada-2","category-politica"],"acf":[],"yoast_head":"<!-- This site is optimized with the Yoast SEO plugin v27.4 - https:\/\/yoast.com\/product\/yoast-seo-wordpress\/ -->\n<title>El relato de Ravier choc\u00f3 con la realidad: \u201cNos estamos cagando de hambre\u201d, le dijo un despedido - Diario Textual<\/title>\n<meta name=\"robots\" content=\"index, follow, max-snippet:-1, max-image-preview:large, max-video-preview:-1\" \/>\n<link rel=\"canonical\" href=\"https:\/\/diariotextual.com\/inicio\/index.php\/2026\/04\/23\/el-relato-de-ravier-choco-con-la-realidad-nos-estamos-cagando-de-hambre-le-dijo-un-despedido\/\" \/>\n<meta property=\"og:locale\" content=\"es_ES\" \/>\n<meta property=\"og:type\" content=\"article\" \/>\n<meta property=\"og:title\" content=\"El relato de Ravier choc\u00f3 con la realidad: \u201cNos estamos cagando de hambre\u201d, le dijo un despedido - Diario Textual\" \/>\n<meta property=\"og:description\" content=\"El diputado libertario Adri\u00e1n Ravier les pidi\u00f3 \u201cpaciencia\u201d y que se \u201creinventen\u201d a trabajadores despedidos, pero un empleado sali\u00f3 a cruzarlo, en la cara, y lo dej\u00f3 casi sin palabras.&hellip;\" \/>\n<meta property=\"og:url\" content=\"https:\/\/diariotextual.com\/inicio\/index.php\/2026\/04\/23\/el-relato-de-ravier-choco-con-la-realidad-nos-estamos-cagando-de-hambre-le-dijo-un-despedido\/\" \/>\n<meta property=\"og:site_name\" content=\"Diario Textual\" \/>\n<meta property=\"article:publisher\" content=\"https:\/\/www.facebook.com\/eltextual\" \/>\n<meta property=\"article:published_time\" content=\"2026-04-23T19:53:36+00:00\" \/>\n<meta property=\"article:modified_time\" content=\"2026-04-24T09:45:28+00:00\" \/>\n<meta property=\"og:image\" content=\"https:\/\/diariotextual.com\/inicio\/wp-content\/uploads\/2026\/04\/ravieradriantrabajadortierradelfuego2026-1.jpg\" \/>\n\t<meta property=\"og:image:width\" content=\"1080\" \/>\n\t<meta property=\"og:image:height\" content=\"712\" \/>\n\t<meta property=\"og:image:type\" content=\"image\/jpeg\" \/>\n<meta name=\"author\" content=\"Diario1 Diario1\" \/>\n<meta name=\"twitter:card\" content=\"summary_large_image\" \/>\n<meta name=\"twitter:creator\" content=\"@eltextual\" \/>\n<meta name=\"twitter:site\" content=\"@eltextual\" \/>\n<meta name=\"twitter:label1\" content=\"Escrito por\" \/>\n\t<meta name=\"twitter:data1\" content=\"Diario1 Diario1\" \/>\n\t<meta name=\"twitter:label2\" content=\"Tiempo de lectura\" \/>\n\t<meta name=\"twitter:data2\" content=\"3 minutos\" \/>\n<script type=\"application\/ld+json\" class=\"yoast-schema-graph\">{\"@context\":\"https:\\\/\\\/schema.org\",\"@graph\":[{\"@type\":\"Article\",\"@id\":\"https:\\\/\\\/diariotextual.com\\\/inicio\\\/index.php\\\/2026\\\/04\\\/23\\\/el-relato-de-ravier-choco-con-la-realidad-nos-estamos-cagando-de-hambre-le-dijo-un-despedido\\\/#article\",\"isPartOf\":{\"@id\":\"https:\\\/\\\/diariotextual.com\\\/inicio\\\/index.php\\\/2026\\\/04\\\/23\\\/el-relato-de-ravier-choco-con-la-realidad-nos-estamos-cagando-de-hambre-le-dijo-un-despedido\\\/\"},\"author\":{\"name\":\"Diario1 Diario1\",\"@id\":\"https:\\\/\\\/diariotextual.com\\\/inicio\\\/#\\\/schema\\\/person\\\/418fc4093c33e86ed41562db3508f958\"},\"headline\":\"El relato de Ravier choc\u00f3 con la realidad: \u201cNos estamos cagando de hambre\u201d, le dijo un despedido\",\"datePublished\":\"2026-04-23T19:53:36+00:00\",\"dateModified\":\"2026-04-24T09:45:28+00:00\",\"mainEntityOfPage\":{\"@id\":\"https:\\\/\\\/diariotextual.com\\\/inicio\\\/index.php\\\/2026\\\/04\\\/23\\\/el-relato-de-ravier-choco-con-la-realidad-nos-estamos-cagando-de-hambre-le-dijo-un-despedido\\\/\"},\"wordCount\":639,\"publisher\":{\"@id\":\"https:\\\/\\\/diariotextual.com\\\/inicio\\\/#organization\"},\"image\":{\"@id\":\"https:\\\/\\\/diariotextual.com\\\/inicio\\\/index.php\\\/2026\\\/04\\\/23\\\/el-relato-de-ravier-choco-con-la-realidad-nos-estamos-cagando-de-hambre-le-dijo-un-despedido\\\/#primaryimage\"},\"thumbnailUrl\":\"https:\\\/\\\/diariotextual.com\\\/inicio\\\/wp-content\\\/uploads\\\/2026\\\/04\\\/ravieradriantrabajadortierradelfuego2026-1.jpg\",\"articleSection\":[\"A - PORTADA2\",\"POLITICA\"],\"inLanguage\":\"es\"},{\"@type\":\"WebPage\",\"@id\":\"https:\\\/\\\/diariotextual.com\\\/inicio\\\/index.php\\\/2026\\\/04\\\/23\\\/el-relato-de-ravier-choco-con-la-realidad-nos-estamos-cagando-de-hambre-le-dijo-un-despedido\\\/\",\"url\":\"https:\\\/\\\/diariotextual.com\\\/inicio\\\/index.php\\\/2026\\\/04\\\/23\\\/el-relato-de-ravier-choco-con-la-realidad-nos-estamos-cagando-de-hambre-le-dijo-un-despedido\\\/\",\"name\":\"El relato de Ravier choc\u00f3 con la realidad: \u201cNos estamos cagando de hambre\u201d, le dijo un despedido - Diario Textual\",\"isPartOf\":{\"@id\":\"https:\\\/\\\/diariotextual.com\\\/inicio\\\/#website\"},\"primaryImageOfPage\":{\"@id\":\"https:\\\/\\\/diariotextual.com\\\/inicio\\\/index.php\\\/2026\\\/04\\\/23\\\/el-relato-de-ravier-choco-con-la-realidad-nos-estamos-cagando-de-hambre-le-dijo-un-despedido\\\/#primaryimage\"},\"image\":{\"@id\":\"https:\\\/\\\/diariotextual.com\\\/inicio\\\/index.php\\\/2026\\\/04\\\/23\\\/el-relato-de-ravier-choco-con-la-realidad-nos-estamos-cagando-de-hambre-le-dijo-un-despedido\\\/#primaryimage\"},\"thumbnailUrl\":\"https:\\\/\\\/diariotextual.com\\\/inicio\\\/wp-content\\\/uploads\\\/2026\\\/04\\\/ravieradriantrabajadortierradelfuego2026-1.jpg\",\"datePublished\":\"2026-04-23T19:53:36+00:00\",\"dateModified\":\"2026-04-24T09:45:28+00:00\",\"breadcrumb\":{\"@id\":\"https:\\\/\\\/diariotextual.com\\\/inicio\\\/index.php\\\/2026\\\/04\\\/23\\\/el-relato-de-ravier-choco-con-la-realidad-nos-estamos-cagando-de-hambre-le-dijo-un-despedido\\\/#breadcrumb\"},\"inLanguage\":\"es\",\"potentialAction\":[{\"@type\":\"ReadAction\",\"target\":[\"https:\\\/\\\/diariotextual.com\\\/inicio\\\/index.php\\\/2026\\\/04\\\/23\\\/el-relato-de-ravier-choco-con-la-realidad-nos-estamos-cagando-de-hambre-le-dijo-un-despedido\\\/\"]}]},{\"@type\":\"ImageObject\",\"inLanguage\":\"es\",\"@id\":\"https:\\\/\\\/diariotextual.com\\\/inicio\\\/index.php\\\/2026\\\/04\\\/23\\\/el-relato-de-ravier-choco-con-la-realidad-nos-estamos-cagando-de-hambre-le-dijo-un-despedido\\\/#primaryimage\",\"url\":\"https:\\\/\\\/diariotextual.com\\\/inicio\\\/wp-content\\\/uploads\\\/2026\\\/04\\\/ravieradriantrabajadortierradelfuego2026-1.jpg\",\"contentUrl\":\"https:\\\/\\\/diariotextual.com\\\/inicio\\\/wp-content\\\/uploads\\\/2026\\\/04\\\/ravieradriantrabajadortierradelfuego2026-1.jpg\",\"width\":1080,\"height\":712},{\"@type\":\"BreadcrumbList\",\"@id\":\"https:\\\/\\\/diariotextual.com\\\/inicio\\\/index.php\\\/2026\\\/04\\\/23\\\/el-relato-de-ravier-choco-con-la-realidad-nos-estamos-cagando-de-hambre-le-dijo-un-despedido\\\/#breadcrumb\",\"itemListElement\":[{\"@type\":\"ListItem\",\"position\":1,\"name\":\"Portada\",\"item\":\"https:\\\/\\\/diariotextual.com\\\/inicio\\\/\"},{\"@type\":\"ListItem\",\"position\":2,\"name\":\"El relato de Ravier choc\u00f3 con la realidad: \u201cNos estamos cagando de hambre\u201d, le dijo un despedido\"}]},{\"@type\":\"WebSite\",\"@id\":\"https:\\\/\\\/diariotextual.com\\\/inicio\\\/#website\",\"url\":\"https:\\\/\\\/diariotextual.com\\\/inicio\\\/\",\"name\":\"Diario Textual\",\"description\":\"\",\"publisher\":{\"@id\":\"https:\\\/\\\/diariotextual.com\\\/inicio\\\/#organization\"},\"potentialAction\":[{\"@type\":\"SearchAction\",\"target\":{\"@type\":\"EntryPoint\",\"urlTemplate\":\"https:\\\/\\\/diariotextual.com\\\/inicio\\\/?s={search_term_string}\"},\"query-input\":{\"@type\":\"PropertyValueSpecification\",\"valueRequired\":true,\"valueName\":\"search_term_string\"}}],\"inLanguage\":\"es\"},{\"@type\":\"Organization\",\"@id\":\"https:\\\/\\\/diariotextual.com\\\/inicio\\\/#organization\",\"name\":\"Diario Textual\",\"url\":\"https:\\\/\\\/diariotextual.com\\\/inicio\\\/\",\"logo\":{\"@type\":\"ImageObject\",\"inLanguage\":\"es\",\"@id\":\"https:\\\/\\\/diariotextual.com\\\/inicio\\\/#\\\/schema\\\/logo\\\/image\\\/\",\"url\":\"https:\\\/\\\/diariotextual.com\\\/inicio\\\/wp-content\\\/uploads\\\/2023\\\/05\\\/logotextual1.jpg\",\"contentUrl\":\"https:\\\/\\\/diariotextual.com\\\/inicio\\\/wp-content\\\/uploads\\\/2023\\\/05\\\/logotextual1.jpg\",\"width\":516,\"height\":76,\"caption\":\"Diario Textual\"},\"image\":{\"@id\":\"https:\\\/\\\/diariotextual.com\\\/inicio\\\/#\\\/schema\\\/logo\\\/image\\\/\"},\"sameAs\":[\"https:\\\/\\\/www.facebook.com\\\/eltextual\",\"https:\\\/\\\/x.com\\\/eltextual\",\"http:\\\/\\\/www.instagram.com\\\/eltextual\"]},{\"@type\":\"Person\",\"@id\":\"https:\\\/\\\/diariotextual.com\\\/inicio\\\/#\\\/schema\\\/person\\\/418fc4093c33e86ed41562db3508f958\",\"name\":\"Diario1 Diario1\",\"image\":{\"@type\":\"ImageObject\",\"inLanguage\":\"es\",\"@id\":\"https:\\\/\\\/secure.gravatar.com\\\/avatar\\\/9167d280179c85bc18be67aa7eda765854300033af4896dd779b608640f2ef7a?s=96&d=mm&r=g\",\"url\":\"https:\\\/\\\/secure.gravatar.com\\\/avatar\\\/9167d280179c85bc18be67aa7eda765854300033af4896dd779b608640f2ef7a?s=96&d=mm&r=g\",\"contentUrl\":\"https:\\\/\\\/secure.gravatar.com\\\/avatar\\\/9167d280179c85bc18be67aa7eda765854300033af4896dd779b608640f2ef7a?s=96&d=mm&r=g\",\"caption\":\"Diario1 Diario1\"},\"url\":\"https:\\\/\\\/diariotextual.com\\\/inicio\\\/index.php\\\/author\\\/diario1\\\/\"}]}<\/script>\n<!-- \/ Yoast SEO plugin. -->","yoast_head_json":{"title":"El relato de Ravier choc\u00f3 con la realidad: \u201cNos estamos cagando de hambre\u201d, le dijo un despedido - Diario Textual","robots":{"index":"index","follow":"follow","max-snippet":"max-snippet:-1","max-image-preview":"max-image-preview:large","max-video-preview":"max-video-preview:-1"},"canonical":"https:\/\/diariotextual.com\/inicio\/index.php\/2026\/04\/23\/el-relato-de-ravier-choco-con-la-realidad-nos-estamos-cagando-de-hambre-le-dijo-un-despedido\/","og_locale":"es_ES","og_type":"article","og_title":"El relato de Ravier choc\u00f3 con la realidad: \u201cNos estamos cagando de hambre\u201d, le dijo un despedido - Diario Textual","og_description":"El diputado libertario Adri\u00e1n Ravier les pidi\u00f3 \u201cpaciencia\u201d y que se \u201creinventen\u201d a trabajadores despedidos, pero un empleado sali\u00f3 a cruzarlo, en la cara, y lo dej\u00f3 casi sin palabras.&hellip;","og_url":"https:\/\/diariotextual.com\/inicio\/index.php\/2026\/04\/23\/el-relato-de-ravier-choco-con-la-realidad-nos-estamos-cagando-de-hambre-le-dijo-un-despedido\/","og_site_name":"Diario Textual","article_publisher":"https:\/\/www.facebook.com\/eltextual","article_published_time":"2026-04-23T19:53:36+00:00","article_modified_time":"2026-04-24T09:45:28+00:00","og_image":[{"width":1080,"height":712,"url":"https:\/\/diariotextual.com\/inicio\/wp-content\/uploads\/2026\/04\/ravieradriantrabajadortierradelfuego2026-1.jpg","type":"image\/jpeg"}],"author":"Diario1 Diario1","twitter_card":"summary_large_image","twitter_creator":"@eltextual","twitter_site":"@eltextual","twitter_misc":{"Escrito por":"Diario1 Diario1","Tiempo de lectura":"3 minutos"},"schema":{"@context":"https:\/\/schema.org","@graph":[{"@type":"Article","@id":"https:\/\/diariotextual.com\/inicio\/index.php\/2026\/04\/23\/el-relato-de-ravier-choco-con-la-realidad-nos-estamos-cagando-de-hambre-le-dijo-un-despedido\/#article","isPartOf":{"@id":"https:\/\/diariotextual.com\/inicio\/index.php\/2026\/04\/23\/el-relato-de-ravier-choco-con-la-realidad-nos-estamos-cagando-de-hambre-le-dijo-un-despedido\/"},"author":{"name":"Diario1 Diario1","@id":"https:\/\/diariotextual.com\/inicio\/#\/schema\/person\/418fc4093c33e86ed41562db3508f958"},"headline":"El relato de Ravier choc\u00f3 con la realidad: \u201cNos estamos cagando de hambre\u201d, le dijo un despedido","datePublished":"2026-04-23T19:53:36+00:00","dateModified":"2026-04-24T09:45:28+00:00","mainEntityOfPage":{"@id":"https:\/\/diariotextual.com\/inicio\/index.php\/2026\/04\/23\/el-relato-de-ravier-choco-con-la-realidad-nos-estamos-cagando-de-hambre-le-dijo-un-despedido\/"},"wordCount":639,"publisher":{"@id":"https:\/\/diariotextual.com\/inicio\/#organization"},"image":{"@id":"https:\/\/diariotextual.com\/inicio\/index.php\/2026\/04\/23\/el-relato-de-ravier-choco-con-la-realidad-nos-estamos-cagando-de-hambre-le-dijo-un-despedido\/#primaryimage"},"thumbnailUrl":"https:\/\/diariotextual.com\/inicio\/wp-content\/uploads\/2026\/04\/ravieradriantrabajadortierradelfuego2026-1.jpg","articleSection":["A - PORTADA2","POLITICA"],"inLanguage":"es"},{"@type":"WebPage","@id":"https:\/\/diariotextual.com\/inicio\/index.php\/2026\/04\/23\/el-relato-de-ravier-choco-con-la-realidad-nos-estamos-cagando-de-hambre-le-dijo-un-despedido\/","url":"https:\/\/diariotextual.com\/inicio\/index.php\/2026\/04\/23\/el-relato-de-ravier-choco-con-la-realidad-nos-estamos-cagando-de-hambre-le-dijo-un-despedido\/","name":"El relato de Ravier choc\u00f3 con la realidad: \u201cNos estamos cagando de hambre\u201d, le dijo un despedido - Diario Textual","isPartOf":{"@id":"https:\/\/diariotextual.com\/inicio\/#website"},"primaryImageOfPage":{"@id":"https:\/\/diariotextual.com\/inicio\/index.php\/2026\/04\/23\/el-relato-de-ravier-choco-con-la-realidad-nos-estamos-cagando-de-hambre-le-dijo-un-despedido\/#primaryimage"},"image":{"@id":"https:\/\/diariotextual.com\/inicio\/index.php\/2026\/04\/23\/el-relato-de-ravier-choco-con-la-realidad-nos-estamos-cagando-de-hambre-le-dijo-un-despedido\/#primaryimage"},"thumbnailUrl":"https:\/\/diariotextual.com\/inicio\/wp-content\/uploads\/2026\/04\/ravieradriantrabajadortierradelfuego2026-1.jpg","datePublished":"2026-04-23T19:53:36+00:00","dateModified":"2026-04-24T09:45:28+00:00","breadcrumb":{"@id":"https:\/\/diariotextual.com\/inicio\/index.php\/2026\/04\/23\/el-relato-de-ravier-choco-con-la-realidad-nos-estamos-cagando-de-hambre-le-dijo-un-despedido\/#breadcrumb"},"inLanguage":"es","potentialAction":[{"@type":"ReadAction","target":["https:\/\/diariotextual.com\/inicio\/index.php\/2026\/04\/23\/el-relato-de-ravier-choco-con-la-realidad-nos-estamos-cagando-de-hambre-le-dijo-un-despedido\/"]}]},{"@type":"ImageObject","inLanguage":"es","@id":"https:\/\/diariotextual.com\/inicio\/index.php\/2026\/04\/23\/el-relato-de-ravier-choco-con-la-realidad-nos-estamos-cagando-de-hambre-le-dijo-un-despedido\/#primaryimage","url":"https:\/\/diariotextual.com\/inicio\/wp-content\/uploads\/2026\/04\/ravieradriantrabajadortierradelfuego2026-1.jpg","contentUrl":"https:\/\/diariotextual.com\/inicio\/wp-content\/uploads\/2026\/04\/ravieradriantrabajadortierradelfuego2026-1.jpg","width":1080,"height":712},{"@type":"BreadcrumbList","@id":"https:\/\/diariotextual.com\/inicio\/index.php\/2026\/04\/23\/el-relato-de-ravier-choco-con-la-realidad-nos-estamos-cagando-de-hambre-le-dijo-un-despedido\/#breadcrumb","itemListElement":[{"@type":"ListItem","position":1,"name":"Portada","item":"https:\/\/diariotextual.com\/inicio\/"},{"@type":"ListItem","position":2,"name":"El relato de Ravier choc\u00f3 con la realidad: \u201cNos estamos cagando de hambre\u201d, le dijo un despedido"}]},{"@type":"WebSite","@id":"https:\/\/diariotextual.com\/inicio\/#website","url":"https:\/\/diariotextual.com\/inicio\/","name":"Diario Textual","description":"","publisher":{"@id":"https:\/\/diariotextual.com\/inicio\/#organization"},"potentialAction":[{"@type":"SearchAction","target":{"@type":"EntryPoint","urlTemplate":"https:\/\/diariotextual.com\/inicio\/?s={search_term_string}"},"query-input":{"@type":"PropertyValueSpecification","valueRequired":true,"valueName":"search_term_string"}}],"inLanguage":"es"},{"@type":"Organization","@id":"https:\/\/diariotextual.com\/inicio\/#organization","name":"Diario Textual","url":"https:\/\/diariotextual.com\/inicio\/","logo":{"@type":"ImageObject","inLanguage":"es","@id":"https:\/\/diariotextual.com\/inicio\/#\/schema\/logo\/image\/","url":"https:\/\/diariotextual.com\/inicio\/wp-content\/uploads\/2023\/05\/logotextual1.jpg","contentUrl":"https:\/\/diariotextual.com\/inicio\/wp-content\/uploads\/2023\/05\/logotextual1.jpg","width":516,"height":76,"caption":"Diario Textual"},"image":{"@id":"https:\/\/diariotextual.com\/inicio\/#\/schema\/logo\/image\/"},"sameAs":["https:\/\/www.facebook.com\/eltextual","https:\/\/x.com\/eltextual","http:\/\/www.instagram.com\/eltextual"]},{"@type":"Person","@id":"https:\/\/diariotextual.com\/inicio\/#\/schema\/person\/418fc4093c33e86ed41562db3508f958","name":"Diario1 Diario1","image":{"@type":"ImageObject","inLanguage":"es","@id":"https:\/\/secure.gravatar.com\/avatar\/9167d280179c85bc18be67aa7eda765854300033af4896dd779b608640f2ef7a?s=96&d=mm&r=g","url":"https:\/\/secure.gravatar.com\/avatar\/9167d280179c85bc18be67aa7eda765854300033af4896dd779b608640f2ef7a?s=96&d=mm&r=g","contentUrl":"https:\/\/secure.gravatar.com\/avatar\/9167d280179c85bc18be67aa7eda765854300033af4896dd779b608640f2ef7a?s=96&d=mm&r=g","caption":"Diario1 Diario1"},"url":"https:\/\/diariotextual.com\/inicio\/index.php\/author\/diario1\/"}]}},"_links":{"self":[{"href":"https:\/\/diariotextual.com\/inicio\/index.php\/wp-json\/wp\/v2\/posts\/325586","targetHints":{"allow":["GET"]}}],"collection":[{"href":"https:\/\/diariotextual.com\/inicio\/index.php\/wp-json\/wp\/v2\/posts"}],"about":[{"href":"https:\/\/diariotextual.com\/inicio\/index.php\/wp-json\/wp\/v2\/types\/post"}],"author":[{"embeddable":true,"href":"https:\/\/diariotextual.com\/inicio\/index.php\/wp-json\/wp\/v2\/users\/3"}],"replies":[{"embeddable":true,"href":"https:\/\/diariotextual.com\/inicio\/index.php\/wp-json\/wp\/v2\/comments?post=325586"}],"version-history":[{"count":8,"href":"https:\/\/diariotextual.com\/inicio\/index.php\/wp-json\/wp\/v2\/posts\/325586\/revisions"}],"predecessor-version":[{"id":325597,"href":"https:\/\/diariotextual.com\/inicio\/index.php\/wp-json\/wp\/v2\/posts\/325586\/revisions\/325597"}],"wp:featuredmedia":[{"embeddable":true,"href":"https:\/\/diariotextual.com\/inicio\/index.php\/wp-json\/wp\/v2\/media\/325590"}],"wp:attachment":[{"href":"https:\/\/diariotextual.com\/inicio\/index.php\/wp-json\/wp\/v2\/media?parent=325586"}],"wp:term":[{"taxonomy":"category","embeddable":true,"href":"https:\/\/diariotextual.com\/inicio\/index.php\/wp-json\/wp\/v2\/categories?post=325586"},{"taxonomy":"post_tag","embeddable":true,"href":"https:\/\/diariotextual.com\/inicio\/index.php\/wp-json\/wp\/v2\/tags?post=325586"}],"curies":[{"name":"wp","href":"https:\/\/api.w.org\/{rel}","templated":true}]}}