{"id":325598,"date":"2026-04-23T18:53:39","date_gmt":"2026-04-23T21:53:39","guid":{"rendered":"https:\/\/diariotextual.com\/inicio\/?p=325598"},"modified":"2026-04-23T20:50:09","modified_gmt":"2026-04-23T23:50:09","slug":"personal-de-defensa-civil-se-capacito-en-el-uso-de-medios-aereos-para-el-combate-de-incendios","status":"publish","type":"post","link":"https:\/\/diariotextual.com\/inicio\/index.php\/2026\/04\/23\/personal-de-defensa-civil-se-capacito-en-el-uso-de-medios-aereos-para-el-combate-de-incendios\/","title":{"rendered":"Personal de Defensa Civil se capacit\u00f3 en el uso de medios a\u00e9reos para el combate de incendios"},"content":{"rendered":"\n<p>Durante tres d\u00edas se llev\u00f3 adelante el Taller de Director de Tiro junto con el Curso de Uso y Seguridad de Medios A\u00e9reos, orientados a consolidar conocimientos te\u00f3ricos y pr\u00e1cticos vinculados a la planificaci\u00f3n, coordinaci\u00f3n y ejecuci\u00f3n de operaciones a\u00e9reas, con eje en la seguridad del personal interviniente.\u00a0<\/p>\n\n\n\n<figure class=\"wp-block-image size-large\"><img fetchpriority=\"high\" decoding=\"async\" width=\"1024\" height=\"628\" src=\"https:\/\/diariotextual.com\/inicio\/wp-content\/uploads\/2026\/04\/incendioscapacitaciondefensacivil2026-3-1024x628.jpg\" alt=\"\" class=\"wp-image-325601\" srcset=\"https:\/\/diariotextual.com\/inicio\/wp-content\/uploads\/2026\/04\/incendioscapacitaciondefensacivil2026-3-1024x628.jpg 1024w, https:\/\/diariotextual.com\/inicio\/wp-content\/uploads\/2026\/04\/incendioscapacitaciondefensacivil2026-3-300x184.jpg 300w, https:\/\/diariotextual.com\/inicio\/wp-content\/uploads\/2026\/04\/incendioscapacitaciondefensacivil2026-3-768x471.jpg 768w, https:\/\/diariotextual.com\/inicio\/wp-content\/uploads\/2026\/04\/incendioscapacitaciondefensacivil2026-3-585x359.jpg 585w, https:\/\/diariotextual.com\/inicio\/wp-content\/uploads\/2026\/04\/incendioscapacitaciondefensacivil2026-3.jpg 1080w\" sizes=\"(max-width: 1024px) 100vw, 1024px\" \/><\/figure>\n\n\n\n<p>Las actividades contaron con la participaci\u00f3n de personal operativo de Defensa Civil, jefes de cuadrillas, jefes de brigada y brigadistas, Bomberos Voluntarios de distintos cuarteles de La Pampa, integrantes de la Administraci\u00f3n de Parques Nacionales y representantes de la localidad de Villa Iris, promoviendo el fortalecimiento del trabajo articulado entre organismos.<\/p>\n\n\n\n<p>La capacitaci\u00f3n incluy\u00f3 m\u00f3dulos te\u00f3ricos a cargo de instructores de la Brigada Nacional Sur y de la Coordinaci\u00f3n de la Regional Pampeana, con instancias de intercambio, an\u00e1lisis de casos y evaluaci\u00f3n de escenarios operativos. A trav\u00e9s de presentaciones, material visual y trabajo en pizarra, se abordaron distintas condiciones de intervenci\u00f3n y posibles situaciones de riesgo, favoreciendo el intercambio de experiencias entre los participantes.<\/p>\n\n\n\n<p><br>Asimismo, se trabaj\u00f3 sobre contenidos vinculados a las caracter\u00edsticas y operaci\u00f3n de aeronaves utilizadas en incendios forestales, como helic\u00f3pteros y aviones hidrantes, destacando la importancia de la seguridad operacional como eje central en la toma de decisiones en terreno. En este marco, la participaci\u00f3n de pilotos permiti\u00f3 enriquecer la capacitaci\u00f3n con aportes basados en la experiencia directa en operativos.<\/p>\n\n\n\n<p><br>Las instancias pr\u00e1cticas se desarrollaron con el uso de aeronaves Bell 407 y Air Tractor AT-802, lo que posibilit\u00f3 a los participantes familiarizarse con distintos medios a\u00e9reos y su aplicaci\u00f3n en el combate de incendios forestales.\u00a0Estas acciones forman parte de una pol\u00edtica sostenida de fortalecimiento del sistema de respuesta ante emergencias, que prioriza la capacitaci\u00f3n permanente, la articulaci\u00f3n interinstitucional y la incorporaci\u00f3n de herramientas que optimicen la intervenci\u00f3n en territorio.<\/p>\n\n\n\n<p><\/p>\n\n\n\n<p><br>\u00a0<\/p>\n","protected":false},"excerpt":{"rendered":"<p>Durante tres d\u00edas se llev\u00f3 adelante el Taller de Director de Tiro junto con el Curso de Uso y Seguridad de Medios A\u00e9reos, orientados a consolidar conocimientos te\u00f3ricos y pr\u00e1cticos&hellip;<\/p>\n","protected":false},"author":3,"featured_media":325600,"comment_status":"closed","ping_status":"open","sticky":false,"template":"","format":"standard","meta":{"_acf_changed":false,"footnotes":""},"categories":[1,20],"tags":[],"class_list":["post-325598","post","type-post","status-publish","format-standard","has-post-thumbnail","hentry","category-es-noticia","category-campo"],"acf":[],"yoast_head":"<!-- This site is optimized with the Yoast SEO plugin v27.4 - https:\/\/yoast.com\/product\/yoast-seo-wordpress\/ -->\n<title>Personal de Defensa Civil se capacit\u00f3 en el uso de medios a\u00e9reos para el combate de incendios - Diario Textual<\/title>\n<meta name=\"robots\" content=\"index, follow, max-snippet:-1, max-image-preview:large, max-video-preview:-1\" \/>\n<link rel=\"canonical\" href=\"https:\/\/diariotextual.com\/inicio\/index.php\/2026\/04\/23\/personal-de-defensa-civil-se-capacito-en-el-uso-de-medios-aereos-para-el-combate-de-incendios\/\" \/>\n<meta property=\"og:locale\" content=\"es_ES\" \/>\n<meta property=\"og:type\" content=\"article\" \/>\n<meta property=\"og:title\" content=\"Personal de Defensa Civil se capacit\u00f3 en el uso de medios a\u00e9reos para el combate de incendios - Diario Textual\" \/>\n<meta property=\"og:description\" content=\"Durante tres d\u00edas se llev\u00f3 adelante el Taller de Director de Tiro junto con el Curso de Uso y Seguridad de Medios A\u00e9reos, orientados a consolidar conocimientos te\u00f3ricos y pr\u00e1cticos&hellip;\" \/>\n<meta property=\"og:url\" content=\"https:\/\/diariotextual.com\/inicio\/index.php\/2026\/04\/23\/personal-de-defensa-civil-se-capacito-en-el-uso-de-medios-aereos-para-el-combate-de-incendios\/\" \/>\n<meta property=\"og:site_name\" content=\"Diario Textual\" \/>\n<meta property=\"article:publisher\" content=\"https:\/\/www.facebook.com\/eltextual\" \/>\n<meta property=\"article:published_time\" content=\"2026-04-23T21:53:39+00:00\" \/>\n<meta property=\"article:modified_time\" content=\"2026-04-23T23:50:09+00:00\" \/>\n<meta property=\"og:image\" content=\"https:\/\/diariotextual.com\/inicio\/wp-content\/uploads\/2026\/04\/incendioscapacitaciondefensacivil2026-2.jpg\" \/>\n\t<meta property=\"og:image:width\" content=\"843\" \/>\n\t<meta property=\"og:image:height\" content=\"474\" \/>\n\t<meta property=\"og:image:type\" content=\"image\/jpeg\" \/>\n<meta name=\"author\" content=\"Diario1 Diario1\" \/>\n<meta name=\"twitter:card\" content=\"summary_large_image\" \/>\n<meta name=\"twitter:creator\" content=\"@eltextual\" \/>\n<meta name=\"twitter:site\" content=\"@eltextual\" \/>\n<meta name=\"twitter:label1\" content=\"Escrito por\" \/>\n\t<meta name=\"twitter:data1\" content=\"Diario1 Diario1\" \/>\n\t<meta name=\"twitter:label2\" content=\"Tiempo de lectura\" \/>\n\t<meta name=\"twitter:data2\" content=\"2 minutos\" \/>\n<script type=\"application\/ld+json\" class=\"yoast-schema-graph\">{\"@context\":\"https:\\\/\\\/schema.org\",\"@graph\":[{\"@type\":\"Article\",\"@id\":\"https:\\\/\\\/diariotextual.com\\\/inicio\\\/index.php\\\/2026\\\/04\\\/23\\\/personal-de-defensa-civil-se-capacito-en-el-uso-de-medios-aereos-para-el-combate-de-incendios\\\/#article\",\"isPartOf\":{\"@id\":\"https:\\\/\\\/diariotextual.com\\\/inicio\\\/index.php\\\/2026\\\/04\\\/23\\\/personal-de-defensa-civil-se-capacito-en-el-uso-de-medios-aereos-para-el-combate-de-incendios\\\/\"},\"author\":{\"name\":\"Diario1 Diario1\",\"@id\":\"https:\\\/\\\/diariotextual.com\\\/inicio\\\/#\\\/schema\\\/person\\\/418fc4093c33e86ed41562db3508f958\"},\"headline\":\"Personal de Defensa Civil se capacit\u00f3 en el uso de medios a\u00e9reos para el combate de incendios\",\"datePublished\":\"2026-04-23T21:53:39+00:00\",\"dateModified\":\"2026-04-23T23:50:09+00:00\",\"mainEntityOfPage\":{\"@id\":\"https:\\\/\\\/diariotextual.com\\\/inicio\\\/index.php\\\/2026\\\/04\\\/23\\\/personal-de-defensa-civil-se-capacito-en-el-uso-de-medios-aereos-para-el-combate-de-incendios\\\/\"},\"wordCount\":340,\"publisher\":{\"@id\":\"https:\\\/\\\/diariotextual.com\\\/inicio\\\/#organization\"},\"image\":{\"@id\":\"https:\\\/\\\/diariotextual.com\\\/inicio\\\/index.php\\\/2026\\\/04\\\/23\\\/personal-de-defensa-civil-se-capacito-en-el-uso-de-medios-aereos-para-el-combate-de-incendios\\\/#primaryimage\"},\"thumbnailUrl\":\"https:\\\/\\\/diariotextual.com\\\/inicio\\\/wp-content\\\/uploads\\\/2026\\\/04\\\/incendioscapacitaciondefensacivil2026-2.jpg\",\"articleSection\":[\"A - ES NOTICIA (van abajo)\",\"CAMPO\"],\"inLanguage\":\"es\"},{\"@type\":\"WebPage\",\"@id\":\"https:\\\/\\\/diariotextual.com\\\/inicio\\\/index.php\\\/2026\\\/04\\\/23\\\/personal-de-defensa-civil-se-capacito-en-el-uso-de-medios-aereos-para-el-combate-de-incendios\\\/\",\"url\":\"https:\\\/\\\/diariotextual.com\\\/inicio\\\/index.php\\\/2026\\\/04\\\/23\\\/personal-de-defensa-civil-se-capacito-en-el-uso-de-medios-aereos-para-el-combate-de-incendios\\\/\",\"name\":\"Personal de Defensa Civil se capacit\u00f3 en el uso de medios a\u00e9reos para el combate de incendios - Diario Textual\",\"isPartOf\":{\"@id\":\"https:\\\/\\\/diariotextual.com\\\/inicio\\\/#website\"},\"primaryImageOfPage\":{\"@id\":\"https:\\\/\\\/diariotextual.com\\\/inicio\\\/index.php\\\/2026\\\/04\\\/23\\\/personal-de-defensa-civil-se-capacito-en-el-uso-de-medios-aereos-para-el-combate-de-incendios\\\/#primaryimage\"},\"image\":{\"@id\":\"https:\\\/\\\/diariotextual.com\\\/inicio\\\/index.php\\\/2026\\\/04\\\/23\\\/personal-de-defensa-civil-se-capacito-en-el-uso-de-medios-aereos-para-el-combate-de-incendios\\\/#primaryimage\"},\"thumbnailUrl\":\"https:\\\/\\\/diariotextual.com\\\/inicio\\\/wp-content\\\/uploads\\\/2026\\\/04\\\/incendioscapacitaciondefensacivil2026-2.jpg\",\"datePublished\":\"2026-04-23T21:53:39+00:00\",\"dateModified\":\"2026-04-23T23:50:09+00:00\",\"breadcrumb\":{\"@id\":\"https:\\\/\\\/diariotextual.com\\\/inicio\\\/index.php\\\/2026\\\/04\\\/23\\\/personal-de-defensa-civil-se-capacito-en-el-uso-de-medios-aereos-para-el-combate-de-incendios\\\/#breadcrumb\"},\"inLanguage\":\"es\",\"potentialAction\":[{\"@type\":\"ReadAction\",\"target\":[\"https:\\\/\\\/diariotextual.com\\\/inicio\\\/index.php\\\/2026\\\/04\\\/23\\\/personal-de-defensa-civil-se-capacito-en-el-uso-de-medios-aereos-para-el-combate-de-incendios\\\/\"]}]},{\"@type\":\"ImageObject\",\"inLanguage\":\"es\",\"@id\":\"https:\\\/\\\/diariotextual.com\\\/inicio\\\/index.php\\\/2026\\\/04\\\/23\\\/personal-de-defensa-civil-se-capacito-en-el-uso-de-medios-aereos-para-el-combate-de-incendios\\\/#primaryimage\",\"url\":\"https:\\\/\\\/diariotextual.com\\\/inicio\\\/wp-content\\\/uploads\\\/2026\\\/04\\\/incendioscapacitaciondefensacivil2026-2.jpg\",\"contentUrl\":\"https:\\\/\\\/diariotextual.com\\\/inicio\\\/wp-content\\\/uploads\\\/2026\\\/04\\\/incendioscapacitaciondefensacivil2026-2.jpg\",\"width\":843,\"height\":474},{\"@type\":\"BreadcrumbList\",\"@id\":\"https:\\\/\\\/diariotextual.com\\\/inicio\\\/index.php\\\/2026\\\/04\\\/23\\\/personal-de-defensa-civil-se-capacito-en-el-uso-de-medios-aereos-para-el-combate-de-incendios\\\/#breadcrumb\",\"itemListElement\":[{\"@type\":\"ListItem\",\"position\":1,\"name\":\"Portada\",\"item\":\"https:\\\/\\\/diariotextual.com\\\/inicio\\\/\"},{\"@type\":\"ListItem\",\"position\":2,\"name\":\"Personal de Defensa Civil se capacit\u00f3 en el uso de medios a\u00e9reos para el combate de incendios\"}]},{\"@type\":\"WebSite\",\"@id\":\"https:\\\/\\\/diariotextual.com\\\/inicio\\\/#website\",\"url\":\"https:\\\/\\\/diariotextual.com\\\/inicio\\\/\",\"name\":\"Diario Textual\",\"description\":\"\",\"publisher\":{\"@id\":\"https:\\\/\\\/diariotextual.com\\\/inicio\\\/#organization\"},\"potentialAction\":[{\"@type\":\"SearchAction\",\"target\":{\"@type\":\"EntryPoint\",\"urlTemplate\":\"https:\\\/\\\/diariotextual.com\\\/inicio\\\/?s={search_term_string}\"},\"query-input\":{\"@type\":\"PropertyValueSpecification\",\"valueRequired\":true,\"valueName\":\"search_term_string\"}}],\"inLanguage\":\"es\"},{\"@type\":\"Organization\",\"@id\":\"https:\\\/\\\/diariotextual.com\\\/inicio\\\/#organization\",\"name\":\"Diario Textual\",\"url\":\"https:\\\/\\\/diariotextual.com\\\/inicio\\\/\",\"logo\":{\"@type\":\"ImageObject\",\"inLanguage\":\"es\",\"@id\":\"https:\\\/\\\/diariotextual.com\\\/inicio\\\/#\\\/schema\\\/logo\\\/image\\\/\",\"url\":\"https:\\\/\\\/diariotextual.com\\\/inicio\\\/wp-content\\\/uploads\\\/2023\\\/05\\\/logotextual1.jpg\",\"contentUrl\":\"https:\\\/\\\/diariotextual.com\\\/inicio\\\/wp-content\\\/uploads\\\/2023\\\/05\\\/logotextual1.jpg\",\"width\":516,\"height\":76,\"caption\":\"Diario Textual\"},\"image\":{\"@id\":\"https:\\\/\\\/diariotextual.com\\\/inicio\\\/#\\\/schema\\\/logo\\\/image\\\/\"},\"sameAs\":[\"https:\\\/\\\/www.facebook.com\\\/eltextual\",\"https:\\\/\\\/x.com\\\/eltextual\",\"http:\\\/\\\/www.instagram.com\\\/eltextual\"]},{\"@type\":\"Person\",\"@id\":\"https:\\\/\\\/diariotextual.com\\\/inicio\\\/#\\\/schema\\\/person\\\/418fc4093c33e86ed41562db3508f958\",\"name\":\"Diario1 Diario1\",\"image\":{\"@type\":\"ImageObject\",\"inLanguage\":\"es\",\"@id\":\"https:\\\/\\\/secure.gravatar.com\\\/avatar\\\/9167d280179c85bc18be67aa7eda765854300033af4896dd779b608640f2ef7a?s=96&d=mm&r=g\",\"url\":\"https:\\\/\\\/secure.gravatar.com\\\/avatar\\\/9167d280179c85bc18be67aa7eda765854300033af4896dd779b608640f2ef7a?s=96&d=mm&r=g\",\"contentUrl\":\"https:\\\/\\\/secure.gravatar.com\\\/avatar\\\/9167d280179c85bc18be67aa7eda765854300033af4896dd779b608640f2ef7a?s=96&d=mm&r=g\",\"caption\":\"Diario1 Diario1\"},\"url\":\"https:\\\/\\\/diariotextual.com\\\/inicio\\\/index.php\\\/author\\\/diario1\\\/\"}]}<\/script>\n<!-- \/ Yoast SEO plugin. -->","yoast_head_json":{"title":"Personal de Defensa Civil se capacit\u00f3 en el uso de medios a\u00e9reos para el combate de incendios - Diario Textual","robots":{"index":"index","follow":"follow","max-snippet":"max-snippet:-1","max-image-preview":"max-image-preview:large","max-video-preview":"max-video-preview:-1"},"canonical":"https:\/\/diariotextual.com\/inicio\/index.php\/2026\/04\/23\/personal-de-defensa-civil-se-capacito-en-el-uso-de-medios-aereos-para-el-combate-de-incendios\/","og_locale":"es_ES","og_type":"article","og_title":"Personal de Defensa Civil se capacit\u00f3 en el uso de medios a\u00e9reos para el combate de incendios - Diario Textual","og_description":"Durante tres d\u00edas se llev\u00f3 adelante el Taller de Director de Tiro junto con el Curso de Uso y Seguridad de Medios A\u00e9reos, orientados a consolidar conocimientos te\u00f3ricos y pr\u00e1cticos&hellip;","og_url":"https:\/\/diariotextual.com\/inicio\/index.php\/2026\/04\/23\/personal-de-defensa-civil-se-capacito-en-el-uso-de-medios-aereos-para-el-combate-de-incendios\/","og_site_name":"Diario Textual","article_publisher":"https:\/\/www.facebook.com\/eltextual","article_published_time":"2026-04-23T21:53:39+00:00","article_modified_time":"2026-04-23T23:50:09+00:00","og_image":[{"width":843,"height":474,"url":"https:\/\/diariotextual.com\/inicio\/wp-content\/uploads\/2026\/04\/incendioscapacitaciondefensacivil2026-2.jpg","type":"image\/jpeg"}],"author":"Diario1 Diario1","twitter_card":"summary_large_image","twitter_creator":"@eltextual","twitter_site":"@eltextual","twitter_misc":{"Escrito por":"Diario1 Diario1","Tiempo de lectura":"2 minutos"},"schema":{"@context":"https:\/\/schema.org","@graph":[{"@type":"Article","@id":"https:\/\/diariotextual.com\/inicio\/index.php\/2026\/04\/23\/personal-de-defensa-civil-se-capacito-en-el-uso-de-medios-aereos-para-el-combate-de-incendios\/#article","isPartOf":{"@id":"https:\/\/diariotextual.com\/inicio\/index.php\/2026\/04\/23\/personal-de-defensa-civil-se-capacito-en-el-uso-de-medios-aereos-para-el-combate-de-incendios\/"},"author":{"name":"Diario1 Diario1","@id":"https:\/\/diariotextual.com\/inicio\/#\/schema\/person\/418fc4093c33e86ed41562db3508f958"},"headline":"Personal de Defensa Civil se capacit\u00f3 en el uso de medios a\u00e9reos para el combate de incendios","datePublished":"2026-04-23T21:53:39+00:00","dateModified":"2026-04-23T23:50:09+00:00","mainEntityOfPage":{"@id":"https:\/\/diariotextual.com\/inicio\/index.php\/2026\/04\/23\/personal-de-defensa-civil-se-capacito-en-el-uso-de-medios-aereos-para-el-combate-de-incendios\/"},"wordCount":340,"publisher":{"@id":"https:\/\/diariotextual.com\/inicio\/#organization"},"image":{"@id":"https:\/\/diariotextual.com\/inicio\/index.php\/2026\/04\/23\/personal-de-defensa-civil-se-capacito-en-el-uso-de-medios-aereos-para-el-combate-de-incendios\/#primaryimage"},"thumbnailUrl":"https:\/\/diariotextual.com\/inicio\/wp-content\/uploads\/2026\/04\/incendioscapacitaciondefensacivil2026-2.jpg","articleSection":["A - ES NOTICIA (van abajo)","CAMPO"],"inLanguage":"es"},{"@type":"WebPage","@id":"https:\/\/diariotextual.com\/inicio\/index.php\/2026\/04\/23\/personal-de-defensa-civil-se-capacito-en-el-uso-de-medios-aereos-para-el-combate-de-incendios\/","url":"https:\/\/diariotextual.com\/inicio\/index.php\/2026\/04\/23\/personal-de-defensa-civil-se-capacito-en-el-uso-de-medios-aereos-para-el-combate-de-incendios\/","name":"Personal de Defensa Civil se capacit\u00f3 en el uso de medios a\u00e9reos para el combate de incendios - Diario Textual","isPartOf":{"@id":"https:\/\/diariotextual.com\/inicio\/#website"},"primaryImageOfPage":{"@id":"https:\/\/diariotextual.com\/inicio\/index.php\/2026\/04\/23\/personal-de-defensa-civil-se-capacito-en-el-uso-de-medios-aereos-para-el-combate-de-incendios\/#primaryimage"},"image":{"@id":"https:\/\/diariotextual.com\/inicio\/index.php\/2026\/04\/23\/personal-de-defensa-civil-se-capacito-en-el-uso-de-medios-aereos-para-el-combate-de-incendios\/#primaryimage"},"thumbnailUrl":"https:\/\/diariotextual.com\/inicio\/wp-content\/uploads\/2026\/04\/incendioscapacitaciondefensacivil2026-2.jpg","datePublished":"2026-04-23T21:53:39+00:00","dateModified":"2026-04-23T23:50:09+00:00","breadcrumb":{"@id":"https:\/\/diariotextual.com\/inicio\/index.php\/2026\/04\/23\/personal-de-defensa-civil-se-capacito-en-el-uso-de-medios-aereos-para-el-combate-de-incendios\/#breadcrumb"},"inLanguage":"es","potentialAction":[{"@type":"ReadAction","target":["https:\/\/diariotextual.com\/inicio\/index.php\/2026\/04\/23\/personal-de-defensa-civil-se-capacito-en-el-uso-de-medios-aereos-para-el-combate-de-incendios\/"]}]},{"@type":"ImageObject","inLanguage":"es","@id":"https:\/\/diariotextual.com\/inicio\/index.php\/2026\/04\/23\/personal-de-defensa-civil-se-capacito-en-el-uso-de-medios-aereos-para-el-combate-de-incendios\/#primaryimage","url":"https:\/\/diariotextual.com\/inicio\/wp-content\/uploads\/2026\/04\/incendioscapacitaciondefensacivil2026-2.jpg","contentUrl":"https:\/\/diariotextual.com\/inicio\/wp-content\/uploads\/2026\/04\/incendioscapacitaciondefensacivil2026-2.jpg","width":843,"height":474},{"@type":"BreadcrumbList","@id":"https:\/\/diariotextual.com\/inicio\/index.php\/2026\/04\/23\/personal-de-defensa-civil-se-capacito-en-el-uso-de-medios-aereos-para-el-combate-de-incendios\/#breadcrumb","itemListElement":[{"@type":"ListItem","position":1,"name":"Portada","item":"https:\/\/diariotextual.com\/inicio\/"},{"@type":"ListItem","position":2,"name":"Personal de Defensa Civil se capacit\u00f3 en el uso de medios a\u00e9reos para el combate de incendios"}]},{"@type":"WebSite","@id":"https:\/\/diariotextual.com\/inicio\/#website","url":"https:\/\/diariotextual.com\/inicio\/","name":"Diario Textual","description":"","publisher":{"@id":"https:\/\/diariotextual.com\/inicio\/#organization"},"potentialAction":[{"@type":"SearchAction","target":{"@type":"EntryPoint","urlTemplate":"https:\/\/diariotextual.com\/inicio\/?s={search_term_string}"},"query-input":{"@type":"PropertyValueSpecification","valueRequired":true,"valueName":"search_term_string"}}],"inLanguage":"es"},{"@type":"Organization","@id":"https:\/\/diariotextual.com\/inicio\/#organization","name":"Diario Textual","url":"https:\/\/diariotextual.com\/inicio\/","logo":{"@type":"ImageObject","inLanguage":"es","@id":"https:\/\/diariotextual.com\/inicio\/#\/schema\/logo\/image\/","url":"https:\/\/diariotextual.com\/inicio\/wp-content\/uploads\/2023\/05\/logotextual1.jpg","contentUrl":"https:\/\/diariotextual.com\/inicio\/wp-content\/uploads\/2023\/05\/logotextual1.jpg","width":516,"height":76,"caption":"Diario Textual"},"image":{"@id":"https:\/\/diariotextual.com\/inicio\/#\/schema\/logo\/image\/"},"sameAs":["https:\/\/www.facebook.com\/eltextual","https:\/\/x.com\/eltextual","http:\/\/www.instagram.com\/eltextual"]},{"@type":"Person","@id":"https:\/\/diariotextual.com\/inicio\/#\/schema\/person\/418fc4093c33e86ed41562db3508f958","name":"Diario1 Diario1","image":{"@type":"ImageObject","inLanguage":"es","@id":"https:\/\/secure.gravatar.com\/avatar\/9167d280179c85bc18be67aa7eda765854300033af4896dd779b608640f2ef7a?s=96&d=mm&r=g","url":"https:\/\/secure.gravatar.com\/avatar\/9167d280179c85bc18be67aa7eda765854300033af4896dd779b608640f2ef7a?s=96&d=mm&r=g","contentUrl":"https:\/\/secure.gravatar.com\/avatar\/9167d280179c85bc18be67aa7eda765854300033af4896dd779b608640f2ef7a?s=96&d=mm&r=g","caption":"Diario1 Diario1"},"url":"https:\/\/diariotextual.com\/inicio\/index.php\/author\/diario1\/"}]}},"_links":{"self":[{"href":"https:\/\/diariotextual.com\/inicio\/index.php\/wp-json\/wp\/v2\/posts\/325598","targetHints":{"allow":["GET"]}}],"collection":[{"href":"https:\/\/diariotextual.com\/inicio\/index.php\/wp-json\/wp\/v2\/posts"}],"about":[{"href":"https:\/\/diariotextual.com\/inicio\/index.php\/wp-json\/wp\/v2\/types\/post"}],"author":[{"embeddable":true,"href":"https:\/\/diariotextual.com\/inicio\/index.php\/wp-json\/wp\/v2\/users\/3"}],"replies":[{"embeddable":true,"href":"https:\/\/diariotextual.com\/inicio\/index.php\/wp-json\/wp\/v2\/comments?post=325598"}],"version-history":[{"count":2,"href":"https:\/\/diariotextual.com\/inicio\/index.php\/wp-json\/wp\/v2\/posts\/325598\/revisions"}],"predecessor-version":[{"id":325602,"href":"https:\/\/diariotextual.com\/inicio\/index.php\/wp-json\/wp\/v2\/posts\/325598\/revisions\/325602"}],"wp:featuredmedia":[{"embeddable":true,"href":"https:\/\/diariotextual.com\/inicio\/index.php\/wp-json\/wp\/v2\/media\/325600"}],"wp:attachment":[{"href":"https:\/\/diariotextual.com\/inicio\/index.php\/wp-json\/wp\/v2\/media?parent=325598"}],"wp:term":[{"taxonomy":"category","embeddable":true,"href":"https:\/\/diariotextual.com\/inicio\/index.php\/wp-json\/wp\/v2\/categories?post=325598"},{"taxonomy":"post_tag","embeddable":true,"href":"https:\/\/diariotextual.com\/inicio\/index.php\/wp-json\/wp\/v2\/tags?post=325598"}],"curies":[{"name":"wp","href":"https:\/\/api.w.org\/{rel}","templated":true}]}}