{"id":325607,"date":"2026-04-23T19:53:57","date_gmt":"2026-04-23T22:53:57","guid":{"rendered":"https:\/\/diariotextual.com\/inicio\/?p=325607"},"modified":"2026-04-24T12:39:42","modified_gmt":"2026-04-24T15:39:42","slug":"energia-solar-empresas-lideres-del-sector-miran-a-la-pampa-para-invertir","status":"publish","type":"post","link":"https:\/\/diariotextual.com\/inicio\/index.php\/2026\/04\/23\/energia-solar-empresas-lideres-del-sector-miran-a-la-pampa-para-invertir\/","title":{"rendered":"Energ\u00eda Solar: empresas l\u00edderes del sector miran a La Pampa para invertir"},"content":{"rendered":"\n<p>La presentaci\u00f3n de la <strong>segunda etapa del Parque Solar Fotovoltaico de General Pico<\/strong> reuni\u00f3 en la <strong>ciudad de Buenos Aires<\/strong> a representantes de <strong>19 empresas energ\u00e9ticas<\/strong> de distintos puntos del pa\u00eds, en un encuentro que volvi\u00f3 a poner en agenda el <strong>inter\u00e9s del sector<\/strong> por la propuesta que impulsa la <strong>provincia de La Pampa<\/strong>. Hubo <strong>consultas<\/strong>, <strong>intercambio con autoridades provinciales<\/strong> y se\u00f1ales de inter\u00e9s de compa\u00f1\u00edas que siguen de cerca esta <strong>nueva convocatoria<\/strong>.<\/p>\n\n\n\n<p>La actividad cont\u00f3 con la participaci\u00f3n de autoridades de la <strong>Secretar\u00eda de Energ\u00eda y Miner\u00eda<\/strong>, <strong>Pampetrol<\/strong> y la <strong>Agencia I-Comex La Pampa<\/strong>, y convoc\u00f3 a firmas de relevancia nacional como <strong>Coral<\/strong>, <strong>Genneia<\/strong>, <strong>SAS Energ\u00eda<\/strong> y <strong>Everyray Latam S.A.<\/strong>, entre otras. Durante la jornada se desarroll\u00f3 una <strong>instancia informativa sobre la nueva licitaci\u00f3n<\/strong>, seguida por un <strong>espacio de preguntas e intercambio<\/strong> en el que las empresas pudieron profundizar sobre distintos aspectos de la iniciativa.<\/p>\n\n\n\n<p>\u201cNos interesa un mont\u00f3n, la ronda informativa fue muy clara, nos quedamos tambi\u00e9n con los contactos por si surgen dudas m\u00e1s adelante\u201d, resalt\u00f3 <strong>Iciar Vargas<\/strong>, representante de <strong>Everyray Latam S.A.<\/strong>, quien adem\u00e1s valor\u00f3 especialmente haber podido participar de esta instancia, luego de no haber estado presente en la <strong>primera reuni\u00f3n informativa de la licitaci\u00f3n anterior<\/strong>. En ese marco, se\u00f1al\u00f3 que este tipo de encuentros son importantes para despertar el <strong>inter\u00e9s de potenciales coinversores<\/strong> en proyectos de estas caracter\u00edsticas.<\/p>\n\n\n\n<p>La representante de <strong>Everyray<\/strong> tambi\u00e9n remarc\u00f3 la <strong>confianza<\/strong> que genera la provincia al momento de analizar este tipo de desarrollos. \u201cNo es lo mismo quiz\u00e1s contar con un <strong>PPI en La Pampa<\/strong> que en otra provincia; espec\u00edficamente en <strong>La Pampa<\/strong> me da confianza, porque hemos visto que no hay un historial de que no se hayan pagado los contratos o que se haya incumplido alg\u00fan contrato. Entonces, en ese sentido, da confianza\u201d, afirm\u00f3.<\/p>\n\n\n\n<p>Otro de los testimonios destacados fue el de <strong>Guillermo Delgiorgio<\/strong>, representante de <strong>SAS Energ\u00eda<\/strong>, quien subray\u00f3 uno de los aspectos novedosos del esquema presentado. \u201cLo que me llama la atenci\u00f3n es la posibilidad de poder, siendo un <strong>oferente<\/strong> y haciendo una oferta y quedando en <strong>segundo lugar<\/strong>, tener la posibilidad de tomar la iniciativa y poder hacer un <strong>parque de la misma potencia<\/strong> al lado del que es motivo de esta <strong>licitaci\u00f3n<\/strong>\u201d, expres\u00f3.<\/p>\n\n\n\n<p>Adem\u00e1s, <strong>Delgiorgio<\/strong> destac\u00f3 la <strong>solidez de La Pampa como contraparte<\/strong>. \u201cParticularmente se refirieron al tema de <strong>garant\u00edas<\/strong> y lo que explicaron los funcionarios de <strong>La Pampa<\/strong> es que <strong>La Pampa nunca se atras\u00f3 en el pago de una factura de Cammesa<\/strong> y solo lo puedo certificar porque durante 23 a\u00f1os fui miembro del directorio del comit\u00e9 ejecutivo de <strong>Cammesa<\/strong> y era uno de los <strong>pagadores seriales<\/strong>, o sea, nunca hab\u00eda problemas con <strong>La Pampa<\/strong>\u201d, se\u00f1al\u00f3.<\/p>\n\n\n\n<p>Durante la presentaci\u00f3n se expusieron los principales <strong>lineamientos de la iniciativa<\/strong>, que prev\u00e9 sumar <strong>15 MW de potencia en General Pico<\/strong>, dentro de un proyecto en expansi\u00f3n que proyecta alcanzar <strong>50 MW de capacidad instalada<\/strong> y consolidar un <strong>nodo energ\u00e9tico y productivo estrat\u00e9gico<\/strong> para la provincia.<\/p>\n\n\n\n<p>La propuesta se enmarca en el <strong>Plan de Desarrollo Econ\u00f3mico y Productivo La Pampa 2026-2030<\/strong> y en el <strong>Plan Energ\u00e9tico provincial<\/strong>, mediante los cuales el gobernador <strong>Sergio Ziliotto<\/strong> impulsa la <strong>diversificaci\u00f3n de la matriz productiva y energ\u00e9tica<\/strong> con el objetivo de alcanzar al menos el <strong>35 % del abastecimiento de energ\u00eda a partir de fuentes renovables<\/strong>.<\/p>\n\n\n\n<p>El esquema combina <strong>previsibilidad, seguridad y rentabilidad<\/strong>, con un <strong>contrato por 20 a\u00f1os<\/strong>, <strong>precio fijo los primeros siete<\/strong>, con <strong>garant\u00eda de compra y pago de la energ\u00eda producida<\/strong>, y un esquema de <strong>beneficios impositivos y cesi\u00f3n de utilidades<\/strong> que robustecen la propuesta para el inversor y que orientan los incentivos a obtener el <strong>precio m\u00e1s bajo al menor costo<\/strong>.<\/p>\n\n\n\n<p>Con <strong>consultas concretas<\/strong> y una <strong>participaci\u00f3n activa<\/strong> durante la reuni\u00f3n, las firmas presentes mostraron inter\u00e9s por una iniciativa que busca sumar <strong>15 o 30 MW en General Pico<\/strong> y seguir consolidando el <strong>desarrollo de energ\u00edas renovables en La Pampa<\/strong>.<\/p>\n\n\n\n<p><\/p>\n","protected":false},"excerpt":{"rendered":"<p>La presentaci\u00f3n de la segunda etapa del Parque Solar Fotovoltaico de General Pico reuni\u00f3 en la ciudad de Buenos Aires a representantes de 19 empresas energ\u00e9ticas de distintos puntos del&hellip;<\/p>\n","protected":false},"author":3,"featured_media":325608,"comment_status":"closed","ping_status":"open","sticky":false,"template":"","format":"standard","meta":{"_acf_changed":false,"footnotes":""},"categories":[11,5],"tags":[],"class_list":["post-325607","post","type-post","status-publish","format-standard","has-post-thumbnail","hentry","category-que-pasa","category-economia"],"acf":[],"yoast_head":"<!-- This site is optimized with the Yoast SEO plugin v27.4 - https:\/\/yoast.com\/product\/yoast-seo-wordpress\/ -->\n<title>Energ\u00eda Solar: empresas l\u00edderes del sector miran a La Pampa para invertir - Diario Textual<\/title>\n<meta name=\"robots\" content=\"index, follow, max-snippet:-1, max-image-preview:large, max-video-preview:-1\" \/>\n<link rel=\"canonical\" href=\"https:\/\/diariotextual.com\/inicio\/index.php\/2026\/04\/23\/energia-solar-empresas-lideres-del-sector-miran-a-la-pampa-para-invertir\/\" \/>\n<meta property=\"og:locale\" content=\"es_ES\" \/>\n<meta property=\"og:type\" content=\"article\" \/>\n<meta property=\"og:title\" content=\"Energ\u00eda Solar: empresas l\u00edderes del sector miran a La Pampa para invertir - Diario Textual\" \/>\n<meta property=\"og:description\" content=\"La presentaci\u00f3n de la segunda etapa del Parque Solar Fotovoltaico de General Pico reuni\u00f3 en la ciudad de Buenos Aires a representantes de 19 empresas energ\u00e9ticas de distintos puntos del&hellip;\" \/>\n<meta property=\"og:url\" content=\"https:\/\/diariotextual.com\/inicio\/index.php\/2026\/04\/23\/energia-solar-empresas-lideres-del-sector-miran-a-la-pampa-para-invertir\/\" \/>\n<meta property=\"og:site_name\" content=\"Diario Textual\" \/>\n<meta property=\"article:publisher\" content=\"https:\/\/www.facebook.com\/eltextual\" \/>\n<meta property=\"article:published_time\" content=\"2026-04-23T22:53:57+00:00\" \/>\n<meta property=\"article:modified_time\" content=\"2026-04-24T15:39:42+00:00\" \/>\n<meta property=\"og:image\" content=\"https:\/\/diariotextual.com\/inicio\/wp-content\/uploads\/2026\/04\/pampetrolicomexrondaempresariosparquesolarpico2026-1.jpg\" \/>\n\t<meta property=\"og:image:width\" content=\"1280\" \/>\n\t<meta property=\"og:image:height\" content=\"805\" \/>\n\t<meta property=\"og:image:type\" content=\"image\/jpeg\" \/>\n<meta name=\"author\" content=\"Diario1 Diario1\" \/>\n<meta name=\"twitter:card\" content=\"summary_large_image\" \/>\n<meta name=\"twitter:creator\" content=\"@eltextual\" \/>\n<meta name=\"twitter:site\" content=\"@eltextual\" \/>\n<meta name=\"twitter:label1\" content=\"Escrito por\" \/>\n\t<meta name=\"twitter:data1\" content=\"Diario1 Diario1\" \/>\n\t<meta name=\"twitter:label2\" content=\"Tiempo de lectura\" \/>\n\t<meta name=\"twitter:data2\" content=\"4 minutos\" \/>\n<script type=\"application\/ld+json\" class=\"yoast-schema-graph\">{\"@context\":\"https:\\\/\\\/schema.org\",\"@graph\":[{\"@type\":\"Article\",\"@id\":\"https:\\\/\\\/diariotextual.com\\\/inicio\\\/index.php\\\/2026\\\/04\\\/23\\\/energia-solar-empresas-lideres-del-sector-miran-a-la-pampa-para-invertir\\\/#article\",\"isPartOf\":{\"@id\":\"https:\\\/\\\/diariotextual.com\\\/inicio\\\/index.php\\\/2026\\\/04\\\/23\\\/energia-solar-empresas-lideres-del-sector-miran-a-la-pampa-para-invertir\\\/\"},\"author\":{\"name\":\"Diario1 Diario1\",\"@id\":\"https:\\\/\\\/diariotextual.com\\\/inicio\\\/#\\\/schema\\\/person\\\/418fc4093c33e86ed41562db3508f958\"},\"headline\":\"Energ\u00eda Solar: empresas l\u00edderes del sector miran a La Pampa para invertir\",\"datePublished\":\"2026-04-23T22:53:57+00:00\",\"dateModified\":\"2026-04-24T15:39:42+00:00\",\"mainEntityOfPage\":{\"@id\":\"https:\\\/\\\/diariotextual.com\\\/inicio\\\/index.php\\\/2026\\\/04\\\/23\\\/energia-solar-empresas-lideres-del-sector-miran-a-la-pampa-para-invertir\\\/\"},\"wordCount\":704,\"publisher\":{\"@id\":\"https:\\\/\\\/diariotextual.com\\\/inicio\\\/#organization\"},\"image\":{\"@id\":\"https:\\\/\\\/diariotextual.com\\\/inicio\\\/index.php\\\/2026\\\/04\\\/23\\\/energia-solar-empresas-lideres-del-sector-miran-a-la-pampa-para-invertir\\\/#primaryimage\"},\"thumbnailUrl\":\"https:\\\/\\\/diariotextual.com\\\/inicio\\\/wp-content\\\/uploads\\\/2026\\\/04\\\/pampetrolicomexrondaempresariosparquesolarpico2026-1.jpg\",\"articleSection\":[\"A - QUE PASA (al costado)\",\"ECONOMIA\"],\"inLanguage\":\"es\"},{\"@type\":\"WebPage\",\"@id\":\"https:\\\/\\\/diariotextual.com\\\/inicio\\\/index.php\\\/2026\\\/04\\\/23\\\/energia-solar-empresas-lideres-del-sector-miran-a-la-pampa-para-invertir\\\/\",\"url\":\"https:\\\/\\\/diariotextual.com\\\/inicio\\\/index.php\\\/2026\\\/04\\\/23\\\/energia-solar-empresas-lideres-del-sector-miran-a-la-pampa-para-invertir\\\/\",\"name\":\"Energ\u00eda Solar: empresas l\u00edderes del sector miran a La Pampa para invertir - Diario Textual\",\"isPartOf\":{\"@id\":\"https:\\\/\\\/diariotextual.com\\\/inicio\\\/#website\"},\"primaryImageOfPage\":{\"@id\":\"https:\\\/\\\/diariotextual.com\\\/inicio\\\/index.php\\\/2026\\\/04\\\/23\\\/energia-solar-empresas-lideres-del-sector-miran-a-la-pampa-para-invertir\\\/#primaryimage\"},\"image\":{\"@id\":\"https:\\\/\\\/diariotextual.com\\\/inicio\\\/index.php\\\/2026\\\/04\\\/23\\\/energia-solar-empresas-lideres-del-sector-miran-a-la-pampa-para-invertir\\\/#primaryimage\"},\"thumbnailUrl\":\"https:\\\/\\\/diariotextual.com\\\/inicio\\\/wp-content\\\/uploads\\\/2026\\\/04\\\/pampetrolicomexrondaempresariosparquesolarpico2026-1.jpg\",\"datePublished\":\"2026-04-23T22:53:57+00:00\",\"dateModified\":\"2026-04-24T15:39:42+00:00\",\"breadcrumb\":{\"@id\":\"https:\\\/\\\/diariotextual.com\\\/inicio\\\/index.php\\\/2026\\\/04\\\/23\\\/energia-solar-empresas-lideres-del-sector-miran-a-la-pampa-para-invertir\\\/#breadcrumb\"},\"inLanguage\":\"es\",\"potentialAction\":[{\"@type\":\"ReadAction\",\"target\":[\"https:\\\/\\\/diariotextual.com\\\/inicio\\\/index.php\\\/2026\\\/04\\\/23\\\/energia-solar-empresas-lideres-del-sector-miran-a-la-pampa-para-invertir\\\/\"]}]},{\"@type\":\"ImageObject\",\"inLanguage\":\"es\",\"@id\":\"https:\\\/\\\/diariotextual.com\\\/inicio\\\/index.php\\\/2026\\\/04\\\/23\\\/energia-solar-empresas-lideres-del-sector-miran-a-la-pampa-para-invertir\\\/#primaryimage\",\"url\":\"https:\\\/\\\/diariotextual.com\\\/inicio\\\/wp-content\\\/uploads\\\/2026\\\/04\\\/pampetrolicomexrondaempresariosparquesolarpico2026-1.jpg\",\"contentUrl\":\"https:\\\/\\\/diariotextual.com\\\/inicio\\\/wp-content\\\/uploads\\\/2026\\\/04\\\/pampetrolicomexrondaempresariosparquesolarpico2026-1.jpg\",\"width\":1280,\"height\":805},{\"@type\":\"BreadcrumbList\",\"@id\":\"https:\\\/\\\/diariotextual.com\\\/inicio\\\/index.php\\\/2026\\\/04\\\/23\\\/energia-solar-empresas-lideres-del-sector-miran-a-la-pampa-para-invertir\\\/#breadcrumb\",\"itemListElement\":[{\"@type\":\"ListItem\",\"position\":1,\"name\":\"Portada\",\"item\":\"https:\\\/\\\/diariotextual.com\\\/inicio\\\/\"},{\"@type\":\"ListItem\",\"position\":2,\"name\":\"Energ\u00eda Solar: empresas l\u00edderes del sector miran a La Pampa para invertir\"}]},{\"@type\":\"WebSite\",\"@id\":\"https:\\\/\\\/diariotextual.com\\\/inicio\\\/#website\",\"url\":\"https:\\\/\\\/diariotextual.com\\\/inicio\\\/\",\"name\":\"Diario Textual\",\"description\":\"\",\"publisher\":{\"@id\":\"https:\\\/\\\/diariotextual.com\\\/inicio\\\/#organization\"},\"potentialAction\":[{\"@type\":\"SearchAction\",\"target\":{\"@type\":\"EntryPoint\",\"urlTemplate\":\"https:\\\/\\\/diariotextual.com\\\/inicio\\\/?s={search_term_string}\"},\"query-input\":{\"@type\":\"PropertyValueSpecification\",\"valueRequired\":true,\"valueName\":\"search_term_string\"}}],\"inLanguage\":\"es\"},{\"@type\":\"Organization\",\"@id\":\"https:\\\/\\\/diariotextual.com\\\/inicio\\\/#organization\",\"name\":\"Diario Textual\",\"url\":\"https:\\\/\\\/diariotextual.com\\\/inicio\\\/\",\"logo\":{\"@type\":\"ImageObject\",\"inLanguage\":\"es\",\"@id\":\"https:\\\/\\\/diariotextual.com\\\/inicio\\\/#\\\/schema\\\/logo\\\/image\\\/\",\"url\":\"https:\\\/\\\/diariotextual.com\\\/inicio\\\/wp-content\\\/uploads\\\/2023\\\/05\\\/logotextual1.jpg\",\"contentUrl\":\"https:\\\/\\\/diariotextual.com\\\/inicio\\\/wp-content\\\/uploads\\\/2023\\\/05\\\/logotextual1.jpg\",\"width\":516,\"height\":76,\"caption\":\"Diario Textual\"},\"image\":{\"@id\":\"https:\\\/\\\/diariotextual.com\\\/inicio\\\/#\\\/schema\\\/logo\\\/image\\\/\"},\"sameAs\":[\"https:\\\/\\\/www.facebook.com\\\/eltextual\",\"https:\\\/\\\/x.com\\\/eltextual\",\"http:\\\/\\\/www.instagram.com\\\/eltextual\"]},{\"@type\":\"Person\",\"@id\":\"https:\\\/\\\/diariotextual.com\\\/inicio\\\/#\\\/schema\\\/person\\\/418fc4093c33e86ed41562db3508f958\",\"name\":\"Diario1 Diario1\",\"image\":{\"@type\":\"ImageObject\",\"inLanguage\":\"es\",\"@id\":\"https:\\\/\\\/secure.gravatar.com\\\/avatar\\\/9167d280179c85bc18be67aa7eda765854300033af4896dd779b608640f2ef7a?s=96&d=mm&r=g\",\"url\":\"https:\\\/\\\/secure.gravatar.com\\\/avatar\\\/9167d280179c85bc18be67aa7eda765854300033af4896dd779b608640f2ef7a?s=96&d=mm&r=g\",\"contentUrl\":\"https:\\\/\\\/secure.gravatar.com\\\/avatar\\\/9167d280179c85bc18be67aa7eda765854300033af4896dd779b608640f2ef7a?s=96&d=mm&r=g\",\"caption\":\"Diario1 Diario1\"},\"url\":\"https:\\\/\\\/diariotextual.com\\\/inicio\\\/index.php\\\/author\\\/diario1\\\/\"}]}<\/script>\n<!-- \/ Yoast SEO plugin. -->","yoast_head_json":{"title":"Energ\u00eda Solar: empresas l\u00edderes del sector miran a La Pampa para invertir - Diario Textual","robots":{"index":"index","follow":"follow","max-snippet":"max-snippet:-1","max-image-preview":"max-image-preview:large","max-video-preview":"max-video-preview:-1"},"canonical":"https:\/\/diariotextual.com\/inicio\/index.php\/2026\/04\/23\/energia-solar-empresas-lideres-del-sector-miran-a-la-pampa-para-invertir\/","og_locale":"es_ES","og_type":"article","og_title":"Energ\u00eda Solar: empresas l\u00edderes del sector miran a La Pampa para invertir - Diario Textual","og_description":"La presentaci\u00f3n de la segunda etapa del Parque Solar Fotovoltaico de General Pico reuni\u00f3 en la ciudad de Buenos Aires a representantes de 19 empresas energ\u00e9ticas de distintos puntos del&hellip;","og_url":"https:\/\/diariotextual.com\/inicio\/index.php\/2026\/04\/23\/energia-solar-empresas-lideres-del-sector-miran-a-la-pampa-para-invertir\/","og_site_name":"Diario Textual","article_publisher":"https:\/\/www.facebook.com\/eltextual","article_published_time":"2026-04-23T22:53:57+00:00","article_modified_time":"2026-04-24T15:39:42+00:00","og_image":[{"width":1280,"height":805,"url":"https:\/\/diariotextual.com\/inicio\/wp-content\/uploads\/2026\/04\/pampetrolicomexrondaempresariosparquesolarpico2026-1.jpg","type":"image\/jpeg"}],"author":"Diario1 Diario1","twitter_card":"summary_large_image","twitter_creator":"@eltextual","twitter_site":"@eltextual","twitter_misc":{"Escrito por":"Diario1 Diario1","Tiempo de lectura":"4 minutos"},"schema":{"@context":"https:\/\/schema.org","@graph":[{"@type":"Article","@id":"https:\/\/diariotextual.com\/inicio\/index.php\/2026\/04\/23\/energia-solar-empresas-lideres-del-sector-miran-a-la-pampa-para-invertir\/#article","isPartOf":{"@id":"https:\/\/diariotextual.com\/inicio\/index.php\/2026\/04\/23\/energia-solar-empresas-lideres-del-sector-miran-a-la-pampa-para-invertir\/"},"author":{"name":"Diario1 Diario1","@id":"https:\/\/diariotextual.com\/inicio\/#\/schema\/person\/418fc4093c33e86ed41562db3508f958"},"headline":"Energ\u00eda Solar: empresas l\u00edderes del sector miran a La Pampa para invertir","datePublished":"2026-04-23T22:53:57+00:00","dateModified":"2026-04-24T15:39:42+00:00","mainEntityOfPage":{"@id":"https:\/\/diariotextual.com\/inicio\/index.php\/2026\/04\/23\/energia-solar-empresas-lideres-del-sector-miran-a-la-pampa-para-invertir\/"},"wordCount":704,"publisher":{"@id":"https:\/\/diariotextual.com\/inicio\/#organization"},"image":{"@id":"https:\/\/diariotextual.com\/inicio\/index.php\/2026\/04\/23\/energia-solar-empresas-lideres-del-sector-miran-a-la-pampa-para-invertir\/#primaryimage"},"thumbnailUrl":"https:\/\/diariotextual.com\/inicio\/wp-content\/uploads\/2026\/04\/pampetrolicomexrondaempresariosparquesolarpico2026-1.jpg","articleSection":["A - QUE PASA (al costado)","ECONOMIA"],"inLanguage":"es"},{"@type":"WebPage","@id":"https:\/\/diariotextual.com\/inicio\/index.php\/2026\/04\/23\/energia-solar-empresas-lideres-del-sector-miran-a-la-pampa-para-invertir\/","url":"https:\/\/diariotextual.com\/inicio\/index.php\/2026\/04\/23\/energia-solar-empresas-lideres-del-sector-miran-a-la-pampa-para-invertir\/","name":"Energ\u00eda Solar: empresas l\u00edderes del sector miran a La Pampa para invertir - Diario Textual","isPartOf":{"@id":"https:\/\/diariotextual.com\/inicio\/#website"},"primaryImageOfPage":{"@id":"https:\/\/diariotextual.com\/inicio\/index.php\/2026\/04\/23\/energia-solar-empresas-lideres-del-sector-miran-a-la-pampa-para-invertir\/#primaryimage"},"image":{"@id":"https:\/\/diariotextual.com\/inicio\/index.php\/2026\/04\/23\/energia-solar-empresas-lideres-del-sector-miran-a-la-pampa-para-invertir\/#primaryimage"},"thumbnailUrl":"https:\/\/diariotextual.com\/inicio\/wp-content\/uploads\/2026\/04\/pampetrolicomexrondaempresariosparquesolarpico2026-1.jpg","datePublished":"2026-04-23T22:53:57+00:00","dateModified":"2026-04-24T15:39:42+00:00","breadcrumb":{"@id":"https:\/\/diariotextual.com\/inicio\/index.php\/2026\/04\/23\/energia-solar-empresas-lideres-del-sector-miran-a-la-pampa-para-invertir\/#breadcrumb"},"inLanguage":"es","potentialAction":[{"@type":"ReadAction","target":["https:\/\/diariotextual.com\/inicio\/index.php\/2026\/04\/23\/energia-solar-empresas-lideres-del-sector-miran-a-la-pampa-para-invertir\/"]}]},{"@type":"ImageObject","inLanguage":"es","@id":"https:\/\/diariotextual.com\/inicio\/index.php\/2026\/04\/23\/energia-solar-empresas-lideres-del-sector-miran-a-la-pampa-para-invertir\/#primaryimage","url":"https:\/\/diariotextual.com\/inicio\/wp-content\/uploads\/2026\/04\/pampetrolicomexrondaempresariosparquesolarpico2026-1.jpg","contentUrl":"https:\/\/diariotextual.com\/inicio\/wp-content\/uploads\/2026\/04\/pampetrolicomexrondaempresariosparquesolarpico2026-1.jpg","width":1280,"height":805},{"@type":"BreadcrumbList","@id":"https:\/\/diariotextual.com\/inicio\/index.php\/2026\/04\/23\/energia-solar-empresas-lideres-del-sector-miran-a-la-pampa-para-invertir\/#breadcrumb","itemListElement":[{"@type":"ListItem","position":1,"name":"Portada","item":"https:\/\/diariotextual.com\/inicio\/"},{"@type":"ListItem","position":2,"name":"Energ\u00eda Solar: empresas l\u00edderes del sector miran a La Pampa para invertir"}]},{"@type":"WebSite","@id":"https:\/\/diariotextual.com\/inicio\/#website","url":"https:\/\/diariotextual.com\/inicio\/","name":"Diario Textual","description":"","publisher":{"@id":"https:\/\/diariotextual.com\/inicio\/#organization"},"potentialAction":[{"@type":"SearchAction","target":{"@type":"EntryPoint","urlTemplate":"https:\/\/diariotextual.com\/inicio\/?s={search_term_string}"},"query-input":{"@type":"PropertyValueSpecification","valueRequired":true,"valueName":"search_term_string"}}],"inLanguage":"es"},{"@type":"Organization","@id":"https:\/\/diariotextual.com\/inicio\/#organization","name":"Diario Textual","url":"https:\/\/diariotextual.com\/inicio\/","logo":{"@type":"ImageObject","inLanguage":"es","@id":"https:\/\/diariotextual.com\/inicio\/#\/schema\/logo\/image\/","url":"https:\/\/diariotextual.com\/inicio\/wp-content\/uploads\/2023\/05\/logotextual1.jpg","contentUrl":"https:\/\/diariotextual.com\/inicio\/wp-content\/uploads\/2023\/05\/logotextual1.jpg","width":516,"height":76,"caption":"Diario Textual"},"image":{"@id":"https:\/\/diariotextual.com\/inicio\/#\/schema\/logo\/image\/"},"sameAs":["https:\/\/www.facebook.com\/eltextual","https:\/\/x.com\/eltextual","http:\/\/www.instagram.com\/eltextual"]},{"@type":"Person","@id":"https:\/\/diariotextual.com\/inicio\/#\/schema\/person\/418fc4093c33e86ed41562db3508f958","name":"Diario1 Diario1","image":{"@type":"ImageObject","inLanguage":"es","@id":"https:\/\/secure.gravatar.com\/avatar\/9167d280179c85bc18be67aa7eda765854300033af4896dd779b608640f2ef7a?s=96&d=mm&r=g","url":"https:\/\/secure.gravatar.com\/avatar\/9167d280179c85bc18be67aa7eda765854300033af4896dd779b608640f2ef7a?s=96&d=mm&r=g","contentUrl":"https:\/\/secure.gravatar.com\/avatar\/9167d280179c85bc18be67aa7eda765854300033af4896dd779b608640f2ef7a?s=96&d=mm&r=g","caption":"Diario1 Diario1"},"url":"https:\/\/diariotextual.com\/inicio\/index.php\/author\/diario1\/"}]}},"_links":{"self":[{"href":"https:\/\/diariotextual.com\/inicio\/index.php\/wp-json\/wp\/v2\/posts\/325607","targetHints":{"allow":["GET"]}}],"collection":[{"href":"https:\/\/diariotextual.com\/inicio\/index.php\/wp-json\/wp\/v2\/posts"}],"about":[{"href":"https:\/\/diariotextual.com\/inicio\/index.php\/wp-json\/wp\/v2\/types\/post"}],"author":[{"embeddable":true,"href":"https:\/\/diariotextual.com\/inicio\/index.php\/wp-json\/wp\/v2\/users\/3"}],"replies":[{"embeddable":true,"href":"https:\/\/diariotextual.com\/inicio\/index.php\/wp-json\/wp\/v2\/comments?post=325607"}],"version-history":[{"count":1,"href":"https:\/\/diariotextual.com\/inicio\/index.php\/wp-json\/wp\/v2\/posts\/325607\/revisions"}],"predecessor-version":[{"id":325609,"href":"https:\/\/diariotextual.com\/inicio\/index.php\/wp-json\/wp\/v2\/posts\/325607\/revisions\/325609"}],"wp:featuredmedia":[{"embeddable":true,"href":"https:\/\/diariotextual.com\/inicio\/index.php\/wp-json\/wp\/v2\/media\/325608"}],"wp:attachment":[{"href":"https:\/\/diariotextual.com\/inicio\/index.php\/wp-json\/wp\/v2\/media?parent=325607"}],"wp:term":[{"taxonomy":"category","embeddable":true,"href":"https:\/\/diariotextual.com\/inicio\/index.php\/wp-json\/wp\/v2\/categories?post=325607"},{"taxonomy":"post_tag","embeddable":true,"href":"https:\/\/diariotextual.com\/inicio\/index.php\/wp-json\/wp\/v2\/tags?post=325607"}],"curies":[{"name":"wp","href":"https:\/\/api.w.org\/{rel}","templated":true}]}}