{"id":325610,"date":"2026-04-23T20:49:57","date_gmt":"2026-04-23T23:49:57","guid":{"rendered":"https:\/\/diariotextual.com\/inicio\/?p=325610"},"modified":"2026-04-24T06:41:30","modified_gmt":"2026-04-24T09:41:30","slug":"un-colectivo-choco-de-atras-a-una-camioneta-en-santa-rosa-dos-nenes-con-golpes","status":"publish","type":"post","link":"https:\/\/diariotextual.com\/inicio\/index.php\/2026\/04\/23\/un-colectivo-choco-de-atras-a-una-camioneta-en-santa-rosa-dos-nenes-con-golpes\/","title":{"rendered":"Un colectivo choc\u00f3 de atr\u00e1s a una camioneta en Santa Rosa: dos nenes con golpes"},"content":{"rendered":"\n<p>Un <strong>colectivo de la l\u00ednea 8 del Emtu<\/strong> protagoniz\u00f3 este jueves por la tarde un <strong>siniestro vial<\/strong> en la ciudad de <strong>Santa Rosa<\/strong>, al impactar desde atr\u00e1s contra una <strong>camioneta<\/strong> en la intersecci\u00f3n de <strong>avenida circunvalaci\u00f3n<\/strong> <strong>Santiago Marzo<\/strong> y <strong>avenida Argentino Valle<\/strong>.<\/p>\n\n\n\n<p>El hecho ocurri\u00f3 alrededor de las <strong>18:11<\/strong>, cuando una <strong>pick up Nissan Frontier <\/strong>circulaba por la colectora de <strong>avenida crcunvalaci\u00f3n<\/strong> en sentido norte-sur y, al detenerse en el sem\u00e1foro, fue <strong>colisionada en su parte trasera<\/strong> por la unidad de transporte urbano.<\/p>\n\n\n\n<p>En el lugar trabaj\u00f3 personal del <strong>SEM<\/strong>, quien asisti\u00f3 a <strong>dos menores de edad<\/strong> que viajaban como pasajeros en el colectivo. Seg\u00fan se inform\u00f3, <strong>no presentaban lesiones de gravedad<\/strong>.<\/p>\n\n\n\n<p>Adem\u00e1s, se le realiz\u00f3 el <strong>test de alcoholemia<\/strong> al conductor del colectivo, el cual arroj\u00f3 <strong>resultado negativo (0,00 g\/l)<\/strong>. Intervino la <strong>Divisi\u00f3n Accidentolog\u00eda<\/strong>.<\/p>\n\n\n\n<p><\/p>\n\n\n\n<p><\/p>\n","protected":false},"excerpt":{"rendered":"<p>Un colectivo de la l\u00ednea 8 del Emtu protagoniz\u00f3 este jueves por la tarde un siniestro vial en la ciudad de Santa Rosa, al impactar desde atr\u00e1s contra una camioneta&hellip;<\/p>\n","protected":false},"author":3,"featured_media":325612,"comment_status":"closed","ping_status":"open","sticky":false,"template":"","format":"standard","meta":{"_acf_changed":false,"footnotes":""},"categories":[1,12],"tags":[],"class_list":["post-325610","post","type-post","status-publish","format-standard","has-post-thumbnail","hentry","category-es-noticia","category-sociedad"],"acf":[],"yoast_head":"<!-- This site is optimized with the Yoast SEO plugin v27.4 - https:\/\/yoast.com\/product\/yoast-seo-wordpress\/ -->\n<title>Un colectivo choc\u00f3 de atr\u00e1s a una camioneta en Santa Rosa: dos nenes con golpes - Diario Textual<\/title>\n<meta name=\"robots\" content=\"index, follow, max-snippet:-1, max-image-preview:large, max-video-preview:-1\" \/>\n<link rel=\"canonical\" href=\"https:\/\/diariotextual.com\/inicio\/index.php\/2026\/04\/23\/un-colectivo-choco-de-atras-a-una-camioneta-en-santa-rosa-dos-nenes-con-golpes\/\" \/>\n<meta property=\"og:locale\" content=\"es_ES\" \/>\n<meta property=\"og:type\" content=\"article\" \/>\n<meta property=\"og:title\" content=\"Un colectivo choc\u00f3 de atr\u00e1s a una camioneta en Santa Rosa: dos nenes con golpes - Diario Textual\" \/>\n<meta property=\"og:description\" content=\"Un colectivo de la l\u00ednea 8 del Emtu protagoniz\u00f3 este jueves por la tarde un siniestro vial en la ciudad de Santa Rosa, al impactar desde atr\u00e1s contra una camioneta&hellip;\" \/>\n<meta property=\"og:url\" content=\"https:\/\/diariotextual.com\/inicio\/index.php\/2026\/04\/23\/un-colectivo-choco-de-atras-a-una-camioneta-en-santa-rosa-dos-nenes-con-golpes\/\" \/>\n<meta property=\"og:site_name\" content=\"Diario Textual\" \/>\n<meta property=\"article:publisher\" content=\"https:\/\/www.facebook.com\/eltextual\" \/>\n<meta property=\"article:published_time\" content=\"2026-04-23T23:49:57+00:00\" \/>\n<meta property=\"article:modified_time\" content=\"2026-04-24T09:41:30+00:00\" \/>\n<meta property=\"og:image\" content=\"https:\/\/diariotextual.com\/inicio\/wp-content\/uploads\/2026\/04\/choquecolectivoemtu2026-1.jpg\" \/>\n\t<meta property=\"og:image:width\" content=\"899\" \/>\n\t<meta property=\"og:image:height\" content=\"813\" \/>\n\t<meta property=\"og:image:type\" content=\"image\/jpeg\" \/>\n<meta name=\"author\" content=\"Diario1 Diario1\" \/>\n<meta name=\"twitter:card\" content=\"summary_large_image\" \/>\n<meta name=\"twitter:creator\" content=\"@eltextual\" \/>\n<meta name=\"twitter:site\" content=\"@eltextual\" \/>\n<meta name=\"twitter:label1\" content=\"Escrito por\" \/>\n\t<meta name=\"twitter:data1\" content=\"Diario1 Diario1\" \/>\n\t<meta name=\"twitter:label2\" content=\"Tiempo de lectura\" \/>\n\t<meta name=\"twitter:data2\" content=\"1 minuto\" \/>\n<script type=\"application\/ld+json\" class=\"yoast-schema-graph\">{\"@context\":\"https:\\\/\\\/schema.org\",\"@graph\":[{\"@type\":\"Article\",\"@id\":\"https:\\\/\\\/diariotextual.com\\\/inicio\\\/index.php\\\/2026\\\/04\\\/23\\\/un-colectivo-choco-de-atras-a-una-camioneta-en-santa-rosa-dos-nenes-con-golpes\\\/#article\",\"isPartOf\":{\"@id\":\"https:\\\/\\\/diariotextual.com\\\/inicio\\\/index.php\\\/2026\\\/04\\\/23\\\/un-colectivo-choco-de-atras-a-una-camioneta-en-santa-rosa-dos-nenes-con-golpes\\\/\"},\"author\":{\"name\":\"Diario1 Diario1\",\"@id\":\"https:\\\/\\\/diariotextual.com\\\/inicio\\\/#\\\/schema\\\/person\\\/418fc4093c33e86ed41562db3508f958\"},\"headline\":\"Un colectivo choc\u00f3 de atr\u00e1s a una camioneta en Santa Rosa: dos nenes con golpes\",\"datePublished\":\"2026-04-23T23:49:57+00:00\",\"dateModified\":\"2026-04-24T09:41:30+00:00\",\"mainEntityOfPage\":{\"@id\":\"https:\\\/\\\/diariotextual.com\\\/inicio\\\/index.php\\\/2026\\\/04\\\/23\\\/un-colectivo-choco-de-atras-a-una-camioneta-en-santa-rosa-dos-nenes-con-golpes\\\/\"},\"wordCount\":159,\"publisher\":{\"@id\":\"https:\\\/\\\/diariotextual.com\\\/inicio\\\/#organization\"},\"image\":{\"@id\":\"https:\\\/\\\/diariotextual.com\\\/inicio\\\/index.php\\\/2026\\\/04\\\/23\\\/un-colectivo-choco-de-atras-a-una-camioneta-en-santa-rosa-dos-nenes-con-golpes\\\/#primaryimage\"},\"thumbnailUrl\":\"https:\\\/\\\/diariotextual.com\\\/inicio\\\/wp-content\\\/uploads\\\/2026\\\/04\\\/choquecolectivoemtu2026-1.jpg\",\"articleSection\":[\"A - ES NOTICIA (van abajo)\",\"SOCIEDAD\"],\"inLanguage\":\"es\"},{\"@type\":\"WebPage\",\"@id\":\"https:\\\/\\\/diariotextual.com\\\/inicio\\\/index.php\\\/2026\\\/04\\\/23\\\/un-colectivo-choco-de-atras-a-una-camioneta-en-santa-rosa-dos-nenes-con-golpes\\\/\",\"url\":\"https:\\\/\\\/diariotextual.com\\\/inicio\\\/index.php\\\/2026\\\/04\\\/23\\\/un-colectivo-choco-de-atras-a-una-camioneta-en-santa-rosa-dos-nenes-con-golpes\\\/\",\"name\":\"Un colectivo choc\u00f3 de atr\u00e1s a una camioneta en Santa Rosa: dos nenes con golpes - Diario Textual\",\"isPartOf\":{\"@id\":\"https:\\\/\\\/diariotextual.com\\\/inicio\\\/#website\"},\"primaryImageOfPage\":{\"@id\":\"https:\\\/\\\/diariotextual.com\\\/inicio\\\/index.php\\\/2026\\\/04\\\/23\\\/un-colectivo-choco-de-atras-a-una-camioneta-en-santa-rosa-dos-nenes-con-golpes\\\/#primaryimage\"},\"image\":{\"@id\":\"https:\\\/\\\/diariotextual.com\\\/inicio\\\/index.php\\\/2026\\\/04\\\/23\\\/un-colectivo-choco-de-atras-a-una-camioneta-en-santa-rosa-dos-nenes-con-golpes\\\/#primaryimage\"},\"thumbnailUrl\":\"https:\\\/\\\/diariotextual.com\\\/inicio\\\/wp-content\\\/uploads\\\/2026\\\/04\\\/choquecolectivoemtu2026-1.jpg\",\"datePublished\":\"2026-04-23T23:49:57+00:00\",\"dateModified\":\"2026-04-24T09:41:30+00:00\",\"breadcrumb\":{\"@id\":\"https:\\\/\\\/diariotextual.com\\\/inicio\\\/index.php\\\/2026\\\/04\\\/23\\\/un-colectivo-choco-de-atras-a-una-camioneta-en-santa-rosa-dos-nenes-con-golpes\\\/#breadcrumb\"},\"inLanguage\":\"es\",\"potentialAction\":[{\"@type\":\"ReadAction\",\"target\":[\"https:\\\/\\\/diariotextual.com\\\/inicio\\\/index.php\\\/2026\\\/04\\\/23\\\/un-colectivo-choco-de-atras-a-una-camioneta-en-santa-rosa-dos-nenes-con-golpes\\\/\"]}]},{\"@type\":\"ImageObject\",\"inLanguage\":\"es\",\"@id\":\"https:\\\/\\\/diariotextual.com\\\/inicio\\\/index.php\\\/2026\\\/04\\\/23\\\/un-colectivo-choco-de-atras-a-una-camioneta-en-santa-rosa-dos-nenes-con-golpes\\\/#primaryimage\",\"url\":\"https:\\\/\\\/diariotextual.com\\\/inicio\\\/wp-content\\\/uploads\\\/2026\\\/04\\\/choquecolectivoemtu2026-1.jpg\",\"contentUrl\":\"https:\\\/\\\/diariotextual.com\\\/inicio\\\/wp-content\\\/uploads\\\/2026\\\/04\\\/choquecolectivoemtu2026-1.jpg\",\"width\":899,\"height\":813},{\"@type\":\"BreadcrumbList\",\"@id\":\"https:\\\/\\\/diariotextual.com\\\/inicio\\\/index.php\\\/2026\\\/04\\\/23\\\/un-colectivo-choco-de-atras-a-una-camioneta-en-santa-rosa-dos-nenes-con-golpes\\\/#breadcrumb\",\"itemListElement\":[{\"@type\":\"ListItem\",\"position\":1,\"name\":\"Portada\",\"item\":\"https:\\\/\\\/diariotextual.com\\\/inicio\\\/\"},{\"@type\":\"ListItem\",\"position\":2,\"name\":\"Un colectivo choc\u00f3 de atr\u00e1s a una camioneta en Santa Rosa: dos nenes con golpes\"}]},{\"@type\":\"WebSite\",\"@id\":\"https:\\\/\\\/diariotextual.com\\\/inicio\\\/#website\",\"url\":\"https:\\\/\\\/diariotextual.com\\\/inicio\\\/\",\"name\":\"Diario Textual\",\"description\":\"\",\"publisher\":{\"@id\":\"https:\\\/\\\/diariotextual.com\\\/inicio\\\/#organization\"},\"potentialAction\":[{\"@type\":\"SearchAction\",\"target\":{\"@type\":\"EntryPoint\",\"urlTemplate\":\"https:\\\/\\\/diariotextual.com\\\/inicio\\\/?s={search_term_string}\"},\"query-input\":{\"@type\":\"PropertyValueSpecification\",\"valueRequired\":true,\"valueName\":\"search_term_string\"}}],\"inLanguage\":\"es\"},{\"@type\":\"Organization\",\"@id\":\"https:\\\/\\\/diariotextual.com\\\/inicio\\\/#organization\",\"name\":\"Diario Textual\",\"url\":\"https:\\\/\\\/diariotextual.com\\\/inicio\\\/\",\"logo\":{\"@type\":\"ImageObject\",\"inLanguage\":\"es\",\"@id\":\"https:\\\/\\\/diariotextual.com\\\/inicio\\\/#\\\/schema\\\/logo\\\/image\\\/\",\"url\":\"https:\\\/\\\/diariotextual.com\\\/inicio\\\/wp-content\\\/uploads\\\/2023\\\/05\\\/logotextual1.jpg\",\"contentUrl\":\"https:\\\/\\\/diariotextual.com\\\/inicio\\\/wp-content\\\/uploads\\\/2023\\\/05\\\/logotextual1.jpg\",\"width\":516,\"height\":76,\"caption\":\"Diario Textual\"},\"image\":{\"@id\":\"https:\\\/\\\/diariotextual.com\\\/inicio\\\/#\\\/schema\\\/logo\\\/image\\\/\"},\"sameAs\":[\"https:\\\/\\\/www.facebook.com\\\/eltextual\",\"https:\\\/\\\/x.com\\\/eltextual\",\"http:\\\/\\\/www.instagram.com\\\/eltextual\"]},{\"@type\":\"Person\",\"@id\":\"https:\\\/\\\/diariotextual.com\\\/inicio\\\/#\\\/schema\\\/person\\\/418fc4093c33e86ed41562db3508f958\",\"name\":\"Diario1 Diario1\",\"image\":{\"@type\":\"ImageObject\",\"inLanguage\":\"es\",\"@id\":\"https:\\\/\\\/secure.gravatar.com\\\/avatar\\\/9167d280179c85bc18be67aa7eda765854300033af4896dd779b608640f2ef7a?s=96&d=mm&r=g\",\"url\":\"https:\\\/\\\/secure.gravatar.com\\\/avatar\\\/9167d280179c85bc18be67aa7eda765854300033af4896dd779b608640f2ef7a?s=96&d=mm&r=g\",\"contentUrl\":\"https:\\\/\\\/secure.gravatar.com\\\/avatar\\\/9167d280179c85bc18be67aa7eda765854300033af4896dd779b608640f2ef7a?s=96&d=mm&r=g\",\"caption\":\"Diario1 Diario1\"},\"url\":\"https:\\\/\\\/diariotextual.com\\\/inicio\\\/index.php\\\/author\\\/diario1\\\/\"}]}<\/script>\n<!-- \/ Yoast SEO plugin. -->","yoast_head_json":{"title":"Un colectivo choc\u00f3 de atr\u00e1s a una camioneta en Santa Rosa: dos nenes con golpes - Diario Textual","robots":{"index":"index","follow":"follow","max-snippet":"max-snippet:-1","max-image-preview":"max-image-preview:large","max-video-preview":"max-video-preview:-1"},"canonical":"https:\/\/diariotextual.com\/inicio\/index.php\/2026\/04\/23\/un-colectivo-choco-de-atras-a-una-camioneta-en-santa-rosa-dos-nenes-con-golpes\/","og_locale":"es_ES","og_type":"article","og_title":"Un colectivo choc\u00f3 de atr\u00e1s a una camioneta en Santa Rosa: dos nenes con golpes - Diario Textual","og_description":"Un colectivo de la l\u00ednea 8 del Emtu protagoniz\u00f3 este jueves por la tarde un siniestro vial en la ciudad de Santa Rosa, al impactar desde atr\u00e1s contra una camioneta&hellip;","og_url":"https:\/\/diariotextual.com\/inicio\/index.php\/2026\/04\/23\/un-colectivo-choco-de-atras-a-una-camioneta-en-santa-rosa-dos-nenes-con-golpes\/","og_site_name":"Diario Textual","article_publisher":"https:\/\/www.facebook.com\/eltextual","article_published_time":"2026-04-23T23:49:57+00:00","article_modified_time":"2026-04-24T09:41:30+00:00","og_image":[{"width":899,"height":813,"url":"https:\/\/diariotextual.com\/inicio\/wp-content\/uploads\/2026\/04\/choquecolectivoemtu2026-1.jpg","type":"image\/jpeg"}],"author":"Diario1 Diario1","twitter_card":"summary_large_image","twitter_creator":"@eltextual","twitter_site":"@eltextual","twitter_misc":{"Escrito por":"Diario1 Diario1","Tiempo de lectura":"1 minuto"},"schema":{"@context":"https:\/\/schema.org","@graph":[{"@type":"Article","@id":"https:\/\/diariotextual.com\/inicio\/index.php\/2026\/04\/23\/un-colectivo-choco-de-atras-a-una-camioneta-en-santa-rosa-dos-nenes-con-golpes\/#article","isPartOf":{"@id":"https:\/\/diariotextual.com\/inicio\/index.php\/2026\/04\/23\/un-colectivo-choco-de-atras-a-una-camioneta-en-santa-rosa-dos-nenes-con-golpes\/"},"author":{"name":"Diario1 Diario1","@id":"https:\/\/diariotextual.com\/inicio\/#\/schema\/person\/418fc4093c33e86ed41562db3508f958"},"headline":"Un colectivo choc\u00f3 de atr\u00e1s a una camioneta en Santa Rosa: dos nenes con golpes","datePublished":"2026-04-23T23:49:57+00:00","dateModified":"2026-04-24T09:41:30+00:00","mainEntityOfPage":{"@id":"https:\/\/diariotextual.com\/inicio\/index.php\/2026\/04\/23\/un-colectivo-choco-de-atras-a-una-camioneta-en-santa-rosa-dos-nenes-con-golpes\/"},"wordCount":159,"publisher":{"@id":"https:\/\/diariotextual.com\/inicio\/#organization"},"image":{"@id":"https:\/\/diariotextual.com\/inicio\/index.php\/2026\/04\/23\/un-colectivo-choco-de-atras-a-una-camioneta-en-santa-rosa-dos-nenes-con-golpes\/#primaryimage"},"thumbnailUrl":"https:\/\/diariotextual.com\/inicio\/wp-content\/uploads\/2026\/04\/choquecolectivoemtu2026-1.jpg","articleSection":["A - ES NOTICIA (van abajo)","SOCIEDAD"],"inLanguage":"es"},{"@type":"WebPage","@id":"https:\/\/diariotextual.com\/inicio\/index.php\/2026\/04\/23\/un-colectivo-choco-de-atras-a-una-camioneta-en-santa-rosa-dos-nenes-con-golpes\/","url":"https:\/\/diariotextual.com\/inicio\/index.php\/2026\/04\/23\/un-colectivo-choco-de-atras-a-una-camioneta-en-santa-rosa-dos-nenes-con-golpes\/","name":"Un colectivo choc\u00f3 de atr\u00e1s a una camioneta en Santa Rosa: dos nenes con golpes - Diario Textual","isPartOf":{"@id":"https:\/\/diariotextual.com\/inicio\/#website"},"primaryImageOfPage":{"@id":"https:\/\/diariotextual.com\/inicio\/index.php\/2026\/04\/23\/un-colectivo-choco-de-atras-a-una-camioneta-en-santa-rosa-dos-nenes-con-golpes\/#primaryimage"},"image":{"@id":"https:\/\/diariotextual.com\/inicio\/index.php\/2026\/04\/23\/un-colectivo-choco-de-atras-a-una-camioneta-en-santa-rosa-dos-nenes-con-golpes\/#primaryimage"},"thumbnailUrl":"https:\/\/diariotextual.com\/inicio\/wp-content\/uploads\/2026\/04\/choquecolectivoemtu2026-1.jpg","datePublished":"2026-04-23T23:49:57+00:00","dateModified":"2026-04-24T09:41:30+00:00","breadcrumb":{"@id":"https:\/\/diariotextual.com\/inicio\/index.php\/2026\/04\/23\/un-colectivo-choco-de-atras-a-una-camioneta-en-santa-rosa-dos-nenes-con-golpes\/#breadcrumb"},"inLanguage":"es","potentialAction":[{"@type":"ReadAction","target":["https:\/\/diariotextual.com\/inicio\/index.php\/2026\/04\/23\/un-colectivo-choco-de-atras-a-una-camioneta-en-santa-rosa-dos-nenes-con-golpes\/"]}]},{"@type":"ImageObject","inLanguage":"es","@id":"https:\/\/diariotextual.com\/inicio\/index.php\/2026\/04\/23\/un-colectivo-choco-de-atras-a-una-camioneta-en-santa-rosa-dos-nenes-con-golpes\/#primaryimage","url":"https:\/\/diariotextual.com\/inicio\/wp-content\/uploads\/2026\/04\/choquecolectivoemtu2026-1.jpg","contentUrl":"https:\/\/diariotextual.com\/inicio\/wp-content\/uploads\/2026\/04\/choquecolectivoemtu2026-1.jpg","width":899,"height":813},{"@type":"BreadcrumbList","@id":"https:\/\/diariotextual.com\/inicio\/index.php\/2026\/04\/23\/un-colectivo-choco-de-atras-a-una-camioneta-en-santa-rosa-dos-nenes-con-golpes\/#breadcrumb","itemListElement":[{"@type":"ListItem","position":1,"name":"Portada","item":"https:\/\/diariotextual.com\/inicio\/"},{"@type":"ListItem","position":2,"name":"Un colectivo choc\u00f3 de atr\u00e1s a una camioneta en Santa Rosa: dos nenes con golpes"}]},{"@type":"WebSite","@id":"https:\/\/diariotextual.com\/inicio\/#website","url":"https:\/\/diariotextual.com\/inicio\/","name":"Diario Textual","description":"","publisher":{"@id":"https:\/\/diariotextual.com\/inicio\/#organization"},"potentialAction":[{"@type":"SearchAction","target":{"@type":"EntryPoint","urlTemplate":"https:\/\/diariotextual.com\/inicio\/?s={search_term_string}"},"query-input":{"@type":"PropertyValueSpecification","valueRequired":true,"valueName":"search_term_string"}}],"inLanguage":"es"},{"@type":"Organization","@id":"https:\/\/diariotextual.com\/inicio\/#organization","name":"Diario Textual","url":"https:\/\/diariotextual.com\/inicio\/","logo":{"@type":"ImageObject","inLanguage":"es","@id":"https:\/\/diariotextual.com\/inicio\/#\/schema\/logo\/image\/","url":"https:\/\/diariotextual.com\/inicio\/wp-content\/uploads\/2023\/05\/logotextual1.jpg","contentUrl":"https:\/\/diariotextual.com\/inicio\/wp-content\/uploads\/2023\/05\/logotextual1.jpg","width":516,"height":76,"caption":"Diario Textual"},"image":{"@id":"https:\/\/diariotextual.com\/inicio\/#\/schema\/logo\/image\/"},"sameAs":["https:\/\/www.facebook.com\/eltextual","https:\/\/x.com\/eltextual","http:\/\/www.instagram.com\/eltextual"]},{"@type":"Person","@id":"https:\/\/diariotextual.com\/inicio\/#\/schema\/person\/418fc4093c33e86ed41562db3508f958","name":"Diario1 Diario1","image":{"@type":"ImageObject","inLanguage":"es","@id":"https:\/\/secure.gravatar.com\/avatar\/9167d280179c85bc18be67aa7eda765854300033af4896dd779b608640f2ef7a?s=96&d=mm&r=g","url":"https:\/\/secure.gravatar.com\/avatar\/9167d280179c85bc18be67aa7eda765854300033af4896dd779b608640f2ef7a?s=96&d=mm&r=g","contentUrl":"https:\/\/secure.gravatar.com\/avatar\/9167d280179c85bc18be67aa7eda765854300033af4896dd779b608640f2ef7a?s=96&d=mm&r=g","caption":"Diario1 Diario1"},"url":"https:\/\/diariotextual.com\/inicio\/index.php\/author\/diario1\/"}]}},"_links":{"self":[{"href":"https:\/\/diariotextual.com\/inicio\/index.php\/wp-json\/wp\/v2\/posts\/325610","targetHints":{"allow":["GET"]}}],"collection":[{"href":"https:\/\/diariotextual.com\/inicio\/index.php\/wp-json\/wp\/v2\/posts"}],"about":[{"href":"https:\/\/diariotextual.com\/inicio\/index.php\/wp-json\/wp\/v2\/types\/post"}],"author":[{"embeddable":true,"href":"https:\/\/diariotextual.com\/inicio\/index.php\/wp-json\/wp\/v2\/users\/3"}],"replies":[{"embeddable":true,"href":"https:\/\/diariotextual.com\/inicio\/index.php\/wp-json\/wp\/v2\/comments?post=325610"}],"version-history":[{"count":1,"href":"https:\/\/diariotextual.com\/inicio\/index.php\/wp-json\/wp\/v2\/posts\/325610\/revisions"}],"predecessor-version":[{"id":325611,"href":"https:\/\/diariotextual.com\/inicio\/index.php\/wp-json\/wp\/v2\/posts\/325610\/revisions\/325611"}],"wp:featuredmedia":[{"embeddable":true,"href":"https:\/\/diariotextual.com\/inicio\/index.php\/wp-json\/wp\/v2\/media\/325612"}],"wp:attachment":[{"href":"https:\/\/diariotextual.com\/inicio\/index.php\/wp-json\/wp\/v2\/media?parent=325610"}],"wp:term":[{"taxonomy":"category","embeddable":true,"href":"https:\/\/diariotextual.com\/inicio\/index.php\/wp-json\/wp\/v2\/categories?post=325610"},{"taxonomy":"post_tag","embeddable":true,"href":"https:\/\/diariotextual.com\/inicio\/index.php\/wp-json\/wp\/v2\/tags?post=325610"}],"curies":[{"name":"wp","href":"https:\/\/api.w.org\/{rel}","templated":true}]}}