{"id":325684,"date":"2026-04-24T17:12:56","date_gmt":"2026-04-24T20:12:56","guid":{"rendered":"https:\/\/diariotextual.com\/inicio\/?p=325684"},"modified":"2026-04-24T17:46:27","modified_gmt":"2026-04-24T20:46:27","slug":"la-justicia-avanza-contra-cristina-kirchner-y-ordena-ejecutar-sus-bienes-por-la-causa-vialidad","status":"publish","type":"post","link":"https:\/\/diariotextual.com\/inicio\/index.php\/2026\/04\/24\/la-justicia-avanza-contra-cristina-kirchner-y-ordena-ejecutar-sus-bienes-por-la-causa-vialidad\/","title":{"rendered":"La Justicia avanza contra Cristina Kirchner y ordena ejecutar sus bienes por la causa Vialidad"},"content":{"rendered":"\n<p>La&nbsp;<strong>C\u00e1mara Federal de Casaci\u00f3n Penal orden\u00f3 este viernes avanzar con la ejecuci\u00f3n de bienes de la ex presidenta Cristina Kirchner y sus hijos para cubrir el monto de dinero fijado que debe devolver en el marco de la causa Vialidad<\/strong>, en la que fue condenada por administraci\u00f3n fraudulenta en perjuicio del Estado.<\/p>\n\n\n\n<p><strong>La medida alcanza a una veintena de propiedades vinculadas a la actual presidenta del Partido Justicialista y sus hijos&nbsp;<\/strong><strong>M\u00e1ximo y Florencia Kirchner, y a m\u00e1s de 80 inmuebles del resto de los implicados, entre ellos L\u00e1zaro B\u00e1ez y sus empresas.<\/strong><\/p>\n\n\n\n<p>La decisi\u00f3n,&nbsp;firmada por&nbsp;<strong>Gustavo Hornos, Mariano Borinsky&nbsp;<\/strong>y<strong>&nbsp;Diego Barroetave\u00f1a<\/strong>,&nbsp;&nbsp;orma parte del proceso para recuperar el dinero considerado desviado en la adjudicaci\u00f3n de obra p\u00fablica en Santa Cruz.<\/p>\n\n\n\n<p>El fallo se enmarca en una condena ya firme que incluye la pena de prisi\u00f3n domiciliaria que la ex mandaria cumple en su departamento del barrio porte\u00f1o de Constituci\u00f3n y el decomiso de activos para resarcir al Estado.<\/p>\n\n\n\n<p>Seg\u00fan lo establecido en la causa, el monto a devolver asciende a cifras millonarias que fueron actualizadas con el paso del tiempo, lo que deriv\u00f3 en la necesidad de ejecutar bienes de los condenados, seg\u00fan supo la Agencia Noticias Argentinas.<\/p>\n\n\n\n<p>Los abogados de la ex presidenta y sus hijos se quejaron de la disposici\u00f3n, al argumentar que varios de los bienes decomisados a M\u00e1ximo y Florencia fueron heredados de su padre,&nbsp;<strong>N\u00e9stor Kirchner,&nbsp;<\/strong>o recibidos por cesi\u00f3n en 2016, y que incluso algunos fueron adquiridos con anterioridad al per\u00edodo de la maniobra investigada.<\/p>\n\n\n\n<p>Los bienes decomisados pasar\u00e1n a la \u00f3rbita de la\u00a0Corte Suprema de Justicia y el m\u00e1ximo tribunal se encargar\u00e1 de su administraci\u00f3n y eventual venta.<\/p>\n\n\n\n<p>La causa Vialidad, por la cual Cristina Kirchner est\u00e1 cumpliendo de manera domicilairia una condena de seis a\u00f1os de prisi\u00f3n, constat\u00f3 un esquema de corrupci\u00f3n con constantes contratos de obra p\u00fablica en Santa Cruz a favor de B\u00e1ez, con sobreprecios y obras inconclusas o deficientes.&nbsp;<\/p>\n\n\n\n<p><\/p>\n","protected":false},"excerpt":{"rendered":"<p>La&nbsp;C\u00e1mara Federal de Casaci\u00f3n Penal orden\u00f3 este viernes avanzar con la ejecuci\u00f3n de bienes de la ex presidenta Cristina Kirchner y sus hijos para cubrir el monto de dinero fijado&hellip;<\/p>\n","protected":false},"author":3,"featured_media":306027,"comment_status":"closed","ping_status":"open","sticky":false,"template":"","format":"standard","meta":{"_acf_changed":false,"footnotes":""},"categories":[1,8],"tags":[],"class_list":["post-325684","post","type-post","status-publish","format-standard","has-post-thumbnail","hentry","category-es-noticia","category-politica"],"acf":[],"yoast_head":"<!-- This site is optimized with the Yoast SEO plugin v27.4 - https:\/\/yoast.com\/product\/yoast-seo-wordpress\/ -->\n<title>La Justicia avanza contra Cristina Kirchner y ordena ejecutar sus bienes por la causa Vialidad - Diario Textual<\/title>\n<meta name=\"robots\" content=\"index, follow, max-snippet:-1, max-image-preview:large, max-video-preview:-1\" \/>\n<link rel=\"canonical\" href=\"https:\/\/diariotextual.com\/inicio\/index.php\/2026\/04\/24\/la-justicia-avanza-contra-cristina-kirchner-y-ordena-ejecutar-sus-bienes-por-la-causa-vialidad\/\" \/>\n<meta property=\"og:locale\" content=\"es_ES\" \/>\n<meta property=\"og:type\" content=\"article\" \/>\n<meta property=\"og:title\" content=\"La Justicia avanza contra Cristina Kirchner y ordena ejecutar sus bienes por la causa Vialidad - Diario Textual\" \/>\n<meta property=\"og:description\" content=\"La&nbsp;C\u00e1mara Federal de Casaci\u00f3n Penal orden\u00f3 este viernes avanzar con la ejecuci\u00f3n de bienes de la ex presidenta Cristina Kirchner y sus hijos para cubrir el monto de dinero fijado&hellip;\" \/>\n<meta property=\"og:url\" content=\"https:\/\/diariotextual.com\/inicio\/index.php\/2026\/04\/24\/la-justicia-avanza-contra-cristina-kirchner-y-ordena-ejecutar-sus-bienes-por-la-causa-vialidad\/\" \/>\n<meta property=\"og:site_name\" content=\"Diario Textual\" \/>\n<meta property=\"article:publisher\" content=\"https:\/\/www.facebook.com\/eltextual\" \/>\n<meta property=\"article:published_time\" content=\"2026-04-24T20:12:56+00:00\" \/>\n<meta property=\"article:modified_time\" content=\"2026-04-24T20:46:27+00:00\" \/>\n<meta property=\"og:image\" content=\"https:\/\/diariotextual.com\/inicio\/wp-content\/uploads\/2025\/09\/cristinabalcon2025.jpg\" \/>\n\t<meta property=\"og:image:width\" content=\"661\" \/>\n\t<meta property=\"og:image:height\" content=\"440\" \/>\n\t<meta property=\"og:image:type\" content=\"image\/jpeg\" \/>\n<meta name=\"author\" content=\"Diario1 Diario1\" \/>\n<meta name=\"twitter:card\" content=\"summary_large_image\" \/>\n<meta name=\"twitter:creator\" content=\"@eltextual\" \/>\n<meta name=\"twitter:site\" content=\"@eltextual\" \/>\n<meta name=\"twitter:label1\" content=\"Escrito por\" \/>\n\t<meta name=\"twitter:data1\" content=\"Diario1 Diario1\" \/>\n\t<meta name=\"twitter:label2\" content=\"Tiempo de lectura\" \/>\n\t<meta name=\"twitter:data2\" content=\"2 minutos\" \/>\n<script type=\"application\/ld+json\" class=\"yoast-schema-graph\">{\"@context\":\"https:\\\/\\\/schema.org\",\"@graph\":[{\"@type\":\"Article\",\"@id\":\"https:\\\/\\\/diariotextual.com\\\/inicio\\\/index.php\\\/2026\\\/04\\\/24\\\/la-justicia-avanza-contra-cristina-kirchner-y-ordena-ejecutar-sus-bienes-por-la-causa-vialidad\\\/#article\",\"isPartOf\":{\"@id\":\"https:\\\/\\\/diariotextual.com\\\/inicio\\\/index.php\\\/2026\\\/04\\\/24\\\/la-justicia-avanza-contra-cristina-kirchner-y-ordena-ejecutar-sus-bienes-por-la-causa-vialidad\\\/\"},\"author\":{\"name\":\"Diario1 Diario1\",\"@id\":\"https:\\\/\\\/diariotextual.com\\\/inicio\\\/#\\\/schema\\\/person\\\/418fc4093c33e86ed41562db3508f958\"},\"headline\":\"La Justicia avanza contra Cristina Kirchner y ordena ejecutar sus bienes por la causa Vialidad\",\"datePublished\":\"2026-04-24T20:12:56+00:00\",\"dateModified\":\"2026-04-24T20:46:27+00:00\",\"mainEntityOfPage\":{\"@id\":\"https:\\\/\\\/diariotextual.com\\\/inicio\\\/index.php\\\/2026\\\/04\\\/24\\\/la-justicia-avanza-contra-cristina-kirchner-y-ordena-ejecutar-sus-bienes-por-la-causa-vialidad\\\/\"},\"wordCount\":379,\"publisher\":{\"@id\":\"https:\\\/\\\/diariotextual.com\\\/inicio\\\/#organization\"},\"image\":{\"@id\":\"https:\\\/\\\/diariotextual.com\\\/inicio\\\/index.php\\\/2026\\\/04\\\/24\\\/la-justicia-avanza-contra-cristina-kirchner-y-ordena-ejecutar-sus-bienes-por-la-causa-vialidad\\\/#primaryimage\"},\"thumbnailUrl\":\"https:\\\/\\\/diariotextual.com\\\/inicio\\\/wp-content\\\/uploads\\\/2025\\\/09\\\/cristinabalcon2025.jpg\",\"articleSection\":[\"A - ES NOTICIA (van abajo)\",\"POLITICA\"],\"inLanguage\":\"es\"},{\"@type\":\"WebPage\",\"@id\":\"https:\\\/\\\/diariotextual.com\\\/inicio\\\/index.php\\\/2026\\\/04\\\/24\\\/la-justicia-avanza-contra-cristina-kirchner-y-ordena-ejecutar-sus-bienes-por-la-causa-vialidad\\\/\",\"url\":\"https:\\\/\\\/diariotextual.com\\\/inicio\\\/index.php\\\/2026\\\/04\\\/24\\\/la-justicia-avanza-contra-cristina-kirchner-y-ordena-ejecutar-sus-bienes-por-la-causa-vialidad\\\/\",\"name\":\"La Justicia avanza contra Cristina Kirchner y ordena ejecutar sus bienes por la causa Vialidad - Diario Textual\",\"isPartOf\":{\"@id\":\"https:\\\/\\\/diariotextual.com\\\/inicio\\\/#website\"},\"primaryImageOfPage\":{\"@id\":\"https:\\\/\\\/diariotextual.com\\\/inicio\\\/index.php\\\/2026\\\/04\\\/24\\\/la-justicia-avanza-contra-cristina-kirchner-y-ordena-ejecutar-sus-bienes-por-la-causa-vialidad\\\/#primaryimage\"},\"image\":{\"@id\":\"https:\\\/\\\/diariotextual.com\\\/inicio\\\/index.php\\\/2026\\\/04\\\/24\\\/la-justicia-avanza-contra-cristina-kirchner-y-ordena-ejecutar-sus-bienes-por-la-causa-vialidad\\\/#primaryimage\"},\"thumbnailUrl\":\"https:\\\/\\\/diariotextual.com\\\/inicio\\\/wp-content\\\/uploads\\\/2025\\\/09\\\/cristinabalcon2025.jpg\",\"datePublished\":\"2026-04-24T20:12:56+00:00\",\"dateModified\":\"2026-04-24T20:46:27+00:00\",\"breadcrumb\":{\"@id\":\"https:\\\/\\\/diariotextual.com\\\/inicio\\\/index.php\\\/2026\\\/04\\\/24\\\/la-justicia-avanza-contra-cristina-kirchner-y-ordena-ejecutar-sus-bienes-por-la-causa-vialidad\\\/#breadcrumb\"},\"inLanguage\":\"es\",\"potentialAction\":[{\"@type\":\"ReadAction\",\"target\":[\"https:\\\/\\\/diariotextual.com\\\/inicio\\\/index.php\\\/2026\\\/04\\\/24\\\/la-justicia-avanza-contra-cristina-kirchner-y-ordena-ejecutar-sus-bienes-por-la-causa-vialidad\\\/\"]}]},{\"@type\":\"ImageObject\",\"inLanguage\":\"es\",\"@id\":\"https:\\\/\\\/diariotextual.com\\\/inicio\\\/index.php\\\/2026\\\/04\\\/24\\\/la-justicia-avanza-contra-cristina-kirchner-y-ordena-ejecutar-sus-bienes-por-la-causa-vialidad\\\/#primaryimage\",\"url\":\"https:\\\/\\\/diariotextual.com\\\/inicio\\\/wp-content\\\/uploads\\\/2025\\\/09\\\/cristinabalcon2025.jpg\",\"contentUrl\":\"https:\\\/\\\/diariotextual.com\\\/inicio\\\/wp-content\\\/uploads\\\/2025\\\/09\\\/cristinabalcon2025.jpg\",\"width\":661,\"height\":440},{\"@type\":\"BreadcrumbList\",\"@id\":\"https:\\\/\\\/diariotextual.com\\\/inicio\\\/index.php\\\/2026\\\/04\\\/24\\\/la-justicia-avanza-contra-cristina-kirchner-y-ordena-ejecutar-sus-bienes-por-la-causa-vialidad\\\/#breadcrumb\",\"itemListElement\":[{\"@type\":\"ListItem\",\"position\":1,\"name\":\"Portada\",\"item\":\"https:\\\/\\\/diariotextual.com\\\/inicio\\\/\"},{\"@type\":\"ListItem\",\"position\":2,\"name\":\"La Justicia avanza contra Cristina Kirchner y ordena ejecutar sus bienes por la causa Vialidad\"}]},{\"@type\":\"WebSite\",\"@id\":\"https:\\\/\\\/diariotextual.com\\\/inicio\\\/#website\",\"url\":\"https:\\\/\\\/diariotextual.com\\\/inicio\\\/\",\"name\":\"Diario Textual\",\"description\":\"\",\"publisher\":{\"@id\":\"https:\\\/\\\/diariotextual.com\\\/inicio\\\/#organization\"},\"potentialAction\":[{\"@type\":\"SearchAction\",\"target\":{\"@type\":\"EntryPoint\",\"urlTemplate\":\"https:\\\/\\\/diariotextual.com\\\/inicio\\\/?s={search_term_string}\"},\"query-input\":{\"@type\":\"PropertyValueSpecification\",\"valueRequired\":true,\"valueName\":\"search_term_string\"}}],\"inLanguage\":\"es\"},{\"@type\":\"Organization\",\"@id\":\"https:\\\/\\\/diariotextual.com\\\/inicio\\\/#organization\",\"name\":\"Diario Textual\",\"url\":\"https:\\\/\\\/diariotextual.com\\\/inicio\\\/\",\"logo\":{\"@type\":\"ImageObject\",\"inLanguage\":\"es\",\"@id\":\"https:\\\/\\\/diariotextual.com\\\/inicio\\\/#\\\/schema\\\/logo\\\/image\\\/\",\"url\":\"https:\\\/\\\/diariotextual.com\\\/inicio\\\/wp-content\\\/uploads\\\/2023\\\/05\\\/logotextual1.jpg\",\"contentUrl\":\"https:\\\/\\\/diariotextual.com\\\/inicio\\\/wp-content\\\/uploads\\\/2023\\\/05\\\/logotextual1.jpg\",\"width\":516,\"height\":76,\"caption\":\"Diario Textual\"},\"image\":{\"@id\":\"https:\\\/\\\/diariotextual.com\\\/inicio\\\/#\\\/schema\\\/logo\\\/image\\\/\"},\"sameAs\":[\"https:\\\/\\\/www.facebook.com\\\/eltextual\",\"https:\\\/\\\/x.com\\\/eltextual\",\"http:\\\/\\\/www.instagram.com\\\/eltextual\"]},{\"@type\":\"Person\",\"@id\":\"https:\\\/\\\/diariotextual.com\\\/inicio\\\/#\\\/schema\\\/person\\\/418fc4093c33e86ed41562db3508f958\",\"name\":\"Diario1 Diario1\",\"image\":{\"@type\":\"ImageObject\",\"inLanguage\":\"es\",\"@id\":\"https:\\\/\\\/secure.gravatar.com\\\/avatar\\\/9167d280179c85bc18be67aa7eda765854300033af4896dd779b608640f2ef7a?s=96&d=mm&r=g\",\"url\":\"https:\\\/\\\/secure.gravatar.com\\\/avatar\\\/9167d280179c85bc18be67aa7eda765854300033af4896dd779b608640f2ef7a?s=96&d=mm&r=g\",\"contentUrl\":\"https:\\\/\\\/secure.gravatar.com\\\/avatar\\\/9167d280179c85bc18be67aa7eda765854300033af4896dd779b608640f2ef7a?s=96&d=mm&r=g\",\"caption\":\"Diario1 Diario1\"},\"url\":\"https:\\\/\\\/diariotextual.com\\\/inicio\\\/index.php\\\/author\\\/diario1\\\/\"}]}<\/script>\n<!-- \/ Yoast SEO plugin. -->","yoast_head_json":{"title":"La Justicia avanza contra Cristina Kirchner y ordena ejecutar sus bienes por la causa Vialidad - Diario Textual","robots":{"index":"index","follow":"follow","max-snippet":"max-snippet:-1","max-image-preview":"max-image-preview:large","max-video-preview":"max-video-preview:-1"},"canonical":"https:\/\/diariotextual.com\/inicio\/index.php\/2026\/04\/24\/la-justicia-avanza-contra-cristina-kirchner-y-ordena-ejecutar-sus-bienes-por-la-causa-vialidad\/","og_locale":"es_ES","og_type":"article","og_title":"La Justicia avanza contra Cristina Kirchner y ordena ejecutar sus bienes por la causa Vialidad - Diario Textual","og_description":"La&nbsp;C\u00e1mara Federal de Casaci\u00f3n Penal orden\u00f3 este viernes avanzar con la ejecuci\u00f3n de bienes de la ex presidenta Cristina Kirchner y sus hijos para cubrir el monto de dinero fijado&hellip;","og_url":"https:\/\/diariotextual.com\/inicio\/index.php\/2026\/04\/24\/la-justicia-avanza-contra-cristina-kirchner-y-ordena-ejecutar-sus-bienes-por-la-causa-vialidad\/","og_site_name":"Diario Textual","article_publisher":"https:\/\/www.facebook.com\/eltextual","article_published_time":"2026-04-24T20:12:56+00:00","article_modified_time":"2026-04-24T20:46:27+00:00","og_image":[{"width":661,"height":440,"url":"https:\/\/diariotextual.com\/inicio\/wp-content\/uploads\/2025\/09\/cristinabalcon2025.jpg","type":"image\/jpeg"}],"author":"Diario1 Diario1","twitter_card":"summary_large_image","twitter_creator":"@eltextual","twitter_site":"@eltextual","twitter_misc":{"Escrito por":"Diario1 Diario1","Tiempo de lectura":"2 minutos"},"schema":{"@context":"https:\/\/schema.org","@graph":[{"@type":"Article","@id":"https:\/\/diariotextual.com\/inicio\/index.php\/2026\/04\/24\/la-justicia-avanza-contra-cristina-kirchner-y-ordena-ejecutar-sus-bienes-por-la-causa-vialidad\/#article","isPartOf":{"@id":"https:\/\/diariotextual.com\/inicio\/index.php\/2026\/04\/24\/la-justicia-avanza-contra-cristina-kirchner-y-ordena-ejecutar-sus-bienes-por-la-causa-vialidad\/"},"author":{"name":"Diario1 Diario1","@id":"https:\/\/diariotextual.com\/inicio\/#\/schema\/person\/418fc4093c33e86ed41562db3508f958"},"headline":"La Justicia avanza contra Cristina Kirchner y ordena ejecutar sus bienes por la causa Vialidad","datePublished":"2026-04-24T20:12:56+00:00","dateModified":"2026-04-24T20:46:27+00:00","mainEntityOfPage":{"@id":"https:\/\/diariotextual.com\/inicio\/index.php\/2026\/04\/24\/la-justicia-avanza-contra-cristina-kirchner-y-ordena-ejecutar-sus-bienes-por-la-causa-vialidad\/"},"wordCount":379,"publisher":{"@id":"https:\/\/diariotextual.com\/inicio\/#organization"},"image":{"@id":"https:\/\/diariotextual.com\/inicio\/index.php\/2026\/04\/24\/la-justicia-avanza-contra-cristina-kirchner-y-ordena-ejecutar-sus-bienes-por-la-causa-vialidad\/#primaryimage"},"thumbnailUrl":"https:\/\/diariotextual.com\/inicio\/wp-content\/uploads\/2025\/09\/cristinabalcon2025.jpg","articleSection":["A - ES NOTICIA (van abajo)","POLITICA"],"inLanguage":"es"},{"@type":"WebPage","@id":"https:\/\/diariotextual.com\/inicio\/index.php\/2026\/04\/24\/la-justicia-avanza-contra-cristina-kirchner-y-ordena-ejecutar-sus-bienes-por-la-causa-vialidad\/","url":"https:\/\/diariotextual.com\/inicio\/index.php\/2026\/04\/24\/la-justicia-avanza-contra-cristina-kirchner-y-ordena-ejecutar-sus-bienes-por-la-causa-vialidad\/","name":"La Justicia avanza contra Cristina Kirchner y ordena ejecutar sus bienes por la causa Vialidad - Diario Textual","isPartOf":{"@id":"https:\/\/diariotextual.com\/inicio\/#website"},"primaryImageOfPage":{"@id":"https:\/\/diariotextual.com\/inicio\/index.php\/2026\/04\/24\/la-justicia-avanza-contra-cristina-kirchner-y-ordena-ejecutar-sus-bienes-por-la-causa-vialidad\/#primaryimage"},"image":{"@id":"https:\/\/diariotextual.com\/inicio\/index.php\/2026\/04\/24\/la-justicia-avanza-contra-cristina-kirchner-y-ordena-ejecutar-sus-bienes-por-la-causa-vialidad\/#primaryimage"},"thumbnailUrl":"https:\/\/diariotextual.com\/inicio\/wp-content\/uploads\/2025\/09\/cristinabalcon2025.jpg","datePublished":"2026-04-24T20:12:56+00:00","dateModified":"2026-04-24T20:46:27+00:00","breadcrumb":{"@id":"https:\/\/diariotextual.com\/inicio\/index.php\/2026\/04\/24\/la-justicia-avanza-contra-cristina-kirchner-y-ordena-ejecutar-sus-bienes-por-la-causa-vialidad\/#breadcrumb"},"inLanguage":"es","potentialAction":[{"@type":"ReadAction","target":["https:\/\/diariotextual.com\/inicio\/index.php\/2026\/04\/24\/la-justicia-avanza-contra-cristina-kirchner-y-ordena-ejecutar-sus-bienes-por-la-causa-vialidad\/"]}]},{"@type":"ImageObject","inLanguage":"es","@id":"https:\/\/diariotextual.com\/inicio\/index.php\/2026\/04\/24\/la-justicia-avanza-contra-cristina-kirchner-y-ordena-ejecutar-sus-bienes-por-la-causa-vialidad\/#primaryimage","url":"https:\/\/diariotextual.com\/inicio\/wp-content\/uploads\/2025\/09\/cristinabalcon2025.jpg","contentUrl":"https:\/\/diariotextual.com\/inicio\/wp-content\/uploads\/2025\/09\/cristinabalcon2025.jpg","width":661,"height":440},{"@type":"BreadcrumbList","@id":"https:\/\/diariotextual.com\/inicio\/index.php\/2026\/04\/24\/la-justicia-avanza-contra-cristina-kirchner-y-ordena-ejecutar-sus-bienes-por-la-causa-vialidad\/#breadcrumb","itemListElement":[{"@type":"ListItem","position":1,"name":"Portada","item":"https:\/\/diariotextual.com\/inicio\/"},{"@type":"ListItem","position":2,"name":"La Justicia avanza contra Cristina Kirchner y ordena ejecutar sus bienes por la causa Vialidad"}]},{"@type":"WebSite","@id":"https:\/\/diariotextual.com\/inicio\/#website","url":"https:\/\/diariotextual.com\/inicio\/","name":"Diario Textual","description":"","publisher":{"@id":"https:\/\/diariotextual.com\/inicio\/#organization"},"potentialAction":[{"@type":"SearchAction","target":{"@type":"EntryPoint","urlTemplate":"https:\/\/diariotextual.com\/inicio\/?s={search_term_string}"},"query-input":{"@type":"PropertyValueSpecification","valueRequired":true,"valueName":"search_term_string"}}],"inLanguage":"es"},{"@type":"Organization","@id":"https:\/\/diariotextual.com\/inicio\/#organization","name":"Diario Textual","url":"https:\/\/diariotextual.com\/inicio\/","logo":{"@type":"ImageObject","inLanguage":"es","@id":"https:\/\/diariotextual.com\/inicio\/#\/schema\/logo\/image\/","url":"https:\/\/diariotextual.com\/inicio\/wp-content\/uploads\/2023\/05\/logotextual1.jpg","contentUrl":"https:\/\/diariotextual.com\/inicio\/wp-content\/uploads\/2023\/05\/logotextual1.jpg","width":516,"height":76,"caption":"Diario Textual"},"image":{"@id":"https:\/\/diariotextual.com\/inicio\/#\/schema\/logo\/image\/"},"sameAs":["https:\/\/www.facebook.com\/eltextual","https:\/\/x.com\/eltextual","http:\/\/www.instagram.com\/eltextual"]},{"@type":"Person","@id":"https:\/\/diariotextual.com\/inicio\/#\/schema\/person\/418fc4093c33e86ed41562db3508f958","name":"Diario1 Diario1","image":{"@type":"ImageObject","inLanguage":"es","@id":"https:\/\/secure.gravatar.com\/avatar\/9167d280179c85bc18be67aa7eda765854300033af4896dd779b608640f2ef7a?s=96&d=mm&r=g","url":"https:\/\/secure.gravatar.com\/avatar\/9167d280179c85bc18be67aa7eda765854300033af4896dd779b608640f2ef7a?s=96&d=mm&r=g","contentUrl":"https:\/\/secure.gravatar.com\/avatar\/9167d280179c85bc18be67aa7eda765854300033af4896dd779b608640f2ef7a?s=96&d=mm&r=g","caption":"Diario1 Diario1"},"url":"https:\/\/diariotextual.com\/inicio\/index.php\/author\/diario1\/"}]}},"_links":{"self":[{"href":"https:\/\/diariotextual.com\/inicio\/index.php\/wp-json\/wp\/v2\/posts\/325684","targetHints":{"allow":["GET"]}}],"collection":[{"href":"https:\/\/diariotextual.com\/inicio\/index.php\/wp-json\/wp\/v2\/posts"}],"about":[{"href":"https:\/\/diariotextual.com\/inicio\/index.php\/wp-json\/wp\/v2\/types\/post"}],"author":[{"embeddable":true,"href":"https:\/\/diariotextual.com\/inicio\/index.php\/wp-json\/wp\/v2\/users\/3"}],"replies":[{"embeddable":true,"href":"https:\/\/diariotextual.com\/inicio\/index.php\/wp-json\/wp\/v2\/comments?post=325684"}],"version-history":[{"count":1,"href":"https:\/\/diariotextual.com\/inicio\/index.php\/wp-json\/wp\/v2\/posts\/325684\/revisions"}],"predecessor-version":[{"id":325685,"href":"https:\/\/diariotextual.com\/inicio\/index.php\/wp-json\/wp\/v2\/posts\/325684\/revisions\/325685"}],"wp:featuredmedia":[{"embeddable":true,"href":"https:\/\/diariotextual.com\/inicio\/index.php\/wp-json\/wp\/v2\/media\/306027"}],"wp:attachment":[{"href":"https:\/\/diariotextual.com\/inicio\/index.php\/wp-json\/wp\/v2\/media?parent=325684"}],"wp:term":[{"taxonomy":"category","embeddable":true,"href":"https:\/\/diariotextual.com\/inicio\/index.php\/wp-json\/wp\/v2\/categories?post=325684"},{"taxonomy":"post_tag","embeddable":true,"href":"https:\/\/diariotextual.com\/inicio\/index.php\/wp-json\/wp\/v2\/tags?post=325684"}],"curies":[{"name":"wp","href":"https:\/\/api.w.org\/{rel}","templated":true}]}}