{"id":325686,"date":"2026-04-24T17:46:14","date_gmt":"2026-04-24T20:46:14","guid":{"rendered":"https:\/\/diariotextual.com\/inicio\/?p=325686"},"modified":"2026-04-25T08:18:43","modified_gmt":"2026-04-25T11:18:43","slug":"inauguro-la-expo-dinamica-el-sector-se-reencontro-mas-fuerte-que-nunca","status":"publish","type":"post","link":"https:\/\/diariotextual.com\/inicio\/index.php\/2026\/04\/24\/inauguro-la-expo-dinamica-el-sector-se-reencontro-mas-fuerte-que-nunca\/","title":{"rendered":"Inaugur\u00f3 la Expo Din\u00e1mica: el sector se reencontr\u00f3 m\u00e1s fuerte que nunca"},"content":{"rendered":"\n<p>Con la presencia de <strong>autoridades provinciales, municipales e institucionales<\/strong>, qued\u00f3 oficialmente inaugurada una nueva edici\u00f3n de la <strong>Expo Din\u00e1mica<\/strong> en el predio de la <strong>Facultad de Agronom\u00eda<\/strong> de la <strong>Universidad Nacional de La Pampa<\/strong>, ubicado en <strong>Ruta Nacional 35 Km 334<\/strong>, luego de la reprogramaci\u00f3n ocasionada por el reciente <strong>temporal<\/strong>.<\/p>\n\n\n\n<p>El acto de apertura estuvo encabezado por la <strong>decana L\u00eda Molas<\/strong>; el <strong>rector de la UNLPam, Oscar Alpa<\/strong>; la <strong>ministra de la Producci\u00f3n, Fernanda Gonz\u00e1lez<\/strong>; el <strong>intendente de Santa Rosa, Luciano di N\u00e1poli<\/strong>; y el <strong>presidente de la Asociaci\u00f3n Agr\u00edcola Ganadera de La Pampa, Ignacio de la Iglesia<\/strong>. Tambi\u00e9n acompa\u00f1\u00f3 el <strong>presidente de la Asociaci\u00f3n Cooperadora de la Facultad de Agronom\u00eda, Jorge Cervellini<\/strong>, junto a <strong>autoridades de la UNLPam<\/strong> y representantes de los \u00e1mbitos <strong>nacional, provincial y municipal<\/strong>, reforzando el <strong>trabajo conjunto<\/strong> que hace posible este evento.<\/p>\n\n\n\n<p>Durante la inauguraci\u00f3n, se destac\u00f3 el <strong>esfuerzo sostenido<\/strong> durante m\u00e1s de un a\u00f1o para concretar este <strong>espacio de vinculaci\u00f3n<\/strong>, as\u00ed como el <strong>compromiso de las empresas, instituciones y organismos<\/strong> que acompa\u00f1aron desde el primer d\u00eda. Asimismo, se puso en valor la <strong>capacidad de respuesta del sector frente a la adversidad<\/strong>, que permiti\u00f3 <strong>reprogramar el evento sin perder su esencia<\/strong>.<\/p>\n\n\n\n<div style=\"height:100px\" aria-hidden=\"true\" class=\"wp-block-spacer\"><\/div>\n\n\n\n<p><strong>Di N\u00e1poli<\/strong><\/p>\n\n\n\n<p>El <strong>intendente santarrose\u00f1o, Luciano di N\u00e1poli<\/strong>, destac\u00f3 la muestra. \u201cM\u00e1s <strong>trabajo pampeano<\/strong> tiene que llegar al mundo\u201d, dijo. \u201cLa <strong>Expo Din\u00e1mica<\/strong> es una muestra concreta de lo que pasa cuando el <strong>Estado y el sector privado<\/strong> trabajan juntos con una <strong>visi\u00f3n compartida<\/strong>. La <strong>UNLPam<\/strong> no es s\u00f3lo referencia por su <strong>calidad educativa<\/strong>, es la primera <strong>universidad del pa\u00eds<\/strong> en organizar y hacer crecer una exposici\u00f3n de este tipo. Eso es <strong>orgullo pampeano<\/strong> y hay que defenderlo\u201d, resalt\u00f3.<\/p>\n\n\n\n<p>\u201cNuestra <strong>universidad<\/strong>, orgullosamente, es la primera en tener una <strong>exposici\u00f3n de esta magnitud en la regi\u00f3n centro del pa\u00eds<\/strong>. Su comunidad, conformada por <strong>autoridades universitarias, docentes, nodocentes, estudiantes y graduados<\/strong>, tiene <strong>visi\u00f3n estrat\u00e9gica<\/strong>; por eso, hay que acompa\u00f1ar y decir presente\u201d, manifest\u00f3. \u201c<strong>Santa Rosa<\/strong> es parte del <strong>coraz\u00f3n productivo del pa\u00eds<\/strong>. Esta <strong>Expo Din\u00e1mica<\/strong>, con sus m\u00e1s de <strong>140 expositores<\/strong>, empuja el <strong>desarrollo del sector primario y agroindustrial de La Pampa<\/strong>. El desaf\u00edo que tenemos por delante es <strong>producir m\u00e1s y producir mejor<\/strong>, para que cada vez m\u00e1s <strong>trabajo pampeano<\/strong> llegue al mundo\u201d.<\/p>\n\n\n\n<div style=\"height:100px\" aria-hidden=\"true\" class=\"wp-block-spacer\"><\/div>\n\n\n\n<p><strong>Agenda<\/strong><\/p>\n\n\n\n<p>La <strong>Expo Din\u00e1mica<\/strong> mantiene su <strong>agenda en su totalidad<\/strong>, con las mismas <strong>charlas, din\u00e1micas y propuestas<\/strong> pensadas para el <strong>sector agropecuario<\/strong>, consolid\u00e1ndose como un <strong>espacio clave de encuentro, intercambio y proyecci\u00f3n<\/strong>.<\/p>\n\n\n\n<p>Adem\u00e1s, la muestra invita a recorrer una <strong>propuesta integral a cielo abierto<\/strong>: <strong>maquinaria en movimiento<\/strong>, las \u00faltimas <strong>tecnolog\u00edas aplicadas con drones<\/strong>, <strong>ensayos ganaderos<\/strong> y <strong>plots demostrativos<\/strong> que permiten conocer en campo las <strong>innovaciones<\/strong> que est\u00e1n transformando al sector.<\/p>\n\n\n\n<p>La muestra puede visitarse de <strong>9 a 19 horas<\/strong>, con <strong>entrada libre y gratuita<\/strong>, invitando a toda la comunidad a ser parte de esta <strong>experiencia \u00fanica en la regi\u00f3n<\/strong>.<\/p>\n\n\n\n<p>Esta nueva edici\u00f3n no solo representa la <strong>continuidad de una propuesta estrat\u00e9gica<\/strong>, sino tambi\u00e9n el reflejo de un <strong>sector que se adapta, se reorganiza y sigue adelante<\/strong>.<\/p>\n\n\n\n<p><\/p>\n","protected":false},"excerpt":{"rendered":"<p>Con la presencia de autoridades provinciales, municipales e institucionales, qued\u00f3 oficialmente inaugurada una nueva edici\u00f3n de la Expo Din\u00e1mica en el predio de la Facultad de Agronom\u00eda de la Universidad&hellip;<\/p>\n","protected":false},"author":3,"featured_media":325689,"comment_status":"closed","ping_status":"open","sticky":false,"template":"","format":"standard","meta":{"_acf_changed":false,"footnotes":""},"categories":[1,20],"tags":[],"class_list":["post-325686","post","type-post","status-publish","format-standard","has-post-thumbnail","hentry","category-es-noticia","category-campo"],"acf":[],"yoast_head":"<!-- This site is optimized with the Yoast SEO plugin v27.4 - https:\/\/yoast.com\/product\/yoast-seo-wordpress\/ -->\n<title>Inaugur\u00f3 la Expo Din\u00e1mica: el sector se reencontr\u00f3 m\u00e1s fuerte que nunca - Diario Textual<\/title>\n<meta name=\"robots\" content=\"index, follow, max-snippet:-1, max-image-preview:large, max-video-preview:-1\" \/>\n<link rel=\"canonical\" href=\"https:\/\/diariotextual.com\/inicio\/index.php\/2026\/04\/24\/inauguro-la-expo-dinamica-el-sector-se-reencontro-mas-fuerte-que-nunca\/\" \/>\n<meta property=\"og:locale\" content=\"es_ES\" \/>\n<meta property=\"og:type\" content=\"article\" \/>\n<meta property=\"og:title\" content=\"Inaugur\u00f3 la Expo Din\u00e1mica: el sector se reencontr\u00f3 m\u00e1s fuerte que nunca - Diario Textual\" \/>\n<meta property=\"og:description\" content=\"Con la presencia de autoridades provinciales, municipales e institucionales, qued\u00f3 oficialmente inaugurada una nueva edici\u00f3n de la Expo Din\u00e1mica en el predio de la Facultad de Agronom\u00eda de la Universidad&hellip;\" \/>\n<meta property=\"og:url\" content=\"https:\/\/diariotextual.com\/inicio\/index.php\/2026\/04\/24\/inauguro-la-expo-dinamica-el-sector-se-reencontro-mas-fuerte-que-nunca\/\" \/>\n<meta property=\"og:site_name\" content=\"Diario Textual\" \/>\n<meta property=\"article:publisher\" content=\"https:\/\/www.facebook.com\/eltextual\" \/>\n<meta property=\"article:published_time\" content=\"2026-04-24T20:46:14+00:00\" \/>\n<meta property=\"article:modified_time\" content=\"2026-04-25T11:18:43+00:00\" \/>\n<meta property=\"og:image\" content=\"https:\/\/diariotextual.com\/inicio\/wp-content\/uploads\/2026\/04\/expodinamicainauguracion2026-1.jpg\" \/>\n\t<meta property=\"og:image:width\" content=\"1200\" \/>\n\t<meta property=\"og:image:height\" content=\"799\" \/>\n\t<meta property=\"og:image:type\" content=\"image\/jpeg\" \/>\n<meta name=\"author\" content=\"Diario1 Diario1\" \/>\n<meta name=\"twitter:card\" content=\"summary_large_image\" \/>\n<meta name=\"twitter:creator\" content=\"@eltextual\" \/>\n<meta name=\"twitter:site\" content=\"@eltextual\" \/>\n<meta name=\"twitter:label1\" content=\"Escrito por\" \/>\n\t<meta name=\"twitter:data1\" content=\"Diario1 Diario1\" \/>\n\t<meta name=\"twitter:label2\" content=\"Tiempo de lectura\" \/>\n\t<meta name=\"twitter:data2\" content=\"3 minutos\" \/>\n<script type=\"application\/ld+json\" class=\"yoast-schema-graph\">{\"@context\":\"https:\\\/\\\/schema.org\",\"@graph\":[{\"@type\":\"Article\",\"@id\":\"https:\\\/\\\/diariotextual.com\\\/inicio\\\/index.php\\\/2026\\\/04\\\/24\\\/inauguro-la-expo-dinamica-el-sector-se-reencontro-mas-fuerte-que-nunca\\\/#article\",\"isPartOf\":{\"@id\":\"https:\\\/\\\/diariotextual.com\\\/inicio\\\/index.php\\\/2026\\\/04\\\/24\\\/inauguro-la-expo-dinamica-el-sector-se-reencontro-mas-fuerte-que-nunca\\\/\"},\"author\":{\"name\":\"Diario1 Diario1\",\"@id\":\"https:\\\/\\\/diariotextual.com\\\/inicio\\\/#\\\/schema\\\/person\\\/418fc4093c33e86ed41562db3508f958\"},\"headline\":\"Inaugur\u00f3 la Expo Din\u00e1mica: el sector se reencontr\u00f3 m\u00e1s fuerte que nunca\",\"datePublished\":\"2026-04-24T20:46:14+00:00\",\"dateModified\":\"2026-04-25T11:18:43+00:00\",\"mainEntityOfPage\":{\"@id\":\"https:\\\/\\\/diariotextual.com\\\/inicio\\\/index.php\\\/2026\\\/04\\\/24\\\/inauguro-la-expo-dinamica-el-sector-se-reencontro-mas-fuerte-que-nunca\\\/\"},\"wordCount\":555,\"publisher\":{\"@id\":\"https:\\\/\\\/diariotextual.com\\\/inicio\\\/#organization\"},\"image\":{\"@id\":\"https:\\\/\\\/diariotextual.com\\\/inicio\\\/index.php\\\/2026\\\/04\\\/24\\\/inauguro-la-expo-dinamica-el-sector-se-reencontro-mas-fuerte-que-nunca\\\/#primaryimage\"},\"thumbnailUrl\":\"https:\\\/\\\/diariotextual.com\\\/inicio\\\/wp-content\\\/uploads\\\/2026\\\/04\\\/expodinamicainauguracion2026-1.jpg\",\"articleSection\":[\"A - ES NOTICIA (van abajo)\",\"CAMPO\"],\"inLanguage\":\"es\"},{\"@type\":\"WebPage\",\"@id\":\"https:\\\/\\\/diariotextual.com\\\/inicio\\\/index.php\\\/2026\\\/04\\\/24\\\/inauguro-la-expo-dinamica-el-sector-se-reencontro-mas-fuerte-que-nunca\\\/\",\"url\":\"https:\\\/\\\/diariotextual.com\\\/inicio\\\/index.php\\\/2026\\\/04\\\/24\\\/inauguro-la-expo-dinamica-el-sector-se-reencontro-mas-fuerte-que-nunca\\\/\",\"name\":\"Inaugur\u00f3 la Expo Din\u00e1mica: el sector se reencontr\u00f3 m\u00e1s fuerte que nunca - Diario Textual\",\"isPartOf\":{\"@id\":\"https:\\\/\\\/diariotextual.com\\\/inicio\\\/#website\"},\"primaryImageOfPage\":{\"@id\":\"https:\\\/\\\/diariotextual.com\\\/inicio\\\/index.php\\\/2026\\\/04\\\/24\\\/inauguro-la-expo-dinamica-el-sector-se-reencontro-mas-fuerte-que-nunca\\\/#primaryimage\"},\"image\":{\"@id\":\"https:\\\/\\\/diariotextual.com\\\/inicio\\\/index.php\\\/2026\\\/04\\\/24\\\/inauguro-la-expo-dinamica-el-sector-se-reencontro-mas-fuerte-que-nunca\\\/#primaryimage\"},\"thumbnailUrl\":\"https:\\\/\\\/diariotextual.com\\\/inicio\\\/wp-content\\\/uploads\\\/2026\\\/04\\\/expodinamicainauguracion2026-1.jpg\",\"datePublished\":\"2026-04-24T20:46:14+00:00\",\"dateModified\":\"2026-04-25T11:18:43+00:00\",\"breadcrumb\":{\"@id\":\"https:\\\/\\\/diariotextual.com\\\/inicio\\\/index.php\\\/2026\\\/04\\\/24\\\/inauguro-la-expo-dinamica-el-sector-se-reencontro-mas-fuerte-que-nunca\\\/#breadcrumb\"},\"inLanguage\":\"es\",\"potentialAction\":[{\"@type\":\"ReadAction\",\"target\":[\"https:\\\/\\\/diariotextual.com\\\/inicio\\\/index.php\\\/2026\\\/04\\\/24\\\/inauguro-la-expo-dinamica-el-sector-se-reencontro-mas-fuerte-que-nunca\\\/\"]}]},{\"@type\":\"ImageObject\",\"inLanguage\":\"es\",\"@id\":\"https:\\\/\\\/diariotextual.com\\\/inicio\\\/index.php\\\/2026\\\/04\\\/24\\\/inauguro-la-expo-dinamica-el-sector-se-reencontro-mas-fuerte-que-nunca\\\/#primaryimage\",\"url\":\"https:\\\/\\\/diariotextual.com\\\/inicio\\\/wp-content\\\/uploads\\\/2026\\\/04\\\/expodinamicainauguracion2026-1.jpg\",\"contentUrl\":\"https:\\\/\\\/diariotextual.com\\\/inicio\\\/wp-content\\\/uploads\\\/2026\\\/04\\\/expodinamicainauguracion2026-1.jpg\",\"width\":1200,\"height\":799},{\"@type\":\"BreadcrumbList\",\"@id\":\"https:\\\/\\\/diariotextual.com\\\/inicio\\\/index.php\\\/2026\\\/04\\\/24\\\/inauguro-la-expo-dinamica-el-sector-se-reencontro-mas-fuerte-que-nunca\\\/#breadcrumb\",\"itemListElement\":[{\"@type\":\"ListItem\",\"position\":1,\"name\":\"Portada\",\"item\":\"https:\\\/\\\/diariotextual.com\\\/inicio\\\/\"},{\"@type\":\"ListItem\",\"position\":2,\"name\":\"Inaugur\u00f3 la Expo Din\u00e1mica: el sector se reencontr\u00f3 m\u00e1s fuerte que nunca\"}]},{\"@type\":\"WebSite\",\"@id\":\"https:\\\/\\\/diariotextual.com\\\/inicio\\\/#website\",\"url\":\"https:\\\/\\\/diariotextual.com\\\/inicio\\\/\",\"name\":\"Diario Textual\",\"description\":\"\",\"publisher\":{\"@id\":\"https:\\\/\\\/diariotextual.com\\\/inicio\\\/#organization\"},\"potentialAction\":[{\"@type\":\"SearchAction\",\"target\":{\"@type\":\"EntryPoint\",\"urlTemplate\":\"https:\\\/\\\/diariotextual.com\\\/inicio\\\/?s={search_term_string}\"},\"query-input\":{\"@type\":\"PropertyValueSpecification\",\"valueRequired\":true,\"valueName\":\"search_term_string\"}}],\"inLanguage\":\"es\"},{\"@type\":\"Organization\",\"@id\":\"https:\\\/\\\/diariotextual.com\\\/inicio\\\/#organization\",\"name\":\"Diario Textual\",\"url\":\"https:\\\/\\\/diariotextual.com\\\/inicio\\\/\",\"logo\":{\"@type\":\"ImageObject\",\"inLanguage\":\"es\",\"@id\":\"https:\\\/\\\/diariotextual.com\\\/inicio\\\/#\\\/schema\\\/logo\\\/image\\\/\",\"url\":\"https:\\\/\\\/diariotextual.com\\\/inicio\\\/wp-content\\\/uploads\\\/2023\\\/05\\\/logotextual1.jpg\",\"contentUrl\":\"https:\\\/\\\/diariotextual.com\\\/inicio\\\/wp-content\\\/uploads\\\/2023\\\/05\\\/logotextual1.jpg\",\"width\":516,\"height\":76,\"caption\":\"Diario Textual\"},\"image\":{\"@id\":\"https:\\\/\\\/diariotextual.com\\\/inicio\\\/#\\\/schema\\\/logo\\\/image\\\/\"},\"sameAs\":[\"https:\\\/\\\/www.facebook.com\\\/eltextual\",\"https:\\\/\\\/x.com\\\/eltextual\",\"http:\\\/\\\/www.instagram.com\\\/eltextual\"]},{\"@type\":\"Person\",\"@id\":\"https:\\\/\\\/diariotextual.com\\\/inicio\\\/#\\\/schema\\\/person\\\/418fc4093c33e86ed41562db3508f958\",\"name\":\"Diario1 Diario1\",\"image\":{\"@type\":\"ImageObject\",\"inLanguage\":\"es\",\"@id\":\"https:\\\/\\\/secure.gravatar.com\\\/avatar\\\/9167d280179c85bc18be67aa7eda765854300033af4896dd779b608640f2ef7a?s=96&d=mm&r=g\",\"url\":\"https:\\\/\\\/secure.gravatar.com\\\/avatar\\\/9167d280179c85bc18be67aa7eda765854300033af4896dd779b608640f2ef7a?s=96&d=mm&r=g\",\"contentUrl\":\"https:\\\/\\\/secure.gravatar.com\\\/avatar\\\/9167d280179c85bc18be67aa7eda765854300033af4896dd779b608640f2ef7a?s=96&d=mm&r=g\",\"caption\":\"Diario1 Diario1\"},\"url\":\"https:\\\/\\\/diariotextual.com\\\/inicio\\\/index.php\\\/author\\\/diario1\\\/\"}]}<\/script>\n<!-- \/ Yoast SEO plugin. -->","yoast_head_json":{"title":"Inaugur\u00f3 la Expo Din\u00e1mica: el sector se reencontr\u00f3 m\u00e1s fuerte que nunca - Diario Textual","robots":{"index":"index","follow":"follow","max-snippet":"max-snippet:-1","max-image-preview":"max-image-preview:large","max-video-preview":"max-video-preview:-1"},"canonical":"https:\/\/diariotextual.com\/inicio\/index.php\/2026\/04\/24\/inauguro-la-expo-dinamica-el-sector-se-reencontro-mas-fuerte-que-nunca\/","og_locale":"es_ES","og_type":"article","og_title":"Inaugur\u00f3 la Expo Din\u00e1mica: el sector se reencontr\u00f3 m\u00e1s fuerte que nunca - Diario Textual","og_description":"Con la presencia de autoridades provinciales, municipales e institucionales, qued\u00f3 oficialmente inaugurada una nueva edici\u00f3n de la Expo Din\u00e1mica en el predio de la Facultad de Agronom\u00eda de la Universidad&hellip;","og_url":"https:\/\/diariotextual.com\/inicio\/index.php\/2026\/04\/24\/inauguro-la-expo-dinamica-el-sector-se-reencontro-mas-fuerte-que-nunca\/","og_site_name":"Diario Textual","article_publisher":"https:\/\/www.facebook.com\/eltextual","article_published_time":"2026-04-24T20:46:14+00:00","article_modified_time":"2026-04-25T11:18:43+00:00","og_image":[{"width":1200,"height":799,"url":"https:\/\/diariotextual.com\/inicio\/wp-content\/uploads\/2026\/04\/expodinamicainauguracion2026-1.jpg","type":"image\/jpeg"}],"author":"Diario1 Diario1","twitter_card":"summary_large_image","twitter_creator":"@eltextual","twitter_site":"@eltextual","twitter_misc":{"Escrito por":"Diario1 Diario1","Tiempo de lectura":"3 minutos"},"schema":{"@context":"https:\/\/schema.org","@graph":[{"@type":"Article","@id":"https:\/\/diariotextual.com\/inicio\/index.php\/2026\/04\/24\/inauguro-la-expo-dinamica-el-sector-se-reencontro-mas-fuerte-que-nunca\/#article","isPartOf":{"@id":"https:\/\/diariotextual.com\/inicio\/index.php\/2026\/04\/24\/inauguro-la-expo-dinamica-el-sector-se-reencontro-mas-fuerte-que-nunca\/"},"author":{"name":"Diario1 Diario1","@id":"https:\/\/diariotextual.com\/inicio\/#\/schema\/person\/418fc4093c33e86ed41562db3508f958"},"headline":"Inaugur\u00f3 la Expo Din\u00e1mica: el sector se reencontr\u00f3 m\u00e1s fuerte que nunca","datePublished":"2026-04-24T20:46:14+00:00","dateModified":"2026-04-25T11:18:43+00:00","mainEntityOfPage":{"@id":"https:\/\/diariotextual.com\/inicio\/index.php\/2026\/04\/24\/inauguro-la-expo-dinamica-el-sector-se-reencontro-mas-fuerte-que-nunca\/"},"wordCount":555,"publisher":{"@id":"https:\/\/diariotextual.com\/inicio\/#organization"},"image":{"@id":"https:\/\/diariotextual.com\/inicio\/index.php\/2026\/04\/24\/inauguro-la-expo-dinamica-el-sector-se-reencontro-mas-fuerte-que-nunca\/#primaryimage"},"thumbnailUrl":"https:\/\/diariotextual.com\/inicio\/wp-content\/uploads\/2026\/04\/expodinamicainauguracion2026-1.jpg","articleSection":["A - ES NOTICIA (van abajo)","CAMPO"],"inLanguage":"es"},{"@type":"WebPage","@id":"https:\/\/diariotextual.com\/inicio\/index.php\/2026\/04\/24\/inauguro-la-expo-dinamica-el-sector-se-reencontro-mas-fuerte-que-nunca\/","url":"https:\/\/diariotextual.com\/inicio\/index.php\/2026\/04\/24\/inauguro-la-expo-dinamica-el-sector-se-reencontro-mas-fuerte-que-nunca\/","name":"Inaugur\u00f3 la Expo Din\u00e1mica: el sector se reencontr\u00f3 m\u00e1s fuerte que nunca - Diario Textual","isPartOf":{"@id":"https:\/\/diariotextual.com\/inicio\/#website"},"primaryImageOfPage":{"@id":"https:\/\/diariotextual.com\/inicio\/index.php\/2026\/04\/24\/inauguro-la-expo-dinamica-el-sector-se-reencontro-mas-fuerte-que-nunca\/#primaryimage"},"image":{"@id":"https:\/\/diariotextual.com\/inicio\/index.php\/2026\/04\/24\/inauguro-la-expo-dinamica-el-sector-se-reencontro-mas-fuerte-que-nunca\/#primaryimage"},"thumbnailUrl":"https:\/\/diariotextual.com\/inicio\/wp-content\/uploads\/2026\/04\/expodinamicainauguracion2026-1.jpg","datePublished":"2026-04-24T20:46:14+00:00","dateModified":"2026-04-25T11:18:43+00:00","breadcrumb":{"@id":"https:\/\/diariotextual.com\/inicio\/index.php\/2026\/04\/24\/inauguro-la-expo-dinamica-el-sector-se-reencontro-mas-fuerte-que-nunca\/#breadcrumb"},"inLanguage":"es","potentialAction":[{"@type":"ReadAction","target":["https:\/\/diariotextual.com\/inicio\/index.php\/2026\/04\/24\/inauguro-la-expo-dinamica-el-sector-se-reencontro-mas-fuerte-que-nunca\/"]}]},{"@type":"ImageObject","inLanguage":"es","@id":"https:\/\/diariotextual.com\/inicio\/index.php\/2026\/04\/24\/inauguro-la-expo-dinamica-el-sector-se-reencontro-mas-fuerte-que-nunca\/#primaryimage","url":"https:\/\/diariotextual.com\/inicio\/wp-content\/uploads\/2026\/04\/expodinamicainauguracion2026-1.jpg","contentUrl":"https:\/\/diariotextual.com\/inicio\/wp-content\/uploads\/2026\/04\/expodinamicainauguracion2026-1.jpg","width":1200,"height":799},{"@type":"BreadcrumbList","@id":"https:\/\/diariotextual.com\/inicio\/index.php\/2026\/04\/24\/inauguro-la-expo-dinamica-el-sector-se-reencontro-mas-fuerte-que-nunca\/#breadcrumb","itemListElement":[{"@type":"ListItem","position":1,"name":"Portada","item":"https:\/\/diariotextual.com\/inicio\/"},{"@type":"ListItem","position":2,"name":"Inaugur\u00f3 la Expo Din\u00e1mica: el sector se reencontr\u00f3 m\u00e1s fuerte que nunca"}]},{"@type":"WebSite","@id":"https:\/\/diariotextual.com\/inicio\/#website","url":"https:\/\/diariotextual.com\/inicio\/","name":"Diario Textual","description":"","publisher":{"@id":"https:\/\/diariotextual.com\/inicio\/#organization"},"potentialAction":[{"@type":"SearchAction","target":{"@type":"EntryPoint","urlTemplate":"https:\/\/diariotextual.com\/inicio\/?s={search_term_string}"},"query-input":{"@type":"PropertyValueSpecification","valueRequired":true,"valueName":"search_term_string"}}],"inLanguage":"es"},{"@type":"Organization","@id":"https:\/\/diariotextual.com\/inicio\/#organization","name":"Diario Textual","url":"https:\/\/diariotextual.com\/inicio\/","logo":{"@type":"ImageObject","inLanguage":"es","@id":"https:\/\/diariotextual.com\/inicio\/#\/schema\/logo\/image\/","url":"https:\/\/diariotextual.com\/inicio\/wp-content\/uploads\/2023\/05\/logotextual1.jpg","contentUrl":"https:\/\/diariotextual.com\/inicio\/wp-content\/uploads\/2023\/05\/logotextual1.jpg","width":516,"height":76,"caption":"Diario Textual"},"image":{"@id":"https:\/\/diariotextual.com\/inicio\/#\/schema\/logo\/image\/"},"sameAs":["https:\/\/www.facebook.com\/eltextual","https:\/\/x.com\/eltextual","http:\/\/www.instagram.com\/eltextual"]},{"@type":"Person","@id":"https:\/\/diariotextual.com\/inicio\/#\/schema\/person\/418fc4093c33e86ed41562db3508f958","name":"Diario1 Diario1","image":{"@type":"ImageObject","inLanguage":"es","@id":"https:\/\/secure.gravatar.com\/avatar\/9167d280179c85bc18be67aa7eda765854300033af4896dd779b608640f2ef7a?s=96&d=mm&r=g","url":"https:\/\/secure.gravatar.com\/avatar\/9167d280179c85bc18be67aa7eda765854300033af4896dd779b608640f2ef7a?s=96&d=mm&r=g","contentUrl":"https:\/\/secure.gravatar.com\/avatar\/9167d280179c85bc18be67aa7eda765854300033af4896dd779b608640f2ef7a?s=96&d=mm&r=g","caption":"Diario1 Diario1"},"url":"https:\/\/diariotextual.com\/inicio\/index.php\/author\/diario1\/"}]}},"_links":{"self":[{"href":"https:\/\/diariotextual.com\/inicio\/index.php\/wp-json\/wp\/v2\/posts\/325686","targetHints":{"allow":["GET"]}}],"collection":[{"href":"https:\/\/diariotextual.com\/inicio\/index.php\/wp-json\/wp\/v2\/posts"}],"about":[{"href":"https:\/\/diariotextual.com\/inicio\/index.php\/wp-json\/wp\/v2\/types\/post"}],"author":[{"embeddable":true,"href":"https:\/\/diariotextual.com\/inicio\/index.php\/wp-json\/wp\/v2\/users\/3"}],"replies":[{"embeddable":true,"href":"https:\/\/diariotextual.com\/inicio\/index.php\/wp-json\/wp\/v2\/comments?post=325686"}],"version-history":[{"count":2,"href":"https:\/\/diariotextual.com\/inicio\/index.php\/wp-json\/wp\/v2\/posts\/325686\/revisions"}],"predecessor-version":[{"id":325688,"href":"https:\/\/diariotextual.com\/inicio\/index.php\/wp-json\/wp\/v2\/posts\/325686\/revisions\/325688"}],"wp:featuredmedia":[{"embeddable":true,"href":"https:\/\/diariotextual.com\/inicio\/index.php\/wp-json\/wp\/v2\/media\/325689"}],"wp:attachment":[{"href":"https:\/\/diariotextual.com\/inicio\/index.php\/wp-json\/wp\/v2\/media?parent=325686"}],"wp:term":[{"taxonomy":"category","embeddable":true,"href":"https:\/\/diariotextual.com\/inicio\/index.php\/wp-json\/wp\/v2\/categories?post=325686"},{"taxonomy":"post_tag","embeddable":true,"href":"https:\/\/diariotextual.com\/inicio\/index.php\/wp-json\/wp\/v2\/tags?post=325686"}],"curies":[{"name":"wp","href":"https:\/\/api.w.org\/{rel}","templated":true}]}}