{"id":325690,"date":"2026-04-24T17:53:14","date_gmt":"2026-04-24T20:53:14","guid":{"rendered":"https:\/\/diariotextual.com\/inicio\/?p=325690"},"modified":"2026-04-24T17:53:16","modified_gmt":"2026-04-24T20:53:16","slug":"la-justicia-archivo-una-de-las-causas-contra-adorni-y-el-gobierno-lo-celebro-en-redes","status":"publish","type":"post","link":"https:\/\/diariotextual.com\/inicio\/index.php\/2026\/04\/24\/la-justicia-archivo-una-de-las-causas-contra-adorni-y-el-gobierno-lo-celebro-en-redes\/","title":{"rendered":"La Justicia archiv\u00f3 una de las causas contra Adorni y el Gobierno lo celebr\u00f3 en redes"},"content":{"rendered":"\n<p>El juez federal Daniel Rafecas determin\u00f3 este viernes archivar la causa que investigaba al Jefe de Gabinete de Ministros,&nbsp;<strong>Manuel Adorni<\/strong>, por presunta malversaci\u00f3n de caudales p\u00fablicos.&nbsp;<\/p>\n\n\n\n<p>Un expediente que se origin\u00f3 tras la denuncia por el traslado de su esposa en un vuelo oficial a los Estados Unidos en el marco del evento \u201cArgentina Week\u201d. El Gobierno se mostr\u00f3 aliviado y festej\u00f3 en redes sociales<\/p>\n\n\n\n<p>La decisi\u00f3n, que se sustenta en la ausencia de delito, fue adoptada tras el dictamen favorable al archivo emitido por la fiscal&nbsp;<strong>Alejandra Mangano<\/strong>. La denuncia apunt\u00f3 a presunto uso indebido de recursos p\u00fablicos, precisamente por el traslado de Bettina Angeletti junto a la comitiva oficial en marzo pasado, seg\u00fan supo la Agencia Noticias Argentinas.<\/p>\n\n\n\n<p>Seg\u00fan determin\u00f3 el magistrado Rafecas, en l\u00ednea con el dictamen de la fiscal\u00eda, el viaje no implic\u00f3 un gasto adicional para el Estado ni configur\u00f3 una irregularidad.&nbsp;<\/p>\n\n\n\n<p>Entre los argumentos se destac\u00f3 que hab\u00eda lugares disponibles en la aeronave y que la presencia de la esposa del funcionario no alter\u00f3 los costos del traslado.<\/p>\n\n\n\n<p><strong>Adorni<\/strong>&nbsp;celebr\u00f3 en redes sociales el&nbsp;<strong>archivo de la causa que investigaba el viaje de su esposa a Estados Unidos<\/strong>&nbsp;en el avi\u00f3n presidencial: \u201c<strong>El tiempo es un juez tan sabio, que no sentencia de inmediato, pero al final da la raz\u00f3n a quien la tiene. Ser\u00e1 Justicia. Fin<\/strong>\u201d, escribi\u00f3, en un mensaje que r\u00e1pidamente gener\u00f3 repercusiones.<\/p>\n\n\n\n<p>Javier Milei tambi\u00e9n se hizo eco de la noticia: expres\u00f3 en X que \u201cesto se empieza a poner lindo\u201d.<\/p>\n\n\n\n<p>El d\u00eda anterior, la fiscal federal&nbsp;<strong>Alejandra Mangano<\/strong>&nbsp;hab\u00eda solicitado al juez&nbsp;<strong>Rafecas<\/strong>&nbsp;el archivo de la denuncia por el viaje a Estados Unidos de la esposa de Adorni en el avi\u00f3n presidencial, al no advertir la configuraci\u00f3n de delito alguno.<\/p>\n\n\n\n<p>Seg\u00fan surgi\u00f3 de la presentaci\u00f3n, a partir de informes de la Secretar\u00eda General de la Presidencia y de la Jefatura de Gabinete sobre la aeronave y los gastos del viaje,&nbsp;<strong>no se verifican los extremos previstos en el art\u00edculo 260 del C\u00f3digo Penal ni en otras figuras del Cap\u00edtulo VII<\/strong>.<\/p>\n\n\n\n<p>Asimismo, el an\u00e1lisis del n\u00famero de integrantes de la comitiva oficial en relaci\u00f3n con la capacidad del avi\u00f3n Boeing 757-200, con 39 plazas, indica que la invitaci\u00f3n a\u00a0<strong>Bettina Julieta Angeleti<\/strong>\u00a0se encuadra en\u00a0<strong>un uso razonable de las facultades discrecionales de la Presidencia<\/strong>.<\/p>\n\n\n\n<p>El dictamen de la fiscal tambi\u00e9n hab\u00eda se\u00f1alado que la decisi\u00f3n&nbsp;<strong>carece de entidad para configurar los delitos denunciados<\/strong>, dado que no implic\u00f3 erogaci\u00f3n presupuestaria particular o extraordinaria y que exist\u00edan&nbsp;<strong>m\u00e1s de diez plazas disponibles en cada tramo a\u00e9reo entre el 6 y el 11 de marzo.<\/strong><\/p>\n","protected":false},"excerpt":{"rendered":"<p>El juez federal Daniel Rafecas determin\u00f3 este viernes archivar la causa que investigaba al Jefe de Gabinete de Ministros,&nbsp;Manuel Adorni, por presunta malversaci\u00f3n de caudales p\u00fablicos.&nbsp; Un expediente que se&hellip;<\/p>\n","protected":false},"author":4,"featured_media":256239,"comment_status":"closed","ping_status":"open","sticky":false,"template":"","format":"standard","meta":{"_acf_changed":false,"footnotes":""},"categories":[1,8],"tags":[],"class_list":["post-325690","post","type-post","status-publish","format-standard","has-post-thumbnail","hentry","category-es-noticia","category-politica"],"acf":[],"yoast_head":"<!-- This site is optimized with the Yoast SEO plugin v27.4 - https:\/\/yoast.com\/product\/yoast-seo-wordpress\/ -->\n<title>La Justicia archiv\u00f3 una de las causas contra Adorni y el Gobierno lo celebr\u00f3 en redes - Diario Textual<\/title>\n<meta name=\"robots\" content=\"index, follow, max-snippet:-1, max-image-preview:large, max-video-preview:-1\" \/>\n<link rel=\"canonical\" href=\"https:\/\/diariotextual.com\/inicio\/index.php\/2026\/04\/24\/la-justicia-archivo-una-de-las-causas-contra-adorni-y-el-gobierno-lo-celebro-en-redes\/\" \/>\n<meta property=\"og:locale\" content=\"es_ES\" \/>\n<meta property=\"og:type\" content=\"article\" \/>\n<meta property=\"og:title\" content=\"La Justicia archiv\u00f3 una de las causas contra Adorni y el Gobierno lo celebr\u00f3 en redes - Diario Textual\" \/>\n<meta property=\"og:description\" content=\"El juez federal Daniel Rafecas determin\u00f3 este viernes archivar la causa que investigaba al Jefe de Gabinete de Ministros,&nbsp;Manuel Adorni, por presunta malversaci\u00f3n de caudales p\u00fablicos.&nbsp; Un expediente que se&hellip;\" \/>\n<meta property=\"og:url\" content=\"https:\/\/diariotextual.com\/inicio\/index.php\/2026\/04\/24\/la-justicia-archivo-una-de-las-causas-contra-adorni-y-el-gobierno-lo-celebro-en-redes\/\" \/>\n<meta property=\"og:site_name\" content=\"Diario Textual\" \/>\n<meta property=\"article:publisher\" content=\"https:\/\/www.facebook.com\/eltextual\" \/>\n<meta property=\"article:published_time\" content=\"2026-04-24T20:53:14+00:00\" \/>\n<meta property=\"article:modified_time\" content=\"2026-04-24T20:53:16+00:00\" \/>\n<meta property=\"og:image\" content=\"https:\/\/diariotextual.com\/inicio\/wp-content\/uploads\/2024\/03\/adorni8M.webp\" \/>\n\t<meta property=\"og:image:width\" content=\"748\" \/>\n\t<meta property=\"og:image:height\" content=\"420\" \/>\n\t<meta property=\"og:image:type\" content=\"image\/webp\" \/>\n<meta name=\"author\" content=\"diario2\" \/>\n<meta name=\"twitter:card\" content=\"summary_large_image\" \/>\n<meta name=\"twitter:creator\" content=\"@eltextual\" \/>\n<meta name=\"twitter:site\" content=\"@eltextual\" \/>\n<meta name=\"twitter:label1\" content=\"Escrito por\" \/>\n\t<meta name=\"twitter:data1\" content=\"diario2\" \/>\n\t<meta name=\"twitter:label2\" content=\"Tiempo de lectura\" \/>\n\t<meta name=\"twitter:data2\" content=\"3 minutos\" \/>\n<script type=\"application\/ld+json\" class=\"yoast-schema-graph\">{\"@context\":\"https:\\\/\\\/schema.org\",\"@graph\":[{\"@type\":\"Article\",\"@id\":\"https:\\\/\\\/diariotextual.com\\\/inicio\\\/index.php\\\/2026\\\/04\\\/24\\\/la-justicia-archivo-una-de-las-causas-contra-adorni-y-el-gobierno-lo-celebro-en-redes\\\/#article\",\"isPartOf\":{\"@id\":\"https:\\\/\\\/diariotextual.com\\\/inicio\\\/index.php\\\/2026\\\/04\\\/24\\\/la-justicia-archivo-una-de-las-causas-contra-adorni-y-el-gobierno-lo-celebro-en-redes\\\/\"},\"author\":{\"name\":\"diario2\",\"@id\":\"https:\\\/\\\/diariotextual.com\\\/inicio\\\/#\\\/schema\\\/person\\\/694f60677f23c4a530867a98f22b3768\"},\"headline\":\"La Justicia archiv\u00f3 una de las causas contra Adorni y el Gobierno lo celebr\u00f3 en redes\",\"datePublished\":\"2026-04-24T20:53:14+00:00\",\"dateModified\":\"2026-04-24T20:53:16+00:00\",\"mainEntityOfPage\":{\"@id\":\"https:\\\/\\\/diariotextual.com\\\/inicio\\\/index.php\\\/2026\\\/04\\\/24\\\/la-justicia-archivo-una-de-las-causas-contra-adorni-y-el-gobierno-lo-celebro-en-redes\\\/\"},\"wordCount\":496,\"publisher\":{\"@id\":\"https:\\\/\\\/diariotextual.com\\\/inicio\\\/#organization\"},\"image\":{\"@id\":\"https:\\\/\\\/diariotextual.com\\\/inicio\\\/index.php\\\/2026\\\/04\\\/24\\\/la-justicia-archivo-una-de-las-causas-contra-adorni-y-el-gobierno-lo-celebro-en-redes\\\/#primaryimage\"},\"thumbnailUrl\":\"https:\\\/\\\/diariotextual.com\\\/inicio\\\/wp-content\\\/uploads\\\/2024\\\/03\\\/adorni8M.webp\",\"articleSection\":[\"A - ES NOTICIA (van abajo)\",\"POLITICA\"],\"inLanguage\":\"es\"},{\"@type\":\"WebPage\",\"@id\":\"https:\\\/\\\/diariotextual.com\\\/inicio\\\/index.php\\\/2026\\\/04\\\/24\\\/la-justicia-archivo-una-de-las-causas-contra-adorni-y-el-gobierno-lo-celebro-en-redes\\\/\",\"url\":\"https:\\\/\\\/diariotextual.com\\\/inicio\\\/index.php\\\/2026\\\/04\\\/24\\\/la-justicia-archivo-una-de-las-causas-contra-adorni-y-el-gobierno-lo-celebro-en-redes\\\/\",\"name\":\"La Justicia archiv\u00f3 una de las causas contra Adorni y el Gobierno lo celebr\u00f3 en redes - Diario Textual\",\"isPartOf\":{\"@id\":\"https:\\\/\\\/diariotextual.com\\\/inicio\\\/#website\"},\"primaryImageOfPage\":{\"@id\":\"https:\\\/\\\/diariotextual.com\\\/inicio\\\/index.php\\\/2026\\\/04\\\/24\\\/la-justicia-archivo-una-de-las-causas-contra-adorni-y-el-gobierno-lo-celebro-en-redes\\\/#primaryimage\"},\"image\":{\"@id\":\"https:\\\/\\\/diariotextual.com\\\/inicio\\\/index.php\\\/2026\\\/04\\\/24\\\/la-justicia-archivo-una-de-las-causas-contra-adorni-y-el-gobierno-lo-celebro-en-redes\\\/#primaryimage\"},\"thumbnailUrl\":\"https:\\\/\\\/diariotextual.com\\\/inicio\\\/wp-content\\\/uploads\\\/2024\\\/03\\\/adorni8M.webp\",\"datePublished\":\"2026-04-24T20:53:14+00:00\",\"dateModified\":\"2026-04-24T20:53:16+00:00\",\"breadcrumb\":{\"@id\":\"https:\\\/\\\/diariotextual.com\\\/inicio\\\/index.php\\\/2026\\\/04\\\/24\\\/la-justicia-archivo-una-de-las-causas-contra-adorni-y-el-gobierno-lo-celebro-en-redes\\\/#breadcrumb\"},\"inLanguage\":\"es\",\"potentialAction\":[{\"@type\":\"ReadAction\",\"target\":[\"https:\\\/\\\/diariotextual.com\\\/inicio\\\/index.php\\\/2026\\\/04\\\/24\\\/la-justicia-archivo-una-de-las-causas-contra-adorni-y-el-gobierno-lo-celebro-en-redes\\\/\"]}]},{\"@type\":\"ImageObject\",\"inLanguage\":\"es\",\"@id\":\"https:\\\/\\\/diariotextual.com\\\/inicio\\\/index.php\\\/2026\\\/04\\\/24\\\/la-justicia-archivo-una-de-las-causas-contra-adorni-y-el-gobierno-lo-celebro-en-redes\\\/#primaryimage\",\"url\":\"https:\\\/\\\/diariotextual.com\\\/inicio\\\/wp-content\\\/uploads\\\/2024\\\/03\\\/adorni8M.webp\",\"contentUrl\":\"https:\\\/\\\/diariotextual.com\\\/inicio\\\/wp-content\\\/uploads\\\/2024\\\/03\\\/adorni8M.webp\",\"width\":748,\"height\":420},{\"@type\":\"BreadcrumbList\",\"@id\":\"https:\\\/\\\/diariotextual.com\\\/inicio\\\/index.php\\\/2026\\\/04\\\/24\\\/la-justicia-archivo-una-de-las-causas-contra-adorni-y-el-gobierno-lo-celebro-en-redes\\\/#breadcrumb\",\"itemListElement\":[{\"@type\":\"ListItem\",\"position\":1,\"name\":\"Portada\",\"item\":\"https:\\\/\\\/diariotextual.com\\\/inicio\\\/\"},{\"@type\":\"ListItem\",\"position\":2,\"name\":\"La Justicia archiv\u00f3 una de las causas contra Adorni y el Gobierno lo celebr\u00f3 en redes\"}]},{\"@type\":\"WebSite\",\"@id\":\"https:\\\/\\\/diariotextual.com\\\/inicio\\\/#website\",\"url\":\"https:\\\/\\\/diariotextual.com\\\/inicio\\\/\",\"name\":\"Diario Textual\",\"description\":\"\",\"publisher\":{\"@id\":\"https:\\\/\\\/diariotextual.com\\\/inicio\\\/#organization\"},\"potentialAction\":[{\"@type\":\"SearchAction\",\"target\":{\"@type\":\"EntryPoint\",\"urlTemplate\":\"https:\\\/\\\/diariotextual.com\\\/inicio\\\/?s={search_term_string}\"},\"query-input\":{\"@type\":\"PropertyValueSpecification\",\"valueRequired\":true,\"valueName\":\"search_term_string\"}}],\"inLanguage\":\"es\"},{\"@type\":\"Organization\",\"@id\":\"https:\\\/\\\/diariotextual.com\\\/inicio\\\/#organization\",\"name\":\"Diario Textual\",\"url\":\"https:\\\/\\\/diariotextual.com\\\/inicio\\\/\",\"logo\":{\"@type\":\"ImageObject\",\"inLanguage\":\"es\",\"@id\":\"https:\\\/\\\/diariotextual.com\\\/inicio\\\/#\\\/schema\\\/logo\\\/image\\\/\",\"url\":\"https:\\\/\\\/diariotextual.com\\\/inicio\\\/wp-content\\\/uploads\\\/2023\\\/05\\\/logotextual1.jpg\",\"contentUrl\":\"https:\\\/\\\/diariotextual.com\\\/inicio\\\/wp-content\\\/uploads\\\/2023\\\/05\\\/logotextual1.jpg\",\"width\":516,\"height\":76,\"caption\":\"Diario Textual\"},\"image\":{\"@id\":\"https:\\\/\\\/diariotextual.com\\\/inicio\\\/#\\\/schema\\\/logo\\\/image\\\/\"},\"sameAs\":[\"https:\\\/\\\/www.facebook.com\\\/eltextual\",\"https:\\\/\\\/x.com\\\/eltextual\",\"http:\\\/\\\/www.instagram.com\\\/eltextual\"]},{\"@type\":\"Person\",\"@id\":\"https:\\\/\\\/diariotextual.com\\\/inicio\\\/#\\\/schema\\\/person\\\/694f60677f23c4a530867a98f22b3768\",\"name\":\"diario2\",\"image\":{\"@type\":\"ImageObject\",\"inLanguage\":\"es\",\"@id\":\"https:\\\/\\\/secure.gravatar.com\\\/avatar\\\/5a2567495ba16b852fcd8f1ed006a2e24fcace936018ed8237e95f488ad6e0a7?s=96&d=mm&r=g\",\"url\":\"https:\\\/\\\/secure.gravatar.com\\\/avatar\\\/5a2567495ba16b852fcd8f1ed006a2e24fcace936018ed8237e95f488ad6e0a7?s=96&d=mm&r=g\",\"contentUrl\":\"https:\\\/\\\/secure.gravatar.com\\\/avatar\\\/5a2567495ba16b852fcd8f1ed006a2e24fcace936018ed8237e95f488ad6e0a7?s=96&d=mm&r=g\",\"caption\":\"diario2\"},\"url\":\"https:\\\/\\\/diariotextual.com\\\/inicio\\\/index.php\\\/author\\\/diario2\\\/\"}]}<\/script>\n<!-- \/ Yoast SEO plugin. -->","yoast_head_json":{"title":"La Justicia archiv\u00f3 una de las causas contra Adorni y el Gobierno lo celebr\u00f3 en redes - Diario Textual","robots":{"index":"index","follow":"follow","max-snippet":"max-snippet:-1","max-image-preview":"max-image-preview:large","max-video-preview":"max-video-preview:-1"},"canonical":"https:\/\/diariotextual.com\/inicio\/index.php\/2026\/04\/24\/la-justicia-archivo-una-de-las-causas-contra-adorni-y-el-gobierno-lo-celebro-en-redes\/","og_locale":"es_ES","og_type":"article","og_title":"La Justicia archiv\u00f3 una de las causas contra Adorni y el Gobierno lo celebr\u00f3 en redes - Diario Textual","og_description":"El juez federal Daniel Rafecas determin\u00f3 este viernes archivar la causa que investigaba al Jefe de Gabinete de Ministros,&nbsp;Manuel Adorni, por presunta malversaci\u00f3n de caudales p\u00fablicos.&nbsp; Un expediente que se&hellip;","og_url":"https:\/\/diariotextual.com\/inicio\/index.php\/2026\/04\/24\/la-justicia-archivo-una-de-las-causas-contra-adorni-y-el-gobierno-lo-celebro-en-redes\/","og_site_name":"Diario Textual","article_publisher":"https:\/\/www.facebook.com\/eltextual","article_published_time":"2026-04-24T20:53:14+00:00","article_modified_time":"2026-04-24T20:53:16+00:00","og_image":[{"width":748,"height":420,"url":"https:\/\/diariotextual.com\/inicio\/wp-content\/uploads\/2024\/03\/adorni8M.webp","type":"image\/webp"}],"author":"diario2","twitter_card":"summary_large_image","twitter_creator":"@eltextual","twitter_site":"@eltextual","twitter_misc":{"Escrito por":"diario2","Tiempo de lectura":"3 minutos"},"schema":{"@context":"https:\/\/schema.org","@graph":[{"@type":"Article","@id":"https:\/\/diariotextual.com\/inicio\/index.php\/2026\/04\/24\/la-justicia-archivo-una-de-las-causas-contra-adorni-y-el-gobierno-lo-celebro-en-redes\/#article","isPartOf":{"@id":"https:\/\/diariotextual.com\/inicio\/index.php\/2026\/04\/24\/la-justicia-archivo-una-de-las-causas-contra-adorni-y-el-gobierno-lo-celebro-en-redes\/"},"author":{"name":"diario2","@id":"https:\/\/diariotextual.com\/inicio\/#\/schema\/person\/694f60677f23c4a530867a98f22b3768"},"headline":"La Justicia archiv\u00f3 una de las causas contra Adorni y el Gobierno lo celebr\u00f3 en redes","datePublished":"2026-04-24T20:53:14+00:00","dateModified":"2026-04-24T20:53:16+00:00","mainEntityOfPage":{"@id":"https:\/\/diariotextual.com\/inicio\/index.php\/2026\/04\/24\/la-justicia-archivo-una-de-las-causas-contra-adorni-y-el-gobierno-lo-celebro-en-redes\/"},"wordCount":496,"publisher":{"@id":"https:\/\/diariotextual.com\/inicio\/#organization"},"image":{"@id":"https:\/\/diariotextual.com\/inicio\/index.php\/2026\/04\/24\/la-justicia-archivo-una-de-las-causas-contra-adorni-y-el-gobierno-lo-celebro-en-redes\/#primaryimage"},"thumbnailUrl":"https:\/\/diariotextual.com\/inicio\/wp-content\/uploads\/2024\/03\/adorni8M.webp","articleSection":["A - ES NOTICIA (van abajo)","POLITICA"],"inLanguage":"es"},{"@type":"WebPage","@id":"https:\/\/diariotextual.com\/inicio\/index.php\/2026\/04\/24\/la-justicia-archivo-una-de-las-causas-contra-adorni-y-el-gobierno-lo-celebro-en-redes\/","url":"https:\/\/diariotextual.com\/inicio\/index.php\/2026\/04\/24\/la-justicia-archivo-una-de-las-causas-contra-adorni-y-el-gobierno-lo-celebro-en-redes\/","name":"La Justicia archiv\u00f3 una de las causas contra Adorni y el Gobierno lo celebr\u00f3 en redes - Diario Textual","isPartOf":{"@id":"https:\/\/diariotextual.com\/inicio\/#website"},"primaryImageOfPage":{"@id":"https:\/\/diariotextual.com\/inicio\/index.php\/2026\/04\/24\/la-justicia-archivo-una-de-las-causas-contra-adorni-y-el-gobierno-lo-celebro-en-redes\/#primaryimage"},"image":{"@id":"https:\/\/diariotextual.com\/inicio\/index.php\/2026\/04\/24\/la-justicia-archivo-una-de-las-causas-contra-adorni-y-el-gobierno-lo-celebro-en-redes\/#primaryimage"},"thumbnailUrl":"https:\/\/diariotextual.com\/inicio\/wp-content\/uploads\/2024\/03\/adorni8M.webp","datePublished":"2026-04-24T20:53:14+00:00","dateModified":"2026-04-24T20:53:16+00:00","breadcrumb":{"@id":"https:\/\/diariotextual.com\/inicio\/index.php\/2026\/04\/24\/la-justicia-archivo-una-de-las-causas-contra-adorni-y-el-gobierno-lo-celebro-en-redes\/#breadcrumb"},"inLanguage":"es","potentialAction":[{"@type":"ReadAction","target":["https:\/\/diariotextual.com\/inicio\/index.php\/2026\/04\/24\/la-justicia-archivo-una-de-las-causas-contra-adorni-y-el-gobierno-lo-celebro-en-redes\/"]}]},{"@type":"ImageObject","inLanguage":"es","@id":"https:\/\/diariotextual.com\/inicio\/index.php\/2026\/04\/24\/la-justicia-archivo-una-de-las-causas-contra-adorni-y-el-gobierno-lo-celebro-en-redes\/#primaryimage","url":"https:\/\/diariotextual.com\/inicio\/wp-content\/uploads\/2024\/03\/adorni8M.webp","contentUrl":"https:\/\/diariotextual.com\/inicio\/wp-content\/uploads\/2024\/03\/adorni8M.webp","width":748,"height":420},{"@type":"BreadcrumbList","@id":"https:\/\/diariotextual.com\/inicio\/index.php\/2026\/04\/24\/la-justicia-archivo-una-de-las-causas-contra-adorni-y-el-gobierno-lo-celebro-en-redes\/#breadcrumb","itemListElement":[{"@type":"ListItem","position":1,"name":"Portada","item":"https:\/\/diariotextual.com\/inicio\/"},{"@type":"ListItem","position":2,"name":"La Justicia archiv\u00f3 una de las causas contra Adorni y el Gobierno lo celebr\u00f3 en redes"}]},{"@type":"WebSite","@id":"https:\/\/diariotextual.com\/inicio\/#website","url":"https:\/\/diariotextual.com\/inicio\/","name":"Diario Textual","description":"","publisher":{"@id":"https:\/\/diariotextual.com\/inicio\/#organization"},"potentialAction":[{"@type":"SearchAction","target":{"@type":"EntryPoint","urlTemplate":"https:\/\/diariotextual.com\/inicio\/?s={search_term_string}"},"query-input":{"@type":"PropertyValueSpecification","valueRequired":true,"valueName":"search_term_string"}}],"inLanguage":"es"},{"@type":"Organization","@id":"https:\/\/diariotextual.com\/inicio\/#organization","name":"Diario Textual","url":"https:\/\/diariotextual.com\/inicio\/","logo":{"@type":"ImageObject","inLanguage":"es","@id":"https:\/\/diariotextual.com\/inicio\/#\/schema\/logo\/image\/","url":"https:\/\/diariotextual.com\/inicio\/wp-content\/uploads\/2023\/05\/logotextual1.jpg","contentUrl":"https:\/\/diariotextual.com\/inicio\/wp-content\/uploads\/2023\/05\/logotextual1.jpg","width":516,"height":76,"caption":"Diario Textual"},"image":{"@id":"https:\/\/diariotextual.com\/inicio\/#\/schema\/logo\/image\/"},"sameAs":["https:\/\/www.facebook.com\/eltextual","https:\/\/x.com\/eltextual","http:\/\/www.instagram.com\/eltextual"]},{"@type":"Person","@id":"https:\/\/diariotextual.com\/inicio\/#\/schema\/person\/694f60677f23c4a530867a98f22b3768","name":"diario2","image":{"@type":"ImageObject","inLanguage":"es","@id":"https:\/\/secure.gravatar.com\/avatar\/5a2567495ba16b852fcd8f1ed006a2e24fcace936018ed8237e95f488ad6e0a7?s=96&d=mm&r=g","url":"https:\/\/secure.gravatar.com\/avatar\/5a2567495ba16b852fcd8f1ed006a2e24fcace936018ed8237e95f488ad6e0a7?s=96&d=mm&r=g","contentUrl":"https:\/\/secure.gravatar.com\/avatar\/5a2567495ba16b852fcd8f1ed006a2e24fcace936018ed8237e95f488ad6e0a7?s=96&d=mm&r=g","caption":"diario2"},"url":"https:\/\/diariotextual.com\/inicio\/index.php\/author\/diario2\/"}]}},"_links":{"self":[{"href":"https:\/\/diariotextual.com\/inicio\/index.php\/wp-json\/wp\/v2\/posts\/325690","targetHints":{"allow":["GET"]}}],"collection":[{"href":"https:\/\/diariotextual.com\/inicio\/index.php\/wp-json\/wp\/v2\/posts"}],"about":[{"href":"https:\/\/diariotextual.com\/inicio\/index.php\/wp-json\/wp\/v2\/types\/post"}],"author":[{"embeddable":true,"href":"https:\/\/diariotextual.com\/inicio\/index.php\/wp-json\/wp\/v2\/users\/4"}],"replies":[{"embeddable":true,"href":"https:\/\/diariotextual.com\/inicio\/index.php\/wp-json\/wp\/v2\/comments?post=325690"}],"version-history":[{"count":2,"href":"https:\/\/diariotextual.com\/inicio\/index.php\/wp-json\/wp\/v2\/posts\/325690\/revisions"}],"predecessor-version":[{"id":325692,"href":"https:\/\/diariotextual.com\/inicio\/index.php\/wp-json\/wp\/v2\/posts\/325690\/revisions\/325692"}],"wp:featuredmedia":[{"embeddable":true,"href":"https:\/\/diariotextual.com\/inicio\/index.php\/wp-json\/wp\/v2\/media\/256239"}],"wp:attachment":[{"href":"https:\/\/diariotextual.com\/inicio\/index.php\/wp-json\/wp\/v2\/media?parent=325690"}],"wp:term":[{"taxonomy":"category","embeddable":true,"href":"https:\/\/diariotextual.com\/inicio\/index.php\/wp-json\/wp\/v2\/categories?post=325690"},{"taxonomy":"post_tag","embeddable":true,"href":"https:\/\/diariotextual.com\/inicio\/index.php\/wp-json\/wp\/v2\/tags?post=325690"}],"curies":[{"name":"wp","href":"https:\/\/api.w.org\/{rel}","templated":true}]}}