{"id":325693,"date":"2026-04-24T19:03:50","date_gmt":"2026-04-24T22:03:50","guid":{"rendered":"https:\/\/diariotextual.com\/inicio\/?p=325693"},"modified":"2026-04-24T19:03:54","modified_gmt":"2026-04-24T22:03:54","slug":"graficos-expulsaron-al-pampeano-schmidt-de-la-fatida-y-denunciaron-irregularidades-por-millones-de-pesos","status":"publish","type":"post","link":"https:\/\/diariotextual.com\/inicio\/index.php\/2026\/04\/24\/graficos-expulsaron-al-pampeano-schmidt-de-la-fatida-y-denunciaron-irregularidades-por-millones-de-pesos\/","title":{"rendered":"Gr\u00e1ficos expulsaron al pampeano Schmidt de la Fatida y denunciaron irregularidades por millones de pesos"},"content":{"rendered":"\n<p>La <strong>Federaci\u00f3n Argentina de Trabajadores de la Imprenta, Diarios y Afines (Fatida)<\/strong> resolvi\u00f3 la <strong>expulsi\u00f3n definitiva<\/strong> de su exsecretario general, el pampeano <strong>An\u00edbal Schmidt<\/strong>, en medio de un esc\u00e1ndalo por presuntas irregularidades en el manejo de fondos de la obra social del sector.<\/p>\n\n\n\n<p>La decisi\u00f3n se adopt\u00f3 durante el <strong>32\u00b0 Congreso Extraordinario<\/strong>, con la participaci\u00f3n de <strong>18 filiales<\/strong> y <strong>32 congresales<\/strong> de todo el pa\u00eds. Adem\u00e1s, se dispuso la <strong>inhabilitaci\u00f3n permanente<\/strong> del dirigente para ejercer cargos tanto en la Federaci\u00f3n como en la <strong>Obra Social del Personal de la Industria Gr\u00e1fica (Ospida)<\/strong>.<\/p>\n\n\n\n<p>La resoluci\u00f3n estableci\u00f3 el apartamiento \u201c<strong>inmediato y permanente<\/strong>\u201d del pampeano, al considerar acreditadas \u201c<strong>conductas inadmisibles<\/strong>\u201d y un \u201caccionar indebido, irregular y moralmente reprochable\u201d en la administraci\u00f3n de recursos. Tambi\u00e9n se instruy\u00f3 avanzar con <strong>acciones civiles y penales<\/strong> para determinar responsabilidades y recuperar fondos.<\/p>\n\n\n\n<p>La medida se apoy\u00f3 en una <strong>auditor\u00eda externa<\/strong> que detect\u00f3 <strong>serias inconsistencias<\/strong> en la rendici\u00f3n de cuentas de la obra social. Entre los hallazgos m\u00e1s relevantes, se identificaron <strong>egresos sin respaldo documental<\/strong> por <strong>$295.522.734,59<\/strong>, lo que impidi\u00f3 verificar la trazabilidad completa de los fondos.<\/p>\n\n\n\n<p>El informe tambi\u00e9n se\u00f1al\u00f3 <strong>transferencias por m\u00e1s de $301 millones<\/strong> destinadas al pago de salarios, cargas sociales e impuestos de empleados vinculados a un sindicato, sin que pudiera acreditarse su relaci\u00f3n directa con prestaciones de salud. A esto se sum\u00f3 un <strong>fuerte deterioro financiero<\/strong>: la deuda prestacional trep\u00f3 a <strong>$4.689 millones<\/strong> al 20 de febrero de 2026, con un incremento cercano al <strong>980%<\/strong> respecto del a\u00f1o anterior, situaci\u00f3n que ya provoc\u00f3 la <strong>interrupci\u00f3n de servicios<\/strong> por falta de pago a prestadores.<\/p>\n\n\n\n<p>La auditor\u00eda tambi\u00e9n advirti\u00f3 <strong>inconsistencias en el padr\u00f3n de afiliados<\/strong> de la delegaci\u00f3n La Pampa y transferencias de fondos cuya correspondencia con los beneficiarios no pudo ser validada, lo que profundiz\u00f3 las sospechas sobre un manejo discrecional de recursos.<\/p>\n\n\n\n<p>En paralelo, la Federaci\u00f3n y la obra social radicaron una <strong>denuncia penal<\/strong> ante la <strong>Justicia nacional en lo criminal y correccional de la ciudad de Buenos Aires<\/strong>, donde se investiga la gesti\u00f3n del exdirigente.<\/p>\n\n\n\n<p>Desde la conducci\u00f3n remarcaron que la sanci\u00f3n busca enviar una se\u00f1al clara: \u201c<strong>no hay lugar para la corrupci\u00f3n, la deslealtad ni la falta de \u00e9tica<\/strong>\u201d, y sostuvieron que la medida apunta a resguardar la <strong>credibilidad institucional<\/strong> y la <strong>confianza de los afiliados<\/strong>.<\/p>\n\n\n\n<p>En ese marco, un plenario de secretarios generales aprob\u00f3 un documento en el que rechaz\u00f3 la difusi\u00f3n p\u00fablica de una denuncia por parte de una dirigente sindical de San Luis. El pronunciamiento sostuvo que ese tipo de situaciones deben canalizarse por <strong>v\u00edas judiciales e institucionales<\/strong>, y advirti\u00f3 que la exposici\u00f3n medi\u00e1tica puede vulnerar el principio de <strong>presunci\u00f3n de inocencia<\/strong> y afectar el funcionamiento interno de la organizaci\u00f3n.<\/p>\n\n\n\n<p><\/p>\n","protected":false},"excerpt":{"rendered":"<p>La Federaci\u00f3n Argentina de Trabajadores de la Imprenta, Diarios y Afines (Fatida) resolvi\u00f3 la expulsi\u00f3n definitiva de su exsecretario general, el pampeano An\u00edbal Schmidt, en medio de un esc\u00e1ndalo por&hellip;<\/p>\n","protected":false},"author":3,"featured_media":323915,"comment_status":"closed","ping_status":"open","sticky":false,"template":"","format":"standard","meta":{"_acf_changed":false,"footnotes":""},"categories":[4,8],"tags":[],"class_list":["post-325693","post","type-post","status-publish","format-standard","has-post-thumbnail","hentry","category-destacadas","category-politica"],"acf":[],"yoast_head":"<!-- This site is optimized with the Yoast SEO plugin v27.4 - https:\/\/yoast.com\/product\/yoast-seo-wordpress\/ -->\n<title>Gr\u00e1ficos expulsaron al pampeano Schmidt de la Fatida y denunciaron irregularidades por millones de pesos - Diario Textual<\/title>\n<meta name=\"robots\" content=\"index, follow, max-snippet:-1, max-image-preview:large, max-video-preview:-1\" \/>\n<link rel=\"canonical\" href=\"https:\/\/diariotextual.com\/inicio\/index.php\/2026\/04\/24\/graficos-expulsaron-al-pampeano-schmidt-de-la-fatida-y-denunciaron-irregularidades-por-millones-de-pesos\/\" \/>\n<meta property=\"og:locale\" content=\"es_ES\" \/>\n<meta property=\"og:type\" content=\"article\" \/>\n<meta property=\"og:title\" content=\"Gr\u00e1ficos expulsaron al pampeano Schmidt de la Fatida y denunciaron irregularidades por millones de pesos - Diario Textual\" \/>\n<meta property=\"og:description\" content=\"La Federaci\u00f3n Argentina de Trabajadores de la Imprenta, Diarios y Afines (Fatida) resolvi\u00f3 la expulsi\u00f3n definitiva de su exsecretario general, el pampeano An\u00edbal Schmidt, en medio de un esc\u00e1ndalo por&hellip;\" \/>\n<meta property=\"og:url\" content=\"https:\/\/diariotextual.com\/inicio\/index.php\/2026\/04\/24\/graficos-expulsaron-al-pampeano-schmidt-de-la-fatida-y-denunciaron-irregularidades-por-millones-de-pesos\/\" \/>\n<meta property=\"og:site_name\" content=\"Diario Textual\" \/>\n<meta property=\"article:publisher\" content=\"https:\/\/www.facebook.com\/eltextual\" \/>\n<meta property=\"article:published_time\" content=\"2026-04-24T22:03:50+00:00\" \/>\n<meta property=\"article:modified_time\" content=\"2026-04-24T22:03:54+00:00\" \/>\n<meta property=\"og:image\" content=\"https:\/\/diariotextual.com\/inicio\/wp-content\/uploads\/2026\/04\/schmidtanibal2026.jpg\" \/>\n\t<meta property=\"og:image:width\" content=\"525\" \/>\n\t<meta property=\"og:image:height\" content=\"366\" \/>\n\t<meta property=\"og:image:type\" content=\"image\/jpeg\" \/>\n<meta name=\"author\" content=\"Diario1 Diario1\" \/>\n<meta name=\"twitter:card\" content=\"summary_large_image\" \/>\n<meta name=\"twitter:creator\" content=\"@eltextual\" \/>\n<meta name=\"twitter:site\" content=\"@eltextual\" \/>\n<meta name=\"twitter:label1\" content=\"Escrito por\" \/>\n\t<meta name=\"twitter:data1\" content=\"Diario1 Diario1\" \/>\n\t<meta name=\"twitter:label2\" content=\"Tiempo de lectura\" \/>\n\t<meta name=\"twitter:data2\" content=\"3 minutos\" \/>\n<script type=\"application\/ld+json\" class=\"yoast-schema-graph\">{\"@context\":\"https:\\\/\\\/schema.org\",\"@graph\":[{\"@type\":\"Article\",\"@id\":\"https:\\\/\\\/diariotextual.com\\\/inicio\\\/index.php\\\/2026\\\/04\\\/24\\\/graficos-expulsaron-al-pampeano-schmidt-de-la-fatida-y-denunciaron-irregularidades-por-millones-de-pesos\\\/#article\",\"isPartOf\":{\"@id\":\"https:\\\/\\\/diariotextual.com\\\/inicio\\\/index.php\\\/2026\\\/04\\\/24\\\/graficos-expulsaron-al-pampeano-schmidt-de-la-fatida-y-denunciaron-irregularidades-por-millones-de-pesos\\\/\"},\"author\":{\"name\":\"Diario1 Diario1\",\"@id\":\"https:\\\/\\\/diariotextual.com\\\/inicio\\\/#\\\/schema\\\/person\\\/418fc4093c33e86ed41562db3508f958\"},\"headline\":\"Gr\u00e1ficos expulsaron al pampeano Schmidt de la Fatida y denunciaron irregularidades por millones de pesos\",\"datePublished\":\"2026-04-24T22:03:50+00:00\",\"dateModified\":\"2026-04-24T22:03:54+00:00\",\"mainEntityOfPage\":{\"@id\":\"https:\\\/\\\/diariotextual.com\\\/inicio\\\/index.php\\\/2026\\\/04\\\/24\\\/graficos-expulsaron-al-pampeano-schmidt-de-la-fatida-y-denunciaron-irregularidades-por-millones-de-pesos\\\/\"},\"wordCount\":490,\"publisher\":{\"@id\":\"https:\\\/\\\/diariotextual.com\\\/inicio\\\/#organization\"},\"image\":{\"@id\":\"https:\\\/\\\/diariotextual.com\\\/inicio\\\/index.php\\\/2026\\\/04\\\/24\\\/graficos-expulsaron-al-pampeano-schmidt-de-la-fatida-y-denunciaron-irregularidades-por-millones-de-pesos\\\/#primaryimage\"},\"thumbnailUrl\":\"https:\\\/\\\/diariotextual.com\\\/inicio\\\/wp-content\\\/uploads\\\/2026\\\/04\\\/schmidtanibal2026.jpg\",\"articleSection\":[\"A - DESTACADAS (mod 16)\",\"POLITICA\"],\"inLanguage\":\"es\"},{\"@type\":\"WebPage\",\"@id\":\"https:\\\/\\\/diariotextual.com\\\/inicio\\\/index.php\\\/2026\\\/04\\\/24\\\/graficos-expulsaron-al-pampeano-schmidt-de-la-fatida-y-denunciaron-irregularidades-por-millones-de-pesos\\\/\",\"url\":\"https:\\\/\\\/diariotextual.com\\\/inicio\\\/index.php\\\/2026\\\/04\\\/24\\\/graficos-expulsaron-al-pampeano-schmidt-de-la-fatida-y-denunciaron-irregularidades-por-millones-de-pesos\\\/\",\"name\":\"Gr\u00e1ficos expulsaron al pampeano Schmidt de la Fatida y denunciaron irregularidades por millones de pesos - Diario Textual\",\"isPartOf\":{\"@id\":\"https:\\\/\\\/diariotextual.com\\\/inicio\\\/#website\"},\"primaryImageOfPage\":{\"@id\":\"https:\\\/\\\/diariotextual.com\\\/inicio\\\/index.php\\\/2026\\\/04\\\/24\\\/graficos-expulsaron-al-pampeano-schmidt-de-la-fatida-y-denunciaron-irregularidades-por-millones-de-pesos\\\/#primaryimage\"},\"image\":{\"@id\":\"https:\\\/\\\/diariotextual.com\\\/inicio\\\/index.php\\\/2026\\\/04\\\/24\\\/graficos-expulsaron-al-pampeano-schmidt-de-la-fatida-y-denunciaron-irregularidades-por-millones-de-pesos\\\/#primaryimage\"},\"thumbnailUrl\":\"https:\\\/\\\/diariotextual.com\\\/inicio\\\/wp-content\\\/uploads\\\/2026\\\/04\\\/schmidtanibal2026.jpg\",\"datePublished\":\"2026-04-24T22:03:50+00:00\",\"dateModified\":\"2026-04-24T22:03:54+00:00\",\"breadcrumb\":{\"@id\":\"https:\\\/\\\/diariotextual.com\\\/inicio\\\/index.php\\\/2026\\\/04\\\/24\\\/graficos-expulsaron-al-pampeano-schmidt-de-la-fatida-y-denunciaron-irregularidades-por-millones-de-pesos\\\/#breadcrumb\"},\"inLanguage\":\"es\",\"potentialAction\":[{\"@type\":\"ReadAction\",\"target\":[\"https:\\\/\\\/diariotextual.com\\\/inicio\\\/index.php\\\/2026\\\/04\\\/24\\\/graficos-expulsaron-al-pampeano-schmidt-de-la-fatida-y-denunciaron-irregularidades-por-millones-de-pesos\\\/\"]}]},{\"@type\":\"ImageObject\",\"inLanguage\":\"es\",\"@id\":\"https:\\\/\\\/diariotextual.com\\\/inicio\\\/index.php\\\/2026\\\/04\\\/24\\\/graficos-expulsaron-al-pampeano-schmidt-de-la-fatida-y-denunciaron-irregularidades-por-millones-de-pesos\\\/#primaryimage\",\"url\":\"https:\\\/\\\/diariotextual.com\\\/inicio\\\/wp-content\\\/uploads\\\/2026\\\/04\\\/schmidtanibal2026.jpg\",\"contentUrl\":\"https:\\\/\\\/diariotextual.com\\\/inicio\\\/wp-content\\\/uploads\\\/2026\\\/04\\\/schmidtanibal2026.jpg\",\"width\":525,\"height\":366},{\"@type\":\"BreadcrumbList\",\"@id\":\"https:\\\/\\\/diariotextual.com\\\/inicio\\\/index.php\\\/2026\\\/04\\\/24\\\/graficos-expulsaron-al-pampeano-schmidt-de-la-fatida-y-denunciaron-irregularidades-por-millones-de-pesos\\\/#breadcrumb\",\"itemListElement\":[{\"@type\":\"ListItem\",\"position\":1,\"name\":\"Portada\",\"item\":\"https:\\\/\\\/diariotextual.com\\\/inicio\\\/\"},{\"@type\":\"ListItem\",\"position\":2,\"name\":\"Gr\u00e1ficos expulsaron al pampeano Schmidt de la Fatida y denunciaron irregularidades por millones de pesos\"}]},{\"@type\":\"WebSite\",\"@id\":\"https:\\\/\\\/diariotextual.com\\\/inicio\\\/#website\",\"url\":\"https:\\\/\\\/diariotextual.com\\\/inicio\\\/\",\"name\":\"Diario Textual\",\"description\":\"\",\"publisher\":{\"@id\":\"https:\\\/\\\/diariotextual.com\\\/inicio\\\/#organization\"},\"potentialAction\":[{\"@type\":\"SearchAction\",\"target\":{\"@type\":\"EntryPoint\",\"urlTemplate\":\"https:\\\/\\\/diariotextual.com\\\/inicio\\\/?s={search_term_string}\"},\"query-input\":{\"@type\":\"PropertyValueSpecification\",\"valueRequired\":true,\"valueName\":\"search_term_string\"}}],\"inLanguage\":\"es\"},{\"@type\":\"Organization\",\"@id\":\"https:\\\/\\\/diariotextual.com\\\/inicio\\\/#organization\",\"name\":\"Diario Textual\",\"url\":\"https:\\\/\\\/diariotextual.com\\\/inicio\\\/\",\"logo\":{\"@type\":\"ImageObject\",\"inLanguage\":\"es\",\"@id\":\"https:\\\/\\\/diariotextual.com\\\/inicio\\\/#\\\/schema\\\/logo\\\/image\\\/\",\"url\":\"https:\\\/\\\/diariotextual.com\\\/inicio\\\/wp-content\\\/uploads\\\/2023\\\/05\\\/logotextual1.jpg\",\"contentUrl\":\"https:\\\/\\\/diariotextual.com\\\/inicio\\\/wp-content\\\/uploads\\\/2023\\\/05\\\/logotextual1.jpg\",\"width\":516,\"height\":76,\"caption\":\"Diario Textual\"},\"image\":{\"@id\":\"https:\\\/\\\/diariotextual.com\\\/inicio\\\/#\\\/schema\\\/logo\\\/image\\\/\"},\"sameAs\":[\"https:\\\/\\\/www.facebook.com\\\/eltextual\",\"https:\\\/\\\/x.com\\\/eltextual\",\"http:\\\/\\\/www.instagram.com\\\/eltextual\"]},{\"@type\":\"Person\",\"@id\":\"https:\\\/\\\/diariotextual.com\\\/inicio\\\/#\\\/schema\\\/person\\\/418fc4093c33e86ed41562db3508f958\",\"name\":\"Diario1 Diario1\",\"image\":{\"@type\":\"ImageObject\",\"inLanguage\":\"es\",\"@id\":\"https:\\\/\\\/secure.gravatar.com\\\/avatar\\\/9167d280179c85bc18be67aa7eda765854300033af4896dd779b608640f2ef7a?s=96&d=mm&r=g\",\"url\":\"https:\\\/\\\/secure.gravatar.com\\\/avatar\\\/9167d280179c85bc18be67aa7eda765854300033af4896dd779b608640f2ef7a?s=96&d=mm&r=g\",\"contentUrl\":\"https:\\\/\\\/secure.gravatar.com\\\/avatar\\\/9167d280179c85bc18be67aa7eda765854300033af4896dd779b608640f2ef7a?s=96&d=mm&r=g\",\"caption\":\"Diario1 Diario1\"},\"url\":\"https:\\\/\\\/diariotextual.com\\\/inicio\\\/index.php\\\/author\\\/diario1\\\/\"}]}<\/script>\n<!-- \/ Yoast SEO plugin. -->","yoast_head_json":{"title":"Gr\u00e1ficos expulsaron al pampeano Schmidt de la Fatida y denunciaron irregularidades por millones de pesos - Diario Textual","robots":{"index":"index","follow":"follow","max-snippet":"max-snippet:-1","max-image-preview":"max-image-preview:large","max-video-preview":"max-video-preview:-1"},"canonical":"https:\/\/diariotextual.com\/inicio\/index.php\/2026\/04\/24\/graficos-expulsaron-al-pampeano-schmidt-de-la-fatida-y-denunciaron-irregularidades-por-millones-de-pesos\/","og_locale":"es_ES","og_type":"article","og_title":"Gr\u00e1ficos expulsaron al pampeano Schmidt de la Fatida y denunciaron irregularidades por millones de pesos - Diario Textual","og_description":"La Federaci\u00f3n Argentina de Trabajadores de la Imprenta, Diarios y Afines (Fatida) resolvi\u00f3 la expulsi\u00f3n definitiva de su exsecretario general, el pampeano An\u00edbal Schmidt, en medio de un esc\u00e1ndalo por&hellip;","og_url":"https:\/\/diariotextual.com\/inicio\/index.php\/2026\/04\/24\/graficos-expulsaron-al-pampeano-schmidt-de-la-fatida-y-denunciaron-irregularidades-por-millones-de-pesos\/","og_site_name":"Diario Textual","article_publisher":"https:\/\/www.facebook.com\/eltextual","article_published_time":"2026-04-24T22:03:50+00:00","article_modified_time":"2026-04-24T22:03:54+00:00","og_image":[{"width":525,"height":366,"url":"https:\/\/diariotextual.com\/inicio\/wp-content\/uploads\/2026\/04\/schmidtanibal2026.jpg","type":"image\/jpeg"}],"author":"Diario1 Diario1","twitter_card":"summary_large_image","twitter_creator":"@eltextual","twitter_site":"@eltextual","twitter_misc":{"Escrito por":"Diario1 Diario1","Tiempo de lectura":"3 minutos"},"schema":{"@context":"https:\/\/schema.org","@graph":[{"@type":"Article","@id":"https:\/\/diariotextual.com\/inicio\/index.php\/2026\/04\/24\/graficos-expulsaron-al-pampeano-schmidt-de-la-fatida-y-denunciaron-irregularidades-por-millones-de-pesos\/#article","isPartOf":{"@id":"https:\/\/diariotextual.com\/inicio\/index.php\/2026\/04\/24\/graficos-expulsaron-al-pampeano-schmidt-de-la-fatida-y-denunciaron-irregularidades-por-millones-de-pesos\/"},"author":{"name":"Diario1 Diario1","@id":"https:\/\/diariotextual.com\/inicio\/#\/schema\/person\/418fc4093c33e86ed41562db3508f958"},"headline":"Gr\u00e1ficos expulsaron al pampeano Schmidt de la Fatida y denunciaron irregularidades por millones de pesos","datePublished":"2026-04-24T22:03:50+00:00","dateModified":"2026-04-24T22:03:54+00:00","mainEntityOfPage":{"@id":"https:\/\/diariotextual.com\/inicio\/index.php\/2026\/04\/24\/graficos-expulsaron-al-pampeano-schmidt-de-la-fatida-y-denunciaron-irregularidades-por-millones-de-pesos\/"},"wordCount":490,"publisher":{"@id":"https:\/\/diariotextual.com\/inicio\/#organization"},"image":{"@id":"https:\/\/diariotextual.com\/inicio\/index.php\/2026\/04\/24\/graficos-expulsaron-al-pampeano-schmidt-de-la-fatida-y-denunciaron-irregularidades-por-millones-de-pesos\/#primaryimage"},"thumbnailUrl":"https:\/\/diariotextual.com\/inicio\/wp-content\/uploads\/2026\/04\/schmidtanibal2026.jpg","articleSection":["A - DESTACADAS (mod 16)","POLITICA"],"inLanguage":"es"},{"@type":"WebPage","@id":"https:\/\/diariotextual.com\/inicio\/index.php\/2026\/04\/24\/graficos-expulsaron-al-pampeano-schmidt-de-la-fatida-y-denunciaron-irregularidades-por-millones-de-pesos\/","url":"https:\/\/diariotextual.com\/inicio\/index.php\/2026\/04\/24\/graficos-expulsaron-al-pampeano-schmidt-de-la-fatida-y-denunciaron-irregularidades-por-millones-de-pesos\/","name":"Gr\u00e1ficos expulsaron al pampeano Schmidt de la Fatida y denunciaron irregularidades por millones de pesos - Diario Textual","isPartOf":{"@id":"https:\/\/diariotextual.com\/inicio\/#website"},"primaryImageOfPage":{"@id":"https:\/\/diariotextual.com\/inicio\/index.php\/2026\/04\/24\/graficos-expulsaron-al-pampeano-schmidt-de-la-fatida-y-denunciaron-irregularidades-por-millones-de-pesos\/#primaryimage"},"image":{"@id":"https:\/\/diariotextual.com\/inicio\/index.php\/2026\/04\/24\/graficos-expulsaron-al-pampeano-schmidt-de-la-fatida-y-denunciaron-irregularidades-por-millones-de-pesos\/#primaryimage"},"thumbnailUrl":"https:\/\/diariotextual.com\/inicio\/wp-content\/uploads\/2026\/04\/schmidtanibal2026.jpg","datePublished":"2026-04-24T22:03:50+00:00","dateModified":"2026-04-24T22:03:54+00:00","breadcrumb":{"@id":"https:\/\/diariotextual.com\/inicio\/index.php\/2026\/04\/24\/graficos-expulsaron-al-pampeano-schmidt-de-la-fatida-y-denunciaron-irregularidades-por-millones-de-pesos\/#breadcrumb"},"inLanguage":"es","potentialAction":[{"@type":"ReadAction","target":["https:\/\/diariotextual.com\/inicio\/index.php\/2026\/04\/24\/graficos-expulsaron-al-pampeano-schmidt-de-la-fatida-y-denunciaron-irregularidades-por-millones-de-pesos\/"]}]},{"@type":"ImageObject","inLanguage":"es","@id":"https:\/\/diariotextual.com\/inicio\/index.php\/2026\/04\/24\/graficos-expulsaron-al-pampeano-schmidt-de-la-fatida-y-denunciaron-irregularidades-por-millones-de-pesos\/#primaryimage","url":"https:\/\/diariotextual.com\/inicio\/wp-content\/uploads\/2026\/04\/schmidtanibal2026.jpg","contentUrl":"https:\/\/diariotextual.com\/inicio\/wp-content\/uploads\/2026\/04\/schmidtanibal2026.jpg","width":525,"height":366},{"@type":"BreadcrumbList","@id":"https:\/\/diariotextual.com\/inicio\/index.php\/2026\/04\/24\/graficos-expulsaron-al-pampeano-schmidt-de-la-fatida-y-denunciaron-irregularidades-por-millones-de-pesos\/#breadcrumb","itemListElement":[{"@type":"ListItem","position":1,"name":"Portada","item":"https:\/\/diariotextual.com\/inicio\/"},{"@type":"ListItem","position":2,"name":"Gr\u00e1ficos expulsaron al pampeano Schmidt de la Fatida y denunciaron irregularidades por millones de pesos"}]},{"@type":"WebSite","@id":"https:\/\/diariotextual.com\/inicio\/#website","url":"https:\/\/diariotextual.com\/inicio\/","name":"Diario Textual","description":"","publisher":{"@id":"https:\/\/diariotextual.com\/inicio\/#organization"},"potentialAction":[{"@type":"SearchAction","target":{"@type":"EntryPoint","urlTemplate":"https:\/\/diariotextual.com\/inicio\/?s={search_term_string}"},"query-input":{"@type":"PropertyValueSpecification","valueRequired":true,"valueName":"search_term_string"}}],"inLanguage":"es"},{"@type":"Organization","@id":"https:\/\/diariotextual.com\/inicio\/#organization","name":"Diario Textual","url":"https:\/\/diariotextual.com\/inicio\/","logo":{"@type":"ImageObject","inLanguage":"es","@id":"https:\/\/diariotextual.com\/inicio\/#\/schema\/logo\/image\/","url":"https:\/\/diariotextual.com\/inicio\/wp-content\/uploads\/2023\/05\/logotextual1.jpg","contentUrl":"https:\/\/diariotextual.com\/inicio\/wp-content\/uploads\/2023\/05\/logotextual1.jpg","width":516,"height":76,"caption":"Diario Textual"},"image":{"@id":"https:\/\/diariotextual.com\/inicio\/#\/schema\/logo\/image\/"},"sameAs":["https:\/\/www.facebook.com\/eltextual","https:\/\/x.com\/eltextual","http:\/\/www.instagram.com\/eltextual"]},{"@type":"Person","@id":"https:\/\/diariotextual.com\/inicio\/#\/schema\/person\/418fc4093c33e86ed41562db3508f958","name":"Diario1 Diario1","image":{"@type":"ImageObject","inLanguage":"es","@id":"https:\/\/secure.gravatar.com\/avatar\/9167d280179c85bc18be67aa7eda765854300033af4896dd779b608640f2ef7a?s=96&d=mm&r=g","url":"https:\/\/secure.gravatar.com\/avatar\/9167d280179c85bc18be67aa7eda765854300033af4896dd779b608640f2ef7a?s=96&d=mm&r=g","contentUrl":"https:\/\/secure.gravatar.com\/avatar\/9167d280179c85bc18be67aa7eda765854300033af4896dd779b608640f2ef7a?s=96&d=mm&r=g","caption":"Diario1 Diario1"},"url":"https:\/\/diariotextual.com\/inicio\/index.php\/author\/diario1\/"}]}},"_links":{"self":[{"href":"https:\/\/diariotextual.com\/inicio\/index.php\/wp-json\/wp\/v2\/posts\/325693","targetHints":{"allow":["GET"]}}],"collection":[{"href":"https:\/\/diariotextual.com\/inicio\/index.php\/wp-json\/wp\/v2\/posts"}],"about":[{"href":"https:\/\/diariotextual.com\/inicio\/index.php\/wp-json\/wp\/v2\/types\/post"}],"author":[{"embeddable":true,"href":"https:\/\/diariotextual.com\/inicio\/index.php\/wp-json\/wp\/v2\/users\/3"}],"replies":[{"embeddable":true,"href":"https:\/\/diariotextual.com\/inicio\/index.php\/wp-json\/wp\/v2\/comments?post=325693"}],"version-history":[{"count":1,"href":"https:\/\/diariotextual.com\/inicio\/index.php\/wp-json\/wp\/v2\/posts\/325693\/revisions"}],"predecessor-version":[{"id":325694,"href":"https:\/\/diariotextual.com\/inicio\/index.php\/wp-json\/wp\/v2\/posts\/325693\/revisions\/325694"}],"wp:featuredmedia":[{"embeddable":true,"href":"https:\/\/diariotextual.com\/inicio\/index.php\/wp-json\/wp\/v2\/media\/323915"}],"wp:attachment":[{"href":"https:\/\/diariotextual.com\/inicio\/index.php\/wp-json\/wp\/v2\/media?parent=325693"}],"wp:term":[{"taxonomy":"category","embeddable":true,"href":"https:\/\/diariotextual.com\/inicio\/index.php\/wp-json\/wp\/v2\/categories?post=325693"},{"taxonomy":"post_tag","embeddable":true,"href":"https:\/\/diariotextual.com\/inicio\/index.php\/wp-json\/wp\/v2\/tags?post=325693"}],"curies":[{"name":"wp","href":"https:\/\/api.w.org\/{rel}","templated":true}]}}