{"id":325698,"date":"2026-04-24T20:04:40","date_gmt":"2026-04-24T23:04:40","guid":{"rendered":"https:\/\/diariotextual.com\/inicio\/?p=325698"},"modified":"2026-04-24T20:04:42","modified_gmt":"2026-04-24T23:04:42","slug":"colonia-santa-teresa-se-prepara-para-una-nueva-edicion-de-las-romerias-alemanas","status":"publish","type":"post","link":"https:\/\/diariotextual.com\/inicio\/index.php\/2026\/04\/24\/colonia-santa-teresa-se-prepara-para-una-nueva-edicion-de-las-romerias-alemanas\/","title":{"rendered":"Colonia Santa Teresa se prepara para una nueva edici\u00f3n de las Romer\u00edas Alemanas"},"content":{"rendered":"\n<p>El pr\u00f3ximo 9 de mayo, desde las 21, se realizar\u00e1 una nueva edici\u00f3n de las <strong>Romer\u00edas Alemanas<\/strong> en Colonia Santa Teresa. El evento tendr\u00e1 lugar en el club deportivo y social colonial y forma parte de las propuestas culturales que buscan revalorizar las tradiciones de los descendientes de alemanes del volga.<\/p>\n\n\n\n<p>El anuncio se realiz\u00f3 en la secretar\u00eda de turismo, donde se destacaron tanto el valor cultural como el impacto tur\u00edstico de la celebraci\u00f3n.<\/p>\n\n\n\n<div style=\"height:100px\" aria-hidden=\"true\" class=\"wp-block-spacer\"><\/div>\n\n\n\n<p><strong>Identidad, cultura y turismo<\/strong><\/p>\n\n\n\n<p>El secretario de turismo, <strong>Sa\u00fal Echeveste<\/strong>, sostuvo que este tipo de festivales \u201cson expresi\u00f3n viva de la identidad y de la cultura de los descendientes de alemanes del volga\u201d y remarc\u00f3 que permiten \u201cmostrar qui\u00e9nes somos y nuestras tradiciones\u201d.<\/p>\n\n\n\n<p>Adem\u00e1s, subray\u00f3 que las romer\u00edas generan movimiento tur\u00edstico en la regi\u00f3n, con visitantes que llegan a la localidad, se alojan y consumen. En ese sentido, afirm\u00f3 que el Gobierno provincial acompa\u00f1a estas iniciativas junto al municipio y las instituciones locales.<\/p>\n\n\n\n<div style=\"height:100px\" aria-hidden=\"true\" class=\"wp-block-spacer\"><\/div>\n\n\n\n<p><strong>Una tradici\u00f3n que busca sostenerse<\/strong><\/p>\n\n\n\n<p>El intendente de Colonia Santa Teresa, <strong>Ra\u00fal Weiman<\/strong>, agradeci\u00f3 el respaldo institucional y record\u00f3 que las romer\u00edas se realizan desde hace 28 a\u00f1os en la localidad.<\/p>\n\n\n\n<p>\u201cSon parte de nuestra cultura y tradici\u00f3n. Somos localidades fundadas por descendientes de alemanes del volga y queremos que esto no se pierda\u201d, expres\u00f3. Tambi\u00e9n mencion\u00f3 que Santa Teresa super\u00f3 los 100 a\u00f1os desde su fundaci\u00f3n, en 1921.<\/p>\n\n\n\n<p>Weiman advirti\u00f3 sobre la importancia de transmitir estas costumbres a las nuevas generaciones, especialmente en lo vinculado a la gastronom\u00eda y la cultura.<\/p>\n\n\n\n<div style=\"height:100px\" aria-hidden=\"true\" class=\"wp-block-spacer\"><\/div>\n\n\n\n<p><strong>Danzas, m\u00fasica y gastronom\u00eda<\/strong><\/p>\n\n\n\n<p>La jornada contar\u00e1 con grupos de baile, danzas tradicionales, un coro alem\u00e1n y una variada oferta de comidas t\u00edpicas.<\/p>\n\n\n\n<p>Desde el municipio se\u00f1alaron que el objetivo es sostener el trabajo conjunto entre instituciones para preservar estas expresiones culturales e invitaron a la comunidad a participar de la propuesta.<\/p>\n","protected":false},"excerpt":{"rendered":"<p>El pr\u00f3ximo 9 de mayo, desde las 21, se realizar\u00e1 una nueva edici\u00f3n de las Romer\u00edas Alemanas en Colonia Santa Teresa. El evento tendr\u00e1 lugar en el club deportivo y&hellip;<\/p>\n","protected":false},"author":4,"featured_media":325699,"comment_status":"closed","ping_status":"open","sticky":false,"template":"","format":"standard","meta":{"_acf_changed":false,"footnotes":""},"categories":[1,2],"tags":[],"class_list":["post-325698","post","type-post","status-publish","format-standard","has-post-thumbnail","hentry","category-es-noticia","category-cultura"],"acf":[],"yoast_head":"<!-- This site is optimized with the Yoast SEO plugin v27.4 - https:\/\/yoast.com\/product\/yoast-seo-wordpress\/ -->\n<title>Colonia Santa Teresa se prepara para una nueva edici\u00f3n de las Romer\u00edas Alemanas - Diario Textual<\/title>\n<meta name=\"robots\" content=\"index, follow, max-snippet:-1, max-image-preview:large, max-video-preview:-1\" \/>\n<link rel=\"canonical\" href=\"https:\/\/diariotextual.com\/inicio\/index.php\/2026\/04\/24\/colonia-santa-teresa-se-prepara-para-una-nueva-edicion-de-las-romerias-alemanas\/\" \/>\n<meta property=\"og:locale\" content=\"es_ES\" \/>\n<meta property=\"og:type\" content=\"article\" \/>\n<meta property=\"og:title\" content=\"Colonia Santa Teresa se prepara para una nueva edici\u00f3n de las Romer\u00edas Alemanas - Diario Textual\" \/>\n<meta property=\"og:description\" content=\"El pr\u00f3ximo 9 de mayo, desde las 21, se realizar\u00e1 una nueva edici\u00f3n de las Romer\u00edas Alemanas en Colonia Santa Teresa. El evento tendr\u00e1 lugar en el club deportivo y&hellip;\" \/>\n<meta property=\"og:url\" content=\"https:\/\/diariotextual.com\/inicio\/index.php\/2026\/04\/24\/colonia-santa-teresa-se-prepara-para-una-nueva-edicion-de-las-romerias-alemanas\/\" \/>\n<meta property=\"og:site_name\" content=\"Diario Textual\" \/>\n<meta property=\"article:publisher\" content=\"https:\/\/www.facebook.com\/eltextual\" \/>\n<meta property=\"article:published_time\" content=\"2026-04-24T23:04:40+00:00\" \/>\n<meta property=\"article:modified_time\" content=\"2026-04-24T23:04:42+00:00\" \/>\n<meta property=\"og:image\" content=\"https:\/\/diariotextual.com\/inicio\/wp-content\/uploads\/2026\/04\/romeriasalemanassantateresa206.jpg\" \/>\n\t<meta property=\"og:image:width\" content=\"1000\" \/>\n\t<meta property=\"og:image:height\" content=\"654\" \/>\n\t<meta property=\"og:image:type\" content=\"image\/jpeg\" \/>\n<meta name=\"author\" content=\"diario2\" \/>\n<meta name=\"twitter:card\" content=\"summary_large_image\" \/>\n<meta name=\"twitter:creator\" content=\"@eltextual\" \/>\n<meta name=\"twitter:site\" content=\"@eltextual\" \/>\n<meta name=\"twitter:label1\" content=\"Escrito por\" \/>\n\t<meta name=\"twitter:data1\" content=\"diario2\" \/>\n\t<meta name=\"twitter:label2\" content=\"Tiempo de lectura\" \/>\n\t<meta name=\"twitter:data2\" content=\"2 minutos\" \/>\n<script type=\"application\/ld+json\" class=\"yoast-schema-graph\">{\"@context\":\"https:\\\/\\\/schema.org\",\"@graph\":[{\"@type\":\"Article\",\"@id\":\"https:\\\/\\\/diariotextual.com\\\/inicio\\\/index.php\\\/2026\\\/04\\\/24\\\/colonia-santa-teresa-se-prepara-para-una-nueva-edicion-de-las-romerias-alemanas\\\/#article\",\"isPartOf\":{\"@id\":\"https:\\\/\\\/diariotextual.com\\\/inicio\\\/index.php\\\/2026\\\/04\\\/24\\\/colonia-santa-teresa-se-prepara-para-una-nueva-edicion-de-las-romerias-alemanas\\\/\"},\"author\":{\"name\":\"diario2\",\"@id\":\"https:\\\/\\\/diariotextual.com\\\/inicio\\\/#\\\/schema\\\/person\\\/694f60677f23c4a530867a98f22b3768\"},\"headline\":\"Colonia Santa Teresa se prepara para una nueva edici\u00f3n de las Romer\u00edas Alemanas\",\"datePublished\":\"2026-04-24T23:04:40+00:00\",\"dateModified\":\"2026-04-24T23:04:42+00:00\",\"mainEntityOfPage\":{\"@id\":\"https:\\\/\\\/diariotextual.com\\\/inicio\\\/index.php\\\/2026\\\/04\\\/24\\\/colonia-santa-teresa-se-prepara-para-una-nueva-edicion-de-las-romerias-alemanas\\\/\"},\"wordCount\":339,\"publisher\":{\"@id\":\"https:\\\/\\\/diariotextual.com\\\/inicio\\\/#organization\"},\"image\":{\"@id\":\"https:\\\/\\\/diariotextual.com\\\/inicio\\\/index.php\\\/2026\\\/04\\\/24\\\/colonia-santa-teresa-se-prepara-para-una-nueva-edicion-de-las-romerias-alemanas\\\/#primaryimage\"},\"thumbnailUrl\":\"https:\\\/\\\/diariotextual.com\\\/inicio\\\/wp-content\\\/uploads\\\/2026\\\/04\\\/romeriasalemanassantateresa206.jpg\",\"articleSection\":[\"A - ES NOTICIA (van abajo)\",\"CULTURA\"],\"inLanguage\":\"es\"},{\"@type\":\"WebPage\",\"@id\":\"https:\\\/\\\/diariotextual.com\\\/inicio\\\/index.php\\\/2026\\\/04\\\/24\\\/colonia-santa-teresa-se-prepara-para-una-nueva-edicion-de-las-romerias-alemanas\\\/\",\"url\":\"https:\\\/\\\/diariotextual.com\\\/inicio\\\/index.php\\\/2026\\\/04\\\/24\\\/colonia-santa-teresa-se-prepara-para-una-nueva-edicion-de-las-romerias-alemanas\\\/\",\"name\":\"Colonia Santa Teresa se prepara para una nueva edici\u00f3n de las Romer\u00edas Alemanas - Diario Textual\",\"isPartOf\":{\"@id\":\"https:\\\/\\\/diariotextual.com\\\/inicio\\\/#website\"},\"primaryImageOfPage\":{\"@id\":\"https:\\\/\\\/diariotextual.com\\\/inicio\\\/index.php\\\/2026\\\/04\\\/24\\\/colonia-santa-teresa-se-prepara-para-una-nueva-edicion-de-las-romerias-alemanas\\\/#primaryimage\"},\"image\":{\"@id\":\"https:\\\/\\\/diariotextual.com\\\/inicio\\\/index.php\\\/2026\\\/04\\\/24\\\/colonia-santa-teresa-se-prepara-para-una-nueva-edicion-de-las-romerias-alemanas\\\/#primaryimage\"},\"thumbnailUrl\":\"https:\\\/\\\/diariotextual.com\\\/inicio\\\/wp-content\\\/uploads\\\/2026\\\/04\\\/romeriasalemanassantateresa206.jpg\",\"datePublished\":\"2026-04-24T23:04:40+00:00\",\"dateModified\":\"2026-04-24T23:04:42+00:00\",\"breadcrumb\":{\"@id\":\"https:\\\/\\\/diariotextual.com\\\/inicio\\\/index.php\\\/2026\\\/04\\\/24\\\/colonia-santa-teresa-se-prepara-para-una-nueva-edicion-de-las-romerias-alemanas\\\/#breadcrumb\"},\"inLanguage\":\"es\",\"potentialAction\":[{\"@type\":\"ReadAction\",\"target\":[\"https:\\\/\\\/diariotextual.com\\\/inicio\\\/index.php\\\/2026\\\/04\\\/24\\\/colonia-santa-teresa-se-prepara-para-una-nueva-edicion-de-las-romerias-alemanas\\\/\"]}]},{\"@type\":\"ImageObject\",\"inLanguage\":\"es\",\"@id\":\"https:\\\/\\\/diariotextual.com\\\/inicio\\\/index.php\\\/2026\\\/04\\\/24\\\/colonia-santa-teresa-se-prepara-para-una-nueva-edicion-de-las-romerias-alemanas\\\/#primaryimage\",\"url\":\"https:\\\/\\\/diariotextual.com\\\/inicio\\\/wp-content\\\/uploads\\\/2026\\\/04\\\/romeriasalemanassantateresa206.jpg\",\"contentUrl\":\"https:\\\/\\\/diariotextual.com\\\/inicio\\\/wp-content\\\/uploads\\\/2026\\\/04\\\/romeriasalemanassantateresa206.jpg\",\"width\":1000,\"height\":654},{\"@type\":\"BreadcrumbList\",\"@id\":\"https:\\\/\\\/diariotextual.com\\\/inicio\\\/index.php\\\/2026\\\/04\\\/24\\\/colonia-santa-teresa-se-prepara-para-una-nueva-edicion-de-las-romerias-alemanas\\\/#breadcrumb\",\"itemListElement\":[{\"@type\":\"ListItem\",\"position\":1,\"name\":\"Portada\",\"item\":\"https:\\\/\\\/diariotextual.com\\\/inicio\\\/\"},{\"@type\":\"ListItem\",\"position\":2,\"name\":\"Colonia Santa Teresa se prepara para una nueva edici\u00f3n de las Romer\u00edas Alemanas\"}]},{\"@type\":\"WebSite\",\"@id\":\"https:\\\/\\\/diariotextual.com\\\/inicio\\\/#website\",\"url\":\"https:\\\/\\\/diariotextual.com\\\/inicio\\\/\",\"name\":\"Diario Textual\",\"description\":\"\",\"publisher\":{\"@id\":\"https:\\\/\\\/diariotextual.com\\\/inicio\\\/#organization\"},\"potentialAction\":[{\"@type\":\"SearchAction\",\"target\":{\"@type\":\"EntryPoint\",\"urlTemplate\":\"https:\\\/\\\/diariotextual.com\\\/inicio\\\/?s={search_term_string}\"},\"query-input\":{\"@type\":\"PropertyValueSpecification\",\"valueRequired\":true,\"valueName\":\"search_term_string\"}}],\"inLanguage\":\"es\"},{\"@type\":\"Organization\",\"@id\":\"https:\\\/\\\/diariotextual.com\\\/inicio\\\/#organization\",\"name\":\"Diario Textual\",\"url\":\"https:\\\/\\\/diariotextual.com\\\/inicio\\\/\",\"logo\":{\"@type\":\"ImageObject\",\"inLanguage\":\"es\",\"@id\":\"https:\\\/\\\/diariotextual.com\\\/inicio\\\/#\\\/schema\\\/logo\\\/image\\\/\",\"url\":\"https:\\\/\\\/diariotextual.com\\\/inicio\\\/wp-content\\\/uploads\\\/2023\\\/05\\\/logotextual1.jpg\",\"contentUrl\":\"https:\\\/\\\/diariotextual.com\\\/inicio\\\/wp-content\\\/uploads\\\/2023\\\/05\\\/logotextual1.jpg\",\"width\":516,\"height\":76,\"caption\":\"Diario Textual\"},\"image\":{\"@id\":\"https:\\\/\\\/diariotextual.com\\\/inicio\\\/#\\\/schema\\\/logo\\\/image\\\/\"},\"sameAs\":[\"https:\\\/\\\/www.facebook.com\\\/eltextual\",\"https:\\\/\\\/x.com\\\/eltextual\",\"http:\\\/\\\/www.instagram.com\\\/eltextual\"]},{\"@type\":\"Person\",\"@id\":\"https:\\\/\\\/diariotextual.com\\\/inicio\\\/#\\\/schema\\\/person\\\/694f60677f23c4a530867a98f22b3768\",\"name\":\"diario2\",\"image\":{\"@type\":\"ImageObject\",\"inLanguage\":\"es\",\"@id\":\"https:\\\/\\\/secure.gravatar.com\\\/avatar\\\/5a2567495ba16b852fcd8f1ed006a2e24fcace936018ed8237e95f488ad6e0a7?s=96&d=mm&r=g\",\"url\":\"https:\\\/\\\/secure.gravatar.com\\\/avatar\\\/5a2567495ba16b852fcd8f1ed006a2e24fcace936018ed8237e95f488ad6e0a7?s=96&d=mm&r=g\",\"contentUrl\":\"https:\\\/\\\/secure.gravatar.com\\\/avatar\\\/5a2567495ba16b852fcd8f1ed006a2e24fcace936018ed8237e95f488ad6e0a7?s=96&d=mm&r=g\",\"caption\":\"diario2\"},\"url\":\"https:\\\/\\\/diariotextual.com\\\/inicio\\\/index.php\\\/author\\\/diario2\\\/\"}]}<\/script>\n<!-- \/ Yoast SEO plugin. -->","yoast_head_json":{"title":"Colonia Santa Teresa se prepara para una nueva edici\u00f3n de las Romer\u00edas Alemanas - Diario Textual","robots":{"index":"index","follow":"follow","max-snippet":"max-snippet:-1","max-image-preview":"max-image-preview:large","max-video-preview":"max-video-preview:-1"},"canonical":"https:\/\/diariotextual.com\/inicio\/index.php\/2026\/04\/24\/colonia-santa-teresa-se-prepara-para-una-nueva-edicion-de-las-romerias-alemanas\/","og_locale":"es_ES","og_type":"article","og_title":"Colonia Santa Teresa se prepara para una nueva edici\u00f3n de las Romer\u00edas Alemanas - Diario Textual","og_description":"El pr\u00f3ximo 9 de mayo, desde las 21, se realizar\u00e1 una nueva edici\u00f3n de las Romer\u00edas Alemanas en Colonia Santa Teresa. El evento tendr\u00e1 lugar en el club deportivo y&hellip;","og_url":"https:\/\/diariotextual.com\/inicio\/index.php\/2026\/04\/24\/colonia-santa-teresa-se-prepara-para-una-nueva-edicion-de-las-romerias-alemanas\/","og_site_name":"Diario Textual","article_publisher":"https:\/\/www.facebook.com\/eltextual","article_published_time":"2026-04-24T23:04:40+00:00","article_modified_time":"2026-04-24T23:04:42+00:00","og_image":[{"width":1000,"height":654,"url":"https:\/\/diariotextual.com\/inicio\/wp-content\/uploads\/2026\/04\/romeriasalemanassantateresa206.jpg","type":"image\/jpeg"}],"author":"diario2","twitter_card":"summary_large_image","twitter_creator":"@eltextual","twitter_site":"@eltextual","twitter_misc":{"Escrito por":"diario2","Tiempo de lectura":"2 minutos"},"schema":{"@context":"https:\/\/schema.org","@graph":[{"@type":"Article","@id":"https:\/\/diariotextual.com\/inicio\/index.php\/2026\/04\/24\/colonia-santa-teresa-se-prepara-para-una-nueva-edicion-de-las-romerias-alemanas\/#article","isPartOf":{"@id":"https:\/\/diariotextual.com\/inicio\/index.php\/2026\/04\/24\/colonia-santa-teresa-se-prepara-para-una-nueva-edicion-de-las-romerias-alemanas\/"},"author":{"name":"diario2","@id":"https:\/\/diariotextual.com\/inicio\/#\/schema\/person\/694f60677f23c4a530867a98f22b3768"},"headline":"Colonia Santa Teresa se prepara para una nueva edici\u00f3n de las Romer\u00edas Alemanas","datePublished":"2026-04-24T23:04:40+00:00","dateModified":"2026-04-24T23:04:42+00:00","mainEntityOfPage":{"@id":"https:\/\/diariotextual.com\/inicio\/index.php\/2026\/04\/24\/colonia-santa-teresa-se-prepara-para-una-nueva-edicion-de-las-romerias-alemanas\/"},"wordCount":339,"publisher":{"@id":"https:\/\/diariotextual.com\/inicio\/#organization"},"image":{"@id":"https:\/\/diariotextual.com\/inicio\/index.php\/2026\/04\/24\/colonia-santa-teresa-se-prepara-para-una-nueva-edicion-de-las-romerias-alemanas\/#primaryimage"},"thumbnailUrl":"https:\/\/diariotextual.com\/inicio\/wp-content\/uploads\/2026\/04\/romeriasalemanassantateresa206.jpg","articleSection":["A - ES NOTICIA (van abajo)","CULTURA"],"inLanguage":"es"},{"@type":"WebPage","@id":"https:\/\/diariotextual.com\/inicio\/index.php\/2026\/04\/24\/colonia-santa-teresa-se-prepara-para-una-nueva-edicion-de-las-romerias-alemanas\/","url":"https:\/\/diariotextual.com\/inicio\/index.php\/2026\/04\/24\/colonia-santa-teresa-se-prepara-para-una-nueva-edicion-de-las-romerias-alemanas\/","name":"Colonia Santa Teresa se prepara para una nueva edici\u00f3n de las Romer\u00edas Alemanas - Diario Textual","isPartOf":{"@id":"https:\/\/diariotextual.com\/inicio\/#website"},"primaryImageOfPage":{"@id":"https:\/\/diariotextual.com\/inicio\/index.php\/2026\/04\/24\/colonia-santa-teresa-se-prepara-para-una-nueva-edicion-de-las-romerias-alemanas\/#primaryimage"},"image":{"@id":"https:\/\/diariotextual.com\/inicio\/index.php\/2026\/04\/24\/colonia-santa-teresa-se-prepara-para-una-nueva-edicion-de-las-romerias-alemanas\/#primaryimage"},"thumbnailUrl":"https:\/\/diariotextual.com\/inicio\/wp-content\/uploads\/2026\/04\/romeriasalemanassantateresa206.jpg","datePublished":"2026-04-24T23:04:40+00:00","dateModified":"2026-04-24T23:04:42+00:00","breadcrumb":{"@id":"https:\/\/diariotextual.com\/inicio\/index.php\/2026\/04\/24\/colonia-santa-teresa-se-prepara-para-una-nueva-edicion-de-las-romerias-alemanas\/#breadcrumb"},"inLanguage":"es","potentialAction":[{"@type":"ReadAction","target":["https:\/\/diariotextual.com\/inicio\/index.php\/2026\/04\/24\/colonia-santa-teresa-se-prepara-para-una-nueva-edicion-de-las-romerias-alemanas\/"]}]},{"@type":"ImageObject","inLanguage":"es","@id":"https:\/\/diariotextual.com\/inicio\/index.php\/2026\/04\/24\/colonia-santa-teresa-se-prepara-para-una-nueva-edicion-de-las-romerias-alemanas\/#primaryimage","url":"https:\/\/diariotextual.com\/inicio\/wp-content\/uploads\/2026\/04\/romeriasalemanassantateresa206.jpg","contentUrl":"https:\/\/diariotextual.com\/inicio\/wp-content\/uploads\/2026\/04\/romeriasalemanassantateresa206.jpg","width":1000,"height":654},{"@type":"BreadcrumbList","@id":"https:\/\/diariotextual.com\/inicio\/index.php\/2026\/04\/24\/colonia-santa-teresa-se-prepara-para-una-nueva-edicion-de-las-romerias-alemanas\/#breadcrumb","itemListElement":[{"@type":"ListItem","position":1,"name":"Portada","item":"https:\/\/diariotextual.com\/inicio\/"},{"@type":"ListItem","position":2,"name":"Colonia Santa Teresa se prepara para una nueva edici\u00f3n de las Romer\u00edas Alemanas"}]},{"@type":"WebSite","@id":"https:\/\/diariotextual.com\/inicio\/#website","url":"https:\/\/diariotextual.com\/inicio\/","name":"Diario Textual","description":"","publisher":{"@id":"https:\/\/diariotextual.com\/inicio\/#organization"},"potentialAction":[{"@type":"SearchAction","target":{"@type":"EntryPoint","urlTemplate":"https:\/\/diariotextual.com\/inicio\/?s={search_term_string}"},"query-input":{"@type":"PropertyValueSpecification","valueRequired":true,"valueName":"search_term_string"}}],"inLanguage":"es"},{"@type":"Organization","@id":"https:\/\/diariotextual.com\/inicio\/#organization","name":"Diario Textual","url":"https:\/\/diariotextual.com\/inicio\/","logo":{"@type":"ImageObject","inLanguage":"es","@id":"https:\/\/diariotextual.com\/inicio\/#\/schema\/logo\/image\/","url":"https:\/\/diariotextual.com\/inicio\/wp-content\/uploads\/2023\/05\/logotextual1.jpg","contentUrl":"https:\/\/diariotextual.com\/inicio\/wp-content\/uploads\/2023\/05\/logotextual1.jpg","width":516,"height":76,"caption":"Diario Textual"},"image":{"@id":"https:\/\/diariotextual.com\/inicio\/#\/schema\/logo\/image\/"},"sameAs":["https:\/\/www.facebook.com\/eltextual","https:\/\/x.com\/eltextual","http:\/\/www.instagram.com\/eltextual"]},{"@type":"Person","@id":"https:\/\/diariotextual.com\/inicio\/#\/schema\/person\/694f60677f23c4a530867a98f22b3768","name":"diario2","image":{"@type":"ImageObject","inLanguage":"es","@id":"https:\/\/secure.gravatar.com\/avatar\/5a2567495ba16b852fcd8f1ed006a2e24fcace936018ed8237e95f488ad6e0a7?s=96&d=mm&r=g","url":"https:\/\/secure.gravatar.com\/avatar\/5a2567495ba16b852fcd8f1ed006a2e24fcace936018ed8237e95f488ad6e0a7?s=96&d=mm&r=g","contentUrl":"https:\/\/secure.gravatar.com\/avatar\/5a2567495ba16b852fcd8f1ed006a2e24fcace936018ed8237e95f488ad6e0a7?s=96&d=mm&r=g","caption":"diario2"},"url":"https:\/\/diariotextual.com\/inicio\/index.php\/author\/diario2\/"}]}},"_links":{"self":[{"href":"https:\/\/diariotextual.com\/inicio\/index.php\/wp-json\/wp\/v2\/posts\/325698","targetHints":{"allow":["GET"]}}],"collection":[{"href":"https:\/\/diariotextual.com\/inicio\/index.php\/wp-json\/wp\/v2\/posts"}],"about":[{"href":"https:\/\/diariotextual.com\/inicio\/index.php\/wp-json\/wp\/v2\/types\/post"}],"author":[{"embeddable":true,"href":"https:\/\/diariotextual.com\/inicio\/index.php\/wp-json\/wp\/v2\/users\/4"}],"replies":[{"embeddable":true,"href":"https:\/\/diariotextual.com\/inicio\/index.php\/wp-json\/wp\/v2\/comments?post=325698"}],"version-history":[{"count":1,"href":"https:\/\/diariotextual.com\/inicio\/index.php\/wp-json\/wp\/v2\/posts\/325698\/revisions"}],"predecessor-version":[{"id":325700,"href":"https:\/\/diariotextual.com\/inicio\/index.php\/wp-json\/wp\/v2\/posts\/325698\/revisions\/325700"}],"wp:featuredmedia":[{"embeddable":true,"href":"https:\/\/diariotextual.com\/inicio\/index.php\/wp-json\/wp\/v2\/media\/325699"}],"wp:attachment":[{"href":"https:\/\/diariotextual.com\/inicio\/index.php\/wp-json\/wp\/v2\/media?parent=325698"}],"wp:term":[{"taxonomy":"category","embeddable":true,"href":"https:\/\/diariotextual.com\/inicio\/index.php\/wp-json\/wp\/v2\/categories?post=325698"},{"taxonomy":"post_tag","embeddable":true,"href":"https:\/\/diariotextual.com\/inicio\/index.php\/wp-json\/wp\/v2\/tags?post=325698"}],"curies":[{"name":"wp","href":"https:\/\/api.w.org\/{rel}","templated":true}]}}