{"id":325702,"date":"2026-04-24T20:38:29","date_gmt":"2026-04-24T23:38:29","guid":{"rendered":"https:\/\/diariotextual.com\/inicio\/?p=325702"},"modified":"2026-04-24T20:40:43","modified_gmt":"2026-04-24T23:40:43","slug":"el-gobierno-pampeano-habilito-a-los-chinos-de-metatech-para-operar-el-frigorifico-de-bernasconi","status":"publish","type":"post","link":"https:\/\/diariotextual.com\/inicio\/index.php\/2026\/04\/24\/el-gobierno-pampeano-habilito-a-los-chinos-de-metatech-para-operar-el-frigorifico-de-bernasconi\/","title":{"rendered":"El Gobierno pampeano habilit\u00f3 a los chinos de Metatech para operar el frigor\u00edfico de Bernasconi"},"content":{"rendered":"\n<p>La <strong>Direcci\u00f3n de Ganader\u00eda<\/strong> del <strong>Ministerio de la Producci\u00f3n<\/strong> habilit\u00f3 a la firma <strong>Metatech<\/strong>, vinculada a financiamiento de empresarios chinos, para operar el frigor\u00edfico ubicado en la localidad de <strong>Bernasconi<\/strong>, sobre la ruta nacional 35. La autorizaci\u00f3n comprende las tareas de <strong>faena, desposte y empaque<\/strong>. La planta es propiedad de HV, hoy en concurso de acreedores.<\/p>\n\n\n\n<p>La medida se oficializ\u00f3 el pasado 21 de abril mediante la <strong>Disposici\u00f3n N\u00ba 435<\/strong>, que autoriz\u00f3 el funcionamiento del establecimiento <strong>Frigor\u00edfico Metatech S.A.<\/strong>, a trav\u00e9s de un alquiler a HV.<\/p>\n\n\n\n<p>La normativa establece que la planta funcionar\u00e1 como frigor\u00edfico de <strong>ciclo I y II de bovinos<\/strong>, lo que implica la realizaci\u00f3n integral del proceso productivo, desde la faena hasta el empaque final.<\/p>\n\n\n\n<p><\/p>\n\n\n\n<p>En la resoluci\u00f3n se indic\u00f3 que la empresa deber\u00e1 informar de manera inmediata a la autoridad de aplicaci\u00f3n cualquier novedad vinculada al expediente <strong>\u201cFrigor\u00edfico HV S.A. s\/Concurso Preventivo\u201d<\/strong>, que se tramita en el <strong>Juzgado Nacional en lo Comercial N\u00ba 11<\/strong>, en relaci\u00f3n con el contrato de locaci\u00f3n presentado.<\/p>\n\n\n\n<p>Adem\u00e1s, se aclar\u00f3 que la habilitaci\u00f3n se otorga en el marco de las facultades de control sanitario y t\u00e9cnico del organismo provincial, pero queda sujeta a la obtenci\u00f3n de la autorizaci\u00f3n judicial definitiva en ese proceso.<\/p>\n\n\n\n<p>El texto advierte que el incumplimiento de esa condici\u00f3n, o una eventual resoluci\u00f3n judicial que afecte la vigencia del contrato de alquiler, podr\u00e1 derivar en la <strong>revocaci\u00f3n de la habilitaci\u00f3n<\/strong> por parte de la Direcci\u00f3n de Ganader\u00eda.<\/p>\n\n\n\n<p><\/p>\n\n\n\n<p>La planta es propiedad del <strong>Frigor\u00edfico HV,<\/strong> que se encuentra en <strong>cesaci\u00f3n de pagos<\/strong> y bajo <strong>concurso de acreedores<\/strong>, con una situaci\u00f3n financiera comprometida. La planta permanece paralizada desde hace tres meses y se prev\u00e9 su reactivaci\u00f3n en las pr\u00f3ximas semanas a partir del ingreso de <strong>Metatech<\/strong>, firma vinculada a empresarios chinos.<\/p>\n\n\n\n<p>Un punto central del esquema es que el acuerdo firmado entre <strong>Frigor\u00edfico HV S.A.<\/strong> y <strong>Metatech S.A.<\/strong> tiene car\u00e1cter de <strong>locaci\u00f3n de inmueble<\/strong>. En ese marco, la responsabilidad por el pago de <strong>indemnizaciones<\/strong> de los trabajadores recae exclusivamente en la empresa propietaria.<\/p>\n\n\n\n<p>La disposici\u00f3n tambi\u00e9n aprueba el modelo de certificado de habilitaci\u00f3n correspondiente y deja sin efecto la autorizaci\u00f3n provisoria que se hab\u00eda otorgado en febrero de este a\u00f1o.<\/p>\n\n\n\n<p>Finalmente, se dispuso notificar a la firma, al <strong>Senasa<\/strong> y a la <strong>Municipalidad de Bernasconi<\/strong>.<\/p>\n\n\n\n<p><\/p>\n","protected":false},"excerpt":{"rendered":"<p>La Direcci\u00f3n de Ganader\u00eda del Ministerio de la Producci\u00f3n habilit\u00f3 a la firma Metatech, vinculada a financiamiento de empresarios chinos, para operar el frigor\u00edfico ubicado en la localidad de Bernasconi,&hellip;<\/p>\n","protected":false},"author":3,"featured_media":110563,"comment_status":"closed","ping_status":"open","sticky":false,"template":"","format":"standard","meta":{"_acf_changed":false,"footnotes":""},"categories":[4,20],"tags":[],"class_list":["post-325702","post","type-post","status-publish","format-standard","has-post-thumbnail","hentry","category-destacadas","category-campo"],"acf":[],"yoast_head":"<!-- This site is optimized with the Yoast SEO plugin v27.4 - https:\/\/yoast.com\/product\/yoast-seo-wordpress\/ -->\n<title>El Gobierno pampeano habilit\u00f3 a los chinos de Metatech para operar el frigor\u00edfico de Bernasconi - Diario Textual<\/title>\n<meta name=\"robots\" content=\"index, follow, max-snippet:-1, max-image-preview:large, max-video-preview:-1\" \/>\n<link rel=\"canonical\" href=\"https:\/\/diariotextual.com\/inicio\/index.php\/2026\/04\/24\/el-gobierno-pampeano-habilito-a-los-chinos-de-metatech-para-operar-el-frigorifico-de-bernasconi\/\" \/>\n<meta property=\"og:locale\" content=\"es_ES\" \/>\n<meta property=\"og:type\" content=\"article\" \/>\n<meta property=\"og:title\" content=\"El Gobierno pampeano habilit\u00f3 a los chinos de Metatech para operar el frigor\u00edfico de Bernasconi - Diario Textual\" \/>\n<meta property=\"og:description\" content=\"La Direcci\u00f3n de Ganader\u00eda del Ministerio de la Producci\u00f3n habilit\u00f3 a la firma Metatech, vinculada a financiamiento de empresarios chinos, para operar el frigor\u00edfico ubicado en la localidad de Bernasconi,&hellip;\" \/>\n<meta property=\"og:url\" content=\"https:\/\/diariotextual.com\/inicio\/index.php\/2026\/04\/24\/el-gobierno-pampeano-habilito-a-los-chinos-de-metatech-para-operar-el-frigorifico-de-bernasconi\/\" \/>\n<meta property=\"og:site_name\" content=\"Diario Textual\" \/>\n<meta property=\"article:publisher\" content=\"https:\/\/www.facebook.com\/eltextual\" \/>\n<meta property=\"article:published_time\" content=\"2026-04-24T23:38:29+00:00\" \/>\n<meta property=\"article:modified_time\" content=\"2026-04-24T23:40:43+00:00\" \/>\n<meta property=\"og:image\" content=\"https:\/\/diariotextual.com\/inicio\/wp-content\/uploads\/2020\/09\/frigorificobernasconi0000.jpg\" \/>\n\t<meta property=\"og:image:width\" content=\"1244\" \/>\n\t<meta property=\"og:image:height\" content=\"768\" \/>\n\t<meta property=\"og:image:type\" content=\"image\/jpeg\" \/>\n<meta name=\"author\" content=\"Diario1 Diario1\" \/>\n<meta name=\"twitter:card\" content=\"summary_large_image\" \/>\n<meta name=\"twitter:creator\" content=\"@eltextual\" \/>\n<meta name=\"twitter:site\" content=\"@eltextual\" \/>\n<meta name=\"twitter:label1\" content=\"Escrito por\" \/>\n\t<meta name=\"twitter:data1\" content=\"Diario1 Diario1\" \/>\n\t<meta name=\"twitter:label2\" content=\"Tiempo de lectura\" \/>\n\t<meta name=\"twitter:data2\" content=\"2 minutos\" \/>\n<script type=\"application\/ld+json\" class=\"yoast-schema-graph\">{\"@context\":\"https:\\\/\\\/schema.org\",\"@graph\":[{\"@type\":\"Article\",\"@id\":\"https:\\\/\\\/diariotextual.com\\\/inicio\\\/index.php\\\/2026\\\/04\\\/24\\\/el-gobierno-pampeano-habilito-a-los-chinos-de-metatech-para-operar-el-frigorifico-de-bernasconi\\\/#article\",\"isPartOf\":{\"@id\":\"https:\\\/\\\/diariotextual.com\\\/inicio\\\/index.php\\\/2026\\\/04\\\/24\\\/el-gobierno-pampeano-habilito-a-los-chinos-de-metatech-para-operar-el-frigorifico-de-bernasconi\\\/\"},\"author\":{\"name\":\"Diario1 Diario1\",\"@id\":\"https:\\\/\\\/diariotextual.com\\\/inicio\\\/#\\\/schema\\\/person\\\/418fc4093c33e86ed41562db3508f958\"},\"headline\":\"El Gobierno pampeano habilit\u00f3 a los chinos de Metatech para operar el frigor\u00edfico de Bernasconi\",\"datePublished\":\"2026-04-24T23:38:29+00:00\",\"dateModified\":\"2026-04-24T23:40:43+00:00\",\"mainEntityOfPage\":{\"@id\":\"https:\\\/\\\/diariotextual.com\\\/inicio\\\/index.php\\\/2026\\\/04\\\/24\\\/el-gobierno-pampeano-habilito-a-los-chinos-de-metatech-para-operar-el-frigorifico-de-bernasconi\\\/\"},\"wordCount\":432,\"publisher\":{\"@id\":\"https:\\\/\\\/diariotextual.com\\\/inicio\\\/#organization\"},\"image\":{\"@id\":\"https:\\\/\\\/diariotextual.com\\\/inicio\\\/index.php\\\/2026\\\/04\\\/24\\\/el-gobierno-pampeano-habilito-a-los-chinos-de-metatech-para-operar-el-frigorifico-de-bernasconi\\\/#primaryimage\"},\"thumbnailUrl\":\"https:\\\/\\\/diariotextual.com\\\/inicio\\\/wp-content\\\/uploads\\\/2020\\\/09\\\/frigorificobernasconi0000.jpg\",\"articleSection\":[\"A - DESTACADAS (mod 16)\",\"CAMPO\"],\"inLanguage\":\"es\"},{\"@type\":\"WebPage\",\"@id\":\"https:\\\/\\\/diariotextual.com\\\/inicio\\\/index.php\\\/2026\\\/04\\\/24\\\/el-gobierno-pampeano-habilito-a-los-chinos-de-metatech-para-operar-el-frigorifico-de-bernasconi\\\/\",\"url\":\"https:\\\/\\\/diariotextual.com\\\/inicio\\\/index.php\\\/2026\\\/04\\\/24\\\/el-gobierno-pampeano-habilito-a-los-chinos-de-metatech-para-operar-el-frigorifico-de-bernasconi\\\/\",\"name\":\"El Gobierno pampeano habilit\u00f3 a los chinos de Metatech para operar el frigor\u00edfico de Bernasconi - Diario Textual\",\"isPartOf\":{\"@id\":\"https:\\\/\\\/diariotextual.com\\\/inicio\\\/#website\"},\"primaryImageOfPage\":{\"@id\":\"https:\\\/\\\/diariotextual.com\\\/inicio\\\/index.php\\\/2026\\\/04\\\/24\\\/el-gobierno-pampeano-habilito-a-los-chinos-de-metatech-para-operar-el-frigorifico-de-bernasconi\\\/#primaryimage\"},\"image\":{\"@id\":\"https:\\\/\\\/diariotextual.com\\\/inicio\\\/index.php\\\/2026\\\/04\\\/24\\\/el-gobierno-pampeano-habilito-a-los-chinos-de-metatech-para-operar-el-frigorifico-de-bernasconi\\\/#primaryimage\"},\"thumbnailUrl\":\"https:\\\/\\\/diariotextual.com\\\/inicio\\\/wp-content\\\/uploads\\\/2020\\\/09\\\/frigorificobernasconi0000.jpg\",\"datePublished\":\"2026-04-24T23:38:29+00:00\",\"dateModified\":\"2026-04-24T23:40:43+00:00\",\"breadcrumb\":{\"@id\":\"https:\\\/\\\/diariotextual.com\\\/inicio\\\/index.php\\\/2026\\\/04\\\/24\\\/el-gobierno-pampeano-habilito-a-los-chinos-de-metatech-para-operar-el-frigorifico-de-bernasconi\\\/#breadcrumb\"},\"inLanguage\":\"es\",\"potentialAction\":[{\"@type\":\"ReadAction\",\"target\":[\"https:\\\/\\\/diariotextual.com\\\/inicio\\\/index.php\\\/2026\\\/04\\\/24\\\/el-gobierno-pampeano-habilito-a-los-chinos-de-metatech-para-operar-el-frigorifico-de-bernasconi\\\/\"]}]},{\"@type\":\"ImageObject\",\"inLanguage\":\"es\",\"@id\":\"https:\\\/\\\/diariotextual.com\\\/inicio\\\/index.php\\\/2026\\\/04\\\/24\\\/el-gobierno-pampeano-habilito-a-los-chinos-de-metatech-para-operar-el-frigorifico-de-bernasconi\\\/#primaryimage\",\"url\":\"https:\\\/\\\/diariotextual.com\\\/inicio\\\/wp-content\\\/uploads\\\/2020\\\/09\\\/frigorificobernasconi0000.jpg\",\"contentUrl\":\"https:\\\/\\\/diariotextual.com\\\/inicio\\\/wp-content\\\/uploads\\\/2020\\\/09\\\/frigorificobernasconi0000.jpg\",\"width\":1244,\"height\":768},{\"@type\":\"BreadcrumbList\",\"@id\":\"https:\\\/\\\/diariotextual.com\\\/inicio\\\/index.php\\\/2026\\\/04\\\/24\\\/el-gobierno-pampeano-habilito-a-los-chinos-de-metatech-para-operar-el-frigorifico-de-bernasconi\\\/#breadcrumb\",\"itemListElement\":[{\"@type\":\"ListItem\",\"position\":1,\"name\":\"Portada\",\"item\":\"https:\\\/\\\/diariotextual.com\\\/inicio\\\/\"},{\"@type\":\"ListItem\",\"position\":2,\"name\":\"El Gobierno pampeano habilit\u00f3 a los chinos de Metatech para operar el frigor\u00edfico de Bernasconi\"}]},{\"@type\":\"WebSite\",\"@id\":\"https:\\\/\\\/diariotextual.com\\\/inicio\\\/#website\",\"url\":\"https:\\\/\\\/diariotextual.com\\\/inicio\\\/\",\"name\":\"Diario Textual\",\"description\":\"\",\"publisher\":{\"@id\":\"https:\\\/\\\/diariotextual.com\\\/inicio\\\/#organization\"},\"potentialAction\":[{\"@type\":\"SearchAction\",\"target\":{\"@type\":\"EntryPoint\",\"urlTemplate\":\"https:\\\/\\\/diariotextual.com\\\/inicio\\\/?s={search_term_string}\"},\"query-input\":{\"@type\":\"PropertyValueSpecification\",\"valueRequired\":true,\"valueName\":\"search_term_string\"}}],\"inLanguage\":\"es\"},{\"@type\":\"Organization\",\"@id\":\"https:\\\/\\\/diariotextual.com\\\/inicio\\\/#organization\",\"name\":\"Diario Textual\",\"url\":\"https:\\\/\\\/diariotextual.com\\\/inicio\\\/\",\"logo\":{\"@type\":\"ImageObject\",\"inLanguage\":\"es\",\"@id\":\"https:\\\/\\\/diariotextual.com\\\/inicio\\\/#\\\/schema\\\/logo\\\/image\\\/\",\"url\":\"https:\\\/\\\/diariotextual.com\\\/inicio\\\/wp-content\\\/uploads\\\/2023\\\/05\\\/logotextual1.jpg\",\"contentUrl\":\"https:\\\/\\\/diariotextual.com\\\/inicio\\\/wp-content\\\/uploads\\\/2023\\\/05\\\/logotextual1.jpg\",\"width\":516,\"height\":76,\"caption\":\"Diario Textual\"},\"image\":{\"@id\":\"https:\\\/\\\/diariotextual.com\\\/inicio\\\/#\\\/schema\\\/logo\\\/image\\\/\"},\"sameAs\":[\"https:\\\/\\\/www.facebook.com\\\/eltextual\",\"https:\\\/\\\/x.com\\\/eltextual\",\"http:\\\/\\\/www.instagram.com\\\/eltextual\"]},{\"@type\":\"Person\",\"@id\":\"https:\\\/\\\/diariotextual.com\\\/inicio\\\/#\\\/schema\\\/person\\\/418fc4093c33e86ed41562db3508f958\",\"name\":\"Diario1 Diario1\",\"image\":{\"@type\":\"ImageObject\",\"inLanguage\":\"es\",\"@id\":\"https:\\\/\\\/secure.gravatar.com\\\/avatar\\\/9167d280179c85bc18be67aa7eda765854300033af4896dd779b608640f2ef7a?s=96&d=mm&r=g\",\"url\":\"https:\\\/\\\/secure.gravatar.com\\\/avatar\\\/9167d280179c85bc18be67aa7eda765854300033af4896dd779b608640f2ef7a?s=96&d=mm&r=g\",\"contentUrl\":\"https:\\\/\\\/secure.gravatar.com\\\/avatar\\\/9167d280179c85bc18be67aa7eda765854300033af4896dd779b608640f2ef7a?s=96&d=mm&r=g\",\"caption\":\"Diario1 Diario1\"},\"url\":\"https:\\\/\\\/diariotextual.com\\\/inicio\\\/index.php\\\/author\\\/diario1\\\/\"}]}<\/script>\n<!-- \/ Yoast SEO plugin. -->","yoast_head_json":{"title":"El Gobierno pampeano habilit\u00f3 a los chinos de Metatech para operar el frigor\u00edfico de Bernasconi - Diario Textual","robots":{"index":"index","follow":"follow","max-snippet":"max-snippet:-1","max-image-preview":"max-image-preview:large","max-video-preview":"max-video-preview:-1"},"canonical":"https:\/\/diariotextual.com\/inicio\/index.php\/2026\/04\/24\/el-gobierno-pampeano-habilito-a-los-chinos-de-metatech-para-operar-el-frigorifico-de-bernasconi\/","og_locale":"es_ES","og_type":"article","og_title":"El Gobierno pampeano habilit\u00f3 a los chinos de Metatech para operar el frigor\u00edfico de Bernasconi - Diario Textual","og_description":"La Direcci\u00f3n de Ganader\u00eda del Ministerio de la Producci\u00f3n habilit\u00f3 a la firma Metatech, vinculada a financiamiento de empresarios chinos, para operar el frigor\u00edfico ubicado en la localidad de Bernasconi,&hellip;","og_url":"https:\/\/diariotextual.com\/inicio\/index.php\/2026\/04\/24\/el-gobierno-pampeano-habilito-a-los-chinos-de-metatech-para-operar-el-frigorifico-de-bernasconi\/","og_site_name":"Diario Textual","article_publisher":"https:\/\/www.facebook.com\/eltextual","article_published_time":"2026-04-24T23:38:29+00:00","article_modified_time":"2026-04-24T23:40:43+00:00","og_image":[{"width":1244,"height":768,"url":"https:\/\/diariotextual.com\/inicio\/wp-content\/uploads\/2020\/09\/frigorificobernasconi0000.jpg","type":"image\/jpeg"}],"author":"Diario1 Diario1","twitter_card":"summary_large_image","twitter_creator":"@eltextual","twitter_site":"@eltextual","twitter_misc":{"Escrito por":"Diario1 Diario1","Tiempo de lectura":"2 minutos"},"schema":{"@context":"https:\/\/schema.org","@graph":[{"@type":"Article","@id":"https:\/\/diariotextual.com\/inicio\/index.php\/2026\/04\/24\/el-gobierno-pampeano-habilito-a-los-chinos-de-metatech-para-operar-el-frigorifico-de-bernasconi\/#article","isPartOf":{"@id":"https:\/\/diariotextual.com\/inicio\/index.php\/2026\/04\/24\/el-gobierno-pampeano-habilito-a-los-chinos-de-metatech-para-operar-el-frigorifico-de-bernasconi\/"},"author":{"name":"Diario1 Diario1","@id":"https:\/\/diariotextual.com\/inicio\/#\/schema\/person\/418fc4093c33e86ed41562db3508f958"},"headline":"El Gobierno pampeano habilit\u00f3 a los chinos de Metatech para operar el frigor\u00edfico de Bernasconi","datePublished":"2026-04-24T23:38:29+00:00","dateModified":"2026-04-24T23:40:43+00:00","mainEntityOfPage":{"@id":"https:\/\/diariotextual.com\/inicio\/index.php\/2026\/04\/24\/el-gobierno-pampeano-habilito-a-los-chinos-de-metatech-para-operar-el-frigorifico-de-bernasconi\/"},"wordCount":432,"publisher":{"@id":"https:\/\/diariotextual.com\/inicio\/#organization"},"image":{"@id":"https:\/\/diariotextual.com\/inicio\/index.php\/2026\/04\/24\/el-gobierno-pampeano-habilito-a-los-chinos-de-metatech-para-operar-el-frigorifico-de-bernasconi\/#primaryimage"},"thumbnailUrl":"https:\/\/diariotextual.com\/inicio\/wp-content\/uploads\/2020\/09\/frigorificobernasconi0000.jpg","articleSection":["A - DESTACADAS (mod 16)","CAMPO"],"inLanguage":"es"},{"@type":"WebPage","@id":"https:\/\/diariotextual.com\/inicio\/index.php\/2026\/04\/24\/el-gobierno-pampeano-habilito-a-los-chinos-de-metatech-para-operar-el-frigorifico-de-bernasconi\/","url":"https:\/\/diariotextual.com\/inicio\/index.php\/2026\/04\/24\/el-gobierno-pampeano-habilito-a-los-chinos-de-metatech-para-operar-el-frigorifico-de-bernasconi\/","name":"El Gobierno pampeano habilit\u00f3 a los chinos de Metatech para operar el frigor\u00edfico de Bernasconi - Diario Textual","isPartOf":{"@id":"https:\/\/diariotextual.com\/inicio\/#website"},"primaryImageOfPage":{"@id":"https:\/\/diariotextual.com\/inicio\/index.php\/2026\/04\/24\/el-gobierno-pampeano-habilito-a-los-chinos-de-metatech-para-operar-el-frigorifico-de-bernasconi\/#primaryimage"},"image":{"@id":"https:\/\/diariotextual.com\/inicio\/index.php\/2026\/04\/24\/el-gobierno-pampeano-habilito-a-los-chinos-de-metatech-para-operar-el-frigorifico-de-bernasconi\/#primaryimage"},"thumbnailUrl":"https:\/\/diariotextual.com\/inicio\/wp-content\/uploads\/2020\/09\/frigorificobernasconi0000.jpg","datePublished":"2026-04-24T23:38:29+00:00","dateModified":"2026-04-24T23:40:43+00:00","breadcrumb":{"@id":"https:\/\/diariotextual.com\/inicio\/index.php\/2026\/04\/24\/el-gobierno-pampeano-habilito-a-los-chinos-de-metatech-para-operar-el-frigorifico-de-bernasconi\/#breadcrumb"},"inLanguage":"es","potentialAction":[{"@type":"ReadAction","target":["https:\/\/diariotextual.com\/inicio\/index.php\/2026\/04\/24\/el-gobierno-pampeano-habilito-a-los-chinos-de-metatech-para-operar-el-frigorifico-de-bernasconi\/"]}]},{"@type":"ImageObject","inLanguage":"es","@id":"https:\/\/diariotextual.com\/inicio\/index.php\/2026\/04\/24\/el-gobierno-pampeano-habilito-a-los-chinos-de-metatech-para-operar-el-frigorifico-de-bernasconi\/#primaryimage","url":"https:\/\/diariotextual.com\/inicio\/wp-content\/uploads\/2020\/09\/frigorificobernasconi0000.jpg","contentUrl":"https:\/\/diariotextual.com\/inicio\/wp-content\/uploads\/2020\/09\/frigorificobernasconi0000.jpg","width":1244,"height":768},{"@type":"BreadcrumbList","@id":"https:\/\/diariotextual.com\/inicio\/index.php\/2026\/04\/24\/el-gobierno-pampeano-habilito-a-los-chinos-de-metatech-para-operar-el-frigorifico-de-bernasconi\/#breadcrumb","itemListElement":[{"@type":"ListItem","position":1,"name":"Portada","item":"https:\/\/diariotextual.com\/inicio\/"},{"@type":"ListItem","position":2,"name":"El Gobierno pampeano habilit\u00f3 a los chinos de Metatech para operar el frigor\u00edfico de Bernasconi"}]},{"@type":"WebSite","@id":"https:\/\/diariotextual.com\/inicio\/#website","url":"https:\/\/diariotextual.com\/inicio\/","name":"Diario Textual","description":"","publisher":{"@id":"https:\/\/diariotextual.com\/inicio\/#organization"},"potentialAction":[{"@type":"SearchAction","target":{"@type":"EntryPoint","urlTemplate":"https:\/\/diariotextual.com\/inicio\/?s={search_term_string}"},"query-input":{"@type":"PropertyValueSpecification","valueRequired":true,"valueName":"search_term_string"}}],"inLanguage":"es"},{"@type":"Organization","@id":"https:\/\/diariotextual.com\/inicio\/#organization","name":"Diario Textual","url":"https:\/\/diariotextual.com\/inicio\/","logo":{"@type":"ImageObject","inLanguage":"es","@id":"https:\/\/diariotextual.com\/inicio\/#\/schema\/logo\/image\/","url":"https:\/\/diariotextual.com\/inicio\/wp-content\/uploads\/2023\/05\/logotextual1.jpg","contentUrl":"https:\/\/diariotextual.com\/inicio\/wp-content\/uploads\/2023\/05\/logotextual1.jpg","width":516,"height":76,"caption":"Diario Textual"},"image":{"@id":"https:\/\/diariotextual.com\/inicio\/#\/schema\/logo\/image\/"},"sameAs":["https:\/\/www.facebook.com\/eltextual","https:\/\/x.com\/eltextual","http:\/\/www.instagram.com\/eltextual"]},{"@type":"Person","@id":"https:\/\/diariotextual.com\/inicio\/#\/schema\/person\/418fc4093c33e86ed41562db3508f958","name":"Diario1 Diario1","image":{"@type":"ImageObject","inLanguage":"es","@id":"https:\/\/secure.gravatar.com\/avatar\/9167d280179c85bc18be67aa7eda765854300033af4896dd779b608640f2ef7a?s=96&d=mm&r=g","url":"https:\/\/secure.gravatar.com\/avatar\/9167d280179c85bc18be67aa7eda765854300033af4896dd779b608640f2ef7a?s=96&d=mm&r=g","contentUrl":"https:\/\/secure.gravatar.com\/avatar\/9167d280179c85bc18be67aa7eda765854300033af4896dd779b608640f2ef7a?s=96&d=mm&r=g","caption":"Diario1 Diario1"},"url":"https:\/\/diariotextual.com\/inicio\/index.php\/author\/diario1\/"}]}},"_links":{"self":[{"href":"https:\/\/diariotextual.com\/inicio\/index.php\/wp-json\/wp\/v2\/posts\/325702","targetHints":{"allow":["GET"]}}],"collection":[{"href":"https:\/\/diariotextual.com\/inicio\/index.php\/wp-json\/wp\/v2\/posts"}],"about":[{"href":"https:\/\/diariotextual.com\/inicio\/index.php\/wp-json\/wp\/v2\/types\/post"}],"author":[{"embeddable":true,"href":"https:\/\/diariotextual.com\/inicio\/index.php\/wp-json\/wp\/v2\/users\/3"}],"replies":[{"embeddable":true,"href":"https:\/\/diariotextual.com\/inicio\/index.php\/wp-json\/wp\/v2\/comments?post=325702"}],"version-history":[{"count":2,"href":"https:\/\/diariotextual.com\/inicio\/index.php\/wp-json\/wp\/v2\/posts\/325702\/revisions"}],"predecessor-version":[{"id":325705,"href":"https:\/\/diariotextual.com\/inicio\/index.php\/wp-json\/wp\/v2\/posts\/325702\/revisions\/325705"}],"wp:featuredmedia":[{"embeddable":true,"href":"https:\/\/diariotextual.com\/inicio\/index.php\/wp-json\/wp\/v2\/media\/110563"}],"wp:attachment":[{"href":"https:\/\/diariotextual.com\/inicio\/index.php\/wp-json\/wp\/v2\/media?parent=325702"}],"wp:term":[{"taxonomy":"category","embeddable":true,"href":"https:\/\/diariotextual.com\/inicio\/index.php\/wp-json\/wp\/v2\/categories?post=325702"},{"taxonomy":"post_tag","embeddable":true,"href":"https:\/\/diariotextual.com\/inicio\/index.php\/wp-json\/wp\/v2\/tags?post=325702"}],"curies":[{"name":"wp","href":"https:\/\/api.w.org\/{rel}","templated":true}]}}