{"id":325752,"date":"2026-04-25T20:05:22","date_gmt":"2026-04-25T23:05:22","guid":{"rendered":"https:\/\/diariotextual.com\/inicio\/?p=325752"},"modified":"2026-04-25T20:05:24","modified_gmt":"2026-04-25T23:05:24","slug":"la-pampa-ingreso-a-la-red-federal-de-cardiopatias-congenitas","status":"publish","type":"post","link":"https:\/\/diariotextual.com\/inicio\/index.php\/2026\/04\/25\/la-pampa-ingreso-a-la-red-federal-de-cardiopatias-congenitas\/","title":{"rendered":"La Pampa ingres\u00f3 a la Red Federal de Cardiopat\u00edas Cong\u00e9nitas"},"content":{"rendered":"\n<p>La <strong>Provincia<\/strong> alcanz\u00f3 un estatus trascendental en materia sanitaria al concretar su incorporaci\u00f3n formal al <strong>Programa Nacional de Cardiopat\u00edas Cong\u00e9nitas (PNCC)<\/strong>. El anuncio se oficializ\u00f3 en el marco del \u00faltimo <strong>Consejo Federal de Salud (Cofesa)<\/strong>, donde las autoridades nacionales brindaron un reconocimiento expl\u00edcito a la trayectoria y la excelencia operativa de los equipos mixtos del <strong>Hospital de Complejidad Creciente Ren\u00e9 Favaloro<\/strong>.<\/p>\n\n\n\n<p>La validaci\u00f3n posiciona al establecimiento como un <strong>referente regional<\/strong> para la resoluci\u00f3n de <strong>patolog\u00edas cardiovasculares<\/strong> de mediana y alta complejidad. Con esta integraci\u00f3n, el <strong>Favaloro<\/strong> se sit\u00faa a la altura de los grandes centros del pa\u00eds, garantizando <strong>financiamiento nacional<\/strong> para cirug\u00edas de esta especialidad y eliminando <strong>barreras administrativas<\/strong>.<\/p>\n\n\n\n<p><br><strong>La Pampa<\/strong> cuenta con una s\u00f3lida historia en el tratamiento de <strong>cardiopat\u00edas cong\u00e9nitas<\/strong>, labor iniciada en el <strong>Hospital Lucio Molas<\/strong> y continuada actualmente en el <strong>Hospital Ren\u00e9 Favaloro<\/strong>. Desde sus inicios, estas intervenciones fueron posibles por la conformaci\u00f3n de <strong>equipos de trabajo mixtos<\/strong>, integrados por especialistas del <strong>Hospital Garrahan<\/strong> -liderados por el equipo de cirug\u00eda del <strong>Dr. Javier Cornelis<\/strong>&#8211; y profesionales locales que trabajan conjuntamente en territorio pampeano.<\/p>\n\n\n\n<p>Estos <strong>est\u00e1ndares de calidad<\/strong> permitieron a la Provincia integrarse a la <strong>Red Federal<\/strong>, facilitando un sistema de <strong>recupero de costos<\/strong> a trav\u00e9s de Naci\u00f3n para pacientes sin obra social, optimizando as\u00ed los <strong>recursos p\u00fablicos provinciales<\/strong>. Al respecto, el ministro de Salud, <strong>Mario Rub\u00e9n Kohan<\/strong>, expres\u00f3 a la <strong>Agencia Provincial de Noticias<\/strong> su satisfacci\u00f3n por el logro:. \u201cDespu\u00e9s de mucho esfuerzo, en el \u00faltimo <strong>Cofesa <\/strong>recibimos la grat\u00edsima noticia de ver a <strong>La Pampa<\/strong> incorporada en el mapa argentino como parte de la <strong>red federal<\/strong>. Es un hecho que nos enorgullece porque valida la eficiencia de nuestros equipos\u201d, dijo.<\/p>\n\n\n\n<p>En este sentido, el titular de la cartera sanitaria fue enf\u00e1tico al destacar el acompa\u00f1amiento del <strong>Poder Ejecutivo Provincial<\/strong>. \u201cEste avance es el resultado de una <strong>decisi\u00f3n pol\u00edtica clara<\/strong>, el acompa\u00f1amiento incondicional del gobernador <strong>Sergio Ziliotto<\/strong> durante todo este tiempo; su apoyo constante es un pilar que nos permite sostener y jerarquizar la atenci\u00f3n en <strong>Salud<\/strong> hasta lograr este <strong>reconocimiento nacional<\/strong>\u201d.<\/p>\n\n\n\n<p>El funcionario explic\u00f3 que el ingreso al programa resuelve un <strong>obst\u00e1culo hist\u00f3rico<\/strong> vinculado a la <strong>baja densidad poblacional<\/strong>, al priorizar la <strong>capacidad profesional<\/strong> y el <strong>alto volumen de intervenciones<\/strong> que respaldan a los especialistas por sobre la estad\u00edstica local. \u201cGracias a los <strong>equipos mixtos<\/strong> liderados por el <strong>doctor Cornelis<\/strong>, cuya pr\u00e1ctica en el <strong>Hospital Garrahan<\/strong> garantiza un entrenamiento constante en casos de <strong>alta complejidad<\/strong>, y al trabajo conjunto con los profesionales de nuestros servicios locales, contamos con una <strong>experiencia cl\u00ednica inigualable<\/strong> que hoy se vuelca plenamente en nuestro hospital\u201d, se\u00f1al\u00f3.<\/p>\n\n\n\n<div style=\"height:100px\" aria-hidden=\"true\" class=\"wp-block-spacer\"><\/div>\n\n\n\n<p><strong>El valor del equipo y el arraigo<\/strong><\/p>\n\n\n\n<p><strong>Javier Cornelis<\/strong>, cirujano card\u00edaco pedi\u00e1trico oriundo de <strong>La Pampa<\/strong> e integrante del equipo de cirug\u00eda del <strong>Hospital Garrahan<\/strong>, destac\u00f3 los avances pampeanos en la materia. \u201cHist\u00f3ricamente, la <strong>baja densidad poblacional<\/strong> de <strong>La Pampa<\/strong> dificultaba nuestro ingreso al <strong>Programa Nacional de Cardiopat\u00edas Cong\u00e9nitas (PNCC)<\/strong> debido a los r\u00edgidos criterios de <strong>casu\u00edstica<\/strong>. Sin embargo, lo que no ten\u00edamos en cantidad de casos lo superamos con creces en <strong>capacidad t\u00e9cnica<\/strong>: el entrenamiento de nuestro <strong>equipo itinerante<\/strong> supera ampliamente los est\u00e1ndares esperados, logrando, junto a todo el equipo de trabajo local que es excelente, <strong>\u00f3ptimos resultados<\/strong> y una <strong>calidad prestacional<\/strong> con niveles de \u00e9xito superiores a los de muchos centros tradicionales. Es de destacar que gracias a la persistente gesti\u00f3n del ministro de Salud hoy formamos parte de la <strong>Red Nacional de Cardiopat\u00edas Cong\u00e9nitas<\/strong>. Esta acci\u00f3n permitir\u00e1 que la Provincia acceda al <strong>recupero de costos<\/strong> a trav\u00e9s del <strong>Plan Sumar<\/strong> por una labor que ya ven\u00eda realizando con fondos propios\u201d, explic\u00f3 <strong>Cornelis<\/strong>.<\/p>\n\n\n\n<div style=\"height:100px\" aria-hidden=\"true\" class=\"wp-block-spacer\"><\/div>\n\n\n\n<p><strong>Respuesta provincial<\/strong><\/p>\n\n\n\n<p>Consultado sobre el recorrido transitado por el servicio y las prestaciones garantizadas, el cirujano se\u00f1al\u00f3 que desde 2006 transitan un \u201c<strong>proceso progresivo\u201d<\/strong> que hoy permite operar <strong>alta complejidad<\/strong>, al sumar <strong>330 cirug\u00edas<\/strong> con grandes resultados. \u201cFuimos uno de los primeros servicios en conformar <strong>equipos mixtos de trabajo<\/strong>, donde excelentes profesionales locales se integran con especialistas que viaj\u00e1bamos de centros como el <strong>Hospital Garrahan<\/strong>. Este modelo fue el puntapi\u00e9 para que otras especialidades en la provincia sigan el mismo camino, permitiendo que hoy resolvamos casi la totalidad de las <strong>cardiopat\u00edas<\/strong> en territorio pampeano\u201d, dijo.<\/p>\n\n\n\n<div style=\"height:100px\" aria-hidden=\"true\" class=\"wp-block-spacer\"><\/div>\n\n\n\n<p><strong>Recurso humano como eje<\/strong><\/p>\n\n\n\n<p>Al ser consultado sobre la relevancia de contar con <strong>capital humano capacitado<\/strong> y en <strong>formaci\u00f3n continua<\/strong>, explic\u00f3 que, a diferencia de otros centros, en <strong>La Pampa<\/strong> se prioriza la <strong>capacitaci\u00f3n<\/strong> antes que el equipamiento. \u201cLa <strong>tecnolog\u00eda de vanguardia<\/strong> del <strong>Hospital Ren\u00e9 Favaloro<\/strong> es impresionante, pero solo cobra sentido porque rodea a un <strong>equipo altamente entrenado\u201d, dijo<\/strong>. \u201cEl <strong>Gobierno provincial<\/strong> fomenta permanentemente el entrenamiento del <strong>recurso humano<\/strong>. El hospital debe rodear al profesional y no al rev\u00e9s. Si la tecnolog\u00eda est\u00e1 vac\u00eda de recurso humano capacitado, los resultados fallan; nosotros como equipo elegimos un camino s\u00f3lido, con los pies sobre la tierra, para asegurar la <strong>excelencia<\/strong> en cada intervenci\u00f3n\u201d, afirm\u00f3.<\/p>\n\n\n\n<p>\u201cHoy, la Provincia se encuentra en una <strong>posici\u00f3n de excelencia<\/strong>. Con la <strong>capacidad instalada<\/strong> y los <strong>resultados obtenidos<\/strong>, no solo eliminamos las derivaciones a <strong>Buenos Aires<\/strong>, sino que desde <strong>La Pampa<\/strong> nos consolidamos como un <strong>centro regional<\/strong> capaz de recibir pacientes de provincias vecinas, optimizando la <strong>Red Federal de Cardiopat\u00edas Cong\u00e9nitas<\/strong>\u201d, justific\u00f3.<\/p>\n\n\n\n<div style=\"height:100px\" aria-hidden=\"true\" class=\"wp-block-spacer\"><\/div>\n\n\n\n<p><strong>Cobertura integral: desde el nacimiento hasta la adultez<\/strong><\/p>\n\n\n\n<p>Un diferencial clave del <strong>Hospital Ren\u00e9 Favaloro<\/strong> es su car\u00e1cter <strong>polivalente<\/strong>, atendiendo desde <strong>reci\u00e9n nacidos<\/strong> hasta <strong>adultos<\/strong> con <strong>cardiopat\u00edas cong\u00e9nitas<\/strong>. \u201cAl contar con <strong>infraestructura de vanguardia<\/strong>, resolvemos patolog\u00edas en adultos que no encuentran respuesta en otros centros, evitando as\u00ed el <strong>desarraigo de las familias<\/strong> con todo lo que eso implica\u201d, explic\u00f3 <strong>Cornelis<\/strong>.<\/p>\n\n\n\n<p>Para finalizar, agradeci\u00f3 a las autoridades provinciales \u201cpor acompa\u00f1ar este modo de trabajar y priorizar la <strong>Salud P\u00fablica\u201d en La Pampa<\/strong>. \u201cTrabajamos para garantizar la mejor atenci\u00f3n dentro de los l\u00edmites provinciales, en una especialidad de tan <strong>alta complejidad<\/strong> como la nuestra\u201d, dijo.<\/p>\n\n\n\n<div style=\"height:100px\" aria-hidden=\"true\" class=\"wp-block-spacer\"><\/div>\n\n\n\n<p><strong>Evaluar la experiencia<\/strong><\/p>\n\n\n\n<p>Finalmente, el cardi\u00f3logo pedi\u00e1trico <strong>Carlos Vallejos<\/strong> destac\u00f3 que este logro rompi\u00f3 con la <strong>rigidez administrativa<\/strong> de Naci\u00f3n ya que, hist\u00f3ricamente, \u201c<strong>La Pampa<\/strong> era excluida por su <strong>baja casu\u00edstica poblacional\u201d<\/strong>, bajo el criterio de que un menor volumen de casos locales implicaba falta de entrenamiento. \u201cFrente a esta situaci\u00f3n propon\u00edamos que se evaluara la <strong>experiencia real del equipo quir\u00fargico mixto<\/strong> y no solo la estad\u00edstica del hospital\u201d, dijo. \u201cEl <strong>equipo mixto<\/strong> opera con \u00e9xito desde hace m\u00e1s de <strong>20 a\u00f1os<\/strong>, la Provincia logr\u00f3 finalmente su incorporaci\u00f3n oficial como prestador del <strong>Programa Nacional de Cardiopat\u00edas Cong\u00e9nitas<\/strong>. Este hecho posibilitar\u00e1 el <strong>recupero de costos<\/strong> a trav\u00e9s de Naci\u00f3n por la atenci\u00f3n de aquellos pacientes que no tienen cobertura, optimizando los recursos del <strong>Hospital Ren\u00e9 Favaloro<\/strong> sin alterar la excelencia del servicio\u201d, resalt\u00f3.<\/p>\n\n\n\n<p>\u201cSe trata, adem\u00e1s, de un <strong>reconocimiento al equipo de trabajo<\/strong>; una validaci\u00f3n al <strong>compromiso<\/strong> de un grupo que siempre prioriz\u00f3 la <strong>vida<\/strong> y el <strong>arraigo de las familias<\/strong> por sobre las estad\u00edsticas. Gracias a esta <strong>labor articulada<\/strong> entre profesionales locales e itinerantes, <strong>La Pampa<\/strong> consolida un modelo de <strong>Salud<\/strong> m\u00e1s justo, garantizando <strong>medicina de vanguardia<\/strong> y <strong>resultados de excelencia<\/strong> en nuestro propio territorio\u00bb, finaliz\u00f3.<\/p>\n\n\n\n<p><\/p>\n","protected":false},"excerpt":{"rendered":"<p>La Provincia alcanz\u00f3 un estatus trascendental en materia sanitaria al concretar su incorporaci\u00f3n formal al Programa Nacional de Cardiopat\u00edas Cong\u00e9nitas (PNCC). El anuncio se oficializ\u00f3 en el marco del \u00faltimo&hellip;<\/p>\n","protected":false},"author":3,"featured_media":325755,"comment_status":"closed","ping_status":"open","sticky":false,"template":"","format":"standard","meta":{"_acf_changed":false,"footnotes":""},"categories":[4,12],"tags":[],"class_list":["post-325752","post","type-post","status-publish","format-standard","has-post-thumbnail","hentry","category-destacadas","category-sociedad"],"acf":[],"yoast_head":"<!-- This site is optimized with the Yoast SEO plugin v27.4 - https:\/\/yoast.com\/product\/yoast-seo-wordpress\/ -->\n<title>La Pampa ingres\u00f3 a la Red Federal de Cardiopat\u00edas Cong\u00e9nitas - Diario Textual<\/title>\n<meta name=\"robots\" content=\"index, follow, max-snippet:-1, max-image-preview:large, max-video-preview:-1\" \/>\n<link rel=\"canonical\" href=\"https:\/\/diariotextual.com\/inicio\/index.php\/2026\/04\/25\/la-pampa-ingreso-a-la-red-federal-de-cardiopatias-congenitas\/\" \/>\n<meta property=\"og:locale\" content=\"es_ES\" \/>\n<meta property=\"og:type\" content=\"article\" \/>\n<meta property=\"og:title\" content=\"La Pampa ingres\u00f3 a la Red Federal de Cardiopat\u00edas Cong\u00e9nitas - Diario Textual\" \/>\n<meta property=\"og:description\" content=\"La Provincia alcanz\u00f3 un estatus trascendental en materia sanitaria al concretar su incorporaci\u00f3n formal al Programa Nacional de Cardiopat\u00edas Cong\u00e9nitas (PNCC). El anuncio se oficializ\u00f3 en el marco del \u00faltimo&hellip;\" \/>\n<meta property=\"og:url\" content=\"https:\/\/diariotextual.com\/inicio\/index.php\/2026\/04\/25\/la-pampa-ingreso-a-la-red-federal-de-cardiopatias-congenitas\/\" \/>\n<meta property=\"og:site_name\" content=\"Diario Textual\" \/>\n<meta property=\"article:publisher\" content=\"https:\/\/www.facebook.com\/eltextual\" \/>\n<meta property=\"article:published_time\" content=\"2026-04-25T23:05:22+00:00\" \/>\n<meta property=\"article:modified_time\" content=\"2026-04-25T23:05:24+00:00\" \/>\n<meta property=\"og:image\" content=\"https:\/\/diariotextual.com\/inicio\/wp-content\/uploads\/2026\/04\/cardiopatiashospitalfavaloro2026-7.jpg\" \/>\n\t<meta property=\"og:image:width\" content=\"1036\" \/>\n\t<meta property=\"og:image:height\" content=\"673\" \/>\n\t<meta property=\"og:image:type\" content=\"image\/jpeg\" \/>\n<meta name=\"author\" content=\"Diario1 Diario1\" \/>\n<meta name=\"twitter:card\" content=\"summary_large_image\" \/>\n<meta name=\"twitter:creator\" content=\"@eltextual\" \/>\n<meta name=\"twitter:site\" content=\"@eltextual\" \/>\n<meta name=\"twitter:label1\" content=\"Escrito por\" \/>\n\t<meta name=\"twitter:data1\" content=\"Diario1 Diario1\" \/>\n\t<meta name=\"twitter:label2\" content=\"Tiempo de lectura\" \/>\n\t<meta name=\"twitter:data2\" content=\"6 minutos\" \/>\n<script type=\"application\/ld+json\" class=\"yoast-schema-graph\">{\"@context\":\"https:\\\/\\\/schema.org\",\"@graph\":[{\"@type\":\"Article\",\"@id\":\"https:\\\/\\\/diariotextual.com\\\/inicio\\\/index.php\\\/2026\\\/04\\\/25\\\/la-pampa-ingreso-a-la-red-federal-de-cardiopatias-congenitas\\\/#article\",\"isPartOf\":{\"@id\":\"https:\\\/\\\/diariotextual.com\\\/inicio\\\/index.php\\\/2026\\\/04\\\/25\\\/la-pampa-ingreso-a-la-red-federal-de-cardiopatias-congenitas\\\/\"},\"author\":{\"name\":\"Diario1 Diario1\",\"@id\":\"https:\\\/\\\/diariotextual.com\\\/inicio\\\/#\\\/schema\\\/person\\\/418fc4093c33e86ed41562db3508f958\"},\"headline\":\"La Pampa ingres\u00f3 a la Red Federal de Cardiopat\u00edas Cong\u00e9nitas\",\"datePublished\":\"2026-04-25T23:05:22+00:00\",\"dateModified\":\"2026-04-25T23:05:24+00:00\",\"mainEntityOfPage\":{\"@id\":\"https:\\\/\\\/diariotextual.com\\\/inicio\\\/index.php\\\/2026\\\/04\\\/25\\\/la-pampa-ingreso-a-la-red-federal-de-cardiopatias-congenitas\\\/\"},\"wordCount\":1257,\"publisher\":{\"@id\":\"https:\\\/\\\/diariotextual.com\\\/inicio\\\/#organization\"},\"image\":{\"@id\":\"https:\\\/\\\/diariotextual.com\\\/inicio\\\/index.php\\\/2026\\\/04\\\/25\\\/la-pampa-ingreso-a-la-red-federal-de-cardiopatias-congenitas\\\/#primaryimage\"},\"thumbnailUrl\":\"https:\\\/\\\/diariotextual.com\\\/inicio\\\/wp-content\\\/uploads\\\/2026\\\/04\\\/cardiopatiashospitalfavaloro2026-7.jpg\",\"articleSection\":[\"A - DESTACADAS (mod 16)\",\"SOCIEDAD\"],\"inLanguage\":\"es\"},{\"@type\":\"WebPage\",\"@id\":\"https:\\\/\\\/diariotextual.com\\\/inicio\\\/index.php\\\/2026\\\/04\\\/25\\\/la-pampa-ingreso-a-la-red-federal-de-cardiopatias-congenitas\\\/\",\"url\":\"https:\\\/\\\/diariotextual.com\\\/inicio\\\/index.php\\\/2026\\\/04\\\/25\\\/la-pampa-ingreso-a-la-red-federal-de-cardiopatias-congenitas\\\/\",\"name\":\"La Pampa ingres\u00f3 a la Red Federal de Cardiopat\u00edas Cong\u00e9nitas - Diario Textual\",\"isPartOf\":{\"@id\":\"https:\\\/\\\/diariotextual.com\\\/inicio\\\/#website\"},\"primaryImageOfPage\":{\"@id\":\"https:\\\/\\\/diariotextual.com\\\/inicio\\\/index.php\\\/2026\\\/04\\\/25\\\/la-pampa-ingreso-a-la-red-federal-de-cardiopatias-congenitas\\\/#primaryimage\"},\"image\":{\"@id\":\"https:\\\/\\\/diariotextual.com\\\/inicio\\\/index.php\\\/2026\\\/04\\\/25\\\/la-pampa-ingreso-a-la-red-federal-de-cardiopatias-congenitas\\\/#primaryimage\"},\"thumbnailUrl\":\"https:\\\/\\\/diariotextual.com\\\/inicio\\\/wp-content\\\/uploads\\\/2026\\\/04\\\/cardiopatiashospitalfavaloro2026-7.jpg\",\"datePublished\":\"2026-04-25T23:05:22+00:00\",\"dateModified\":\"2026-04-25T23:05:24+00:00\",\"breadcrumb\":{\"@id\":\"https:\\\/\\\/diariotextual.com\\\/inicio\\\/index.php\\\/2026\\\/04\\\/25\\\/la-pampa-ingreso-a-la-red-federal-de-cardiopatias-congenitas\\\/#breadcrumb\"},\"inLanguage\":\"es\",\"potentialAction\":[{\"@type\":\"ReadAction\",\"target\":[\"https:\\\/\\\/diariotextual.com\\\/inicio\\\/index.php\\\/2026\\\/04\\\/25\\\/la-pampa-ingreso-a-la-red-federal-de-cardiopatias-congenitas\\\/\"]}]},{\"@type\":\"ImageObject\",\"inLanguage\":\"es\",\"@id\":\"https:\\\/\\\/diariotextual.com\\\/inicio\\\/index.php\\\/2026\\\/04\\\/25\\\/la-pampa-ingreso-a-la-red-federal-de-cardiopatias-congenitas\\\/#primaryimage\",\"url\":\"https:\\\/\\\/diariotextual.com\\\/inicio\\\/wp-content\\\/uploads\\\/2026\\\/04\\\/cardiopatiashospitalfavaloro2026-7.jpg\",\"contentUrl\":\"https:\\\/\\\/diariotextual.com\\\/inicio\\\/wp-content\\\/uploads\\\/2026\\\/04\\\/cardiopatiashospitalfavaloro2026-7.jpg\",\"width\":1036,\"height\":673},{\"@type\":\"BreadcrumbList\",\"@id\":\"https:\\\/\\\/diariotextual.com\\\/inicio\\\/index.php\\\/2026\\\/04\\\/25\\\/la-pampa-ingreso-a-la-red-federal-de-cardiopatias-congenitas\\\/#breadcrumb\",\"itemListElement\":[{\"@type\":\"ListItem\",\"position\":1,\"name\":\"Portada\",\"item\":\"https:\\\/\\\/diariotextual.com\\\/inicio\\\/\"},{\"@type\":\"ListItem\",\"position\":2,\"name\":\"La Pampa ingres\u00f3 a la Red Federal de Cardiopat\u00edas Cong\u00e9nitas\"}]},{\"@type\":\"WebSite\",\"@id\":\"https:\\\/\\\/diariotextual.com\\\/inicio\\\/#website\",\"url\":\"https:\\\/\\\/diariotextual.com\\\/inicio\\\/\",\"name\":\"Diario Textual\",\"description\":\"\",\"publisher\":{\"@id\":\"https:\\\/\\\/diariotextual.com\\\/inicio\\\/#organization\"},\"potentialAction\":[{\"@type\":\"SearchAction\",\"target\":{\"@type\":\"EntryPoint\",\"urlTemplate\":\"https:\\\/\\\/diariotextual.com\\\/inicio\\\/?s={search_term_string}\"},\"query-input\":{\"@type\":\"PropertyValueSpecification\",\"valueRequired\":true,\"valueName\":\"search_term_string\"}}],\"inLanguage\":\"es\"},{\"@type\":\"Organization\",\"@id\":\"https:\\\/\\\/diariotextual.com\\\/inicio\\\/#organization\",\"name\":\"Diario Textual\",\"url\":\"https:\\\/\\\/diariotextual.com\\\/inicio\\\/\",\"logo\":{\"@type\":\"ImageObject\",\"inLanguage\":\"es\",\"@id\":\"https:\\\/\\\/diariotextual.com\\\/inicio\\\/#\\\/schema\\\/logo\\\/image\\\/\",\"url\":\"https:\\\/\\\/diariotextual.com\\\/inicio\\\/wp-content\\\/uploads\\\/2023\\\/05\\\/logotextual1.jpg\",\"contentUrl\":\"https:\\\/\\\/diariotextual.com\\\/inicio\\\/wp-content\\\/uploads\\\/2023\\\/05\\\/logotextual1.jpg\",\"width\":516,\"height\":76,\"caption\":\"Diario Textual\"},\"image\":{\"@id\":\"https:\\\/\\\/diariotextual.com\\\/inicio\\\/#\\\/schema\\\/logo\\\/image\\\/\"},\"sameAs\":[\"https:\\\/\\\/www.facebook.com\\\/eltextual\",\"https:\\\/\\\/x.com\\\/eltextual\",\"http:\\\/\\\/www.instagram.com\\\/eltextual\"]},{\"@type\":\"Person\",\"@id\":\"https:\\\/\\\/diariotextual.com\\\/inicio\\\/#\\\/schema\\\/person\\\/418fc4093c33e86ed41562db3508f958\",\"name\":\"Diario1 Diario1\",\"image\":{\"@type\":\"ImageObject\",\"inLanguage\":\"es\",\"@id\":\"https:\\\/\\\/secure.gravatar.com\\\/avatar\\\/9167d280179c85bc18be67aa7eda765854300033af4896dd779b608640f2ef7a?s=96&d=mm&r=g\",\"url\":\"https:\\\/\\\/secure.gravatar.com\\\/avatar\\\/9167d280179c85bc18be67aa7eda765854300033af4896dd779b608640f2ef7a?s=96&d=mm&r=g\",\"contentUrl\":\"https:\\\/\\\/secure.gravatar.com\\\/avatar\\\/9167d280179c85bc18be67aa7eda765854300033af4896dd779b608640f2ef7a?s=96&d=mm&r=g\",\"caption\":\"Diario1 Diario1\"},\"url\":\"https:\\\/\\\/diariotextual.com\\\/inicio\\\/index.php\\\/author\\\/diario1\\\/\"}]}<\/script>\n<!-- \/ Yoast SEO plugin. -->","yoast_head_json":{"title":"La Pampa ingres\u00f3 a la Red Federal de Cardiopat\u00edas Cong\u00e9nitas - Diario Textual","robots":{"index":"index","follow":"follow","max-snippet":"max-snippet:-1","max-image-preview":"max-image-preview:large","max-video-preview":"max-video-preview:-1"},"canonical":"https:\/\/diariotextual.com\/inicio\/index.php\/2026\/04\/25\/la-pampa-ingreso-a-la-red-federal-de-cardiopatias-congenitas\/","og_locale":"es_ES","og_type":"article","og_title":"La Pampa ingres\u00f3 a la Red Federal de Cardiopat\u00edas Cong\u00e9nitas - Diario Textual","og_description":"La Provincia alcanz\u00f3 un estatus trascendental en materia sanitaria al concretar su incorporaci\u00f3n formal al Programa Nacional de Cardiopat\u00edas Cong\u00e9nitas (PNCC). El anuncio se oficializ\u00f3 en el marco del \u00faltimo&hellip;","og_url":"https:\/\/diariotextual.com\/inicio\/index.php\/2026\/04\/25\/la-pampa-ingreso-a-la-red-federal-de-cardiopatias-congenitas\/","og_site_name":"Diario Textual","article_publisher":"https:\/\/www.facebook.com\/eltextual","article_published_time":"2026-04-25T23:05:22+00:00","article_modified_time":"2026-04-25T23:05:24+00:00","og_image":[{"width":1036,"height":673,"url":"https:\/\/diariotextual.com\/inicio\/wp-content\/uploads\/2026\/04\/cardiopatiashospitalfavaloro2026-7.jpg","type":"image\/jpeg"}],"author":"Diario1 Diario1","twitter_card":"summary_large_image","twitter_creator":"@eltextual","twitter_site":"@eltextual","twitter_misc":{"Escrito por":"Diario1 Diario1","Tiempo de lectura":"6 minutos"},"schema":{"@context":"https:\/\/schema.org","@graph":[{"@type":"Article","@id":"https:\/\/diariotextual.com\/inicio\/index.php\/2026\/04\/25\/la-pampa-ingreso-a-la-red-federal-de-cardiopatias-congenitas\/#article","isPartOf":{"@id":"https:\/\/diariotextual.com\/inicio\/index.php\/2026\/04\/25\/la-pampa-ingreso-a-la-red-federal-de-cardiopatias-congenitas\/"},"author":{"name":"Diario1 Diario1","@id":"https:\/\/diariotextual.com\/inicio\/#\/schema\/person\/418fc4093c33e86ed41562db3508f958"},"headline":"La Pampa ingres\u00f3 a la Red Federal de Cardiopat\u00edas Cong\u00e9nitas","datePublished":"2026-04-25T23:05:22+00:00","dateModified":"2026-04-25T23:05:24+00:00","mainEntityOfPage":{"@id":"https:\/\/diariotextual.com\/inicio\/index.php\/2026\/04\/25\/la-pampa-ingreso-a-la-red-federal-de-cardiopatias-congenitas\/"},"wordCount":1257,"publisher":{"@id":"https:\/\/diariotextual.com\/inicio\/#organization"},"image":{"@id":"https:\/\/diariotextual.com\/inicio\/index.php\/2026\/04\/25\/la-pampa-ingreso-a-la-red-federal-de-cardiopatias-congenitas\/#primaryimage"},"thumbnailUrl":"https:\/\/diariotextual.com\/inicio\/wp-content\/uploads\/2026\/04\/cardiopatiashospitalfavaloro2026-7.jpg","articleSection":["A - DESTACADAS (mod 16)","SOCIEDAD"],"inLanguage":"es"},{"@type":"WebPage","@id":"https:\/\/diariotextual.com\/inicio\/index.php\/2026\/04\/25\/la-pampa-ingreso-a-la-red-federal-de-cardiopatias-congenitas\/","url":"https:\/\/diariotextual.com\/inicio\/index.php\/2026\/04\/25\/la-pampa-ingreso-a-la-red-federal-de-cardiopatias-congenitas\/","name":"La Pampa ingres\u00f3 a la Red Federal de Cardiopat\u00edas Cong\u00e9nitas - Diario Textual","isPartOf":{"@id":"https:\/\/diariotextual.com\/inicio\/#website"},"primaryImageOfPage":{"@id":"https:\/\/diariotextual.com\/inicio\/index.php\/2026\/04\/25\/la-pampa-ingreso-a-la-red-federal-de-cardiopatias-congenitas\/#primaryimage"},"image":{"@id":"https:\/\/diariotextual.com\/inicio\/index.php\/2026\/04\/25\/la-pampa-ingreso-a-la-red-federal-de-cardiopatias-congenitas\/#primaryimage"},"thumbnailUrl":"https:\/\/diariotextual.com\/inicio\/wp-content\/uploads\/2026\/04\/cardiopatiashospitalfavaloro2026-7.jpg","datePublished":"2026-04-25T23:05:22+00:00","dateModified":"2026-04-25T23:05:24+00:00","breadcrumb":{"@id":"https:\/\/diariotextual.com\/inicio\/index.php\/2026\/04\/25\/la-pampa-ingreso-a-la-red-federal-de-cardiopatias-congenitas\/#breadcrumb"},"inLanguage":"es","potentialAction":[{"@type":"ReadAction","target":["https:\/\/diariotextual.com\/inicio\/index.php\/2026\/04\/25\/la-pampa-ingreso-a-la-red-federal-de-cardiopatias-congenitas\/"]}]},{"@type":"ImageObject","inLanguage":"es","@id":"https:\/\/diariotextual.com\/inicio\/index.php\/2026\/04\/25\/la-pampa-ingreso-a-la-red-federal-de-cardiopatias-congenitas\/#primaryimage","url":"https:\/\/diariotextual.com\/inicio\/wp-content\/uploads\/2026\/04\/cardiopatiashospitalfavaloro2026-7.jpg","contentUrl":"https:\/\/diariotextual.com\/inicio\/wp-content\/uploads\/2026\/04\/cardiopatiashospitalfavaloro2026-7.jpg","width":1036,"height":673},{"@type":"BreadcrumbList","@id":"https:\/\/diariotextual.com\/inicio\/index.php\/2026\/04\/25\/la-pampa-ingreso-a-la-red-federal-de-cardiopatias-congenitas\/#breadcrumb","itemListElement":[{"@type":"ListItem","position":1,"name":"Portada","item":"https:\/\/diariotextual.com\/inicio\/"},{"@type":"ListItem","position":2,"name":"La Pampa ingres\u00f3 a la Red Federal de Cardiopat\u00edas Cong\u00e9nitas"}]},{"@type":"WebSite","@id":"https:\/\/diariotextual.com\/inicio\/#website","url":"https:\/\/diariotextual.com\/inicio\/","name":"Diario Textual","description":"","publisher":{"@id":"https:\/\/diariotextual.com\/inicio\/#organization"},"potentialAction":[{"@type":"SearchAction","target":{"@type":"EntryPoint","urlTemplate":"https:\/\/diariotextual.com\/inicio\/?s={search_term_string}"},"query-input":{"@type":"PropertyValueSpecification","valueRequired":true,"valueName":"search_term_string"}}],"inLanguage":"es"},{"@type":"Organization","@id":"https:\/\/diariotextual.com\/inicio\/#organization","name":"Diario Textual","url":"https:\/\/diariotextual.com\/inicio\/","logo":{"@type":"ImageObject","inLanguage":"es","@id":"https:\/\/diariotextual.com\/inicio\/#\/schema\/logo\/image\/","url":"https:\/\/diariotextual.com\/inicio\/wp-content\/uploads\/2023\/05\/logotextual1.jpg","contentUrl":"https:\/\/diariotextual.com\/inicio\/wp-content\/uploads\/2023\/05\/logotextual1.jpg","width":516,"height":76,"caption":"Diario Textual"},"image":{"@id":"https:\/\/diariotextual.com\/inicio\/#\/schema\/logo\/image\/"},"sameAs":["https:\/\/www.facebook.com\/eltextual","https:\/\/x.com\/eltextual","http:\/\/www.instagram.com\/eltextual"]},{"@type":"Person","@id":"https:\/\/diariotextual.com\/inicio\/#\/schema\/person\/418fc4093c33e86ed41562db3508f958","name":"Diario1 Diario1","image":{"@type":"ImageObject","inLanguage":"es","@id":"https:\/\/secure.gravatar.com\/avatar\/9167d280179c85bc18be67aa7eda765854300033af4896dd779b608640f2ef7a?s=96&d=mm&r=g","url":"https:\/\/secure.gravatar.com\/avatar\/9167d280179c85bc18be67aa7eda765854300033af4896dd779b608640f2ef7a?s=96&d=mm&r=g","contentUrl":"https:\/\/secure.gravatar.com\/avatar\/9167d280179c85bc18be67aa7eda765854300033af4896dd779b608640f2ef7a?s=96&d=mm&r=g","caption":"Diario1 Diario1"},"url":"https:\/\/diariotextual.com\/inicio\/index.php\/author\/diario1\/"}]}},"_links":{"self":[{"href":"https:\/\/diariotextual.com\/inicio\/index.php\/wp-json\/wp\/v2\/posts\/325752","targetHints":{"allow":["GET"]}}],"collection":[{"href":"https:\/\/diariotextual.com\/inicio\/index.php\/wp-json\/wp\/v2\/posts"}],"about":[{"href":"https:\/\/diariotextual.com\/inicio\/index.php\/wp-json\/wp\/v2\/types\/post"}],"author":[{"embeddable":true,"href":"https:\/\/diariotextual.com\/inicio\/index.php\/wp-json\/wp\/v2\/users\/3"}],"replies":[{"embeddable":true,"href":"https:\/\/diariotextual.com\/inicio\/index.php\/wp-json\/wp\/v2\/comments?post=325752"}],"version-history":[{"count":2,"href":"https:\/\/diariotextual.com\/inicio\/index.php\/wp-json\/wp\/v2\/posts\/325752\/revisions"}],"predecessor-version":[{"id":325754,"href":"https:\/\/diariotextual.com\/inicio\/index.php\/wp-json\/wp\/v2\/posts\/325752\/revisions\/325754"}],"wp:featuredmedia":[{"embeddable":true,"href":"https:\/\/diariotextual.com\/inicio\/index.php\/wp-json\/wp\/v2\/media\/325755"}],"wp:attachment":[{"href":"https:\/\/diariotextual.com\/inicio\/index.php\/wp-json\/wp\/v2\/media?parent=325752"}],"wp:term":[{"taxonomy":"category","embeddable":true,"href":"https:\/\/diariotextual.com\/inicio\/index.php\/wp-json\/wp\/v2\/categories?post=325752"},{"taxonomy":"post_tag","embeddable":true,"href":"https:\/\/diariotextual.com\/inicio\/index.php\/wp-json\/wp\/v2\/tags?post=325752"}],"curies":[{"name":"wp","href":"https:\/\/api.w.org\/{rel}","templated":true}]}}