{"id":325767,"date":"2026-04-26T08:41:51","date_gmt":"2026-04-26T11:41:51","guid":{"rendered":"https:\/\/diariotextual.com\/inicio\/?p=325767"},"modified":"2026-04-26T08:41:55","modified_gmt":"2026-04-26T11:41:55","slug":"senado-la-libertad-avanza-frena-el-debate-de-las-paso-y-apuntala-la-agenda-economica","status":"publish","type":"post","link":"https:\/\/diariotextual.com\/inicio\/index.php\/2026\/04\/26\/senado-la-libertad-avanza-frena-el-debate-de-las-paso-y-apuntala-la-agenda-economica\/","title":{"rendered":"Senado: La Libertad Avanza frena el debate de las PASO y apuntala la agenda econ\u00f3mica"},"content":{"rendered":"\n<p>&nbsp;La Libertad Avanza&nbsp;<strong>frenar\u00e1<\/strong>&nbsp;<strong>el debate en el Senado de la reforma electoral que propone la eliminaci\u00f3n de las PASO hasta que alcance un acuerdo con los bloques dialoguistas.<\/strong>&nbsp;En tanto, se abocar\u00e1 ahora al tratamiento de los proyectos sobre los Fondos Buitre y de reformas a la ley de Salud Mental.<\/p>\n\n\n\n<p>La decisi\u00f3n del oficialismo es abrir el tratamiento en la comisi\u00f3n de &nbsp;Asuntos Constitucionales, que preside<strong>&nbsp;Agust\u00edn Coto,<\/strong>&nbsp;cuando hayan alcanzados \u201cconsensos m\u00ednimos\u201d con los bloques opositores que se oponen a anular las elecciones primarias, seg\u00fan informaron fuentes parlamentarias a la&nbsp;<strong>Agencia Noticias Argentinas.<\/strong><\/p>\n\n\n\n<div style=\"height:100px\" aria-hidden=\"true\" class=\"wp-block-spacer\"><\/div>\n\n\n\n<p><strong>El futuro de las PASO<\/strong><\/p>\n\n\n\n<p>La <strong>UCR<\/strong>, un aliado central porque tiene <strong>10 votos claves<\/strong>, no apoya la <strong>eliminaci\u00f3n de las PASO<\/strong>. Est\u00e1n de acuerdo en su <strong>modificaci\u00f3n<\/strong> para que sean <strong>optativas<\/strong> en las alianzas o partidos donde hay <strong>lista \u00fanica<\/strong> y que se mantenga el <strong>aporte estatal<\/strong> en esos casos. Tambi\u00e9n quieren mantener el <strong>financiamiento p\u00fablico<\/strong> y no comparten <strong>aumentar hasta el 35% los aportes privados<\/strong>.<\/p>\n\n\n\n<p>Las <strong>elecciones primarias<\/strong>, que el radicalismo no acept\u00f3 votar en 2009 porque consider\u00f3 que fueron creadas para resolver <strong>problemas internos del kirchnerismo<\/strong>, terminaron siendo una <strong>herramienta \u00fatil para la oposici\u00f3n<\/strong>, en especial en <strong>2023<\/strong>, cuando definieron su <strong>f\u00f3rmula presidencial<\/strong>.<\/p>\n\n\n\n<p>\u201c<strong>Ac\u00e1 mandan los n\u00fameros<\/strong>\u201d, dijo un representante del oficialismo a NA, quien adem\u00e1s se\u00f1al\u00f3 que los <strong>acuerdos que no se hicieron antes de enviar la ley<\/strong> se deber\u00e1n cerrar en el <strong>Senado<\/strong>, como ocurri\u00f3 con la <strong>reforma laboral<\/strong> y la <strong>Ley de Glaciares<\/strong>.<\/p>\n\n\n\n<p>La <strong>LLA<\/strong> necesita <strong>37 votos en el Senado<\/strong> y <strong>129 en Diputados<\/strong>, que solo puede alcanzar con el respaldo de <strong>bloques aliados<\/strong>.<\/p>\n\n\n\n<div style=\"height:100px\" aria-hidden=\"true\" class=\"wp-block-spacer\"><\/div>\n\n\n\n<p><strong>Las prioridades: fondos buitres<\/strong><\/p>\n\n\n\n<p>Por ese motivo, la bancada de <strong>LLA<\/strong>, que preside <strong>Patricia Bullrich<\/strong>, demorar\u00e1 al menos hasta <strong>junio<\/strong> la discusi\u00f3n y buscar\u00e1 en <strong>mayo<\/strong> avanzar con la sanci\u00f3n de proyectos sobre <strong>fondos buitres<\/strong>, <strong>Salud Mental<\/strong>, <strong>Propiedad Privada<\/strong> y la aprobaci\u00f3n de <strong>casi 90 pliegos<\/strong> de jueces, fiscales y defensores.<\/p>\n\n\n\n<p>Tambi\u00e9n quedar\u00e1n para m\u00e1s adelante el debate de la <strong>reforma de la Ley de Discapacidad<\/strong>, que genera <strong>fuertes resistencias<\/strong>, y que el a\u00f1o pasado cont\u00f3 con el acompa\u00f1amiento de la mayor\u00eda de los bloques antes de ser <strong>vetada por el Gobierno nacional<\/strong>.<\/p>\n\n\n\n<p>Sobre el proyecto de <strong>Propiedad Privada<\/strong>, el oficialismo mantiene conversaciones para introducir cambios en los art\u00edculos que <strong>eliminan los topes para la compra de tierras por extranjeros<\/strong> y en la <strong>ley de barrios populares<\/strong>, donde se concentran las <strong>principales cr\u00edticas de la oposici\u00f3n<\/strong>.<\/p>\n\n\n\n<p>Por lo pronto, la prioridad de esta semana ser\u00e1 emitir <strong>dictamen<\/strong> sobre el proyecto que autoriza el pago de <strong>USD 171 millones<\/strong> a los fondos buitre <strong>Bainbridge Ltd.<\/strong> y al grupo de acreedores encabezado por <strong>Attestor Value Master Fund LP<\/strong>.<\/p>\n\n\n\n<p>Se trata de bonistas que iniciaron sus demandas en <strong>2001<\/strong>, pero no ingresaron al acuerdo firmado en <strong>2016<\/strong> entre el gobierno de <strong>Mauricio Macri<\/strong> y la mayor\u00eda de los fondos buitres.<\/p>\n\n\n\n<p>La <strong>Casa Rosada<\/strong> busca dar una <strong>se\u00f1al de pago<\/strong> a esos bonistas y mostrar su <strong>predisposici\u00f3n a cancelar la deuda<\/strong>, aunque no cumpla con la fecha l\u00edmite del <strong>30 de abril<\/strong>. Por eso, el oficialismo convoc\u00f3 para este mi\u00e9rcoles al <strong>plenario de las comisiones de Econom\u00eda Nacional e Inversiones y de Presupuesto<\/strong> para firmar el dictamen.<\/p>\n\n\n\n<p>La intenci\u00f3n es realizar el <strong>6 de mayo<\/strong> una sesi\u00f3n ordinaria para tratar el pago a los bonistas, el pliego de <strong>Carlos Mahiques<\/strong> para que contin\u00fae cinco a\u00f1os como juez en la <strong>C\u00e1mara Federal de Casaci\u00f3n Penal<\/strong>, pliegos internacionales y, si hay consenso, el dictamen sobre <strong>falsas denuncias<\/strong>.<\/p>\n\n\n\n<p>En paralelo, este mi\u00e9rcoles <strong>29 de abril<\/strong> se realizar\u00e1 la <strong>reuni\u00f3n constitutiva de la comisi\u00f3n de Salud<\/strong>, que ser\u00e1 presidida por la libertaria <strong>Ivana Arrascaeta<\/strong>, y luego, junto a <strong>Legislaci\u00f3n General<\/strong>, a cargo de <strong>Nadia M\u00e1rquez<\/strong>, se debatir\u00e1 la reforma de la <strong>Ley de Salud Mental<\/strong>.<\/p>\n\n\n\n<p>Tambi\u00e9n el jueves comenzar\u00e1n las <strong>audiencias p\u00fablicas<\/strong> donde expondr\u00e1n los jueces propuestos por el Poder Ejecutivo, aunque los pliegos que generan mayor atenci\u00f3n medi\u00e1tica se tratar\u00e1n entre el <strong>7 y el 14 de mayo<\/strong>.<\/p>\n\n\n\n<p>Se trata de las postulaciones de <strong>Emilio Rosatti<\/strong> (hijo del presidente de la Corte Suprema, <strong>Horacio Rosatti<\/strong>), de <strong>Mar\u00eda Julia Sosa<\/strong> (secretaria del juzgado de <strong>Juli\u00e1n Ercolini<\/strong>) y de <strong>Cristina Mar\u00eda Juan<\/strong> (esposa del juez <strong>Marcelo Mart\u00ednez Giorgi<\/strong>, a cargo del <strong>caso Libra<\/strong>) para el juzgado de primera instancia de <strong>Hurlingham<\/strong>.<\/p>\n\n\n\n<p><\/p>\n\n\n\n<div style=\"height:100px\" aria-hidden=\"true\" class=\"wp-block-spacer\"><\/div>\n\n\n\n<p><strong>Los puntos sobresalientes de Salud Mental<\/strong><\/p>\n\n\n\n<ul class=\"wp-block-list\">\n<li>La atenci\u00f3n deber\u00e1 estar a cargo de <strong>equipos interdisciplinarios<\/strong> y se establece como requisito la <strong>presencia obligatoria del m\u00e9dico psiquiatra<\/strong>.<\/li>\n\n\n\n<li>Tendr\u00e1 <strong>mayor peso la evaluaci\u00f3n m\u00e9dica<\/strong> en decisiones clave como <strong>diagn\u00f3sticos, tratamientos e internaciones<\/strong>.<\/li>\n\n\n\n<li>Se mantiene la <strong>internaci\u00f3n como recurso excepcional<\/strong>, pero se habilitan las <strong>internaciones no voluntarias<\/strong>.<\/li>\n\n\n\n<li>Estas internaciones solo se permitir\u00e1n en <strong>situaciones de riesgo grave<\/strong> para la vida o la integridad f\u00edsica de la persona o de terceros.<\/li>\n\n\n\n<li>El <strong>consumo problem\u00e1tico de sustancias<\/strong> se integra formalmente a las pol\u00edticas de <strong>salud mental<\/strong>, con posibilidad de definir <strong>dispositivos espec\u00edficos<\/strong>, ambulatorios o de internaci\u00f3n.<\/li>\n<\/ul>\n","protected":false},"excerpt":{"rendered":"<p>&nbsp;La Libertad Avanza&nbsp;frenar\u00e1&nbsp;el debate en el Senado de la reforma electoral que propone la eliminaci\u00f3n de las PASO hasta que alcance un acuerdo con los bloques dialoguistas.&nbsp;En tanto, se abocar\u00e1&hellip;<\/p>\n","protected":false},"author":3,"featured_media":320865,"comment_status":"closed","ping_status":"open","sticky":false,"template":"","format":"standard","meta":{"_acf_changed":false,"footnotes":""},"categories":[4,8],"tags":[],"class_list":["post-325767","post","type-post","status-publish","format-standard","has-post-thumbnail","hentry","category-destacadas","category-politica"],"acf":[],"yoast_head":"<!-- This site is optimized with the Yoast SEO plugin v27.4 - https:\/\/yoast.com\/product\/yoast-seo-wordpress\/ -->\n<title>Senado: La Libertad Avanza frena el debate de las PASO y apuntala la agenda econ\u00f3mica - Diario Textual<\/title>\n<meta name=\"robots\" content=\"index, follow, max-snippet:-1, max-image-preview:large, max-video-preview:-1\" \/>\n<link rel=\"canonical\" href=\"https:\/\/diariotextual.com\/inicio\/index.php\/2026\/04\/26\/senado-la-libertad-avanza-frena-el-debate-de-las-paso-y-apuntala-la-agenda-economica\/\" \/>\n<meta property=\"og:locale\" content=\"es_ES\" \/>\n<meta property=\"og:type\" content=\"article\" \/>\n<meta property=\"og:title\" content=\"Senado: La Libertad Avanza frena el debate de las PASO y apuntala la agenda econ\u00f3mica - Diario Textual\" \/>\n<meta property=\"og:description\" content=\"&nbsp;La Libertad Avanza&nbsp;frenar\u00e1&nbsp;el debate en el Senado de la reforma electoral que propone la eliminaci\u00f3n de las PASO hasta que alcance un acuerdo con los bloques dialoguistas.&nbsp;En tanto, se abocar\u00e1&hellip;\" \/>\n<meta property=\"og:url\" content=\"https:\/\/diariotextual.com\/inicio\/index.php\/2026\/04\/26\/senado-la-libertad-avanza-frena-el-debate-de-las-paso-y-apuntala-la-agenda-economica\/\" \/>\n<meta property=\"og:site_name\" content=\"Diario Textual\" \/>\n<meta property=\"article:publisher\" content=\"https:\/\/www.facebook.com\/eltextual\" \/>\n<meta property=\"article:published_time\" content=\"2026-04-26T11:41:51+00:00\" \/>\n<meta property=\"article:modified_time\" content=\"2026-04-26T11:41:55+00:00\" \/>\n<meta property=\"og:image\" content=\"https:\/\/diariotextual.com\/inicio\/wp-content\/uploads\/2026\/02\/senado2026-81111.webp\" \/>\n\t<meta property=\"og:image:width\" content=\"540\" \/>\n\t<meta property=\"og:image:height\" content=\"360\" \/>\n\t<meta property=\"og:image:type\" content=\"image\/webp\" \/>\n<meta name=\"author\" content=\"Diario1 Diario1\" \/>\n<meta name=\"twitter:card\" content=\"summary_large_image\" \/>\n<meta name=\"twitter:creator\" content=\"@eltextual\" \/>\n<meta name=\"twitter:site\" content=\"@eltextual\" \/>\n<meta name=\"twitter:label1\" content=\"Escrito por\" \/>\n\t<meta name=\"twitter:data1\" content=\"Diario1 Diario1\" \/>\n\t<meta name=\"twitter:label2\" content=\"Tiempo de lectura\" \/>\n\t<meta name=\"twitter:data2\" content=\"4 minutos\" \/>\n<script type=\"application\/ld+json\" class=\"yoast-schema-graph\">{\"@context\":\"https:\\\/\\\/schema.org\",\"@graph\":[{\"@type\":\"Article\",\"@id\":\"https:\\\/\\\/diariotextual.com\\\/inicio\\\/index.php\\\/2026\\\/04\\\/26\\\/senado-la-libertad-avanza-frena-el-debate-de-las-paso-y-apuntala-la-agenda-economica\\\/#article\",\"isPartOf\":{\"@id\":\"https:\\\/\\\/diariotextual.com\\\/inicio\\\/index.php\\\/2026\\\/04\\\/26\\\/senado-la-libertad-avanza-frena-el-debate-de-las-paso-y-apuntala-la-agenda-economica\\\/\"},\"author\":{\"name\":\"Diario1 Diario1\",\"@id\":\"https:\\\/\\\/diariotextual.com\\\/inicio\\\/#\\\/schema\\\/person\\\/418fc4093c33e86ed41562db3508f958\"},\"headline\":\"Senado: La Libertad Avanza frena el debate de las PASO y apuntala la agenda econ\u00f3mica\",\"datePublished\":\"2026-04-26T11:41:51+00:00\",\"dateModified\":\"2026-04-26T11:41:55+00:00\",\"mainEntityOfPage\":{\"@id\":\"https:\\\/\\\/diariotextual.com\\\/inicio\\\/index.php\\\/2026\\\/04\\\/26\\\/senado-la-libertad-avanza-frena-el-debate-de-las-paso-y-apuntala-la-agenda-economica\\\/\"},\"wordCount\":888,\"publisher\":{\"@id\":\"https:\\\/\\\/diariotextual.com\\\/inicio\\\/#organization\"},\"image\":{\"@id\":\"https:\\\/\\\/diariotextual.com\\\/inicio\\\/index.php\\\/2026\\\/04\\\/26\\\/senado-la-libertad-avanza-frena-el-debate-de-las-paso-y-apuntala-la-agenda-economica\\\/#primaryimage\"},\"thumbnailUrl\":\"https:\\\/\\\/diariotextual.com\\\/inicio\\\/wp-content\\\/uploads\\\/2026\\\/02\\\/senado2026-81111.webp\",\"articleSection\":[\"A - DESTACADAS (mod 16)\",\"POLITICA\"],\"inLanguage\":\"es\"},{\"@type\":\"WebPage\",\"@id\":\"https:\\\/\\\/diariotextual.com\\\/inicio\\\/index.php\\\/2026\\\/04\\\/26\\\/senado-la-libertad-avanza-frena-el-debate-de-las-paso-y-apuntala-la-agenda-economica\\\/\",\"url\":\"https:\\\/\\\/diariotextual.com\\\/inicio\\\/index.php\\\/2026\\\/04\\\/26\\\/senado-la-libertad-avanza-frena-el-debate-de-las-paso-y-apuntala-la-agenda-economica\\\/\",\"name\":\"Senado: La Libertad Avanza frena el debate de las PASO y apuntala la agenda econ\u00f3mica - Diario Textual\",\"isPartOf\":{\"@id\":\"https:\\\/\\\/diariotextual.com\\\/inicio\\\/#website\"},\"primaryImageOfPage\":{\"@id\":\"https:\\\/\\\/diariotextual.com\\\/inicio\\\/index.php\\\/2026\\\/04\\\/26\\\/senado-la-libertad-avanza-frena-el-debate-de-las-paso-y-apuntala-la-agenda-economica\\\/#primaryimage\"},\"image\":{\"@id\":\"https:\\\/\\\/diariotextual.com\\\/inicio\\\/index.php\\\/2026\\\/04\\\/26\\\/senado-la-libertad-avanza-frena-el-debate-de-las-paso-y-apuntala-la-agenda-economica\\\/#primaryimage\"},\"thumbnailUrl\":\"https:\\\/\\\/diariotextual.com\\\/inicio\\\/wp-content\\\/uploads\\\/2026\\\/02\\\/senado2026-81111.webp\",\"datePublished\":\"2026-04-26T11:41:51+00:00\",\"dateModified\":\"2026-04-26T11:41:55+00:00\",\"breadcrumb\":{\"@id\":\"https:\\\/\\\/diariotextual.com\\\/inicio\\\/index.php\\\/2026\\\/04\\\/26\\\/senado-la-libertad-avanza-frena-el-debate-de-las-paso-y-apuntala-la-agenda-economica\\\/#breadcrumb\"},\"inLanguage\":\"es\",\"potentialAction\":[{\"@type\":\"ReadAction\",\"target\":[\"https:\\\/\\\/diariotextual.com\\\/inicio\\\/index.php\\\/2026\\\/04\\\/26\\\/senado-la-libertad-avanza-frena-el-debate-de-las-paso-y-apuntala-la-agenda-economica\\\/\"]}]},{\"@type\":\"ImageObject\",\"inLanguage\":\"es\",\"@id\":\"https:\\\/\\\/diariotextual.com\\\/inicio\\\/index.php\\\/2026\\\/04\\\/26\\\/senado-la-libertad-avanza-frena-el-debate-de-las-paso-y-apuntala-la-agenda-economica\\\/#primaryimage\",\"url\":\"https:\\\/\\\/diariotextual.com\\\/inicio\\\/wp-content\\\/uploads\\\/2026\\\/02\\\/senado2026-81111.webp\",\"contentUrl\":\"https:\\\/\\\/diariotextual.com\\\/inicio\\\/wp-content\\\/uploads\\\/2026\\\/02\\\/senado2026-81111.webp\",\"width\":540,\"height\":360},{\"@type\":\"BreadcrumbList\",\"@id\":\"https:\\\/\\\/diariotextual.com\\\/inicio\\\/index.php\\\/2026\\\/04\\\/26\\\/senado-la-libertad-avanza-frena-el-debate-de-las-paso-y-apuntala-la-agenda-economica\\\/#breadcrumb\",\"itemListElement\":[{\"@type\":\"ListItem\",\"position\":1,\"name\":\"Portada\",\"item\":\"https:\\\/\\\/diariotextual.com\\\/inicio\\\/\"},{\"@type\":\"ListItem\",\"position\":2,\"name\":\"Senado: La Libertad Avanza frena el debate de las PASO y apuntala la agenda econ\u00f3mica\"}]},{\"@type\":\"WebSite\",\"@id\":\"https:\\\/\\\/diariotextual.com\\\/inicio\\\/#website\",\"url\":\"https:\\\/\\\/diariotextual.com\\\/inicio\\\/\",\"name\":\"Diario Textual\",\"description\":\"\",\"publisher\":{\"@id\":\"https:\\\/\\\/diariotextual.com\\\/inicio\\\/#organization\"},\"potentialAction\":[{\"@type\":\"SearchAction\",\"target\":{\"@type\":\"EntryPoint\",\"urlTemplate\":\"https:\\\/\\\/diariotextual.com\\\/inicio\\\/?s={search_term_string}\"},\"query-input\":{\"@type\":\"PropertyValueSpecification\",\"valueRequired\":true,\"valueName\":\"search_term_string\"}}],\"inLanguage\":\"es\"},{\"@type\":\"Organization\",\"@id\":\"https:\\\/\\\/diariotextual.com\\\/inicio\\\/#organization\",\"name\":\"Diario Textual\",\"url\":\"https:\\\/\\\/diariotextual.com\\\/inicio\\\/\",\"logo\":{\"@type\":\"ImageObject\",\"inLanguage\":\"es\",\"@id\":\"https:\\\/\\\/diariotextual.com\\\/inicio\\\/#\\\/schema\\\/logo\\\/image\\\/\",\"url\":\"https:\\\/\\\/diariotextual.com\\\/inicio\\\/wp-content\\\/uploads\\\/2023\\\/05\\\/logotextual1.jpg\",\"contentUrl\":\"https:\\\/\\\/diariotextual.com\\\/inicio\\\/wp-content\\\/uploads\\\/2023\\\/05\\\/logotextual1.jpg\",\"width\":516,\"height\":76,\"caption\":\"Diario Textual\"},\"image\":{\"@id\":\"https:\\\/\\\/diariotextual.com\\\/inicio\\\/#\\\/schema\\\/logo\\\/image\\\/\"},\"sameAs\":[\"https:\\\/\\\/www.facebook.com\\\/eltextual\",\"https:\\\/\\\/x.com\\\/eltextual\",\"http:\\\/\\\/www.instagram.com\\\/eltextual\"]},{\"@type\":\"Person\",\"@id\":\"https:\\\/\\\/diariotextual.com\\\/inicio\\\/#\\\/schema\\\/person\\\/418fc4093c33e86ed41562db3508f958\",\"name\":\"Diario1 Diario1\",\"image\":{\"@type\":\"ImageObject\",\"inLanguage\":\"es\",\"@id\":\"https:\\\/\\\/secure.gravatar.com\\\/avatar\\\/9167d280179c85bc18be67aa7eda765854300033af4896dd779b608640f2ef7a?s=96&d=mm&r=g\",\"url\":\"https:\\\/\\\/secure.gravatar.com\\\/avatar\\\/9167d280179c85bc18be67aa7eda765854300033af4896dd779b608640f2ef7a?s=96&d=mm&r=g\",\"contentUrl\":\"https:\\\/\\\/secure.gravatar.com\\\/avatar\\\/9167d280179c85bc18be67aa7eda765854300033af4896dd779b608640f2ef7a?s=96&d=mm&r=g\",\"caption\":\"Diario1 Diario1\"},\"url\":\"https:\\\/\\\/diariotextual.com\\\/inicio\\\/index.php\\\/author\\\/diario1\\\/\"}]}<\/script>\n<!-- \/ Yoast SEO plugin. -->","yoast_head_json":{"title":"Senado: La Libertad Avanza frena el debate de las PASO y apuntala la agenda econ\u00f3mica - Diario Textual","robots":{"index":"index","follow":"follow","max-snippet":"max-snippet:-1","max-image-preview":"max-image-preview:large","max-video-preview":"max-video-preview:-1"},"canonical":"https:\/\/diariotextual.com\/inicio\/index.php\/2026\/04\/26\/senado-la-libertad-avanza-frena-el-debate-de-las-paso-y-apuntala-la-agenda-economica\/","og_locale":"es_ES","og_type":"article","og_title":"Senado: La Libertad Avanza frena el debate de las PASO y apuntala la agenda econ\u00f3mica - Diario Textual","og_description":"&nbsp;La Libertad Avanza&nbsp;frenar\u00e1&nbsp;el debate en el Senado de la reforma electoral que propone la eliminaci\u00f3n de las PASO hasta que alcance un acuerdo con los bloques dialoguistas.&nbsp;En tanto, se abocar\u00e1&hellip;","og_url":"https:\/\/diariotextual.com\/inicio\/index.php\/2026\/04\/26\/senado-la-libertad-avanza-frena-el-debate-de-las-paso-y-apuntala-la-agenda-economica\/","og_site_name":"Diario Textual","article_publisher":"https:\/\/www.facebook.com\/eltextual","article_published_time":"2026-04-26T11:41:51+00:00","article_modified_time":"2026-04-26T11:41:55+00:00","og_image":[{"width":540,"height":360,"url":"https:\/\/diariotextual.com\/inicio\/wp-content\/uploads\/2026\/02\/senado2026-81111.webp","type":"image\/webp"}],"author":"Diario1 Diario1","twitter_card":"summary_large_image","twitter_creator":"@eltextual","twitter_site":"@eltextual","twitter_misc":{"Escrito por":"Diario1 Diario1","Tiempo de lectura":"4 minutos"},"schema":{"@context":"https:\/\/schema.org","@graph":[{"@type":"Article","@id":"https:\/\/diariotextual.com\/inicio\/index.php\/2026\/04\/26\/senado-la-libertad-avanza-frena-el-debate-de-las-paso-y-apuntala-la-agenda-economica\/#article","isPartOf":{"@id":"https:\/\/diariotextual.com\/inicio\/index.php\/2026\/04\/26\/senado-la-libertad-avanza-frena-el-debate-de-las-paso-y-apuntala-la-agenda-economica\/"},"author":{"name":"Diario1 Diario1","@id":"https:\/\/diariotextual.com\/inicio\/#\/schema\/person\/418fc4093c33e86ed41562db3508f958"},"headline":"Senado: La Libertad Avanza frena el debate de las PASO y apuntala la agenda econ\u00f3mica","datePublished":"2026-04-26T11:41:51+00:00","dateModified":"2026-04-26T11:41:55+00:00","mainEntityOfPage":{"@id":"https:\/\/diariotextual.com\/inicio\/index.php\/2026\/04\/26\/senado-la-libertad-avanza-frena-el-debate-de-las-paso-y-apuntala-la-agenda-economica\/"},"wordCount":888,"publisher":{"@id":"https:\/\/diariotextual.com\/inicio\/#organization"},"image":{"@id":"https:\/\/diariotextual.com\/inicio\/index.php\/2026\/04\/26\/senado-la-libertad-avanza-frena-el-debate-de-las-paso-y-apuntala-la-agenda-economica\/#primaryimage"},"thumbnailUrl":"https:\/\/diariotextual.com\/inicio\/wp-content\/uploads\/2026\/02\/senado2026-81111.webp","articleSection":["A - DESTACADAS (mod 16)","POLITICA"],"inLanguage":"es"},{"@type":"WebPage","@id":"https:\/\/diariotextual.com\/inicio\/index.php\/2026\/04\/26\/senado-la-libertad-avanza-frena-el-debate-de-las-paso-y-apuntala-la-agenda-economica\/","url":"https:\/\/diariotextual.com\/inicio\/index.php\/2026\/04\/26\/senado-la-libertad-avanza-frena-el-debate-de-las-paso-y-apuntala-la-agenda-economica\/","name":"Senado: La Libertad Avanza frena el debate de las PASO y apuntala la agenda econ\u00f3mica - Diario Textual","isPartOf":{"@id":"https:\/\/diariotextual.com\/inicio\/#website"},"primaryImageOfPage":{"@id":"https:\/\/diariotextual.com\/inicio\/index.php\/2026\/04\/26\/senado-la-libertad-avanza-frena-el-debate-de-las-paso-y-apuntala-la-agenda-economica\/#primaryimage"},"image":{"@id":"https:\/\/diariotextual.com\/inicio\/index.php\/2026\/04\/26\/senado-la-libertad-avanza-frena-el-debate-de-las-paso-y-apuntala-la-agenda-economica\/#primaryimage"},"thumbnailUrl":"https:\/\/diariotextual.com\/inicio\/wp-content\/uploads\/2026\/02\/senado2026-81111.webp","datePublished":"2026-04-26T11:41:51+00:00","dateModified":"2026-04-26T11:41:55+00:00","breadcrumb":{"@id":"https:\/\/diariotextual.com\/inicio\/index.php\/2026\/04\/26\/senado-la-libertad-avanza-frena-el-debate-de-las-paso-y-apuntala-la-agenda-economica\/#breadcrumb"},"inLanguage":"es","potentialAction":[{"@type":"ReadAction","target":["https:\/\/diariotextual.com\/inicio\/index.php\/2026\/04\/26\/senado-la-libertad-avanza-frena-el-debate-de-las-paso-y-apuntala-la-agenda-economica\/"]}]},{"@type":"ImageObject","inLanguage":"es","@id":"https:\/\/diariotextual.com\/inicio\/index.php\/2026\/04\/26\/senado-la-libertad-avanza-frena-el-debate-de-las-paso-y-apuntala-la-agenda-economica\/#primaryimage","url":"https:\/\/diariotextual.com\/inicio\/wp-content\/uploads\/2026\/02\/senado2026-81111.webp","contentUrl":"https:\/\/diariotextual.com\/inicio\/wp-content\/uploads\/2026\/02\/senado2026-81111.webp","width":540,"height":360},{"@type":"BreadcrumbList","@id":"https:\/\/diariotextual.com\/inicio\/index.php\/2026\/04\/26\/senado-la-libertad-avanza-frena-el-debate-de-las-paso-y-apuntala-la-agenda-economica\/#breadcrumb","itemListElement":[{"@type":"ListItem","position":1,"name":"Portada","item":"https:\/\/diariotextual.com\/inicio\/"},{"@type":"ListItem","position":2,"name":"Senado: La Libertad Avanza frena el debate de las PASO y apuntala la agenda econ\u00f3mica"}]},{"@type":"WebSite","@id":"https:\/\/diariotextual.com\/inicio\/#website","url":"https:\/\/diariotextual.com\/inicio\/","name":"Diario Textual","description":"","publisher":{"@id":"https:\/\/diariotextual.com\/inicio\/#organization"},"potentialAction":[{"@type":"SearchAction","target":{"@type":"EntryPoint","urlTemplate":"https:\/\/diariotextual.com\/inicio\/?s={search_term_string}"},"query-input":{"@type":"PropertyValueSpecification","valueRequired":true,"valueName":"search_term_string"}}],"inLanguage":"es"},{"@type":"Organization","@id":"https:\/\/diariotextual.com\/inicio\/#organization","name":"Diario Textual","url":"https:\/\/diariotextual.com\/inicio\/","logo":{"@type":"ImageObject","inLanguage":"es","@id":"https:\/\/diariotextual.com\/inicio\/#\/schema\/logo\/image\/","url":"https:\/\/diariotextual.com\/inicio\/wp-content\/uploads\/2023\/05\/logotextual1.jpg","contentUrl":"https:\/\/diariotextual.com\/inicio\/wp-content\/uploads\/2023\/05\/logotextual1.jpg","width":516,"height":76,"caption":"Diario Textual"},"image":{"@id":"https:\/\/diariotextual.com\/inicio\/#\/schema\/logo\/image\/"},"sameAs":["https:\/\/www.facebook.com\/eltextual","https:\/\/x.com\/eltextual","http:\/\/www.instagram.com\/eltextual"]},{"@type":"Person","@id":"https:\/\/diariotextual.com\/inicio\/#\/schema\/person\/418fc4093c33e86ed41562db3508f958","name":"Diario1 Diario1","image":{"@type":"ImageObject","inLanguage":"es","@id":"https:\/\/secure.gravatar.com\/avatar\/9167d280179c85bc18be67aa7eda765854300033af4896dd779b608640f2ef7a?s=96&d=mm&r=g","url":"https:\/\/secure.gravatar.com\/avatar\/9167d280179c85bc18be67aa7eda765854300033af4896dd779b608640f2ef7a?s=96&d=mm&r=g","contentUrl":"https:\/\/secure.gravatar.com\/avatar\/9167d280179c85bc18be67aa7eda765854300033af4896dd779b608640f2ef7a?s=96&d=mm&r=g","caption":"Diario1 Diario1"},"url":"https:\/\/diariotextual.com\/inicio\/index.php\/author\/diario1\/"}]}},"_links":{"self":[{"href":"https:\/\/diariotextual.com\/inicio\/index.php\/wp-json\/wp\/v2\/posts\/325767","targetHints":{"allow":["GET"]}}],"collection":[{"href":"https:\/\/diariotextual.com\/inicio\/index.php\/wp-json\/wp\/v2\/posts"}],"about":[{"href":"https:\/\/diariotextual.com\/inicio\/index.php\/wp-json\/wp\/v2\/types\/post"}],"author":[{"embeddable":true,"href":"https:\/\/diariotextual.com\/inicio\/index.php\/wp-json\/wp\/v2\/users\/3"}],"replies":[{"embeddable":true,"href":"https:\/\/diariotextual.com\/inicio\/index.php\/wp-json\/wp\/v2\/comments?post=325767"}],"version-history":[{"count":1,"href":"https:\/\/diariotextual.com\/inicio\/index.php\/wp-json\/wp\/v2\/posts\/325767\/revisions"}],"predecessor-version":[{"id":325768,"href":"https:\/\/diariotextual.com\/inicio\/index.php\/wp-json\/wp\/v2\/posts\/325767\/revisions\/325768"}],"wp:featuredmedia":[{"embeddable":true,"href":"https:\/\/diariotextual.com\/inicio\/index.php\/wp-json\/wp\/v2\/media\/320865"}],"wp:attachment":[{"href":"https:\/\/diariotextual.com\/inicio\/index.php\/wp-json\/wp\/v2\/media?parent=325767"}],"wp:term":[{"taxonomy":"category","embeddable":true,"href":"https:\/\/diariotextual.com\/inicio\/index.php\/wp-json\/wp\/v2\/categories?post=325767"},{"taxonomy":"post_tag","embeddable":true,"href":"https:\/\/diariotextual.com\/inicio\/index.php\/wp-json\/wp\/v2\/tags?post=325767"}],"curies":[{"name":"wp","href":"https:\/\/api.w.org\/{rel}","templated":true}]}}