{"id":325777,"date":"2026-04-26T19:07:22","date_gmt":"2026-04-26T22:07:22","guid":{"rendered":"https:\/\/diariotextual.com\/inicio\/?p=325777"},"modified":"2026-04-26T21:00:44","modified_gmt":"2026-04-27T00:00:44","slug":"el-cine-esta-de-luto-murio-adolfo-aristarain","status":"publish","type":"post","link":"https:\/\/diariotextual.com\/inicio\/index.php\/2026\/04\/26\/el-cine-esta-de-luto-murio-adolfo-aristarain\/","title":{"rendered":"El cine est\u00e1 de luto: muri\u00f3 Adolfo Aristarain"},"content":{"rendered":"\n<p>El<strong>&nbsp;director de cine argentino Adolfo Aristarain<\/strong>,&nbsp;<strong>falleci\u00f3&nbsp;<\/strong>este domingo a los<strong>&nbsp;82 a\u00f1os<\/strong>. Uno de los&nbsp;<strong>cineastas&nbsp;<\/strong>m\u00e1s importantes de&nbsp;<strong>habla hispana<\/strong>&nbsp;dej\u00f3 una huella imborrable con sus&nbsp;<strong>obras audiovisuales<\/strong>, sobre todo en&nbsp;<strong>Argentina&nbsp;<\/strong>y&nbsp;<strong>Espa\u00f1a<\/strong>, donde forj\u00f3 pr\u00e1cticamente toda su carrera.<\/p>\n\n\n\n<p>Las pel\u00edculas de&nbsp;<strong>Aristarain&nbsp;<\/strong>se destacaron por la mezcla de g\u00e9neros entre&nbsp;<strong>policial&nbsp;<\/strong>y&nbsp;<strong>drama<\/strong>, que daban como resultado reflexiones&nbsp;<strong>pol\u00edticas&nbsp;<\/strong>y&nbsp;<strong>\u00e9ticas<\/strong>. Entre sus hitos m\u00e1s significativos se encuentran&nbsp;<strong>Tiempo de Revancha<\/strong>&nbsp;(1981) protagonizada por&nbsp;<strong>Federico Luppi, Hayd\u00e9e Padilla, Julio De Grazia&nbsp;<\/strong>y&nbsp;<strong>Ulises Dumont<\/strong>;&nbsp;<strong>Un Lugar en el Mundo<\/strong>&nbsp;(1992) con&nbsp;<strong>Luppi, Jos\u00e9 de Sacrist\u00e1n, Cecilia Roth&nbsp;<\/strong>y&nbsp;<strong>Leonor Benedetto<\/strong>; y&nbsp;<strong>Mart\u00edn Hache&nbsp;<\/strong>(1997)&nbsp;con<strong>&nbsp;Roth, Eusebio Poncela&nbsp;<\/strong>y&nbsp;<strong>Juan Diego Botto<\/strong>; entre otros films.__IP__<\/p>\n\n\n\n<p>Antes de ser director de cine,<strong>&nbsp;fue asistente en m\u00e1s de 30 pel\u00edculas<\/strong>, incluyendo producciones internacionales como&nbsp;<strong>\u00c9rase una vez en el Oeste<\/strong>&nbsp;de<strong>&nbsp;Sergio Leone<\/strong>. Vivi\u00f3 y trabaj\u00f3 muchos a\u00f1os en&nbsp;<strong>Espa\u00f1a<\/strong>, sin dejar de hacerlo en su propio pa\u00eds. Sin embargo, fue en Europa donde recibi\u00f3 el \u00faltimo&nbsp;<strong>reconocimiento a su trayectoria<\/strong>: en el a\u00f1o 2024, la&nbsp;<strong>Academia de Cine espa\u00f1ola<\/strong>&nbsp;le otorg\u00f3 la&nbsp;<strong>Medalla de Oro<\/strong>.<\/p>\n\n\n\n<p>Su pel\u00edcula<strong>&nbsp;Un lugar en el Mundo<\/strong>&nbsp;gan\u00f3 la&nbsp;<strong>Concha de Oro&nbsp;<\/strong>en&nbsp;<strong>San Sebasti\u00e1n<\/strong>&nbsp;y el&nbsp;<strong>Goya&nbsp;<\/strong>a la&nbsp;<strong>mejor pel\u00edcula extranjera&nbsp;<\/strong>de&nbsp;<strong>habla hispana<\/strong>.<\/p>\n\n\n\n<p><\/p>\n","protected":false},"excerpt":{"rendered":"<p>El&nbsp;director de cine argentino Adolfo Aristarain,&nbsp;falleci\u00f3&nbsp;este domingo a los&nbsp;82 a\u00f1os. Uno de los&nbsp;cineastas&nbsp;m\u00e1s importantes de&nbsp;habla hispana&nbsp;dej\u00f3 una huella imborrable con sus&nbsp;obras audiovisuales, sobre todo en&nbsp;Argentina&nbsp;y&nbsp;Espa\u00f1a, donde forj\u00f3 pr\u00e1cticamente toda su&hellip;<\/p>\n","protected":false},"author":3,"featured_media":325779,"comment_status":"closed","ping_status":"open","sticky":false,"template":"","format":"standard","meta":{"_acf_changed":false,"footnotes":""},"categories":[1,2],"tags":[],"class_list":["post-325777","post","type-post","status-publish","format-standard","has-post-thumbnail","hentry","category-es-noticia","category-cultura"],"acf":[],"yoast_head":"<!-- This site is optimized with the Yoast SEO plugin v27.4 - https:\/\/yoast.com\/product\/yoast-seo-wordpress\/ -->\n<title>El cine est\u00e1 de luto: muri\u00f3 Adolfo Aristarain - Diario Textual<\/title>\n<meta name=\"robots\" content=\"index, follow, max-snippet:-1, max-image-preview:large, max-video-preview:-1\" \/>\n<link rel=\"canonical\" href=\"https:\/\/diariotextual.com\/inicio\/index.php\/2026\/04\/26\/el-cine-esta-de-luto-murio-adolfo-aristarain\/\" \/>\n<meta property=\"og:locale\" content=\"es_ES\" \/>\n<meta property=\"og:type\" content=\"article\" \/>\n<meta property=\"og:title\" content=\"El cine est\u00e1 de luto: muri\u00f3 Adolfo Aristarain - Diario Textual\" \/>\n<meta property=\"og:description\" content=\"El&nbsp;director de cine argentino Adolfo Aristarain,&nbsp;falleci\u00f3&nbsp;este domingo a los&nbsp;82 a\u00f1os. Uno de los&nbsp;cineastas&nbsp;m\u00e1s importantes de&nbsp;habla hispana&nbsp;dej\u00f3 una huella imborrable con sus&nbsp;obras audiovisuales, sobre todo en&nbsp;Argentina&nbsp;y&nbsp;Espa\u00f1a, donde forj\u00f3 pr\u00e1cticamente toda su&hellip;\" \/>\n<meta property=\"og:url\" content=\"https:\/\/diariotextual.com\/inicio\/index.php\/2026\/04\/26\/el-cine-esta-de-luto-murio-adolfo-aristarain\/\" \/>\n<meta property=\"og:site_name\" content=\"Diario Textual\" \/>\n<meta property=\"article:publisher\" content=\"https:\/\/www.facebook.com\/eltextual\" \/>\n<meta property=\"article:published_time\" content=\"2026-04-26T22:07:22+00:00\" \/>\n<meta property=\"article:modified_time\" content=\"2026-04-27T00:00:44+00:00\" \/>\n<meta property=\"og:image\" content=\"https:\/\/diariotextual.com\/inicio\/wp-content\/uploads\/2026\/04\/aristarainadolfo0001.jpg\" \/>\n\t<meta property=\"og:image:width\" content=\"942\" \/>\n\t<meta property=\"og:image:height\" content=\"610\" \/>\n\t<meta property=\"og:image:type\" content=\"image\/jpeg\" \/>\n<meta name=\"author\" content=\"Diario1 Diario1\" \/>\n<meta name=\"twitter:card\" content=\"summary_large_image\" \/>\n<meta name=\"twitter:creator\" content=\"@eltextual\" \/>\n<meta name=\"twitter:site\" content=\"@eltextual\" \/>\n<meta name=\"twitter:label1\" content=\"Escrito por\" \/>\n\t<meta name=\"twitter:data1\" content=\"Diario1 Diario1\" \/>\n\t<meta name=\"twitter:label2\" content=\"Tiempo de lectura\" \/>\n\t<meta name=\"twitter:data2\" content=\"2 minutos\" \/>\n<script type=\"application\/ld+json\" class=\"yoast-schema-graph\">{\"@context\":\"https:\\\/\\\/schema.org\",\"@graph\":[{\"@type\":\"Article\",\"@id\":\"https:\\\/\\\/diariotextual.com\\\/inicio\\\/index.php\\\/2026\\\/04\\\/26\\\/el-cine-esta-de-luto-murio-adolfo-aristarain\\\/#article\",\"isPartOf\":{\"@id\":\"https:\\\/\\\/diariotextual.com\\\/inicio\\\/index.php\\\/2026\\\/04\\\/26\\\/el-cine-esta-de-luto-murio-adolfo-aristarain\\\/\"},\"author\":{\"name\":\"Diario1 Diario1\",\"@id\":\"https:\\\/\\\/diariotextual.com\\\/inicio\\\/#\\\/schema\\\/person\\\/418fc4093c33e86ed41562db3508f958\"},\"headline\":\"El cine est\u00e1 de luto: muri\u00f3 Adolfo Aristarain\",\"datePublished\":\"2026-04-26T22:07:22+00:00\",\"dateModified\":\"2026-04-27T00:00:44+00:00\",\"mainEntityOfPage\":{\"@id\":\"https:\\\/\\\/diariotextual.com\\\/inicio\\\/index.php\\\/2026\\\/04\\\/26\\\/el-cine-esta-de-luto-murio-adolfo-aristarain\\\/\"},\"wordCount\":295,\"publisher\":{\"@id\":\"https:\\\/\\\/diariotextual.com\\\/inicio\\\/#organization\"},\"image\":{\"@id\":\"https:\\\/\\\/diariotextual.com\\\/inicio\\\/index.php\\\/2026\\\/04\\\/26\\\/el-cine-esta-de-luto-murio-adolfo-aristarain\\\/#primaryimage\"},\"thumbnailUrl\":\"https:\\\/\\\/diariotextual.com\\\/inicio\\\/wp-content\\\/uploads\\\/2026\\\/04\\\/aristarainadolfo0001.jpg\",\"articleSection\":[\"A - ES NOTICIA (van abajo)\",\"CULTURA\"],\"inLanguage\":\"es\"},{\"@type\":\"WebPage\",\"@id\":\"https:\\\/\\\/diariotextual.com\\\/inicio\\\/index.php\\\/2026\\\/04\\\/26\\\/el-cine-esta-de-luto-murio-adolfo-aristarain\\\/\",\"url\":\"https:\\\/\\\/diariotextual.com\\\/inicio\\\/index.php\\\/2026\\\/04\\\/26\\\/el-cine-esta-de-luto-murio-adolfo-aristarain\\\/\",\"name\":\"El cine est\u00e1 de luto: muri\u00f3 Adolfo Aristarain - Diario Textual\",\"isPartOf\":{\"@id\":\"https:\\\/\\\/diariotextual.com\\\/inicio\\\/#website\"},\"primaryImageOfPage\":{\"@id\":\"https:\\\/\\\/diariotextual.com\\\/inicio\\\/index.php\\\/2026\\\/04\\\/26\\\/el-cine-esta-de-luto-murio-adolfo-aristarain\\\/#primaryimage\"},\"image\":{\"@id\":\"https:\\\/\\\/diariotextual.com\\\/inicio\\\/index.php\\\/2026\\\/04\\\/26\\\/el-cine-esta-de-luto-murio-adolfo-aristarain\\\/#primaryimage\"},\"thumbnailUrl\":\"https:\\\/\\\/diariotextual.com\\\/inicio\\\/wp-content\\\/uploads\\\/2026\\\/04\\\/aristarainadolfo0001.jpg\",\"datePublished\":\"2026-04-26T22:07:22+00:00\",\"dateModified\":\"2026-04-27T00:00:44+00:00\",\"breadcrumb\":{\"@id\":\"https:\\\/\\\/diariotextual.com\\\/inicio\\\/index.php\\\/2026\\\/04\\\/26\\\/el-cine-esta-de-luto-murio-adolfo-aristarain\\\/#breadcrumb\"},\"inLanguage\":\"es\",\"potentialAction\":[{\"@type\":\"ReadAction\",\"target\":[\"https:\\\/\\\/diariotextual.com\\\/inicio\\\/index.php\\\/2026\\\/04\\\/26\\\/el-cine-esta-de-luto-murio-adolfo-aristarain\\\/\"]}]},{\"@type\":\"ImageObject\",\"inLanguage\":\"es\",\"@id\":\"https:\\\/\\\/diariotextual.com\\\/inicio\\\/index.php\\\/2026\\\/04\\\/26\\\/el-cine-esta-de-luto-murio-adolfo-aristarain\\\/#primaryimage\",\"url\":\"https:\\\/\\\/diariotextual.com\\\/inicio\\\/wp-content\\\/uploads\\\/2026\\\/04\\\/aristarainadolfo0001.jpg\",\"contentUrl\":\"https:\\\/\\\/diariotextual.com\\\/inicio\\\/wp-content\\\/uploads\\\/2026\\\/04\\\/aristarainadolfo0001.jpg\",\"width\":942,\"height\":610},{\"@type\":\"BreadcrumbList\",\"@id\":\"https:\\\/\\\/diariotextual.com\\\/inicio\\\/index.php\\\/2026\\\/04\\\/26\\\/el-cine-esta-de-luto-murio-adolfo-aristarain\\\/#breadcrumb\",\"itemListElement\":[{\"@type\":\"ListItem\",\"position\":1,\"name\":\"Portada\",\"item\":\"https:\\\/\\\/diariotextual.com\\\/inicio\\\/\"},{\"@type\":\"ListItem\",\"position\":2,\"name\":\"El cine est\u00e1 de luto: muri\u00f3 Adolfo Aristarain\"}]},{\"@type\":\"WebSite\",\"@id\":\"https:\\\/\\\/diariotextual.com\\\/inicio\\\/#website\",\"url\":\"https:\\\/\\\/diariotextual.com\\\/inicio\\\/\",\"name\":\"Diario Textual\",\"description\":\"\",\"publisher\":{\"@id\":\"https:\\\/\\\/diariotextual.com\\\/inicio\\\/#organization\"},\"potentialAction\":[{\"@type\":\"SearchAction\",\"target\":{\"@type\":\"EntryPoint\",\"urlTemplate\":\"https:\\\/\\\/diariotextual.com\\\/inicio\\\/?s={search_term_string}\"},\"query-input\":{\"@type\":\"PropertyValueSpecification\",\"valueRequired\":true,\"valueName\":\"search_term_string\"}}],\"inLanguage\":\"es\"},{\"@type\":\"Organization\",\"@id\":\"https:\\\/\\\/diariotextual.com\\\/inicio\\\/#organization\",\"name\":\"Diario Textual\",\"url\":\"https:\\\/\\\/diariotextual.com\\\/inicio\\\/\",\"logo\":{\"@type\":\"ImageObject\",\"inLanguage\":\"es\",\"@id\":\"https:\\\/\\\/diariotextual.com\\\/inicio\\\/#\\\/schema\\\/logo\\\/image\\\/\",\"url\":\"https:\\\/\\\/diariotextual.com\\\/inicio\\\/wp-content\\\/uploads\\\/2023\\\/05\\\/logotextual1.jpg\",\"contentUrl\":\"https:\\\/\\\/diariotextual.com\\\/inicio\\\/wp-content\\\/uploads\\\/2023\\\/05\\\/logotextual1.jpg\",\"width\":516,\"height\":76,\"caption\":\"Diario Textual\"},\"image\":{\"@id\":\"https:\\\/\\\/diariotextual.com\\\/inicio\\\/#\\\/schema\\\/logo\\\/image\\\/\"},\"sameAs\":[\"https:\\\/\\\/www.facebook.com\\\/eltextual\",\"https:\\\/\\\/x.com\\\/eltextual\",\"http:\\\/\\\/www.instagram.com\\\/eltextual\"]},{\"@type\":\"Person\",\"@id\":\"https:\\\/\\\/diariotextual.com\\\/inicio\\\/#\\\/schema\\\/person\\\/418fc4093c33e86ed41562db3508f958\",\"name\":\"Diario1 Diario1\",\"image\":{\"@type\":\"ImageObject\",\"inLanguage\":\"es\",\"@id\":\"https:\\\/\\\/secure.gravatar.com\\\/avatar\\\/9167d280179c85bc18be67aa7eda765854300033af4896dd779b608640f2ef7a?s=96&d=mm&r=g\",\"url\":\"https:\\\/\\\/secure.gravatar.com\\\/avatar\\\/9167d280179c85bc18be67aa7eda765854300033af4896dd779b608640f2ef7a?s=96&d=mm&r=g\",\"contentUrl\":\"https:\\\/\\\/secure.gravatar.com\\\/avatar\\\/9167d280179c85bc18be67aa7eda765854300033af4896dd779b608640f2ef7a?s=96&d=mm&r=g\",\"caption\":\"Diario1 Diario1\"},\"url\":\"https:\\\/\\\/diariotextual.com\\\/inicio\\\/index.php\\\/author\\\/diario1\\\/\"}]}<\/script>\n<!-- \/ Yoast SEO plugin. -->","yoast_head_json":{"title":"El cine est\u00e1 de luto: muri\u00f3 Adolfo Aristarain - Diario Textual","robots":{"index":"index","follow":"follow","max-snippet":"max-snippet:-1","max-image-preview":"max-image-preview:large","max-video-preview":"max-video-preview:-1"},"canonical":"https:\/\/diariotextual.com\/inicio\/index.php\/2026\/04\/26\/el-cine-esta-de-luto-murio-adolfo-aristarain\/","og_locale":"es_ES","og_type":"article","og_title":"El cine est\u00e1 de luto: muri\u00f3 Adolfo Aristarain - Diario Textual","og_description":"El&nbsp;director de cine argentino Adolfo Aristarain,&nbsp;falleci\u00f3&nbsp;este domingo a los&nbsp;82 a\u00f1os. Uno de los&nbsp;cineastas&nbsp;m\u00e1s importantes de&nbsp;habla hispana&nbsp;dej\u00f3 una huella imborrable con sus&nbsp;obras audiovisuales, sobre todo en&nbsp;Argentina&nbsp;y&nbsp;Espa\u00f1a, donde forj\u00f3 pr\u00e1cticamente toda su&hellip;","og_url":"https:\/\/diariotextual.com\/inicio\/index.php\/2026\/04\/26\/el-cine-esta-de-luto-murio-adolfo-aristarain\/","og_site_name":"Diario Textual","article_publisher":"https:\/\/www.facebook.com\/eltextual","article_published_time":"2026-04-26T22:07:22+00:00","article_modified_time":"2026-04-27T00:00:44+00:00","og_image":[{"width":942,"height":610,"url":"https:\/\/diariotextual.com\/inicio\/wp-content\/uploads\/2026\/04\/aristarainadolfo0001.jpg","type":"image\/jpeg"}],"author":"Diario1 Diario1","twitter_card":"summary_large_image","twitter_creator":"@eltextual","twitter_site":"@eltextual","twitter_misc":{"Escrito por":"Diario1 Diario1","Tiempo de lectura":"2 minutos"},"schema":{"@context":"https:\/\/schema.org","@graph":[{"@type":"Article","@id":"https:\/\/diariotextual.com\/inicio\/index.php\/2026\/04\/26\/el-cine-esta-de-luto-murio-adolfo-aristarain\/#article","isPartOf":{"@id":"https:\/\/diariotextual.com\/inicio\/index.php\/2026\/04\/26\/el-cine-esta-de-luto-murio-adolfo-aristarain\/"},"author":{"name":"Diario1 Diario1","@id":"https:\/\/diariotextual.com\/inicio\/#\/schema\/person\/418fc4093c33e86ed41562db3508f958"},"headline":"El cine est\u00e1 de luto: muri\u00f3 Adolfo Aristarain","datePublished":"2026-04-26T22:07:22+00:00","dateModified":"2026-04-27T00:00:44+00:00","mainEntityOfPage":{"@id":"https:\/\/diariotextual.com\/inicio\/index.php\/2026\/04\/26\/el-cine-esta-de-luto-murio-adolfo-aristarain\/"},"wordCount":295,"publisher":{"@id":"https:\/\/diariotextual.com\/inicio\/#organization"},"image":{"@id":"https:\/\/diariotextual.com\/inicio\/index.php\/2026\/04\/26\/el-cine-esta-de-luto-murio-adolfo-aristarain\/#primaryimage"},"thumbnailUrl":"https:\/\/diariotextual.com\/inicio\/wp-content\/uploads\/2026\/04\/aristarainadolfo0001.jpg","articleSection":["A - ES NOTICIA (van abajo)","CULTURA"],"inLanguage":"es"},{"@type":"WebPage","@id":"https:\/\/diariotextual.com\/inicio\/index.php\/2026\/04\/26\/el-cine-esta-de-luto-murio-adolfo-aristarain\/","url":"https:\/\/diariotextual.com\/inicio\/index.php\/2026\/04\/26\/el-cine-esta-de-luto-murio-adolfo-aristarain\/","name":"El cine est\u00e1 de luto: muri\u00f3 Adolfo Aristarain - Diario Textual","isPartOf":{"@id":"https:\/\/diariotextual.com\/inicio\/#website"},"primaryImageOfPage":{"@id":"https:\/\/diariotextual.com\/inicio\/index.php\/2026\/04\/26\/el-cine-esta-de-luto-murio-adolfo-aristarain\/#primaryimage"},"image":{"@id":"https:\/\/diariotextual.com\/inicio\/index.php\/2026\/04\/26\/el-cine-esta-de-luto-murio-adolfo-aristarain\/#primaryimage"},"thumbnailUrl":"https:\/\/diariotextual.com\/inicio\/wp-content\/uploads\/2026\/04\/aristarainadolfo0001.jpg","datePublished":"2026-04-26T22:07:22+00:00","dateModified":"2026-04-27T00:00:44+00:00","breadcrumb":{"@id":"https:\/\/diariotextual.com\/inicio\/index.php\/2026\/04\/26\/el-cine-esta-de-luto-murio-adolfo-aristarain\/#breadcrumb"},"inLanguage":"es","potentialAction":[{"@type":"ReadAction","target":["https:\/\/diariotextual.com\/inicio\/index.php\/2026\/04\/26\/el-cine-esta-de-luto-murio-adolfo-aristarain\/"]}]},{"@type":"ImageObject","inLanguage":"es","@id":"https:\/\/diariotextual.com\/inicio\/index.php\/2026\/04\/26\/el-cine-esta-de-luto-murio-adolfo-aristarain\/#primaryimage","url":"https:\/\/diariotextual.com\/inicio\/wp-content\/uploads\/2026\/04\/aristarainadolfo0001.jpg","contentUrl":"https:\/\/diariotextual.com\/inicio\/wp-content\/uploads\/2026\/04\/aristarainadolfo0001.jpg","width":942,"height":610},{"@type":"BreadcrumbList","@id":"https:\/\/diariotextual.com\/inicio\/index.php\/2026\/04\/26\/el-cine-esta-de-luto-murio-adolfo-aristarain\/#breadcrumb","itemListElement":[{"@type":"ListItem","position":1,"name":"Portada","item":"https:\/\/diariotextual.com\/inicio\/"},{"@type":"ListItem","position":2,"name":"El cine est\u00e1 de luto: muri\u00f3 Adolfo Aristarain"}]},{"@type":"WebSite","@id":"https:\/\/diariotextual.com\/inicio\/#website","url":"https:\/\/diariotextual.com\/inicio\/","name":"Diario Textual","description":"","publisher":{"@id":"https:\/\/diariotextual.com\/inicio\/#organization"},"potentialAction":[{"@type":"SearchAction","target":{"@type":"EntryPoint","urlTemplate":"https:\/\/diariotextual.com\/inicio\/?s={search_term_string}"},"query-input":{"@type":"PropertyValueSpecification","valueRequired":true,"valueName":"search_term_string"}}],"inLanguage":"es"},{"@type":"Organization","@id":"https:\/\/diariotextual.com\/inicio\/#organization","name":"Diario Textual","url":"https:\/\/diariotextual.com\/inicio\/","logo":{"@type":"ImageObject","inLanguage":"es","@id":"https:\/\/diariotextual.com\/inicio\/#\/schema\/logo\/image\/","url":"https:\/\/diariotextual.com\/inicio\/wp-content\/uploads\/2023\/05\/logotextual1.jpg","contentUrl":"https:\/\/diariotextual.com\/inicio\/wp-content\/uploads\/2023\/05\/logotextual1.jpg","width":516,"height":76,"caption":"Diario Textual"},"image":{"@id":"https:\/\/diariotextual.com\/inicio\/#\/schema\/logo\/image\/"},"sameAs":["https:\/\/www.facebook.com\/eltextual","https:\/\/x.com\/eltextual","http:\/\/www.instagram.com\/eltextual"]},{"@type":"Person","@id":"https:\/\/diariotextual.com\/inicio\/#\/schema\/person\/418fc4093c33e86ed41562db3508f958","name":"Diario1 Diario1","image":{"@type":"ImageObject","inLanguage":"es","@id":"https:\/\/secure.gravatar.com\/avatar\/9167d280179c85bc18be67aa7eda765854300033af4896dd779b608640f2ef7a?s=96&d=mm&r=g","url":"https:\/\/secure.gravatar.com\/avatar\/9167d280179c85bc18be67aa7eda765854300033af4896dd779b608640f2ef7a?s=96&d=mm&r=g","contentUrl":"https:\/\/secure.gravatar.com\/avatar\/9167d280179c85bc18be67aa7eda765854300033af4896dd779b608640f2ef7a?s=96&d=mm&r=g","caption":"Diario1 Diario1"},"url":"https:\/\/diariotextual.com\/inicio\/index.php\/author\/diario1\/"}]}},"_links":{"self":[{"href":"https:\/\/diariotextual.com\/inicio\/index.php\/wp-json\/wp\/v2\/posts\/325777","targetHints":{"allow":["GET"]}}],"collection":[{"href":"https:\/\/diariotextual.com\/inicio\/index.php\/wp-json\/wp\/v2\/posts"}],"about":[{"href":"https:\/\/diariotextual.com\/inicio\/index.php\/wp-json\/wp\/v2\/types\/post"}],"author":[{"embeddable":true,"href":"https:\/\/diariotextual.com\/inicio\/index.php\/wp-json\/wp\/v2\/users\/3"}],"replies":[{"embeddable":true,"href":"https:\/\/diariotextual.com\/inicio\/index.php\/wp-json\/wp\/v2\/comments?post=325777"}],"version-history":[{"count":1,"href":"https:\/\/diariotextual.com\/inicio\/index.php\/wp-json\/wp\/v2\/posts\/325777\/revisions"}],"predecessor-version":[{"id":325778,"href":"https:\/\/diariotextual.com\/inicio\/index.php\/wp-json\/wp\/v2\/posts\/325777\/revisions\/325778"}],"wp:featuredmedia":[{"embeddable":true,"href":"https:\/\/diariotextual.com\/inicio\/index.php\/wp-json\/wp\/v2\/media\/325779"}],"wp:attachment":[{"href":"https:\/\/diariotextual.com\/inicio\/index.php\/wp-json\/wp\/v2\/media?parent=325777"}],"wp:term":[{"taxonomy":"category","embeddable":true,"href":"https:\/\/diariotextual.com\/inicio\/index.php\/wp-json\/wp\/v2\/categories?post=325777"},{"taxonomy":"post_tag","embeddable":true,"href":"https:\/\/diariotextual.com\/inicio\/index.php\/wp-json\/wp\/v2\/tags?post=325777"}],"curies":[{"name":"wp","href":"https:\/\/api.w.org\/{rel}","templated":true}]}}