{"id":325780,"date":"2026-04-26T19:22:10","date_gmt":"2026-04-26T22:22:10","guid":{"rendered":"https:\/\/diariotextual.com\/inicio\/?p=325780"},"modified":"2026-04-26T21:42:11","modified_gmt":"2026-04-27T00:42:11","slug":"sturzenegger-amenaza-con-pasar-mas-la-motosierra-en-el-smn-y-echar-al-85-del-personal","status":"publish","type":"post","link":"https:\/\/diariotextual.com\/inicio\/index.php\/2026\/04\/26\/sturzenegger-amenaza-con-pasar-mas-la-motosierra-en-el-smn-y-echar-al-85-del-personal\/","title":{"rendered":"Sturzenegger amenaza con seguir pasando la motosierra en el SMN y echar al 85% del personal"},"content":{"rendered":"\n<p>Luego de que el <strong>Gobierno<\/strong> despidi\u00f3 a <strong>140 personas<\/strong> del <strong>Servicio Meteorol\u00f3gico Nacional (SMN)<\/strong>, en el marco de un programa de \u201coptimizaci\u00f3n de recursos\u201d, el <strong>ministro de Desregulaci\u00f3n y Transformaci\u00f3n del Estado<\/strong>, <strong>Federico Sturzenegger<\/strong>, justific\u00f3 las desvinculaciones. \u201cLos millones de d\u00f3lares anuales que requieren esos sueldos es dinero que pagan otras familias\u201d, argument\u00f3 y detall\u00f3 las razones t\u00e9cnicas de la decisi\u00f3n.<\/p>\n\n\n\n<p>El funcionario brind\u00f3 explicaciones en un extenso mensaje en <strong>X<\/strong>, donde plante\u00f3 la necesidad de modernizar el <strong>SMN<\/strong> a partir de la reducci\u00f3n de personal con el fin de optimizar los recursos econ\u00f3micos. \u201c\u00bfDebiera el gobierno y el ej\u00e9rcito impulsar esta modernizaci\u00f3n? Sin duda. Tener un mejor SMN tiene muchas ventajas no solo para el ej\u00e9rcito sino para la poblaci\u00f3n civil\u201d, se pregunt\u00f3 y respondi\u00f3.<\/p>\n\n\n\n<p>Seg\u00fan el ministro, el organismo opera bajo un esquema que parece haberse detenido en el tiempo y prioriza procesos manuales por sobre la automatizaci\u00f3n que hoy es est\u00e1ndar global.<\/p>\n\n\n\n<div style=\"height:100px\" aria-hidden=\"true\" class=\"wp-block-spacer\"><\/div>\n\n\n\n<p><strong>El diagn\u00f3stico seg\u00fan Sturzenegger: mucho personal, poca tecnolog\u00eda<\/strong><\/p>\n\n\n\n<p>La estructura actual del <strong>SMN<\/strong>, de acuerdo con los datos presentados por el ministro, muestra una desproporci\u00f3n entre el personal de apoyo y el cuerpo profesional. \u201cEl SMN cuenta con unas 100 estaciones meteorol\u00f3gicas distribuidas a lo largo del pa\u00eds y unas 1.000 personas, de las cuales unos 20 son meteor\u00f3logos. Quiz\u00e1s llama la atenci\u00f3n tanta gente de apoyo a 20 meteor\u00f3logos, pero resulta que los datos -en la \u00e9poca de los sat\u00e9lites y las comunicaciones- se recogen manualmente (\u00bfc\u00f3mo?). Es que las estaciones no son un dechado de tecnolog\u00eda\u201d, sostuvo.<\/p>\n\n\n\n<p>Estas estaciones miden y registran variables como <strong>temperatura<\/strong>, <strong>humedad<\/strong>, <strong>presi\u00f3n<\/strong>, <strong>viento<\/strong> y <strong>precipitaciones<\/strong>. Sin embargo, el ministro aclar\u00f3 que \u201cla mayor\u00eda tiene m\u00e1s de 50 a\u00f1os y consta de un par de instrumentos muy sencillos\u201d. Por esa raz\u00f3n, los datos requieren una frecuencia horaria y demandan personal. \u201cSe necesitan 5 personas por estaci\u00f3n\u201d, indic\u00f3, y agreg\u00f3 que en la actualidad trabajan siete.<\/p>\n\n\n\n<p>\u201cEsas personas recogen los datos en planillas de papel, que luego vuelcan en un sistema computacional DOS para enviar al meteor\u00f3logo (s\u00ed, ese de tilde verde que supimos conocer en los albores de la computaci\u00f3n)\u201d, afirm\u00f3.<\/p>\n\n\n\n<p>\u201cEl absurdo es que los sueldos de esas 7 personas permiten pagar una estaci\u00f3n moderna (la mejor disponible a nivel mundial) que transmite esos datos y much\u00edsimos m\u00e1s a los meteor\u00f3logos en tiempo real, y sin necesidad de personal alguno. Es decir que podr\u00edamos modernizar dr\u00e1sticamente el SMN (necesario para emergencias y alertas), gastar solo una m\u00ednima fracci\u00f3n de lo que se gasta actualmente y ofrecer un mejor producto con mejor tecnolog\u00eda y unas 150 personas, en lugar de 1.000\u201d, continu\u00f3.<\/p>\n\n\n\n<div style=\"height:100px\" aria-hidden=\"true\" class=\"wp-block-spacer\"><\/div>\n\n\n\n<p><strong>El costo<\/strong><\/p>\n\n\n\n<p><strong>Sturzenegger<\/strong> plante\u00f3 que este modelo no solo es obsoleto, sino extremadamente costoso. \u201cLos sueldos de esas 7 personas (por estaci\u00f3n) permiten pagar una estaci\u00f3n moderna (la mejor disponible a nivel mundial) que transmite esos datos en tiempo real y sin necesidad de personal alguno\u201d.<\/p>\n\n\n\n<p>El ministro sostiene que el organismo podr\u00eda funcionar con mayor precisi\u00f3n y un presupuesto significativamente menor. Se\u00f1ala que podr\u00eda operar con unas <strong>150 personas<\/strong> en lugar de las <strong>1.000 actuales<\/strong> si se aplicara una <strong>modernizaci\u00f3n dr\u00e1stica<\/strong>.<\/p>\n\n\n\n<div style=\"height:100px\" aria-hidden=\"true\" class=\"wp-block-spacer\"><\/div>\n\n\n\n<p><strong>Productividad y seguridad nacional<\/strong><\/p>\n\n\n\n<p>La cr\u00edtica no se limita a lo presupuestario. El ministro vincula la falta de modernizaci\u00f3n con una mayor vulnerabilidad ante <strong>desastres clim\u00e1ticos<\/strong> y cita tragedias pasadas en <strong>La Plata<\/strong> y <strong>Bah\u00eda Blanca<\/strong>. Para el <strong>Gobierno<\/strong>, la desidia de gestiones anteriores en el \u00e1rea de <strong>Defensa<\/strong> dej\u00f3 a la poblaci\u00f3n desguarnecida en t\u00e9rminos de <strong>alertas tempranas<\/strong>.<\/p>\n\n\n\n<p><strong>Estos son los puntos clave de la propuesta de modernizaci\u00f3n<\/strong>:<\/p>\n\n\n\n<p>&#8211;<strong>Automatizaci\u00f3n<\/strong>: reemplazar instrumentos de hace medio siglo por sensores digitales de transmisi\u00f3n en tiempo real.<br>&#8211;<strong>Reducci\u00f3n de personal<\/strong>: reconvertir la estructura para pasar de un modelo de \u201crecolectores manuales\u201d a uno de an\u00e1lisis t\u00e9cnico.<br>&#8211;<strong>Eficiencia fiscal<\/strong>: el ahorro derivado de la reducci\u00f3n de salarios destinados a tareas mec\u00e1nicas podr\u00eda financiar la renovaci\u00f3n total de la red de estaciones.<\/p>\n\n\n\n<p>El cierre del mensaje del ministro refuerza el cambio de rumbo bajo la presidencia de <strong>Javier Milei<\/strong>. Se\u00f1ala que esta gesti\u00f3n busca poner \u201cracionalidad\u201d y \u201corden\u201d para mejorar tanto la productividad del <strong>Estado<\/strong> como la seguridad de los ciudadanos.<\/p>\n\n\n\n<p><\/p>\n\n\n\n<p><\/p>\n","protected":false},"excerpt":{"rendered":"<p>Luego de que el Gobierno despidi\u00f3 a 140 personas del Servicio Meteorol\u00f3gico Nacional (SMN), en el marco de un programa de \u201coptimizaci\u00f3n de recursos\u201d, el ministro de Desregulaci\u00f3n y Transformaci\u00f3n&hellip;<\/p>\n","protected":false},"author":3,"featured_media":325546,"comment_status":"closed","ping_status":"open","sticky":false,"template":"","format":"standard","meta":{"_acf_changed":false,"footnotes":""},"categories":[4,8],"tags":[],"class_list":["post-325780","post","type-post","status-publish","format-standard","has-post-thumbnail","hentry","category-destacadas","category-politica"],"acf":[],"yoast_head":"<!-- This site is optimized with the Yoast SEO plugin v27.4 - https:\/\/yoast.com\/product\/yoast-seo-wordpress\/ -->\n<title>Sturzenegger amenaza con seguir pasando la motosierra en el SMN y echar al 85% del personal - Diario Textual<\/title>\n<meta name=\"robots\" content=\"index, follow, max-snippet:-1, max-image-preview:large, max-video-preview:-1\" \/>\n<link rel=\"canonical\" href=\"https:\/\/diariotextual.com\/inicio\/index.php\/2026\/04\/26\/sturzenegger-amenaza-con-pasar-mas-la-motosierra-en-el-smn-y-echar-al-85-del-personal\/\" \/>\n<meta property=\"og:locale\" content=\"es_ES\" \/>\n<meta property=\"og:type\" content=\"article\" \/>\n<meta property=\"og:title\" content=\"Sturzenegger amenaza con seguir pasando la motosierra en el SMN y echar al 85% del personal - Diario Textual\" \/>\n<meta property=\"og:description\" content=\"Luego de que el Gobierno despidi\u00f3 a 140 personas del Servicio Meteorol\u00f3gico Nacional (SMN), en el marco de un programa de \u201coptimizaci\u00f3n de recursos\u201d, el ministro de Desregulaci\u00f3n y Transformaci\u00f3n&hellip;\" \/>\n<meta property=\"og:url\" content=\"https:\/\/diariotextual.com\/inicio\/index.php\/2026\/04\/26\/sturzenegger-amenaza-con-pasar-mas-la-motosierra-en-el-smn-y-echar-al-85-del-personal\/\" \/>\n<meta property=\"og:site_name\" content=\"Diario Textual\" \/>\n<meta property=\"article:publisher\" content=\"https:\/\/www.facebook.com\/eltextual\" \/>\n<meta property=\"article:published_time\" content=\"2026-04-26T22:22:10+00:00\" \/>\n<meta property=\"article:modified_time\" content=\"2026-04-27T00:42:11+00:00\" \/>\n<meta property=\"og:image\" content=\"https:\/\/diariotextual.com\/inicio\/wp-content\/uploads\/2026\/04\/smncartelnoadespidos.jpg\" \/>\n\t<meta property=\"og:image:width\" content=\"1200\" \/>\n\t<meta property=\"og:image:height\" content=\"900\" \/>\n\t<meta property=\"og:image:type\" content=\"image\/jpeg\" \/>\n<meta name=\"author\" content=\"Diario1 Diario1\" \/>\n<meta name=\"twitter:card\" content=\"summary_large_image\" \/>\n<meta name=\"twitter:creator\" content=\"@eltextual\" \/>\n<meta name=\"twitter:site\" content=\"@eltextual\" \/>\n<meta name=\"twitter:label1\" content=\"Escrito por\" \/>\n\t<meta name=\"twitter:data1\" content=\"Diario1 Diario1\" \/>\n\t<meta name=\"twitter:label2\" content=\"Tiempo de lectura\" \/>\n\t<meta name=\"twitter:data2\" content=\"4 minutos\" \/>\n<script type=\"application\/ld+json\" class=\"yoast-schema-graph\">{\"@context\":\"https:\\\/\\\/schema.org\",\"@graph\":[{\"@type\":\"Article\",\"@id\":\"https:\\\/\\\/diariotextual.com\\\/inicio\\\/index.php\\\/2026\\\/04\\\/26\\\/sturzenegger-amenaza-con-pasar-mas-la-motosierra-en-el-smn-y-echar-al-85-del-personal\\\/#article\",\"isPartOf\":{\"@id\":\"https:\\\/\\\/diariotextual.com\\\/inicio\\\/index.php\\\/2026\\\/04\\\/26\\\/sturzenegger-amenaza-con-pasar-mas-la-motosierra-en-el-smn-y-echar-al-85-del-personal\\\/\"},\"author\":{\"name\":\"Diario1 Diario1\",\"@id\":\"https:\\\/\\\/diariotextual.com\\\/inicio\\\/#\\\/schema\\\/person\\\/418fc4093c33e86ed41562db3508f958\"},\"headline\":\"Sturzenegger amenaza con seguir pasando la motosierra en el SMN y echar al 85% del personal\",\"datePublished\":\"2026-04-26T22:22:10+00:00\",\"dateModified\":\"2026-04-27T00:42:11+00:00\",\"mainEntityOfPage\":{\"@id\":\"https:\\\/\\\/diariotextual.com\\\/inicio\\\/index.php\\\/2026\\\/04\\\/26\\\/sturzenegger-amenaza-con-pasar-mas-la-motosierra-en-el-smn-y-echar-al-85-del-personal\\\/\"},\"wordCount\":755,\"publisher\":{\"@id\":\"https:\\\/\\\/diariotextual.com\\\/inicio\\\/#organization\"},\"image\":{\"@id\":\"https:\\\/\\\/diariotextual.com\\\/inicio\\\/index.php\\\/2026\\\/04\\\/26\\\/sturzenegger-amenaza-con-pasar-mas-la-motosierra-en-el-smn-y-echar-al-85-del-personal\\\/#primaryimage\"},\"thumbnailUrl\":\"https:\\\/\\\/diariotextual.com\\\/inicio\\\/wp-content\\\/uploads\\\/2026\\\/04\\\/smncartelnoadespidos.jpg\",\"articleSection\":[\"A - DESTACADAS (mod 16)\",\"POLITICA\"],\"inLanguage\":\"es\"},{\"@type\":\"WebPage\",\"@id\":\"https:\\\/\\\/diariotextual.com\\\/inicio\\\/index.php\\\/2026\\\/04\\\/26\\\/sturzenegger-amenaza-con-pasar-mas-la-motosierra-en-el-smn-y-echar-al-85-del-personal\\\/\",\"url\":\"https:\\\/\\\/diariotextual.com\\\/inicio\\\/index.php\\\/2026\\\/04\\\/26\\\/sturzenegger-amenaza-con-pasar-mas-la-motosierra-en-el-smn-y-echar-al-85-del-personal\\\/\",\"name\":\"Sturzenegger amenaza con seguir pasando la motosierra en el SMN y echar al 85% del personal - Diario Textual\",\"isPartOf\":{\"@id\":\"https:\\\/\\\/diariotextual.com\\\/inicio\\\/#website\"},\"primaryImageOfPage\":{\"@id\":\"https:\\\/\\\/diariotextual.com\\\/inicio\\\/index.php\\\/2026\\\/04\\\/26\\\/sturzenegger-amenaza-con-pasar-mas-la-motosierra-en-el-smn-y-echar-al-85-del-personal\\\/#primaryimage\"},\"image\":{\"@id\":\"https:\\\/\\\/diariotextual.com\\\/inicio\\\/index.php\\\/2026\\\/04\\\/26\\\/sturzenegger-amenaza-con-pasar-mas-la-motosierra-en-el-smn-y-echar-al-85-del-personal\\\/#primaryimage\"},\"thumbnailUrl\":\"https:\\\/\\\/diariotextual.com\\\/inicio\\\/wp-content\\\/uploads\\\/2026\\\/04\\\/smncartelnoadespidos.jpg\",\"datePublished\":\"2026-04-26T22:22:10+00:00\",\"dateModified\":\"2026-04-27T00:42:11+00:00\",\"breadcrumb\":{\"@id\":\"https:\\\/\\\/diariotextual.com\\\/inicio\\\/index.php\\\/2026\\\/04\\\/26\\\/sturzenegger-amenaza-con-pasar-mas-la-motosierra-en-el-smn-y-echar-al-85-del-personal\\\/#breadcrumb\"},\"inLanguage\":\"es\",\"potentialAction\":[{\"@type\":\"ReadAction\",\"target\":[\"https:\\\/\\\/diariotextual.com\\\/inicio\\\/index.php\\\/2026\\\/04\\\/26\\\/sturzenegger-amenaza-con-pasar-mas-la-motosierra-en-el-smn-y-echar-al-85-del-personal\\\/\"]}]},{\"@type\":\"ImageObject\",\"inLanguage\":\"es\",\"@id\":\"https:\\\/\\\/diariotextual.com\\\/inicio\\\/index.php\\\/2026\\\/04\\\/26\\\/sturzenegger-amenaza-con-pasar-mas-la-motosierra-en-el-smn-y-echar-al-85-del-personal\\\/#primaryimage\",\"url\":\"https:\\\/\\\/diariotextual.com\\\/inicio\\\/wp-content\\\/uploads\\\/2026\\\/04\\\/smncartelnoadespidos.jpg\",\"contentUrl\":\"https:\\\/\\\/diariotextual.com\\\/inicio\\\/wp-content\\\/uploads\\\/2026\\\/04\\\/smncartelnoadespidos.jpg\",\"width\":1200,\"height\":900},{\"@type\":\"BreadcrumbList\",\"@id\":\"https:\\\/\\\/diariotextual.com\\\/inicio\\\/index.php\\\/2026\\\/04\\\/26\\\/sturzenegger-amenaza-con-pasar-mas-la-motosierra-en-el-smn-y-echar-al-85-del-personal\\\/#breadcrumb\",\"itemListElement\":[{\"@type\":\"ListItem\",\"position\":1,\"name\":\"Portada\",\"item\":\"https:\\\/\\\/diariotextual.com\\\/inicio\\\/\"},{\"@type\":\"ListItem\",\"position\":2,\"name\":\"Sturzenegger amenaza con seguir pasando la motosierra en el SMN y echar al 85% del personal\"}]},{\"@type\":\"WebSite\",\"@id\":\"https:\\\/\\\/diariotextual.com\\\/inicio\\\/#website\",\"url\":\"https:\\\/\\\/diariotextual.com\\\/inicio\\\/\",\"name\":\"Diario Textual\",\"description\":\"\",\"publisher\":{\"@id\":\"https:\\\/\\\/diariotextual.com\\\/inicio\\\/#organization\"},\"potentialAction\":[{\"@type\":\"SearchAction\",\"target\":{\"@type\":\"EntryPoint\",\"urlTemplate\":\"https:\\\/\\\/diariotextual.com\\\/inicio\\\/?s={search_term_string}\"},\"query-input\":{\"@type\":\"PropertyValueSpecification\",\"valueRequired\":true,\"valueName\":\"search_term_string\"}}],\"inLanguage\":\"es\"},{\"@type\":\"Organization\",\"@id\":\"https:\\\/\\\/diariotextual.com\\\/inicio\\\/#organization\",\"name\":\"Diario Textual\",\"url\":\"https:\\\/\\\/diariotextual.com\\\/inicio\\\/\",\"logo\":{\"@type\":\"ImageObject\",\"inLanguage\":\"es\",\"@id\":\"https:\\\/\\\/diariotextual.com\\\/inicio\\\/#\\\/schema\\\/logo\\\/image\\\/\",\"url\":\"https:\\\/\\\/diariotextual.com\\\/inicio\\\/wp-content\\\/uploads\\\/2023\\\/05\\\/logotextual1.jpg\",\"contentUrl\":\"https:\\\/\\\/diariotextual.com\\\/inicio\\\/wp-content\\\/uploads\\\/2023\\\/05\\\/logotextual1.jpg\",\"width\":516,\"height\":76,\"caption\":\"Diario Textual\"},\"image\":{\"@id\":\"https:\\\/\\\/diariotextual.com\\\/inicio\\\/#\\\/schema\\\/logo\\\/image\\\/\"},\"sameAs\":[\"https:\\\/\\\/www.facebook.com\\\/eltextual\",\"https:\\\/\\\/x.com\\\/eltextual\",\"http:\\\/\\\/www.instagram.com\\\/eltextual\"]},{\"@type\":\"Person\",\"@id\":\"https:\\\/\\\/diariotextual.com\\\/inicio\\\/#\\\/schema\\\/person\\\/418fc4093c33e86ed41562db3508f958\",\"name\":\"Diario1 Diario1\",\"image\":{\"@type\":\"ImageObject\",\"inLanguage\":\"es\",\"@id\":\"https:\\\/\\\/secure.gravatar.com\\\/avatar\\\/9167d280179c85bc18be67aa7eda765854300033af4896dd779b608640f2ef7a?s=96&d=mm&r=g\",\"url\":\"https:\\\/\\\/secure.gravatar.com\\\/avatar\\\/9167d280179c85bc18be67aa7eda765854300033af4896dd779b608640f2ef7a?s=96&d=mm&r=g\",\"contentUrl\":\"https:\\\/\\\/secure.gravatar.com\\\/avatar\\\/9167d280179c85bc18be67aa7eda765854300033af4896dd779b608640f2ef7a?s=96&d=mm&r=g\",\"caption\":\"Diario1 Diario1\"},\"url\":\"https:\\\/\\\/diariotextual.com\\\/inicio\\\/index.php\\\/author\\\/diario1\\\/\"}]}<\/script>\n<!-- \/ Yoast SEO plugin. -->","yoast_head_json":{"title":"Sturzenegger amenaza con seguir pasando la motosierra en el SMN y echar al 85% del personal - Diario Textual","robots":{"index":"index","follow":"follow","max-snippet":"max-snippet:-1","max-image-preview":"max-image-preview:large","max-video-preview":"max-video-preview:-1"},"canonical":"https:\/\/diariotextual.com\/inicio\/index.php\/2026\/04\/26\/sturzenegger-amenaza-con-pasar-mas-la-motosierra-en-el-smn-y-echar-al-85-del-personal\/","og_locale":"es_ES","og_type":"article","og_title":"Sturzenegger amenaza con seguir pasando la motosierra en el SMN y echar al 85% del personal - Diario Textual","og_description":"Luego de que el Gobierno despidi\u00f3 a 140 personas del Servicio Meteorol\u00f3gico Nacional (SMN), en el marco de un programa de \u201coptimizaci\u00f3n de recursos\u201d, el ministro de Desregulaci\u00f3n y Transformaci\u00f3n&hellip;","og_url":"https:\/\/diariotextual.com\/inicio\/index.php\/2026\/04\/26\/sturzenegger-amenaza-con-pasar-mas-la-motosierra-en-el-smn-y-echar-al-85-del-personal\/","og_site_name":"Diario Textual","article_publisher":"https:\/\/www.facebook.com\/eltextual","article_published_time":"2026-04-26T22:22:10+00:00","article_modified_time":"2026-04-27T00:42:11+00:00","og_image":[{"width":1200,"height":900,"url":"https:\/\/diariotextual.com\/inicio\/wp-content\/uploads\/2026\/04\/smncartelnoadespidos.jpg","type":"image\/jpeg"}],"author":"Diario1 Diario1","twitter_card":"summary_large_image","twitter_creator":"@eltextual","twitter_site":"@eltextual","twitter_misc":{"Escrito por":"Diario1 Diario1","Tiempo de lectura":"4 minutos"},"schema":{"@context":"https:\/\/schema.org","@graph":[{"@type":"Article","@id":"https:\/\/diariotextual.com\/inicio\/index.php\/2026\/04\/26\/sturzenegger-amenaza-con-pasar-mas-la-motosierra-en-el-smn-y-echar-al-85-del-personal\/#article","isPartOf":{"@id":"https:\/\/diariotextual.com\/inicio\/index.php\/2026\/04\/26\/sturzenegger-amenaza-con-pasar-mas-la-motosierra-en-el-smn-y-echar-al-85-del-personal\/"},"author":{"name":"Diario1 Diario1","@id":"https:\/\/diariotextual.com\/inicio\/#\/schema\/person\/418fc4093c33e86ed41562db3508f958"},"headline":"Sturzenegger amenaza con seguir pasando la motosierra en el SMN y echar al 85% del personal","datePublished":"2026-04-26T22:22:10+00:00","dateModified":"2026-04-27T00:42:11+00:00","mainEntityOfPage":{"@id":"https:\/\/diariotextual.com\/inicio\/index.php\/2026\/04\/26\/sturzenegger-amenaza-con-pasar-mas-la-motosierra-en-el-smn-y-echar-al-85-del-personal\/"},"wordCount":755,"publisher":{"@id":"https:\/\/diariotextual.com\/inicio\/#organization"},"image":{"@id":"https:\/\/diariotextual.com\/inicio\/index.php\/2026\/04\/26\/sturzenegger-amenaza-con-pasar-mas-la-motosierra-en-el-smn-y-echar-al-85-del-personal\/#primaryimage"},"thumbnailUrl":"https:\/\/diariotextual.com\/inicio\/wp-content\/uploads\/2026\/04\/smncartelnoadespidos.jpg","articleSection":["A - DESTACADAS (mod 16)","POLITICA"],"inLanguage":"es"},{"@type":"WebPage","@id":"https:\/\/diariotextual.com\/inicio\/index.php\/2026\/04\/26\/sturzenegger-amenaza-con-pasar-mas-la-motosierra-en-el-smn-y-echar-al-85-del-personal\/","url":"https:\/\/diariotextual.com\/inicio\/index.php\/2026\/04\/26\/sturzenegger-amenaza-con-pasar-mas-la-motosierra-en-el-smn-y-echar-al-85-del-personal\/","name":"Sturzenegger amenaza con seguir pasando la motosierra en el SMN y echar al 85% del personal - Diario Textual","isPartOf":{"@id":"https:\/\/diariotextual.com\/inicio\/#website"},"primaryImageOfPage":{"@id":"https:\/\/diariotextual.com\/inicio\/index.php\/2026\/04\/26\/sturzenegger-amenaza-con-pasar-mas-la-motosierra-en-el-smn-y-echar-al-85-del-personal\/#primaryimage"},"image":{"@id":"https:\/\/diariotextual.com\/inicio\/index.php\/2026\/04\/26\/sturzenegger-amenaza-con-pasar-mas-la-motosierra-en-el-smn-y-echar-al-85-del-personal\/#primaryimage"},"thumbnailUrl":"https:\/\/diariotextual.com\/inicio\/wp-content\/uploads\/2026\/04\/smncartelnoadespidos.jpg","datePublished":"2026-04-26T22:22:10+00:00","dateModified":"2026-04-27T00:42:11+00:00","breadcrumb":{"@id":"https:\/\/diariotextual.com\/inicio\/index.php\/2026\/04\/26\/sturzenegger-amenaza-con-pasar-mas-la-motosierra-en-el-smn-y-echar-al-85-del-personal\/#breadcrumb"},"inLanguage":"es","potentialAction":[{"@type":"ReadAction","target":["https:\/\/diariotextual.com\/inicio\/index.php\/2026\/04\/26\/sturzenegger-amenaza-con-pasar-mas-la-motosierra-en-el-smn-y-echar-al-85-del-personal\/"]}]},{"@type":"ImageObject","inLanguage":"es","@id":"https:\/\/diariotextual.com\/inicio\/index.php\/2026\/04\/26\/sturzenegger-amenaza-con-pasar-mas-la-motosierra-en-el-smn-y-echar-al-85-del-personal\/#primaryimage","url":"https:\/\/diariotextual.com\/inicio\/wp-content\/uploads\/2026\/04\/smncartelnoadespidos.jpg","contentUrl":"https:\/\/diariotextual.com\/inicio\/wp-content\/uploads\/2026\/04\/smncartelnoadespidos.jpg","width":1200,"height":900},{"@type":"BreadcrumbList","@id":"https:\/\/diariotextual.com\/inicio\/index.php\/2026\/04\/26\/sturzenegger-amenaza-con-pasar-mas-la-motosierra-en-el-smn-y-echar-al-85-del-personal\/#breadcrumb","itemListElement":[{"@type":"ListItem","position":1,"name":"Portada","item":"https:\/\/diariotextual.com\/inicio\/"},{"@type":"ListItem","position":2,"name":"Sturzenegger amenaza con seguir pasando la motosierra en el SMN y echar al 85% del personal"}]},{"@type":"WebSite","@id":"https:\/\/diariotextual.com\/inicio\/#website","url":"https:\/\/diariotextual.com\/inicio\/","name":"Diario Textual","description":"","publisher":{"@id":"https:\/\/diariotextual.com\/inicio\/#organization"},"potentialAction":[{"@type":"SearchAction","target":{"@type":"EntryPoint","urlTemplate":"https:\/\/diariotextual.com\/inicio\/?s={search_term_string}"},"query-input":{"@type":"PropertyValueSpecification","valueRequired":true,"valueName":"search_term_string"}}],"inLanguage":"es"},{"@type":"Organization","@id":"https:\/\/diariotextual.com\/inicio\/#organization","name":"Diario Textual","url":"https:\/\/diariotextual.com\/inicio\/","logo":{"@type":"ImageObject","inLanguage":"es","@id":"https:\/\/diariotextual.com\/inicio\/#\/schema\/logo\/image\/","url":"https:\/\/diariotextual.com\/inicio\/wp-content\/uploads\/2023\/05\/logotextual1.jpg","contentUrl":"https:\/\/diariotextual.com\/inicio\/wp-content\/uploads\/2023\/05\/logotextual1.jpg","width":516,"height":76,"caption":"Diario Textual"},"image":{"@id":"https:\/\/diariotextual.com\/inicio\/#\/schema\/logo\/image\/"},"sameAs":["https:\/\/www.facebook.com\/eltextual","https:\/\/x.com\/eltextual","http:\/\/www.instagram.com\/eltextual"]},{"@type":"Person","@id":"https:\/\/diariotextual.com\/inicio\/#\/schema\/person\/418fc4093c33e86ed41562db3508f958","name":"Diario1 Diario1","image":{"@type":"ImageObject","inLanguage":"es","@id":"https:\/\/secure.gravatar.com\/avatar\/9167d280179c85bc18be67aa7eda765854300033af4896dd779b608640f2ef7a?s=96&d=mm&r=g","url":"https:\/\/secure.gravatar.com\/avatar\/9167d280179c85bc18be67aa7eda765854300033af4896dd779b608640f2ef7a?s=96&d=mm&r=g","contentUrl":"https:\/\/secure.gravatar.com\/avatar\/9167d280179c85bc18be67aa7eda765854300033af4896dd779b608640f2ef7a?s=96&d=mm&r=g","caption":"Diario1 Diario1"},"url":"https:\/\/diariotextual.com\/inicio\/index.php\/author\/diario1\/"}]}},"_links":{"self":[{"href":"https:\/\/diariotextual.com\/inicio\/index.php\/wp-json\/wp\/v2\/posts\/325780","targetHints":{"allow":["GET"]}}],"collection":[{"href":"https:\/\/diariotextual.com\/inicio\/index.php\/wp-json\/wp\/v2\/posts"}],"about":[{"href":"https:\/\/diariotextual.com\/inicio\/index.php\/wp-json\/wp\/v2\/types\/post"}],"author":[{"embeddable":true,"href":"https:\/\/diariotextual.com\/inicio\/index.php\/wp-json\/wp\/v2\/users\/3"}],"replies":[{"embeddable":true,"href":"https:\/\/diariotextual.com\/inicio\/index.php\/wp-json\/wp\/v2\/comments?post=325780"}],"version-history":[{"count":3,"href":"https:\/\/diariotextual.com\/inicio\/index.php\/wp-json\/wp\/v2\/posts\/325780\/revisions"}],"predecessor-version":[{"id":325783,"href":"https:\/\/diariotextual.com\/inicio\/index.php\/wp-json\/wp\/v2\/posts\/325780\/revisions\/325783"}],"wp:featuredmedia":[{"embeddable":true,"href":"https:\/\/diariotextual.com\/inicio\/index.php\/wp-json\/wp\/v2\/media\/325546"}],"wp:attachment":[{"href":"https:\/\/diariotextual.com\/inicio\/index.php\/wp-json\/wp\/v2\/media?parent=325780"}],"wp:term":[{"taxonomy":"category","embeddable":true,"href":"https:\/\/diariotextual.com\/inicio\/index.php\/wp-json\/wp\/v2\/categories?post=325780"},{"taxonomy":"post_tag","embeddable":true,"href":"https:\/\/diariotextual.com\/inicio\/index.php\/wp-json\/wp\/v2\/tags?post=325780"}],"curies":[{"name":"wp","href":"https:\/\/api.w.org\/{rel}","templated":true}]}}