{"id":325787,"date":"2026-04-27T04:29:23","date_gmt":"2026-04-27T07:29:23","guid":{"rendered":"https:\/\/diariotextual.com\/inicio\/?p=325787"},"modified":"2026-04-27T04:29:25","modified_gmt":"2026-04-27T07:29:25","slug":"atados-con-alambre-la-alianza-imposible-entre-la-ucr-y-la-libertad-avanza","status":"publish","type":"post","link":"https:\/\/diariotextual.com\/inicio\/index.php\/2026\/04\/27\/atados-con-alambre-la-alianza-imposible-entre-la-ucr-y-la-libertad-avanza\/","title":{"rendered":"Atados con alambre: la alianza imposible entre la UCR y La Libertad Avanza"},"content":{"rendered":"\n<p><strong>Por Norberto G. Asquini<\/strong><\/p>\n\n\n\n<p>El escenario pol\u00edtico actual expone fisuras que, hasta hace poco, algunos intentaban disimular en un posible gran frente <strong>antiperonista<\/strong> en <strong>La Pampa<\/strong>. La ca\u00edda en el apoyo al presidente <strong>Javier Milei<\/strong>, en medio de la <strong>recesi\u00f3n<\/strong>, la <strong>inflaci\u00f3n en alza<\/strong> y los <strong>esc\u00e1ndalos de corrupci\u00f3n<\/strong> que golpean a su gobierno, oblig\u00f3 a recalcular sus pasos a la <strong>Uni\u00f3n C\u00edvica Radical<\/strong> en <strong>La Pampa<\/strong>. El <strong>radicalismo<\/strong> levant\u00f3 el pie del acelerador en la idea de un frente con <strong>La Libertad Avanza<\/strong> para <strong>2027<\/strong>, que, en teor\u00eda, deber\u00eda reunir a todo el <strong>antiperonismo<\/strong>. Y <strong>LLA<\/strong> parece hacer otro poco.<\/p>\n\n\n\n<p><\/p>\n\n\n\n<p>La necesidad de confluir es una <strong>necesidad electoral<\/strong> para ambos si quieren destronar al <strong>peronismo pampeano<\/strong>, invicto desde <strong>1983<\/strong>. Sin embargo, la <strong>pol\u00edtica<\/strong> no es aritm\u00e9tica. Dentro del <strong>radicalismo<\/strong> conviven dos miradas: un sector que empuja el <strong>acuerdo sin matices<\/strong> y que se ve interpelado por la realidad, y otro que observa ese escenario con <strong>desconfianza<\/strong>. No se trata \u00fanicamente del momento pol\u00edtico, sino de algo m\u00e1s estructural: la <strong>incompatibilidad entre proyectos<\/strong>.<\/p>\n\n\n\n<p>La pregunta central es sobre el <strong>rol del Estado<\/strong>. Mientras el <strong>radicalismo<\/strong> propone <strong>reformarlo, modernizarlo y sostener su presencia<\/strong>, el <strong>ideario libertario<\/strong> apunta a <strong>desmantelarlo<\/strong>. No es una diferencia menor. Es una <strong>grieta conceptual<\/strong>. Y cada vez que los dirigentes abren la boca, esa grieta se ensancha.<\/p>\n\n\n\n<p>La <strong>UCR<\/strong> gobierna <strong>municipios<\/strong>. Tiene <strong>intendentes<\/strong> que gestionan, que administran <strong>recursos<\/strong>, que enfrentan <strong>demandas concretas<\/strong>. Tambi\u00e9n que articulan con intendentes del <strong>PRO<\/strong>, que conocen el <strong>funcionamiento estatal<\/strong>. En la vereda opuesta, los referentes de <strong>La Libertad Avanza<\/strong> construyen su discurso desde una l\u00f3gica <strong>antiestado<\/strong>, sin <strong>experiencia de gesti\u00f3n<\/strong> y con una narrativa que replica <strong>f\u00f3rmulas nacionales<\/strong>. All\u00ed aparece el choque: no solo de ideas, sino de <strong>trayectorias<\/strong>. Por eso el acercamiento entre <strong>LLA<\/strong> y otros indeseables de la pol\u00edtica como la <strong>pyme familiar de Comunidad Organizada<\/strong>. Por eso las <strong>aprehensiones de los intendentes<\/strong>.<\/p>\n\n\n\n<div style=\"height:100px\" aria-hidden=\"true\" class=\"wp-block-spacer\"><\/div>\n\n\n\n<p><strong>Un Frankestein pol\u00edtico<\/strong><\/p>\n\n\n\n<p>El conflicto tambi\u00e9n se expresa en el <strong>campo<\/strong>, uno de los pocos territorios donde podr\u00edan encontrarse. \u00bfEs lo mismo lo que piensa <strong>Ulises \u201cChito\u201d Forte<\/strong>, desde la <strong>Federaci\u00f3n Agraria Argentina<\/strong>, cr\u00edtico de <strong>Milei<\/strong>, que el mile\u00edsta <strong>Federico Cobreros<\/strong>, presidente de la <strong>Rural de Quem\u00fa<\/strong>? La respuesta parece evidente. Incluso en ese punto de contacto, las <strong>diferencias<\/strong> emergen con fuerza.<\/p>\n\n\n\n<p>El armado de una alianza bajo estas condiciones se asemeja a un <strong>Frankenstein pol\u00edtico<\/strong>. Piezas que no terminan de encajar, unidas m\u00e1s por la <strong>necesidad de ganar<\/strong> que por una <strong>visi\u00f3n compartida<\/strong>. La pregunta inevitable es qu\u00e9 ocurrir\u00eda despu\u00e9s. C\u00f3mo <strong>gobernar con contradicciones de base<\/strong>. C\u00f3mo sostener <strong>promesas<\/strong> sin traicionar a alguno de los sectores. C\u00f3mo lograr hacer una <strong>campa\u00f1a electoral<\/strong> sin chocarse cada vez que se quiere dar un paso.<\/p>\n\n\n\n<div style=\"height:100px\" aria-hidden=\"true\" class=\"wp-block-spacer\"><\/div>\n\n\n\n<p><strong>Diferencias, y m\u00e1s diferencias<\/strong><\/p>\n\n\n\n<p>Las tensiones tambi\u00e9n bajan a tierra en casos concretos. Mientras el diputado libertario <strong>Adri\u00e1n Ravier<\/strong> respalda la <strong>Ley de Glaciares<\/strong> casi con una devoci\u00f3n est\u00fapida, el radical <strong>Mart\u00edn Berhongaray<\/strong>, posible <strong>candidato a gobernador<\/strong>, construy\u00f3 su perfil pol\u00edtico en defensa de los <strong>r\u00edos pampeanos<\/strong>. En paralelo, <strong>Ravier<\/strong> impulsa los <strong>recortes en las universidades p\u00fablicas<\/strong> (las mismas que le pagan un sueldo), mientras <strong>Franja Morada<\/strong>, brazo hist\u00f3rico del <strong>radicalismo<\/strong>, se moviliza en contra de esas pol\u00edticas en la <strong>UNLPam<\/strong>.<\/p>\n\n\n\n<p>Y rascando a\u00fan m\u00e1s, la contradicci\u00f3n se vuelve m\u00e1s evidente cuando se observa el discurso sobre el <strong>empleo<\/strong> y la <strong>producci\u00f3n<\/strong>. En reuniones recientes, como la encabezada por <strong>Berhongaray<\/strong> en <strong>Alta Italia<\/strong>, los <strong>radicales<\/strong> plantearon la necesidad de fomentar la <strong>radicaci\u00f3n de industrias<\/strong> y generar <strong>trabajo<\/strong>. Pero ese objetivo requiere un <strong>Estado activo<\/strong>, <strong>incentivos<\/strong> y <strong>planificaci\u00f3n<\/strong>. Todo lo que el <strong>ideario libertario<\/strong> cuestiona.<\/p>\n\n\n\n<p>As\u00ed, la alianza aparece <strong>atada con alambre<\/strong>. Sostenida por la <strong>urgencia electoral<\/strong>, pero debilitada por <strong>diferencias profundas<\/strong>. En pol\u00edtica, las <strong>construcciones forzadas<\/strong> suelen tener <strong>fecha de vencimiento<\/strong>. Y en este caso, antes de nacer, el proyecto ya muestra sus <strong>l\u00edmites<\/strong>.<\/p>\n\n\n\n<p><\/p>\n","protected":false},"excerpt":{"rendered":"<p>Por Norberto G. Asquini El escenario pol\u00edtico actual expone fisuras que, hasta hace poco, algunos intentaban disimular en un posible gran frente antiperonista en La Pampa. La ca\u00edda en el&hellip;<\/p>\n","protected":false},"author":3,"featured_media":325794,"comment_status":"closed","ping_status":"open","sticky":false,"template":"","format":"standard","meta":{"_acf_changed":false,"footnotes":""},"categories":[9,8],"tags":[],"class_list":["post-325787","post","type-post","status-publish","format-standard","has-post-thumbnail","hentry","category-portada","category-politica"],"acf":[],"yoast_head":"<!-- This site is optimized with the Yoast SEO plugin v27.4 - https:\/\/yoast.com\/product\/yoast-seo-wordpress\/ -->\n<title>Atados con alambre: la alianza imposible entre la UCR y La Libertad Avanza - Diario Textual<\/title>\n<meta name=\"robots\" content=\"index, follow, max-snippet:-1, max-image-preview:large, max-video-preview:-1\" \/>\n<link rel=\"canonical\" href=\"https:\/\/diariotextual.com\/inicio\/index.php\/2026\/04\/27\/atados-con-alambre-la-alianza-imposible-entre-la-ucr-y-la-libertad-avanza\/\" \/>\n<meta property=\"og:locale\" content=\"es_ES\" \/>\n<meta property=\"og:type\" content=\"article\" \/>\n<meta property=\"og:title\" content=\"Atados con alambre: la alianza imposible entre la UCR y La Libertad Avanza - Diario Textual\" \/>\n<meta property=\"og:description\" content=\"Por Norberto G. Asquini El escenario pol\u00edtico actual expone fisuras que, hasta hace poco, algunos intentaban disimular en un posible gran frente antiperonista en La Pampa. La ca\u00edda en el&hellip;\" \/>\n<meta property=\"og:url\" content=\"https:\/\/diariotextual.com\/inicio\/index.php\/2026\/04\/27\/atados-con-alambre-la-alianza-imposible-entre-la-ucr-y-la-libertad-avanza\/\" \/>\n<meta property=\"og:site_name\" content=\"Diario Textual\" \/>\n<meta property=\"article:publisher\" content=\"https:\/\/www.facebook.com\/eltextual\" \/>\n<meta property=\"article:published_time\" content=\"2026-04-27T07:29:23+00:00\" \/>\n<meta property=\"article:modified_time\" content=\"2026-04-27T07:29:25+00:00\" \/>\n<meta property=\"og:image\" content=\"https:\/\/diariotextual.com\/inicio\/wp-content\/uploads\/2026\/04\/berhongarayravierilustracionia2026-21.jpg\" \/>\n\t<meta property=\"og:image:width\" content=\"1200\" \/>\n\t<meta property=\"og:image:height\" content=\"800\" \/>\n\t<meta property=\"og:image:type\" content=\"image\/jpeg\" \/>\n<meta name=\"author\" content=\"Diario1 Diario1\" \/>\n<meta name=\"twitter:card\" content=\"summary_large_image\" \/>\n<meta name=\"twitter:creator\" content=\"@eltextual\" \/>\n<meta name=\"twitter:site\" content=\"@eltextual\" \/>\n<meta name=\"twitter:label1\" content=\"Escrito por\" \/>\n\t<meta name=\"twitter:data1\" content=\"Diario1 Diario1\" \/>\n\t<meta name=\"twitter:label2\" content=\"Tiempo de lectura\" \/>\n\t<meta name=\"twitter:data2\" content=\"1 minuto\" \/>\n<script type=\"application\/ld+json\" class=\"yoast-schema-graph\">{\"@context\":\"https:\\\/\\\/schema.org\",\"@graph\":[{\"@type\":\"Article\",\"@id\":\"https:\\\/\\\/diariotextual.com\\\/inicio\\\/index.php\\\/2026\\\/04\\\/27\\\/atados-con-alambre-la-alianza-imposible-entre-la-ucr-y-la-libertad-avanza\\\/#article\",\"isPartOf\":{\"@id\":\"https:\\\/\\\/diariotextual.com\\\/inicio\\\/index.php\\\/2026\\\/04\\\/27\\\/atados-con-alambre-la-alianza-imposible-entre-la-ucr-y-la-libertad-avanza\\\/\"},\"author\":{\"name\":\"Diario1 Diario1\",\"@id\":\"https:\\\/\\\/diariotextual.com\\\/inicio\\\/#\\\/schema\\\/person\\\/418fc4093c33e86ed41562db3508f958\"},\"headline\":\"Atados con alambre: la alianza imposible entre la UCR y La Libertad Avanza\",\"datePublished\":\"2026-04-27T07:29:23+00:00\",\"dateModified\":\"2026-04-27T07:29:25+00:00\",\"mainEntityOfPage\":{\"@id\":\"https:\\\/\\\/diariotextual.com\\\/inicio\\\/index.php\\\/2026\\\/04\\\/27\\\/atados-con-alambre-la-alianza-imposible-entre-la-ucr-y-la-libertad-avanza\\\/\"},\"wordCount\":695,\"publisher\":{\"@id\":\"https:\\\/\\\/diariotextual.com\\\/inicio\\\/#organization\"},\"image\":{\"@id\":\"https:\\\/\\\/diariotextual.com\\\/inicio\\\/index.php\\\/2026\\\/04\\\/27\\\/atados-con-alambre-la-alianza-imposible-entre-la-ucr-y-la-libertad-avanza\\\/#primaryimage\"},\"thumbnailUrl\":\"https:\\\/\\\/diariotextual.com\\\/inicio\\\/wp-content\\\/uploads\\\/2026\\\/04\\\/berhongarayravierilustracionia2026-21.jpg\",\"articleSection\":[\"A - PORTADA\",\"POLITICA\"],\"inLanguage\":\"es\"},{\"@type\":\"WebPage\",\"@id\":\"https:\\\/\\\/diariotextual.com\\\/inicio\\\/index.php\\\/2026\\\/04\\\/27\\\/atados-con-alambre-la-alianza-imposible-entre-la-ucr-y-la-libertad-avanza\\\/\",\"url\":\"https:\\\/\\\/diariotextual.com\\\/inicio\\\/index.php\\\/2026\\\/04\\\/27\\\/atados-con-alambre-la-alianza-imposible-entre-la-ucr-y-la-libertad-avanza\\\/\",\"name\":\"Atados con alambre: la alianza imposible entre la UCR y La Libertad Avanza - Diario Textual\",\"isPartOf\":{\"@id\":\"https:\\\/\\\/diariotextual.com\\\/inicio\\\/#website\"},\"primaryImageOfPage\":{\"@id\":\"https:\\\/\\\/diariotextual.com\\\/inicio\\\/index.php\\\/2026\\\/04\\\/27\\\/atados-con-alambre-la-alianza-imposible-entre-la-ucr-y-la-libertad-avanza\\\/#primaryimage\"},\"image\":{\"@id\":\"https:\\\/\\\/diariotextual.com\\\/inicio\\\/index.php\\\/2026\\\/04\\\/27\\\/atados-con-alambre-la-alianza-imposible-entre-la-ucr-y-la-libertad-avanza\\\/#primaryimage\"},\"thumbnailUrl\":\"https:\\\/\\\/diariotextual.com\\\/inicio\\\/wp-content\\\/uploads\\\/2026\\\/04\\\/berhongarayravierilustracionia2026-21.jpg\",\"datePublished\":\"2026-04-27T07:29:23+00:00\",\"dateModified\":\"2026-04-27T07:29:25+00:00\",\"breadcrumb\":{\"@id\":\"https:\\\/\\\/diariotextual.com\\\/inicio\\\/index.php\\\/2026\\\/04\\\/27\\\/atados-con-alambre-la-alianza-imposible-entre-la-ucr-y-la-libertad-avanza\\\/#breadcrumb\"},\"inLanguage\":\"es\",\"potentialAction\":[{\"@type\":\"ReadAction\",\"target\":[\"https:\\\/\\\/diariotextual.com\\\/inicio\\\/index.php\\\/2026\\\/04\\\/27\\\/atados-con-alambre-la-alianza-imposible-entre-la-ucr-y-la-libertad-avanza\\\/\"]}]},{\"@type\":\"ImageObject\",\"inLanguage\":\"es\",\"@id\":\"https:\\\/\\\/diariotextual.com\\\/inicio\\\/index.php\\\/2026\\\/04\\\/27\\\/atados-con-alambre-la-alianza-imposible-entre-la-ucr-y-la-libertad-avanza\\\/#primaryimage\",\"url\":\"https:\\\/\\\/diariotextual.com\\\/inicio\\\/wp-content\\\/uploads\\\/2026\\\/04\\\/berhongarayravierilustracionia2026-21.jpg\",\"contentUrl\":\"https:\\\/\\\/diariotextual.com\\\/inicio\\\/wp-content\\\/uploads\\\/2026\\\/04\\\/berhongarayravierilustracionia2026-21.jpg\",\"width\":1200,\"height\":800},{\"@type\":\"BreadcrumbList\",\"@id\":\"https:\\\/\\\/diariotextual.com\\\/inicio\\\/index.php\\\/2026\\\/04\\\/27\\\/atados-con-alambre-la-alianza-imposible-entre-la-ucr-y-la-libertad-avanza\\\/#breadcrumb\",\"itemListElement\":[{\"@type\":\"ListItem\",\"position\":1,\"name\":\"Portada\",\"item\":\"https:\\\/\\\/diariotextual.com\\\/inicio\\\/\"},{\"@type\":\"ListItem\",\"position\":2,\"name\":\"Atados con alambre: la alianza imposible entre la UCR y La Libertad Avanza\"}]},{\"@type\":\"WebSite\",\"@id\":\"https:\\\/\\\/diariotextual.com\\\/inicio\\\/#website\",\"url\":\"https:\\\/\\\/diariotextual.com\\\/inicio\\\/\",\"name\":\"Diario Textual\",\"description\":\"\",\"publisher\":{\"@id\":\"https:\\\/\\\/diariotextual.com\\\/inicio\\\/#organization\"},\"potentialAction\":[{\"@type\":\"SearchAction\",\"target\":{\"@type\":\"EntryPoint\",\"urlTemplate\":\"https:\\\/\\\/diariotextual.com\\\/inicio\\\/?s={search_term_string}\"},\"query-input\":{\"@type\":\"PropertyValueSpecification\",\"valueRequired\":true,\"valueName\":\"search_term_string\"}}],\"inLanguage\":\"es\"},{\"@type\":\"Organization\",\"@id\":\"https:\\\/\\\/diariotextual.com\\\/inicio\\\/#organization\",\"name\":\"Diario Textual\",\"url\":\"https:\\\/\\\/diariotextual.com\\\/inicio\\\/\",\"logo\":{\"@type\":\"ImageObject\",\"inLanguage\":\"es\",\"@id\":\"https:\\\/\\\/diariotextual.com\\\/inicio\\\/#\\\/schema\\\/logo\\\/image\\\/\",\"url\":\"https:\\\/\\\/diariotextual.com\\\/inicio\\\/wp-content\\\/uploads\\\/2023\\\/05\\\/logotextual1.jpg\",\"contentUrl\":\"https:\\\/\\\/diariotextual.com\\\/inicio\\\/wp-content\\\/uploads\\\/2023\\\/05\\\/logotextual1.jpg\",\"width\":516,\"height\":76,\"caption\":\"Diario Textual\"},\"image\":{\"@id\":\"https:\\\/\\\/diariotextual.com\\\/inicio\\\/#\\\/schema\\\/logo\\\/image\\\/\"},\"sameAs\":[\"https:\\\/\\\/www.facebook.com\\\/eltextual\",\"https:\\\/\\\/x.com\\\/eltextual\",\"http:\\\/\\\/www.instagram.com\\\/eltextual\"]},{\"@type\":\"Person\",\"@id\":\"https:\\\/\\\/diariotextual.com\\\/inicio\\\/#\\\/schema\\\/person\\\/418fc4093c33e86ed41562db3508f958\",\"name\":\"Diario1 Diario1\",\"image\":{\"@type\":\"ImageObject\",\"inLanguage\":\"es\",\"@id\":\"https:\\\/\\\/secure.gravatar.com\\\/avatar\\\/9167d280179c85bc18be67aa7eda765854300033af4896dd779b608640f2ef7a?s=96&d=mm&r=g\",\"url\":\"https:\\\/\\\/secure.gravatar.com\\\/avatar\\\/9167d280179c85bc18be67aa7eda765854300033af4896dd779b608640f2ef7a?s=96&d=mm&r=g\",\"contentUrl\":\"https:\\\/\\\/secure.gravatar.com\\\/avatar\\\/9167d280179c85bc18be67aa7eda765854300033af4896dd779b608640f2ef7a?s=96&d=mm&r=g\",\"caption\":\"Diario1 Diario1\"},\"url\":\"https:\\\/\\\/diariotextual.com\\\/inicio\\\/index.php\\\/author\\\/diario1\\\/\"}]}<\/script>\n<!-- \/ Yoast SEO plugin. -->","yoast_head_json":{"title":"Atados con alambre: la alianza imposible entre la UCR y La Libertad Avanza - Diario Textual","robots":{"index":"index","follow":"follow","max-snippet":"max-snippet:-1","max-image-preview":"max-image-preview:large","max-video-preview":"max-video-preview:-1"},"canonical":"https:\/\/diariotextual.com\/inicio\/index.php\/2026\/04\/27\/atados-con-alambre-la-alianza-imposible-entre-la-ucr-y-la-libertad-avanza\/","og_locale":"es_ES","og_type":"article","og_title":"Atados con alambre: la alianza imposible entre la UCR y La Libertad Avanza - Diario Textual","og_description":"Por Norberto G. Asquini El escenario pol\u00edtico actual expone fisuras que, hasta hace poco, algunos intentaban disimular en un posible gran frente antiperonista en La Pampa. La ca\u00edda en el&hellip;","og_url":"https:\/\/diariotextual.com\/inicio\/index.php\/2026\/04\/27\/atados-con-alambre-la-alianza-imposible-entre-la-ucr-y-la-libertad-avanza\/","og_site_name":"Diario Textual","article_publisher":"https:\/\/www.facebook.com\/eltextual","article_published_time":"2026-04-27T07:29:23+00:00","article_modified_time":"2026-04-27T07:29:25+00:00","og_image":[{"width":1200,"height":800,"url":"https:\/\/diariotextual.com\/inicio\/wp-content\/uploads\/2026\/04\/berhongarayravierilustracionia2026-21.jpg","type":"image\/jpeg"}],"author":"Diario1 Diario1","twitter_card":"summary_large_image","twitter_creator":"@eltextual","twitter_site":"@eltextual","twitter_misc":{"Escrito por":"Diario1 Diario1","Tiempo de lectura":"1 minuto"},"schema":{"@context":"https:\/\/schema.org","@graph":[{"@type":"Article","@id":"https:\/\/diariotextual.com\/inicio\/index.php\/2026\/04\/27\/atados-con-alambre-la-alianza-imposible-entre-la-ucr-y-la-libertad-avanza\/#article","isPartOf":{"@id":"https:\/\/diariotextual.com\/inicio\/index.php\/2026\/04\/27\/atados-con-alambre-la-alianza-imposible-entre-la-ucr-y-la-libertad-avanza\/"},"author":{"name":"Diario1 Diario1","@id":"https:\/\/diariotextual.com\/inicio\/#\/schema\/person\/418fc4093c33e86ed41562db3508f958"},"headline":"Atados con alambre: la alianza imposible entre la UCR y La Libertad Avanza","datePublished":"2026-04-27T07:29:23+00:00","dateModified":"2026-04-27T07:29:25+00:00","mainEntityOfPage":{"@id":"https:\/\/diariotextual.com\/inicio\/index.php\/2026\/04\/27\/atados-con-alambre-la-alianza-imposible-entre-la-ucr-y-la-libertad-avanza\/"},"wordCount":695,"publisher":{"@id":"https:\/\/diariotextual.com\/inicio\/#organization"},"image":{"@id":"https:\/\/diariotextual.com\/inicio\/index.php\/2026\/04\/27\/atados-con-alambre-la-alianza-imposible-entre-la-ucr-y-la-libertad-avanza\/#primaryimage"},"thumbnailUrl":"https:\/\/diariotextual.com\/inicio\/wp-content\/uploads\/2026\/04\/berhongarayravierilustracionia2026-21.jpg","articleSection":["A - PORTADA","POLITICA"],"inLanguage":"es"},{"@type":"WebPage","@id":"https:\/\/diariotextual.com\/inicio\/index.php\/2026\/04\/27\/atados-con-alambre-la-alianza-imposible-entre-la-ucr-y-la-libertad-avanza\/","url":"https:\/\/diariotextual.com\/inicio\/index.php\/2026\/04\/27\/atados-con-alambre-la-alianza-imposible-entre-la-ucr-y-la-libertad-avanza\/","name":"Atados con alambre: la alianza imposible entre la UCR y La Libertad Avanza - Diario Textual","isPartOf":{"@id":"https:\/\/diariotextual.com\/inicio\/#website"},"primaryImageOfPage":{"@id":"https:\/\/diariotextual.com\/inicio\/index.php\/2026\/04\/27\/atados-con-alambre-la-alianza-imposible-entre-la-ucr-y-la-libertad-avanza\/#primaryimage"},"image":{"@id":"https:\/\/diariotextual.com\/inicio\/index.php\/2026\/04\/27\/atados-con-alambre-la-alianza-imposible-entre-la-ucr-y-la-libertad-avanza\/#primaryimage"},"thumbnailUrl":"https:\/\/diariotextual.com\/inicio\/wp-content\/uploads\/2026\/04\/berhongarayravierilustracionia2026-21.jpg","datePublished":"2026-04-27T07:29:23+00:00","dateModified":"2026-04-27T07:29:25+00:00","breadcrumb":{"@id":"https:\/\/diariotextual.com\/inicio\/index.php\/2026\/04\/27\/atados-con-alambre-la-alianza-imposible-entre-la-ucr-y-la-libertad-avanza\/#breadcrumb"},"inLanguage":"es","potentialAction":[{"@type":"ReadAction","target":["https:\/\/diariotextual.com\/inicio\/index.php\/2026\/04\/27\/atados-con-alambre-la-alianza-imposible-entre-la-ucr-y-la-libertad-avanza\/"]}]},{"@type":"ImageObject","inLanguage":"es","@id":"https:\/\/diariotextual.com\/inicio\/index.php\/2026\/04\/27\/atados-con-alambre-la-alianza-imposible-entre-la-ucr-y-la-libertad-avanza\/#primaryimage","url":"https:\/\/diariotextual.com\/inicio\/wp-content\/uploads\/2026\/04\/berhongarayravierilustracionia2026-21.jpg","contentUrl":"https:\/\/diariotextual.com\/inicio\/wp-content\/uploads\/2026\/04\/berhongarayravierilustracionia2026-21.jpg","width":1200,"height":800},{"@type":"BreadcrumbList","@id":"https:\/\/diariotextual.com\/inicio\/index.php\/2026\/04\/27\/atados-con-alambre-la-alianza-imposible-entre-la-ucr-y-la-libertad-avanza\/#breadcrumb","itemListElement":[{"@type":"ListItem","position":1,"name":"Portada","item":"https:\/\/diariotextual.com\/inicio\/"},{"@type":"ListItem","position":2,"name":"Atados con alambre: la alianza imposible entre la UCR y La Libertad Avanza"}]},{"@type":"WebSite","@id":"https:\/\/diariotextual.com\/inicio\/#website","url":"https:\/\/diariotextual.com\/inicio\/","name":"Diario Textual","description":"","publisher":{"@id":"https:\/\/diariotextual.com\/inicio\/#organization"},"potentialAction":[{"@type":"SearchAction","target":{"@type":"EntryPoint","urlTemplate":"https:\/\/diariotextual.com\/inicio\/?s={search_term_string}"},"query-input":{"@type":"PropertyValueSpecification","valueRequired":true,"valueName":"search_term_string"}}],"inLanguage":"es"},{"@type":"Organization","@id":"https:\/\/diariotextual.com\/inicio\/#organization","name":"Diario Textual","url":"https:\/\/diariotextual.com\/inicio\/","logo":{"@type":"ImageObject","inLanguage":"es","@id":"https:\/\/diariotextual.com\/inicio\/#\/schema\/logo\/image\/","url":"https:\/\/diariotextual.com\/inicio\/wp-content\/uploads\/2023\/05\/logotextual1.jpg","contentUrl":"https:\/\/diariotextual.com\/inicio\/wp-content\/uploads\/2023\/05\/logotextual1.jpg","width":516,"height":76,"caption":"Diario Textual"},"image":{"@id":"https:\/\/diariotextual.com\/inicio\/#\/schema\/logo\/image\/"},"sameAs":["https:\/\/www.facebook.com\/eltextual","https:\/\/x.com\/eltextual","http:\/\/www.instagram.com\/eltextual"]},{"@type":"Person","@id":"https:\/\/diariotextual.com\/inicio\/#\/schema\/person\/418fc4093c33e86ed41562db3508f958","name":"Diario1 Diario1","image":{"@type":"ImageObject","inLanguage":"es","@id":"https:\/\/secure.gravatar.com\/avatar\/9167d280179c85bc18be67aa7eda765854300033af4896dd779b608640f2ef7a?s=96&d=mm&r=g","url":"https:\/\/secure.gravatar.com\/avatar\/9167d280179c85bc18be67aa7eda765854300033af4896dd779b608640f2ef7a?s=96&d=mm&r=g","contentUrl":"https:\/\/secure.gravatar.com\/avatar\/9167d280179c85bc18be67aa7eda765854300033af4896dd779b608640f2ef7a?s=96&d=mm&r=g","caption":"Diario1 Diario1"},"url":"https:\/\/diariotextual.com\/inicio\/index.php\/author\/diario1\/"}]}},"_links":{"self":[{"href":"https:\/\/diariotextual.com\/inicio\/index.php\/wp-json\/wp\/v2\/posts\/325787","targetHints":{"allow":["GET"]}}],"collection":[{"href":"https:\/\/diariotextual.com\/inicio\/index.php\/wp-json\/wp\/v2\/posts"}],"about":[{"href":"https:\/\/diariotextual.com\/inicio\/index.php\/wp-json\/wp\/v2\/types\/post"}],"author":[{"embeddable":true,"href":"https:\/\/diariotextual.com\/inicio\/index.php\/wp-json\/wp\/v2\/users\/3"}],"replies":[{"embeddable":true,"href":"https:\/\/diariotextual.com\/inicio\/index.php\/wp-json\/wp\/v2\/comments?post=325787"}],"version-history":[{"count":1,"href":"https:\/\/diariotextual.com\/inicio\/index.php\/wp-json\/wp\/v2\/posts\/325787\/revisions"}],"predecessor-version":[{"id":325788,"href":"https:\/\/diariotextual.com\/inicio\/index.php\/wp-json\/wp\/v2\/posts\/325787\/revisions\/325788"}],"wp:featuredmedia":[{"embeddable":true,"href":"https:\/\/diariotextual.com\/inicio\/index.php\/wp-json\/wp\/v2\/media\/325794"}],"wp:attachment":[{"href":"https:\/\/diariotextual.com\/inicio\/index.php\/wp-json\/wp\/v2\/media?parent=325787"}],"wp:term":[{"taxonomy":"category","embeddable":true,"href":"https:\/\/diariotextual.com\/inicio\/index.php\/wp-json\/wp\/v2\/categories?post=325787"},{"taxonomy":"post_tag","embeddable":true,"href":"https:\/\/diariotextual.com\/inicio\/index.php\/wp-json\/wp\/v2\/tags?post=325787"}],"curies":[{"name":"wp","href":"https:\/\/api.w.org\/{rel}","templated":true}]}}