{"id":325789,"date":"2026-04-26T21:41:28","date_gmt":"2026-04-27T00:41:28","guid":{"rendered":"https:\/\/diariotextual.com\/inicio\/?p=325789"},"modified":"2026-04-26T23:29:01","modified_gmt":"2026-04-27T02:29:01","slug":"murio-un-joven-de-18-anos-al-chocar-contra-una-camioneta-en-arauz","status":"publish","type":"post","link":"https:\/\/diariotextual.com\/inicio\/index.php\/2026\/04\/26\/murio-un-joven-de-18-anos-al-chocar-contra-una-camioneta-en-arauz\/","title":{"rendered":"Un joven de 18 a\u00f1os, en estado cr\u00edtico al chocar contra una camioneta en Arauz"},"content":{"rendered":"\n<p>Un joven de <strong>18 a\u00f1os<\/strong> que circulaba en moto en <strong>Jacinto Arauz<\/strong> choc\u00f3 contra una camioneta que hizo una <strong>mala maniobra<\/strong> y fue derivado a <strong>Santa Rosa<\/strong> con <strong>heridas de gravedad<\/strong>. Tiene muerte cerebral, dijeron fuentes de la causa.<\/p>\n\n\n\n<p>El hecho ocurri\u00f3 el <strong>s\u00e1bado a la madrugada<\/strong> en <strong>calle Padre Buodo y Maril\u00fa<\/strong>, frente al <strong>Polideportivo Municipal<\/strong>, seg\u00fan inform\u00f3 la <strong>Unidad Regional III<\/strong> a Noticias del Sur, cuando una <strong>moto Honda, modelo XR Tornado<\/strong> colision\u00f3 contra la <strong>puerta trasera de una Volkswagen Amarok<\/strong> al mando de un <strong>hombre de 54 a\u00f1os<\/strong> oriundo de <strong>Bernasconi<\/strong>, que iba acompa\u00f1ado por una <strong>mujer de General San Mart\u00edn<\/strong>. El motociclista fue identificado como <strong>oriundo de Bah\u00eda Blanca<\/strong>.<\/p>\n\n\n\n<p>El siniestro se produjo cuando <strong>ambos veh\u00edculos circulaban en sentido sur-norte<\/strong>, y la camioneta <strong>sal\u00eda de un restobar<\/strong> y realiz\u00f3 un <strong>giro en U<\/strong> sin advertir el avance del otro rodado, que <strong>impact\u00f3 de lleno<\/strong>.<\/p>\n\n\n\n<p>El motociclista fue trasladado de <strong>urgencia<\/strong> al <strong>hospital local<\/strong> y luego derivado en ambulancia hacia <strong>General Acha<\/strong>. Una vez estabilizado, fue trasladado finalmente al <strong>Hospital Ren\u00e9 Favaloro de Santa Rosa<\/strong> debido a la <strong>gravedad de sus lesiones<\/strong>.<\/p>\n\n\n\n<p>Trabaj\u00f3 en el lugar personal de la <strong>Agencia de Investigaci\u00f3n Cient\u00edfica (AIC)<\/strong>, personal <strong>policial<\/strong> local y de <strong>salud p\u00fablica<\/strong>. Se procedi\u00f3 a la <strong>extracci\u00f3n de muestras sangu\u00edneas<\/strong> del conductor y la acompa\u00f1ante y al <strong>secuestro preventivo de ambos veh\u00edculos<\/strong>.<\/p>\n\n\n\n<p><\/p>\n","protected":false},"excerpt":{"rendered":"<p>Un joven de 18 a\u00f1os que circulaba en moto en Jacinto Arauz choc\u00f3 contra una camioneta que hizo una mala maniobra y fue derivado a Santa Rosa con heridas de&hellip;<\/p>\n","protected":false},"author":3,"featured_media":325791,"comment_status":"closed","ping_status":"open","sticky":false,"template":"","format":"standard","meta":{"_acf_changed":false,"footnotes":""},"categories":[9,12],"tags":[],"class_list":["post-325789","post","type-post","status-publish","format-standard","has-post-thumbnail","hentry","category-portada","category-sociedad"],"acf":[],"yoast_head":"<!-- This site is optimized with the Yoast SEO plugin v27.4 - https:\/\/yoast.com\/product\/yoast-seo-wordpress\/ -->\n<title>Un joven de 18 a\u00f1os, en estado cr\u00edtico al chocar contra una camioneta en Arauz - Diario Textual<\/title>\n<meta name=\"robots\" content=\"index, follow, max-snippet:-1, max-image-preview:large, max-video-preview:-1\" \/>\n<link rel=\"canonical\" href=\"https:\/\/diariotextual.com\/inicio\/index.php\/2026\/04\/26\/murio-un-joven-de-18-anos-al-chocar-contra-una-camioneta-en-arauz\/\" \/>\n<meta property=\"og:locale\" content=\"es_ES\" \/>\n<meta property=\"og:type\" content=\"article\" \/>\n<meta property=\"og:title\" content=\"Un joven de 18 a\u00f1os, en estado cr\u00edtico al chocar contra una camioneta en Arauz - Diario Textual\" \/>\n<meta property=\"og:description\" content=\"Un joven de 18 a\u00f1os que circulaba en moto en Jacinto Arauz choc\u00f3 contra una camioneta que hizo una mala maniobra y fue derivado a Santa Rosa con heridas de&hellip;\" \/>\n<meta property=\"og:url\" content=\"https:\/\/diariotextual.com\/inicio\/index.php\/2026\/04\/26\/murio-un-joven-de-18-anos-al-chocar-contra-una-camioneta-en-arauz\/\" \/>\n<meta property=\"og:site_name\" content=\"Diario Textual\" \/>\n<meta property=\"article:publisher\" content=\"https:\/\/www.facebook.com\/eltextual\" \/>\n<meta property=\"article:published_time\" content=\"2026-04-27T00:41:28+00:00\" \/>\n<meta property=\"article:modified_time\" content=\"2026-04-27T02:29:01+00:00\" \/>\n<meta property=\"og:image\" content=\"https:\/\/diariotextual.com\/inicio\/wp-content\/uploads\/2026\/04\/choquefatalarauz2026-1.jpg\" \/>\n\t<meta property=\"og:image:width\" content=\"1217\" \/>\n\t<meta property=\"og:image:height\" content=\"796\" \/>\n\t<meta property=\"og:image:type\" content=\"image\/jpeg\" \/>\n<meta name=\"author\" content=\"Diario1 Diario1\" \/>\n<meta name=\"twitter:card\" content=\"summary_large_image\" \/>\n<meta name=\"twitter:creator\" content=\"@eltextual\" \/>\n<meta name=\"twitter:site\" content=\"@eltextual\" \/>\n<meta name=\"twitter:label1\" content=\"Escrito por\" \/>\n\t<meta name=\"twitter:data1\" content=\"Diario1 Diario1\" \/>\n\t<meta name=\"twitter:label2\" content=\"Tiempo de lectura\" \/>\n\t<meta name=\"twitter:data2\" content=\"2 minutos\" \/>\n<script type=\"application\/ld+json\" class=\"yoast-schema-graph\">{\"@context\":\"https:\\\/\\\/schema.org\",\"@graph\":[{\"@type\":\"Article\",\"@id\":\"https:\\\/\\\/diariotextual.com\\\/inicio\\\/index.php\\\/2026\\\/04\\\/26\\\/murio-un-joven-de-18-anos-al-chocar-contra-una-camioneta-en-arauz\\\/#article\",\"isPartOf\":{\"@id\":\"https:\\\/\\\/diariotextual.com\\\/inicio\\\/index.php\\\/2026\\\/04\\\/26\\\/murio-un-joven-de-18-anos-al-chocar-contra-una-camioneta-en-arauz\\\/\"},\"author\":{\"name\":\"Diario1 Diario1\",\"@id\":\"https:\\\/\\\/diariotextual.com\\\/inicio\\\/#\\\/schema\\\/person\\\/418fc4093c33e86ed41562db3508f958\"},\"headline\":\"Un joven de 18 a\u00f1os, en estado cr\u00edtico al chocar contra una camioneta en Arauz\",\"datePublished\":\"2026-04-27T00:41:28+00:00\",\"dateModified\":\"2026-04-27T02:29:01+00:00\",\"mainEntityOfPage\":{\"@id\":\"https:\\\/\\\/diariotextual.com\\\/inicio\\\/index.php\\\/2026\\\/04\\\/26\\\/murio-un-joven-de-18-anos-al-chocar-contra-una-camioneta-en-arauz\\\/\"},\"wordCount\":254,\"publisher\":{\"@id\":\"https:\\\/\\\/diariotextual.com\\\/inicio\\\/#organization\"},\"image\":{\"@id\":\"https:\\\/\\\/diariotextual.com\\\/inicio\\\/index.php\\\/2026\\\/04\\\/26\\\/murio-un-joven-de-18-anos-al-chocar-contra-una-camioneta-en-arauz\\\/#primaryimage\"},\"thumbnailUrl\":\"https:\\\/\\\/diariotextual.com\\\/inicio\\\/wp-content\\\/uploads\\\/2026\\\/04\\\/choquefatalarauz2026-1.jpg\",\"articleSection\":[\"A - PORTADA\",\"SOCIEDAD\"],\"inLanguage\":\"es\"},{\"@type\":\"WebPage\",\"@id\":\"https:\\\/\\\/diariotextual.com\\\/inicio\\\/index.php\\\/2026\\\/04\\\/26\\\/murio-un-joven-de-18-anos-al-chocar-contra-una-camioneta-en-arauz\\\/\",\"url\":\"https:\\\/\\\/diariotextual.com\\\/inicio\\\/index.php\\\/2026\\\/04\\\/26\\\/murio-un-joven-de-18-anos-al-chocar-contra-una-camioneta-en-arauz\\\/\",\"name\":\"Un joven de 18 a\u00f1os, en estado cr\u00edtico al chocar contra una camioneta en Arauz - Diario Textual\",\"isPartOf\":{\"@id\":\"https:\\\/\\\/diariotextual.com\\\/inicio\\\/#website\"},\"primaryImageOfPage\":{\"@id\":\"https:\\\/\\\/diariotextual.com\\\/inicio\\\/index.php\\\/2026\\\/04\\\/26\\\/murio-un-joven-de-18-anos-al-chocar-contra-una-camioneta-en-arauz\\\/#primaryimage\"},\"image\":{\"@id\":\"https:\\\/\\\/diariotextual.com\\\/inicio\\\/index.php\\\/2026\\\/04\\\/26\\\/murio-un-joven-de-18-anos-al-chocar-contra-una-camioneta-en-arauz\\\/#primaryimage\"},\"thumbnailUrl\":\"https:\\\/\\\/diariotextual.com\\\/inicio\\\/wp-content\\\/uploads\\\/2026\\\/04\\\/choquefatalarauz2026-1.jpg\",\"datePublished\":\"2026-04-27T00:41:28+00:00\",\"dateModified\":\"2026-04-27T02:29:01+00:00\",\"breadcrumb\":{\"@id\":\"https:\\\/\\\/diariotextual.com\\\/inicio\\\/index.php\\\/2026\\\/04\\\/26\\\/murio-un-joven-de-18-anos-al-chocar-contra-una-camioneta-en-arauz\\\/#breadcrumb\"},\"inLanguage\":\"es\",\"potentialAction\":[{\"@type\":\"ReadAction\",\"target\":[\"https:\\\/\\\/diariotextual.com\\\/inicio\\\/index.php\\\/2026\\\/04\\\/26\\\/murio-un-joven-de-18-anos-al-chocar-contra-una-camioneta-en-arauz\\\/\"]}]},{\"@type\":\"ImageObject\",\"inLanguage\":\"es\",\"@id\":\"https:\\\/\\\/diariotextual.com\\\/inicio\\\/index.php\\\/2026\\\/04\\\/26\\\/murio-un-joven-de-18-anos-al-chocar-contra-una-camioneta-en-arauz\\\/#primaryimage\",\"url\":\"https:\\\/\\\/diariotextual.com\\\/inicio\\\/wp-content\\\/uploads\\\/2026\\\/04\\\/choquefatalarauz2026-1.jpg\",\"contentUrl\":\"https:\\\/\\\/diariotextual.com\\\/inicio\\\/wp-content\\\/uploads\\\/2026\\\/04\\\/choquefatalarauz2026-1.jpg\",\"width\":1217,\"height\":796},{\"@type\":\"BreadcrumbList\",\"@id\":\"https:\\\/\\\/diariotextual.com\\\/inicio\\\/index.php\\\/2026\\\/04\\\/26\\\/murio-un-joven-de-18-anos-al-chocar-contra-una-camioneta-en-arauz\\\/#breadcrumb\",\"itemListElement\":[{\"@type\":\"ListItem\",\"position\":1,\"name\":\"Portada\",\"item\":\"https:\\\/\\\/diariotextual.com\\\/inicio\\\/\"},{\"@type\":\"ListItem\",\"position\":2,\"name\":\"Un joven de 18 a\u00f1os, en estado cr\u00edtico al chocar contra una camioneta en Arauz\"}]},{\"@type\":\"WebSite\",\"@id\":\"https:\\\/\\\/diariotextual.com\\\/inicio\\\/#website\",\"url\":\"https:\\\/\\\/diariotextual.com\\\/inicio\\\/\",\"name\":\"Diario Textual\",\"description\":\"\",\"publisher\":{\"@id\":\"https:\\\/\\\/diariotextual.com\\\/inicio\\\/#organization\"},\"potentialAction\":[{\"@type\":\"SearchAction\",\"target\":{\"@type\":\"EntryPoint\",\"urlTemplate\":\"https:\\\/\\\/diariotextual.com\\\/inicio\\\/?s={search_term_string}\"},\"query-input\":{\"@type\":\"PropertyValueSpecification\",\"valueRequired\":true,\"valueName\":\"search_term_string\"}}],\"inLanguage\":\"es\"},{\"@type\":\"Organization\",\"@id\":\"https:\\\/\\\/diariotextual.com\\\/inicio\\\/#organization\",\"name\":\"Diario Textual\",\"url\":\"https:\\\/\\\/diariotextual.com\\\/inicio\\\/\",\"logo\":{\"@type\":\"ImageObject\",\"inLanguage\":\"es\",\"@id\":\"https:\\\/\\\/diariotextual.com\\\/inicio\\\/#\\\/schema\\\/logo\\\/image\\\/\",\"url\":\"https:\\\/\\\/diariotextual.com\\\/inicio\\\/wp-content\\\/uploads\\\/2023\\\/05\\\/logotextual1.jpg\",\"contentUrl\":\"https:\\\/\\\/diariotextual.com\\\/inicio\\\/wp-content\\\/uploads\\\/2023\\\/05\\\/logotextual1.jpg\",\"width\":516,\"height\":76,\"caption\":\"Diario Textual\"},\"image\":{\"@id\":\"https:\\\/\\\/diariotextual.com\\\/inicio\\\/#\\\/schema\\\/logo\\\/image\\\/\"},\"sameAs\":[\"https:\\\/\\\/www.facebook.com\\\/eltextual\",\"https:\\\/\\\/x.com\\\/eltextual\",\"http:\\\/\\\/www.instagram.com\\\/eltextual\"]},{\"@type\":\"Person\",\"@id\":\"https:\\\/\\\/diariotextual.com\\\/inicio\\\/#\\\/schema\\\/person\\\/418fc4093c33e86ed41562db3508f958\",\"name\":\"Diario1 Diario1\",\"image\":{\"@type\":\"ImageObject\",\"inLanguage\":\"es\",\"@id\":\"https:\\\/\\\/secure.gravatar.com\\\/avatar\\\/9167d280179c85bc18be67aa7eda765854300033af4896dd779b608640f2ef7a?s=96&d=mm&r=g\",\"url\":\"https:\\\/\\\/secure.gravatar.com\\\/avatar\\\/9167d280179c85bc18be67aa7eda765854300033af4896dd779b608640f2ef7a?s=96&d=mm&r=g\",\"contentUrl\":\"https:\\\/\\\/secure.gravatar.com\\\/avatar\\\/9167d280179c85bc18be67aa7eda765854300033af4896dd779b608640f2ef7a?s=96&d=mm&r=g\",\"caption\":\"Diario1 Diario1\"},\"url\":\"https:\\\/\\\/diariotextual.com\\\/inicio\\\/index.php\\\/author\\\/diario1\\\/\"}]}<\/script>\n<!-- \/ Yoast SEO plugin. -->","yoast_head_json":{"title":"Un joven de 18 a\u00f1os, en estado cr\u00edtico al chocar contra una camioneta en Arauz - Diario Textual","robots":{"index":"index","follow":"follow","max-snippet":"max-snippet:-1","max-image-preview":"max-image-preview:large","max-video-preview":"max-video-preview:-1"},"canonical":"https:\/\/diariotextual.com\/inicio\/index.php\/2026\/04\/26\/murio-un-joven-de-18-anos-al-chocar-contra-una-camioneta-en-arauz\/","og_locale":"es_ES","og_type":"article","og_title":"Un joven de 18 a\u00f1os, en estado cr\u00edtico al chocar contra una camioneta en Arauz - Diario Textual","og_description":"Un joven de 18 a\u00f1os que circulaba en moto en Jacinto Arauz choc\u00f3 contra una camioneta que hizo una mala maniobra y fue derivado a Santa Rosa con heridas de&hellip;","og_url":"https:\/\/diariotextual.com\/inicio\/index.php\/2026\/04\/26\/murio-un-joven-de-18-anos-al-chocar-contra-una-camioneta-en-arauz\/","og_site_name":"Diario Textual","article_publisher":"https:\/\/www.facebook.com\/eltextual","article_published_time":"2026-04-27T00:41:28+00:00","article_modified_time":"2026-04-27T02:29:01+00:00","og_image":[{"width":1217,"height":796,"url":"https:\/\/diariotextual.com\/inicio\/wp-content\/uploads\/2026\/04\/choquefatalarauz2026-1.jpg","type":"image\/jpeg"}],"author":"Diario1 Diario1","twitter_card":"summary_large_image","twitter_creator":"@eltextual","twitter_site":"@eltextual","twitter_misc":{"Escrito por":"Diario1 Diario1","Tiempo de lectura":"2 minutos"},"schema":{"@context":"https:\/\/schema.org","@graph":[{"@type":"Article","@id":"https:\/\/diariotextual.com\/inicio\/index.php\/2026\/04\/26\/murio-un-joven-de-18-anos-al-chocar-contra-una-camioneta-en-arauz\/#article","isPartOf":{"@id":"https:\/\/diariotextual.com\/inicio\/index.php\/2026\/04\/26\/murio-un-joven-de-18-anos-al-chocar-contra-una-camioneta-en-arauz\/"},"author":{"name":"Diario1 Diario1","@id":"https:\/\/diariotextual.com\/inicio\/#\/schema\/person\/418fc4093c33e86ed41562db3508f958"},"headline":"Un joven de 18 a\u00f1os, en estado cr\u00edtico al chocar contra una camioneta en Arauz","datePublished":"2026-04-27T00:41:28+00:00","dateModified":"2026-04-27T02:29:01+00:00","mainEntityOfPage":{"@id":"https:\/\/diariotextual.com\/inicio\/index.php\/2026\/04\/26\/murio-un-joven-de-18-anos-al-chocar-contra-una-camioneta-en-arauz\/"},"wordCount":254,"publisher":{"@id":"https:\/\/diariotextual.com\/inicio\/#organization"},"image":{"@id":"https:\/\/diariotextual.com\/inicio\/index.php\/2026\/04\/26\/murio-un-joven-de-18-anos-al-chocar-contra-una-camioneta-en-arauz\/#primaryimage"},"thumbnailUrl":"https:\/\/diariotextual.com\/inicio\/wp-content\/uploads\/2026\/04\/choquefatalarauz2026-1.jpg","articleSection":["A - PORTADA","SOCIEDAD"],"inLanguage":"es"},{"@type":"WebPage","@id":"https:\/\/diariotextual.com\/inicio\/index.php\/2026\/04\/26\/murio-un-joven-de-18-anos-al-chocar-contra-una-camioneta-en-arauz\/","url":"https:\/\/diariotextual.com\/inicio\/index.php\/2026\/04\/26\/murio-un-joven-de-18-anos-al-chocar-contra-una-camioneta-en-arauz\/","name":"Un joven de 18 a\u00f1os, en estado cr\u00edtico al chocar contra una camioneta en Arauz - Diario Textual","isPartOf":{"@id":"https:\/\/diariotextual.com\/inicio\/#website"},"primaryImageOfPage":{"@id":"https:\/\/diariotextual.com\/inicio\/index.php\/2026\/04\/26\/murio-un-joven-de-18-anos-al-chocar-contra-una-camioneta-en-arauz\/#primaryimage"},"image":{"@id":"https:\/\/diariotextual.com\/inicio\/index.php\/2026\/04\/26\/murio-un-joven-de-18-anos-al-chocar-contra-una-camioneta-en-arauz\/#primaryimage"},"thumbnailUrl":"https:\/\/diariotextual.com\/inicio\/wp-content\/uploads\/2026\/04\/choquefatalarauz2026-1.jpg","datePublished":"2026-04-27T00:41:28+00:00","dateModified":"2026-04-27T02:29:01+00:00","breadcrumb":{"@id":"https:\/\/diariotextual.com\/inicio\/index.php\/2026\/04\/26\/murio-un-joven-de-18-anos-al-chocar-contra-una-camioneta-en-arauz\/#breadcrumb"},"inLanguage":"es","potentialAction":[{"@type":"ReadAction","target":["https:\/\/diariotextual.com\/inicio\/index.php\/2026\/04\/26\/murio-un-joven-de-18-anos-al-chocar-contra-una-camioneta-en-arauz\/"]}]},{"@type":"ImageObject","inLanguage":"es","@id":"https:\/\/diariotextual.com\/inicio\/index.php\/2026\/04\/26\/murio-un-joven-de-18-anos-al-chocar-contra-una-camioneta-en-arauz\/#primaryimage","url":"https:\/\/diariotextual.com\/inicio\/wp-content\/uploads\/2026\/04\/choquefatalarauz2026-1.jpg","contentUrl":"https:\/\/diariotextual.com\/inicio\/wp-content\/uploads\/2026\/04\/choquefatalarauz2026-1.jpg","width":1217,"height":796},{"@type":"BreadcrumbList","@id":"https:\/\/diariotextual.com\/inicio\/index.php\/2026\/04\/26\/murio-un-joven-de-18-anos-al-chocar-contra-una-camioneta-en-arauz\/#breadcrumb","itemListElement":[{"@type":"ListItem","position":1,"name":"Portada","item":"https:\/\/diariotextual.com\/inicio\/"},{"@type":"ListItem","position":2,"name":"Un joven de 18 a\u00f1os, en estado cr\u00edtico al chocar contra una camioneta en Arauz"}]},{"@type":"WebSite","@id":"https:\/\/diariotextual.com\/inicio\/#website","url":"https:\/\/diariotextual.com\/inicio\/","name":"Diario Textual","description":"","publisher":{"@id":"https:\/\/diariotextual.com\/inicio\/#organization"},"potentialAction":[{"@type":"SearchAction","target":{"@type":"EntryPoint","urlTemplate":"https:\/\/diariotextual.com\/inicio\/?s={search_term_string}"},"query-input":{"@type":"PropertyValueSpecification","valueRequired":true,"valueName":"search_term_string"}}],"inLanguage":"es"},{"@type":"Organization","@id":"https:\/\/diariotextual.com\/inicio\/#organization","name":"Diario Textual","url":"https:\/\/diariotextual.com\/inicio\/","logo":{"@type":"ImageObject","inLanguage":"es","@id":"https:\/\/diariotextual.com\/inicio\/#\/schema\/logo\/image\/","url":"https:\/\/diariotextual.com\/inicio\/wp-content\/uploads\/2023\/05\/logotextual1.jpg","contentUrl":"https:\/\/diariotextual.com\/inicio\/wp-content\/uploads\/2023\/05\/logotextual1.jpg","width":516,"height":76,"caption":"Diario Textual"},"image":{"@id":"https:\/\/diariotextual.com\/inicio\/#\/schema\/logo\/image\/"},"sameAs":["https:\/\/www.facebook.com\/eltextual","https:\/\/x.com\/eltextual","http:\/\/www.instagram.com\/eltextual"]},{"@type":"Person","@id":"https:\/\/diariotextual.com\/inicio\/#\/schema\/person\/418fc4093c33e86ed41562db3508f958","name":"Diario1 Diario1","image":{"@type":"ImageObject","inLanguage":"es","@id":"https:\/\/secure.gravatar.com\/avatar\/9167d280179c85bc18be67aa7eda765854300033af4896dd779b608640f2ef7a?s=96&d=mm&r=g","url":"https:\/\/secure.gravatar.com\/avatar\/9167d280179c85bc18be67aa7eda765854300033af4896dd779b608640f2ef7a?s=96&d=mm&r=g","contentUrl":"https:\/\/secure.gravatar.com\/avatar\/9167d280179c85bc18be67aa7eda765854300033af4896dd779b608640f2ef7a?s=96&d=mm&r=g","caption":"Diario1 Diario1"},"url":"https:\/\/diariotextual.com\/inicio\/index.php\/author\/diario1\/"}]}},"_links":{"self":[{"href":"https:\/\/diariotextual.com\/inicio\/index.php\/wp-json\/wp\/v2\/posts\/325789","targetHints":{"allow":["GET"]}}],"collection":[{"href":"https:\/\/diariotextual.com\/inicio\/index.php\/wp-json\/wp\/v2\/posts"}],"about":[{"href":"https:\/\/diariotextual.com\/inicio\/index.php\/wp-json\/wp\/v2\/types\/post"}],"author":[{"embeddable":true,"href":"https:\/\/diariotextual.com\/inicio\/index.php\/wp-json\/wp\/v2\/users\/3"}],"replies":[{"embeddable":true,"href":"https:\/\/diariotextual.com\/inicio\/index.php\/wp-json\/wp\/v2\/comments?post=325789"}],"version-history":[{"count":4,"href":"https:\/\/diariotextual.com\/inicio\/index.php\/wp-json\/wp\/v2\/posts\/325789\/revisions"}],"predecessor-version":[{"id":325796,"href":"https:\/\/diariotextual.com\/inicio\/index.php\/wp-json\/wp\/v2\/posts\/325789\/revisions\/325796"}],"wp:featuredmedia":[{"embeddable":true,"href":"https:\/\/diariotextual.com\/inicio\/index.php\/wp-json\/wp\/v2\/media\/325791"}],"wp:attachment":[{"href":"https:\/\/diariotextual.com\/inicio\/index.php\/wp-json\/wp\/v2\/media?parent=325789"}],"wp:term":[{"taxonomy":"category","embeddable":true,"href":"https:\/\/diariotextual.com\/inicio\/index.php\/wp-json\/wp\/v2\/categories?post=325789"},{"taxonomy":"post_tag","embeddable":true,"href":"https:\/\/diariotextual.com\/inicio\/index.php\/wp-json\/wp\/v2\/tags?post=325789"}],"curies":[{"name":"wp","href":"https:\/\/api.w.org\/{rel}","templated":true}]}}