{"id":325797,"date":"2026-04-27T08:00:31","date_gmt":"2026-04-27T11:00:31","guid":{"rendered":"https:\/\/diariotextual.com\/inicio\/?p=325797"},"modified":"2026-04-27T09:59:21","modified_gmt":"2026-04-27T12:59:21","slug":"corte-de-prestaciones-de-pami-aceleran-el-momento-del-fallecimiento-de-los-jubilados","status":"publish","type":"post","link":"https:\/\/diariotextual.com\/inicio\/index.php\/2026\/04\/27\/corte-de-prestaciones-de-pami-aceleran-el-momento-del-fallecimiento-de-los-jubilados\/","title":{"rendered":"Corte de prestaciones de PAMI: \u201cAceleran el momento del fallecimiento de los jubilados\u201d"},"content":{"rendered":"\n<p>El referente de la Sociedad Argentina de Gerontologia, <strong>Eduardo Schmunis<\/strong>, cuestion\u00f3 con dureza la situaci\u00f3n que atraviesa el <strong>PAMI<\/strong> y advirti\u00f3 que el <strong><a href=\"https:\/\/diariotextual.com\/inicio\/index.php\/2026\/04\/25\/clinicas-y-sanatorios-pampeanos-endurecen-medidas-contra-el-pami-y-limitan-mas-prestaciones\/\" target=\"_blank\" rel=\"noreferrer noopener\">recorte de prestaciones a jubilados<\/a><\/strong> vulnera derechos constitucionales y acuerdos internacionales firmados por la Argentina. Sostuvo que el Gobierno busca <strong>\u201cacelerar el momento del fallecimiento\u201d<\/strong> de los adultos mayores.<\/p>\n\n\n\n<p>En dialogo con <strong>Radio Textual<\/strong>, Schmunis sostuvo que el organismo arrastra una crisis hist\u00f3rica pero remarc\u00f3 que el actual escenario es especialmente grave por el corte de servicios a una poblaci\u00f3n vulnerable. Se\u00f1al\u00f3 que estas decisiones incumplen la Convenci\u00f3n Interamericana sobre la Protecci\u00f3n de los Derechos Humanos de las Personas Mayores, aprobada en 2017, y la Convenci\u00f3n sobre los Derechos de las Personas con Discapacidad.<\/p>\n\n\n\n<p>El especialista asegur\u00f3 que estas medidas forman parte de una pol\u00edtica mas amplia que afecta a sectores vulnerables y remarc\u00f3 que desde el \u00e1mbito de la gerontolog\u00eda impulsaron una solicitada firmada por unas 5000 personas en la que reclaman la renuncia del ministro de Salud, Mario Lugones. El pedido se basa en declaraciones recientes en las que se refiri\u00f3 a los afiliados mayores de 80 a\u00f1os como una \u201ccarga\u201d para el sistema.<\/p>\n\n\n\n<p>Schmunis consider\u00f3 que ese enfoque refleja una concepci\u00f3n discriminatoria hacia las personas mayores, a la que defini\u00f3 como \u201cviejismo\u201d, y sostuvo que es incompatible con la responsabilidad de conducir la pol\u00edtica sanitaria. Advirti\u00f3 que hablar de los adultos mayores como un \u201ccosto\u201d implica desconocer sus aportes a lo largo de la vida y reducir sus derechos a una cuesti\u00f3n presupuestaria.<\/p>\n\n\n\n<p>Consultado sobre posibles acciones judiciales, indic\u00f3 que ya existen presentaciones contra autoridades nacionales y que los recortes podr\u00edan implicar incumplimiento de deberes de funcionario p\u00fablico.<\/p>\n\n\n\n<p>Sobre las consecuencias concretas, el referente fue contundente y afirm\u00f3 que \u201cla falta de atenci\u00f3n m\u00e9dica y prestaciones puede derivar en un deterioro de la salud de los jubilados y en una reducci\u00f3n de la expectativa de vida\u201d. Y alert\u00f3 sobre el impacto de los bajos haberes al se\u00f1alar que la mayor\u00eda de los jubilados cobra la m\u00ednima, muy por debajo del costo de una canasta b\u00e1sica que estim\u00f3 en alrededor de 1.800.000 pesos.<\/p>\n\n\n\n<p>Schmunis tambi\u00e9n advirti\u00f3 sobre la situacion de los m\u00e9dicos de cabecera del PAMI, quienes seg\u00fan explic\u00f3 ver\u00e1n \u201creducidos sus ingresos y aumentada su carga laboral, lo que podr\u00eda derivar en una salida de profesionales del sistema e incluso del pa\u00eds\u201d.<\/p>\n\n\n\n<p>Finalmente, sostuvo que \u201cla salud es un derecho humano y no puede quedar sujeta a criterios econ\u00f3micos\u201d, y advirti\u00f3 que el escenario actual es \u201dinsostenible\u201d para los jubilados en todo el pais.<audio autoplay=\"\"><\/audio><\/p>\n","protected":false},"excerpt":{"rendered":"<p>El referente de la Sociedad Argentina de Gerontologia, Eduardo Schmunis, cuestion\u00f3 con dureza la situaci\u00f3n que atraviesa el PAMI y advirti\u00f3 que el recorte de prestaciones a jubilados vulnera derechos&hellip;<\/p>\n","protected":false},"author":7,"featured_media":267624,"comment_status":"closed","ping_status":"open","sticky":false,"template":"","format":"standard","meta":{"_acf_changed":false,"footnotes":""},"categories":[10,12],"tags":[],"class_list":["post-325797","post","type-post","status-publish","format-standard","has-post-thumbnail","hentry","category-portada-2","category-sociedad"],"acf":[],"yoast_head":"<!-- This site is optimized with the Yoast SEO plugin v27.4 - https:\/\/yoast.com\/product\/yoast-seo-wordpress\/ -->\n<title>Corte de prestaciones de PAMI: \u201cAceleran el momento del fallecimiento de los jubilados\u201d - Diario Textual<\/title>\n<meta name=\"robots\" content=\"index, follow, max-snippet:-1, max-image-preview:large, max-video-preview:-1\" \/>\n<link rel=\"canonical\" href=\"https:\/\/diariotextual.com\/inicio\/index.php\/2026\/04\/27\/corte-de-prestaciones-de-pami-aceleran-el-momento-del-fallecimiento-de-los-jubilados\/\" \/>\n<meta property=\"og:locale\" content=\"es_ES\" \/>\n<meta property=\"og:type\" content=\"article\" \/>\n<meta property=\"og:title\" content=\"Corte de prestaciones de PAMI: \u201cAceleran el momento del fallecimiento de los jubilados\u201d - Diario Textual\" \/>\n<meta property=\"og:description\" content=\"El referente de la Sociedad Argentina de Gerontologia, Eduardo Schmunis, cuestion\u00f3 con dureza la situaci\u00f3n que atraviesa el PAMI y advirti\u00f3 que el recorte de prestaciones a jubilados vulnera derechos&hellip;\" \/>\n<meta property=\"og:url\" content=\"https:\/\/diariotextual.com\/inicio\/index.php\/2026\/04\/27\/corte-de-prestaciones-de-pami-aceleran-el-momento-del-fallecimiento-de-los-jubilados\/\" \/>\n<meta property=\"og:site_name\" content=\"Diario Textual\" \/>\n<meta property=\"article:publisher\" content=\"https:\/\/www.facebook.com\/eltextual\" \/>\n<meta property=\"article:published_time\" content=\"2026-04-27T11:00:31+00:00\" \/>\n<meta property=\"article:modified_time\" content=\"2026-04-27T12:59:21+00:00\" \/>\n<meta property=\"og:image\" content=\"https:\/\/diariotextual.com\/inicio\/wp-content\/uploads\/2024\/06\/pamiobrasocial2024-12.jpg\" \/>\n\t<meta property=\"og:image:width\" content=\"912\" \/>\n\t<meta property=\"og:image:height\" content=\"601\" \/>\n\t<meta property=\"og:image:type\" content=\"image\/jpeg\" \/>\n<meta name=\"author\" content=\"diario5\" \/>\n<meta name=\"twitter:card\" content=\"summary_large_image\" \/>\n<meta name=\"twitter:creator\" content=\"@eltextual\" \/>\n<meta name=\"twitter:site\" content=\"@eltextual\" \/>\n<meta name=\"twitter:label1\" content=\"Escrito por\" \/>\n\t<meta name=\"twitter:data1\" content=\"diario5\" \/>\n\t<meta name=\"twitter:label2\" content=\"Tiempo de lectura\" \/>\n\t<meta name=\"twitter:data2\" content=\"3 minutos\" \/>\n<script type=\"application\/ld+json\" class=\"yoast-schema-graph\">{\"@context\":\"https:\\\/\\\/schema.org\",\"@graph\":[{\"@type\":\"Article\",\"@id\":\"https:\\\/\\\/diariotextual.com\\\/inicio\\\/index.php\\\/2026\\\/04\\\/27\\\/corte-de-prestaciones-de-pami-aceleran-el-momento-del-fallecimiento-de-los-jubilados\\\/#article\",\"isPartOf\":{\"@id\":\"https:\\\/\\\/diariotextual.com\\\/inicio\\\/index.php\\\/2026\\\/04\\\/27\\\/corte-de-prestaciones-de-pami-aceleran-el-momento-del-fallecimiento-de-los-jubilados\\\/\"},\"author\":{\"name\":\"diario5\",\"@id\":\"https:\\\/\\\/diariotextual.com\\\/inicio\\\/#\\\/schema\\\/person\\\/c7834961ad8b29b1d9cdbf4571299067\"},\"headline\":\"Corte de prestaciones de PAMI: \u201cAceleran el momento del fallecimiento de los jubilados\u201d\",\"datePublished\":\"2026-04-27T11:00:31+00:00\",\"dateModified\":\"2026-04-27T12:59:21+00:00\",\"mainEntityOfPage\":{\"@id\":\"https:\\\/\\\/diariotextual.com\\\/inicio\\\/index.php\\\/2026\\\/04\\\/27\\\/corte-de-prestaciones-de-pami-aceleran-el-momento-del-fallecimiento-de-los-jubilados\\\/\"},\"wordCount\":458,\"publisher\":{\"@id\":\"https:\\\/\\\/diariotextual.com\\\/inicio\\\/#organization\"},\"image\":{\"@id\":\"https:\\\/\\\/diariotextual.com\\\/inicio\\\/index.php\\\/2026\\\/04\\\/27\\\/corte-de-prestaciones-de-pami-aceleran-el-momento-del-fallecimiento-de-los-jubilados\\\/#primaryimage\"},\"thumbnailUrl\":\"https:\\\/\\\/diariotextual.com\\\/inicio\\\/wp-content\\\/uploads\\\/2024\\\/06\\\/pamiobrasocial2024-12.jpg\",\"articleSection\":[\"A - PORTADA2\",\"SOCIEDAD\"],\"inLanguage\":\"es\"},{\"@type\":\"WebPage\",\"@id\":\"https:\\\/\\\/diariotextual.com\\\/inicio\\\/index.php\\\/2026\\\/04\\\/27\\\/corte-de-prestaciones-de-pami-aceleran-el-momento-del-fallecimiento-de-los-jubilados\\\/\",\"url\":\"https:\\\/\\\/diariotextual.com\\\/inicio\\\/index.php\\\/2026\\\/04\\\/27\\\/corte-de-prestaciones-de-pami-aceleran-el-momento-del-fallecimiento-de-los-jubilados\\\/\",\"name\":\"Corte de prestaciones de PAMI: \u201cAceleran el momento del fallecimiento de los jubilados\u201d - Diario Textual\",\"isPartOf\":{\"@id\":\"https:\\\/\\\/diariotextual.com\\\/inicio\\\/#website\"},\"primaryImageOfPage\":{\"@id\":\"https:\\\/\\\/diariotextual.com\\\/inicio\\\/index.php\\\/2026\\\/04\\\/27\\\/corte-de-prestaciones-de-pami-aceleran-el-momento-del-fallecimiento-de-los-jubilados\\\/#primaryimage\"},\"image\":{\"@id\":\"https:\\\/\\\/diariotextual.com\\\/inicio\\\/index.php\\\/2026\\\/04\\\/27\\\/corte-de-prestaciones-de-pami-aceleran-el-momento-del-fallecimiento-de-los-jubilados\\\/#primaryimage\"},\"thumbnailUrl\":\"https:\\\/\\\/diariotextual.com\\\/inicio\\\/wp-content\\\/uploads\\\/2024\\\/06\\\/pamiobrasocial2024-12.jpg\",\"datePublished\":\"2026-04-27T11:00:31+00:00\",\"dateModified\":\"2026-04-27T12:59:21+00:00\",\"breadcrumb\":{\"@id\":\"https:\\\/\\\/diariotextual.com\\\/inicio\\\/index.php\\\/2026\\\/04\\\/27\\\/corte-de-prestaciones-de-pami-aceleran-el-momento-del-fallecimiento-de-los-jubilados\\\/#breadcrumb\"},\"inLanguage\":\"es\",\"potentialAction\":[{\"@type\":\"ReadAction\",\"target\":[\"https:\\\/\\\/diariotextual.com\\\/inicio\\\/index.php\\\/2026\\\/04\\\/27\\\/corte-de-prestaciones-de-pami-aceleran-el-momento-del-fallecimiento-de-los-jubilados\\\/\"]}]},{\"@type\":\"ImageObject\",\"inLanguage\":\"es\",\"@id\":\"https:\\\/\\\/diariotextual.com\\\/inicio\\\/index.php\\\/2026\\\/04\\\/27\\\/corte-de-prestaciones-de-pami-aceleran-el-momento-del-fallecimiento-de-los-jubilados\\\/#primaryimage\",\"url\":\"https:\\\/\\\/diariotextual.com\\\/inicio\\\/wp-content\\\/uploads\\\/2024\\\/06\\\/pamiobrasocial2024-12.jpg\",\"contentUrl\":\"https:\\\/\\\/diariotextual.com\\\/inicio\\\/wp-content\\\/uploads\\\/2024\\\/06\\\/pamiobrasocial2024-12.jpg\",\"width\":912,\"height\":601},{\"@type\":\"BreadcrumbList\",\"@id\":\"https:\\\/\\\/diariotextual.com\\\/inicio\\\/index.php\\\/2026\\\/04\\\/27\\\/corte-de-prestaciones-de-pami-aceleran-el-momento-del-fallecimiento-de-los-jubilados\\\/#breadcrumb\",\"itemListElement\":[{\"@type\":\"ListItem\",\"position\":1,\"name\":\"Portada\",\"item\":\"https:\\\/\\\/diariotextual.com\\\/inicio\\\/\"},{\"@type\":\"ListItem\",\"position\":2,\"name\":\"Corte de prestaciones de PAMI: \u201cAceleran el momento del fallecimiento de los jubilados\u201d\"}]},{\"@type\":\"WebSite\",\"@id\":\"https:\\\/\\\/diariotextual.com\\\/inicio\\\/#website\",\"url\":\"https:\\\/\\\/diariotextual.com\\\/inicio\\\/\",\"name\":\"Diario Textual\",\"description\":\"\",\"publisher\":{\"@id\":\"https:\\\/\\\/diariotextual.com\\\/inicio\\\/#organization\"},\"potentialAction\":[{\"@type\":\"SearchAction\",\"target\":{\"@type\":\"EntryPoint\",\"urlTemplate\":\"https:\\\/\\\/diariotextual.com\\\/inicio\\\/?s={search_term_string}\"},\"query-input\":{\"@type\":\"PropertyValueSpecification\",\"valueRequired\":true,\"valueName\":\"search_term_string\"}}],\"inLanguage\":\"es\"},{\"@type\":\"Organization\",\"@id\":\"https:\\\/\\\/diariotextual.com\\\/inicio\\\/#organization\",\"name\":\"Diario Textual\",\"url\":\"https:\\\/\\\/diariotextual.com\\\/inicio\\\/\",\"logo\":{\"@type\":\"ImageObject\",\"inLanguage\":\"es\",\"@id\":\"https:\\\/\\\/diariotextual.com\\\/inicio\\\/#\\\/schema\\\/logo\\\/image\\\/\",\"url\":\"https:\\\/\\\/diariotextual.com\\\/inicio\\\/wp-content\\\/uploads\\\/2023\\\/05\\\/logotextual1.jpg\",\"contentUrl\":\"https:\\\/\\\/diariotextual.com\\\/inicio\\\/wp-content\\\/uploads\\\/2023\\\/05\\\/logotextual1.jpg\",\"width\":516,\"height\":76,\"caption\":\"Diario Textual\"},\"image\":{\"@id\":\"https:\\\/\\\/diariotextual.com\\\/inicio\\\/#\\\/schema\\\/logo\\\/image\\\/\"},\"sameAs\":[\"https:\\\/\\\/www.facebook.com\\\/eltextual\",\"https:\\\/\\\/x.com\\\/eltextual\",\"http:\\\/\\\/www.instagram.com\\\/eltextual\"]},{\"@type\":\"Person\",\"@id\":\"https:\\\/\\\/diariotextual.com\\\/inicio\\\/#\\\/schema\\\/person\\\/c7834961ad8b29b1d9cdbf4571299067\",\"name\":\"diario5\",\"image\":{\"@type\":\"ImageObject\",\"inLanguage\":\"es\",\"@id\":\"https:\\\/\\\/secure.gravatar.com\\\/avatar\\\/948c893b847ca6df68216ead81b63f363408ec9b0f600fefc0641ce78613b111?s=96&d=mm&r=g\",\"url\":\"https:\\\/\\\/secure.gravatar.com\\\/avatar\\\/948c893b847ca6df68216ead81b63f363408ec9b0f600fefc0641ce78613b111?s=96&d=mm&r=g\",\"contentUrl\":\"https:\\\/\\\/secure.gravatar.com\\\/avatar\\\/948c893b847ca6df68216ead81b63f363408ec9b0f600fefc0641ce78613b111?s=96&d=mm&r=g\",\"caption\":\"diario5\"},\"url\":\"https:\\\/\\\/diariotextual.com\\\/inicio\\\/index.php\\\/author\\\/diario5\\\/\"}]}<\/script>\n<!-- \/ Yoast SEO plugin. -->","yoast_head_json":{"title":"Corte de prestaciones de PAMI: \u201cAceleran el momento del fallecimiento de los jubilados\u201d - Diario Textual","robots":{"index":"index","follow":"follow","max-snippet":"max-snippet:-1","max-image-preview":"max-image-preview:large","max-video-preview":"max-video-preview:-1"},"canonical":"https:\/\/diariotextual.com\/inicio\/index.php\/2026\/04\/27\/corte-de-prestaciones-de-pami-aceleran-el-momento-del-fallecimiento-de-los-jubilados\/","og_locale":"es_ES","og_type":"article","og_title":"Corte de prestaciones de PAMI: \u201cAceleran el momento del fallecimiento de los jubilados\u201d - Diario Textual","og_description":"El referente de la Sociedad Argentina de Gerontologia, Eduardo Schmunis, cuestion\u00f3 con dureza la situaci\u00f3n que atraviesa el PAMI y advirti\u00f3 que el recorte de prestaciones a jubilados vulnera derechos&hellip;","og_url":"https:\/\/diariotextual.com\/inicio\/index.php\/2026\/04\/27\/corte-de-prestaciones-de-pami-aceleran-el-momento-del-fallecimiento-de-los-jubilados\/","og_site_name":"Diario Textual","article_publisher":"https:\/\/www.facebook.com\/eltextual","article_published_time":"2026-04-27T11:00:31+00:00","article_modified_time":"2026-04-27T12:59:21+00:00","og_image":[{"width":912,"height":601,"url":"https:\/\/diariotextual.com\/inicio\/wp-content\/uploads\/2024\/06\/pamiobrasocial2024-12.jpg","type":"image\/jpeg"}],"author":"diario5","twitter_card":"summary_large_image","twitter_creator":"@eltextual","twitter_site":"@eltextual","twitter_misc":{"Escrito por":"diario5","Tiempo de lectura":"3 minutos"},"schema":{"@context":"https:\/\/schema.org","@graph":[{"@type":"Article","@id":"https:\/\/diariotextual.com\/inicio\/index.php\/2026\/04\/27\/corte-de-prestaciones-de-pami-aceleran-el-momento-del-fallecimiento-de-los-jubilados\/#article","isPartOf":{"@id":"https:\/\/diariotextual.com\/inicio\/index.php\/2026\/04\/27\/corte-de-prestaciones-de-pami-aceleran-el-momento-del-fallecimiento-de-los-jubilados\/"},"author":{"name":"diario5","@id":"https:\/\/diariotextual.com\/inicio\/#\/schema\/person\/c7834961ad8b29b1d9cdbf4571299067"},"headline":"Corte de prestaciones de PAMI: \u201cAceleran el momento del fallecimiento de los jubilados\u201d","datePublished":"2026-04-27T11:00:31+00:00","dateModified":"2026-04-27T12:59:21+00:00","mainEntityOfPage":{"@id":"https:\/\/diariotextual.com\/inicio\/index.php\/2026\/04\/27\/corte-de-prestaciones-de-pami-aceleran-el-momento-del-fallecimiento-de-los-jubilados\/"},"wordCount":458,"publisher":{"@id":"https:\/\/diariotextual.com\/inicio\/#organization"},"image":{"@id":"https:\/\/diariotextual.com\/inicio\/index.php\/2026\/04\/27\/corte-de-prestaciones-de-pami-aceleran-el-momento-del-fallecimiento-de-los-jubilados\/#primaryimage"},"thumbnailUrl":"https:\/\/diariotextual.com\/inicio\/wp-content\/uploads\/2024\/06\/pamiobrasocial2024-12.jpg","articleSection":["A - PORTADA2","SOCIEDAD"],"inLanguage":"es"},{"@type":"WebPage","@id":"https:\/\/diariotextual.com\/inicio\/index.php\/2026\/04\/27\/corte-de-prestaciones-de-pami-aceleran-el-momento-del-fallecimiento-de-los-jubilados\/","url":"https:\/\/diariotextual.com\/inicio\/index.php\/2026\/04\/27\/corte-de-prestaciones-de-pami-aceleran-el-momento-del-fallecimiento-de-los-jubilados\/","name":"Corte de prestaciones de PAMI: \u201cAceleran el momento del fallecimiento de los jubilados\u201d - Diario Textual","isPartOf":{"@id":"https:\/\/diariotextual.com\/inicio\/#website"},"primaryImageOfPage":{"@id":"https:\/\/diariotextual.com\/inicio\/index.php\/2026\/04\/27\/corte-de-prestaciones-de-pami-aceleran-el-momento-del-fallecimiento-de-los-jubilados\/#primaryimage"},"image":{"@id":"https:\/\/diariotextual.com\/inicio\/index.php\/2026\/04\/27\/corte-de-prestaciones-de-pami-aceleran-el-momento-del-fallecimiento-de-los-jubilados\/#primaryimage"},"thumbnailUrl":"https:\/\/diariotextual.com\/inicio\/wp-content\/uploads\/2024\/06\/pamiobrasocial2024-12.jpg","datePublished":"2026-04-27T11:00:31+00:00","dateModified":"2026-04-27T12:59:21+00:00","breadcrumb":{"@id":"https:\/\/diariotextual.com\/inicio\/index.php\/2026\/04\/27\/corte-de-prestaciones-de-pami-aceleran-el-momento-del-fallecimiento-de-los-jubilados\/#breadcrumb"},"inLanguage":"es","potentialAction":[{"@type":"ReadAction","target":["https:\/\/diariotextual.com\/inicio\/index.php\/2026\/04\/27\/corte-de-prestaciones-de-pami-aceleran-el-momento-del-fallecimiento-de-los-jubilados\/"]}]},{"@type":"ImageObject","inLanguage":"es","@id":"https:\/\/diariotextual.com\/inicio\/index.php\/2026\/04\/27\/corte-de-prestaciones-de-pami-aceleran-el-momento-del-fallecimiento-de-los-jubilados\/#primaryimage","url":"https:\/\/diariotextual.com\/inicio\/wp-content\/uploads\/2024\/06\/pamiobrasocial2024-12.jpg","contentUrl":"https:\/\/diariotextual.com\/inicio\/wp-content\/uploads\/2024\/06\/pamiobrasocial2024-12.jpg","width":912,"height":601},{"@type":"BreadcrumbList","@id":"https:\/\/diariotextual.com\/inicio\/index.php\/2026\/04\/27\/corte-de-prestaciones-de-pami-aceleran-el-momento-del-fallecimiento-de-los-jubilados\/#breadcrumb","itemListElement":[{"@type":"ListItem","position":1,"name":"Portada","item":"https:\/\/diariotextual.com\/inicio\/"},{"@type":"ListItem","position":2,"name":"Corte de prestaciones de PAMI: \u201cAceleran el momento del fallecimiento de los jubilados\u201d"}]},{"@type":"WebSite","@id":"https:\/\/diariotextual.com\/inicio\/#website","url":"https:\/\/diariotextual.com\/inicio\/","name":"Diario Textual","description":"","publisher":{"@id":"https:\/\/diariotextual.com\/inicio\/#organization"},"potentialAction":[{"@type":"SearchAction","target":{"@type":"EntryPoint","urlTemplate":"https:\/\/diariotextual.com\/inicio\/?s={search_term_string}"},"query-input":{"@type":"PropertyValueSpecification","valueRequired":true,"valueName":"search_term_string"}}],"inLanguage":"es"},{"@type":"Organization","@id":"https:\/\/diariotextual.com\/inicio\/#organization","name":"Diario Textual","url":"https:\/\/diariotextual.com\/inicio\/","logo":{"@type":"ImageObject","inLanguage":"es","@id":"https:\/\/diariotextual.com\/inicio\/#\/schema\/logo\/image\/","url":"https:\/\/diariotextual.com\/inicio\/wp-content\/uploads\/2023\/05\/logotextual1.jpg","contentUrl":"https:\/\/diariotextual.com\/inicio\/wp-content\/uploads\/2023\/05\/logotextual1.jpg","width":516,"height":76,"caption":"Diario Textual"},"image":{"@id":"https:\/\/diariotextual.com\/inicio\/#\/schema\/logo\/image\/"},"sameAs":["https:\/\/www.facebook.com\/eltextual","https:\/\/x.com\/eltextual","http:\/\/www.instagram.com\/eltextual"]},{"@type":"Person","@id":"https:\/\/diariotextual.com\/inicio\/#\/schema\/person\/c7834961ad8b29b1d9cdbf4571299067","name":"diario5","image":{"@type":"ImageObject","inLanguage":"es","@id":"https:\/\/secure.gravatar.com\/avatar\/948c893b847ca6df68216ead81b63f363408ec9b0f600fefc0641ce78613b111?s=96&d=mm&r=g","url":"https:\/\/secure.gravatar.com\/avatar\/948c893b847ca6df68216ead81b63f363408ec9b0f600fefc0641ce78613b111?s=96&d=mm&r=g","contentUrl":"https:\/\/secure.gravatar.com\/avatar\/948c893b847ca6df68216ead81b63f363408ec9b0f600fefc0641ce78613b111?s=96&d=mm&r=g","caption":"diario5"},"url":"https:\/\/diariotextual.com\/inicio\/index.php\/author\/diario5\/"}]}},"_links":{"self":[{"href":"https:\/\/diariotextual.com\/inicio\/index.php\/wp-json\/wp\/v2\/posts\/325797","targetHints":{"allow":["GET"]}}],"collection":[{"href":"https:\/\/diariotextual.com\/inicio\/index.php\/wp-json\/wp\/v2\/posts"}],"about":[{"href":"https:\/\/diariotextual.com\/inicio\/index.php\/wp-json\/wp\/v2\/types\/post"}],"author":[{"embeddable":true,"href":"https:\/\/diariotextual.com\/inicio\/index.php\/wp-json\/wp\/v2\/users\/7"}],"replies":[{"embeddable":true,"href":"https:\/\/diariotextual.com\/inicio\/index.php\/wp-json\/wp\/v2\/comments?post=325797"}],"version-history":[{"count":2,"href":"https:\/\/diariotextual.com\/inicio\/index.php\/wp-json\/wp\/v2\/posts\/325797\/revisions"}],"predecessor-version":[{"id":325801,"href":"https:\/\/diariotextual.com\/inicio\/index.php\/wp-json\/wp\/v2\/posts\/325797\/revisions\/325801"}],"wp:featuredmedia":[{"embeddable":true,"href":"https:\/\/diariotextual.com\/inicio\/index.php\/wp-json\/wp\/v2\/media\/267624"}],"wp:attachment":[{"href":"https:\/\/diariotextual.com\/inicio\/index.php\/wp-json\/wp\/v2\/media?parent=325797"}],"wp:term":[{"taxonomy":"category","embeddable":true,"href":"https:\/\/diariotextual.com\/inicio\/index.php\/wp-json\/wp\/v2\/categories?post=325797"},{"taxonomy":"post_tag","embeddable":true,"href":"https:\/\/diariotextual.com\/inicio\/index.php\/wp-json\/wp\/v2\/tags?post=325797"}],"curies":[{"name":"wp","href":"https:\/\/api.w.org\/{rel}","templated":true}]}}