{"id":325799,"date":"2026-04-27T08:13:17","date_gmt":"2026-04-27T11:13:17","guid":{"rendered":"https:\/\/diariotextual.com\/inicio\/?p=325799"},"modified":"2026-04-27T08:13:19","modified_gmt":"2026-04-27T11:13:19","slug":"discapacidad-van-a-dejar-sin-cobertura-a-miles-de-personas","status":"publish","type":"post","link":"https:\/\/diariotextual.com\/inicio\/index.php\/2026\/04\/27\/discapacidad-van-a-dejar-sin-cobertura-a-miles-de-personas\/","title":{"rendered":"Discapacidad: \u201cVan a dejar sin cobertura a miles de personas\u201d"},"content":{"rendered":"\n<p>El coordinador del <strong>Foro Permanente para la Promoci\u00f3n y la Defensa de los Derechos de las Personas con Discapacidad, Pablo Molero<\/strong>, rechaz\u00f3 el proyecto de <strong>ley de discapacidad<\/strong> impulsado por el Gobierno nacional y alert\u00f3 sobre el impacto que tendr\u00eda en las personas m\u00e1s vulnerables. \u201cVan a dejar sin cobertura a miles de personas\u201d, avis\u00f3.<\/p>\n\n\n\n<p>En di\u00e1logo con Radio Textual, Molero asegur\u00f3 que la iniciativa no apunta a una pol\u00edtica integral de discapacidad sino a un recorte directo de derechos. \u201cNo les interesa justamente una ley que promueva pol\u00edticas integrales ni nada por el estilo\u201d, afirm\u00f3.<\/p>\n\n\n\n<p>El religioso explic\u00f3 que uno de los puntos centrales es la eliminaci\u00f3n de pensiones para personas con discapacidad en situaci\u00f3n de pobreza, que no solo implicaban un ingreso sino tambi\u00e9n acceso a tratamientos, medicaci\u00f3n y dispositivos. \u201cAc\u00e1 directamente lo quitan y vuelven al esquema anterior que es de incapacidad laboral\u201d, se\u00f1al\u00f3.<\/p>\n\n\n\n<p>Advirti\u00f3 que el cambio de criterios podr\u00eda dejar afuera a miles de beneficiarios. \u201cEsto puede generar tranquilamente que saquen tambi\u00e9n a quien no cumpla con ese criterio de incapacidad laboral\u201d, sostuvo.<\/p>\n\n\n\n<p>Molero tambi\u00e9n alert\u00f3 sobre la desregulaci\u00f3n de aranceles en el sistema de prestaciones, lo que afectar\u00eda directamente la atenci\u00f3n. \u201cSi yo tengo determinados costos qui\u00e9n va a elegir uno, el que m\u00e1s paga\u201d, explic\u00f3, y agreg\u00f3 que esto derivar\u00e1 en exclusi\u00f3n de quienes no puedan afrontar mayores costos.<\/p>\n\n\n\n<p>Adem\u00e1s, describi\u00f3 un escenario cr\u00edtico para prestadores e instituciones. \u201cEsto va a traer mala atenci\u00f3n de la gente o desaparici\u00f3n tambi\u00e9n de prestadores\u201d, afirm\u00f3, al tiempo que remarc\u00f3 las deudas acumuladas del Estado y la imposibilidad de sostener servicios.<\/p>\n\n\n\n<p>El referente tambi\u00e9n cuestion\u00f3 el argumento oficial sobre el crecimiento de las pensiones en los \u00faltimos a\u00f1os. \u201cLa gente estaba esperando ser ayudada\u201d, dijo, y compar\u00f3 la situaci\u00f3n con una demanda contenida durante a\u00f1os que finalmente encontr\u00f3 respuesta.<\/p>\n\n\n\n<p>Sobre el trasfondo social, Molero fue contundente al describir el impacto de la pobreza. \u201cLa guerra de la pobreza es silenciosa, mata gente, enferma gente\u201d, advirti\u00f3.<\/p>\n\n\n\n<p>En relaci\u00f3n al contexto actual, remarc\u00f3 el deterioro de las condiciones de vida. \u201cLa gente realmente no llega a muchas cuestiones, el trabajo no aparece, la gente est\u00e1 angustiada\u201d, describi\u00f3 sobre la situaci\u00f3n en la Ciudad de Buenos Aires y el Conurbano.<\/p>\n\n\n\n<p>Finalmente, alert\u00f3 sobre las consecuencias de las decisiones en materia social. \u201cNo va a haber atenci\u00f3n de personas con discapacidad, es as\u00ed de simple\u201d, concluy\u00f3.<audio autoplay=\"\"><\/audio><audio autoplay=\"\"><\/audio><\/p>\n","protected":false},"excerpt":{"rendered":"<p>El coordinador del Foro Permanente para la Promoci\u00f3n y la Defensa de los Derechos de las Personas con Discapacidad, Pablo Molero, rechaz\u00f3 el proyecto de ley de discapacidad impulsado por&hellip;<\/p>\n","protected":false},"author":7,"featured_media":325501,"comment_status":"closed","ping_status":"open","sticky":false,"template":"","format":"standard","meta":{"_acf_changed":false,"footnotes":""},"categories":[4,12],"tags":[],"class_list":["post-325799","post","type-post","status-publish","format-standard","has-post-thumbnail","hentry","category-destacadas","category-sociedad"],"acf":[],"yoast_head":"<!-- This site is optimized with the Yoast SEO plugin v27.4 - https:\/\/yoast.com\/product\/yoast-seo-wordpress\/ -->\n<title>Discapacidad: \u201cVan a dejar sin cobertura a miles de personas\u201d - Diario Textual<\/title>\n<meta name=\"robots\" content=\"index, follow, max-snippet:-1, max-image-preview:large, max-video-preview:-1\" \/>\n<link rel=\"canonical\" href=\"https:\/\/diariotextual.com\/inicio\/index.php\/2026\/04\/27\/discapacidad-van-a-dejar-sin-cobertura-a-miles-de-personas\/\" \/>\n<meta property=\"og:locale\" content=\"es_ES\" \/>\n<meta property=\"og:type\" content=\"article\" \/>\n<meta property=\"og:title\" content=\"Discapacidad: \u201cVan a dejar sin cobertura a miles de personas\u201d - Diario Textual\" \/>\n<meta property=\"og:description\" content=\"El coordinador del Foro Permanente para la Promoci\u00f3n y la Defensa de los Derechos de las Personas con Discapacidad, Pablo Molero, rechaz\u00f3 el proyecto de ley de discapacidad impulsado por&hellip;\" \/>\n<meta property=\"og:url\" content=\"https:\/\/diariotextual.com\/inicio\/index.php\/2026\/04\/27\/discapacidad-van-a-dejar-sin-cobertura-a-miles-de-personas\/\" \/>\n<meta property=\"og:site_name\" content=\"Diario Textual\" \/>\n<meta property=\"article:publisher\" content=\"https:\/\/www.facebook.com\/eltextual\" \/>\n<meta property=\"article:published_time\" content=\"2026-04-27T11:13:17+00:00\" \/>\n<meta property=\"article:modified_time\" content=\"2026-04-27T11:13:19+00:00\" \/>\n<meta property=\"og:image\" content=\"https:\/\/diariotextual.com\/inicio\/wp-content\/uploads\/2026\/04\/discapacidadmanifestacionensantarosa2026-7.jpg\" \/>\n\t<meta property=\"og:image:width\" content=\"1200\" \/>\n\t<meta property=\"og:image:height\" content=\"900\" \/>\n\t<meta property=\"og:image:type\" content=\"image\/jpeg\" \/>\n<meta name=\"author\" content=\"diario5\" \/>\n<meta name=\"twitter:card\" content=\"summary_large_image\" \/>\n<meta name=\"twitter:creator\" content=\"@eltextual\" \/>\n<meta name=\"twitter:site\" content=\"@eltextual\" \/>\n<meta name=\"twitter:label1\" content=\"Escrito por\" \/>\n\t<meta name=\"twitter:data1\" content=\"diario5\" \/>\n\t<meta name=\"twitter:label2\" content=\"Tiempo de lectura\" \/>\n\t<meta name=\"twitter:data2\" content=\"3 minutos\" \/>\n<script type=\"application\/ld+json\" class=\"yoast-schema-graph\">{\"@context\":\"https:\\\/\\\/schema.org\",\"@graph\":[{\"@type\":\"Article\",\"@id\":\"https:\\\/\\\/diariotextual.com\\\/inicio\\\/index.php\\\/2026\\\/04\\\/27\\\/discapacidad-van-a-dejar-sin-cobertura-a-miles-de-personas\\\/#article\",\"isPartOf\":{\"@id\":\"https:\\\/\\\/diariotextual.com\\\/inicio\\\/index.php\\\/2026\\\/04\\\/27\\\/discapacidad-van-a-dejar-sin-cobertura-a-miles-de-personas\\\/\"},\"author\":{\"name\":\"diario5\",\"@id\":\"https:\\\/\\\/diariotextual.com\\\/inicio\\\/#\\\/schema\\\/person\\\/c7834961ad8b29b1d9cdbf4571299067\"},\"headline\":\"Discapacidad: \u201cVan a dejar sin cobertura a miles de personas\u201d\",\"datePublished\":\"2026-04-27T11:13:17+00:00\",\"dateModified\":\"2026-04-27T11:13:19+00:00\",\"mainEntityOfPage\":{\"@id\":\"https:\\\/\\\/diariotextual.com\\\/inicio\\\/index.php\\\/2026\\\/04\\\/27\\\/discapacidad-van-a-dejar-sin-cobertura-a-miles-de-personas\\\/\"},\"wordCount\":438,\"publisher\":{\"@id\":\"https:\\\/\\\/diariotextual.com\\\/inicio\\\/#organization\"},\"image\":{\"@id\":\"https:\\\/\\\/diariotextual.com\\\/inicio\\\/index.php\\\/2026\\\/04\\\/27\\\/discapacidad-van-a-dejar-sin-cobertura-a-miles-de-personas\\\/#primaryimage\"},\"thumbnailUrl\":\"https:\\\/\\\/diariotextual.com\\\/inicio\\\/wp-content\\\/uploads\\\/2026\\\/04\\\/discapacidadmanifestacionensantarosa2026-7.jpg\",\"articleSection\":[\"A - DESTACADAS (mod 16)\",\"SOCIEDAD\"],\"inLanguage\":\"es\"},{\"@type\":\"WebPage\",\"@id\":\"https:\\\/\\\/diariotextual.com\\\/inicio\\\/index.php\\\/2026\\\/04\\\/27\\\/discapacidad-van-a-dejar-sin-cobertura-a-miles-de-personas\\\/\",\"url\":\"https:\\\/\\\/diariotextual.com\\\/inicio\\\/index.php\\\/2026\\\/04\\\/27\\\/discapacidad-van-a-dejar-sin-cobertura-a-miles-de-personas\\\/\",\"name\":\"Discapacidad: \u201cVan a dejar sin cobertura a miles de personas\u201d - Diario Textual\",\"isPartOf\":{\"@id\":\"https:\\\/\\\/diariotextual.com\\\/inicio\\\/#website\"},\"primaryImageOfPage\":{\"@id\":\"https:\\\/\\\/diariotextual.com\\\/inicio\\\/index.php\\\/2026\\\/04\\\/27\\\/discapacidad-van-a-dejar-sin-cobertura-a-miles-de-personas\\\/#primaryimage\"},\"image\":{\"@id\":\"https:\\\/\\\/diariotextual.com\\\/inicio\\\/index.php\\\/2026\\\/04\\\/27\\\/discapacidad-van-a-dejar-sin-cobertura-a-miles-de-personas\\\/#primaryimage\"},\"thumbnailUrl\":\"https:\\\/\\\/diariotextual.com\\\/inicio\\\/wp-content\\\/uploads\\\/2026\\\/04\\\/discapacidadmanifestacionensantarosa2026-7.jpg\",\"datePublished\":\"2026-04-27T11:13:17+00:00\",\"dateModified\":\"2026-04-27T11:13:19+00:00\",\"breadcrumb\":{\"@id\":\"https:\\\/\\\/diariotextual.com\\\/inicio\\\/index.php\\\/2026\\\/04\\\/27\\\/discapacidad-van-a-dejar-sin-cobertura-a-miles-de-personas\\\/#breadcrumb\"},\"inLanguage\":\"es\",\"potentialAction\":[{\"@type\":\"ReadAction\",\"target\":[\"https:\\\/\\\/diariotextual.com\\\/inicio\\\/index.php\\\/2026\\\/04\\\/27\\\/discapacidad-van-a-dejar-sin-cobertura-a-miles-de-personas\\\/\"]}]},{\"@type\":\"ImageObject\",\"inLanguage\":\"es\",\"@id\":\"https:\\\/\\\/diariotextual.com\\\/inicio\\\/index.php\\\/2026\\\/04\\\/27\\\/discapacidad-van-a-dejar-sin-cobertura-a-miles-de-personas\\\/#primaryimage\",\"url\":\"https:\\\/\\\/diariotextual.com\\\/inicio\\\/wp-content\\\/uploads\\\/2026\\\/04\\\/discapacidadmanifestacionensantarosa2026-7.jpg\",\"contentUrl\":\"https:\\\/\\\/diariotextual.com\\\/inicio\\\/wp-content\\\/uploads\\\/2026\\\/04\\\/discapacidadmanifestacionensantarosa2026-7.jpg\",\"width\":1200,\"height\":900},{\"@type\":\"BreadcrumbList\",\"@id\":\"https:\\\/\\\/diariotextual.com\\\/inicio\\\/index.php\\\/2026\\\/04\\\/27\\\/discapacidad-van-a-dejar-sin-cobertura-a-miles-de-personas\\\/#breadcrumb\",\"itemListElement\":[{\"@type\":\"ListItem\",\"position\":1,\"name\":\"Portada\",\"item\":\"https:\\\/\\\/diariotextual.com\\\/inicio\\\/\"},{\"@type\":\"ListItem\",\"position\":2,\"name\":\"Discapacidad: \u201cVan a dejar sin cobertura a miles de personas\u201d\"}]},{\"@type\":\"WebSite\",\"@id\":\"https:\\\/\\\/diariotextual.com\\\/inicio\\\/#website\",\"url\":\"https:\\\/\\\/diariotextual.com\\\/inicio\\\/\",\"name\":\"Diario Textual\",\"description\":\"\",\"publisher\":{\"@id\":\"https:\\\/\\\/diariotextual.com\\\/inicio\\\/#organization\"},\"potentialAction\":[{\"@type\":\"SearchAction\",\"target\":{\"@type\":\"EntryPoint\",\"urlTemplate\":\"https:\\\/\\\/diariotextual.com\\\/inicio\\\/?s={search_term_string}\"},\"query-input\":{\"@type\":\"PropertyValueSpecification\",\"valueRequired\":true,\"valueName\":\"search_term_string\"}}],\"inLanguage\":\"es\"},{\"@type\":\"Organization\",\"@id\":\"https:\\\/\\\/diariotextual.com\\\/inicio\\\/#organization\",\"name\":\"Diario Textual\",\"url\":\"https:\\\/\\\/diariotextual.com\\\/inicio\\\/\",\"logo\":{\"@type\":\"ImageObject\",\"inLanguage\":\"es\",\"@id\":\"https:\\\/\\\/diariotextual.com\\\/inicio\\\/#\\\/schema\\\/logo\\\/image\\\/\",\"url\":\"https:\\\/\\\/diariotextual.com\\\/inicio\\\/wp-content\\\/uploads\\\/2023\\\/05\\\/logotextual1.jpg\",\"contentUrl\":\"https:\\\/\\\/diariotextual.com\\\/inicio\\\/wp-content\\\/uploads\\\/2023\\\/05\\\/logotextual1.jpg\",\"width\":516,\"height\":76,\"caption\":\"Diario Textual\"},\"image\":{\"@id\":\"https:\\\/\\\/diariotextual.com\\\/inicio\\\/#\\\/schema\\\/logo\\\/image\\\/\"},\"sameAs\":[\"https:\\\/\\\/www.facebook.com\\\/eltextual\",\"https:\\\/\\\/x.com\\\/eltextual\",\"http:\\\/\\\/www.instagram.com\\\/eltextual\"]},{\"@type\":\"Person\",\"@id\":\"https:\\\/\\\/diariotextual.com\\\/inicio\\\/#\\\/schema\\\/person\\\/c7834961ad8b29b1d9cdbf4571299067\",\"name\":\"diario5\",\"image\":{\"@type\":\"ImageObject\",\"inLanguage\":\"es\",\"@id\":\"https:\\\/\\\/secure.gravatar.com\\\/avatar\\\/948c893b847ca6df68216ead81b63f363408ec9b0f600fefc0641ce78613b111?s=96&d=mm&r=g\",\"url\":\"https:\\\/\\\/secure.gravatar.com\\\/avatar\\\/948c893b847ca6df68216ead81b63f363408ec9b0f600fefc0641ce78613b111?s=96&d=mm&r=g\",\"contentUrl\":\"https:\\\/\\\/secure.gravatar.com\\\/avatar\\\/948c893b847ca6df68216ead81b63f363408ec9b0f600fefc0641ce78613b111?s=96&d=mm&r=g\",\"caption\":\"diario5\"},\"url\":\"https:\\\/\\\/diariotextual.com\\\/inicio\\\/index.php\\\/author\\\/diario5\\\/\"}]}<\/script>\n<!-- \/ Yoast SEO plugin. -->","yoast_head_json":{"title":"Discapacidad: \u201cVan a dejar sin cobertura a miles de personas\u201d - Diario Textual","robots":{"index":"index","follow":"follow","max-snippet":"max-snippet:-1","max-image-preview":"max-image-preview:large","max-video-preview":"max-video-preview:-1"},"canonical":"https:\/\/diariotextual.com\/inicio\/index.php\/2026\/04\/27\/discapacidad-van-a-dejar-sin-cobertura-a-miles-de-personas\/","og_locale":"es_ES","og_type":"article","og_title":"Discapacidad: \u201cVan a dejar sin cobertura a miles de personas\u201d - Diario Textual","og_description":"El coordinador del Foro Permanente para la Promoci\u00f3n y la Defensa de los Derechos de las Personas con Discapacidad, Pablo Molero, rechaz\u00f3 el proyecto de ley de discapacidad impulsado por&hellip;","og_url":"https:\/\/diariotextual.com\/inicio\/index.php\/2026\/04\/27\/discapacidad-van-a-dejar-sin-cobertura-a-miles-de-personas\/","og_site_name":"Diario Textual","article_publisher":"https:\/\/www.facebook.com\/eltextual","article_published_time":"2026-04-27T11:13:17+00:00","article_modified_time":"2026-04-27T11:13:19+00:00","og_image":[{"width":1200,"height":900,"url":"https:\/\/diariotextual.com\/inicio\/wp-content\/uploads\/2026\/04\/discapacidadmanifestacionensantarosa2026-7.jpg","type":"image\/jpeg"}],"author":"diario5","twitter_card":"summary_large_image","twitter_creator":"@eltextual","twitter_site":"@eltextual","twitter_misc":{"Escrito por":"diario5","Tiempo de lectura":"3 minutos"},"schema":{"@context":"https:\/\/schema.org","@graph":[{"@type":"Article","@id":"https:\/\/diariotextual.com\/inicio\/index.php\/2026\/04\/27\/discapacidad-van-a-dejar-sin-cobertura-a-miles-de-personas\/#article","isPartOf":{"@id":"https:\/\/diariotextual.com\/inicio\/index.php\/2026\/04\/27\/discapacidad-van-a-dejar-sin-cobertura-a-miles-de-personas\/"},"author":{"name":"diario5","@id":"https:\/\/diariotextual.com\/inicio\/#\/schema\/person\/c7834961ad8b29b1d9cdbf4571299067"},"headline":"Discapacidad: \u201cVan a dejar sin cobertura a miles de personas\u201d","datePublished":"2026-04-27T11:13:17+00:00","dateModified":"2026-04-27T11:13:19+00:00","mainEntityOfPage":{"@id":"https:\/\/diariotextual.com\/inicio\/index.php\/2026\/04\/27\/discapacidad-van-a-dejar-sin-cobertura-a-miles-de-personas\/"},"wordCount":438,"publisher":{"@id":"https:\/\/diariotextual.com\/inicio\/#organization"},"image":{"@id":"https:\/\/diariotextual.com\/inicio\/index.php\/2026\/04\/27\/discapacidad-van-a-dejar-sin-cobertura-a-miles-de-personas\/#primaryimage"},"thumbnailUrl":"https:\/\/diariotextual.com\/inicio\/wp-content\/uploads\/2026\/04\/discapacidadmanifestacionensantarosa2026-7.jpg","articleSection":["A - DESTACADAS (mod 16)","SOCIEDAD"],"inLanguage":"es"},{"@type":"WebPage","@id":"https:\/\/diariotextual.com\/inicio\/index.php\/2026\/04\/27\/discapacidad-van-a-dejar-sin-cobertura-a-miles-de-personas\/","url":"https:\/\/diariotextual.com\/inicio\/index.php\/2026\/04\/27\/discapacidad-van-a-dejar-sin-cobertura-a-miles-de-personas\/","name":"Discapacidad: \u201cVan a dejar sin cobertura a miles de personas\u201d - Diario Textual","isPartOf":{"@id":"https:\/\/diariotextual.com\/inicio\/#website"},"primaryImageOfPage":{"@id":"https:\/\/diariotextual.com\/inicio\/index.php\/2026\/04\/27\/discapacidad-van-a-dejar-sin-cobertura-a-miles-de-personas\/#primaryimage"},"image":{"@id":"https:\/\/diariotextual.com\/inicio\/index.php\/2026\/04\/27\/discapacidad-van-a-dejar-sin-cobertura-a-miles-de-personas\/#primaryimage"},"thumbnailUrl":"https:\/\/diariotextual.com\/inicio\/wp-content\/uploads\/2026\/04\/discapacidadmanifestacionensantarosa2026-7.jpg","datePublished":"2026-04-27T11:13:17+00:00","dateModified":"2026-04-27T11:13:19+00:00","breadcrumb":{"@id":"https:\/\/diariotextual.com\/inicio\/index.php\/2026\/04\/27\/discapacidad-van-a-dejar-sin-cobertura-a-miles-de-personas\/#breadcrumb"},"inLanguage":"es","potentialAction":[{"@type":"ReadAction","target":["https:\/\/diariotextual.com\/inicio\/index.php\/2026\/04\/27\/discapacidad-van-a-dejar-sin-cobertura-a-miles-de-personas\/"]}]},{"@type":"ImageObject","inLanguage":"es","@id":"https:\/\/diariotextual.com\/inicio\/index.php\/2026\/04\/27\/discapacidad-van-a-dejar-sin-cobertura-a-miles-de-personas\/#primaryimage","url":"https:\/\/diariotextual.com\/inicio\/wp-content\/uploads\/2026\/04\/discapacidadmanifestacionensantarosa2026-7.jpg","contentUrl":"https:\/\/diariotextual.com\/inicio\/wp-content\/uploads\/2026\/04\/discapacidadmanifestacionensantarosa2026-7.jpg","width":1200,"height":900},{"@type":"BreadcrumbList","@id":"https:\/\/diariotextual.com\/inicio\/index.php\/2026\/04\/27\/discapacidad-van-a-dejar-sin-cobertura-a-miles-de-personas\/#breadcrumb","itemListElement":[{"@type":"ListItem","position":1,"name":"Portada","item":"https:\/\/diariotextual.com\/inicio\/"},{"@type":"ListItem","position":2,"name":"Discapacidad: \u201cVan a dejar sin cobertura a miles de personas\u201d"}]},{"@type":"WebSite","@id":"https:\/\/diariotextual.com\/inicio\/#website","url":"https:\/\/diariotextual.com\/inicio\/","name":"Diario Textual","description":"","publisher":{"@id":"https:\/\/diariotextual.com\/inicio\/#organization"},"potentialAction":[{"@type":"SearchAction","target":{"@type":"EntryPoint","urlTemplate":"https:\/\/diariotextual.com\/inicio\/?s={search_term_string}"},"query-input":{"@type":"PropertyValueSpecification","valueRequired":true,"valueName":"search_term_string"}}],"inLanguage":"es"},{"@type":"Organization","@id":"https:\/\/diariotextual.com\/inicio\/#organization","name":"Diario Textual","url":"https:\/\/diariotextual.com\/inicio\/","logo":{"@type":"ImageObject","inLanguage":"es","@id":"https:\/\/diariotextual.com\/inicio\/#\/schema\/logo\/image\/","url":"https:\/\/diariotextual.com\/inicio\/wp-content\/uploads\/2023\/05\/logotextual1.jpg","contentUrl":"https:\/\/diariotextual.com\/inicio\/wp-content\/uploads\/2023\/05\/logotextual1.jpg","width":516,"height":76,"caption":"Diario Textual"},"image":{"@id":"https:\/\/diariotextual.com\/inicio\/#\/schema\/logo\/image\/"},"sameAs":["https:\/\/www.facebook.com\/eltextual","https:\/\/x.com\/eltextual","http:\/\/www.instagram.com\/eltextual"]},{"@type":"Person","@id":"https:\/\/diariotextual.com\/inicio\/#\/schema\/person\/c7834961ad8b29b1d9cdbf4571299067","name":"diario5","image":{"@type":"ImageObject","inLanguage":"es","@id":"https:\/\/secure.gravatar.com\/avatar\/948c893b847ca6df68216ead81b63f363408ec9b0f600fefc0641ce78613b111?s=96&d=mm&r=g","url":"https:\/\/secure.gravatar.com\/avatar\/948c893b847ca6df68216ead81b63f363408ec9b0f600fefc0641ce78613b111?s=96&d=mm&r=g","contentUrl":"https:\/\/secure.gravatar.com\/avatar\/948c893b847ca6df68216ead81b63f363408ec9b0f600fefc0641ce78613b111?s=96&d=mm&r=g","caption":"diario5"},"url":"https:\/\/diariotextual.com\/inicio\/index.php\/author\/diario5\/"}]}},"_links":{"self":[{"href":"https:\/\/diariotextual.com\/inicio\/index.php\/wp-json\/wp\/v2\/posts\/325799","targetHints":{"allow":["GET"]}}],"collection":[{"href":"https:\/\/diariotextual.com\/inicio\/index.php\/wp-json\/wp\/v2\/posts"}],"about":[{"href":"https:\/\/diariotextual.com\/inicio\/index.php\/wp-json\/wp\/v2\/types\/post"}],"author":[{"embeddable":true,"href":"https:\/\/diariotextual.com\/inicio\/index.php\/wp-json\/wp\/v2\/users\/7"}],"replies":[{"embeddable":true,"href":"https:\/\/diariotextual.com\/inicio\/index.php\/wp-json\/wp\/v2\/comments?post=325799"}],"version-history":[{"count":1,"href":"https:\/\/diariotextual.com\/inicio\/index.php\/wp-json\/wp\/v2\/posts\/325799\/revisions"}],"predecessor-version":[{"id":325800,"href":"https:\/\/diariotextual.com\/inicio\/index.php\/wp-json\/wp\/v2\/posts\/325799\/revisions\/325800"}],"wp:featuredmedia":[{"embeddable":true,"href":"https:\/\/diariotextual.com\/inicio\/index.php\/wp-json\/wp\/v2\/media\/325501"}],"wp:attachment":[{"href":"https:\/\/diariotextual.com\/inicio\/index.php\/wp-json\/wp\/v2\/media?parent=325799"}],"wp:term":[{"taxonomy":"category","embeddable":true,"href":"https:\/\/diariotextual.com\/inicio\/index.php\/wp-json\/wp\/v2\/categories?post=325799"},{"taxonomy":"post_tag","embeddable":true,"href":"https:\/\/diariotextual.com\/inicio\/index.php\/wp-json\/wp\/v2\/tags?post=325799"}],"curies":[{"name":"wp","href":"https:\/\/api.w.org\/{rel}","templated":true}]}}