{"id":325807,"date":"2026-04-27T09:02:38","date_gmt":"2026-04-27T12:02:38","guid":{"rendered":"https:\/\/diariotextual.com\/inicio\/?p=325807"},"modified":"2026-04-27T09:02:40","modified_gmt":"2026-04-27T12:02:40","slug":"una-historica-planta-de-electrodomesticos-deja-de-producir-heladeras-y-echara-al-personal-en-rosario","status":"publish","type":"post","link":"https:\/\/diariotextual.com\/inicio\/index.php\/2026\/04\/27\/una-historica-planta-de-electrodomesticos-deja-de-producir-heladeras-y-echara-al-personal-en-rosario\/","title":{"rendered":"Una hist\u00f3rica planta de electrodom\u00e9sticos deja de producir heladeras y echar\u00e1 al personal en Rosario"},"content":{"rendered":"\n<p>Frimetal, la empresa que ensambla la marca\u00a0<strong>Electrolux<\/strong>\u00a0en\u00a0Rosario, cesar\u00e1 la producci\u00f3n de\u00a0heladeras\u00a0en mayo. Esta decisi\u00f3n se debe al impacto de la <strong>ca\u00edda del consumo<\/strong> y el <strong>auge de importaciones<\/strong> en la industria de electrodom\u00e9sticos argentina. La firma prev\u00e9 la\u00a0<strong>reducci\u00f3n de su personal.<\/strong><\/p>\n\n\n\n<p>Seg\u00fan inform\u00f3 el diario La Capital, el final de la fabricaci\u00f3n nacional de uno de sus productos emblem\u00e1ticos transformar\u00e1 la planta rosarina en un\u00a0centro de operaciones m\u00ednimas\u00a0-mayormente dedicado a la importaci\u00f3n de productos terminados- y profundizar\u00e1 el recorte de su estructura laboral.<\/p>\n\n\n\n<p>De esta manera, la firma de origen sueco pondr\u00e1 fin a su l\u00ednea de fr\u00edo. Esto implica que la planta\u00a0dejar\u00e1 de fabricar tanto cocinas\u00a0-cuya producci\u00f3n se interrumpi\u00f3 en enero- como heladeras, y solo continuar\u00e1 con la elaboraci\u00f3n de freezers y lavarropas, seg\u00fan precisaron fuentes internas a La Capital.<\/p>\n\n\n\n<p>En este marco, la plantilla de empleados de la compa\u00f1\u00eda experimentar\u00e1 una nueva reducci\u00f3n: de los\u00a0750 trabajadores\u00a0iniciales restan unos\u00a0250 empleados, y, tras la implementaci\u00f3n de la medida, solo\u00a0150 empleados\u00a0mantendr\u00e1n su puesto, dedicados exclusivamente a las funciones que permanezcan activas. <\/p>\n\n\n\n<p>En marzo,\u00a0Electrolux\u00a0ya hab\u00eda puesto en marcha un plan de reducci\u00f3n de personal en la f\u00e1brica de Rosario. La apertura de un programa de retiros voluntarios para\u00a0100 trabajadores\u00a0tuvo una adhesi\u00f3n mayor a la esperada:\u00a0m\u00e1s de 130 operarios\u00a0decidieron aceptar la propuesta antes del cierre del proceso, inform\u00f3 la\u00a0Uni\u00f3n Obrera Metal\u00fargica (UOM). Este ajuste se produjo en un contexto en el que la planta, que lleg\u00f3 a emplear a 750 personas, ya operaba por debajo de su hist\u00f3rica capacidad.<\/p>\n","protected":false},"excerpt":{"rendered":"<p>Frimetal, la empresa que ensambla la marca\u00a0Electrolux\u00a0en\u00a0Rosario, cesar\u00e1 la producci\u00f3n de\u00a0heladeras\u00a0en mayo. Esta decisi\u00f3n se debe al impacto de la ca\u00edda del consumo y el auge de importaciones en la&hellip;<\/p>\n","protected":false},"author":7,"featured_media":325808,"comment_status":"closed","ping_status":"open","sticky":false,"template":"","format":"standard","meta":{"_acf_changed":false,"footnotes":""},"categories":[1,12],"tags":[],"class_list":["post-325807","post","type-post","status-publish","format-standard","has-post-thumbnail","hentry","category-es-noticia","category-sociedad"],"acf":[],"yoast_head":"<!-- This site is optimized with the Yoast SEO plugin v27.4 - https:\/\/yoast.com\/product\/yoast-seo-wordpress\/ -->\n<title>Una hist\u00f3rica planta de electrodom\u00e9sticos deja de producir heladeras y echar\u00e1 al personal en Rosario - Diario Textual<\/title>\n<meta name=\"robots\" content=\"index, follow, max-snippet:-1, max-image-preview:large, max-video-preview:-1\" \/>\n<link rel=\"canonical\" href=\"https:\/\/diariotextual.com\/inicio\/index.php\/2026\/04\/27\/una-historica-planta-de-electrodomesticos-deja-de-producir-heladeras-y-echara-al-personal-en-rosario\/\" \/>\n<meta property=\"og:locale\" content=\"es_ES\" \/>\n<meta property=\"og:type\" content=\"article\" \/>\n<meta property=\"og:title\" content=\"Una hist\u00f3rica planta de electrodom\u00e9sticos deja de producir heladeras y echar\u00e1 al personal en Rosario - Diario Textual\" \/>\n<meta property=\"og:description\" content=\"Frimetal, la empresa que ensambla la marca\u00a0Electrolux\u00a0en\u00a0Rosario, cesar\u00e1 la producci\u00f3n de\u00a0heladeras\u00a0en mayo. Esta decisi\u00f3n se debe al impacto de la ca\u00edda del consumo y el auge de importaciones en la&hellip;\" \/>\n<meta property=\"og:url\" content=\"https:\/\/diariotextual.com\/inicio\/index.php\/2026\/04\/27\/una-historica-planta-de-electrodomesticos-deja-de-producir-heladeras-y-echara-al-personal-en-rosario\/\" \/>\n<meta property=\"og:site_name\" content=\"Diario Textual\" \/>\n<meta property=\"article:publisher\" content=\"https:\/\/www.facebook.com\/eltextual\" \/>\n<meta property=\"article:published_time\" content=\"2026-04-27T12:02:38+00:00\" \/>\n<meta property=\"article:modified_time\" content=\"2026-04-27T12:02:40+00:00\" \/>\n<meta property=\"og:image\" content=\"https:\/\/diariotextual.com\/inicio\/wp-content\/uploads\/2026\/04\/electrolux-trabajadores.jpg\" \/>\n\t<meta property=\"og:image:width\" content=\"938\" \/>\n\t<meta property=\"og:image:height\" content=\"527\" \/>\n\t<meta property=\"og:image:type\" content=\"image\/jpeg\" \/>\n<meta name=\"author\" content=\"diario5\" \/>\n<meta name=\"twitter:card\" content=\"summary_large_image\" \/>\n<meta name=\"twitter:creator\" content=\"@eltextual\" \/>\n<meta name=\"twitter:site\" content=\"@eltextual\" \/>\n<meta name=\"twitter:label1\" content=\"Escrito por\" \/>\n\t<meta name=\"twitter:data1\" content=\"diario5\" \/>\n\t<meta name=\"twitter:label2\" content=\"Tiempo de lectura\" \/>\n\t<meta name=\"twitter:data2\" content=\"2 minutos\" \/>\n<script type=\"application\/ld+json\" class=\"yoast-schema-graph\">{\"@context\":\"https:\\\/\\\/schema.org\",\"@graph\":[{\"@type\":\"Article\",\"@id\":\"https:\\\/\\\/diariotextual.com\\\/inicio\\\/index.php\\\/2026\\\/04\\\/27\\\/una-historica-planta-de-electrodomesticos-deja-de-producir-heladeras-y-echara-al-personal-en-rosario\\\/#article\",\"isPartOf\":{\"@id\":\"https:\\\/\\\/diariotextual.com\\\/inicio\\\/index.php\\\/2026\\\/04\\\/27\\\/una-historica-planta-de-electrodomesticos-deja-de-producir-heladeras-y-echara-al-personal-en-rosario\\\/\"},\"author\":{\"name\":\"diario5\",\"@id\":\"https:\\\/\\\/diariotextual.com\\\/inicio\\\/#\\\/schema\\\/person\\\/c7834961ad8b29b1d9cdbf4571299067\"},\"headline\":\"Una hist\u00f3rica planta de electrodom\u00e9sticos deja de producir heladeras y echar\u00e1 al personal en Rosario\",\"datePublished\":\"2026-04-27T12:02:38+00:00\",\"dateModified\":\"2026-04-27T12:02:40+00:00\",\"mainEntityOfPage\":{\"@id\":\"https:\\\/\\\/diariotextual.com\\\/inicio\\\/index.php\\\/2026\\\/04\\\/27\\\/una-historica-planta-de-electrodomesticos-deja-de-producir-heladeras-y-echara-al-personal-en-rosario\\\/\"},\"wordCount\":306,\"publisher\":{\"@id\":\"https:\\\/\\\/diariotextual.com\\\/inicio\\\/#organization\"},\"image\":{\"@id\":\"https:\\\/\\\/diariotextual.com\\\/inicio\\\/index.php\\\/2026\\\/04\\\/27\\\/una-historica-planta-de-electrodomesticos-deja-de-producir-heladeras-y-echara-al-personal-en-rosario\\\/#primaryimage\"},\"thumbnailUrl\":\"https:\\\/\\\/diariotextual.com\\\/inicio\\\/wp-content\\\/uploads\\\/2026\\\/04\\\/electrolux-trabajadores.jpg\",\"articleSection\":[\"A - ES NOTICIA (van abajo)\",\"SOCIEDAD\"],\"inLanguage\":\"es\"},{\"@type\":\"WebPage\",\"@id\":\"https:\\\/\\\/diariotextual.com\\\/inicio\\\/index.php\\\/2026\\\/04\\\/27\\\/una-historica-planta-de-electrodomesticos-deja-de-producir-heladeras-y-echara-al-personal-en-rosario\\\/\",\"url\":\"https:\\\/\\\/diariotextual.com\\\/inicio\\\/index.php\\\/2026\\\/04\\\/27\\\/una-historica-planta-de-electrodomesticos-deja-de-producir-heladeras-y-echara-al-personal-en-rosario\\\/\",\"name\":\"Una hist\u00f3rica planta de electrodom\u00e9sticos deja de producir heladeras y echar\u00e1 al personal en Rosario - Diario Textual\",\"isPartOf\":{\"@id\":\"https:\\\/\\\/diariotextual.com\\\/inicio\\\/#website\"},\"primaryImageOfPage\":{\"@id\":\"https:\\\/\\\/diariotextual.com\\\/inicio\\\/index.php\\\/2026\\\/04\\\/27\\\/una-historica-planta-de-electrodomesticos-deja-de-producir-heladeras-y-echara-al-personal-en-rosario\\\/#primaryimage\"},\"image\":{\"@id\":\"https:\\\/\\\/diariotextual.com\\\/inicio\\\/index.php\\\/2026\\\/04\\\/27\\\/una-historica-planta-de-electrodomesticos-deja-de-producir-heladeras-y-echara-al-personal-en-rosario\\\/#primaryimage\"},\"thumbnailUrl\":\"https:\\\/\\\/diariotextual.com\\\/inicio\\\/wp-content\\\/uploads\\\/2026\\\/04\\\/electrolux-trabajadores.jpg\",\"datePublished\":\"2026-04-27T12:02:38+00:00\",\"dateModified\":\"2026-04-27T12:02:40+00:00\",\"breadcrumb\":{\"@id\":\"https:\\\/\\\/diariotextual.com\\\/inicio\\\/index.php\\\/2026\\\/04\\\/27\\\/una-historica-planta-de-electrodomesticos-deja-de-producir-heladeras-y-echara-al-personal-en-rosario\\\/#breadcrumb\"},\"inLanguage\":\"es\",\"potentialAction\":[{\"@type\":\"ReadAction\",\"target\":[\"https:\\\/\\\/diariotextual.com\\\/inicio\\\/index.php\\\/2026\\\/04\\\/27\\\/una-historica-planta-de-electrodomesticos-deja-de-producir-heladeras-y-echara-al-personal-en-rosario\\\/\"]}]},{\"@type\":\"ImageObject\",\"inLanguage\":\"es\",\"@id\":\"https:\\\/\\\/diariotextual.com\\\/inicio\\\/index.php\\\/2026\\\/04\\\/27\\\/una-historica-planta-de-electrodomesticos-deja-de-producir-heladeras-y-echara-al-personal-en-rosario\\\/#primaryimage\",\"url\":\"https:\\\/\\\/diariotextual.com\\\/inicio\\\/wp-content\\\/uploads\\\/2026\\\/04\\\/electrolux-trabajadores.jpg\",\"contentUrl\":\"https:\\\/\\\/diariotextual.com\\\/inicio\\\/wp-content\\\/uploads\\\/2026\\\/04\\\/electrolux-trabajadores.jpg\",\"width\":938,\"height\":527},{\"@type\":\"BreadcrumbList\",\"@id\":\"https:\\\/\\\/diariotextual.com\\\/inicio\\\/index.php\\\/2026\\\/04\\\/27\\\/una-historica-planta-de-electrodomesticos-deja-de-producir-heladeras-y-echara-al-personal-en-rosario\\\/#breadcrumb\",\"itemListElement\":[{\"@type\":\"ListItem\",\"position\":1,\"name\":\"Portada\",\"item\":\"https:\\\/\\\/diariotextual.com\\\/inicio\\\/\"},{\"@type\":\"ListItem\",\"position\":2,\"name\":\"Una hist\u00f3rica planta de electrodom\u00e9sticos deja de producir heladeras y echar\u00e1 al personal en Rosario\"}]},{\"@type\":\"WebSite\",\"@id\":\"https:\\\/\\\/diariotextual.com\\\/inicio\\\/#website\",\"url\":\"https:\\\/\\\/diariotextual.com\\\/inicio\\\/\",\"name\":\"Diario Textual\",\"description\":\"\",\"publisher\":{\"@id\":\"https:\\\/\\\/diariotextual.com\\\/inicio\\\/#organization\"},\"potentialAction\":[{\"@type\":\"SearchAction\",\"target\":{\"@type\":\"EntryPoint\",\"urlTemplate\":\"https:\\\/\\\/diariotextual.com\\\/inicio\\\/?s={search_term_string}\"},\"query-input\":{\"@type\":\"PropertyValueSpecification\",\"valueRequired\":true,\"valueName\":\"search_term_string\"}}],\"inLanguage\":\"es\"},{\"@type\":\"Organization\",\"@id\":\"https:\\\/\\\/diariotextual.com\\\/inicio\\\/#organization\",\"name\":\"Diario Textual\",\"url\":\"https:\\\/\\\/diariotextual.com\\\/inicio\\\/\",\"logo\":{\"@type\":\"ImageObject\",\"inLanguage\":\"es\",\"@id\":\"https:\\\/\\\/diariotextual.com\\\/inicio\\\/#\\\/schema\\\/logo\\\/image\\\/\",\"url\":\"https:\\\/\\\/diariotextual.com\\\/inicio\\\/wp-content\\\/uploads\\\/2023\\\/05\\\/logotextual1.jpg\",\"contentUrl\":\"https:\\\/\\\/diariotextual.com\\\/inicio\\\/wp-content\\\/uploads\\\/2023\\\/05\\\/logotextual1.jpg\",\"width\":516,\"height\":76,\"caption\":\"Diario Textual\"},\"image\":{\"@id\":\"https:\\\/\\\/diariotextual.com\\\/inicio\\\/#\\\/schema\\\/logo\\\/image\\\/\"},\"sameAs\":[\"https:\\\/\\\/www.facebook.com\\\/eltextual\",\"https:\\\/\\\/x.com\\\/eltextual\",\"http:\\\/\\\/www.instagram.com\\\/eltextual\"]},{\"@type\":\"Person\",\"@id\":\"https:\\\/\\\/diariotextual.com\\\/inicio\\\/#\\\/schema\\\/person\\\/c7834961ad8b29b1d9cdbf4571299067\",\"name\":\"diario5\",\"image\":{\"@type\":\"ImageObject\",\"inLanguage\":\"es\",\"@id\":\"https:\\\/\\\/secure.gravatar.com\\\/avatar\\\/948c893b847ca6df68216ead81b63f363408ec9b0f600fefc0641ce78613b111?s=96&d=mm&r=g\",\"url\":\"https:\\\/\\\/secure.gravatar.com\\\/avatar\\\/948c893b847ca6df68216ead81b63f363408ec9b0f600fefc0641ce78613b111?s=96&d=mm&r=g\",\"contentUrl\":\"https:\\\/\\\/secure.gravatar.com\\\/avatar\\\/948c893b847ca6df68216ead81b63f363408ec9b0f600fefc0641ce78613b111?s=96&d=mm&r=g\",\"caption\":\"diario5\"},\"url\":\"https:\\\/\\\/diariotextual.com\\\/inicio\\\/index.php\\\/author\\\/diario5\\\/\"}]}<\/script>\n<!-- \/ Yoast SEO plugin. -->","yoast_head_json":{"title":"Una hist\u00f3rica planta de electrodom\u00e9sticos deja de producir heladeras y echar\u00e1 al personal en Rosario - Diario Textual","robots":{"index":"index","follow":"follow","max-snippet":"max-snippet:-1","max-image-preview":"max-image-preview:large","max-video-preview":"max-video-preview:-1"},"canonical":"https:\/\/diariotextual.com\/inicio\/index.php\/2026\/04\/27\/una-historica-planta-de-electrodomesticos-deja-de-producir-heladeras-y-echara-al-personal-en-rosario\/","og_locale":"es_ES","og_type":"article","og_title":"Una hist\u00f3rica planta de electrodom\u00e9sticos deja de producir heladeras y echar\u00e1 al personal en Rosario - Diario Textual","og_description":"Frimetal, la empresa que ensambla la marca\u00a0Electrolux\u00a0en\u00a0Rosario, cesar\u00e1 la producci\u00f3n de\u00a0heladeras\u00a0en mayo. Esta decisi\u00f3n se debe al impacto de la ca\u00edda del consumo y el auge de importaciones en la&hellip;","og_url":"https:\/\/diariotextual.com\/inicio\/index.php\/2026\/04\/27\/una-historica-planta-de-electrodomesticos-deja-de-producir-heladeras-y-echara-al-personal-en-rosario\/","og_site_name":"Diario Textual","article_publisher":"https:\/\/www.facebook.com\/eltextual","article_published_time":"2026-04-27T12:02:38+00:00","article_modified_time":"2026-04-27T12:02:40+00:00","og_image":[{"width":938,"height":527,"url":"https:\/\/diariotextual.com\/inicio\/wp-content\/uploads\/2026\/04\/electrolux-trabajadores.jpg","type":"image\/jpeg"}],"author":"diario5","twitter_card":"summary_large_image","twitter_creator":"@eltextual","twitter_site":"@eltextual","twitter_misc":{"Escrito por":"diario5","Tiempo de lectura":"2 minutos"},"schema":{"@context":"https:\/\/schema.org","@graph":[{"@type":"Article","@id":"https:\/\/diariotextual.com\/inicio\/index.php\/2026\/04\/27\/una-historica-planta-de-electrodomesticos-deja-de-producir-heladeras-y-echara-al-personal-en-rosario\/#article","isPartOf":{"@id":"https:\/\/diariotextual.com\/inicio\/index.php\/2026\/04\/27\/una-historica-planta-de-electrodomesticos-deja-de-producir-heladeras-y-echara-al-personal-en-rosario\/"},"author":{"name":"diario5","@id":"https:\/\/diariotextual.com\/inicio\/#\/schema\/person\/c7834961ad8b29b1d9cdbf4571299067"},"headline":"Una hist\u00f3rica planta de electrodom\u00e9sticos deja de producir heladeras y echar\u00e1 al personal en Rosario","datePublished":"2026-04-27T12:02:38+00:00","dateModified":"2026-04-27T12:02:40+00:00","mainEntityOfPage":{"@id":"https:\/\/diariotextual.com\/inicio\/index.php\/2026\/04\/27\/una-historica-planta-de-electrodomesticos-deja-de-producir-heladeras-y-echara-al-personal-en-rosario\/"},"wordCount":306,"publisher":{"@id":"https:\/\/diariotextual.com\/inicio\/#organization"},"image":{"@id":"https:\/\/diariotextual.com\/inicio\/index.php\/2026\/04\/27\/una-historica-planta-de-electrodomesticos-deja-de-producir-heladeras-y-echara-al-personal-en-rosario\/#primaryimage"},"thumbnailUrl":"https:\/\/diariotextual.com\/inicio\/wp-content\/uploads\/2026\/04\/electrolux-trabajadores.jpg","articleSection":["A - ES NOTICIA (van abajo)","SOCIEDAD"],"inLanguage":"es"},{"@type":"WebPage","@id":"https:\/\/diariotextual.com\/inicio\/index.php\/2026\/04\/27\/una-historica-planta-de-electrodomesticos-deja-de-producir-heladeras-y-echara-al-personal-en-rosario\/","url":"https:\/\/diariotextual.com\/inicio\/index.php\/2026\/04\/27\/una-historica-planta-de-electrodomesticos-deja-de-producir-heladeras-y-echara-al-personal-en-rosario\/","name":"Una hist\u00f3rica planta de electrodom\u00e9sticos deja de producir heladeras y echar\u00e1 al personal en Rosario - Diario Textual","isPartOf":{"@id":"https:\/\/diariotextual.com\/inicio\/#website"},"primaryImageOfPage":{"@id":"https:\/\/diariotextual.com\/inicio\/index.php\/2026\/04\/27\/una-historica-planta-de-electrodomesticos-deja-de-producir-heladeras-y-echara-al-personal-en-rosario\/#primaryimage"},"image":{"@id":"https:\/\/diariotextual.com\/inicio\/index.php\/2026\/04\/27\/una-historica-planta-de-electrodomesticos-deja-de-producir-heladeras-y-echara-al-personal-en-rosario\/#primaryimage"},"thumbnailUrl":"https:\/\/diariotextual.com\/inicio\/wp-content\/uploads\/2026\/04\/electrolux-trabajadores.jpg","datePublished":"2026-04-27T12:02:38+00:00","dateModified":"2026-04-27T12:02:40+00:00","breadcrumb":{"@id":"https:\/\/diariotextual.com\/inicio\/index.php\/2026\/04\/27\/una-historica-planta-de-electrodomesticos-deja-de-producir-heladeras-y-echara-al-personal-en-rosario\/#breadcrumb"},"inLanguage":"es","potentialAction":[{"@type":"ReadAction","target":["https:\/\/diariotextual.com\/inicio\/index.php\/2026\/04\/27\/una-historica-planta-de-electrodomesticos-deja-de-producir-heladeras-y-echara-al-personal-en-rosario\/"]}]},{"@type":"ImageObject","inLanguage":"es","@id":"https:\/\/diariotextual.com\/inicio\/index.php\/2026\/04\/27\/una-historica-planta-de-electrodomesticos-deja-de-producir-heladeras-y-echara-al-personal-en-rosario\/#primaryimage","url":"https:\/\/diariotextual.com\/inicio\/wp-content\/uploads\/2026\/04\/electrolux-trabajadores.jpg","contentUrl":"https:\/\/diariotextual.com\/inicio\/wp-content\/uploads\/2026\/04\/electrolux-trabajadores.jpg","width":938,"height":527},{"@type":"BreadcrumbList","@id":"https:\/\/diariotextual.com\/inicio\/index.php\/2026\/04\/27\/una-historica-planta-de-electrodomesticos-deja-de-producir-heladeras-y-echara-al-personal-en-rosario\/#breadcrumb","itemListElement":[{"@type":"ListItem","position":1,"name":"Portada","item":"https:\/\/diariotextual.com\/inicio\/"},{"@type":"ListItem","position":2,"name":"Una hist\u00f3rica planta de electrodom\u00e9sticos deja de producir heladeras y echar\u00e1 al personal en Rosario"}]},{"@type":"WebSite","@id":"https:\/\/diariotextual.com\/inicio\/#website","url":"https:\/\/diariotextual.com\/inicio\/","name":"Diario Textual","description":"","publisher":{"@id":"https:\/\/diariotextual.com\/inicio\/#organization"},"potentialAction":[{"@type":"SearchAction","target":{"@type":"EntryPoint","urlTemplate":"https:\/\/diariotextual.com\/inicio\/?s={search_term_string}"},"query-input":{"@type":"PropertyValueSpecification","valueRequired":true,"valueName":"search_term_string"}}],"inLanguage":"es"},{"@type":"Organization","@id":"https:\/\/diariotextual.com\/inicio\/#organization","name":"Diario Textual","url":"https:\/\/diariotextual.com\/inicio\/","logo":{"@type":"ImageObject","inLanguage":"es","@id":"https:\/\/diariotextual.com\/inicio\/#\/schema\/logo\/image\/","url":"https:\/\/diariotextual.com\/inicio\/wp-content\/uploads\/2023\/05\/logotextual1.jpg","contentUrl":"https:\/\/diariotextual.com\/inicio\/wp-content\/uploads\/2023\/05\/logotextual1.jpg","width":516,"height":76,"caption":"Diario Textual"},"image":{"@id":"https:\/\/diariotextual.com\/inicio\/#\/schema\/logo\/image\/"},"sameAs":["https:\/\/www.facebook.com\/eltextual","https:\/\/x.com\/eltextual","http:\/\/www.instagram.com\/eltextual"]},{"@type":"Person","@id":"https:\/\/diariotextual.com\/inicio\/#\/schema\/person\/c7834961ad8b29b1d9cdbf4571299067","name":"diario5","image":{"@type":"ImageObject","inLanguage":"es","@id":"https:\/\/secure.gravatar.com\/avatar\/948c893b847ca6df68216ead81b63f363408ec9b0f600fefc0641ce78613b111?s=96&d=mm&r=g","url":"https:\/\/secure.gravatar.com\/avatar\/948c893b847ca6df68216ead81b63f363408ec9b0f600fefc0641ce78613b111?s=96&d=mm&r=g","contentUrl":"https:\/\/secure.gravatar.com\/avatar\/948c893b847ca6df68216ead81b63f363408ec9b0f600fefc0641ce78613b111?s=96&d=mm&r=g","caption":"diario5"},"url":"https:\/\/diariotextual.com\/inicio\/index.php\/author\/diario5\/"}]}},"_links":{"self":[{"href":"https:\/\/diariotextual.com\/inicio\/index.php\/wp-json\/wp\/v2\/posts\/325807","targetHints":{"allow":["GET"]}}],"collection":[{"href":"https:\/\/diariotextual.com\/inicio\/index.php\/wp-json\/wp\/v2\/posts"}],"about":[{"href":"https:\/\/diariotextual.com\/inicio\/index.php\/wp-json\/wp\/v2\/types\/post"}],"author":[{"embeddable":true,"href":"https:\/\/diariotextual.com\/inicio\/index.php\/wp-json\/wp\/v2\/users\/7"}],"replies":[{"embeddable":true,"href":"https:\/\/diariotextual.com\/inicio\/index.php\/wp-json\/wp\/v2\/comments?post=325807"}],"version-history":[{"count":1,"href":"https:\/\/diariotextual.com\/inicio\/index.php\/wp-json\/wp\/v2\/posts\/325807\/revisions"}],"predecessor-version":[{"id":325809,"href":"https:\/\/diariotextual.com\/inicio\/index.php\/wp-json\/wp\/v2\/posts\/325807\/revisions\/325809"}],"wp:featuredmedia":[{"embeddable":true,"href":"https:\/\/diariotextual.com\/inicio\/index.php\/wp-json\/wp\/v2\/media\/325808"}],"wp:attachment":[{"href":"https:\/\/diariotextual.com\/inicio\/index.php\/wp-json\/wp\/v2\/media?parent=325807"}],"wp:term":[{"taxonomy":"category","embeddable":true,"href":"https:\/\/diariotextual.com\/inicio\/index.php\/wp-json\/wp\/v2\/categories?post=325807"},{"taxonomy":"post_tag","embeddable":true,"href":"https:\/\/diariotextual.com\/inicio\/index.php\/wp-json\/wp\/v2\/tags?post=325807"}],"curies":[{"name":"wp","href":"https:\/\/api.w.org\/{rel}","templated":true}]}}