{"id":325811,"date":"2026-04-27T09:58:50","date_gmt":"2026-04-27T12:58:50","guid":{"rendered":"https:\/\/diariotextual.com\/inicio\/?p=325811"},"modified":"2026-04-27T12:16:12","modified_gmt":"2026-04-27T15:16:12","slug":"se-perdieron-80-mil-puestos-de-trabajo-en-la-industria-desde-la-asuncion-de-milei","status":"publish","type":"post","link":"https:\/\/diariotextual.com\/inicio\/index.php\/2026\/04\/27\/se-perdieron-80-mil-puestos-de-trabajo-en-la-industria-desde-la-asuncion-de-milei\/","title":{"rendered":"Se perdieron 80 mil puestos de trabajo en la industria desde la asunci\u00f3n de Milei"},"content":{"rendered":"\n<p>La industria argentina perdi\u00f3 79.672 puestos de trabajo registrados desde la asunci\u00f3n del presidente, Javier Milei en diciembre de 2023, seg\u00fan estimaciones privadas.<\/p>\n\n\n\n<p>Esta cifra sit\u00faa a la industria como el principal foco de destrucci\u00f3n de empleo en el pa\u00eds durante los \u00faltimos meses, superando el impacto en otros sectores productivos, interpretaron desde Industriales Argentinos (IPA).<\/p>\n\n\n\n<p>En el inicio de 2026, la tendencia de despidos se aceler\u00f3 significativamente. De un total de 7.593 empleos registrados perdidos en toda la econom\u00eda frente a diciembre de 2025,\u00a07.336 corresponden exclusivamente al sector fabril.<\/p>\n\n\n\n<p>Estos datos indican que la industria explica el 97% de las bajas laborales mensuales en el sector formal de la econom\u00eda argentina.<\/p>\n\n\n\n<p>Los datos surgen del \u00faltimo informe del Observatorio de Industriales Pymes Argentinos (IPA). El reporte se\u00f1ala que esta din\u00e1mica responde a un proceso de primarizaci\u00f3n de la econom\u00eda nacional que deja a una gran parte de los trabajadores sin el amparo del empleo registrado.<\/p>\n\n\n\n<p>Daniel Rosato, presidente de IPA, afirm\u00f3 que\u00a0\u201cla Argentina reconvirti\u00f3 el modelo de pa\u00eds de empleo y desarrollo en uno extractivista y primario\u201d.<\/p>\n\n\n\n<p>Seg\u00fan el dirigente, este esquema garantiza estabilidad macroecon\u00f3mica para pocos sectores, pero provoca que\u00a0\u201cmiles de f\u00e1bricas, comercios y servicios que estaban enlazados de manera directa e indirecta, y que generaban riquezas y las multiplicaban con empleo, ahora est\u00e9n en procesos de cierres definitivos\u201d.<\/p>\n\n\n\n<p>La p\u00e9rdida de puestos de trabajo est\u00e1 vinculada directamente con la desaparici\u00f3n de unidades productivas. Desde diciembre de 2023,\u00a0el sector manufacturero acumula el cierre de 2.993 empresas\u00a0que bajaron sus persianas de forma definitiva.<\/p>\n\n\n\n<p>Actualmente, se contabilizan 46.728 firmas fabriles activas, lo que representa una ca\u00edda de 1.812 establecimientos respecto al mismo mes del a\u00f1o anterior.<\/p>\n\n\n\n<p>El informe t\u00e9cnico detalla que la actividad industrial registr\u00f3 en febrero una\u00a0ca\u00edda del 8,7% interanual\u00a0y del 4% respecto al mes anterior. Con este resultado, el sector acumula ocho meses consecutivos de contracci\u00f3n.<\/p>\n\n\n\n<p>Este retroceso se produce en un mercado interno donde el consumo baj\u00f3 un 3,1% interanual, obligando al 60% de los consumidores a endeudarse para cubrir compras b\u00e1sicas en supermercados.<\/p>\n\n\n\n<p>El Observatorio IPA advierte sobre un\u00a0\u201cefecto pinza\u201d\u00a0que quita competitividad a las f\u00e1bricas locales. Seg\u00fan el estudio,\u00a0\u201clos costos en pesos suben r\u00e1pido mientras que el tipo de cambio casi no se mueve\u201d, lo que incrementa los precios en d\u00f3lares de la producci\u00f3n nacional.<\/p>\n\n\n\n<p>Esta situaci\u00f3n se agrava por la competencia de productos importados que presionan sobre las empresas instaladas en el pa\u00eds.__IP__<\/p>\n\n\n\n<p>Rosato concluy\u00f3 que la industria es la \u00faltima en reducir personal debido a la inversi\u00f3n en formaci\u00f3n, pero advirti\u00f3 que\u00a0\u201ceste a\u00f1o ya estamos en la etapa final\u201d\u00a0de resistencia. Sostuvo que\u00a0\u201csin f\u00e1bricas no solo se profundiza la crisis, sino que se convierte en permanente\u201d, reclamando pol\u00edticas que fomenten la producci\u00f3n local.\u00a0<\/p>\n","protected":false},"excerpt":{"rendered":"<p>La industria argentina perdi\u00f3 79.672 puestos de trabajo registrados desde la asunci\u00f3n del presidente, Javier Milei en diciembre de 2023, seg\u00fan estimaciones privadas. Esta cifra sit\u00faa a la industria como&hellip;<\/p>\n","protected":false},"author":7,"featured_media":112888,"comment_status":"closed","ping_status":"open","sticky":false,"template":"","format":"standard","meta":{"_acf_changed":false,"footnotes":""},"categories":[1,12],"tags":[],"class_list":["post-325811","post","type-post","status-publish","format-standard","has-post-thumbnail","hentry","category-es-noticia","category-sociedad"],"acf":[],"yoast_head":"<!-- This site is optimized with the Yoast SEO plugin v27.5 - https:\/\/yoast.com\/product\/yoast-seo-wordpress\/ -->\n<title>Se perdieron 80 mil puestos de trabajo en la industria desde la asunci\u00f3n de Milei - Diario Textual<\/title>\n<meta name=\"robots\" content=\"index, follow, max-snippet:-1, max-image-preview:large, max-video-preview:-1\" \/>\n<link rel=\"canonical\" href=\"https:\/\/diariotextual.com\/inicio\/index.php\/2026\/04\/27\/se-perdieron-80-mil-puestos-de-trabajo-en-la-industria-desde-la-asuncion-de-milei\/\" \/>\n<meta property=\"og:locale\" content=\"es_ES\" \/>\n<meta property=\"og:type\" content=\"article\" \/>\n<meta property=\"og:title\" content=\"Se perdieron 80 mil puestos de trabajo en la industria desde la asunci\u00f3n de Milei - Diario Textual\" \/>\n<meta property=\"og:description\" content=\"La industria argentina perdi\u00f3 79.672 puestos de trabajo registrados desde la asunci\u00f3n del presidente, Javier Milei en diciembre de 2023, seg\u00fan estimaciones privadas. Esta cifra sit\u00faa a la industria como&hellip;\" \/>\n<meta property=\"og:url\" content=\"https:\/\/diariotextual.com\/inicio\/index.php\/2026\/04\/27\/se-perdieron-80-mil-puestos-de-trabajo-en-la-industria-desde-la-asuncion-de-milei\/\" \/>\n<meta property=\"og:site_name\" content=\"Diario Textual\" \/>\n<meta property=\"article:publisher\" content=\"https:\/\/www.facebook.com\/eltextual\" \/>\n<meta property=\"article:published_time\" content=\"2026-04-27T12:58:50+00:00\" \/>\n<meta property=\"article:modified_time\" content=\"2026-04-27T15:16:12+00:00\" \/>\n<meta property=\"og:image\" content=\"https:\/\/diariotextual.com\/inicio\/wp-content\/uploads\/2020\/09\/industriasfabricasempleostelam2020-11.jpg\" \/>\n\t<meta property=\"og:image:width\" content=\"900\" \/>\n\t<meta property=\"og:image:height\" content=\"506\" \/>\n\t<meta property=\"og:image:type\" content=\"image\/jpeg\" \/>\n<meta name=\"author\" content=\"diario5\" \/>\n<meta name=\"twitter:card\" content=\"summary_large_image\" \/>\n<meta name=\"twitter:creator\" content=\"@eltextual\" \/>\n<meta name=\"twitter:site\" content=\"@eltextual\" \/>\n<meta name=\"twitter:label1\" content=\"Escrito por\" \/>\n\t<meta name=\"twitter:data1\" content=\"diario5\" \/>\n\t<meta name=\"twitter:label2\" content=\"Tiempo de lectura\" \/>\n\t<meta name=\"twitter:data2\" content=\"3 minutos\" \/>\n<script type=\"application\/ld+json\" class=\"yoast-schema-graph\">{\"@context\":\"https:\\\/\\\/schema.org\",\"@graph\":[{\"@type\":\"Article\",\"@id\":\"https:\\\/\\\/diariotextual.com\\\/inicio\\\/index.php\\\/2026\\\/04\\\/27\\\/se-perdieron-80-mil-puestos-de-trabajo-en-la-industria-desde-la-asuncion-de-milei\\\/#article\",\"isPartOf\":{\"@id\":\"https:\\\/\\\/diariotextual.com\\\/inicio\\\/index.php\\\/2026\\\/04\\\/27\\\/se-perdieron-80-mil-puestos-de-trabajo-en-la-industria-desde-la-asuncion-de-milei\\\/\"},\"author\":{\"name\":\"diario5\",\"@id\":\"https:\\\/\\\/diariotextual.com\\\/inicio\\\/#\\\/schema\\\/person\\\/c7834961ad8b29b1d9cdbf4571299067\"},\"headline\":\"Se perdieron 80 mil puestos de trabajo en la industria desde la asunci\u00f3n de Milei\",\"datePublished\":\"2026-04-27T12:58:50+00:00\",\"dateModified\":\"2026-04-27T15:16:12+00:00\",\"mainEntityOfPage\":{\"@id\":\"https:\\\/\\\/diariotextual.com\\\/inicio\\\/index.php\\\/2026\\\/04\\\/27\\\/se-perdieron-80-mil-puestos-de-trabajo-en-la-industria-desde-la-asuncion-de-milei\\\/\"},\"wordCount\":499,\"publisher\":{\"@id\":\"https:\\\/\\\/diariotextual.com\\\/inicio\\\/#organization\"},\"image\":{\"@id\":\"https:\\\/\\\/diariotextual.com\\\/inicio\\\/index.php\\\/2026\\\/04\\\/27\\\/se-perdieron-80-mil-puestos-de-trabajo-en-la-industria-desde-la-asuncion-de-milei\\\/#primaryimage\"},\"thumbnailUrl\":\"https:\\\/\\\/diariotextual.com\\\/inicio\\\/wp-content\\\/uploads\\\/2020\\\/09\\\/industriasfabricasempleostelam2020-11.jpg\",\"articleSection\":[\"A - ES NOTICIA (van abajo)\",\"SOCIEDAD\"],\"inLanguage\":\"es\"},{\"@type\":\"WebPage\",\"@id\":\"https:\\\/\\\/diariotextual.com\\\/inicio\\\/index.php\\\/2026\\\/04\\\/27\\\/se-perdieron-80-mil-puestos-de-trabajo-en-la-industria-desde-la-asuncion-de-milei\\\/\",\"url\":\"https:\\\/\\\/diariotextual.com\\\/inicio\\\/index.php\\\/2026\\\/04\\\/27\\\/se-perdieron-80-mil-puestos-de-trabajo-en-la-industria-desde-la-asuncion-de-milei\\\/\",\"name\":\"Se perdieron 80 mil puestos de trabajo en la industria desde la asunci\u00f3n de Milei - Diario Textual\",\"isPartOf\":{\"@id\":\"https:\\\/\\\/diariotextual.com\\\/inicio\\\/#website\"},\"primaryImageOfPage\":{\"@id\":\"https:\\\/\\\/diariotextual.com\\\/inicio\\\/index.php\\\/2026\\\/04\\\/27\\\/se-perdieron-80-mil-puestos-de-trabajo-en-la-industria-desde-la-asuncion-de-milei\\\/#primaryimage\"},\"image\":{\"@id\":\"https:\\\/\\\/diariotextual.com\\\/inicio\\\/index.php\\\/2026\\\/04\\\/27\\\/se-perdieron-80-mil-puestos-de-trabajo-en-la-industria-desde-la-asuncion-de-milei\\\/#primaryimage\"},\"thumbnailUrl\":\"https:\\\/\\\/diariotextual.com\\\/inicio\\\/wp-content\\\/uploads\\\/2020\\\/09\\\/industriasfabricasempleostelam2020-11.jpg\",\"datePublished\":\"2026-04-27T12:58:50+00:00\",\"dateModified\":\"2026-04-27T15:16:12+00:00\",\"breadcrumb\":{\"@id\":\"https:\\\/\\\/diariotextual.com\\\/inicio\\\/index.php\\\/2026\\\/04\\\/27\\\/se-perdieron-80-mil-puestos-de-trabajo-en-la-industria-desde-la-asuncion-de-milei\\\/#breadcrumb\"},\"inLanguage\":\"es\",\"potentialAction\":[{\"@type\":\"ReadAction\",\"target\":[\"https:\\\/\\\/diariotextual.com\\\/inicio\\\/index.php\\\/2026\\\/04\\\/27\\\/se-perdieron-80-mil-puestos-de-trabajo-en-la-industria-desde-la-asuncion-de-milei\\\/\"]}]},{\"@type\":\"ImageObject\",\"inLanguage\":\"es\",\"@id\":\"https:\\\/\\\/diariotextual.com\\\/inicio\\\/index.php\\\/2026\\\/04\\\/27\\\/se-perdieron-80-mil-puestos-de-trabajo-en-la-industria-desde-la-asuncion-de-milei\\\/#primaryimage\",\"url\":\"https:\\\/\\\/diariotextual.com\\\/inicio\\\/wp-content\\\/uploads\\\/2020\\\/09\\\/industriasfabricasempleostelam2020-11.jpg\",\"contentUrl\":\"https:\\\/\\\/diariotextual.com\\\/inicio\\\/wp-content\\\/uploads\\\/2020\\\/09\\\/industriasfabricasempleostelam2020-11.jpg\",\"width\":900,\"height\":506},{\"@type\":\"BreadcrumbList\",\"@id\":\"https:\\\/\\\/diariotextual.com\\\/inicio\\\/index.php\\\/2026\\\/04\\\/27\\\/se-perdieron-80-mil-puestos-de-trabajo-en-la-industria-desde-la-asuncion-de-milei\\\/#breadcrumb\",\"itemListElement\":[{\"@type\":\"ListItem\",\"position\":1,\"name\":\"Portada\",\"item\":\"https:\\\/\\\/diariotextual.com\\\/inicio\\\/\"},{\"@type\":\"ListItem\",\"position\":2,\"name\":\"Se perdieron 80 mil puestos de trabajo en la industria desde la asunci\u00f3n de Milei\"}]},{\"@type\":\"WebSite\",\"@id\":\"https:\\\/\\\/diariotextual.com\\\/inicio\\\/#website\",\"url\":\"https:\\\/\\\/diariotextual.com\\\/inicio\\\/\",\"name\":\"Diario Textual\",\"description\":\"\",\"publisher\":{\"@id\":\"https:\\\/\\\/diariotextual.com\\\/inicio\\\/#organization\"},\"potentialAction\":[{\"@type\":\"SearchAction\",\"target\":{\"@type\":\"EntryPoint\",\"urlTemplate\":\"https:\\\/\\\/diariotextual.com\\\/inicio\\\/?s={search_term_string}\"},\"query-input\":{\"@type\":\"PropertyValueSpecification\",\"valueRequired\":true,\"valueName\":\"search_term_string\"}}],\"inLanguage\":\"es\"},{\"@type\":\"Organization\",\"@id\":\"https:\\\/\\\/diariotextual.com\\\/inicio\\\/#organization\",\"name\":\"Diario Textual\",\"url\":\"https:\\\/\\\/diariotextual.com\\\/inicio\\\/\",\"logo\":{\"@type\":\"ImageObject\",\"inLanguage\":\"es\",\"@id\":\"https:\\\/\\\/diariotextual.com\\\/inicio\\\/#\\\/schema\\\/logo\\\/image\\\/\",\"url\":\"https:\\\/\\\/diariotextual.com\\\/inicio\\\/wp-content\\\/uploads\\\/2023\\\/05\\\/logotextual1.jpg\",\"contentUrl\":\"https:\\\/\\\/diariotextual.com\\\/inicio\\\/wp-content\\\/uploads\\\/2023\\\/05\\\/logotextual1.jpg\",\"width\":516,\"height\":76,\"caption\":\"Diario Textual\"},\"image\":{\"@id\":\"https:\\\/\\\/diariotextual.com\\\/inicio\\\/#\\\/schema\\\/logo\\\/image\\\/\"},\"sameAs\":[\"https:\\\/\\\/www.facebook.com\\\/eltextual\",\"https:\\\/\\\/x.com\\\/eltextual\",\"http:\\\/\\\/www.instagram.com\\\/eltextual\"]},{\"@type\":\"Person\",\"@id\":\"https:\\\/\\\/diariotextual.com\\\/inicio\\\/#\\\/schema\\\/person\\\/c7834961ad8b29b1d9cdbf4571299067\",\"name\":\"diario5\",\"image\":{\"@type\":\"ImageObject\",\"inLanguage\":\"es\",\"@id\":\"https:\\\/\\\/secure.gravatar.com\\\/avatar\\\/948c893b847ca6df68216ead81b63f363408ec9b0f600fefc0641ce78613b111?s=96&d=mm&r=g\",\"url\":\"https:\\\/\\\/secure.gravatar.com\\\/avatar\\\/948c893b847ca6df68216ead81b63f363408ec9b0f600fefc0641ce78613b111?s=96&d=mm&r=g\",\"contentUrl\":\"https:\\\/\\\/secure.gravatar.com\\\/avatar\\\/948c893b847ca6df68216ead81b63f363408ec9b0f600fefc0641ce78613b111?s=96&d=mm&r=g\",\"caption\":\"diario5\"},\"url\":\"https:\\\/\\\/diariotextual.com\\\/inicio\\\/index.php\\\/author\\\/diario5\\\/\"}]}<\/script>\n<!-- \/ Yoast SEO plugin. -->","yoast_head_json":{"title":"Se perdieron 80 mil puestos de trabajo en la industria desde la asunci\u00f3n de Milei - Diario Textual","robots":{"index":"index","follow":"follow","max-snippet":"max-snippet:-1","max-image-preview":"max-image-preview:large","max-video-preview":"max-video-preview:-1"},"canonical":"https:\/\/diariotextual.com\/inicio\/index.php\/2026\/04\/27\/se-perdieron-80-mil-puestos-de-trabajo-en-la-industria-desde-la-asuncion-de-milei\/","og_locale":"es_ES","og_type":"article","og_title":"Se perdieron 80 mil puestos de trabajo en la industria desde la asunci\u00f3n de Milei - Diario Textual","og_description":"La industria argentina perdi\u00f3 79.672 puestos de trabajo registrados desde la asunci\u00f3n del presidente, Javier Milei en diciembre de 2023, seg\u00fan estimaciones privadas. Esta cifra sit\u00faa a la industria como&hellip;","og_url":"https:\/\/diariotextual.com\/inicio\/index.php\/2026\/04\/27\/se-perdieron-80-mil-puestos-de-trabajo-en-la-industria-desde-la-asuncion-de-milei\/","og_site_name":"Diario Textual","article_publisher":"https:\/\/www.facebook.com\/eltextual","article_published_time":"2026-04-27T12:58:50+00:00","article_modified_time":"2026-04-27T15:16:12+00:00","og_image":[{"width":900,"height":506,"url":"https:\/\/diariotextual.com\/inicio\/wp-content\/uploads\/2020\/09\/industriasfabricasempleostelam2020-11.jpg","type":"image\/jpeg"}],"author":"diario5","twitter_card":"summary_large_image","twitter_creator":"@eltextual","twitter_site":"@eltextual","twitter_misc":{"Escrito por":"diario5","Tiempo de lectura":"3 minutos"},"schema":{"@context":"https:\/\/schema.org","@graph":[{"@type":"Article","@id":"https:\/\/diariotextual.com\/inicio\/index.php\/2026\/04\/27\/se-perdieron-80-mil-puestos-de-trabajo-en-la-industria-desde-la-asuncion-de-milei\/#article","isPartOf":{"@id":"https:\/\/diariotextual.com\/inicio\/index.php\/2026\/04\/27\/se-perdieron-80-mil-puestos-de-trabajo-en-la-industria-desde-la-asuncion-de-milei\/"},"author":{"name":"diario5","@id":"https:\/\/diariotextual.com\/inicio\/#\/schema\/person\/c7834961ad8b29b1d9cdbf4571299067"},"headline":"Se perdieron 80 mil puestos de trabajo en la industria desde la asunci\u00f3n de Milei","datePublished":"2026-04-27T12:58:50+00:00","dateModified":"2026-04-27T15:16:12+00:00","mainEntityOfPage":{"@id":"https:\/\/diariotextual.com\/inicio\/index.php\/2026\/04\/27\/se-perdieron-80-mil-puestos-de-trabajo-en-la-industria-desde-la-asuncion-de-milei\/"},"wordCount":499,"publisher":{"@id":"https:\/\/diariotextual.com\/inicio\/#organization"},"image":{"@id":"https:\/\/diariotextual.com\/inicio\/index.php\/2026\/04\/27\/se-perdieron-80-mil-puestos-de-trabajo-en-la-industria-desde-la-asuncion-de-milei\/#primaryimage"},"thumbnailUrl":"https:\/\/diariotextual.com\/inicio\/wp-content\/uploads\/2020\/09\/industriasfabricasempleostelam2020-11.jpg","articleSection":["A - ES NOTICIA (van abajo)","SOCIEDAD"],"inLanguage":"es"},{"@type":"WebPage","@id":"https:\/\/diariotextual.com\/inicio\/index.php\/2026\/04\/27\/se-perdieron-80-mil-puestos-de-trabajo-en-la-industria-desde-la-asuncion-de-milei\/","url":"https:\/\/diariotextual.com\/inicio\/index.php\/2026\/04\/27\/se-perdieron-80-mil-puestos-de-trabajo-en-la-industria-desde-la-asuncion-de-milei\/","name":"Se perdieron 80 mil puestos de trabajo en la industria desde la asunci\u00f3n de Milei - Diario Textual","isPartOf":{"@id":"https:\/\/diariotextual.com\/inicio\/#website"},"primaryImageOfPage":{"@id":"https:\/\/diariotextual.com\/inicio\/index.php\/2026\/04\/27\/se-perdieron-80-mil-puestos-de-trabajo-en-la-industria-desde-la-asuncion-de-milei\/#primaryimage"},"image":{"@id":"https:\/\/diariotextual.com\/inicio\/index.php\/2026\/04\/27\/se-perdieron-80-mil-puestos-de-trabajo-en-la-industria-desde-la-asuncion-de-milei\/#primaryimage"},"thumbnailUrl":"https:\/\/diariotextual.com\/inicio\/wp-content\/uploads\/2020\/09\/industriasfabricasempleostelam2020-11.jpg","datePublished":"2026-04-27T12:58:50+00:00","dateModified":"2026-04-27T15:16:12+00:00","breadcrumb":{"@id":"https:\/\/diariotextual.com\/inicio\/index.php\/2026\/04\/27\/se-perdieron-80-mil-puestos-de-trabajo-en-la-industria-desde-la-asuncion-de-milei\/#breadcrumb"},"inLanguage":"es","potentialAction":[{"@type":"ReadAction","target":["https:\/\/diariotextual.com\/inicio\/index.php\/2026\/04\/27\/se-perdieron-80-mil-puestos-de-trabajo-en-la-industria-desde-la-asuncion-de-milei\/"]}]},{"@type":"ImageObject","inLanguage":"es","@id":"https:\/\/diariotextual.com\/inicio\/index.php\/2026\/04\/27\/se-perdieron-80-mil-puestos-de-trabajo-en-la-industria-desde-la-asuncion-de-milei\/#primaryimage","url":"https:\/\/diariotextual.com\/inicio\/wp-content\/uploads\/2020\/09\/industriasfabricasempleostelam2020-11.jpg","contentUrl":"https:\/\/diariotextual.com\/inicio\/wp-content\/uploads\/2020\/09\/industriasfabricasempleostelam2020-11.jpg","width":900,"height":506},{"@type":"BreadcrumbList","@id":"https:\/\/diariotextual.com\/inicio\/index.php\/2026\/04\/27\/se-perdieron-80-mil-puestos-de-trabajo-en-la-industria-desde-la-asuncion-de-milei\/#breadcrumb","itemListElement":[{"@type":"ListItem","position":1,"name":"Portada","item":"https:\/\/diariotextual.com\/inicio\/"},{"@type":"ListItem","position":2,"name":"Se perdieron 80 mil puestos de trabajo en la industria desde la asunci\u00f3n de Milei"}]},{"@type":"WebSite","@id":"https:\/\/diariotextual.com\/inicio\/#website","url":"https:\/\/diariotextual.com\/inicio\/","name":"Diario Textual","description":"","publisher":{"@id":"https:\/\/diariotextual.com\/inicio\/#organization"},"potentialAction":[{"@type":"SearchAction","target":{"@type":"EntryPoint","urlTemplate":"https:\/\/diariotextual.com\/inicio\/?s={search_term_string}"},"query-input":{"@type":"PropertyValueSpecification","valueRequired":true,"valueName":"search_term_string"}}],"inLanguage":"es"},{"@type":"Organization","@id":"https:\/\/diariotextual.com\/inicio\/#organization","name":"Diario Textual","url":"https:\/\/diariotextual.com\/inicio\/","logo":{"@type":"ImageObject","inLanguage":"es","@id":"https:\/\/diariotextual.com\/inicio\/#\/schema\/logo\/image\/","url":"https:\/\/diariotextual.com\/inicio\/wp-content\/uploads\/2023\/05\/logotextual1.jpg","contentUrl":"https:\/\/diariotextual.com\/inicio\/wp-content\/uploads\/2023\/05\/logotextual1.jpg","width":516,"height":76,"caption":"Diario Textual"},"image":{"@id":"https:\/\/diariotextual.com\/inicio\/#\/schema\/logo\/image\/"},"sameAs":["https:\/\/www.facebook.com\/eltextual","https:\/\/x.com\/eltextual","http:\/\/www.instagram.com\/eltextual"]},{"@type":"Person","@id":"https:\/\/diariotextual.com\/inicio\/#\/schema\/person\/c7834961ad8b29b1d9cdbf4571299067","name":"diario5","image":{"@type":"ImageObject","inLanguage":"es","@id":"https:\/\/secure.gravatar.com\/avatar\/948c893b847ca6df68216ead81b63f363408ec9b0f600fefc0641ce78613b111?s=96&d=mm&r=g","url":"https:\/\/secure.gravatar.com\/avatar\/948c893b847ca6df68216ead81b63f363408ec9b0f600fefc0641ce78613b111?s=96&d=mm&r=g","contentUrl":"https:\/\/secure.gravatar.com\/avatar\/948c893b847ca6df68216ead81b63f363408ec9b0f600fefc0641ce78613b111?s=96&d=mm&r=g","caption":"diario5"},"url":"https:\/\/diariotextual.com\/inicio\/index.php\/author\/diario5\/"}]}},"_links":{"self":[{"href":"https:\/\/diariotextual.com\/inicio\/index.php\/wp-json\/wp\/v2\/posts\/325811","targetHints":{"allow":["GET"]}}],"collection":[{"href":"https:\/\/diariotextual.com\/inicio\/index.php\/wp-json\/wp\/v2\/posts"}],"about":[{"href":"https:\/\/diariotextual.com\/inicio\/index.php\/wp-json\/wp\/v2\/types\/post"}],"author":[{"embeddable":true,"href":"https:\/\/diariotextual.com\/inicio\/index.php\/wp-json\/wp\/v2\/users\/7"}],"replies":[{"embeddable":true,"href":"https:\/\/diariotextual.com\/inicio\/index.php\/wp-json\/wp\/v2\/comments?post=325811"}],"version-history":[{"count":1,"href":"https:\/\/diariotextual.com\/inicio\/index.php\/wp-json\/wp\/v2\/posts\/325811\/revisions"}],"predecessor-version":[{"id":325812,"href":"https:\/\/diariotextual.com\/inicio\/index.php\/wp-json\/wp\/v2\/posts\/325811\/revisions\/325812"}],"wp:featuredmedia":[{"embeddable":true,"href":"https:\/\/diariotextual.com\/inicio\/index.php\/wp-json\/wp\/v2\/media\/112888"}],"wp:attachment":[{"href":"https:\/\/diariotextual.com\/inicio\/index.php\/wp-json\/wp\/v2\/media?parent=325811"}],"wp:term":[{"taxonomy":"category","embeddable":true,"href":"https:\/\/diariotextual.com\/inicio\/index.php\/wp-json\/wp\/v2\/categories?post=325811"},{"taxonomy":"post_tag","embeddable":true,"href":"https:\/\/diariotextual.com\/inicio\/index.php\/wp-json\/wp\/v2\/tags?post=325811"}],"curies":[{"name":"wp","href":"https:\/\/api.w.org\/{rel}","templated":true}]}}