{"id":325813,"date":"2026-04-27T11:48:51","date_gmt":"2026-04-27T14:48:51","guid":{"rendered":"https:\/\/diariotextual.com\/inicio\/?p=325813"},"modified":"2026-04-27T12:58:05","modified_gmt":"2026-04-27T15:58:05","slug":"madre-condenada-en-pico-dejo-a-su-hijo-en-un-auto-y-se-fue-a-un-bar","status":"publish","type":"post","link":"https:\/\/diariotextual.com\/inicio\/index.php\/2026\/04\/27\/madre-condenada-en-pico-dejo-a-su-hijo-en-un-auto-y-se-fue-a-un-bar\/","title":{"rendered":"Madre condenada en Pico: dej\u00f3 a su hijo en un auto y se fue a un bar"},"content":{"rendered":"\n<p><strong>Una madre fue condenada con 15 d\u00edas de multa por \u201csustracci\u00f3n al cumplimiento de obligaciones legales de cuidado\u201d, al haber dejado a su hijo de tres a\u00f1os en un auto, en plena madrugada, e irse a un bar. El peque\u00f1o fue encontrado llorando.<\/strong><\/p>\n\n\n\n<p>Esa figura de la sustracci\u00f3n es una contravenci\u00f3n, no un delito, y por ello fue que a la progenitora de 31 a\u00f1os se le aplic\u00f3 el art\u00edculo 120, inciso 1\u00b0, del C\u00f3digo Contravencional de La Pampa. \u201cSer\u00e1n sancionados con multa de hasta 45 d\u00edas o arresto de hasta 15 d\u00edas o trabajo comunitario de uno a 20 d\u00edas, los padres, tutores o guardadores que se sustraigan al cumplimiento de sus obligaciones legales o contractuales de asistir a los ni\u00f1os, ni\u00f1as o adolescentes bajo su cuidado, si el hecho no fuere previsto espec\u00edficamente en el C\u00f3digo Penal\u201d, indica esa norma.<\/p>\n\n\n\n<p>La sentencia fue dictada por el juez contravencional de General Pico, Maximiliano Boga Doyhenard, al homologar un acuerdo de juicio abreviado presentado conjuntamente por el fiscal Sebasti\u00e1n Rawson Paz, el defensor oficial Mauro Gabriel Fern\u00e1ndez y la propia imputada.<\/p>\n\n\n\n<p>La madre, al rubricar ese acuerdo, admiti\u00f3 que dej\u00f3 a su hijo durmiendo en el veh\u00edculo, sin un adulto a su cuidado, y se fue al bar. El ni\u00f1o fue hallado \u201cllorando, a metros del veh\u00edculo\u201d, de acuerdo a la descripci\u00f3n incluida en el fallo.<\/p>\n\n\n\n<p>El magistrado le impuso la multa \u2013equivale a 323.790 pesos\u2013, le aplic\u00f3 una amonestaci\u00f3n y la exhort\u00f3 a que \u201cno vuelvan a repetirse hechos de esta naturaleza\u201d.<\/p>\n\n\n\n<p>Boga Doyhenard, en los fundamentos de la resoluci\u00f3n, resalt\u00f3 la gravedad de lo ocurrido a las tres de la madrugada, no solo por la edad de la v\u00edctima; sino porque qued\u00f3 a expuesta a riesgos m\u00faltiples, entre ellas la presencia de personas desconocidas.<\/p>\n\n\n\n<p>A su vez inst\u00f3 a la imputada a no reiterar esa conducta negligente. La madre admiti\u00f3 el error y prometi\u00f3 que no volver\u00e1 a cometerlo. Tambi\u00e9n le explic\u00f3 detalladamente que, en caso de no cumplir con el pago de la sanci\u00f3n, deber\u00eda realizar trabajos en favor de la comunidad o hasta podr\u00eda ser arrestada.<\/p>\n\n\n\n<p>El caso, indic\u00f3 el juez, volvi\u00f3 a poner en foco situaciones de irresponsabilidad parental que, sin llegar a consecuencias irreparables, evidencian comportamientos de alto riesgo para ni\u00f1os y ni\u00f1as.<\/p>\n\n\n\n<p>Entre las pruebas tenidas en cuenta en la investigaci\u00f3n figuran informes policiales, el acta de entrega del auto y constancias de diversas diligencias y comunicaciones.<\/p>\n\n\n\n<p><\/p>\n","protected":false},"excerpt":{"rendered":"<p>Una madre fue condenada con 15 d\u00edas de multa por \u201csustracci\u00f3n al cumplimiento de obligaciones legales de cuidado\u201d, al haber dejado a su hijo de tres a\u00f1os en un auto,&hellip;<\/p>\n","protected":false},"author":3,"featured_media":144438,"comment_status":"closed","ping_status":"open","sticky":false,"template":"","format":"standard","meta":{"_acf_changed":false,"footnotes":""},"categories":[1,12],"tags":[],"class_list":["post-325813","post","type-post","status-publish","format-standard","has-post-thumbnail","hentry","category-es-noticia","category-sociedad"],"acf":[],"yoast_head":"<!-- This site is optimized with the Yoast SEO plugin v27.4 - https:\/\/yoast.com\/product\/yoast-seo-wordpress\/ -->\n<title>Madre condenada en Pico: dej\u00f3 a su hijo en un auto y se fue a un bar - Diario Textual<\/title>\n<meta name=\"robots\" content=\"index, follow, max-snippet:-1, max-image-preview:large, max-video-preview:-1\" \/>\n<link rel=\"canonical\" href=\"https:\/\/diariotextual.com\/inicio\/index.php\/2026\/04\/27\/madre-condenada-en-pico-dejo-a-su-hijo-en-un-auto-y-se-fue-a-un-bar\/\" \/>\n<meta property=\"og:locale\" content=\"es_ES\" \/>\n<meta property=\"og:type\" content=\"article\" \/>\n<meta property=\"og:title\" content=\"Madre condenada en Pico: dej\u00f3 a su hijo en un auto y se fue a un bar - Diario Textual\" \/>\n<meta property=\"og:description\" content=\"Una madre fue condenada con 15 d\u00edas de multa por \u201csustracci\u00f3n al cumplimiento de obligaciones legales de cuidado\u201d, al haber dejado a su hijo de tres a\u00f1os en un auto,&hellip;\" \/>\n<meta property=\"og:url\" content=\"https:\/\/diariotextual.com\/inicio\/index.php\/2026\/04\/27\/madre-condenada-en-pico-dejo-a-su-hijo-en-un-auto-y-se-fue-a-un-bar\/\" \/>\n<meta property=\"og:site_name\" content=\"Diario Textual\" \/>\n<meta property=\"article:publisher\" content=\"https:\/\/www.facebook.com\/eltextual\" \/>\n<meta property=\"article:published_time\" content=\"2026-04-27T14:48:51+00:00\" \/>\n<meta property=\"article:modified_time\" content=\"2026-04-27T15:58:05+00:00\" \/>\n<meta property=\"og:image\" content=\"https:\/\/diariotextual.com\/inicio\/wp-content\/uploads\/2021\/05\/cerveza3455.jpg\" \/>\n\t<meta property=\"og:image:width\" content=\"1004\" \/>\n\t<meta property=\"og:image:height\" content=\"565\" \/>\n\t<meta property=\"og:image:type\" content=\"image\/jpeg\" \/>\n<meta name=\"author\" content=\"Diario1 Diario1\" \/>\n<meta name=\"twitter:card\" content=\"summary_large_image\" \/>\n<meta name=\"twitter:creator\" content=\"@eltextual\" \/>\n<meta name=\"twitter:site\" content=\"@eltextual\" \/>\n<meta name=\"twitter:label1\" content=\"Escrito por\" \/>\n\t<meta name=\"twitter:data1\" content=\"Diario1 Diario1\" \/>\n\t<meta name=\"twitter:label2\" content=\"Tiempo de lectura\" \/>\n\t<meta name=\"twitter:data2\" content=\"3 minutos\" \/>\n<script type=\"application\/ld+json\" class=\"yoast-schema-graph\">{\"@context\":\"https:\\\/\\\/schema.org\",\"@graph\":[{\"@type\":\"Article\",\"@id\":\"https:\\\/\\\/diariotextual.com\\\/inicio\\\/index.php\\\/2026\\\/04\\\/27\\\/madre-condenada-en-pico-dejo-a-su-hijo-en-un-auto-y-se-fue-a-un-bar\\\/#article\",\"isPartOf\":{\"@id\":\"https:\\\/\\\/diariotextual.com\\\/inicio\\\/index.php\\\/2026\\\/04\\\/27\\\/madre-condenada-en-pico-dejo-a-su-hijo-en-un-auto-y-se-fue-a-un-bar\\\/\"},\"author\":{\"name\":\"Diario1 Diario1\",\"@id\":\"https:\\\/\\\/diariotextual.com\\\/inicio\\\/#\\\/schema\\\/person\\\/418fc4093c33e86ed41562db3508f958\"},\"headline\":\"Madre condenada en Pico: dej\u00f3 a su hijo en un auto y se fue a un bar\",\"datePublished\":\"2026-04-27T14:48:51+00:00\",\"dateModified\":\"2026-04-27T15:58:05+00:00\",\"mainEntityOfPage\":{\"@id\":\"https:\\\/\\\/diariotextual.com\\\/inicio\\\/index.php\\\/2026\\\/04\\\/27\\\/madre-condenada-en-pico-dejo-a-su-hijo-en-un-auto-y-se-fue-a-un-bar\\\/\"},\"wordCount\":447,\"publisher\":{\"@id\":\"https:\\\/\\\/diariotextual.com\\\/inicio\\\/#organization\"},\"image\":{\"@id\":\"https:\\\/\\\/diariotextual.com\\\/inicio\\\/index.php\\\/2026\\\/04\\\/27\\\/madre-condenada-en-pico-dejo-a-su-hijo-en-un-auto-y-se-fue-a-un-bar\\\/#primaryimage\"},\"thumbnailUrl\":\"https:\\\/\\\/diariotextual.com\\\/inicio\\\/wp-content\\\/uploads\\\/2021\\\/05\\\/cerveza3455.jpg\",\"articleSection\":[\"A - ES NOTICIA (van abajo)\",\"SOCIEDAD\"],\"inLanguage\":\"es\"},{\"@type\":\"WebPage\",\"@id\":\"https:\\\/\\\/diariotextual.com\\\/inicio\\\/index.php\\\/2026\\\/04\\\/27\\\/madre-condenada-en-pico-dejo-a-su-hijo-en-un-auto-y-se-fue-a-un-bar\\\/\",\"url\":\"https:\\\/\\\/diariotextual.com\\\/inicio\\\/index.php\\\/2026\\\/04\\\/27\\\/madre-condenada-en-pico-dejo-a-su-hijo-en-un-auto-y-se-fue-a-un-bar\\\/\",\"name\":\"Madre condenada en Pico: dej\u00f3 a su hijo en un auto y se fue a un bar - Diario Textual\",\"isPartOf\":{\"@id\":\"https:\\\/\\\/diariotextual.com\\\/inicio\\\/#website\"},\"primaryImageOfPage\":{\"@id\":\"https:\\\/\\\/diariotextual.com\\\/inicio\\\/index.php\\\/2026\\\/04\\\/27\\\/madre-condenada-en-pico-dejo-a-su-hijo-en-un-auto-y-se-fue-a-un-bar\\\/#primaryimage\"},\"image\":{\"@id\":\"https:\\\/\\\/diariotextual.com\\\/inicio\\\/index.php\\\/2026\\\/04\\\/27\\\/madre-condenada-en-pico-dejo-a-su-hijo-en-un-auto-y-se-fue-a-un-bar\\\/#primaryimage\"},\"thumbnailUrl\":\"https:\\\/\\\/diariotextual.com\\\/inicio\\\/wp-content\\\/uploads\\\/2021\\\/05\\\/cerveza3455.jpg\",\"datePublished\":\"2026-04-27T14:48:51+00:00\",\"dateModified\":\"2026-04-27T15:58:05+00:00\",\"breadcrumb\":{\"@id\":\"https:\\\/\\\/diariotextual.com\\\/inicio\\\/index.php\\\/2026\\\/04\\\/27\\\/madre-condenada-en-pico-dejo-a-su-hijo-en-un-auto-y-se-fue-a-un-bar\\\/#breadcrumb\"},\"inLanguage\":\"es\",\"potentialAction\":[{\"@type\":\"ReadAction\",\"target\":[\"https:\\\/\\\/diariotextual.com\\\/inicio\\\/index.php\\\/2026\\\/04\\\/27\\\/madre-condenada-en-pico-dejo-a-su-hijo-en-un-auto-y-se-fue-a-un-bar\\\/\"]}]},{\"@type\":\"ImageObject\",\"inLanguage\":\"es\",\"@id\":\"https:\\\/\\\/diariotextual.com\\\/inicio\\\/index.php\\\/2026\\\/04\\\/27\\\/madre-condenada-en-pico-dejo-a-su-hijo-en-un-auto-y-se-fue-a-un-bar\\\/#primaryimage\",\"url\":\"https:\\\/\\\/diariotextual.com\\\/inicio\\\/wp-content\\\/uploads\\\/2021\\\/05\\\/cerveza3455.jpg\",\"contentUrl\":\"https:\\\/\\\/diariotextual.com\\\/inicio\\\/wp-content\\\/uploads\\\/2021\\\/05\\\/cerveza3455.jpg\",\"width\":1004,\"height\":565},{\"@type\":\"BreadcrumbList\",\"@id\":\"https:\\\/\\\/diariotextual.com\\\/inicio\\\/index.php\\\/2026\\\/04\\\/27\\\/madre-condenada-en-pico-dejo-a-su-hijo-en-un-auto-y-se-fue-a-un-bar\\\/#breadcrumb\",\"itemListElement\":[{\"@type\":\"ListItem\",\"position\":1,\"name\":\"Portada\",\"item\":\"https:\\\/\\\/diariotextual.com\\\/inicio\\\/\"},{\"@type\":\"ListItem\",\"position\":2,\"name\":\"Madre condenada en Pico: dej\u00f3 a su hijo en un auto y se fue a un bar\"}]},{\"@type\":\"WebSite\",\"@id\":\"https:\\\/\\\/diariotextual.com\\\/inicio\\\/#website\",\"url\":\"https:\\\/\\\/diariotextual.com\\\/inicio\\\/\",\"name\":\"Diario Textual\",\"description\":\"\",\"publisher\":{\"@id\":\"https:\\\/\\\/diariotextual.com\\\/inicio\\\/#organization\"},\"potentialAction\":[{\"@type\":\"SearchAction\",\"target\":{\"@type\":\"EntryPoint\",\"urlTemplate\":\"https:\\\/\\\/diariotextual.com\\\/inicio\\\/?s={search_term_string}\"},\"query-input\":{\"@type\":\"PropertyValueSpecification\",\"valueRequired\":true,\"valueName\":\"search_term_string\"}}],\"inLanguage\":\"es\"},{\"@type\":\"Organization\",\"@id\":\"https:\\\/\\\/diariotextual.com\\\/inicio\\\/#organization\",\"name\":\"Diario Textual\",\"url\":\"https:\\\/\\\/diariotextual.com\\\/inicio\\\/\",\"logo\":{\"@type\":\"ImageObject\",\"inLanguage\":\"es\",\"@id\":\"https:\\\/\\\/diariotextual.com\\\/inicio\\\/#\\\/schema\\\/logo\\\/image\\\/\",\"url\":\"https:\\\/\\\/diariotextual.com\\\/inicio\\\/wp-content\\\/uploads\\\/2023\\\/05\\\/logotextual1.jpg\",\"contentUrl\":\"https:\\\/\\\/diariotextual.com\\\/inicio\\\/wp-content\\\/uploads\\\/2023\\\/05\\\/logotextual1.jpg\",\"width\":516,\"height\":76,\"caption\":\"Diario Textual\"},\"image\":{\"@id\":\"https:\\\/\\\/diariotextual.com\\\/inicio\\\/#\\\/schema\\\/logo\\\/image\\\/\"},\"sameAs\":[\"https:\\\/\\\/www.facebook.com\\\/eltextual\",\"https:\\\/\\\/x.com\\\/eltextual\",\"http:\\\/\\\/www.instagram.com\\\/eltextual\"]},{\"@type\":\"Person\",\"@id\":\"https:\\\/\\\/diariotextual.com\\\/inicio\\\/#\\\/schema\\\/person\\\/418fc4093c33e86ed41562db3508f958\",\"name\":\"Diario1 Diario1\",\"image\":{\"@type\":\"ImageObject\",\"inLanguage\":\"es\",\"@id\":\"https:\\\/\\\/secure.gravatar.com\\\/avatar\\\/9167d280179c85bc18be67aa7eda765854300033af4896dd779b608640f2ef7a?s=96&d=mm&r=g\",\"url\":\"https:\\\/\\\/secure.gravatar.com\\\/avatar\\\/9167d280179c85bc18be67aa7eda765854300033af4896dd779b608640f2ef7a?s=96&d=mm&r=g\",\"contentUrl\":\"https:\\\/\\\/secure.gravatar.com\\\/avatar\\\/9167d280179c85bc18be67aa7eda765854300033af4896dd779b608640f2ef7a?s=96&d=mm&r=g\",\"caption\":\"Diario1 Diario1\"},\"url\":\"https:\\\/\\\/diariotextual.com\\\/inicio\\\/index.php\\\/author\\\/diario1\\\/\"}]}<\/script>\n<!-- \/ Yoast SEO plugin. -->","yoast_head_json":{"title":"Madre condenada en Pico: dej\u00f3 a su hijo en un auto y se fue a un bar - Diario Textual","robots":{"index":"index","follow":"follow","max-snippet":"max-snippet:-1","max-image-preview":"max-image-preview:large","max-video-preview":"max-video-preview:-1"},"canonical":"https:\/\/diariotextual.com\/inicio\/index.php\/2026\/04\/27\/madre-condenada-en-pico-dejo-a-su-hijo-en-un-auto-y-se-fue-a-un-bar\/","og_locale":"es_ES","og_type":"article","og_title":"Madre condenada en Pico: dej\u00f3 a su hijo en un auto y se fue a un bar - Diario Textual","og_description":"Una madre fue condenada con 15 d\u00edas de multa por \u201csustracci\u00f3n al cumplimiento de obligaciones legales de cuidado\u201d, al haber dejado a su hijo de tres a\u00f1os en un auto,&hellip;","og_url":"https:\/\/diariotextual.com\/inicio\/index.php\/2026\/04\/27\/madre-condenada-en-pico-dejo-a-su-hijo-en-un-auto-y-se-fue-a-un-bar\/","og_site_name":"Diario Textual","article_publisher":"https:\/\/www.facebook.com\/eltextual","article_published_time":"2026-04-27T14:48:51+00:00","article_modified_time":"2026-04-27T15:58:05+00:00","og_image":[{"width":1004,"height":565,"url":"https:\/\/diariotextual.com\/inicio\/wp-content\/uploads\/2021\/05\/cerveza3455.jpg","type":"image\/jpeg"}],"author":"Diario1 Diario1","twitter_card":"summary_large_image","twitter_creator":"@eltextual","twitter_site":"@eltextual","twitter_misc":{"Escrito por":"Diario1 Diario1","Tiempo de lectura":"3 minutos"},"schema":{"@context":"https:\/\/schema.org","@graph":[{"@type":"Article","@id":"https:\/\/diariotextual.com\/inicio\/index.php\/2026\/04\/27\/madre-condenada-en-pico-dejo-a-su-hijo-en-un-auto-y-se-fue-a-un-bar\/#article","isPartOf":{"@id":"https:\/\/diariotextual.com\/inicio\/index.php\/2026\/04\/27\/madre-condenada-en-pico-dejo-a-su-hijo-en-un-auto-y-se-fue-a-un-bar\/"},"author":{"name":"Diario1 Diario1","@id":"https:\/\/diariotextual.com\/inicio\/#\/schema\/person\/418fc4093c33e86ed41562db3508f958"},"headline":"Madre condenada en Pico: dej\u00f3 a su hijo en un auto y se fue a un bar","datePublished":"2026-04-27T14:48:51+00:00","dateModified":"2026-04-27T15:58:05+00:00","mainEntityOfPage":{"@id":"https:\/\/diariotextual.com\/inicio\/index.php\/2026\/04\/27\/madre-condenada-en-pico-dejo-a-su-hijo-en-un-auto-y-se-fue-a-un-bar\/"},"wordCount":447,"publisher":{"@id":"https:\/\/diariotextual.com\/inicio\/#organization"},"image":{"@id":"https:\/\/diariotextual.com\/inicio\/index.php\/2026\/04\/27\/madre-condenada-en-pico-dejo-a-su-hijo-en-un-auto-y-se-fue-a-un-bar\/#primaryimage"},"thumbnailUrl":"https:\/\/diariotextual.com\/inicio\/wp-content\/uploads\/2021\/05\/cerveza3455.jpg","articleSection":["A - ES NOTICIA (van abajo)","SOCIEDAD"],"inLanguage":"es"},{"@type":"WebPage","@id":"https:\/\/diariotextual.com\/inicio\/index.php\/2026\/04\/27\/madre-condenada-en-pico-dejo-a-su-hijo-en-un-auto-y-se-fue-a-un-bar\/","url":"https:\/\/diariotextual.com\/inicio\/index.php\/2026\/04\/27\/madre-condenada-en-pico-dejo-a-su-hijo-en-un-auto-y-se-fue-a-un-bar\/","name":"Madre condenada en Pico: dej\u00f3 a su hijo en un auto y se fue a un bar - Diario Textual","isPartOf":{"@id":"https:\/\/diariotextual.com\/inicio\/#website"},"primaryImageOfPage":{"@id":"https:\/\/diariotextual.com\/inicio\/index.php\/2026\/04\/27\/madre-condenada-en-pico-dejo-a-su-hijo-en-un-auto-y-se-fue-a-un-bar\/#primaryimage"},"image":{"@id":"https:\/\/diariotextual.com\/inicio\/index.php\/2026\/04\/27\/madre-condenada-en-pico-dejo-a-su-hijo-en-un-auto-y-se-fue-a-un-bar\/#primaryimage"},"thumbnailUrl":"https:\/\/diariotextual.com\/inicio\/wp-content\/uploads\/2021\/05\/cerveza3455.jpg","datePublished":"2026-04-27T14:48:51+00:00","dateModified":"2026-04-27T15:58:05+00:00","breadcrumb":{"@id":"https:\/\/diariotextual.com\/inicio\/index.php\/2026\/04\/27\/madre-condenada-en-pico-dejo-a-su-hijo-en-un-auto-y-se-fue-a-un-bar\/#breadcrumb"},"inLanguage":"es","potentialAction":[{"@type":"ReadAction","target":["https:\/\/diariotextual.com\/inicio\/index.php\/2026\/04\/27\/madre-condenada-en-pico-dejo-a-su-hijo-en-un-auto-y-se-fue-a-un-bar\/"]}]},{"@type":"ImageObject","inLanguage":"es","@id":"https:\/\/diariotextual.com\/inicio\/index.php\/2026\/04\/27\/madre-condenada-en-pico-dejo-a-su-hijo-en-un-auto-y-se-fue-a-un-bar\/#primaryimage","url":"https:\/\/diariotextual.com\/inicio\/wp-content\/uploads\/2021\/05\/cerveza3455.jpg","contentUrl":"https:\/\/diariotextual.com\/inicio\/wp-content\/uploads\/2021\/05\/cerveza3455.jpg","width":1004,"height":565},{"@type":"BreadcrumbList","@id":"https:\/\/diariotextual.com\/inicio\/index.php\/2026\/04\/27\/madre-condenada-en-pico-dejo-a-su-hijo-en-un-auto-y-se-fue-a-un-bar\/#breadcrumb","itemListElement":[{"@type":"ListItem","position":1,"name":"Portada","item":"https:\/\/diariotextual.com\/inicio\/"},{"@type":"ListItem","position":2,"name":"Madre condenada en Pico: dej\u00f3 a su hijo en un auto y se fue a un bar"}]},{"@type":"WebSite","@id":"https:\/\/diariotextual.com\/inicio\/#website","url":"https:\/\/diariotextual.com\/inicio\/","name":"Diario Textual","description":"","publisher":{"@id":"https:\/\/diariotextual.com\/inicio\/#organization"},"potentialAction":[{"@type":"SearchAction","target":{"@type":"EntryPoint","urlTemplate":"https:\/\/diariotextual.com\/inicio\/?s={search_term_string}"},"query-input":{"@type":"PropertyValueSpecification","valueRequired":true,"valueName":"search_term_string"}}],"inLanguage":"es"},{"@type":"Organization","@id":"https:\/\/diariotextual.com\/inicio\/#organization","name":"Diario Textual","url":"https:\/\/diariotextual.com\/inicio\/","logo":{"@type":"ImageObject","inLanguage":"es","@id":"https:\/\/diariotextual.com\/inicio\/#\/schema\/logo\/image\/","url":"https:\/\/diariotextual.com\/inicio\/wp-content\/uploads\/2023\/05\/logotextual1.jpg","contentUrl":"https:\/\/diariotextual.com\/inicio\/wp-content\/uploads\/2023\/05\/logotextual1.jpg","width":516,"height":76,"caption":"Diario Textual"},"image":{"@id":"https:\/\/diariotextual.com\/inicio\/#\/schema\/logo\/image\/"},"sameAs":["https:\/\/www.facebook.com\/eltextual","https:\/\/x.com\/eltextual","http:\/\/www.instagram.com\/eltextual"]},{"@type":"Person","@id":"https:\/\/diariotextual.com\/inicio\/#\/schema\/person\/418fc4093c33e86ed41562db3508f958","name":"Diario1 Diario1","image":{"@type":"ImageObject","inLanguage":"es","@id":"https:\/\/secure.gravatar.com\/avatar\/9167d280179c85bc18be67aa7eda765854300033af4896dd779b608640f2ef7a?s=96&d=mm&r=g","url":"https:\/\/secure.gravatar.com\/avatar\/9167d280179c85bc18be67aa7eda765854300033af4896dd779b608640f2ef7a?s=96&d=mm&r=g","contentUrl":"https:\/\/secure.gravatar.com\/avatar\/9167d280179c85bc18be67aa7eda765854300033af4896dd779b608640f2ef7a?s=96&d=mm&r=g","caption":"Diario1 Diario1"},"url":"https:\/\/diariotextual.com\/inicio\/index.php\/author\/diario1\/"}]}},"_links":{"self":[{"href":"https:\/\/diariotextual.com\/inicio\/index.php\/wp-json\/wp\/v2\/posts\/325813","targetHints":{"allow":["GET"]}}],"collection":[{"href":"https:\/\/diariotextual.com\/inicio\/index.php\/wp-json\/wp\/v2\/posts"}],"about":[{"href":"https:\/\/diariotextual.com\/inicio\/index.php\/wp-json\/wp\/v2\/types\/post"}],"author":[{"embeddable":true,"href":"https:\/\/diariotextual.com\/inicio\/index.php\/wp-json\/wp\/v2\/users\/3"}],"replies":[{"embeddable":true,"href":"https:\/\/diariotextual.com\/inicio\/index.php\/wp-json\/wp\/v2\/comments?post=325813"}],"version-history":[{"count":1,"href":"https:\/\/diariotextual.com\/inicio\/index.php\/wp-json\/wp\/v2\/posts\/325813\/revisions"}],"predecessor-version":[{"id":325814,"href":"https:\/\/diariotextual.com\/inicio\/index.php\/wp-json\/wp\/v2\/posts\/325813\/revisions\/325814"}],"wp:featuredmedia":[{"embeddable":true,"href":"https:\/\/diariotextual.com\/inicio\/index.php\/wp-json\/wp\/v2\/media\/144438"}],"wp:attachment":[{"href":"https:\/\/diariotextual.com\/inicio\/index.php\/wp-json\/wp\/v2\/media?parent=325813"}],"wp:term":[{"taxonomy":"category","embeddable":true,"href":"https:\/\/diariotextual.com\/inicio\/index.php\/wp-json\/wp\/v2\/categories?post=325813"},{"taxonomy":"post_tag","embeddable":true,"href":"https:\/\/diariotextual.com\/inicio\/index.php\/wp-json\/wp\/v2\/tags?post=325813"}],"curies":[{"name":"wp","href":"https:\/\/api.w.org\/{rel}","templated":true}]}}