{"id":325815,"date":"2026-04-27T12:15:12","date_gmt":"2026-04-27T15:15:12","guid":{"rendered":"https:\/\/diariotextual.com\/inicio\/?p=325815"},"modified":"2026-04-27T12:18:37","modified_gmt":"2026-04-27T15:18:37","slug":"despacho-favorable-para-declarar-la-emergencia-en-salud-mental","status":"publish","type":"post","link":"https:\/\/diariotextual.com\/inicio\/index.php\/2026\/04\/27\/despacho-favorable-para-declarar-la-emergencia-en-salud-mental\/","title":{"rendered":"Despacho favorable para declarar la emergencia en salud mental"},"content":{"rendered":"\n<p>La Legislatura provincial emiti\u00f3 este lunes  en un plenario de comisiones un despacho favorable de mayor\u00eda del proyecto de ley del Frente Justicialista Pampeano que declara la Emergencia P\u00fablica en Salud Mental y Consumos Problem\u00e1ticos en todo el territorio pampeano.<\/p>\n\n\n\n<p>El Frejupa vot\u00f3 el dictamen de mayor\u00eda, en tanto que la oposici\u00f3n fijar\u00e1 posici\u00f3n en el recinto.<\/p>\n\n\n\n<p><br>El proyecto fue elaborado por la diputada Patricia George junto con la Subsecretar\u00eda de Salud Mental y Adicciones y plantea una respuesta a lo que se defini\u00f3 como una situaci\u00f3n social y sanitaria urgente, atravesada por el crecimiento sostenido de consultas, internaciones y crisis vinculadas al padecimiento mental.<\/p>\n\n\n\n<p><br>La iniciativa busca fortalecer el sistema p\u00fablico de atenci\u00f3n, ampliar dispositivos territoriales y garantizar mayor accesibilidad a tratamientos para personas con consumos problem\u00e1ticos. Tambi\u00e9n prev\u00e9 la asignaci\u00f3n de recursos extraordinarios y el refuerzo de equipos interdisciplinarios.<\/p>\n\n\n\n<p><\/p>\n","protected":false},"excerpt":{"rendered":"<p>La Legislatura provincial emiti\u00f3 este lunes en un plenario de comisiones un despacho favorable de mayor\u00eda del proyecto de ley del Frente Justicialista Pampeano que declara la Emergencia P\u00fablica en&hellip;<\/p>\n","protected":false},"author":7,"featured_media":268283,"comment_status":"closed","ping_status":"open","sticky":false,"template":"","format":"standard","meta":{"_acf_changed":false,"footnotes":""},"categories":[4,12],"tags":[],"class_list":["post-325815","post","type-post","status-publish","format-standard","has-post-thumbnail","hentry","category-destacadas","category-sociedad"],"acf":[],"yoast_head":"<!-- This site is optimized with the Yoast SEO plugin v27.4 - https:\/\/yoast.com\/product\/yoast-seo-wordpress\/ -->\n<title>Despacho favorable para declarar la emergencia en salud mental - Diario Textual<\/title>\n<meta name=\"robots\" content=\"index, follow, max-snippet:-1, max-image-preview:large, max-video-preview:-1\" \/>\n<link rel=\"canonical\" href=\"https:\/\/diariotextual.com\/inicio\/index.php\/2026\/04\/27\/despacho-favorable-para-declarar-la-emergencia-en-salud-mental\/\" \/>\n<meta property=\"og:locale\" content=\"es_ES\" \/>\n<meta property=\"og:type\" content=\"article\" \/>\n<meta property=\"og:title\" content=\"Despacho favorable para declarar la emergencia en salud mental - Diario Textual\" \/>\n<meta property=\"og:description\" content=\"La Legislatura provincial emiti\u00f3 este lunes en un plenario de comisiones un despacho favorable de mayor\u00eda del proyecto de ley del Frente Justicialista Pampeano que declara la Emergencia P\u00fablica en&hellip;\" \/>\n<meta property=\"og:url\" content=\"https:\/\/diariotextual.com\/inicio\/index.php\/2026\/04\/27\/despacho-favorable-para-declarar-la-emergencia-en-salud-mental\/\" \/>\n<meta property=\"og:site_name\" content=\"Diario Textual\" \/>\n<meta property=\"article:publisher\" content=\"https:\/\/www.facebook.com\/eltextual\" \/>\n<meta property=\"article:published_time\" content=\"2026-04-27T15:15:12+00:00\" \/>\n<meta property=\"article:modified_time\" content=\"2026-04-27T15:18:37+00:00\" \/>\n<meta property=\"og:image\" content=\"https:\/\/diariotextual.com\/inicio\/wp-content\/uploads\/2024\/07\/saludmental2024-111111.jpg\" \/>\n\t<meta property=\"og:image:width\" content=\"703\" \/>\n\t<meta property=\"og:image:height\" content=\"389\" \/>\n\t<meta property=\"og:image:type\" content=\"image\/jpeg\" \/>\n<meta name=\"author\" content=\"diario5\" \/>\n<meta name=\"twitter:card\" content=\"summary_large_image\" \/>\n<meta name=\"twitter:creator\" content=\"@eltextual\" \/>\n<meta name=\"twitter:site\" content=\"@eltextual\" \/>\n<meta name=\"twitter:label1\" content=\"Escrito por\" \/>\n\t<meta name=\"twitter:data1\" content=\"diario5\" \/>\n\t<meta name=\"twitter:label2\" content=\"Tiempo de lectura\" \/>\n\t<meta name=\"twitter:data2\" content=\"1 minuto\" \/>\n<script type=\"application\/ld+json\" class=\"yoast-schema-graph\">{\"@context\":\"https:\\\/\\\/schema.org\",\"@graph\":[{\"@type\":\"Article\",\"@id\":\"https:\\\/\\\/diariotextual.com\\\/inicio\\\/index.php\\\/2026\\\/04\\\/27\\\/despacho-favorable-para-declarar-la-emergencia-en-salud-mental\\\/#article\",\"isPartOf\":{\"@id\":\"https:\\\/\\\/diariotextual.com\\\/inicio\\\/index.php\\\/2026\\\/04\\\/27\\\/despacho-favorable-para-declarar-la-emergencia-en-salud-mental\\\/\"},\"author\":{\"name\":\"diario5\",\"@id\":\"https:\\\/\\\/diariotextual.com\\\/inicio\\\/#\\\/schema\\\/person\\\/c7834961ad8b29b1d9cdbf4571299067\"},\"headline\":\"Despacho favorable para declarar la emergencia en salud mental\",\"datePublished\":\"2026-04-27T15:15:12+00:00\",\"dateModified\":\"2026-04-27T15:18:37+00:00\",\"mainEntityOfPage\":{\"@id\":\"https:\\\/\\\/diariotextual.com\\\/inicio\\\/index.php\\\/2026\\\/04\\\/27\\\/despacho-favorable-para-declarar-la-emergencia-en-salud-mental\\\/\"},\"wordCount\":163,\"publisher\":{\"@id\":\"https:\\\/\\\/diariotextual.com\\\/inicio\\\/#organization\"},\"image\":{\"@id\":\"https:\\\/\\\/diariotextual.com\\\/inicio\\\/index.php\\\/2026\\\/04\\\/27\\\/despacho-favorable-para-declarar-la-emergencia-en-salud-mental\\\/#primaryimage\"},\"thumbnailUrl\":\"https:\\\/\\\/diariotextual.com\\\/inicio\\\/wp-content\\\/uploads\\\/2024\\\/07\\\/saludmental2024-111111.jpg\",\"articleSection\":[\"A - DESTACADAS (mod 16)\",\"SOCIEDAD\"],\"inLanguage\":\"es\"},{\"@type\":\"WebPage\",\"@id\":\"https:\\\/\\\/diariotextual.com\\\/inicio\\\/index.php\\\/2026\\\/04\\\/27\\\/despacho-favorable-para-declarar-la-emergencia-en-salud-mental\\\/\",\"url\":\"https:\\\/\\\/diariotextual.com\\\/inicio\\\/index.php\\\/2026\\\/04\\\/27\\\/despacho-favorable-para-declarar-la-emergencia-en-salud-mental\\\/\",\"name\":\"Despacho favorable para declarar la emergencia en salud mental - Diario Textual\",\"isPartOf\":{\"@id\":\"https:\\\/\\\/diariotextual.com\\\/inicio\\\/#website\"},\"primaryImageOfPage\":{\"@id\":\"https:\\\/\\\/diariotextual.com\\\/inicio\\\/index.php\\\/2026\\\/04\\\/27\\\/despacho-favorable-para-declarar-la-emergencia-en-salud-mental\\\/#primaryimage\"},\"image\":{\"@id\":\"https:\\\/\\\/diariotextual.com\\\/inicio\\\/index.php\\\/2026\\\/04\\\/27\\\/despacho-favorable-para-declarar-la-emergencia-en-salud-mental\\\/#primaryimage\"},\"thumbnailUrl\":\"https:\\\/\\\/diariotextual.com\\\/inicio\\\/wp-content\\\/uploads\\\/2024\\\/07\\\/saludmental2024-111111.jpg\",\"datePublished\":\"2026-04-27T15:15:12+00:00\",\"dateModified\":\"2026-04-27T15:18:37+00:00\",\"breadcrumb\":{\"@id\":\"https:\\\/\\\/diariotextual.com\\\/inicio\\\/index.php\\\/2026\\\/04\\\/27\\\/despacho-favorable-para-declarar-la-emergencia-en-salud-mental\\\/#breadcrumb\"},\"inLanguage\":\"es\",\"potentialAction\":[{\"@type\":\"ReadAction\",\"target\":[\"https:\\\/\\\/diariotextual.com\\\/inicio\\\/index.php\\\/2026\\\/04\\\/27\\\/despacho-favorable-para-declarar-la-emergencia-en-salud-mental\\\/\"]}]},{\"@type\":\"ImageObject\",\"inLanguage\":\"es\",\"@id\":\"https:\\\/\\\/diariotextual.com\\\/inicio\\\/index.php\\\/2026\\\/04\\\/27\\\/despacho-favorable-para-declarar-la-emergencia-en-salud-mental\\\/#primaryimage\",\"url\":\"https:\\\/\\\/diariotextual.com\\\/inicio\\\/wp-content\\\/uploads\\\/2024\\\/07\\\/saludmental2024-111111.jpg\",\"contentUrl\":\"https:\\\/\\\/diariotextual.com\\\/inicio\\\/wp-content\\\/uploads\\\/2024\\\/07\\\/saludmental2024-111111.jpg\",\"width\":703,\"height\":389},{\"@type\":\"BreadcrumbList\",\"@id\":\"https:\\\/\\\/diariotextual.com\\\/inicio\\\/index.php\\\/2026\\\/04\\\/27\\\/despacho-favorable-para-declarar-la-emergencia-en-salud-mental\\\/#breadcrumb\",\"itemListElement\":[{\"@type\":\"ListItem\",\"position\":1,\"name\":\"Portada\",\"item\":\"https:\\\/\\\/diariotextual.com\\\/inicio\\\/\"},{\"@type\":\"ListItem\",\"position\":2,\"name\":\"Despacho favorable para declarar la emergencia en salud mental\"}]},{\"@type\":\"WebSite\",\"@id\":\"https:\\\/\\\/diariotextual.com\\\/inicio\\\/#website\",\"url\":\"https:\\\/\\\/diariotextual.com\\\/inicio\\\/\",\"name\":\"Diario Textual\",\"description\":\"\",\"publisher\":{\"@id\":\"https:\\\/\\\/diariotextual.com\\\/inicio\\\/#organization\"},\"potentialAction\":[{\"@type\":\"SearchAction\",\"target\":{\"@type\":\"EntryPoint\",\"urlTemplate\":\"https:\\\/\\\/diariotextual.com\\\/inicio\\\/?s={search_term_string}\"},\"query-input\":{\"@type\":\"PropertyValueSpecification\",\"valueRequired\":true,\"valueName\":\"search_term_string\"}}],\"inLanguage\":\"es\"},{\"@type\":\"Organization\",\"@id\":\"https:\\\/\\\/diariotextual.com\\\/inicio\\\/#organization\",\"name\":\"Diario Textual\",\"url\":\"https:\\\/\\\/diariotextual.com\\\/inicio\\\/\",\"logo\":{\"@type\":\"ImageObject\",\"inLanguage\":\"es\",\"@id\":\"https:\\\/\\\/diariotextual.com\\\/inicio\\\/#\\\/schema\\\/logo\\\/image\\\/\",\"url\":\"https:\\\/\\\/diariotextual.com\\\/inicio\\\/wp-content\\\/uploads\\\/2023\\\/05\\\/logotextual1.jpg\",\"contentUrl\":\"https:\\\/\\\/diariotextual.com\\\/inicio\\\/wp-content\\\/uploads\\\/2023\\\/05\\\/logotextual1.jpg\",\"width\":516,\"height\":76,\"caption\":\"Diario Textual\"},\"image\":{\"@id\":\"https:\\\/\\\/diariotextual.com\\\/inicio\\\/#\\\/schema\\\/logo\\\/image\\\/\"},\"sameAs\":[\"https:\\\/\\\/www.facebook.com\\\/eltextual\",\"https:\\\/\\\/x.com\\\/eltextual\",\"http:\\\/\\\/www.instagram.com\\\/eltextual\"]},{\"@type\":\"Person\",\"@id\":\"https:\\\/\\\/diariotextual.com\\\/inicio\\\/#\\\/schema\\\/person\\\/c7834961ad8b29b1d9cdbf4571299067\",\"name\":\"diario5\",\"image\":{\"@type\":\"ImageObject\",\"inLanguage\":\"es\",\"@id\":\"https:\\\/\\\/secure.gravatar.com\\\/avatar\\\/948c893b847ca6df68216ead81b63f363408ec9b0f600fefc0641ce78613b111?s=96&d=mm&r=g\",\"url\":\"https:\\\/\\\/secure.gravatar.com\\\/avatar\\\/948c893b847ca6df68216ead81b63f363408ec9b0f600fefc0641ce78613b111?s=96&d=mm&r=g\",\"contentUrl\":\"https:\\\/\\\/secure.gravatar.com\\\/avatar\\\/948c893b847ca6df68216ead81b63f363408ec9b0f600fefc0641ce78613b111?s=96&d=mm&r=g\",\"caption\":\"diario5\"},\"url\":\"https:\\\/\\\/diariotextual.com\\\/inicio\\\/index.php\\\/author\\\/diario5\\\/\"}]}<\/script>\n<!-- \/ Yoast SEO plugin. -->","yoast_head_json":{"title":"Despacho favorable para declarar la emergencia en salud mental - Diario Textual","robots":{"index":"index","follow":"follow","max-snippet":"max-snippet:-1","max-image-preview":"max-image-preview:large","max-video-preview":"max-video-preview:-1"},"canonical":"https:\/\/diariotextual.com\/inicio\/index.php\/2026\/04\/27\/despacho-favorable-para-declarar-la-emergencia-en-salud-mental\/","og_locale":"es_ES","og_type":"article","og_title":"Despacho favorable para declarar la emergencia en salud mental - Diario Textual","og_description":"La Legislatura provincial emiti\u00f3 este lunes en un plenario de comisiones un despacho favorable de mayor\u00eda del proyecto de ley del Frente Justicialista Pampeano que declara la Emergencia P\u00fablica en&hellip;","og_url":"https:\/\/diariotextual.com\/inicio\/index.php\/2026\/04\/27\/despacho-favorable-para-declarar-la-emergencia-en-salud-mental\/","og_site_name":"Diario Textual","article_publisher":"https:\/\/www.facebook.com\/eltextual","article_published_time":"2026-04-27T15:15:12+00:00","article_modified_time":"2026-04-27T15:18:37+00:00","og_image":[{"width":703,"height":389,"url":"https:\/\/diariotextual.com\/inicio\/wp-content\/uploads\/2024\/07\/saludmental2024-111111.jpg","type":"image\/jpeg"}],"author":"diario5","twitter_card":"summary_large_image","twitter_creator":"@eltextual","twitter_site":"@eltextual","twitter_misc":{"Escrito por":"diario5","Tiempo de lectura":"1 minuto"},"schema":{"@context":"https:\/\/schema.org","@graph":[{"@type":"Article","@id":"https:\/\/diariotextual.com\/inicio\/index.php\/2026\/04\/27\/despacho-favorable-para-declarar-la-emergencia-en-salud-mental\/#article","isPartOf":{"@id":"https:\/\/diariotextual.com\/inicio\/index.php\/2026\/04\/27\/despacho-favorable-para-declarar-la-emergencia-en-salud-mental\/"},"author":{"name":"diario5","@id":"https:\/\/diariotextual.com\/inicio\/#\/schema\/person\/c7834961ad8b29b1d9cdbf4571299067"},"headline":"Despacho favorable para declarar la emergencia en salud mental","datePublished":"2026-04-27T15:15:12+00:00","dateModified":"2026-04-27T15:18:37+00:00","mainEntityOfPage":{"@id":"https:\/\/diariotextual.com\/inicio\/index.php\/2026\/04\/27\/despacho-favorable-para-declarar-la-emergencia-en-salud-mental\/"},"wordCount":163,"publisher":{"@id":"https:\/\/diariotextual.com\/inicio\/#organization"},"image":{"@id":"https:\/\/diariotextual.com\/inicio\/index.php\/2026\/04\/27\/despacho-favorable-para-declarar-la-emergencia-en-salud-mental\/#primaryimage"},"thumbnailUrl":"https:\/\/diariotextual.com\/inicio\/wp-content\/uploads\/2024\/07\/saludmental2024-111111.jpg","articleSection":["A - DESTACADAS (mod 16)","SOCIEDAD"],"inLanguage":"es"},{"@type":"WebPage","@id":"https:\/\/diariotextual.com\/inicio\/index.php\/2026\/04\/27\/despacho-favorable-para-declarar-la-emergencia-en-salud-mental\/","url":"https:\/\/diariotextual.com\/inicio\/index.php\/2026\/04\/27\/despacho-favorable-para-declarar-la-emergencia-en-salud-mental\/","name":"Despacho favorable para declarar la emergencia en salud mental - Diario Textual","isPartOf":{"@id":"https:\/\/diariotextual.com\/inicio\/#website"},"primaryImageOfPage":{"@id":"https:\/\/diariotextual.com\/inicio\/index.php\/2026\/04\/27\/despacho-favorable-para-declarar-la-emergencia-en-salud-mental\/#primaryimage"},"image":{"@id":"https:\/\/diariotextual.com\/inicio\/index.php\/2026\/04\/27\/despacho-favorable-para-declarar-la-emergencia-en-salud-mental\/#primaryimage"},"thumbnailUrl":"https:\/\/diariotextual.com\/inicio\/wp-content\/uploads\/2024\/07\/saludmental2024-111111.jpg","datePublished":"2026-04-27T15:15:12+00:00","dateModified":"2026-04-27T15:18:37+00:00","breadcrumb":{"@id":"https:\/\/diariotextual.com\/inicio\/index.php\/2026\/04\/27\/despacho-favorable-para-declarar-la-emergencia-en-salud-mental\/#breadcrumb"},"inLanguage":"es","potentialAction":[{"@type":"ReadAction","target":["https:\/\/diariotextual.com\/inicio\/index.php\/2026\/04\/27\/despacho-favorable-para-declarar-la-emergencia-en-salud-mental\/"]}]},{"@type":"ImageObject","inLanguage":"es","@id":"https:\/\/diariotextual.com\/inicio\/index.php\/2026\/04\/27\/despacho-favorable-para-declarar-la-emergencia-en-salud-mental\/#primaryimage","url":"https:\/\/diariotextual.com\/inicio\/wp-content\/uploads\/2024\/07\/saludmental2024-111111.jpg","contentUrl":"https:\/\/diariotextual.com\/inicio\/wp-content\/uploads\/2024\/07\/saludmental2024-111111.jpg","width":703,"height":389},{"@type":"BreadcrumbList","@id":"https:\/\/diariotextual.com\/inicio\/index.php\/2026\/04\/27\/despacho-favorable-para-declarar-la-emergencia-en-salud-mental\/#breadcrumb","itemListElement":[{"@type":"ListItem","position":1,"name":"Portada","item":"https:\/\/diariotextual.com\/inicio\/"},{"@type":"ListItem","position":2,"name":"Despacho favorable para declarar la emergencia en salud mental"}]},{"@type":"WebSite","@id":"https:\/\/diariotextual.com\/inicio\/#website","url":"https:\/\/diariotextual.com\/inicio\/","name":"Diario Textual","description":"","publisher":{"@id":"https:\/\/diariotextual.com\/inicio\/#organization"},"potentialAction":[{"@type":"SearchAction","target":{"@type":"EntryPoint","urlTemplate":"https:\/\/diariotextual.com\/inicio\/?s={search_term_string}"},"query-input":{"@type":"PropertyValueSpecification","valueRequired":true,"valueName":"search_term_string"}}],"inLanguage":"es"},{"@type":"Organization","@id":"https:\/\/diariotextual.com\/inicio\/#organization","name":"Diario Textual","url":"https:\/\/diariotextual.com\/inicio\/","logo":{"@type":"ImageObject","inLanguage":"es","@id":"https:\/\/diariotextual.com\/inicio\/#\/schema\/logo\/image\/","url":"https:\/\/diariotextual.com\/inicio\/wp-content\/uploads\/2023\/05\/logotextual1.jpg","contentUrl":"https:\/\/diariotextual.com\/inicio\/wp-content\/uploads\/2023\/05\/logotextual1.jpg","width":516,"height":76,"caption":"Diario Textual"},"image":{"@id":"https:\/\/diariotextual.com\/inicio\/#\/schema\/logo\/image\/"},"sameAs":["https:\/\/www.facebook.com\/eltextual","https:\/\/x.com\/eltextual","http:\/\/www.instagram.com\/eltextual"]},{"@type":"Person","@id":"https:\/\/diariotextual.com\/inicio\/#\/schema\/person\/c7834961ad8b29b1d9cdbf4571299067","name":"diario5","image":{"@type":"ImageObject","inLanguage":"es","@id":"https:\/\/secure.gravatar.com\/avatar\/948c893b847ca6df68216ead81b63f363408ec9b0f600fefc0641ce78613b111?s=96&d=mm&r=g","url":"https:\/\/secure.gravatar.com\/avatar\/948c893b847ca6df68216ead81b63f363408ec9b0f600fefc0641ce78613b111?s=96&d=mm&r=g","contentUrl":"https:\/\/secure.gravatar.com\/avatar\/948c893b847ca6df68216ead81b63f363408ec9b0f600fefc0641ce78613b111?s=96&d=mm&r=g","caption":"diario5"},"url":"https:\/\/diariotextual.com\/inicio\/index.php\/author\/diario5\/"}]}},"_links":{"self":[{"href":"https:\/\/diariotextual.com\/inicio\/index.php\/wp-json\/wp\/v2\/posts\/325815","targetHints":{"allow":["GET"]}}],"collection":[{"href":"https:\/\/diariotextual.com\/inicio\/index.php\/wp-json\/wp\/v2\/posts"}],"about":[{"href":"https:\/\/diariotextual.com\/inicio\/index.php\/wp-json\/wp\/v2\/types\/post"}],"author":[{"embeddable":true,"href":"https:\/\/diariotextual.com\/inicio\/index.php\/wp-json\/wp\/v2\/users\/7"}],"replies":[{"embeddable":true,"href":"https:\/\/diariotextual.com\/inicio\/index.php\/wp-json\/wp\/v2\/comments?post=325815"}],"version-history":[{"count":2,"href":"https:\/\/diariotextual.com\/inicio\/index.php\/wp-json\/wp\/v2\/posts\/325815\/revisions"}],"predecessor-version":[{"id":325818,"href":"https:\/\/diariotextual.com\/inicio\/index.php\/wp-json\/wp\/v2\/posts\/325815\/revisions\/325818"}],"wp:featuredmedia":[{"embeddable":true,"href":"https:\/\/diariotextual.com\/inicio\/index.php\/wp-json\/wp\/v2\/media\/268283"}],"wp:attachment":[{"href":"https:\/\/diariotextual.com\/inicio\/index.php\/wp-json\/wp\/v2\/media?parent=325815"}],"wp:term":[{"taxonomy":"category","embeddable":true,"href":"https:\/\/diariotextual.com\/inicio\/index.php\/wp-json\/wp\/v2\/categories?post=325815"},{"taxonomy":"post_tag","embeddable":true,"href":"https:\/\/diariotextual.com\/inicio\/index.php\/wp-json\/wp\/v2\/tags?post=325815"}],"curies":[{"name":"wp","href":"https:\/\/api.w.org\/{rel}","templated":true}]}}