{"id":325819,"date":"2026-04-27T12:57:42","date_gmt":"2026-04-27T15:57:42","guid":{"rendered":"https:\/\/diariotextual.com\/inicio\/?p=325819"},"modified":"2026-04-27T22:09:38","modified_gmt":"2026-04-28T01:09:38","slug":"soy-coherente-con-la-historia-de-la-pampa-el-equilibrio-fiscal-es-innegociable-dice-ziliotto","status":"publish","type":"post","link":"https:\/\/diariotextual.com\/inicio\/index.php\/2026\/04\/27\/soy-coherente-con-la-historia-de-la-pampa-el-equilibrio-fiscal-es-innegociable-dice-ziliotto\/","title":{"rendered":"\u201cSoy coherente con la historia de La Pampa: el equilibrio fiscal es innegociable\u201d, dice Ziliotto"},"content":{"rendered":"\n<p>El gobernador de <strong>La Pampa<\/strong>, <strong>Sergio Ziliotto<\/strong>, dijo que <strong>\u201cel equilibrio fiscal es innegociable\u201d<\/strong>, aunque advirti\u00f3 que ese orden debe sostenerse con <strong>producci\u00f3n<\/strong> y <strong>trabajo<\/strong> como ejes del desarrollo de la provincia y el pa\u00eds.<strong> \u201cCuando yo digo esto, me preguntan si me volv\u00ed liberal. No, soy coherente con una historia de La Pampa\u201d<\/strong>, resalt\u00f3 en referencia al equilibrio fiscal de los gobiernos peronistas de las \u00faltimas cuatro d\u00e9cadas en la provincia, en una entrevista con el periodista agropecuario y consultor <strong>Carlos Etchepare<\/strong>, en <strong>Canal Rural<\/strong>.<\/p>\n\n\n\n<p>\u201c<strong>El equilibrio fiscal es innegociable<\/strong>. Porque es innegociable para el pa\u00eds, para una empresa y para una administraci\u00f3n familiar. \u00bfCu\u00e1nto tiempo se puede vivir alguien endeudado o gastar m\u00e1s de lo que ingresa?\u201d, expres\u00f3.<\/p>\n\n\n\n<p>A la vez, marc\u00f3 l\u00edmites al enfoque econ\u00f3mico actual del Gobierno de <strong>Javier Milei<\/strong>. \u201cNo hay otra alternativa para desarrollar el pa\u00eds que a trav\u00e9s de la <strong>producci\u00f3n<\/strong> y el <strong>trabajo<\/strong>. No hay otra. Cuando uno ve que hoy uno de los sectores m\u00e1s din\u00e1micos tiene que ver con la <strong>intermediaci\u00f3n financiera<\/strong>, y que es el que m\u00e1s aporta, claramente tenemos muy equivocado hacia d\u00f3nde va\u201d, expres\u00f3.<\/p>\n\n\n\n<p>En ese marco, pidi\u00f3 superar la <strong>grieta<\/strong>. \u201cLos fanatismos, los extremos, no nos permiten llegar a un punto de equilibrio donde entendamos todos cu\u00e1les son las prioridades\u201d, dijo a Canal Rural.<\/p>\n\n\n\n<div style=\"height:100px\" aria-hidden=\"true\" class=\"wp-block-spacer\"><\/div>\n\n\n\n<p><strong>Una provincia agroganadera y el peso del campo<\/strong><\/p>\n\n\n\n<p>Ziliotto tambi\u00e9n se refiri\u00f3 a la identidad productiva pampeana. \u201c<strong>La Pampa<\/strong>, siempre inmensidad, tranquilidad, previsibilidad y seriedad, tiene que ver con una coherencia desde que \u00e9ramos territorio y cuando fuimos provincia. Es una provincia <strong>agroganadera<\/strong>\u201d, expres\u00f3.<\/p>\n\n\n\n<p>El mandatario, al referirse a la <strong>agricultura<\/strong>, advirti\u00f3 que el escenario no es uniforme. \u201cMuchas veces se plantean s\u00faper cosechas o cosechas r\u00e9cord. Creo que s\u00ed es una cuesti\u00f3n importante, pero seguramente le va a ir mucho mejor al pa\u00eds que al productor\u201d, dijo. Incluso puso en duda la recuperaci\u00f3n del sector. \u201cEl productor no s\u00e9 si va a lograr tener revancha de lo que ha pasado, el efecto de la <strong>sequ\u00eda de 2003<\/strong>\u201d, dijo.<\/p>\n\n\n\n<p>Aun as\u00ed, destac\u00f3 el rol estructural del campo. \u201cEl productor sabe que esto es una lucha permanente y que realmente es un sector que es el motor de la econom\u00eda\u201d, sostuvo.<\/p>\n\n\n\n<div style=\"height:100px\" aria-hidden=\"true\" class=\"wp-block-spacer\"><\/div>\n\n\n\n<p><strong>Agua, riego y defensa del r\u00edo Colorado<\/strong><\/p>\n\n\n\n<p>Ziliotto tambi\u00e9n se refiri\u00f3 al <strong>amparo colectivo<\/strong> que impuls\u00f3 el Gobierno pampeano contra la reforma de la <strong>Ley de Glaciares<\/strong>, que podr\u00eda afectar al <strong>r\u00edo Colorado<\/strong>, del que se abastece el 70 por ciento de los pampeanos. \u201cCualquier curso de agua -y esto es un fallo de la <strong>Corte Suprema de Justicia de la Naci\u00f3n<\/strong>&#8211; pertenece a varias provincias: somos <strong>cond\u00f3minos<\/strong>. \u00bfPor qu\u00e9 va a quedar el destino de ese glaciar en manos de una provincia (NdeR: por <strong>Mendoza<\/strong>)?\u201d, dijo. \u201cEstamos defendiendo la \u00fanica fuente de agua que nos queda, el <strong>r\u00edo Colorado<\/strong>\u201d.<\/p>\n\n\n\n<p>Tambi\u00e9n record\u00f3 el conflicto por <strong>Portezuelo del Viento<\/strong>, la represa hidroel\u00e9ctrica que pretend\u00eda construir <strong>Mendoza<\/strong> y que iba a afectar al Colorado. \u201cYa lo defendimos cuando nos quer\u00edan quitar el flujo de agua. Fue defender lo que nos corresponde\u201d. Hoy, se\u00f1al\u00f3, el <strong>acueducto del r\u00edo Colorado<\/strong> abastece al 45% de la poblaci\u00f3n y proyecta llegar hacia <strong>General Pico<\/strong>. \u201c\u00bfC\u00f3mo no vamos a defender el r\u00edo Colorado?\u201d, insisti\u00f3, tanto para <strong>consumo humano<\/strong> como para <strong>producci\u00f3n<\/strong>.<\/p>\n\n\n\n<p>\u201cSomos una provincia <strong>semi\u00e1rida<\/strong>, con cada vez menos impacto en la respuesta a la demanda del crecimiento social y productivo. Nuestras <strong>aguas subterr\u00e1neas<\/strong> son cada vez m\u00e1s escasas\u201d, explic\u00f3.<\/p>\n\n\n\n<p>En ese contexto, subray\u00f3 la importancia de los r\u00edos. \u201cYa hemos perdido dos r\u00edos: el <strong>Atuel<\/strong> y el <strong>Salado<\/strong>. Corre el <strong>r\u00edo Colorado<\/strong> al sur y ah\u00ed es donde realmente se ve la importancia que le damos al agua\u201d, dijo.<\/p>\n\n\n\n<p>Tambi\u00e9n defendi\u00f3 el uso productivo. \u201cEn <strong>La Pampa<\/strong> est\u00e1 prohibido regar por manto. Hoy hay m\u00e1s de 1.000 hect\u00e1reas produciendo con <strong>riego por goteo<\/strong> en <strong>Casa de Piedra<\/strong>\u201d, dijo. Adem\u00e1s, detall\u00f3 incentivos estatales. \u201cGarantizamos acceso a <strong>tierra<\/strong>, <strong>energ\u00eda<\/strong> y <strong>agua<\/strong>. Hasta que la especie implantada no genera ingresos, no se paga el impuesto\u201d, expres\u00f3.<\/p>\n\n\n\n<div style=\"height:100px\" aria-hidden=\"true\" class=\"wp-block-spacer\"><\/div>\n\n\n\n<p><strong>Miner\u00eda y l\u00edmites ambientales<\/strong><\/p>\n\n\n\n<p>Ziliotto aclar\u00f3 su postura con la <strong>miner\u00eda<\/strong>. \u201cNo nos oponemos a la miner\u00eda. Nos oponemos a la miner\u00eda que quiere darle prioridad al agua sobre el <strong>consumo humano<\/strong> o a aquella que contamina\u201d, dijo.<\/p>\n\n\n\n<div style=\"height:100px\" aria-hidden=\"true\" class=\"wp-block-spacer\"><\/div>\n\n\n\n<p><strong>Estado, escala y servicios<\/strong><\/p>\n\n\n\n<p>El mandatario tambi\u00e9n defendi\u00f3 el rol estatal en provincias de baja escala. \u201cSi no hay <strong>escala<\/strong>, el mercado nunca va a trabajar. No le pidamos <strong>filantrop\u00eda<\/strong> al mercado\u201d, dijo. En ese sentido, destac\u00f3 que la <strong>salud p\u00fablica<\/strong> y la <strong>educaci\u00f3n p\u00fablica<\/strong> son mayoritarias en el territorio. \u201cTenemos un <strong>Estado austero<\/strong> que devuelve todo lo que recibe en tributos en servicios y protecci\u00f3n\u201d, sostuvo.<\/p>\n\n\n\n<div style=\"height:100px\" aria-hidden=\"true\" class=\"wp-block-spacer\"><\/div>\n\n\n\n<p><strong>Pol\u00edtica y representaci\u00f3n<\/strong><\/p>\n\n\n\n<p>Finalmente, se refiri\u00f3 al v\u00ednculo entre <strong>pol\u00edtica<\/strong> y sociedad. \u201cEntiendo a la sociedad. Creo en la buena pol\u00edtica. Pero ejemplos de mala pol\u00edtica han generado una reputaci\u00f3n que nos abarca a todos\u201d, dijo.<\/p>\n\n\n\n<p>\u201cDonde est\u00e9, m\u00e1s all\u00e1 de un cargo o no, siempre estar\u00e9 al pie del ca\u00f1\u00f3n. Me costar\u00eda no hacer nada, no estar activo\u201d, finaliz\u00f3.<\/p>\n\n\n\n<p><\/p>\n","protected":false},"excerpt":{"rendered":"<p>El gobernador de La Pampa, Sergio Ziliotto, dijo que \u201cel equilibrio fiscal es innegociable\u201d, aunque advirti\u00f3 que ese orden debe sostenerse con producci\u00f3n y trabajo como ejes del desarrollo de&hellip;<\/p>\n","protected":false},"author":3,"featured_media":321103,"comment_status":"closed","ping_status":"open","sticky":false,"template":"","format":"standard","meta":{"_acf_changed":false,"footnotes":""},"categories":[4,8],"tags":[],"class_list":["post-325819","post","type-post","status-publish","format-standard","has-post-thumbnail","hentry","category-destacadas","category-politica"],"acf":[],"yoast_head":"<!-- This site is optimized with the Yoast SEO plugin v27.4 - https:\/\/yoast.com\/product\/yoast-seo-wordpress\/ -->\n<title>\u201cSoy coherente con la historia de La Pampa: el equilibrio fiscal es innegociable\u201d, dice Ziliotto - Diario Textual<\/title>\n<meta name=\"robots\" content=\"index, follow, max-snippet:-1, max-image-preview:large, max-video-preview:-1\" \/>\n<link rel=\"canonical\" href=\"https:\/\/diariotextual.com\/inicio\/index.php\/2026\/04\/27\/soy-coherente-con-la-historia-de-la-pampa-el-equilibrio-fiscal-es-innegociable-dice-ziliotto\/\" \/>\n<meta property=\"og:locale\" content=\"es_ES\" \/>\n<meta property=\"og:type\" content=\"article\" \/>\n<meta property=\"og:title\" content=\"\u201cSoy coherente con la historia de La Pampa: el equilibrio fiscal es innegociable\u201d, dice Ziliotto - Diario Textual\" \/>\n<meta property=\"og:description\" content=\"El gobernador de La Pampa, Sergio Ziliotto, dijo que \u201cel equilibrio fiscal es innegociable\u201d, aunque advirti\u00f3 que ese orden debe sostenerse con producci\u00f3n y trabajo como ejes del desarrollo de&hellip;\" \/>\n<meta property=\"og:url\" content=\"https:\/\/diariotextual.com\/inicio\/index.php\/2026\/04\/27\/soy-coherente-con-la-historia-de-la-pampa-el-equilibrio-fiscal-es-innegociable-dice-ziliotto\/\" \/>\n<meta property=\"og:site_name\" content=\"Diario Textual\" \/>\n<meta property=\"article:publisher\" content=\"https:\/\/www.facebook.com\/eltextual\" \/>\n<meta property=\"article:published_time\" content=\"2026-04-27T15:57:42+00:00\" \/>\n<meta property=\"article:modified_time\" content=\"2026-04-28T01:09:38+00:00\" \/>\n<meta property=\"og:image\" content=\"https:\/\/diariotextual.com\/inicio\/wp-content\/uploads\/2026\/03\/ziliottosergiolegislaturaaperturasesiones2026-7.jpg\" \/>\n\t<meta property=\"og:image:width\" content=\"1300\" \/>\n\t<meta property=\"og:image:height\" content=\"867\" \/>\n\t<meta property=\"og:image:type\" content=\"image\/jpeg\" \/>\n<meta name=\"author\" content=\"Diario1 Diario1\" \/>\n<meta name=\"twitter:card\" content=\"summary_large_image\" \/>\n<meta name=\"twitter:creator\" content=\"@eltextual\" \/>\n<meta name=\"twitter:site\" content=\"@eltextual\" \/>\n<meta name=\"twitter:label1\" content=\"Escrito por\" \/>\n\t<meta name=\"twitter:data1\" content=\"Diario1 Diario1\" \/>\n\t<meta name=\"twitter:label2\" content=\"Tiempo de lectura\" \/>\n\t<meta name=\"twitter:data2\" content=\"5 minutos\" \/>\n<script type=\"application\/ld+json\" class=\"yoast-schema-graph\">{\"@context\":\"https:\\\/\\\/schema.org\",\"@graph\":[{\"@type\":\"Article\",\"@id\":\"https:\\\/\\\/diariotextual.com\\\/inicio\\\/index.php\\\/2026\\\/04\\\/27\\\/soy-coherente-con-la-historia-de-la-pampa-el-equilibrio-fiscal-es-innegociable-dice-ziliotto\\\/#article\",\"isPartOf\":{\"@id\":\"https:\\\/\\\/diariotextual.com\\\/inicio\\\/index.php\\\/2026\\\/04\\\/27\\\/soy-coherente-con-la-historia-de-la-pampa-el-equilibrio-fiscal-es-innegociable-dice-ziliotto\\\/\"},\"author\":{\"name\":\"Diario1 Diario1\",\"@id\":\"https:\\\/\\\/diariotextual.com\\\/inicio\\\/#\\\/schema\\\/person\\\/418fc4093c33e86ed41562db3508f958\"},\"headline\":\"\u201cSoy coherente con la historia de La Pampa: el equilibrio fiscal es innegociable\u201d, dice Ziliotto\",\"datePublished\":\"2026-04-27T15:57:42+00:00\",\"dateModified\":\"2026-04-28T01:09:38+00:00\",\"mainEntityOfPage\":{\"@id\":\"https:\\\/\\\/diariotextual.com\\\/inicio\\\/index.php\\\/2026\\\/04\\\/27\\\/soy-coherente-con-la-historia-de-la-pampa-el-equilibrio-fiscal-es-innegociable-dice-ziliotto\\\/\"},\"wordCount\":916,\"publisher\":{\"@id\":\"https:\\\/\\\/diariotextual.com\\\/inicio\\\/#organization\"},\"image\":{\"@id\":\"https:\\\/\\\/diariotextual.com\\\/inicio\\\/index.php\\\/2026\\\/04\\\/27\\\/soy-coherente-con-la-historia-de-la-pampa-el-equilibrio-fiscal-es-innegociable-dice-ziliotto\\\/#primaryimage\"},\"thumbnailUrl\":\"https:\\\/\\\/diariotextual.com\\\/inicio\\\/wp-content\\\/uploads\\\/2026\\\/03\\\/ziliottosergiolegislaturaaperturasesiones2026-7.jpg\",\"articleSection\":[\"A - DESTACADAS (mod 16)\",\"POLITICA\"],\"inLanguage\":\"es\"},{\"@type\":\"WebPage\",\"@id\":\"https:\\\/\\\/diariotextual.com\\\/inicio\\\/index.php\\\/2026\\\/04\\\/27\\\/soy-coherente-con-la-historia-de-la-pampa-el-equilibrio-fiscal-es-innegociable-dice-ziliotto\\\/\",\"url\":\"https:\\\/\\\/diariotextual.com\\\/inicio\\\/index.php\\\/2026\\\/04\\\/27\\\/soy-coherente-con-la-historia-de-la-pampa-el-equilibrio-fiscal-es-innegociable-dice-ziliotto\\\/\",\"name\":\"\u201cSoy coherente con la historia de La Pampa: el equilibrio fiscal es innegociable\u201d, dice Ziliotto - Diario Textual\",\"isPartOf\":{\"@id\":\"https:\\\/\\\/diariotextual.com\\\/inicio\\\/#website\"},\"primaryImageOfPage\":{\"@id\":\"https:\\\/\\\/diariotextual.com\\\/inicio\\\/index.php\\\/2026\\\/04\\\/27\\\/soy-coherente-con-la-historia-de-la-pampa-el-equilibrio-fiscal-es-innegociable-dice-ziliotto\\\/#primaryimage\"},\"image\":{\"@id\":\"https:\\\/\\\/diariotextual.com\\\/inicio\\\/index.php\\\/2026\\\/04\\\/27\\\/soy-coherente-con-la-historia-de-la-pampa-el-equilibrio-fiscal-es-innegociable-dice-ziliotto\\\/#primaryimage\"},\"thumbnailUrl\":\"https:\\\/\\\/diariotextual.com\\\/inicio\\\/wp-content\\\/uploads\\\/2026\\\/03\\\/ziliottosergiolegislaturaaperturasesiones2026-7.jpg\",\"datePublished\":\"2026-04-27T15:57:42+00:00\",\"dateModified\":\"2026-04-28T01:09:38+00:00\",\"breadcrumb\":{\"@id\":\"https:\\\/\\\/diariotextual.com\\\/inicio\\\/index.php\\\/2026\\\/04\\\/27\\\/soy-coherente-con-la-historia-de-la-pampa-el-equilibrio-fiscal-es-innegociable-dice-ziliotto\\\/#breadcrumb\"},\"inLanguage\":\"es\",\"potentialAction\":[{\"@type\":\"ReadAction\",\"target\":[\"https:\\\/\\\/diariotextual.com\\\/inicio\\\/index.php\\\/2026\\\/04\\\/27\\\/soy-coherente-con-la-historia-de-la-pampa-el-equilibrio-fiscal-es-innegociable-dice-ziliotto\\\/\"]}]},{\"@type\":\"ImageObject\",\"inLanguage\":\"es\",\"@id\":\"https:\\\/\\\/diariotextual.com\\\/inicio\\\/index.php\\\/2026\\\/04\\\/27\\\/soy-coherente-con-la-historia-de-la-pampa-el-equilibrio-fiscal-es-innegociable-dice-ziliotto\\\/#primaryimage\",\"url\":\"https:\\\/\\\/diariotextual.com\\\/inicio\\\/wp-content\\\/uploads\\\/2026\\\/03\\\/ziliottosergiolegislaturaaperturasesiones2026-7.jpg\",\"contentUrl\":\"https:\\\/\\\/diariotextual.com\\\/inicio\\\/wp-content\\\/uploads\\\/2026\\\/03\\\/ziliottosergiolegislaturaaperturasesiones2026-7.jpg\",\"width\":1300,\"height\":867},{\"@type\":\"BreadcrumbList\",\"@id\":\"https:\\\/\\\/diariotextual.com\\\/inicio\\\/index.php\\\/2026\\\/04\\\/27\\\/soy-coherente-con-la-historia-de-la-pampa-el-equilibrio-fiscal-es-innegociable-dice-ziliotto\\\/#breadcrumb\",\"itemListElement\":[{\"@type\":\"ListItem\",\"position\":1,\"name\":\"Portada\",\"item\":\"https:\\\/\\\/diariotextual.com\\\/inicio\\\/\"},{\"@type\":\"ListItem\",\"position\":2,\"name\":\"\u201cSoy coherente con la historia de La Pampa: el equilibrio fiscal es innegociable\u201d, dice Ziliotto\"}]},{\"@type\":\"WebSite\",\"@id\":\"https:\\\/\\\/diariotextual.com\\\/inicio\\\/#website\",\"url\":\"https:\\\/\\\/diariotextual.com\\\/inicio\\\/\",\"name\":\"Diario Textual\",\"description\":\"\",\"publisher\":{\"@id\":\"https:\\\/\\\/diariotextual.com\\\/inicio\\\/#organization\"},\"potentialAction\":[{\"@type\":\"SearchAction\",\"target\":{\"@type\":\"EntryPoint\",\"urlTemplate\":\"https:\\\/\\\/diariotextual.com\\\/inicio\\\/?s={search_term_string}\"},\"query-input\":{\"@type\":\"PropertyValueSpecification\",\"valueRequired\":true,\"valueName\":\"search_term_string\"}}],\"inLanguage\":\"es\"},{\"@type\":\"Organization\",\"@id\":\"https:\\\/\\\/diariotextual.com\\\/inicio\\\/#organization\",\"name\":\"Diario Textual\",\"url\":\"https:\\\/\\\/diariotextual.com\\\/inicio\\\/\",\"logo\":{\"@type\":\"ImageObject\",\"inLanguage\":\"es\",\"@id\":\"https:\\\/\\\/diariotextual.com\\\/inicio\\\/#\\\/schema\\\/logo\\\/image\\\/\",\"url\":\"https:\\\/\\\/diariotextual.com\\\/inicio\\\/wp-content\\\/uploads\\\/2023\\\/05\\\/logotextual1.jpg\",\"contentUrl\":\"https:\\\/\\\/diariotextual.com\\\/inicio\\\/wp-content\\\/uploads\\\/2023\\\/05\\\/logotextual1.jpg\",\"width\":516,\"height\":76,\"caption\":\"Diario Textual\"},\"image\":{\"@id\":\"https:\\\/\\\/diariotextual.com\\\/inicio\\\/#\\\/schema\\\/logo\\\/image\\\/\"},\"sameAs\":[\"https:\\\/\\\/www.facebook.com\\\/eltextual\",\"https:\\\/\\\/x.com\\\/eltextual\",\"http:\\\/\\\/www.instagram.com\\\/eltextual\"]},{\"@type\":\"Person\",\"@id\":\"https:\\\/\\\/diariotextual.com\\\/inicio\\\/#\\\/schema\\\/person\\\/418fc4093c33e86ed41562db3508f958\",\"name\":\"Diario1 Diario1\",\"image\":{\"@type\":\"ImageObject\",\"inLanguage\":\"es\",\"@id\":\"https:\\\/\\\/secure.gravatar.com\\\/avatar\\\/9167d280179c85bc18be67aa7eda765854300033af4896dd779b608640f2ef7a?s=96&d=mm&r=g\",\"url\":\"https:\\\/\\\/secure.gravatar.com\\\/avatar\\\/9167d280179c85bc18be67aa7eda765854300033af4896dd779b608640f2ef7a?s=96&d=mm&r=g\",\"contentUrl\":\"https:\\\/\\\/secure.gravatar.com\\\/avatar\\\/9167d280179c85bc18be67aa7eda765854300033af4896dd779b608640f2ef7a?s=96&d=mm&r=g\",\"caption\":\"Diario1 Diario1\"},\"url\":\"https:\\\/\\\/diariotextual.com\\\/inicio\\\/index.php\\\/author\\\/diario1\\\/\"}]}<\/script>\n<!-- \/ Yoast SEO plugin. -->","yoast_head_json":{"title":"\u201cSoy coherente con la historia de La Pampa: el equilibrio fiscal es innegociable\u201d, dice Ziliotto - Diario Textual","robots":{"index":"index","follow":"follow","max-snippet":"max-snippet:-1","max-image-preview":"max-image-preview:large","max-video-preview":"max-video-preview:-1"},"canonical":"https:\/\/diariotextual.com\/inicio\/index.php\/2026\/04\/27\/soy-coherente-con-la-historia-de-la-pampa-el-equilibrio-fiscal-es-innegociable-dice-ziliotto\/","og_locale":"es_ES","og_type":"article","og_title":"\u201cSoy coherente con la historia de La Pampa: el equilibrio fiscal es innegociable\u201d, dice Ziliotto - Diario Textual","og_description":"El gobernador de La Pampa, Sergio Ziliotto, dijo que \u201cel equilibrio fiscal es innegociable\u201d, aunque advirti\u00f3 que ese orden debe sostenerse con producci\u00f3n y trabajo como ejes del desarrollo de&hellip;","og_url":"https:\/\/diariotextual.com\/inicio\/index.php\/2026\/04\/27\/soy-coherente-con-la-historia-de-la-pampa-el-equilibrio-fiscal-es-innegociable-dice-ziliotto\/","og_site_name":"Diario Textual","article_publisher":"https:\/\/www.facebook.com\/eltextual","article_published_time":"2026-04-27T15:57:42+00:00","article_modified_time":"2026-04-28T01:09:38+00:00","og_image":[{"width":1300,"height":867,"url":"https:\/\/diariotextual.com\/inicio\/wp-content\/uploads\/2026\/03\/ziliottosergiolegislaturaaperturasesiones2026-7.jpg","type":"image\/jpeg"}],"author":"Diario1 Diario1","twitter_card":"summary_large_image","twitter_creator":"@eltextual","twitter_site":"@eltextual","twitter_misc":{"Escrito por":"Diario1 Diario1","Tiempo de lectura":"5 minutos"},"schema":{"@context":"https:\/\/schema.org","@graph":[{"@type":"Article","@id":"https:\/\/diariotextual.com\/inicio\/index.php\/2026\/04\/27\/soy-coherente-con-la-historia-de-la-pampa-el-equilibrio-fiscal-es-innegociable-dice-ziliotto\/#article","isPartOf":{"@id":"https:\/\/diariotextual.com\/inicio\/index.php\/2026\/04\/27\/soy-coherente-con-la-historia-de-la-pampa-el-equilibrio-fiscal-es-innegociable-dice-ziliotto\/"},"author":{"name":"Diario1 Diario1","@id":"https:\/\/diariotextual.com\/inicio\/#\/schema\/person\/418fc4093c33e86ed41562db3508f958"},"headline":"\u201cSoy coherente con la historia de La Pampa: el equilibrio fiscal es innegociable\u201d, dice Ziliotto","datePublished":"2026-04-27T15:57:42+00:00","dateModified":"2026-04-28T01:09:38+00:00","mainEntityOfPage":{"@id":"https:\/\/diariotextual.com\/inicio\/index.php\/2026\/04\/27\/soy-coherente-con-la-historia-de-la-pampa-el-equilibrio-fiscal-es-innegociable-dice-ziliotto\/"},"wordCount":916,"publisher":{"@id":"https:\/\/diariotextual.com\/inicio\/#organization"},"image":{"@id":"https:\/\/diariotextual.com\/inicio\/index.php\/2026\/04\/27\/soy-coherente-con-la-historia-de-la-pampa-el-equilibrio-fiscal-es-innegociable-dice-ziliotto\/#primaryimage"},"thumbnailUrl":"https:\/\/diariotextual.com\/inicio\/wp-content\/uploads\/2026\/03\/ziliottosergiolegislaturaaperturasesiones2026-7.jpg","articleSection":["A - DESTACADAS (mod 16)","POLITICA"],"inLanguage":"es"},{"@type":"WebPage","@id":"https:\/\/diariotextual.com\/inicio\/index.php\/2026\/04\/27\/soy-coherente-con-la-historia-de-la-pampa-el-equilibrio-fiscal-es-innegociable-dice-ziliotto\/","url":"https:\/\/diariotextual.com\/inicio\/index.php\/2026\/04\/27\/soy-coherente-con-la-historia-de-la-pampa-el-equilibrio-fiscal-es-innegociable-dice-ziliotto\/","name":"\u201cSoy coherente con la historia de La Pampa: el equilibrio fiscal es innegociable\u201d, dice Ziliotto - Diario Textual","isPartOf":{"@id":"https:\/\/diariotextual.com\/inicio\/#website"},"primaryImageOfPage":{"@id":"https:\/\/diariotextual.com\/inicio\/index.php\/2026\/04\/27\/soy-coherente-con-la-historia-de-la-pampa-el-equilibrio-fiscal-es-innegociable-dice-ziliotto\/#primaryimage"},"image":{"@id":"https:\/\/diariotextual.com\/inicio\/index.php\/2026\/04\/27\/soy-coherente-con-la-historia-de-la-pampa-el-equilibrio-fiscal-es-innegociable-dice-ziliotto\/#primaryimage"},"thumbnailUrl":"https:\/\/diariotextual.com\/inicio\/wp-content\/uploads\/2026\/03\/ziliottosergiolegislaturaaperturasesiones2026-7.jpg","datePublished":"2026-04-27T15:57:42+00:00","dateModified":"2026-04-28T01:09:38+00:00","breadcrumb":{"@id":"https:\/\/diariotextual.com\/inicio\/index.php\/2026\/04\/27\/soy-coherente-con-la-historia-de-la-pampa-el-equilibrio-fiscal-es-innegociable-dice-ziliotto\/#breadcrumb"},"inLanguage":"es","potentialAction":[{"@type":"ReadAction","target":["https:\/\/diariotextual.com\/inicio\/index.php\/2026\/04\/27\/soy-coherente-con-la-historia-de-la-pampa-el-equilibrio-fiscal-es-innegociable-dice-ziliotto\/"]}]},{"@type":"ImageObject","inLanguage":"es","@id":"https:\/\/diariotextual.com\/inicio\/index.php\/2026\/04\/27\/soy-coherente-con-la-historia-de-la-pampa-el-equilibrio-fiscal-es-innegociable-dice-ziliotto\/#primaryimage","url":"https:\/\/diariotextual.com\/inicio\/wp-content\/uploads\/2026\/03\/ziliottosergiolegislaturaaperturasesiones2026-7.jpg","contentUrl":"https:\/\/diariotextual.com\/inicio\/wp-content\/uploads\/2026\/03\/ziliottosergiolegislaturaaperturasesiones2026-7.jpg","width":1300,"height":867},{"@type":"BreadcrumbList","@id":"https:\/\/diariotextual.com\/inicio\/index.php\/2026\/04\/27\/soy-coherente-con-la-historia-de-la-pampa-el-equilibrio-fiscal-es-innegociable-dice-ziliotto\/#breadcrumb","itemListElement":[{"@type":"ListItem","position":1,"name":"Portada","item":"https:\/\/diariotextual.com\/inicio\/"},{"@type":"ListItem","position":2,"name":"\u201cSoy coherente con la historia de La Pampa: el equilibrio fiscal es innegociable\u201d, dice Ziliotto"}]},{"@type":"WebSite","@id":"https:\/\/diariotextual.com\/inicio\/#website","url":"https:\/\/diariotextual.com\/inicio\/","name":"Diario Textual","description":"","publisher":{"@id":"https:\/\/diariotextual.com\/inicio\/#organization"},"potentialAction":[{"@type":"SearchAction","target":{"@type":"EntryPoint","urlTemplate":"https:\/\/diariotextual.com\/inicio\/?s={search_term_string}"},"query-input":{"@type":"PropertyValueSpecification","valueRequired":true,"valueName":"search_term_string"}}],"inLanguage":"es"},{"@type":"Organization","@id":"https:\/\/diariotextual.com\/inicio\/#organization","name":"Diario Textual","url":"https:\/\/diariotextual.com\/inicio\/","logo":{"@type":"ImageObject","inLanguage":"es","@id":"https:\/\/diariotextual.com\/inicio\/#\/schema\/logo\/image\/","url":"https:\/\/diariotextual.com\/inicio\/wp-content\/uploads\/2023\/05\/logotextual1.jpg","contentUrl":"https:\/\/diariotextual.com\/inicio\/wp-content\/uploads\/2023\/05\/logotextual1.jpg","width":516,"height":76,"caption":"Diario Textual"},"image":{"@id":"https:\/\/diariotextual.com\/inicio\/#\/schema\/logo\/image\/"},"sameAs":["https:\/\/www.facebook.com\/eltextual","https:\/\/x.com\/eltextual","http:\/\/www.instagram.com\/eltextual"]},{"@type":"Person","@id":"https:\/\/diariotextual.com\/inicio\/#\/schema\/person\/418fc4093c33e86ed41562db3508f958","name":"Diario1 Diario1","image":{"@type":"ImageObject","inLanguage":"es","@id":"https:\/\/secure.gravatar.com\/avatar\/9167d280179c85bc18be67aa7eda765854300033af4896dd779b608640f2ef7a?s=96&d=mm&r=g","url":"https:\/\/secure.gravatar.com\/avatar\/9167d280179c85bc18be67aa7eda765854300033af4896dd779b608640f2ef7a?s=96&d=mm&r=g","contentUrl":"https:\/\/secure.gravatar.com\/avatar\/9167d280179c85bc18be67aa7eda765854300033af4896dd779b608640f2ef7a?s=96&d=mm&r=g","caption":"Diario1 Diario1"},"url":"https:\/\/diariotextual.com\/inicio\/index.php\/author\/diario1\/"}]}},"_links":{"self":[{"href":"https:\/\/diariotextual.com\/inicio\/index.php\/wp-json\/wp\/v2\/posts\/325819","targetHints":{"allow":["GET"]}}],"collection":[{"href":"https:\/\/diariotextual.com\/inicio\/index.php\/wp-json\/wp\/v2\/posts"}],"about":[{"href":"https:\/\/diariotextual.com\/inicio\/index.php\/wp-json\/wp\/v2\/types\/post"}],"author":[{"embeddable":true,"href":"https:\/\/diariotextual.com\/inicio\/index.php\/wp-json\/wp\/v2\/users\/3"}],"replies":[{"embeddable":true,"href":"https:\/\/diariotextual.com\/inicio\/index.php\/wp-json\/wp\/v2\/comments?post=325819"}],"version-history":[{"count":1,"href":"https:\/\/diariotextual.com\/inicio\/index.php\/wp-json\/wp\/v2\/posts\/325819\/revisions"}],"predecessor-version":[{"id":325820,"href":"https:\/\/diariotextual.com\/inicio\/index.php\/wp-json\/wp\/v2\/posts\/325819\/revisions\/325820"}],"wp:featuredmedia":[{"embeddable":true,"href":"https:\/\/diariotextual.com\/inicio\/index.php\/wp-json\/wp\/v2\/media\/321103"}],"wp:attachment":[{"href":"https:\/\/diariotextual.com\/inicio\/index.php\/wp-json\/wp\/v2\/media?parent=325819"}],"wp:term":[{"taxonomy":"category","embeddable":true,"href":"https:\/\/diariotextual.com\/inicio\/index.php\/wp-json\/wp\/v2\/categories?post=325819"},{"taxonomy":"post_tag","embeddable":true,"href":"https:\/\/diariotextual.com\/inicio\/index.php\/wp-json\/wp\/v2\/tags?post=325819"}],"curies":[{"name":"wp","href":"https:\/\/api.w.org\/{rel}","templated":true}]}}