{"id":325821,"date":"2026-04-27T17:52:25","date_gmt":"2026-04-27T20:52:25","guid":{"rendered":"https:\/\/diariotextual.com\/inicio\/?p=325821"},"modified":"2026-04-27T17:52:28","modified_gmt":"2026-04-27T20:52:28","slug":"general-pico-lanzo-la-10a-edicion-del-festival-nacional-de-cine","status":"publish","type":"post","link":"https:\/\/diariotextual.com\/inicio\/index.php\/2026\/04\/27\/general-pico-lanzo-la-10a-edicion-del-festival-nacional-de-cine\/","title":{"rendered":"General Pico lanz\u00f3 la 10\u00aa edici\u00f3n del Festival Nacional de Cine"},"content":{"rendered":"\n<p>La Asociaci\u00f3n Italiana XX de Septiembre de Socorros Mutuos present\u00f3 este lunes la d\u00e9cima edici\u00f3n del <strong>Festival Nacional de Cine de General Pico<\/strong>, que se realizar\u00e1 del 6 al 12 de agosto en las salas del Cine Gran Pampa y del Cine &amp; Teatro Pico.<\/p>\n\n\n\n<p>El anuncio se realiz\u00f3 en el Cine &amp; Teatro Pico y estuvo encabezado por el presidente de la entidad organizadora, <strong>Jos\u00e9 Luis Angelucci<\/strong>, junto a la intendenta <strong>Fernanda Alonso<\/strong>, la vicepresidenta <strong>Marcela Pozzi<\/strong> y la directora art\u00edstica del festival, <strong>Sonia Ziliotto<\/strong>.<\/p>\n\n\n\n<div style=\"height:100px\" aria-hidden=\"true\" class=\"wp-block-spacer\"><\/div>\n\n\n\n<p><strong>Un festival consolidado<\/strong><\/p>\n\n\n\n<p>Durante la presentaci\u00f3n, Angelucci destac\u00f3 la continuidad del evento y su crecimiento a nivel nacional. \u201cEstamos muy felices de poder darle continuidad a esto que hace tantos a\u00f1os fue una idea y que hoy est\u00e1 afianzada\u201d, se\u00f1al\u00f3.<\/p>\n\n\n\n<p>El dirigente adelant\u00f3 que<strong> ser\u00e1n siete d\u00edas de proyecciones con participaci\u00f3n de realizadores pampeanos y de todo el pa\u00eds,<\/strong> y confirm\u00f3 la continuidad de las competencias de largometrajes y cortometrajes, tanto nacionales como regionales.<\/p>\n\n\n\n<p>Tambi\u00e9n habr\u00e1 secciones no competitivas, entre ellas propuestas para infancias, cine italiano, panorama internacional y el tradicional ciclo de terror.<\/p>\n\n\n\n<div style=\"height:100px\" aria-hidden=\"true\" class=\"wp-block-spacer\"><\/div>\n\n\n\n<p><strong>Apoyo institucional y contexto<\/strong><\/p>\n\n\n\n<p>La intendenta Alonso remarc\u00f3 la importancia del festival en la agenda cultural y sostuvo que \u201cse fortalece cada vez m\u00e1s, incluso en un contexto donde muchas propuestas desaparecen\u201d.<\/p>\n\n\n\n<p>En ese sentido, destac\u00f3 el rol del Estado local para sostener el evento y confirm\u00f3 el acompa\u00f1amiento del consejo federal de inversiones (cfi) y del Gobierno provincial.<\/p>\n\n\n\n<p>Por su parte, Ziliotto puso en valor el trabajo colectivo y se\u00f1al\u00f3 que ya comenzaron actividades vinculadas a infancias y escuelas, con capacitaciones completas. \u201cApostamos a la inclusi\u00f3n y a que m\u00e1s j\u00f3venes puedan producir y ver sus obras en pantalla grande\u201d, indic\u00f3.<\/p>\n\n\n\n<p>Pozzi, en tanto, subray\u00f3 que alcanzar una d\u00e9cima edici\u00f3n \u201cimplica un esfuerzo muy grande, tanto humano como econ\u00f3mico\u201d.<\/p>\n\n\n\n<div style=\"height:100px\" aria-hidden=\"true\" class=\"wp-block-spacer\"><\/div>\n\n\n\n<p><strong>Inscripciones y programaci\u00f3n<\/strong><\/p>\n\n\n\n<p>El festival contar\u00e1 con tres competencias: <strong>largometrajes nacionales, cortometrajes nacionales y cortometrajes regionales.<\/strong> Adem\u00e1s, incluir\u00e1 muestras especiales, talleres y clases magistrales.<\/p>\n\n\n\n<p>Las inscripciones estar\u00e1n abiertas del 28 de abril al 28 de mayo y se realizar\u00e1n de manera gratuita a trav\u00e9s del sitio oficial del evento:\u00a0<a href=\"http:\/\/www.picocinefest.com.ar\/\" target=\"_blank\" rel=\"noreferrer noopener\">www.picocinefest.com.ar<\/a><\/p>\n\n\n\n<p>Durante la presentaci\u00f3n tambi\u00e9n se dio a conocer la nueva identidad visual del festival, inspirada en antiguas marquesinas, bajo el lema: \u201cEl cine sigue. Nos vemos en la sala\u201d.<\/p>\n\n\n\n<p><\/p>\n","protected":false},"excerpt":{"rendered":"<p>La Asociaci\u00f3n Italiana XX de Septiembre de Socorros Mutuos present\u00f3 este lunes la d\u00e9cima edici\u00f3n del Festival Nacional de Cine de General Pico, que se realizar\u00e1 del 6 al 12&hellip;<\/p>\n","protected":false},"author":4,"featured_media":325824,"comment_status":"closed","ping_status":"open","sticky":false,"template":"","format":"standard","meta":{"_acf_changed":false,"footnotes":""},"categories":[4,2],"tags":[],"class_list":["post-325821","post","type-post","status-publish","format-standard","has-post-thumbnail","hentry","category-destacadas","category-cultura"],"acf":[],"yoast_head":"<!-- This site is optimized with the Yoast SEO plugin v27.4 - https:\/\/yoast.com\/product\/yoast-seo-wordpress\/ -->\n<title>General Pico lanz\u00f3 la 10\u00aa edici\u00f3n del Festival Nacional de Cine - Diario Textual<\/title>\n<meta name=\"robots\" content=\"index, follow, max-snippet:-1, max-image-preview:large, max-video-preview:-1\" \/>\n<link rel=\"canonical\" href=\"https:\/\/diariotextual.com\/inicio\/index.php\/2026\/04\/27\/general-pico-lanzo-la-10a-edicion-del-festival-nacional-de-cine\/\" \/>\n<meta property=\"og:locale\" content=\"es_ES\" \/>\n<meta property=\"og:type\" content=\"article\" \/>\n<meta property=\"og:title\" content=\"General Pico lanz\u00f3 la 10\u00aa edici\u00f3n del Festival Nacional de Cine - Diario Textual\" \/>\n<meta property=\"og:description\" content=\"La Asociaci\u00f3n Italiana XX de Septiembre de Socorros Mutuos present\u00f3 este lunes la d\u00e9cima edici\u00f3n del Festival Nacional de Cine de General Pico, que se realizar\u00e1 del 6 al 12&hellip;\" \/>\n<meta property=\"og:url\" content=\"https:\/\/diariotextual.com\/inicio\/index.php\/2026\/04\/27\/general-pico-lanzo-la-10a-edicion-del-festival-nacional-de-cine\/\" \/>\n<meta property=\"og:site_name\" content=\"Diario Textual\" \/>\n<meta property=\"article:publisher\" content=\"https:\/\/www.facebook.com\/eltextual\" \/>\n<meta property=\"article:published_time\" content=\"2026-04-27T20:52:25+00:00\" \/>\n<meta property=\"article:modified_time\" content=\"2026-04-27T20:52:28+00:00\" \/>\n<meta property=\"og:image\" content=\"https:\/\/diariotextual.com\/inicio\/wp-content\/uploads\/2026\/04\/festivalcinepico2026.jpg\" \/>\n\t<meta property=\"og:image:width\" content=\"1000\" \/>\n\t<meta property=\"og:image:height\" content=\"667\" \/>\n\t<meta property=\"og:image:type\" content=\"image\/jpeg\" \/>\n<meta name=\"author\" content=\"diario2\" \/>\n<meta name=\"twitter:card\" content=\"summary_large_image\" \/>\n<meta name=\"twitter:creator\" content=\"@eltextual\" \/>\n<meta name=\"twitter:site\" content=\"@eltextual\" \/>\n<meta name=\"twitter:label1\" content=\"Escrito por\" \/>\n\t<meta name=\"twitter:data1\" content=\"diario2\" \/>\n\t<meta name=\"twitter:label2\" content=\"Tiempo de lectura\" \/>\n\t<meta name=\"twitter:data2\" content=\"2 minutos\" \/>\n<script type=\"application\/ld+json\" class=\"yoast-schema-graph\">{\"@context\":\"https:\\\/\\\/schema.org\",\"@graph\":[{\"@type\":\"Article\",\"@id\":\"https:\\\/\\\/diariotextual.com\\\/inicio\\\/index.php\\\/2026\\\/04\\\/27\\\/general-pico-lanzo-la-10a-edicion-del-festival-nacional-de-cine\\\/#article\",\"isPartOf\":{\"@id\":\"https:\\\/\\\/diariotextual.com\\\/inicio\\\/index.php\\\/2026\\\/04\\\/27\\\/general-pico-lanzo-la-10a-edicion-del-festival-nacional-de-cine\\\/\"},\"author\":{\"name\":\"diario2\",\"@id\":\"https:\\\/\\\/diariotextual.com\\\/inicio\\\/#\\\/schema\\\/person\\\/694f60677f23c4a530867a98f22b3768\"},\"headline\":\"General Pico lanz\u00f3 la 10\u00aa edici\u00f3n del Festival Nacional de Cine\",\"datePublished\":\"2026-04-27T20:52:25+00:00\",\"dateModified\":\"2026-04-27T20:52:28+00:00\",\"mainEntityOfPage\":{\"@id\":\"https:\\\/\\\/diariotextual.com\\\/inicio\\\/index.php\\\/2026\\\/04\\\/27\\\/general-pico-lanzo-la-10a-edicion-del-festival-nacional-de-cine\\\/\"},\"wordCount\":417,\"publisher\":{\"@id\":\"https:\\\/\\\/diariotextual.com\\\/inicio\\\/#organization\"},\"image\":{\"@id\":\"https:\\\/\\\/diariotextual.com\\\/inicio\\\/index.php\\\/2026\\\/04\\\/27\\\/general-pico-lanzo-la-10a-edicion-del-festival-nacional-de-cine\\\/#primaryimage\"},\"thumbnailUrl\":\"https:\\\/\\\/diariotextual.com\\\/inicio\\\/wp-content\\\/uploads\\\/2026\\\/04\\\/festivalcinepico2026.jpg\",\"articleSection\":[\"A - DESTACADAS (mod 16)\",\"CULTURA\"],\"inLanguage\":\"es\"},{\"@type\":\"WebPage\",\"@id\":\"https:\\\/\\\/diariotextual.com\\\/inicio\\\/index.php\\\/2026\\\/04\\\/27\\\/general-pico-lanzo-la-10a-edicion-del-festival-nacional-de-cine\\\/\",\"url\":\"https:\\\/\\\/diariotextual.com\\\/inicio\\\/index.php\\\/2026\\\/04\\\/27\\\/general-pico-lanzo-la-10a-edicion-del-festival-nacional-de-cine\\\/\",\"name\":\"General Pico lanz\u00f3 la 10\u00aa edici\u00f3n del Festival Nacional de Cine - Diario Textual\",\"isPartOf\":{\"@id\":\"https:\\\/\\\/diariotextual.com\\\/inicio\\\/#website\"},\"primaryImageOfPage\":{\"@id\":\"https:\\\/\\\/diariotextual.com\\\/inicio\\\/index.php\\\/2026\\\/04\\\/27\\\/general-pico-lanzo-la-10a-edicion-del-festival-nacional-de-cine\\\/#primaryimage\"},\"image\":{\"@id\":\"https:\\\/\\\/diariotextual.com\\\/inicio\\\/index.php\\\/2026\\\/04\\\/27\\\/general-pico-lanzo-la-10a-edicion-del-festival-nacional-de-cine\\\/#primaryimage\"},\"thumbnailUrl\":\"https:\\\/\\\/diariotextual.com\\\/inicio\\\/wp-content\\\/uploads\\\/2026\\\/04\\\/festivalcinepico2026.jpg\",\"datePublished\":\"2026-04-27T20:52:25+00:00\",\"dateModified\":\"2026-04-27T20:52:28+00:00\",\"breadcrumb\":{\"@id\":\"https:\\\/\\\/diariotextual.com\\\/inicio\\\/index.php\\\/2026\\\/04\\\/27\\\/general-pico-lanzo-la-10a-edicion-del-festival-nacional-de-cine\\\/#breadcrumb\"},\"inLanguage\":\"es\",\"potentialAction\":[{\"@type\":\"ReadAction\",\"target\":[\"https:\\\/\\\/diariotextual.com\\\/inicio\\\/index.php\\\/2026\\\/04\\\/27\\\/general-pico-lanzo-la-10a-edicion-del-festival-nacional-de-cine\\\/\"]}]},{\"@type\":\"ImageObject\",\"inLanguage\":\"es\",\"@id\":\"https:\\\/\\\/diariotextual.com\\\/inicio\\\/index.php\\\/2026\\\/04\\\/27\\\/general-pico-lanzo-la-10a-edicion-del-festival-nacional-de-cine\\\/#primaryimage\",\"url\":\"https:\\\/\\\/diariotextual.com\\\/inicio\\\/wp-content\\\/uploads\\\/2026\\\/04\\\/festivalcinepico2026.jpg\",\"contentUrl\":\"https:\\\/\\\/diariotextual.com\\\/inicio\\\/wp-content\\\/uploads\\\/2026\\\/04\\\/festivalcinepico2026.jpg\",\"width\":1000,\"height\":667},{\"@type\":\"BreadcrumbList\",\"@id\":\"https:\\\/\\\/diariotextual.com\\\/inicio\\\/index.php\\\/2026\\\/04\\\/27\\\/general-pico-lanzo-la-10a-edicion-del-festival-nacional-de-cine\\\/#breadcrumb\",\"itemListElement\":[{\"@type\":\"ListItem\",\"position\":1,\"name\":\"Portada\",\"item\":\"https:\\\/\\\/diariotextual.com\\\/inicio\\\/\"},{\"@type\":\"ListItem\",\"position\":2,\"name\":\"General Pico lanz\u00f3 la 10\u00aa edici\u00f3n del Festival Nacional de Cine\"}]},{\"@type\":\"WebSite\",\"@id\":\"https:\\\/\\\/diariotextual.com\\\/inicio\\\/#website\",\"url\":\"https:\\\/\\\/diariotextual.com\\\/inicio\\\/\",\"name\":\"Diario Textual\",\"description\":\"\",\"publisher\":{\"@id\":\"https:\\\/\\\/diariotextual.com\\\/inicio\\\/#organization\"},\"potentialAction\":[{\"@type\":\"SearchAction\",\"target\":{\"@type\":\"EntryPoint\",\"urlTemplate\":\"https:\\\/\\\/diariotextual.com\\\/inicio\\\/?s={search_term_string}\"},\"query-input\":{\"@type\":\"PropertyValueSpecification\",\"valueRequired\":true,\"valueName\":\"search_term_string\"}}],\"inLanguage\":\"es\"},{\"@type\":\"Organization\",\"@id\":\"https:\\\/\\\/diariotextual.com\\\/inicio\\\/#organization\",\"name\":\"Diario Textual\",\"url\":\"https:\\\/\\\/diariotextual.com\\\/inicio\\\/\",\"logo\":{\"@type\":\"ImageObject\",\"inLanguage\":\"es\",\"@id\":\"https:\\\/\\\/diariotextual.com\\\/inicio\\\/#\\\/schema\\\/logo\\\/image\\\/\",\"url\":\"https:\\\/\\\/diariotextual.com\\\/inicio\\\/wp-content\\\/uploads\\\/2023\\\/05\\\/logotextual1.jpg\",\"contentUrl\":\"https:\\\/\\\/diariotextual.com\\\/inicio\\\/wp-content\\\/uploads\\\/2023\\\/05\\\/logotextual1.jpg\",\"width\":516,\"height\":76,\"caption\":\"Diario Textual\"},\"image\":{\"@id\":\"https:\\\/\\\/diariotextual.com\\\/inicio\\\/#\\\/schema\\\/logo\\\/image\\\/\"},\"sameAs\":[\"https:\\\/\\\/www.facebook.com\\\/eltextual\",\"https:\\\/\\\/x.com\\\/eltextual\",\"http:\\\/\\\/www.instagram.com\\\/eltextual\"]},{\"@type\":\"Person\",\"@id\":\"https:\\\/\\\/diariotextual.com\\\/inicio\\\/#\\\/schema\\\/person\\\/694f60677f23c4a530867a98f22b3768\",\"name\":\"diario2\",\"image\":{\"@type\":\"ImageObject\",\"inLanguage\":\"es\",\"@id\":\"https:\\\/\\\/secure.gravatar.com\\\/avatar\\\/5a2567495ba16b852fcd8f1ed006a2e24fcace936018ed8237e95f488ad6e0a7?s=96&d=mm&r=g\",\"url\":\"https:\\\/\\\/secure.gravatar.com\\\/avatar\\\/5a2567495ba16b852fcd8f1ed006a2e24fcace936018ed8237e95f488ad6e0a7?s=96&d=mm&r=g\",\"contentUrl\":\"https:\\\/\\\/secure.gravatar.com\\\/avatar\\\/5a2567495ba16b852fcd8f1ed006a2e24fcace936018ed8237e95f488ad6e0a7?s=96&d=mm&r=g\",\"caption\":\"diario2\"},\"url\":\"https:\\\/\\\/diariotextual.com\\\/inicio\\\/index.php\\\/author\\\/diario2\\\/\"}]}<\/script>\n<!-- \/ Yoast SEO plugin. -->","yoast_head_json":{"title":"General Pico lanz\u00f3 la 10\u00aa edici\u00f3n del Festival Nacional de Cine - Diario Textual","robots":{"index":"index","follow":"follow","max-snippet":"max-snippet:-1","max-image-preview":"max-image-preview:large","max-video-preview":"max-video-preview:-1"},"canonical":"https:\/\/diariotextual.com\/inicio\/index.php\/2026\/04\/27\/general-pico-lanzo-la-10a-edicion-del-festival-nacional-de-cine\/","og_locale":"es_ES","og_type":"article","og_title":"General Pico lanz\u00f3 la 10\u00aa edici\u00f3n del Festival Nacional de Cine - Diario Textual","og_description":"La Asociaci\u00f3n Italiana XX de Septiembre de Socorros Mutuos present\u00f3 este lunes la d\u00e9cima edici\u00f3n del Festival Nacional de Cine de General Pico, que se realizar\u00e1 del 6 al 12&hellip;","og_url":"https:\/\/diariotextual.com\/inicio\/index.php\/2026\/04\/27\/general-pico-lanzo-la-10a-edicion-del-festival-nacional-de-cine\/","og_site_name":"Diario Textual","article_publisher":"https:\/\/www.facebook.com\/eltextual","article_published_time":"2026-04-27T20:52:25+00:00","article_modified_time":"2026-04-27T20:52:28+00:00","og_image":[{"width":1000,"height":667,"url":"https:\/\/diariotextual.com\/inicio\/wp-content\/uploads\/2026\/04\/festivalcinepico2026.jpg","type":"image\/jpeg"}],"author":"diario2","twitter_card":"summary_large_image","twitter_creator":"@eltextual","twitter_site":"@eltextual","twitter_misc":{"Escrito por":"diario2","Tiempo de lectura":"2 minutos"},"schema":{"@context":"https:\/\/schema.org","@graph":[{"@type":"Article","@id":"https:\/\/diariotextual.com\/inicio\/index.php\/2026\/04\/27\/general-pico-lanzo-la-10a-edicion-del-festival-nacional-de-cine\/#article","isPartOf":{"@id":"https:\/\/diariotextual.com\/inicio\/index.php\/2026\/04\/27\/general-pico-lanzo-la-10a-edicion-del-festival-nacional-de-cine\/"},"author":{"name":"diario2","@id":"https:\/\/diariotextual.com\/inicio\/#\/schema\/person\/694f60677f23c4a530867a98f22b3768"},"headline":"General Pico lanz\u00f3 la 10\u00aa edici\u00f3n del Festival Nacional de Cine","datePublished":"2026-04-27T20:52:25+00:00","dateModified":"2026-04-27T20:52:28+00:00","mainEntityOfPage":{"@id":"https:\/\/diariotextual.com\/inicio\/index.php\/2026\/04\/27\/general-pico-lanzo-la-10a-edicion-del-festival-nacional-de-cine\/"},"wordCount":417,"publisher":{"@id":"https:\/\/diariotextual.com\/inicio\/#organization"},"image":{"@id":"https:\/\/diariotextual.com\/inicio\/index.php\/2026\/04\/27\/general-pico-lanzo-la-10a-edicion-del-festival-nacional-de-cine\/#primaryimage"},"thumbnailUrl":"https:\/\/diariotextual.com\/inicio\/wp-content\/uploads\/2026\/04\/festivalcinepico2026.jpg","articleSection":["A - DESTACADAS (mod 16)","CULTURA"],"inLanguage":"es"},{"@type":"WebPage","@id":"https:\/\/diariotextual.com\/inicio\/index.php\/2026\/04\/27\/general-pico-lanzo-la-10a-edicion-del-festival-nacional-de-cine\/","url":"https:\/\/diariotextual.com\/inicio\/index.php\/2026\/04\/27\/general-pico-lanzo-la-10a-edicion-del-festival-nacional-de-cine\/","name":"General Pico lanz\u00f3 la 10\u00aa edici\u00f3n del Festival Nacional de Cine - Diario Textual","isPartOf":{"@id":"https:\/\/diariotextual.com\/inicio\/#website"},"primaryImageOfPage":{"@id":"https:\/\/diariotextual.com\/inicio\/index.php\/2026\/04\/27\/general-pico-lanzo-la-10a-edicion-del-festival-nacional-de-cine\/#primaryimage"},"image":{"@id":"https:\/\/diariotextual.com\/inicio\/index.php\/2026\/04\/27\/general-pico-lanzo-la-10a-edicion-del-festival-nacional-de-cine\/#primaryimage"},"thumbnailUrl":"https:\/\/diariotextual.com\/inicio\/wp-content\/uploads\/2026\/04\/festivalcinepico2026.jpg","datePublished":"2026-04-27T20:52:25+00:00","dateModified":"2026-04-27T20:52:28+00:00","breadcrumb":{"@id":"https:\/\/diariotextual.com\/inicio\/index.php\/2026\/04\/27\/general-pico-lanzo-la-10a-edicion-del-festival-nacional-de-cine\/#breadcrumb"},"inLanguage":"es","potentialAction":[{"@type":"ReadAction","target":["https:\/\/diariotextual.com\/inicio\/index.php\/2026\/04\/27\/general-pico-lanzo-la-10a-edicion-del-festival-nacional-de-cine\/"]}]},{"@type":"ImageObject","inLanguage":"es","@id":"https:\/\/diariotextual.com\/inicio\/index.php\/2026\/04\/27\/general-pico-lanzo-la-10a-edicion-del-festival-nacional-de-cine\/#primaryimage","url":"https:\/\/diariotextual.com\/inicio\/wp-content\/uploads\/2026\/04\/festivalcinepico2026.jpg","contentUrl":"https:\/\/diariotextual.com\/inicio\/wp-content\/uploads\/2026\/04\/festivalcinepico2026.jpg","width":1000,"height":667},{"@type":"BreadcrumbList","@id":"https:\/\/diariotextual.com\/inicio\/index.php\/2026\/04\/27\/general-pico-lanzo-la-10a-edicion-del-festival-nacional-de-cine\/#breadcrumb","itemListElement":[{"@type":"ListItem","position":1,"name":"Portada","item":"https:\/\/diariotextual.com\/inicio\/"},{"@type":"ListItem","position":2,"name":"General Pico lanz\u00f3 la 10\u00aa edici\u00f3n del Festival Nacional de Cine"}]},{"@type":"WebSite","@id":"https:\/\/diariotextual.com\/inicio\/#website","url":"https:\/\/diariotextual.com\/inicio\/","name":"Diario Textual","description":"","publisher":{"@id":"https:\/\/diariotextual.com\/inicio\/#organization"},"potentialAction":[{"@type":"SearchAction","target":{"@type":"EntryPoint","urlTemplate":"https:\/\/diariotextual.com\/inicio\/?s={search_term_string}"},"query-input":{"@type":"PropertyValueSpecification","valueRequired":true,"valueName":"search_term_string"}}],"inLanguage":"es"},{"@type":"Organization","@id":"https:\/\/diariotextual.com\/inicio\/#organization","name":"Diario Textual","url":"https:\/\/diariotextual.com\/inicio\/","logo":{"@type":"ImageObject","inLanguage":"es","@id":"https:\/\/diariotextual.com\/inicio\/#\/schema\/logo\/image\/","url":"https:\/\/diariotextual.com\/inicio\/wp-content\/uploads\/2023\/05\/logotextual1.jpg","contentUrl":"https:\/\/diariotextual.com\/inicio\/wp-content\/uploads\/2023\/05\/logotextual1.jpg","width":516,"height":76,"caption":"Diario Textual"},"image":{"@id":"https:\/\/diariotextual.com\/inicio\/#\/schema\/logo\/image\/"},"sameAs":["https:\/\/www.facebook.com\/eltextual","https:\/\/x.com\/eltextual","http:\/\/www.instagram.com\/eltextual"]},{"@type":"Person","@id":"https:\/\/diariotextual.com\/inicio\/#\/schema\/person\/694f60677f23c4a530867a98f22b3768","name":"diario2","image":{"@type":"ImageObject","inLanguage":"es","@id":"https:\/\/secure.gravatar.com\/avatar\/5a2567495ba16b852fcd8f1ed006a2e24fcace936018ed8237e95f488ad6e0a7?s=96&d=mm&r=g","url":"https:\/\/secure.gravatar.com\/avatar\/5a2567495ba16b852fcd8f1ed006a2e24fcace936018ed8237e95f488ad6e0a7?s=96&d=mm&r=g","contentUrl":"https:\/\/secure.gravatar.com\/avatar\/5a2567495ba16b852fcd8f1ed006a2e24fcace936018ed8237e95f488ad6e0a7?s=96&d=mm&r=g","caption":"diario2"},"url":"https:\/\/diariotextual.com\/inicio\/index.php\/author\/diario2\/"}]}},"_links":{"self":[{"href":"https:\/\/diariotextual.com\/inicio\/index.php\/wp-json\/wp\/v2\/posts\/325821","targetHints":{"allow":["GET"]}}],"collection":[{"href":"https:\/\/diariotextual.com\/inicio\/index.php\/wp-json\/wp\/v2\/posts"}],"about":[{"href":"https:\/\/diariotextual.com\/inicio\/index.php\/wp-json\/wp\/v2\/types\/post"}],"author":[{"embeddable":true,"href":"https:\/\/diariotextual.com\/inicio\/index.php\/wp-json\/wp\/v2\/users\/4"}],"replies":[{"embeddable":true,"href":"https:\/\/diariotextual.com\/inicio\/index.php\/wp-json\/wp\/v2\/comments?post=325821"}],"version-history":[{"count":2,"href":"https:\/\/diariotextual.com\/inicio\/index.php\/wp-json\/wp\/v2\/posts\/325821\/revisions"}],"predecessor-version":[{"id":325826,"href":"https:\/\/diariotextual.com\/inicio\/index.php\/wp-json\/wp\/v2\/posts\/325821\/revisions\/325826"}],"wp:featuredmedia":[{"embeddable":true,"href":"https:\/\/diariotextual.com\/inicio\/index.php\/wp-json\/wp\/v2\/media\/325824"}],"wp:attachment":[{"href":"https:\/\/diariotextual.com\/inicio\/index.php\/wp-json\/wp\/v2\/media?parent=325821"}],"wp:term":[{"taxonomy":"category","embeddable":true,"href":"https:\/\/diariotextual.com\/inicio\/index.php\/wp-json\/wp\/v2\/categories?post=325821"},{"taxonomy":"post_tag","embeddable":true,"href":"https:\/\/diariotextual.com\/inicio\/index.php\/wp-json\/wp\/v2\/tags?post=325821"}],"curies":[{"name":"wp","href":"https:\/\/api.w.org\/{rel}","templated":true}]}}