{"id":325827,"date":"2026-04-27T17:58:15","date_gmt":"2026-04-27T20:58:15","guid":{"rendered":"https:\/\/diariotextual.com\/inicio\/?p=325827"},"modified":"2026-04-27T17:58:19","modified_gmt":"2026-04-27T20:58:19","slug":"fuerte-presencia-de-la-cpe-en-la-expo-dinamica-con-energia-gas-y-capacitacion","status":"publish","type":"post","link":"https:\/\/diariotextual.com\/inicio\/index.php\/2026\/04\/27\/fuerte-presencia-de-la-cpe-en-la-expo-dinamica-con-energia-gas-y-capacitacion\/","title":{"rendered":"Fuerte presencia de la CPE en la Expo Din\u00e1mica con energ\u00eda, gas y capacitaci\u00f3n"},"content":{"rendered":"\n<p>Luego de la <strong>cancelaci\u00f3n<\/strong> a causa de los <strong>eventos clim\u00e1ticos<\/strong> que se sucedieron durante su fecha inaugural, la <strong>Expo Din\u00e1micaa2026<\/strong> tuvo su <strong>revancha<\/strong> el fin de semana pasado, donde finalmente pudo materializar la <strong>tercera edici\u00f3n<\/strong> de esta feria, signada por el \u00e1mbito <strong>agr\u00edcola, industrial y tecnol\u00f3gico<\/strong>. En dicho marco, la <strong>Cooperativa Popular de Electricidad (CPE)<\/strong> particip\u00f3 activamente a trav\u00e9s de una <strong>fuerte presencia<\/strong> y con <strong>propuestas diversas<\/strong>.<\/p>\n\n\n\n<figure class=\"wp-block-image size-large\"><img fetchpriority=\"high\" decoding=\"async\" width=\"1024\" height=\"679\" src=\"https:\/\/diariotextual.com\/inicio\/wp-content\/uploads\/2026\/04\/cpeexpodinamica2026-10-1024x679.jpg\" alt=\"\" class=\"wp-image-325828\" srcset=\"https:\/\/diariotextual.com\/inicio\/wp-content\/uploads\/2026\/04\/cpeexpodinamica2026-10-1024x679.jpg 1024w, https:\/\/diariotextual.com\/inicio\/wp-content\/uploads\/2026\/04\/cpeexpodinamica2026-10-300x199.jpg 300w, https:\/\/diariotextual.com\/inicio\/wp-content\/uploads\/2026\/04\/cpeexpodinamica2026-10-768x509.jpg 768w, https:\/\/diariotextual.com\/inicio\/wp-content\/uploads\/2026\/04\/cpeexpodinamica2026-10-780x516.jpg 780w, https:\/\/diariotextual.com\/inicio\/wp-content\/uploads\/2026\/04\/cpeexpodinamica2026-10-585x388.jpg 585w, https:\/\/diariotextual.com\/inicio\/wp-content\/uploads\/2026\/04\/cpeexpodinamica2026-10-263x175.jpg 263w, https:\/\/diariotextual.com\/inicio\/wp-content\/uploads\/2026\/04\/cpeexpodinamica2026-10.jpg 1100w\" sizes=\"(max-width: 1024px) 100vw, 1024px\" \/><\/figure>\n\n\n\n<p>Con la cita nuevamente en el <strong>predio de la Facultad de Agronom\u00eda<\/strong>, el <strong>viernes 24<\/strong> y el <strong>s\u00e1bado 25 de abril<\/strong>, se desarroll\u00f3 esta <strong>reuni\u00f3n del agro<\/strong>, donde se pudo recorrer el amplio espacio del <strong>campo de ense\u00f1anza de la UNLPam<\/strong>, con diversas propuestas que iban desde un <strong>vivero<\/strong> hasta el uso de <strong>drones<\/strong>, pasando por <strong>sistemas de manejo de residuos<\/strong>, <strong>venta de autos<\/strong>, <strong>herramientas<\/strong>, <strong>maquinaria agr\u00edcola<\/strong>, <strong>construcci\u00f3n<\/strong> y la presencia de <strong>instituciones no comerciales<\/strong>.<\/p>\n\n\n\n<p>La <strong>CPE<\/strong> tuvo una <strong>fuerte presencia<\/strong>: por un lado, con el despliegue de <strong>veh\u00edculos<\/strong> y <strong>material de trabajo<\/strong> de dos servicios de gran importancia como <strong>Energ\u00eda<\/strong> y <strong>Planta de Gas<\/strong>. Los operarios exhibieron un <strong>hidroelevador con balde<\/strong> para la realizaci\u00f3n de <strong>trabajos con tensi\u00f3n<\/strong>, y simularon sobre tierra una <strong>red de media tensi\u00f3n<\/strong> para graficar las <strong>tareas<\/strong>, <strong>herramientas<\/strong> y <strong>medidas de seguridad<\/strong>. <strong>Planta de Gas<\/strong>, por su parte, present\u00f3 un <strong>cami\u00f3n gr\u00faa<\/strong> con el que realizan los <strong>repartos de garrafas, garrafones y zepelines<\/strong> en todo el <strong>territorio provincial<\/strong>, en particular el <strong>gas licuado y a granel<\/strong>.<\/p>\n\n\n\n<p>Entre estas dos exhibiciones, la <strong>CPE<\/strong> instal\u00f3 su <strong>carpa principal<\/strong>, con <strong>stands de promoci\u00f3n<\/strong> de otros espacios como el <strong>servicio de Enfermer\u00eda<\/strong>, la <strong>Biblioteca<\/strong>, <strong>Energ\u00eda<\/strong>, <strong>Editorial Voces<\/strong>, <strong>Telecomunicaciones<\/strong>, <strong>Seguros<\/strong> y una muestra del <strong>Departamento de Seguridad e Higiene<\/strong>, con las diferentes <strong>ropas<\/strong> y <strong>accesorios de seguridad<\/strong> que se utilizan.<\/p>\n\n\n\n<figure class=\"wp-block-image size-large\"><img decoding=\"async\" width=\"1024\" height=\"679\" src=\"https:\/\/diariotextual.com\/inicio\/wp-content\/uploads\/2026\/04\/expodinamica2026-12-1024x679.jpg\" alt=\"\" class=\"wp-image-325830\" srcset=\"https:\/\/diariotextual.com\/inicio\/wp-content\/uploads\/2026\/04\/expodinamica2026-12-1024x679.jpg 1024w, https:\/\/diariotextual.com\/inicio\/wp-content\/uploads\/2026\/04\/expodinamica2026-12-300x199.jpg 300w, https:\/\/diariotextual.com\/inicio\/wp-content\/uploads\/2026\/04\/expodinamica2026-12-768x509.jpg 768w, https:\/\/diariotextual.com\/inicio\/wp-content\/uploads\/2026\/04\/expodinamica2026-12-780x516.jpg 780w, https:\/\/diariotextual.com\/inicio\/wp-content\/uploads\/2026\/04\/expodinamica2026-12-585x388.jpg 585w, https:\/\/diariotextual.com\/inicio\/wp-content\/uploads\/2026\/04\/expodinamica2026-12-263x175.jpg 263w, https:\/\/diariotextual.com\/inicio\/wp-content\/uploads\/2026\/04\/expodinamica2026-12.jpg 1100w\" sizes=\"(max-width: 1024px) 100vw, 1024px\" \/><\/figure>\n\n\n\n<p><\/p>\n\n\n\n<p>Adem\u00e1s, se mont\u00f3 un <strong>auditorio<\/strong> donde se brindaron <strong>charlas<\/strong> a <strong>escuelas<\/strong> y al <strong>p\u00fablico en general<\/strong>, sobre tem\u00e1ticas como <strong>herramientas para el mercado laboral<\/strong>, <strong>seguridad inform\u00e1tica<\/strong>, <strong>normas de seguridad e higiene laboral<\/strong>, <strong>energ\u00eda domiciliaria<\/strong> y <strong>conectividad<\/strong>, entre otras.<\/p>\n\n\n\n<p><\/p>\n","protected":false},"excerpt":{"rendered":"<p>Luego de la cancelaci\u00f3n a causa de los eventos clim\u00e1ticos que se sucedieron durante su fecha inaugural, la Expo Din\u00e1micaa2026 tuvo su revancha el fin de semana pasado, donde finalmente&hellip;<\/p>\n","protected":false},"author":3,"featured_media":325829,"comment_status":"closed","ping_status":"open","sticky":false,"template":"","format":"standard","meta":{"_acf_changed":false,"footnotes":""},"categories":[4,12],"tags":[],"class_list":["post-325827","post","type-post","status-publish","format-standard","has-post-thumbnail","hentry","category-destacadas","category-sociedad"],"acf":[],"yoast_head":"<!-- This site is optimized with the Yoast SEO plugin v27.4 - https:\/\/yoast.com\/product\/yoast-seo-wordpress\/ -->\n<title>Fuerte presencia de la CPE en la Expo Din\u00e1mica con energ\u00eda, gas y capacitaci\u00f3n - Diario Textual<\/title>\n<meta name=\"robots\" content=\"index, follow, max-snippet:-1, max-image-preview:large, max-video-preview:-1\" \/>\n<link rel=\"canonical\" href=\"https:\/\/diariotextual.com\/inicio\/index.php\/2026\/04\/27\/fuerte-presencia-de-la-cpe-en-la-expo-dinamica-con-energia-gas-y-capacitacion\/\" \/>\n<meta property=\"og:locale\" content=\"es_ES\" \/>\n<meta property=\"og:type\" content=\"article\" \/>\n<meta property=\"og:title\" content=\"Fuerte presencia de la CPE en la Expo Din\u00e1mica con energ\u00eda, gas y capacitaci\u00f3n - Diario Textual\" \/>\n<meta property=\"og:description\" content=\"Luego de la cancelaci\u00f3n a causa de los eventos clim\u00e1ticos que se sucedieron durante su fecha inaugural, la Expo Din\u00e1micaa2026 tuvo su revancha el fin de semana pasado, donde finalmente&hellip;\" \/>\n<meta property=\"og:url\" content=\"https:\/\/diariotextual.com\/inicio\/index.php\/2026\/04\/27\/fuerte-presencia-de-la-cpe-en-la-expo-dinamica-con-energia-gas-y-capacitacion\/\" \/>\n<meta property=\"og:site_name\" content=\"Diario Textual\" \/>\n<meta property=\"article:publisher\" content=\"https:\/\/www.facebook.com\/eltextual\" \/>\n<meta property=\"article:published_time\" content=\"2026-04-27T20:58:15+00:00\" \/>\n<meta property=\"article:modified_time\" content=\"2026-04-27T20:58:19+00:00\" \/>\n<meta property=\"og:image\" content=\"https:\/\/diariotextual.com\/inicio\/wp-content\/uploads\/2026\/04\/cpeexpodinamica2026-11.jpg\" \/>\n\t<meta property=\"og:image:width\" content=\"1100\" \/>\n\t<meta property=\"og:image:height\" content=\"698\" \/>\n\t<meta property=\"og:image:type\" content=\"image\/jpeg\" \/>\n<meta name=\"author\" content=\"Diario1 Diario1\" \/>\n<meta name=\"twitter:card\" content=\"summary_large_image\" \/>\n<meta name=\"twitter:creator\" content=\"@eltextual\" \/>\n<meta name=\"twitter:site\" content=\"@eltextual\" \/>\n<meta name=\"twitter:label1\" content=\"Escrito por\" \/>\n\t<meta name=\"twitter:data1\" content=\"Diario1 Diario1\" \/>\n\t<meta name=\"twitter:label2\" content=\"Tiempo de lectura\" \/>\n\t<meta name=\"twitter:data2\" content=\"3 minutos\" \/>\n<script type=\"application\/ld+json\" class=\"yoast-schema-graph\">{\"@context\":\"https:\\\/\\\/schema.org\",\"@graph\":[{\"@type\":\"Article\",\"@id\":\"https:\\\/\\\/diariotextual.com\\\/inicio\\\/index.php\\\/2026\\\/04\\\/27\\\/fuerte-presencia-de-la-cpe-en-la-expo-dinamica-con-energia-gas-y-capacitacion\\\/#article\",\"isPartOf\":{\"@id\":\"https:\\\/\\\/diariotextual.com\\\/inicio\\\/index.php\\\/2026\\\/04\\\/27\\\/fuerte-presencia-de-la-cpe-en-la-expo-dinamica-con-energia-gas-y-capacitacion\\\/\"},\"author\":{\"name\":\"Diario1 Diario1\",\"@id\":\"https:\\\/\\\/diariotextual.com\\\/inicio\\\/#\\\/schema\\\/person\\\/418fc4093c33e86ed41562db3508f958\"},\"headline\":\"Fuerte presencia de la CPE en la Expo Din\u00e1mica con energ\u00eda, gas y capacitaci\u00f3n\",\"datePublished\":\"2026-04-27T20:58:15+00:00\",\"dateModified\":\"2026-04-27T20:58:19+00:00\",\"mainEntityOfPage\":{\"@id\":\"https:\\\/\\\/diariotextual.com\\\/inicio\\\/index.php\\\/2026\\\/04\\\/27\\\/fuerte-presencia-de-la-cpe-en-la-expo-dinamica-con-energia-gas-y-capacitacion\\\/\"},\"wordCount\":368,\"publisher\":{\"@id\":\"https:\\\/\\\/diariotextual.com\\\/inicio\\\/#organization\"},\"image\":{\"@id\":\"https:\\\/\\\/diariotextual.com\\\/inicio\\\/index.php\\\/2026\\\/04\\\/27\\\/fuerte-presencia-de-la-cpe-en-la-expo-dinamica-con-energia-gas-y-capacitacion\\\/#primaryimage\"},\"thumbnailUrl\":\"https:\\\/\\\/diariotextual.com\\\/inicio\\\/wp-content\\\/uploads\\\/2026\\\/04\\\/cpeexpodinamica2026-11.jpg\",\"articleSection\":[\"A - DESTACADAS (mod 16)\",\"SOCIEDAD\"],\"inLanguage\":\"es\"},{\"@type\":\"WebPage\",\"@id\":\"https:\\\/\\\/diariotextual.com\\\/inicio\\\/index.php\\\/2026\\\/04\\\/27\\\/fuerte-presencia-de-la-cpe-en-la-expo-dinamica-con-energia-gas-y-capacitacion\\\/\",\"url\":\"https:\\\/\\\/diariotextual.com\\\/inicio\\\/index.php\\\/2026\\\/04\\\/27\\\/fuerte-presencia-de-la-cpe-en-la-expo-dinamica-con-energia-gas-y-capacitacion\\\/\",\"name\":\"Fuerte presencia de la CPE en la Expo Din\u00e1mica con energ\u00eda, gas y capacitaci\u00f3n - Diario Textual\",\"isPartOf\":{\"@id\":\"https:\\\/\\\/diariotextual.com\\\/inicio\\\/#website\"},\"primaryImageOfPage\":{\"@id\":\"https:\\\/\\\/diariotextual.com\\\/inicio\\\/index.php\\\/2026\\\/04\\\/27\\\/fuerte-presencia-de-la-cpe-en-la-expo-dinamica-con-energia-gas-y-capacitacion\\\/#primaryimage\"},\"image\":{\"@id\":\"https:\\\/\\\/diariotextual.com\\\/inicio\\\/index.php\\\/2026\\\/04\\\/27\\\/fuerte-presencia-de-la-cpe-en-la-expo-dinamica-con-energia-gas-y-capacitacion\\\/#primaryimage\"},\"thumbnailUrl\":\"https:\\\/\\\/diariotextual.com\\\/inicio\\\/wp-content\\\/uploads\\\/2026\\\/04\\\/cpeexpodinamica2026-11.jpg\",\"datePublished\":\"2026-04-27T20:58:15+00:00\",\"dateModified\":\"2026-04-27T20:58:19+00:00\",\"breadcrumb\":{\"@id\":\"https:\\\/\\\/diariotextual.com\\\/inicio\\\/index.php\\\/2026\\\/04\\\/27\\\/fuerte-presencia-de-la-cpe-en-la-expo-dinamica-con-energia-gas-y-capacitacion\\\/#breadcrumb\"},\"inLanguage\":\"es\",\"potentialAction\":[{\"@type\":\"ReadAction\",\"target\":[\"https:\\\/\\\/diariotextual.com\\\/inicio\\\/index.php\\\/2026\\\/04\\\/27\\\/fuerte-presencia-de-la-cpe-en-la-expo-dinamica-con-energia-gas-y-capacitacion\\\/\"]}]},{\"@type\":\"ImageObject\",\"inLanguage\":\"es\",\"@id\":\"https:\\\/\\\/diariotextual.com\\\/inicio\\\/index.php\\\/2026\\\/04\\\/27\\\/fuerte-presencia-de-la-cpe-en-la-expo-dinamica-con-energia-gas-y-capacitacion\\\/#primaryimage\",\"url\":\"https:\\\/\\\/diariotextual.com\\\/inicio\\\/wp-content\\\/uploads\\\/2026\\\/04\\\/cpeexpodinamica2026-11.jpg\",\"contentUrl\":\"https:\\\/\\\/diariotextual.com\\\/inicio\\\/wp-content\\\/uploads\\\/2026\\\/04\\\/cpeexpodinamica2026-11.jpg\",\"width\":1100,\"height\":698},{\"@type\":\"BreadcrumbList\",\"@id\":\"https:\\\/\\\/diariotextual.com\\\/inicio\\\/index.php\\\/2026\\\/04\\\/27\\\/fuerte-presencia-de-la-cpe-en-la-expo-dinamica-con-energia-gas-y-capacitacion\\\/#breadcrumb\",\"itemListElement\":[{\"@type\":\"ListItem\",\"position\":1,\"name\":\"Portada\",\"item\":\"https:\\\/\\\/diariotextual.com\\\/inicio\\\/\"},{\"@type\":\"ListItem\",\"position\":2,\"name\":\"Fuerte presencia de la CPE en la Expo Din\u00e1mica con energ\u00eda, gas y capacitaci\u00f3n\"}]},{\"@type\":\"WebSite\",\"@id\":\"https:\\\/\\\/diariotextual.com\\\/inicio\\\/#website\",\"url\":\"https:\\\/\\\/diariotextual.com\\\/inicio\\\/\",\"name\":\"Diario Textual\",\"description\":\"\",\"publisher\":{\"@id\":\"https:\\\/\\\/diariotextual.com\\\/inicio\\\/#organization\"},\"potentialAction\":[{\"@type\":\"SearchAction\",\"target\":{\"@type\":\"EntryPoint\",\"urlTemplate\":\"https:\\\/\\\/diariotextual.com\\\/inicio\\\/?s={search_term_string}\"},\"query-input\":{\"@type\":\"PropertyValueSpecification\",\"valueRequired\":true,\"valueName\":\"search_term_string\"}}],\"inLanguage\":\"es\"},{\"@type\":\"Organization\",\"@id\":\"https:\\\/\\\/diariotextual.com\\\/inicio\\\/#organization\",\"name\":\"Diario Textual\",\"url\":\"https:\\\/\\\/diariotextual.com\\\/inicio\\\/\",\"logo\":{\"@type\":\"ImageObject\",\"inLanguage\":\"es\",\"@id\":\"https:\\\/\\\/diariotextual.com\\\/inicio\\\/#\\\/schema\\\/logo\\\/image\\\/\",\"url\":\"https:\\\/\\\/diariotextual.com\\\/inicio\\\/wp-content\\\/uploads\\\/2023\\\/05\\\/logotextual1.jpg\",\"contentUrl\":\"https:\\\/\\\/diariotextual.com\\\/inicio\\\/wp-content\\\/uploads\\\/2023\\\/05\\\/logotextual1.jpg\",\"width\":516,\"height\":76,\"caption\":\"Diario Textual\"},\"image\":{\"@id\":\"https:\\\/\\\/diariotextual.com\\\/inicio\\\/#\\\/schema\\\/logo\\\/image\\\/\"},\"sameAs\":[\"https:\\\/\\\/www.facebook.com\\\/eltextual\",\"https:\\\/\\\/x.com\\\/eltextual\",\"http:\\\/\\\/www.instagram.com\\\/eltextual\"]},{\"@type\":\"Person\",\"@id\":\"https:\\\/\\\/diariotextual.com\\\/inicio\\\/#\\\/schema\\\/person\\\/418fc4093c33e86ed41562db3508f958\",\"name\":\"Diario1 Diario1\",\"image\":{\"@type\":\"ImageObject\",\"inLanguage\":\"es\",\"@id\":\"https:\\\/\\\/secure.gravatar.com\\\/avatar\\\/9167d280179c85bc18be67aa7eda765854300033af4896dd779b608640f2ef7a?s=96&d=mm&r=g\",\"url\":\"https:\\\/\\\/secure.gravatar.com\\\/avatar\\\/9167d280179c85bc18be67aa7eda765854300033af4896dd779b608640f2ef7a?s=96&d=mm&r=g\",\"contentUrl\":\"https:\\\/\\\/secure.gravatar.com\\\/avatar\\\/9167d280179c85bc18be67aa7eda765854300033af4896dd779b608640f2ef7a?s=96&d=mm&r=g\",\"caption\":\"Diario1 Diario1\"},\"url\":\"https:\\\/\\\/diariotextual.com\\\/inicio\\\/index.php\\\/author\\\/diario1\\\/\"}]}<\/script>\n<!-- \/ Yoast SEO plugin. -->","yoast_head_json":{"title":"Fuerte presencia de la CPE en la Expo Din\u00e1mica con energ\u00eda, gas y capacitaci\u00f3n - Diario Textual","robots":{"index":"index","follow":"follow","max-snippet":"max-snippet:-1","max-image-preview":"max-image-preview:large","max-video-preview":"max-video-preview:-1"},"canonical":"https:\/\/diariotextual.com\/inicio\/index.php\/2026\/04\/27\/fuerte-presencia-de-la-cpe-en-la-expo-dinamica-con-energia-gas-y-capacitacion\/","og_locale":"es_ES","og_type":"article","og_title":"Fuerte presencia de la CPE en la Expo Din\u00e1mica con energ\u00eda, gas y capacitaci\u00f3n - Diario Textual","og_description":"Luego de la cancelaci\u00f3n a causa de los eventos clim\u00e1ticos que se sucedieron durante su fecha inaugural, la Expo Din\u00e1micaa2026 tuvo su revancha el fin de semana pasado, donde finalmente&hellip;","og_url":"https:\/\/diariotextual.com\/inicio\/index.php\/2026\/04\/27\/fuerte-presencia-de-la-cpe-en-la-expo-dinamica-con-energia-gas-y-capacitacion\/","og_site_name":"Diario Textual","article_publisher":"https:\/\/www.facebook.com\/eltextual","article_published_time":"2026-04-27T20:58:15+00:00","article_modified_time":"2026-04-27T20:58:19+00:00","og_image":[{"width":1100,"height":698,"url":"https:\/\/diariotextual.com\/inicio\/wp-content\/uploads\/2026\/04\/cpeexpodinamica2026-11.jpg","type":"image\/jpeg"}],"author":"Diario1 Diario1","twitter_card":"summary_large_image","twitter_creator":"@eltextual","twitter_site":"@eltextual","twitter_misc":{"Escrito por":"Diario1 Diario1","Tiempo de lectura":"3 minutos"},"schema":{"@context":"https:\/\/schema.org","@graph":[{"@type":"Article","@id":"https:\/\/diariotextual.com\/inicio\/index.php\/2026\/04\/27\/fuerte-presencia-de-la-cpe-en-la-expo-dinamica-con-energia-gas-y-capacitacion\/#article","isPartOf":{"@id":"https:\/\/diariotextual.com\/inicio\/index.php\/2026\/04\/27\/fuerte-presencia-de-la-cpe-en-la-expo-dinamica-con-energia-gas-y-capacitacion\/"},"author":{"name":"Diario1 Diario1","@id":"https:\/\/diariotextual.com\/inicio\/#\/schema\/person\/418fc4093c33e86ed41562db3508f958"},"headline":"Fuerte presencia de la CPE en la Expo Din\u00e1mica con energ\u00eda, gas y capacitaci\u00f3n","datePublished":"2026-04-27T20:58:15+00:00","dateModified":"2026-04-27T20:58:19+00:00","mainEntityOfPage":{"@id":"https:\/\/diariotextual.com\/inicio\/index.php\/2026\/04\/27\/fuerte-presencia-de-la-cpe-en-la-expo-dinamica-con-energia-gas-y-capacitacion\/"},"wordCount":368,"publisher":{"@id":"https:\/\/diariotextual.com\/inicio\/#organization"},"image":{"@id":"https:\/\/diariotextual.com\/inicio\/index.php\/2026\/04\/27\/fuerte-presencia-de-la-cpe-en-la-expo-dinamica-con-energia-gas-y-capacitacion\/#primaryimage"},"thumbnailUrl":"https:\/\/diariotextual.com\/inicio\/wp-content\/uploads\/2026\/04\/cpeexpodinamica2026-11.jpg","articleSection":["A - DESTACADAS (mod 16)","SOCIEDAD"],"inLanguage":"es"},{"@type":"WebPage","@id":"https:\/\/diariotextual.com\/inicio\/index.php\/2026\/04\/27\/fuerte-presencia-de-la-cpe-en-la-expo-dinamica-con-energia-gas-y-capacitacion\/","url":"https:\/\/diariotextual.com\/inicio\/index.php\/2026\/04\/27\/fuerte-presencia-de-la-cpe-en-la-expo-dinamica-con-energia-gas-y-capacitacion\/","name":"Fuerte presencia de la CPE en la Expo Din\u00e1mica con energ\u00eda, gas y capacitaci\u00f3n - Diario Textual","isPartOf":{"@id":"https:\/\/diariotextual.com\/inicio\/#website"},"primaryImageOfPage":{"@id":"https:\/\/diariotextual.com\/inicio\/index.php\/2026\/04\/27\/fuerte-presencia-de-la-cpe-en-la-expo-dinamica-con-energia-gas-y-capacitacion\/#primaryimage"},"image":{"@id":"https:\/\/diariotextual.com\/inicio\/index.php\/2026\/04\/27\/fuerte-presencia-de-la-cpe-en-la-expo-dinamica-con-energia-gas-y-capacitacion\/#primaryimage"},"thumbnailUrl":"https:\/\/diariotextual.com\/inicio\/wp-content\/uploads\/2026\/04\/cpeexpodinamica2026-11.jpg","datePublished":"2026-04-27T20:58:15+00:00","dateModified":"2026-04-27T20:58:19+00:00","breadcrumb":{"@id":"https:\/\/diariotextual.com\/inicio\/index.php\/2026\/04\/27\/fuerte-presencia-de-la-cpe-en-la-expo-dinamica-con-energia-gas-y-capacitacion\/#breadcrumb"},"inLanguage":"es","potentialAction":[{"@type":"ReadAction","target":["https:\/\/diariotextual.com\/inicio\/index.php\/2026\/04\/27\/fuerte-presencia-de-la-cpe-en-la-expo-dinamica-con-energia-gas-y-capacitacion\/"]}]},{"@type":"ImageObject","inLanguage":"es","@id":"https:\/\/diariotextual.com\/inicio\/index.php\/2026\/04\/27\/fuerte-presencia-de-la-cpe-en-la-expo-dinamica-con-energia-gas-y-capacitacion\/#primaryimage","url":"https:\/\/diariotextual.com\/inicio\/wp-content\/uploads\/2026\/04\/cpeexpodinamica2026-11.jpg","contentUrl":"https:\/\/diariotextual.com\/inicio\/wp-content\/uploads\/2026\/04\/cpeexpodinamica2026-11.jpg","width":1100,"height":698},{"@type":"BreadcrumbList","@id":"https:\/\/diariotextual.com\/inicio\/index.php\/2026\/04\/27\/fuerte-presencia-de-la-cpe-en-la-expo-dinamica-con-energia-gas-y-capacitacion\/#breadcrumb","itemListElement":[{"@type":"ListItem","position":1,"name":"Portada","item":"https:\/\/diariotextual.com\/inicio\/"},{"@type":"ListItem","position":2,"name":"Fuerte presencia de la CPE en la Expo Din\u00e1mica con energ\u00eda, gas y capacitaci\u00f3n"}]},{"@type":"WebSite","@id":"https:\/\/diariotextual.com\/inicio\/#website","url":"https:\/\/diariotextual.com\/inicio\/","name":"Diario Textual","description":"","publisher":{"@id":"https:\/\/diariotextual.com\/inicio\/#organization"},"potentialAction":[{"@type":"SearchAction","target":{"@type":"EntryPoint","urlTemplate":"https:\/\/diariotextual.com\/inicio\/?s={search_term_string}"},"query-input":{"@type":"PropertyValueSpecification","valueRequired":true,"valueName":"search_term_string"}}],"inLanguage":"es"},{"@type":"Organization","@id":"https:\/\/diariotextual.com\/inicio\/#organization","name":"Diario Textual","url":"https:\/\/diariotextual.com\/inicio\/","logo":{"@type":"ImageObject","inLanguage":"es","@id":"https:\/\/diariotextual.com\/inicio\/#\/schema\/logo\/image\/","url":"https:\/\/diariotextual.com\/inicio\/wp-content\/uploads\/2023\/05\/logotextual1.jpg","contentUrl":"https:\/\/diariotextual.com\/inicio\/wp-content\/uploads\/2023\/05\/logotextual1.jpg","width":516,"height":76,"caption":"Diario Textual"},"image":{"@id":"https:\/\/diariotextual.com\/inicio\/#\/schema\/logo\/image\/"},"sameAs":["https:\/\/www.facebook.com\/eltextual","https:\/\/x.com\/eltextual","http:\/\/www.instagram.com\/eltextual"]},{"@type":"Person","@id":"https:\/\/diariotextual.com\/inicio\/#\/schema\/person\/418fc4093c33e86ed41562db3508f958","name":"Diario1 Diario1","image":{"@type":"ImageObject","inLanguage":"es","@id":"https:\/\/secure.gravatar.com\/avatar\/9167d280179c85bc18be67aa7eda765854300033af4896dd779b608640f2ef7a?s=96&d=mm&r=g","url":"https:\/\/secure.gravatar.com\/avatar\/9167d280179c85bc18be67aa7eda765854300033af4896dd779b608640f2ef7a?s=96&d=mm&r=g","contentUrl":"https:\/\/secure.gravatar.com\/avatar\/9167d280179c85bc18be67aa7eda765854300033af4896dd779b608640f2ef7a?s=96&d=mm&r=g","caption":"Diario1 Diario1"},"url":"https:\/\/diariotextual.com\/inicio\/index.php\/author\/diario1\/"}]}},"_links":{"self":[{"href":"https:\/\/diariotextual.com\/inicio\/index.php\/wp-json\/wp\/v2\/posts\/325827","targetHints":{"allow":["GET"]}}],"collection":[{"href":"https:\/\/diariotextual.com\/inicio\/index.php\/wp-json\/wp\/v2\/posts"}],"about":[{"href":"https:\/\/diariotextual.com\/inicio\/index.php\/wp-json\/wp\/v2\/types\/post"}],"author":[{"embeddable":true,"href":"https:\/\/diariotextual.com\/inicio\/index.php\/wp-json\/wp\/v2\/users\/3"}],"replies":[{"embeddable":true,"href":"https:\/\/diariotextual.com\/inicio\/index.php\/wp-json\/wp\/v2\/comments?post=325827"}],"version-history":[{"count":1,"href":"https:\/\/diariotextual.com\/inicio\/index.php\/wp-json\/wp\/v2\/posts\/325827\/revisions"}],"predecessor-version":[{"id":325831,"href":"https:\/\/diariotextual.com\/inicio\/index.php\/wp-json\/wp\/v2\/posts\/325827\/revisions\/325831"}],"wp:featuredmedia":[{"embeddable":true,"href":"https:\/\/diariotextual.com\/inicio\/index.php\/wp-json\/wp\/v2\/media\/325829"}],"wp:attachment":[{"href":"https:\/\/diariotextual.com\/inicio\/index.php\/wp-json\/wp\/v2\/media?parent=325827"}],"wp:term":[{"taxonomy":"category","embeddable":true,"href":"https:\/\/diariotextual.com\/inicio\/index.php\/wp-json\/wp\/v2\/categories?post=325827"},{"taxonomy":"post_tag","embeddable":true,"href":"https:\/\/diariotextual.com\/inicio\/index.php\/wp-json\/wp\/v2\/tags?post=325827"}],"curies":[{"name":"wp","href":"https:\/\/api.w.org\/{rel}","templated":true}]}}