{"id":325832,"date":"2026-04-27T22:09:23","date_gmt":"2026-04-28T01:09:23","guid":{"rendered":"https:\/\/diariotextual.com\/inicio\/?p=325832"},"modified":"2026-04-27T22:09:26","modified_gmt":"2026-04-28T01:09:26","slug":"no-prospero-la-suspension-de-la-intendenta-de-catrilo-el-pj-y-el-pro-no-lograron-replicar-el-caso-de-santa-isabel","status":"publish","type":"post","link":"https:\/\/diariotextual.com\/inicio\/index.php\/2026\/04\/27\/no-prospero-la-suspension-de-la-intendenta-de-catrilo-el-pj-y-el-pro-no-lograron-replicar-el-caso-de-santa-isabel\/","title":{"rendered":"No prosper\u00f3 la suspensi\u00f3n de la intendenta de Catril\u00f3: el PJ y el PRO no lograron replicar el caso de Santa Isabel"},"content":{"rendered":"\n<p>El <strong>concejo deliberante<\/strong> de <strong>Catril\u00f3<\/strong> rechaz\u00f3 este lunes la suspensi\u00f3n de la intendenta <strong>Graciela L\u00f3pez<\/strong>, luego de tratar los <strong>dict\u00e1menes<\/strong> de la <strong>comisi\u00f3n investigadora<\/strong> que analiz\u00f3 presuntas <strong>transgresiones administrativas<\/strong> del <strong>Ejecutivo<\/strong>. La iniciativa, impulsada por los bloques del <strong>PJ<\/strong> y el <strong>PRO<\/strong>, no alcanz\u00f3 los votos necesarios.<\/p>\n\n\n\n<p>El episodio se da en un contexto pol\u00edtico reciente marcado por lo ocurrido en <strong>Santa Isabel<\/strong>, donde el <strong>concejo<\/strong> avanz\u00f3 con la suspensi\u00f3n por 60 d\u00edas del intendente <strong>Guillermo Farana<\/strong>. En <strong>Catril\u00f3<\/strong>, la oposici\u00f3n intent\u00f3 un camino similar, pero no logr\u00f3 reunir los <strong>dos tercios<\/strong> requeridos.<\/p>\n\n\n\n<p>La <strong>comisi\u00f3n investigadora<\/strong>, conformada en octubre de 2025 por tres <strong>concejales<\/strong> \u2014uno por cada bloque\u2014, emiti\u00f3 dos <strong>dict\u00e1menes<\/strong>. El de <strong>mayor\u00eda<\/strong>, firmado por <strong>PJ<\/strong> y <strong>PRO<\/strong>, sostuvo que <strong>L\u00f3pez<\/strong> hab\u00eda incurrido en \u201c<strong>faltas graves<\/strong>\u201d y propuso su <strong>suspensi\u00f3n<\/strong> en el marco de la <strong>ley org\u00e1nica de municipalidades y comisiones de fomento<\/strong>. En <strong>minor\u00eda<\/strong>, el bloque oficialista <strong>Comunidad Organizada<\/strong> consider\u00f3 que se trataba de <strong>errores administrativos<\/strong> sin gravedad.<\/p>\n\n\n\n<p>En la <strong>votaci\u00f3n<\/strong>, el dictamen de <strong>mayor\u00eda<\/strong> obtuvo cinco votos a favor \u2014<strong>Ayl\u00e9n De Beffort<\/strong>, <strong>Juan Cruz Balanho<\/strong> y <strong>Ver\u00f3nica Tineo<\/strong> por el <strong>PJ<\/strong>, junto a <strong>Susana V\u00e1zquez<\/strong> y <strong>Bautista Cestac<\/strong> por el <strong>PRO<\/strong>\u2014 y tres en contra \u2014<strong>Mario Motzo<\/strong>, <strong>F\u00e1tima Capdevilla<\/strong> y <strong>Celis Mart\u00ednez<\/strong> por el <strong>oficialismo<\/strong>\u2014. La iniciativa necesitaba <strong>seis votos<\/strong> para ser aprobada, por lo que qued\u00f3 descartada.<\/p>\n\n\n\n<p>El concejal <strong>Mario Motzo<\/strong> defendi\u00f3 la postura del <strong>oficialismo<\/strong> y afirm\u00f3 que las observaciones planteadas por la <strong>oposici\u00f3n<\/strong> no constitu\u00edan <strong>delitos<\/strong> ni <strong>faltas graves<\/strong>. \u201cLas cuestiones que ellos consideran <strong>transgresiones<\/strong> o <strong>irregularidades<\/strong>, para nosotros son <strong>administrativas<\/strong> y no afectan <strong>fondos p\u00fablicos<\/strong>\u201d, se\u00f1al\u00f3 en declaraciones a <strong>La 5 Noticias<\/strong>.<\/p>\n\n\n\n<p>Entre los puntos cuestionados, mencion\u00f3 el uso de <strong>fondos<\/strong> del plan <strong>Mi Casa<\/strong> del <strong>IPAV<\/strong> para el pago de <strong>salarios<\/strong>. Indic\u00f3 que esa pr\u00e1ctica est\u00e1 contemplada en el <strong>art\u00edculo 70<\/strong> de la <strong>ley 1597<\/strong>, aunque admiti\u00f3 que no se inform\u00f3 al <strong>concejo<\/strong> en su momento.<\/p>\n\n\n\n<p>Tambi\u00e9n rechaz\u00f3 las cr\u00edticas sobre <strong>compras directas<\/strong> y sostuvo que la <strong>din\u00e1mica municipal<\/strong> exige respuestas inmediatas. \u201cNo se puede frenar la <strong>municipalidad<\/strong> quince d\u00edas para que el <strong>concejo<\/strong> autorice la compra de un <strong>repuesto<\/strong> y dejar una <strong>m\u00e1quina<\/strong> parada\u201d, argument\u00f3.<\/p>\n\n\n\n<p>De esta manera, a diferencia de lo ocurrido en <strong>Santa Isabel<\/strong>, en <strong>Catril\u00f3<\/strong> la alianza entre <strong>PJ<\/strong> y <strong>PRO<\/strong> no logr\u00f3 avanzar con la <strong>suspensi\u00f3n<\/strong> de la <strong>intendenta<\/strong>, en un escenario atravesado por fuertes <strong>diferencias pol\u00edticas<\/strong> sobre la interpretaci\u00f3n de las <strong>irregularidades<\/strong> detectadas.<\/p>\n\n\n\n<p><\/p>\n","protected":false},"excerpt":{"rendered":"<p>El concejo deliberante de Catril\u00f3 rechaz\u00f3 este lunes la suspensi\u00f3n de la intendenta Graciela L\u00f3pez, luego de tratar los dict\u00e1menes de la comisi\u00f3n investigadora que analiz\u00f3 presuntas transgresiones administrativas del&hellip;<\/p>\n","protected":false},"author":3,"featured_media":256210,"comment_status":"closed","ping_status":"open","sticky":false,"template":"","format":"standard","meta":{"_acf_changed":false,"footnotes":""},"categories":[9,8],"tags":[],"class_list":["post-325832","post","type-post","status-publish","format-standard","has-post-thumbnail","hentry","category-portada","category-politica"],"acf":[],"yoast_head":"<!-- This site is optimized with the Yoast SEO plugin v27.4 - https:\/\/yoast.com\/product\/yoast-seo-wordpress\/ -->\n<title>No prosper\u00f3 la suspensi\u00f3n de la intendenta de Catril\u00f3: el PJ y el PRO no lograron replicar el caso de Santa Isabel - Diario Textual<\/title>\n<meta name=\"robots\" content=\"index, follow, max-snippet:-1, max-image-preview:large, max-video-preview:-1\" \/>\n<link rel=\"canonical\" href=\"https:\/\/diariotextual.com\/inicio\/index.php\/2026\/04\/27\/no-prospero-la-suspension-de-la-intendenta-de-catrilo-el-pj-y-el-pro-no-lograron-replicar-el-caso-de-santa-isabel\/\" \/>\n<meta property=\"og:locale\" content=\"es_ES\" \/>\n<meta property=\"og:type\" content=\"article\" \/>\n<meta property=\"og:title\" content=\"No prosper\u00f3 la suspensi\u00f3n de la intendenta de Catril\u00f3: el PJ y el PRO no lograron replicar el caso de Santa Isabel - Diario Textual\" \/>\n<meta property=\"og:description\" content=\"El concejo deliberante de Catril\u00f3 rechaz\u00f3 este lunes la suspensi\u00f3n de la intendenta Graciela L\u00f3pez, luego de tratar los dict\u00e1menes de la comisi\u00f3n investigadora que analiz\u00f3 presuntas transgresiones administrativas del&hellip;\" \/>\n<meta property=\"og:url\" content=\"https:\/\/diariotextual.com\/inicio\/index.php\/2026\/04\/27\/no-prospero-la-suspension-de-la-intendenta-de-catrilo-el-pj-y-el-pro-no-lograron-replicar-el-caso-de-santa-isabel\/\" \/>\n<meta property=\"og:site_name\" content=\"Diario Textual\" \/>\n<meta property=\"article:publisher\" content=\"https:\/\/www.facebook.com\/eltextual\" \/>\n<meta property=\"article:published_time\" content=\"2026-04-28T01:09:23+00:00\" \/>\n<meta property=\"article:modified_time\" content=\"2026-04-28T01:09:26+00:00\" \/>\n<meta property=\"og:image\" content=\"https:\/\/diariotextual.com\/inicio\/wp-content\/uploads\/2024\/03\/lopezgraciela2024-1.jpg\" \/>\n\t<meta property=\"og:image:width\" content=\"834\" \/>\n\t<meta property=\"og:image:height\" content=\"556\" \/>\n\t<meta property=\"og:image:type\" content=\"image\/jpeg\" \/>\n<meta name=\"author\" content=\"Diario1 Diario1\" \/>\n<meta name=\"twitter:card\" content=\"summary_large_image\" \/>\n<meta name=\"twitter:creator\" content=\"@eltextual\" \/>\n<meta name=\"twitter:site\" content=\"@eltextual\" \/>\n<meta name=\"twitter:label1\" content=\"Escrito por\" \/>\n\t<meta name=\"twitter:data1\" content=\"Diario1 Diario1\" \/>\n\t<meta name=\"twitter:label2\" content=\"Tiempo de lectura\" \/>\n\t<meta name=\"twitter:data2\" content=\"3 minutos\" \/>\n<script type=\"application\/ld+json\" class=\"yoast-schema-graph\">{\"@context\":\"https:\\\/\\\/schema.org\",\"@graph\":[{\"@type\":\"Article\",\"@id\":\"https:\\\/\\\/diariotextual.com\\\/inicio\\\/index.php\\\/2026\\\/04\\\/27\\\/no-prospero-la-suspension-de-la-intendenta-de-catrilo-el-pj-y-el-pro-no-lograron-replicar-el-caso-de-santa-isabel\\\/#article\",\"isPartOf\":{\"@id\":\"https:\\\/\\\/diariotextual.com\\\/inicio\\\/index.php\\\/2026\\\/04\\\/27\\\/no-prospero-la-suspension-de-la-intendenta-de-catrilo-el-pj-y-el-pro-no-lograron-replicar-el-caso-de-santa-isabel\\\/\"},\"author\":{\"name\":\"Diario1 Diario1\",\"@id\":\"https:\\\/\\\/diariotextual.com\\\/inicio\\\/#\\\/schema\\\/person\\\/418fc4093c33e86ed41562db3508f958\"},\"headline\":\"No prosper\u00f3 la suspensi\u00f3n de la intendenta de Catril\u00f3: el PJ y el PRO no lograron replicar el caso de Santa Isabel\",\"datePublished\":\"2026-04-28T01:09:23+00:00\",\"dateModified\":\"2026-04-28T01:09:26+00:00\",\"mainEntityOfPage\":{\"@id\":\"https:\\\/\\\/diariotextual.com\\\/inicio\\\/index.php\\\/2026\\\/04\\\/27\\\/no-prospero-la-suspension-de-la-intendenta-de-catrilo-el-pj-y-el-pro-no-lograron-replicar-el-caso-de-santa-isabel\\\/\"},\"wordCount\":452,\"publisher\":{\"@id\":\"https:\\\/\\\/diariotextual.com\\\/inicio\\\/#organization\"},\"image\":{\"@id\":\"https:\\\/\\\/diariotextual.com\\\/inicio\\\/index.php\\\/2026\\\/04\\\/27\\\/no-prospero-la-suspension-de-la-intendenta-de-catrilo-el-pj-y-el-pro-no-lograron-replicar-el-caso-de-santa-isabel\\\/#primaryimage\"},\"thumbnailUrl\":\"https:\\\/\\\/diariotextual.com\\\/inicio\\\/wp-content\\\/uploads\\\/2024\\\/03\\\/lopezgraciela2024-1.jpg\",\"articleSection\":[\"A - PORTADA\",\"POLITICA\"],\"inLanguage\":\"es\"},{\"@type\":\"WebPage\",\"@id\":\"https:\\\/\\\/diariotextual.com\\\/inicio\\\/index.php\\\/2026\\\/04\\\/27\\\/no-prospero-la-suspension-de-la-intendenta-de-catrilo-el-pj-y-el-pro-no-lograron-replicar-el-caso-de-santa-isabel\\\/\",\"url\":\"https:\\\/\\\/diariotextual.com\\\/inicio\\\/index.php\\\/2026\\\/04\\\/27\\\/no-prospero-la-suspension-de-la-intendenta-de-catrilo-el-pj-y-el-pro-no-lograron-replicar-el-caso-de-santa-isabel\\\/\",\"name\":\"No prosper\u00f3 la suspensi\u00f3n de la intendenta de Catril\u00f3: el PJ y el PRO no lograron replicar el caso de Santa Isabel - Diario Textual\",\"isPartOf\":{\"@id\":\"https:\\\/\\\/diariotextual.com\\\/inicio\\\/#website\"},\"primaryImageOfPage\":{\"@id\":\"https:\\\/\\\/diariotextual.com\\\/inicio\\\/index.php\\\/2026\\\/04\\\/27\\\/no-prospero-la-suspension-de-la-intendenta-de-catrilo-el-pj-y-el-pro-no-lograron-replicar-el-caso-de-santa-isabel\\\/#primaryimage\"},\"image\":{\"@id\":\"https:\\\/\\\/diariotextual.com\\\/inicio\\\/index.php\\\/2026\\\/04\\\/27\\\/no-prospero-la-suspension-de-la-intendenta-de-catrilo-el-pj-y-el-pro-no-lograron-replicar-el-caso-de-santa-isabel\\\/#primaryimage\"},\"thumbnailUrl\":\"https:\\\/\\\/diariotextual.com\\\/inicio\\\/wp-content\\\/uploads\\\/2024\\\/03\\\/lopezgraciela2024-1.jpg\",\"datePublished\":\"2026-04-28T01:09:23+00:00\",\"dateModified\":\"2026-04-28T01:09:26+00:00\",\"breadcrumb\":{\"@id\":\"https:\\\/\\\/diariotextual.com\\\/inicio\\\/index.php\\\/2026\\\/04\\\/27\\\/no-prospero-la-suspension-de-la-intendenta-de-catrilo-el-pj-y-el-pro-no-lograron-replicar-el-caso-de-santa-isabel\\\/#breadcrumb\"},\"inLanguage\":\"es\",\"potentialAction\":[{\"@type\":\"ReadAction\",\"target\":[\"https:\\\/\\\/diariotextual.com\\\/inicio\\\/index.php\\\/2026\\\/04\\\/27\\\/no-prospero-la-suspension-de-la-intendenta-de-catrilo-el-pj-y-el-pro-no-lograron-replicar-el-caso-de-santa-isabel\\\/\"]}]},{\"@type\":\"ImageObject\",\"inLanguage\":\"es\",\"@id\":\"https:\\\/\\\/diariotextual.com\\\/inicio\\\/index.php\\\/2026\\\/04\\\/27\\\/no-prospero-la-suspension-de-la-intendenta-de-catrilo-el-pj-y-el-pro-no-lograron-replicar-el-caso-de-santa-isabel\\\/#primaryimage\",\"url\":\"https:\\\/\\\/diariotextual.com\\\/inicio\\\/wp-content\\\/uploads\\\/2024\\\/03\\\/lopezgraciela2024-1.jpg\",\"contentUrl\":\"https:\\\/\\\/diariotextual.com\\\/inicio\\\/wp-content\\\/uploads\\\/2024\\\/03\\\/lopezgraciela2024-1.jpg\",\"width\":834,\"height\":556},{\"@type\":\"BreadcrumbList\",\"@id\":\"https:\\\/\\\/diariotextual.com\\\/inicio\\\/index.php\\\/2026\\\/04\\\/27\\\/no-prospero-la-suspension-de-la-intendenta-de-catrilo-el-pj-y-el-pro-no-lograron-replicar-el-caso-de-santa-isabel\\\/#breadcrumb\",\"itemListElement\":[{\"@type\":\"ListItem\",\"position\":1,\"name\":\"Portada\",\"item\":\"https:\\\/\\\/diariotextual.com\\\/inicio\\\/\"},{\"@type\":\"ListItem\",\"position\":2,\"name\":\"No prosper\u00f3 la suspensi\u00f3n de la intendenta de Catril\u00f3: el PJ y el PRO no lograron replicar el caso de Santa Isabel\"}]},{\"@type\":\"WebSite\",\"@id\":\"https:\\\/\\\/diariotextual.com\\\/inicio\\\/#website\",\"url\":\"https:\\\/\\\/diariotextual.com\\\/inicio\\\/\",\"name\":\"Diario Textual\",\"description\":\"\",\"publisher\":{\"@id\":\"https:\\\/\\\/diariotextual.com\\\/inicio\\\/#organization\"},\"potentialAction\":[{\"@type\":\"SearchAction\",\"target\":{\"@type\":\"EntryPoint\",\"urlTemplate\":\"https:\\\/\\\/diariotextual.com\\\/inicio\\\/?s={search_term_string}\"},\"query-input\":{\"@type\":\"PropertyValueSpecification\",\"valueRequired\":true,\"valueName\":\"search_term_string\"}}],\"inLanguage\":\"es\"},{\"@type\":\"Organization\",\"@id\":\"https:\\\/\\\/diariotextual.com\\\/inicio\\\/#organization\",\"name\":\"Diario Textual\",\"url\":\"https:\\\/\\\/diariotextual.com\\\/inicio\\\/\",\"logo\":{\"@type\":\"ImageObject\",\"inLanguage\":\"es\",\"@id\":\"https:\\\/\\\/diariotextual.com\\\/inicio\\\/#\\\/schema\\\/logo\\\/image\\\/\",\"url\":\"https:\\\/\\\/diariotextual.com\\\/inicio\\\/wp-content\\\/uploads\\\/2023\\\/05\\\/logotextual1.jpg\",\"contentUrl\":\"https:\\\/\\\/diariotextual.com\\\/inicio\\\/wp-content\\\/uploads\\\/2023\\\/05\\\/logotextual1.jpg\",\"width\":516,\"height\":76,\"caption\":\"Diario Textual\"},\"image\":{\"@id\":\"https:\\\/\\\/diariotextual.com\\\/inicio\\\/#\\\/schema\\\/logo\\\/image\\\/\"},\"sameAs\":[\"https:\\\/\\\/www.facebook.com\\\/eltextual\",\"https:\\\/\\\/x.com\\\/eltextual\",\"http:\\\/\\\/www.instagram.com\\\/eltextual\"]},{\"@type\":\"Person\",\"@id\":\"https:\\\/\\\/diariotextual.com\\\/inicio\\\/#\\\/schema\\\/person\\\/418fc4093c33e86ed41562db3508f958\",\"name\":\"Diario1 Diario1\",\"image\":{\"@type\":\"ImageObject\",\"inLanguage\":\"es\",\"@id\":\"https:\\\/\\\/secure.gravatar.com\\\/avatar\\\/9167d280179c85bc18be67aa7eda765854300033af4896dd779b608640f2ef7a?s=96&d=mm&r=g\",\"url\":\"https:\\\/\\\/secure.gravatar.com\\\/avatar\\\/9167d280179c85bc18be67aa7eda765854300033af4896dd779b608640f2ef7a?s=96&d=mm&r=g\",\"contentUrl\":\"https:\\\/\\\/secure.gravatar.com\\\/avatar\\\/9167d280179c85bc18be67aa7eda765854300033af4896dd779b608640f2ef7a?s=96&d=mm&r=g\",\"caption\":\"Diario1 Diario1\"},\"url\":\"https:\\\/\\\/diariotextual.com\\\/inicio\\\/index.php\\\/author\\\/diario1\\\/\"}]}<\/script>\n<!-- \/ Yoast SEO plugin. -->","yoast_head_json":{"title":"No prosper\u00f3 la suspensi\u00f3n de la intendenta de Catril\u00f3: el PJ y el PRO no lograron replicar el caso de Santa Isabel - Diario Textual","robots":{"index":"index","follow":"follow","max-snippet":"max-snippet:-1","max-image-preview":"max-image-preview:large","max-video-preview":"max-video-preview:-1"},"canonical":"https:\/\/diariotextual.com\/inicio\/index.php\/2026\/04\/27\/no-prospero-la-suspension-de-la-intendenta-de-catrilo-el-pj-y-el-pro-no-lograron-replicar-el-caso-de-santa-isabel\/","og_locale":"es_ES","og_type":"article","og_title":"No prosper\u00f3 la suspensi\u00f3n de la intendenta de Catril\u00f3: el PJ y el PRO no lograron replicar el caso de Santa Isabel - Diario Textual","og_description":"El concejo deliberante de Catril\u00f3 rechaz\u00f3 este lunes la suspensi\u00f3n de la intendenta Graciela L\u00f3pez, luego de tratar los dict\u00e1menes de la comisi\u00f3n investigadora que analiz\u00f3 presuntas transgresiones administrativas del&hellip;","og_url":"https:\/\/diariotextual.com\/inicio\/index.php\/2026\/04\/27\/no-prospero-la-suspension-de-la-intendenta-de-catrilo-el-pj-y-el-pro-no-lograron-replicar-el-caso-de-santa-isabel\/","og_site_name":"Diario Textual","article_publisher":"https:\/\/www.facebook.com\/eltextual","article_published_time":"2026-04-28T01:09:23+00:00","article_modified_time":"2026-04-28T01:09:26+00:00","og_image":[{"width":834,"height":556,"url":"https:\/\/diariotextual.com\/inicio\/wp-content\/uploads\/2024\/03\/lopezgraciela2024-1.jpg","type":"image\/jpeg"}],"author":"Diario1 Diario1","twitter_card":"summary_large_image","twitter_creator":"@eltextual","twitter_site":"@eltextual","twitter_misc":{"Escrito por":"Diario1 Diario1","Tiempo de lectura":"3 minutos"},"schema":{"@context":"https:\/\/schema.org","@graph":[{"@type":"Article","@id":"https:\/\/diariotextual.com\/inicio\/index.php\/2026\/04\/27\/no-prospero-la-suspension-de-la-intendenta-de-catrilo-el-pj-y-el-pro-no-lograron-replicar-el-caso-de-santa-isabel\/#article","isPartOf":{"@id":"https:\/\/diariotextual.com\/inicio\/index.php\/2026\/04\/27\/no-prospero-la-suspension-de-la-intendenta-de-catrilo-el-pj-y-el-pro-no-lograron-replicar-el-caso-de-santa-isabel\/"},"author":{"name":"Diario1 Diario1","@id":"https:\/\/diariotextual.com\/inicio\/#\/schema\/person\/418fc4093c33e86ed41562db3508f958"},"headline":"No prosper\u00f3 la suspensi\u00f3n de la intendenta de Catril\u00f3: el PJ y el PRO no lograron replicar el caso de Santa Isabel","datePublished":"2026-04-28T01:09:23+00:00","dateModified":"2026-04-28T01:09:26+00:00","mainEntityOfPage":{"@id":"https:\/\/diariotextual.com\/inicio\/index.php\/2026\/04\/27\/no-prospero-la-suspension-de-la-intendenta-de-catrilo-el-pj-y-el-pro-no-lograron-replicar-el-caso-de-santa-isabel\/"},"wordCount":452,"publisher":{"@id":"https:\/\/diariotextual.com\/inicio\/#organization"},"image":{"@id":"https:\/\/diariotextual.com\/inicio\/index.php\/2026\/04\/27\/no-prospero-la-suspension-de-la-intendenta-de-catrilo-el-pj-y-el-pro-no-lograron-replicar-el-caso-de-santa-isabel\/#primaryimage"},"thumbnailUrl":"https:\/\/diariotextual.com\/inicio\/wp-content\/uploads\/2024\/03\/lopezgraciela2024-1.jpg","articleSection":["A - PORTADA","POLITICA"],"inLanguage":"es"},{"@type":"WebPage","@id":"https:\/\/diariotextual.com\/inicio\/index.php\/2026\/04\/27\/no-prospero-la-suspension-de-la-intendenta-de-catrilo-el-pj-y-el-pro-no-lograron-replicar-el-caso-de-santa-isabel\/","url":"https:\/\/diariotextual.com\/inicio\/index.php\/2026\/04\/27\/no-prospero-la-suspension-de-la-intendenta-de-catrilo-el-pj-y-el-pro-no-lograron-replicar-el-caso-de-santa-isabel\/","name":"No prosper\u00f3 la suspensi\u00f3n de la intendenta de Catril\u00f3: el PJ y el PRO no lograron replicar el caso de Santa Isabel - Diario Textual","isPartOf":{"@id":"https:\/\/diariotextual.com\/inicio\/#website"},"primaryImageOfPage":{"@id":"https:\/\/diariotextual.com\/inicio\/index.php\/2026\/04\/27\/no-prospero-la-suspension-de-la-intendenta-de-catrilo-el-pj-y-el-pro-no-lograron-replicar-el-caso-de-santa-isabel\/#primaryimage"},"image":{"@id":"https:\/\/diariotextual.com\/inicio\/index.php\/2026\/04\/27\/no-prospero-la-suspension-de-la-intendenta-de-catrilo-el-pj-y-el-pro-no-lograron-replicar-el-caso-de-santa-isabel\/#primaryimage"},"thumbnailUrl":"https:\/\/diariotextual.com\/inicio\/wp-content\/uploads\/2024\/03\/lopezgraciela2024-1.jpg","datePublished":"2026-04-28T01:09:23+00:00","dateModified":"2026-04-28T01:09:26+00:00","breadcrumb":{"@id":"https:\/\/diariotextual.com\/inicio\/index.php\/2026\/04\/27\/no-prospero-la-suspension-de-la-intendenta-de-catrilo-el-pj-y-el-pro-no-lograron-replicar-el-caso-de-santa-isabel\/#breadcrumb"},"inLanguage":"es","potentialAction":[{"@type":"ReadAction","target":["https:\/\/diariotextual.com\/inicio\/index.php\/2026\/04\/27\/no-prospero-la-suspension-de-la-intendenta-de-catrilo-el-pj-y-el-pro-no-lograron-replicar-el-caso-de-santa-isabel\/"]}]},{"@type":"ImageObject","inLanguage":"es","@id":"https:\/\/diariotextual.com\/inicio\/index.php\/2026\/04\/27\/no-prospero-la-suspension-de-la-intendenta-de-catrilo-el-pj-y-el-pro-no-lograron-replicar-el-caso-de-santa-isabel\/#primaryimage","url":"https:\/\/diariotextual.com\/inicio\/wp-content\/uploads\/2024\/03\/lopezgraciela2024-1.jpg","contentUrl":"https:\/\/diariotextual.com\/inicio\/wp-content\/uploads\/2024\/03\/lopezgraciela2024-1.jpg","width":834,"height":556},{"@type":"BreadcrumbList","@id":"https:\/\/diariotextual.com\/inicio\/index.php\/2026\/04\/27\/no-prospero-la-suspension-de-la-intendenta-de-catrilo-el-pj-y-el-pro-no-lograron-replicar-el-caso-de-santa-isabel\/#breadcrumb","itemListElement":[{"@type":"ListItem","position":1,"name":"Portada","item":"https:\/\/diariotextual.com\/inicio\/"},{"@type":"ListItem","position":2,"name":"No prosper\u00f3 la suspensi\u00f3n de la intendenta de Catril\u00f3: el PJ y el PRO no lograron replicar el caso de Santa Isabel"}]},{"@type":"WebSite","@id":"https:\/\/diariotextual.com\/inicio\/#website","url":"https:\/\/diariotextual.com\/inicio\/","name":"Diario Textual","description":"","publisher":{"@id":"https:\/\/diariotextual.com\/inicio\/#organization"},"potentialAction":[{"@type":"SearchAction","target":{"@type":"EntryPoint","urlTemplate":"https:\/\/diariotextual.com\/inicio\/?s={search_term_string}"},"query-input":{"@type":"PropertyValueSpecification","valueRequired":true,"valueName":"search_term_string"}}],"inLanguage":"es"},{"@type":"Organization","@id":"https:\/\/diariotextual.com\/inicio\/#organization","name":"Diario Textual","url":"https:\/\/diariotextual.com\/inicio\/","logo":{"@type":"ImageObject","inLanguage":"es","@id":"https:\/\/diariotextual.com\/inicio\/#\/schema\/logo\/image\/","url":"https:\/\/diariotextual.com\/inicio\/wp-content\/uploads\/2023\/05\/logotextual1.jpg","contentUrl":"https:\/\/diariotextual.com\/inicio\/wp-content\/uploads\/2023\/05\/logotextual1.jpg","width":516,"height":76,"caption":"Diario Textual"},"image":{"@id":"https:\/\/diariotextual.com\/inicio\/#\/schema\/logo\/image\/"},"sameAs":["https:\/\/www.facebook.com\/eltextual","https:\/\/x.com\/eltextual","http:\/\/www.instagram.com\/eltextual"]},{"@type":"Person","@id":"https:\/\/diariotextual.com\/inicio\/#\/schema\/person\/418fc4093c33e86ed41562db3508f958","name":"Diario1 Diario1","image":{"@type":"ImageObject","inLanguage":"es","@id":"https:\/\/secure.gravatar.com\/avatar\/9167d280179c85bc18be67aa7eda765854300033af4896dd779b608640f2ef7a?s=96&d=mm&r=g","url":"https:\/\/secure.gravatar.com\/avatar\/9167d280179c85bc18be67aa7eda765854300033af4896dd779b608640f2ef7a?s=96&d=mm&r=g","contentUrl":"https:\/\/secure.gravatar.com\/avatar\/9167d280179c85bc18be67aa7eda765854300033af4896dd779b608640f2ef7a?s=96&d=mm&r=g","caption":"Diario1 Diario1"},"url":"https:\/\/diariotextual.com\/inicio\/index.php\/author\/diario1\/"}]}},"_links":{"self":[{"href":"https:\/\/diariotextual.com\/inicio\/index.php\/wp-json\/wp\/v2\/posts\/325832","targetHints":{"allow":["GET"]}}],"collection":[{"href":"https:\/\/diariotextual.com\/inicio\/index.php\/wp-json\/wp\/v2\/posts"}],"about":[{"href":"https:\/\/diariotextual.com\/inicio\/index.php\/wp-json\/wp\/v2\/types\/post"}],"author":[{"embeddable":true,"href":"https:\/\/diariotextual.com\/inicio\/index.php\/wp-json\/wp\/v2\/users\/3"}],"replies":[{"embeddable":true,"href":"https:\/\/diariotextual.com\/inicio\/index.php\/wp-json\/wp\/v2\/comments?post=325832"}],"version-history":[{"count":1,"href":"https:\/\/diariotextual.com\/inicio\/index.php\/wp-json\/wp\/v2\/posts\/325832\/revisions"}],"predecessor-version":[{"id":325833,"href":"https:\/\/diariotextual.com\/inicio\/index.php\/wp-json\/wp\/v2\/posts\/325832\/revisions\/325833"}],"wp:featuredmedia":[{"embeddable":true,"href":"https:\/\/diariotextual.com\/inicio\/index.php\/wp-json\/wp\/v2\/media\/256210"}],"wp:attachment":[{"href":"https:\/\/diariotextual.com\/inicio\/index.php\/wp-json\/wp\/v2\/media?parent=325832"}],"wp:term":[{"taxonomy":"category","embeddable":true,"href":"https:\/\/diariotextual.com\/inicio\/index.php\/wp-json\/wp\/v2\/categories?post=325832"},{"taxonomy":"post_tag","embeddable":true,"href":"https:\/\/diariotextual.com\/inicio\/index.php\/wp-json\/wp\/v2\/tags?post=325832"}],"curies":[{"name":"wp","href":"https:\/\/api.w.org\/{rel}","templated":true}]}}