{"id":325842,"date":"2026-04-28T08:21:07","date_gmt":"2026-04-28T11:21:07","guid":{"rendered":"https:\/\/diariotextual.com\/inicio\/?p=325842"},"modified":"2026-04-28T09:14:53","modified_gmt":"2026-04-28T12:14:53","slug":"sturzenegger-confirmo-que-enviara-la-desregulacion-inmobiliaria-al-congreso-dice-que-bajaran-los-costos-en-la-compraventa","status":"publish","type":"post","link":"https:\/\/diariotextual.com\/inicio\/index.php\/2026\/04\/28\/sturzenegger-confirmo-que-enviara-la-desregulacion-inmobiliaria-al-congreso-dice-que-bajaran-los-costos-en-la-compraventa\/","title":{"rendered":"Sturzenegger confirm\u00f3 que enviar\u00e1 la desregulaci\u00f3n inmobiliaria al Congreso: dice que bajar\u00e1n los costos en la compraventa"},"content":{"rendered":"\n<p>El ministro de Desregulaci\u00f3n y Transformaci\u00f3n del Estado, <strong>Federico Sturzenegger<\/strong>, adelant\u00f3 que el Gobierno liderado por <strong>Javier Milei<\/strong> enviar\u00e1 en junio un <strong>paquete de desregulaci\u00f3n inmobiliaria<\/strong> al <strong>Congreso<\/strong> con el objetivo de <strong>bajar costos<\/strong> en las <strong>operaciones de compraventa<\/strong> y <strong>ampliar la competencia<\/strong> en el sector.<\/p>\n\n\n\n<p>El funcionario particip\u00f3 este lunes del <strong>DATA DAY 4<\/strong>, organizado por <strong>Reporte Inmobiliario<\/strong> en el <strong>Auditorio Juan Pablo II<\/strong> de la <strong>Universidad Cat\u00f3lica Argentina (UCA)<\/strong>, en <strong>Puerto Madero<\/strong>. La jornada reuni\u00f3 a <strong>desarrolladores, brokers, analistas y referentes del mercado<\/strong>. La exposici\u00f3n del ministro se centr\u00f3 en el <strong>impacto de la desregulaci\u00f3n<\/strong>, el <strong>rol del cr\u00e9dito hipotecario<\/strong> y la necesidad de <strong>reducir costos<\/strong> en la <strong>construcci\u00f3n<\/strong> y en las <strong>transacciones<\/strong>.<\/p>\n\n\n\n<p>En paralelo, en di\u00e1logo posterior con <strong>\u00c1mbito<\/strong>, <strong>Sturzenegger<\/strong> precis\u00f3 que la iniciativa buscar\u00e1 \u201c<strong>quitar trabas y privilegios<\/strong>\u201d que hoy <strong>encarecen las operaciones<\/strong> y <strong>limitan la competencia<\/strong>. \u201cCreemos que <strong>habr\u00e1 una notable reducci\u00f3n en los costos de compraventa<\/strong> y adem\u00e1s vamos a <strong>quitar la pata del Estado<\/strong> para <strong>agilizar un mercado inmobiliario<\/strong> que siempre es activo\u201d, resalt\u00f3.<\/p>\n\n\n\n<div style=\"height:100px\" aria-hidden=\"true\" class=\"wp-block-spacer\"><\/div>\n\n\n\n<p><strong>\u201cProblema\u201d<\/strong><\/p>\n\n\n\n<p>Uno de los momentos centrales del encuentro se dio durante el intercambio con el p\u00fablico. La concurrencia prest\u00f3 especial atenci\u00f3n a la pregunta de <strong>Jorge Amoreo Casotti<\/strong>, de la plataforma <strong>PINT<\/strong>, quien desde inicios de 2025 impulsa la <strong>desregulaci\u00f3n del sector<\/strong>. Le consult\u00f3 sobre la <strong>desregulaci\u00f3n de los colegios inmobiliarios<\/strong> y el alcance de los cambios en el <strong>corretaje<\/strong>. A partir de esa intervenci\u00f3n, el ministro profundiz\u00f3 en uno de los ejes m\u00e1s sensibles de la agenda.<\/p>\n\n\n\n<p><strong>Sturzenegger<\/strong> afirm\u00f3 que los <strong>colegios profesionales<\/strong> \u201cson un problema\u201d cuando exceden su <strong>funci\u00f3n de control de matr\u00edcula<\/strong>. Se\u00f1al\u00f3 que, en muchos casos, fijan condiciones que <strong>encarecen el servicio<\/strong>, como <strong>aranceles m\u00ednimos<\/strong> o <strong>restricciones operativas<\/strong>.<\/p>\n\n\n\n<p>\u201cSi un profesional -agreg\u00f3- quiere <strong>cobrar menos<\/strong>, no deber\u00eda haber una norma que lo impida\u201d. En esa l\u00ednea, plante\u00f3 que esas pr\u00e1cticas generan <strong>distorsiones<\/strong> que terminan traslad\u00e1ndose al <strong>costo final de la compraventa<\/strong>.<\/p>\n\n\n\n<p>El funcionario sostuvo que la <strong>desregulaci\u00f3n del corretaje inmobiliario<\/strong> forma parte de la <strong>agenda inmediata<\/strong>. Indic\u00f3 que el objetivo es <strong>abrir el mercado<\/strong>, <strong>eliminar privilegios<\/strong> y permitir <strong>mayor competencia<\/strong>. \u201cLa idea es que cualquiera pueda <strong>innovar<\/strong>, crear <strong>nuevos modelos<\/strong> y ofrecer <strong>mejores condiciones<\/strong>\u201d, dijo. Tambi\u00e9n advirti\u00f3 que se trata de un proceso complejo, ya que muchas de estas regulaciones tienen <strong>car\u00e1cter jurisdiccional<\/strong> y dependen de <strong>provincias<\/strong> o incluso de <strong>reformas constitucionales<\/strong>.<\/p>\n\n\n\n<p>En ese contexto, confirm\u00f3 que el <strong>paquete legislativo<\/strong> que el Gobierno enviar\u00e1 en junio incluir\u00e1 <strong>cambios espec\u00edficos sobre el corretaje<\/strong> y otras <strong>actividades reguladas<\/strong>.<\/p>\n\n\n\n<p>A su vez, anticip\u00f3 que habr\u00e1 una <strong>ley de defensa de la competencia<\/strong> que definir\u00e1 con mayor precisi\u00f3n qu\u00e9 pueden hacer y qu\u00e9 no los <strong>colegios profesionales<\/strong>. \u201cVa a ser una <strong>batalla importante<\/strong>, porque hay <strong>intereses consolidados<\/strong> durante a\u00f1os\u201d, dijo.<\/p>\n\n\n\n<div style=\"height:100px\" aria-hidden=\"true\" class=\"wp-block-spacer\"><\/div>\n\n\n\n<p><strong>Cr\u00e9ditos hipotecarios y cambio de modelo<\/strong><\/p>\n\n\n\n<p>Otro de los ejes centrales de la exposici\u00f3n fue el del <strong>cr\u00e9dito hipotecario<\/strong>. <strong>Sturzenegger<\/strong> plante\u00f3 que el <strong>sistema financiero argentino<\/strong> atraviesa un <strong>punto de inflexi\u00f3n<\/strong>. Explic\u00f3 que durante a\u00f1os los <strong>bancos<\/strong> operaron con un <strong>volumen reducido de dep\u00f3sitos<\/strong> y <strong>tasas altas<\/strong>, en un contexto de <strong>inflaci\u00f3n elevada<\/strong>. Ese esquema, seg\u00fan sostuvo, ya no resulta sostenible.<\/p>\n\n\n\n<p>\u201cEl modelo de <strong>pocos dep\u00f3sitos y tasas altas<\/strong> se termina con la <strong>baja de la inflaci\u00f3n<\/strong>\u201d, afirm\u00f3. En ese sentido, explic\u00f3 que los bancos deber\u00e1n <strong>modificar su estrategia<\/strong> y <strong>captar ahorro de largo plazo<\/strong>. Para eso, deber\u00e1n ofrecer <strong>instrumentos m\u00e1s atractivos<\/strong>, con <strong>rendimientos reales positivos<\/strong> que incentiven a los <strong>ahorristas<\/strong> a volcar sus fondos al <strong>sistema financiero<\/strong>.<\/p>\n\n\n\n<p><\/p>\n","protected":false},"excerpt":{"rendered":"<p>El ministro de Desregulaci\u00f3n y Transformaci\u00f3n del Estado, Federico Sturzenegger, adelant\u00f3 que el Gobierno liderado por Javier Milei enviar\u00e1 en junio un paquete de desregulaci\u00f3n inmobiliaria al Congreso con el&hellip;<\/p>\n","protected":false},"author":3,"featured_media":262607,"comment_status":"closed","ping_status":"open","sticky":false,"template":"","format":"standard","meta":{"_acf_changed":false,"footnotes":""},"categories":[1,12],"tags":[],"class_list":["post-325842","post","type-post","status-publish","format-standard","has-post-thumbnail","hentry","category-es-noticia","category-sociedad"],"acf":[],"yoast_head":"<!-- This site is optimized with the Yoast SEO plugin v27.5 - https:\/\/yoast.com\/product\/yoast-seo-wordpress\/ -->\n<title>Sturzenegger confirm\u00f3 que enviar\u00e1 la desregulaci\u00f3n inmobiliaria al Congreso: dice que bajar\u00e1n los costos en la compraventa - Diario Textual<\/title>\n<meta name=\"robots\" content=\"index, follow, max-snippet:-1, max-image-preview:large, max-video-preview:-1\" \/>\n<link rel=\"canonical\" href=\"https:\/\/diariotextual.com\/inicio\/index.php\/2026\/04\/28\/sturzenegger-confirmo-que-enviara-la-desregulacion-inmobiliaria-al-congreso-dice-que-bajaran-los-costos-en-la-compraventa\/\" \/>\n<meta property=\"og:locale\" content=\"es_ES\" \/>\n<meta property=\"og:type\" content=\"article\" \/>\n<meta property=\"og:title\" content=\"Sturzenegger confirm\u00f3 que enviar\u00e1 la desregulaci\u00f3n inmobiliaria al Congreso: dice que bajar\u00e1n los costos en la compraventa - Diario Textual\" \/>\n<meta property=\"og:description\" content=\"El ministro de Desregulaci\u00f3n y Transformaci\u00f3n del Estado, Federico Sturzenegger, adelant\u00f3 que el Gobierno liderado por Javier Milei enviar\u00e1 en junio un paquete de desregulaci\u00f3n inmobiliaria al Congreso con el&hellip;\" \/>\n<meta property=\"og:url\" content=\"https:\/\/diariotextual.com\/inicio\/index.php\/2026\/04\/28\/sturzenegger-confirmo-que-enviara-la-desregulacion-inmobiliaria-al-congreso-dice-que-bajaran-los-costos-en-la-compraventa\/\" \/>\n<meta property=\"og:site_name\" content=\"Diario Textual\" \/>\n<meta property=\"article:publisher\" content=\"https:\/\/www.facebook.com\/eltextual\" \/>\n<meta property=\"article:published_time\" content=\"2026-04-28T11:21:07+00:00\" \/>\n<meta property=\"article:modified_time\" content=\"2026-04-28T12:14:53+00:00\" \/>\n<meta property=\"og:image\" content=\"https:\/\/diariotextual.com\/inicio\/wp-content\/uploads\/2024\/05\/casascreditoshipotecarios2024-1.jpg\" \/>\n\t<meta property=\"og:image:width\" content=\"865\" \/>\n\t<meta property=\"og:image:height\" content=\"558\" \/>\n\t<meta property=\"og:image:type\" content=\"image\/jpeg\" \/>\n<meta name=\"author\" content=\"Diario1 Diario1\" \/>\n<meta name=\"twitter:card\" content=\"summary_large_image\" \/>\n<meta name=\"twitter:creator\" content=\"@eltextual\" \/>\n<meta name=\"twitter:site\" content=\"@eltextual\" \/>\n<meta name=\"twitter:label1\" content=\"Escrito por\" \/>\n\t<meta name=\"twitter:data1\" content=\"Diario1 Diario1\" \/>\n\t<meta name=\"twitter:label2\" content=\"Tiempo de lectura\" \/>\n\t<meta name=\"twitter:data2\" content=\"3 minutos\" \/>\n<script type=\"application\/ld+json\" class=\"yoast-schema-graph\">{\"@context\":\"https:\\\/\\\/schema.org\",\"@graph\":[{\"@type\":\"Article\",\"@id\":\"https:\\\/\\\/diariotextual.com\\\/inicio\\\/index.php\\\/2026\\\/04\\\/28\\\/sturzenegger-confirmo-que-enviara-la-desregulacion-inmobiliaria-al-congreso-dice-que-bajaran-los-costos-en-la-compraventa\\\/#article\",\"isPartOf\":{\"@id\":\"https:\\\/\\\/diariotextual.com\\\/inicio\\\/index.php\\\/2026\\\/04\\\/28\\\/sturzenegger-confirmo-que-enviara-la-desregulacion-inmobiliaria-al-congreso-dice-que-bajaran-los-costos-en-la-compraventa\\\/\"},\"author\":{\"name\":\"Diario1 Diario1\",\"@id\":\"https:\\\/\\\/diariotextual.com\\\/inicio\\\/#\\\/schema\\\/person\\\/418fc4093c33e86ed41562db3508f958\"},\"headline\":\"Sturzenegger confirm\u00f3 que enviar\u00e1 la desregulaci\u00f3n inmobiliaria al Congreso: dice que bajar\u00e1n los costos en la compraventa\",\"datePublished\":\"2026-04-28T11:21:07+00:00\",\"dateModified\":\"2026-04-28T12:14:53+00:00\",\"mainEntityOfPage\":{\"@id\":\"https:\\\/\\\/diariotextual.com\\\/inicio\\\/index.php\\\/2026\\\/04\\\/28\\\/sturzenegger-confirmo-que-enviara-la-desregulacion-inmobiliaria-al-congreso-dice-que-bajaran-los-costos-en-la-compraventa\\\/\"},\"wordCount\":631,\"publisher\":{\"@id\":\"https:\\\/\\\/diariotextual.com\\\/inicio\\\/#organization\"},\"image\":{\"@id\":\"https:\\\/\\\/diariotextual.com\\\/inicio\\\/index.php\\\/2026\\\/04\\\/28\\\/sturzenegger-confirmo-que-enviara-la-desregulacion-inmobiliaria-al-congreso-dice-que-bajaran-los-costos-en-la-compraventa\\\/#primaryimage\"},\"thumbnailUrl\":\"https:\\\/\\\/diariotextual.com\\\/inicio\\\/wp-content\\\/uploads\\\/2024\\\/05\\\/casascreditoshipotecarios2024-1.jpg\",\"articleSection\":[\"A - ES NOTICIA (van abajo)\",\"SOCIEDAD\"],\"inLanguage\":\"es\"},{\"@type\":\"WebPage\",\"@id\":\"https:\\\/\\\/diariotextual.com\\\/inicio\\\/index.php\\\/2026\\\/04\\\/28\\\/sturzenegger-confirmo-que-enviara-la-desregulacion-inmobiliaria-al-congreso-dice-que-bajaran-los-costos-en-la-compraventa\\\/\",\"url\":\"https:\\\/\\\/diariotextual.com\\\/inicio\\\/index.php\\\/2026\\\/04\\\/28\\\/sturzenegger-confirmo-que-enviara-la-desregulacion-inmobiliaria-al-congreso-dice-que-bajaran-los-costos-en-la-compraventa\\\/\",\"name\":\"Sturzenegger confirm\u00f3 que enviar\u00e1 la desregulaci\u00f3n inmobiliaria al Congreso: dice que bajar\u00e1n los costos en la compraventa - Diario Textual\",\"isPartOf\":{\"@id\":\"https:\\\/\\\/diariotextual.com\\\/inicio\\\/#website\"},\"primaryImageOfPage\":{\"@id\":\"https:\\\/\\\/diariotextual.com\\\/inicio\\\/index.php\\\/2026\\\/04\\\/28\\\/sturzenegger-confirmo-que-enviara-la-desregulacion-inmobiliaria-al-congreso-dice-que-bajaran-los-costos-en-la-compraventa\\\/#primaryimage\"},\"image\":{\"@id\":\"https:\\\/\\\/diariotextual.com\\\/inicio\\\/index.php\\\/2026\\\/04\\\/28\\\/sturzenegger-confirmo-que-enviara-la-desregulacion-inmobiliaria-al-congreso-dice-que-bajaran-los-costos-en-la-compraventa\\\/#primaryimage\"},\"thumbnailUrl\":\"https:\\\/\\\/diariotextual.com\\\/inicio\\\/wp-content\\\/uploads\\\/2024\\\/05\\\/casascreditoshipotecarios2024-1.jpg\",\"datePublished\":\"2026-04-28T11:21:07+00:00\",\"dateModified\":\"2026-04-28T12:14:53+00:00\",\"breadcrumb\":{\"@id\":\"https:\\\/\\\/diariotextual.com\\\/inicio\\\/index.php\\\/2026\\\/04\\\/28\\\/sturzenegger-confirmo-que-enviara-la-desregulacion-inmobiliaria-al-congreso-dice-que-bajaran-los-costos-en-la-compraventa\\\/#breadcrumb\"},\"inLanguage\":\"es\",\"potentialAction\":[{\"@type\":\"ReadAction\",\"target\":[\"https:\\\/\\\/diariotextual.com\\\/inicio\\\/index.php\\\/2026\\\/04\\\/28\\\/sturzenegger-confirmo-que-enviara-la-desregulacion-inmobiliaria-al-congreso-dice-que-bajaran-los-costos-en-la-compraventa\\\/\"]}]},{\"@type\":\"ImageObject\",\"inLanguage\":\"es\",\"@id\":\"https:\\\/\\\/diariotextual.com\\\/inicio\\\/index.php\\\/2026\\\/04\\\/28\\\/sturzenegger-confirmo-que-enviara-la-desregulacion-inmobiliaria-al-congreso-dice-que-bajaran-los-costos-en-la-compraventa\\\/#primaryimage\",\"url\":\"https:\\\/\\\/diariotextual.com\\\/inicio\\\/wp-content\\\/uploads\\\/2024\\\/05\\\/casascreditoshipotecarios2024-1.jpg\",\"contentUrl\":\"https:\\\/\\\/diariotextual.com\\\/inicio\\\/wp-content\\\/uploads\\\/2024\\\/05\\\/casascreditoshipotecarios2024-1.jpg\",\"width\":865,\"height\":558},{\"@type\":\"BreadcrumbList\",\"@id\":\"https:\\\/\\\/diariotextual.com\\\/inicio\\\/index.php\\\/2026\\\/04\\\/28\\\/sturzenegger-confirmo-que-enviara-la-desregulacion-inmobiliaria-al-congreso-dice-que-bajaran-los-costos-en-la-compraventa\\\/#breadcrumb\",\"itemListElement\":[{\"@type\":\"ListItem\",\"position\":1,\"name\":\"Portada\",\"item\":\"https:\\\/\\\/diariotextual.com\\\/inicio\\\/\"},{\"@type\":\"ListItem\",\"position\":2,\"name\":\"Sturzenegger confirm\u00f3 que enviar\u00e1 la desregulaci\u00f3n inmobiliaria al Congreso: dice que bajar\u00e1n los costos en la compraventa\"}]},{\"@type\":\"WebSite\",\"@id\":\"https:\\\/\\\/diariotextual.com\\\/inicio\\\/#website\",\"url\":\"https:\\\/\\\/diariotextual.com\\\/inicio\\\/\",\"name\":\"Diario Textual\",\"description\":\"\",\"publisher\":{\"@id\":\"https:\\\/\\\/diariotextual.com\\\/inicio\\\/#organization\"},\"potentialAction\":[{\"@type\":\"SearchAction\",\"target\":{\"@type\":\"EntryPoint\",\"urlTemplate\":\"https:\\\/\\\/diariotextual.com\\\/inicio\\\/?s={search_term_string}\"},\"query-input\":{\"@type\":\"PropertyValueSpecification\",\"valueRequired\":true,\"valueName\":\"search_term_string\"}}],\"inLanguage\":\"es\"},{\"@type\":\"Organization\",\"@id\":\"https:\\\/\\\/diariotextual.com\\\/inicio\\\/#organization\",\"name\":\"Diario Textual\",\"url\":\"https:\\\/\\\/diariotextual.com\\\/inicio\\\/\",\"logo\":{\"@type\":\"ImageObject\",\"inLanguage\":\"es\",\"@id\":\"https:\\\/\\\/diariotextual.com\\\/inicio\\\/#\\\/schema\\\/logo\\\/image\\\/\",\"url\":\"https:\\\/\\\/diariotextual.com\\\/inicio\\\/wp-content\\\/uploads\\\/2023\\\/05\\\/logotextual1.jpg\",\"contentUrl\":\"https:\\\/\\\/diariotextual.com\\\/inicio\\\/wp-content\\\/uploads\\\/2023\\\/05\\\/logotextual1.jpg\",\"width\":516,\"height\":76,\"caption\":\"Diario Textual\"},\"image\":{\"@id\":\"https:\\\/\\\/diariotextual.com\\\/inicio\\\/#\\\/schema\\\/logo\\\/image\\\/\"},\"sameAs\":[\"https:\\\/\\\/www.facebook.com\\\/eltextual\",\"https:\\\/\\\/x.com\\\/eltextual\",\"http:\\\/\\\/www.instagram.com\\\/eltextual\"]},{\"@type\":\"Person\",\"@id\":\"https:\\\/\\\/diariotextual.com\\\/inicio\\\/#\\\/schema\\\/person\\\/418fc4093c33e86ed41562db3508f958\",\"name\":\"Diario1 Diario1\",\"image\":{\"@type\":\"ImageObject\",\"inLanguage\":\"es\",\"@id\":\"https:\\\/\\\/secure.gravatar.com\\\/avatar\\\/9167d280179c85bc18be67aa7eda765854300033af4896dd779b608640f2ef7a?s=96&d=mm&r=g\",\"url\":\"https:\\\/\\\/secure.gravatar.com\\\/avatar\\\/9167d280179c85bc18be67aa7eda765854300033af4896dd779b608640f2ef7a?s=96&d=mm&r=g\",\"contentUrl\":\"https:\\\/\\\/secure.gravatar.com\\\/avatar\\\/9167d280179c85bc18be67aa7eda765854300033af4896dd779b608640f2ef7a?s=96&d=mm&r=g\",\"caption\":\"Diario1 Diario1\"},\"url\":\"https:\\\/\\\/diariotextual.com\\\/inicio\\\/index.php\\\/author\\\/diario1\\\/\"}]}<\/script>\n<!-- \/ Yoast SEO plugin. -->","yoast_head_json":{"title":"Sturzenegger confirm\u00f3 que enviar\u00e1 la desregulaci\u00f3n inmobiliaria al Congreso: dice que bajar\u00e1n los costos en la compraventa - Diario Textual","robots":{"index":"index","follow":"follow","max-snippet":"max-snippet:-1","max-image-preview":"max-image-preview:large","max-video-preview":"max-video-preview:-1"},"canonical":"https:\/\/diariotextual.com\/inicio\/index.php\/2026\/04\/28\/sturzenegger-confirmo-que-enviara-la-desregulacion-inmobiliaria-al-congreso-dice-que-bajaran-los-costos-en-la-compraventa\/","og_locale":"es_ES","og_type":"article","og_title":"Sturzenegger confirm\u00f3 que enviar\u00e1 la desregulaci\u00f3n inmobiliaria al Congreso: dice que bajar\u00e1n los costos en la compraventa - Diario Textual","og_description":"El ministro de Desregulaci\u00f3n y Transformaci\u00f3n del Estado, Federico Sturzenegger, adelant\u00f3 que el Gobierno liderado por Javier Milei enviar\u00e1 en junio un paquete de desregulaci\u00f3n inmobiliaria al Congreso con el&hellip;","og_url":"https:\/\/diariotextual.com\/inicio\/index.php\/2026\/04\/28\/sturzenegger-confirmo-que-enviara-la-desregulacion-inmobiliaria-al-congreso-dice-que-bajaran-los-costos-en-la-compraventa\/","og_site_name":"Diario Textual","article_publisher":"https:\/\/www.facebook.com\/eltextual","article_published_time":"2026-04-28T11:21:07+00:00","article_modified_time":"2026-04-28T12:14:53+00:00","og_image":[{"width":865,"height":558,"url":"https:\/\/diariotextual.com\/inicio\/wp-content\/uploads\/2024\/05\/casascreditoshipotecarios2024-1.jpg","type":"image\/jpeg"}],"author":"Diario1 Diario1","twitter_card":"summary_large_image","twitter_creator":"@eltextual","twitter_site":"@eltextual","twitter_misc":{"Escrito por":"Diario1 Diario1","Tiempo de lectura":"3 minutos"},"schema":{"@context":"https:\/\/schema.org","@graph":[{"@type":"Article","@id":"https:\/\/diariotextual.com\/inicio\/index.php\/2026\/04\/28\/sturzenegger-confirmo-que-enviara-la-desregulacion-inmobiliaria-al-congreso-dice-que-bajaran-los-costos-en-la-compraventa\/#article","isPartOf":{"@id":"https:\/\/diariotextual.com\/inicio\/index.php\/2026\/04\/28\/sturzenegger-confirmo-que-enviara-la-desregulacion-inmobiliaria-al-congreso-dice-que-bajaran-los-costos-en-la-compraventa\/"},"author":{"name":"Diario1 Diario1","@id":"https:\/\/diariotextual.com\/inicio\/#\/schema\/person\/418fc4093c33e86ed41562db3508f958"},"headline":"Sturzenegger confirm\u00f3 que enviar\u00e1 la desregulaci\u00f3n inmobiliaria al Congreso: dice que bajar\u00e1n los costos en la compraventa","datePublished":"2026-04-28T11:21:07+00:00","dateModified":"2026-04-28T12:14:53+00:00","mainEntityOfPage":{"@id":"https:\/\/diariotextual.com\/inicio\/index.php\/2026\/04\/28\/sturzenegger-confirmo-que-enviara-la-desregulacion-inmobiliaria-al-congreso-dice-que-bajaran-los-costos-en-la-compraventa\/"},"wordCount":631,"publisher":{"@id":"https:\/\/diariotextual.com\/inicio\/#organization"},"image":{"@id":"https:\/\/diariotextual.com\/inicio\/index.php\/2026\/04\/28\/sturzenegger-confirmo-que-enviara-la-desregulacion-inmobiliaria-al-congreso-dice-que-bajaran-los-costos-en-la-compraventa\/#primaryimage"},"thumbnailUrl":"https:\/\/diariotextual.com\/inicio\/wp-content\/uploads\/2024\/05\/casascreditoshipotecarios2024-1.jpg","articleSection":["A - ES NOTICIA (van abajo)","SOCIEDAD"],"inLanguage":"es"},{"@type":"WebPage","@id":"https:\/\/diariotextual.com\/inicio\/index.php\/2026\/04\/28\/sturzenegger-confirmo-que-enviara-la-desregulacion-inmobiliaria-al-congreso-dice-que-bajaran-los-costos-en-la-compraventa\/","url":"https:\/\/diariotextual.com\/inicio\/index.php\/2026\/04\/28\/sturzenegger-confirmo-que-enviara-la-desregulacion-inmobiliaria-al-congreso-dice-que-bajaran-los-costos-en-la-compraventa\/","name":"Sturzenegger confirm\u00f3 que enviar\u00e1 la desregulaci\u00f3n inmobiliaria al Congreso: dice que bajar\u00e1n los costos en la compraventa - Diario Textual","isPartOf":{"@id":"https:\/\/diariotextual.com\/inicio\/#website"},"primaryImageOfPage":{"@id":"https:\/\/diariotextual.com\/inicio\/index.php\/2026\/04\/28\/sturzenegger-confirmo-que-enviara-la-desregulacion-inmobiliaria-al-congreso-dice-que-bajaran-los-costos-en-la-compraventa\/#primaryimage"},"image":{"@id":"https:\/\/diariotextual.com\/inicio\/index.php\/2026\/04\/28\/sturzenegger-confirmo-que-enviara-la-desregulacion-inmobiliaria-al-congreso-dice-que-bajaran-los-costos-en-la-compraventa\/#primaryimage"},"thumbnailUrl":"https:\/\/diariotextual.com\/inicio\/wp-content\/uploads\/2024\/05\/casascreditoshipotecarios2024-1.jpg","datePublished":"2026-04-28T11:21:07+00:00","dateModified":"2026-04-28T12:14:53+00:00","breadcrumb":{"@id":"https:\/\/diariotextual.com\/inicio\/index.php\/2026\/04\/28\/sturzenegger-confirmo-que-enviara-la-desregulacion-inmobiliaria-al-congreso-dice-que-bajaran-los-costos-en-la-compraventa\/#breadcrumb"},"inLanguage":"es","potentialAction":[{"@type":"ReadAction","target":["https:\/\/diariotextual.com\/inicio\/index.php\/2026\/04\/28\/sturzenegger-confirmo-que-enviara-la-desregulacion-inmobiliaria-al-congreso-dice-que-bajaran-los-costos-en-la-compraventa\/"]}]},{"@type":"ImageObject","inLanguage":"es","@id":"https:\/\/diariotextual.com\/inicio\/index.php\/2026\/04\/28\/sturzenegger-confirmo-que-enviara-la-desregulacion-inmobiliaria-al-congreso-dice-que-bajaran-los-costos-en-la-compraventa\/#primaryimage","url":"https:\/\/diariotextual.com\/inicio\/wp-content\/uploads\/2024\/05\/casascreditoshipotecarios2024-1.jpg","contentUrl":"https:\/\/diariotextual.com\/inicio\/wp-content\/uploads\/2024\/05\/casascreditoshipotecarios2024-1.jpg","width":865,"height":558},{"@type":"BreadcrumbList","@id":"https:\/\/diariotextual.com\/inicio\/index.php\/2026\/04\/28\/sturzenegger-confirmo-que-enviara-la-desregulacion-inmobiliaria-al-congreso-dice-que-bajaran-los-costos-en-la-compraventa\/#breadcrumb","itemListElement":[{"@type":"ListItem","position":1,"name":"Portada","item":"https:\/\/diariotextual.com\/inicio\/"},{"@type":"ListItem","position":2,"name":"Sturzenegger confirm\u00f3 que enviar\u00e1 la desregulaci\u00f3n inmobiliaria al Congreso: dice que bajar\u00e1n los costos en la compraventa"}]},{"@type":"WebSite","@id":"https:\/\/diariotextual.com\/inicio\/#website","url":"https:\/\/diariotextual.com\/inicio\/","name":"Diario Textual","description":"","publisher":{"@id":"https:\/\/diariotextual.com\/inicio\/#organization"},"potentialAction":[{"@type":"SearchAction","target":{"@type":"EntryPoint","urlTemplate":"https:\/\/diariotextual.com\/inicio\/?s={search_term_string}"},"query-input":{"@type":"PropertyValueSpecification","valueRequired":true,"valueName":"search_term_string"}}],"inLanguage":"es"},{"@type":"Organization","@id":"https:\/\/diariotextual.com\/inicio\/#organization","name":"Diario Textual","url":"https:\/\/diariotextual.com\/inicio\/","logo":{"@type":"ImageObject","inLanguage":"es","@id":"https:\/\/diariotextual.com\/inicio\/#\/schema\/logo\/image\/","url":"https:\/\/diariotextual.com\/inicio\/wp-content\/uploads\/2023\/05\/logotextual1.jpg","contentUrl":"https:\/\/diariotextual.com\/inicio\/wp-content\/uploads\/2023\/05\/logotextual1.jpg","width":516,"height":76,"caption":"Diario Textual"},"image":{"@id":"https:\/\/diariotextual.com\/inicio\/#\/schema\/logo\/image\/"},"sameAs":["https:\/\/www.facebook.com\/eltextual","https:\/\/x.com\/eltextual","http:\/\/www.instagram.com\/eltextual"]},{"@type":"Person","@id":"https:\/\/diariotextual.com\/inicio\/#\/schema\/person\/418fc4093c33e86ed41562db3508f958","name":"Diario1 Diario1","image":{"@type":"ImageObject","inLanguage":"es","@id":"https:\/\/secure.gravatar.com\/avatar\/9167d280179c85bc18be67aa7eda765854300033af4896dd779b608640f2ef7a?s=96&d=mm&r=g","url":"https:\/\/secure.gravatar.com\/avatar\/9167d280179c85bc18be67aa7eda765854300033af4896dd779b608640f2ef7a?s=96&d=mm&r=g","contentUrl":"https:\/\/secure.gravatar.com\/avatar\/9167d280179c85bc18be67aa7eda765854300033af4896dd779b608640f2ef7a?s=96&d=mm&r=g","caption":"Diario1 Diario1"},"url":"https:\/\/diariotextual.com\/inicio\/index.php\/author\/diario1\/"}]}},"_links":{"self":[{"href":"https:\/\/diariotextual.com\/inicio\/index.php\/wp-json\/wp\/v2\/posts\/325842","targetHints":{"allow":["GET"]}}],"collection":[{"href":"https:\/\/diariotextual.com\/inicio\/index.php\/wp-json\/wp\/v2\/posts"}],"about":[{"href":"https:\/\/diariotextual.com\/inicio\/index.php\/wp-json\/wp\/v2\/types\/post"}],"author":[{"embeddable":true,"href":"https:\/\/diariotextual.com\/inicio\/index.php\/wp-json\/wp\/v2\/users\/3"}],"replies":[{"embeddable":true,"href":"https:\/\/diariotextual.com\/inicio\/index.php\/wp-json\/wp\/v2\/comments?post=325842"}],"version-history":[{"count":2,"href":"https:\/\/diariotextual.com\/inicio\/index.php\/wp-json\/wp\/v2\/posts\/325842\/revisions"}],"predecessor-version":[{"id":325844,"href":"https:\/\/diariotextual.com\/inicio\/index.php\/wp-json\/wp\/v2\/posts\/325842\/revisions\/325844"}],"wp:featuredmedia":[{"embeddable":true,"href":"https:\/\/diariotextual.com\/inicio\/index.php\/wp-json\/wp\/v2\/media\/262607"}],"wp:attachment":[{"href":"https:\/\/diariotextual.com\/inicio\/index.php\/wp-json\/wp\/v2\/media?parent=325842"}],"wp:term":[{"taxonomy":"category","embeddable":true,"href":"https:\/\/diariotextual.com\/inicio\/index.php\/wp-json\/wp\/v2\/categories?post=325842"},{"taxonomy":"post_tag","embeddable":true,"href":"https:\/\/diariotextual.com\/inicio\/index.php\/wp-json\/wp\/v2\/tags?post=325842"}],"curies":[{"name":"wp","href":"https:\/\/api.w.org\/{rel}","templated":true}]}}