{"id":325847,"date":"2026-04-28T09:12:41","date_gmt":"2026-04-28T12:12:41","guid":{"rendered":"https:\/\/diariotextual.com\/inicio\/?p=325847"},"modified":"2026-04-29T16:43:44","modified_gmt":"2026-04-29T19:43:44","slug":"gobbi-dijo-que-el-caudal-del-rio-quinto-bajo-la-situacion-nunca-se-desmadro","status":"publish","type":"post","link":"https:\/\/diariotextual.com\/inicio\/index.php\/2026\/04\/28\/gobbi-dijo-que-el-caudal-del-rio-quinto-bajo-la-situacion-nunca-se-desmadro\/","title":{"rendered":"Gobbi dijo que baj\u00f3 el caudal del r\u00edo Quinto: \u201cLa situaci\u00f3n nunca se desmadr\u00f3\u201d"},"content":{"rendered":"\n<p>El secretario de Recursos H\u00eddricos de La Pampa,<strong> Jos\u00e9 Gobbi<\/strong>, asegur\u00f3 a Diario Textual que el caudal del <strong>r\u00edo Quinto<\/strong> comenz\u00f3 a descender en los \u00faltimos d\u00edas y remarc\u00f3 que <strong>no hubo riesgo cr\u00edtico<\/strong>, ya que se actu\u00f3 de manera preventiva ante el aumento de agua. <strong>\u201cLa situaci\u00f3n nunca se desmadr\u00f3\u201d<\/strong>, dijo. Aconsej\u00f3 a los productores de la zona noreste hacer <strong>rotaci\u00f3n de cultivos<\/strong> para facilitar la infiltraci\u00f3n de agua.<\/p>\n\n\n\n<p>El Quinto es un r\u00edo de llanura, que se alimenta principalmente de lluvias. \u201cEl r\u00edo empez\u00f3 a bajar en C\u00f3rdoba y San Luis. Est\u00e1n erogando menos. En El Cha\u00f1ar, un embalse a 150 kil\u00f3metros del l\u00edmite de C\u00f3rdoba con La Pampa, estaban erogando 10 metros c\u00fabicos por segundo y ahora bajaron\u201d, explic\u00f3 el funcionario.<\/p>\n\n\n\n<p>Gobbi indic\u00f3 que la <strong><a href=\"https:\/\/diariotextual.com\/inicio\/index.php\/2026\/04\/18\/la-pampa-y-buenos-aires-avanzan-con-un-plan-conjunto-para-mejorar-el-escurrimiento-hidrico-en-el-meridiano-v\/\" target=\"_blank\" rel=\"noreferrer noopener\">intervenci\u00f3n realizada en el meridiano V<\/a><\/strong> -la l\u00ednea que divide a La Pampa de Buenos Aires- dio resultados y permiti\u00f3 reducir el nivel del agua del lado pampeano. \u201cLa situaci\u00f3n donde pusimos los dos ca\u00f1os adicionales en el Quinto baj\u00f3 significativamente\u201d, sostuvo.<\/p>\n\n\n\n<p>Adem\u00e1s, llev\u00f3 tranquilidad sobre el escenario general. \u201cEn ning\u00fan momento estuvo comprometido. Se actu\u00f3 en forma preventiva\u201d, afirm\u00f3.<\/p>\n\n\n\n<div style=\"height:100px\" aria-hidden=\"true\" class=\"wp-block-spacer\"><\/div>\n\n\n\n<p><strong>\u201cUn r\u00edo de bajo caudal\u201d<\/strong><\/p>\n\n\n\n<p>El funcionario describi\u00f3 el comportamiento del r\u00edo Quinto y explic\u00f3 por qu\u00e9 se producen este tipo de situaciones. \u201cEs un r\u00edo de llanura, de bajo caudal, que la mayor parte del tiempo est\u00e1 en 2 o 3 metros c\u00fabicos por segundo. Cuando se combinan precipitaciones abundantes con embalses llenos, tienen que erogar por seguridad y cualquier aumento hace que el agua se desborde, pero nada extraordinario. Puede inundar campos, pero nada m\u00e1s\u201d, detall\u00f3.<\/p>\n\n\n\n<p>Tambi\u00e9n explic\u00f3 que el problema se agravaba por la propia infraestructura vial. \u201cEl camino en el meridiano V est\u00e1 m\u00e1s elevado y funciona como un embalse natural cuando aumenta el caudal. Eso hizo que el agua del lado pampeano empezara a subir. El riesgo era que se cortara el camino y que esa masa de agua inundara todo. Por eso colocamos ca\u00f1os\u201d, se\u00f1al\u00f3.<\/p>\n\n\n\n<p>Seg\u00fan indic\u00f3, esa obra permiti\u00f3 normalizar la situaci\u00f3n. \u201cEso hizo que el agua baje y el riesgo de corte del camino desapareci\u00f3\u201d, afirm\u00f3.<\/p>\n\n\n\n<div style=\"height:100px\" aria-hidden=\"true\" class=\"wp-block-spacer\"><\/div>\n\n\n\n<p><strong>Impacto \u201cacotado\u201d<\/strong><\/p>\n\n\n\n<p>Gobbi aclar\u00f3 que el impacto del r\u00edo es limitado y que las inundaciones en la provincia responden a un fen\u00f3meno m\u00e1s amplio. \u201cLa influencia del r\u00edo Quinto es acotada. Hacia el oeste hay una cuenca arreica, sin r\u00edo ni salida al mar, que va desde Rancul hasta Quem\u00fa. Esa es el \u00e1rea que se inunda cuando hay exceso h\u00eddrico\u201d, explic\u00f3. \u201cCuando aumentan las precipitaciones no solo sube el r\u00edo, sino que tambi\u00e9n se satura el suelo en toda la regi\u00f3n. Ah\u00ed entramos en un per\u00edodo de inundaci\u00f3n\u201d, dijo.<\/p>\n\n\n\n<div style=\"height:100px\" aria-hidden=\"true\" class=\"wp-block-spacer\"><\/div>\n\n\n\n<p><strong>Obra de los Danses y rotaci\u00f3n de cultivos<\/strong><\/p>\n\n\n\n<p>Valor\u00f3 la llamada Obra de los Daneses para mitigar las inundaciones en la zona noreste de la provincia. \u201cEsa obra es como una gran palangana que tiene una capacidad determinada para recibir agua. Lo que hace esta obra es aliviar el exceso de agua, pero no es que no te vas a inundar\u201d, explic\u00f3.<\/p>\n\n\n\n<p>Advirti\u00f3 que en la provincia se combinan per\u00edodos secos con inundaciones y ante ello hizo un llamado a los productores: \u201cTienen que prepararse, hacer rotaci\u00f3n de cultivos para facilitar la infiltraci\u00f3n de agua. Lo que no deben hacer son canales ilegales. En un escenario de inundaci\u00f3n no vale el s\u00e1lvese quien pueda. No pasa por tirarle el agua al vecino\u201d, dijo.<\/p>\n\n\n\n<p>\u201cVivimos en un lugar de sequ\u00edas e inundaciones y no se puede cambiar esas oscilaciones, por eso nos debemos preparar para adaptarnos\u201d, concluy\u00f3. <\/p>\n\n\n\n<p>Este trabajo fue proyectado hace tres d\u00e9cadas por el<strong> Instituto Dan\u00e9s de Hidr\u00e1ulica. <\/strong>Se trata de una serie de canalizaciones en todo el noroeste pampeano para llevar el agua excedente a una zona de depresi\u00f3n entre Quem\u00fa y Tril\u00ed.<\/p>\n\n\n\n<p>Ten\u00eda previstos tres reservorios, pero se hicieron dos: el de\u00a0<strong>Los Cerritos<\/strong>\u00a0y e<strong>l del Bajo de B\u00e1rbulo<\/strong>. Ambos, adem\u00e1s de la obra, requirieron una gran erogaci\u00f3n de dinero para expropiar los campos.<\/p>\n\n\n\n<p><strong>El tercer reservorio estaba previsto que se hiciera en proximidades de Tril\u00ed<\/strong>, es decir, al noroeste de Quem\u00fa. Pero en medio de las inundaciones de 2017,\u00a0<strong>el entonces gobernador Carlos Verna puso el freno de mano<\/strong>: dijo que, seg\u00fan lo que hab\u00edan determinado, si se hac\u00edan esas obras iban a poner en riesgo al pueblo de Quem\u00fa y a la ruta 1, a ra\u00edz de que iban a subir fuertemente las napas.<\/p>\n\n\n\n<p>Por eso anunci\u00f3 que, en vez de ese tercer reservorio, se iba a realizar una canalizaci\u00f3n desde la laguna de Cobreros hacia el Meridiano V. Esa obra nunca avanz\u00f3 porque se requerir\u00eda el acuerdo de la provincia de Buenos Aires para derivar el agua a la zona del pueblo de Pellegrini.<\/p>\n\n\n\n<p><\/p>\n","protected":false},"excerpt":{"rendered":"<p>El secretario de Recursos H\u00eddricos de La Pampa, Jos\u00e9 Gobbi, asegur\u00f3 a Diario Textual que el caudal del r\u00edo Quinto comenz\u00f3 a descender en los \u00faltimos d\u00edas y remarc\u00f3 que&hellip;<\/p>\n","protected":false},"author":7,"featured_media":325217,"comment_status":"closed","ping_status":"open","sticky":false,"template":"","format":"standard","meta":{"_acf_changed":false,"footnotes":""},"categories":[11,12],"tags":[],"class_list":["post-325847","post","type-post","status-publish","format-standard","has-post-thumbnail","hentry","category-que-pasa","category-sociedad"],"acf":[],"yoast_head":"<!-- This site is optimized with the Yoast SEO plugin v27.5 - https:\/\/yoast.com\/product\/yoast-seo-wordpress\/ -->\n<title>Gobbi dijo que baj\u00f3 el caudal del r\u00edo Quinto: \u201cLa situaci\u00f3n nunca se desmadr\u00f3\u201d - Diario Textual<\/title>\n<meta name=\"robots\" content=\"index, follow, max-snippet:-1, max-image-preview:large, max-video-preview:-1\" \/>\n<link rel=\"canonical\" href=\"https:\/\/diariotextual.com\/inicio\/index.php\/2026\/04\/28\/gobbi-dijo-que-el-caudal-del-rio-quinto-bajo-la-situacion-nunca-se-desmadro\/\" \/>\n<meta property=\"og:locale\" content=\"es_ES\" \/>\n<meta property=\"og:type\" content=\"article\" \/>\n<meta property=\"og:title\" content=\"Gobbi dijo que baj\u00f3 el caudal del r\u00edo Quinto: \u201cLa situaci\u00f3n nunca se desmadr\u00f3\u201d - Diario Textual\" \/>\n<meta property=\"og:description\" content=\"El secretario de Recursos H\u00eddricos de La Pampa, Jos\u00e9 Gobbi, asegur\u00f3 a Diario Textual que el caudal del r\u00edo Quinto comenz\u00f3 a descender en los \u00faltimos d\u00edas y remarc\u00f3 que&hellip;\" \/>\n<meta property=\"og:url\" content=\"https:\/\/diariotextual.com\/inicio\/index.php\/2026\/04\/28\/gobbi-dijo-que-el-caudal-del-rio-quinto-bajo-la-situacion-nunca-se-desmadro\/\" \/>\n<meta property=\"og:site_name\" content=\"Diario Textual\" \/>\n<meta property=\"article:publisher\" content=\"https:\/\/www.facebook.com\/eltextual\" \/>\n<meta property=\"article:published_time\" content=\"2026-04-28T12:12:41+00:00\" \/>\n<meta property=\"article:modified_time\" content=\"2026-04-29T19:43:44+00:00\" \/>\n<meta property=\"og:image\" content=\"https:\/\/diariotextual.com\/inicio\/wp-content\/uploads\/2026\/04\/rioquintomeridianovriov-2026-3.jpg\" \/>\n\t<meta property=\"og:image:width\" content=\"1300\" \/>\n\t<meta property=\"og:image:height\" content=\"731\" \/>\n\t<meta property=\"og:image:type\" content=\"image\/jpeg\" \/>\n<meta name=\"author\" content=\"diario5\" \/>\n<meta name=\"twitter:card\" content=\"summary_large_image\" \/>\n<meta name=\"twitter:creator\" content=\"@eltextual\" \/>\n<meta name=\"twitter:site\" content=\"@eltextual\" \/>\n<meta name=\"twitter:label1\" content=\"Escrito por\" \/>\n\t<meta name=\"twitter:data1\" content=\"diario5\" \/>\n\t<meta name=\"twitter:label2\" content=\"Tiempo de lectura\" \/>\n\t<meta name=\"twitter:data2\" content=\"4 minutos\" \/>\n<script type=\"application\/ld+json\" class=\"yoast-schema-graph\">{\"@context\":\"https:\\\/\\\/schema.org\",\"@graph\":[{\"@type\":\"Article\",\"@id\":\"https:\\\/\\\/diariotextual.com\\\/inicio\\\/index.php\\\/2026\\\/04\\\/28\\\/gobbi-dijo-que-el-caudal-del-rio-quinto-bajo-la-situacion-nunca-se-desmadro\\\/#article\",\"isPartOf\":{\"@id\":\"https:\\\/\\\/diariotextual.com\\\/inicio\\\/index.php\\\/2026\\\/04\\\/28\\\/gobbi-dijo-que-el-caudal-del-rio-quinto-bajo-la-situacion-nunca-se-desmadro\\\/\"},\"author\":{\"name\":\"diario5\",\"@id\":\"https:\\\/\\\/diariotextual.com\\\/inicio\\\/#\\\/schema\\\/person\\\/c7834961ad8b29b1d9cdbf4571299067\"},\"headline\":\"Gobbi dijo que baj\u00f3 el caudal del r\u00edo Quinto: \u201cLa situaci\u00f3n nunca se desmadr\u00f3\u201d\",\"datePublished\":\"2026-04-28T12:12:41+00:00\",\"dateModified\":\"2026-04-29T19:43:44+00:00\",\"mainEntityOfPage\":{\"@id\":\"https:\\\/\\\/diariotextual.com\\\/inicio\\\/index.php\\\/2026\\\/04\\\/28\\\/gobbi-dijo-que-el-caudal-del-rio-quinto-bajo-la-situacion-nunca-se-desmadro\\\/\"},\"wordCount\":858,\"publisher\":{\"@id\":\"https:\\\/\\\/diariotextual.com\\\/inicio\\\/#organization\"},\"image\":{\"@id\":\"https:\\\/\\\/diariotextual.com\\\/inicio\\\/index.php\\\/2026\\\/04\\\/28\\\/gobbi-dijo-que-el-caudal-del-rio-quinto-bajo-la-situacion-nunca-se-desmadro\\\/#primaryimage\"},\"thumbnailUrl\":\"https:\\\/\\\/diariotextual.com\\\/inicio\\\/wp-content\\\/uploads\\\/2026\\\/04\\\/rioquintomeridianovriov-2026-3.jpg\",\"articleSection\":[\"A - QUE PASA (al costado)\",\"SOCIEDAD\"],\"inLanguage\":\"es\"},{\"@type\":\"WebPage\",\"@id\":\"https:\\\/\\\/diariotextual.com\\\/inicio\\\/index.php\\\/2026\\\/04\\\/28\\\/gobbi-dijo-que-el-caudal-del-rio-quinto-bajo-la-situacion-nunca-se-desmadro\\\/\",\"url\":\"https:\\\/\\\/diariotextual.com\\\/inicio\\\/index.php\\\/2026\\\/04\\\/28\\\/gobbi-dijo-que-el-caudal-del-rio-quinto-bajo-la-situacion-nunca-se-desmadro\\\/\",\"name\":\"Gobbi dijo que baj\u00f3 el caudal del r\u00edo Quinto: \u201cLa situaci\u00f3n nunca se desmadr\u00f3\u201d - Diario Textual\",\"isPartOf\":{\"@id\":\"https:\\\/\\\/diariotextual.com\\\/inicio\\\/#website\"},\"primaryImageOfPage\":{\"@id\":\"https:\\\/\\\/diariotextual.com\\\/inicio\\\/index.php\\\/2026\\\/04\\\/28\\\/gobbi-dijo-que-el-caudal-del-rio-quinto-bajo-la-situacion-nunca-se-desmadro\\\/#primaryimage\"},\"image\":{\"@id\":\"https:\\\/\\\/diariotextual.com\\\/inicio\\\/index.php\\\/2026\\\/04\\\/28\\\/gobbi-dijo-que-el-caudal-del-rio-quinto-bajo-la-situacion-nunca-se-desmadro\\\/#primaryimage\"},\"thumbnailUrl\":\"https:\\\/\\\/diariotextual.com\\\/inicio\\\/wp-content\\\/uploads\\\/2026\\\/04\\\/rioquintomeridianovriov-2026-3.jpg\",\"datePublished\":\"2026-04-28T12:12:41+00:00\",\"dateModified\":\"2026-04-29T19:43:44+00:00\",\"breadcrumb\":{\"@id\":\"https:\\\/\\\/diariotextual.com\\\/inicio\\\/index.php\\\/2026\\\/04\\\/28\\\/gobbi-dijo-que-el-caudal-del-rio-quinto-bajo-la-situacion-nunca-se-desmadro\\\/#breadcrumb\"},\"inLanguage\":\"es\",\"potentialAction\":[{\"@type\":\"ReadAction\",\"target\":[\"https:\\\/\\\/diariotextual.com\\\/inicio\\\/index.php\\\/2026\\\/04\\\/28\\\/gobbi-dijo-que-el-caudal-del-rio-quinto-bajo-la-situacion-nunca-se-desmadro\\\/\"]}]},{\"@type\":\"ImageObject\",\"inLanguage\":\"es\",\"@id\":\"https:\\\/\\\/diariotextual.com\\\/inicio\\\/index.php\\\/2026\\\/04\\\/28\\\/gobbi-dijo-que-el-caudal-del-rio-quinto-bajo-la-situacion-nunca-se-desmadro\\\/#primaryimage\",\"url\":\"https:\\\/\\\/diariotextual.com\\\/inicio\\\/wp-content\\\/uploads\\\/2026\\\/04\\\/rioquintomeridianovriov-2026-3.jpg\",\"contentUrl\":\"https:\\\/\\\/diariotextual.com\\\/inicio\\\/wp-content\\\/uploads\\\/2026\\\/04\\\/rioquintomeridianovriov-2026-3.jpg\",\"width\":1300,\"height\":731},{\"@type\":\"BreadcrumbList\",\"@id\":\"https:\\\/\\\/diariotextual.com\\\/inicio\\\/index.php\\\/2026\\\/04\\\/28\\\/gobbi-dijo-que-el-caudal-del-rio-quinto-bajo-la-situacion-nunca-se-desmadro\\\/#breadcrumb\",\"itemListElement\":[{\"@type\":\"ListItem\",\"position\":1,\"name\":\"Portada\",\"item\":\"https:\\\/\\\/diariotextual.com\\\/inicio\\\/\"},{\"@type\":\"ListItem\",\"position\":2,\"name\":\"Gobbi dijo que baj\u00f3 el caudal del r\u00edo Quinto: \u201cLa situaci\u00f3n nunca se desmadr\u00f3\u201d\"}]},{\"@type\":\"WebSite\",\"@id\":\"https:\\\/\\\/diariotextual.com\\\/inicio\\\/#website\",\"url\":\"https:\\\/\\\/diariotextual.com\\\/inicio\\\/\",\"name\":\"Diario Textual\",\"description\":\"\",\"publisher\":{\"@id\":\"https:\\\/\\\/diariotextual.com\\\/inicio\\\/#organization\"},\"potentialAction\":[{\"@type\":\"SearchAction\",\"target\":{\"@type\":\"EntryPoint\",\"urlTemplate\":\"https:\\\/\\\/diariotextual.com\\\/inicio\\\/?s={search_term_string}\"},\"query-input\":{\"@type\":\"PropertyValueSpecification\",\"valueRequired\":true,\"valueName\":\"search_term_string\"}}],\"inLanguage\":\"es\"},{\"@type\":\"Organization\",\"@id\":\"https:\\\/\\\/diariotextual.com\\\/inicio\\\/#organization\",\"name\":\"Diario Textual\",\"url\":\"https:\\\/\\\/diariotextual.com\\\/inicio\\\/\",\"logo\":{\"@type\":\"ImageObject\",\"inLanguage\":\"es\",\"@id\":\"https:\\\/\\\/diariotextual.com\\\/inicio\\\/#\\\/schema\\\/logo\\\/image\\\/\",\"url\":\"https:\\\/\\\/diariotextual.com\\\/inicio\\\/wp-content\\\/uploads\\\/2023\\\/05\\\/logotextual1.jpg\",\"contentUrl\":\"https:\\\/\\\/diariotextual.com\\\/inicio\\\/wp-content\\\/uploads\\\/2023\\\/05\\\/logotextual1.jpg\",\"width\":516,\"height\":76,\"caption\":\"Diario Textual\"},\"image\":{\"@id\":\"https:\\\/\\\/diariotextual.com\\\/inicio\\\/#\\\/schema\\\/logo\\\/image\\\/\"},\"sameAs\":[\"https:\\\/\\\/www.facebook.com\\\/eltextual\",\"https:\\\/\\\/x.com\\\/eltextual\",\"http:\\\/\\\/www.instagram.com\\\/eltextual\"]},{\"@type\":\"Person\",\"@id\":\"https:\\\/\\\/diariotextual.com\\\/inicio\\\/#\\\/schema\\\/person\\\/c7834961ad8b29b1d9cdbf4571299067\",\"name\":\"diario5\",\"image\":{\"@type\":\"ImageObject\",\"inLanguage\":\"es\",\"@id\":\"https:\\\/\\\/secure.gravatar.com\\\/avatar\\\/948c893b847ca6df68216ead81b63f363408ec9b0f600fefc0641ce78613b111?s=96&d=mm&r=g\",\"url\":\"https:\\\/\\\/secure.gravatar.com\\\/avatar\\\/948c893b847ca6df68216ead81b63f363408ec9b0f600fefc0641ce78613b111?s=96&d=mm&r=g\",\"contentUrl\":\"https:\\\/\\\/secure.gravatar.com\\\/avatar\\\/948c893b847ca6df68216ead81b63f363408ec9b0f600fefc0641ce78613b111?s=96&d=mm&r=g\",\"caption\":\"diario5\"},\"url\":\"https:\\\/\\\/diariotextual.com\\\/inicio\\\/index.php\\\/author\\\/diario5\\\/\"}]}<\/script>\n<!-- \/ Yoast SEO plugin. -->","yoast_head_json":{"title":"Gobbi dijo que baj\u00f3 el caudal del r\u00edo Quinto: \u201cLa situaci\u00f3n nunca se desmadr\u00f3\u201d - Diario Textual","robots":{"index":"index","follow":"follow","max-snippet":"max-snippet:-1","max-image-preview":"max-image-preview:large","max-video-preview":"max-video-preview:-1"},"canonical":"https:\/\/diariotextual.com\/inicio\/index.php\/2026\/04\/28\/gobbi-dijo-que-el-caudal-del-rio-quinto-bajo-la-situacion-nunca-se-desmadro\/","og_locale":"es_ES","og_type":"article","og_title":"Gobbi dijo que baj\u00f3 el caudal del r\u00edo Quinto: \u201cLa situaci\u00f3n nunca se desmadr\u00f3\u201d - Diario Textual","og_description":"El secretario de Recursos H\u00eddricos de La Pampa, Jos\u00e9 Gobbi, asegur\u00f3 a Diario Textual que el caudal del r\u00edo Quinto comenz\u00f3 a descender en los \u00faltimos d\u00edas y remarc\u00f3 que&hellip;","og_url":"https:\/\/diariotextual.com\/inicio\/index.php\/2026\/04\/28\/gobbi-dijo-que-el-caudal-del-rio-quinto-bajo-la-situacion-nunca-se-desmadro\/","og_site_name":"Diario Textual","article_publisher":"https:\/\/www.facebook.com\/eltextual","article_published_time":"2026-04-28T12:12:41+00:00","article_modified_time":"2026-04-29T19:43:44+00:00","og_image":[{"width":1300,"height":731,"url":"https:\/\/diariotextual.com\/inicio\/wp-content\/uploads\/2026\/04\/rioquintomeridianovriov-2026-3.jpg","type":"image\/jpeg"}],"author":"diario5","twitter_card":"summary_large_image","twitter_creator":"@eltextual","twitter_site":"@eltextual","twitter_misc":{"Escrito por":"diario5","Tiempo de lectura":"4 minutos"},"schema":{"@context":"https:\/\/schema.org","@graph":[{"@type":"Article","@id":"https:\/\/diariotextual.com\/inicio\/index.php\/2026\/04\/28\/gobbi-dijo-que-el-caudal-del-rio-quinto-bajo-la-situacion-nunca-se-desmadro\/#article","isPartOf":{"@id":"https:\/\/diariotextual.com\/inicio\/index.php\/2026\/04\/28\/gobbi-dijo-que-el-caudal-del-rio-quinto-bajo-la-situacion-nunca-se-desmadro\/"},"author":{"name":"diario5","@id":"https:\/\/diariotextual.com\/inicio\/#\/schema\/person\/c7834961ad8b29b1d9cdbf4571299067"},"headline":"Gobbi dijo que baj\u00f3 el caudal del r\u00edo Quinto: \u201cLa situaci\u00f3n nunca se desmadr\u00f3\u201d","datePublished":"2026-04-28T12:12:41+00:00","dateModified":"2026-04-29T19:43:44+00:00","mainEntityOfPage":{"@id":"https:\/\/diariotextual.com\/inicio\/index.php\/2026\/04\/28\/gobbi-dijo-que-el-caudal-del-rio-quinto-bajo-la-situacion-nunca-se-desmadro\/"},"wordCount":858,"publisher":{"@id":"https:\/\/diariotextual.com\/inicio\/#organization"},"image":{"@id":"https:\/\/diariotextual.com\/inicio\/index.php\/2026\/04\/28\/gobbi-dijo-que-el-caudal-del-rio-quinto-bajo-la-situacion-nunca-se-desmadro\/#primaryimage"},"thumbnailUrl":"https:\/\/diariotextual.com\/inicio\/wp-content\/uploads\/2026\/04\/rioquintomeridianovriov-2026-3.jpg","articleSection":["A - QUE PASA (al costado)","SOCIEDAD"],"inLanguage":"es"},{"@type":"WebPage","@id":"https:\/\/diariotextual.com\/inicio\/index.php\/2026\/04\/28\/gobbi-dijo-que-el-caudal-del-rio-quinto-bajo-la-situacion-nunca-se-desmadro\/","url":"https:\/\/diariotextual.com\/inicio\/index.php\/2026\/04\/28\/gobbi-dijo-que-el-caudal-del-rio-quinto-bajo-la-situacion-nunca-se-desmadro\/","name":"Gobbi dijo que baj\u00f3 el caudal del r\u00edo Quinto: \u201cLa situaci\u00f3n nunca se desmadr\u00f3\u201d - Diario Textual","isPartOf":{"@id":"https:\/\/diariotextual.com\/inicio\/#website"},"primaryImageOfPage":{"@id":"https:\/\/diariotextual.com\/inicio\/index.php\/2026\/04\/28\/gobbi-dijo-que-el-caudal-del-rio-quinto-bajo-la-situacion-nunca-se-desmadro\/#primaryimage"},"image":{"@id":"https:\/\/diariotextual.com\/inicio\/index.php\/2026\/04\/28\/gobbi-dijo-que-el-caudal-del-rio-quinto-bajo-la-situacion-nunca-se-desmadro\/#primaryimage"},"thumbnailUrl":"https:\/\/diariotextual.com\/inicio\/wp-content\/uploads\/2026\/04\/rioquintomeridianovriov-2026-3.jpg","datePublished":"2026-04-28T12:12:41+00:00","dateModified":"2026-04-29T19:43:44+00:00","breadcrumb":{"@id":"https:\/\/diariotextual.com\/inicio\/index.php\/2026\/04\/28\/gobbi-dijo-que-el-caudal-del-rio-quinto-bajo-la-situacion-nunca-se-desmadro\/#breadcrumb"},"inLanguage":"es","potentialAction":[{"@type":"ReadAction","target":["https:\/\/diariotextual.com\/inicio\/index.php\/2026\/04\/28\/gobbi-dijo-que-el-caudal-del-rio-quinto-bajo-la-situacion-nunca-se-desmadro\/"]}]},{"@type":"ImageObject","inLanguage":"es","@id":"https:\/\/diariotextual.com\/inicio\/index.php\/2026\/04\/28\/gobbi-dijo-que-el-caudal-del-rio-quinto-bajo-la-situacion-nunca-se-desmadro\/#primaryimage","url":"https:\/\/diariotextual.com\/inicio\/wp-content\/uploads\/2026\/04\/rioquintomeridianovriov-2026-3.jpg","contentUrl":"https:\/\/diariotextual.com\/inicio\/wp-content\/uploads\/2026\/04\/rioquintomeridianovriov-2026-3.jpg","width":1300,"height":731},{"@type":"BreadcrumbList","@id":"https:\/\/diariotextual.com\/inicio\/index.php\/2026\/04\/28\/gobbi-dijo-que-el-caudal-del-rio-quinto-bajo-la-situacion-nunca-se-desmadro\/#breadcrumb","itemListElement":[{"@type":"ListItem","position":1,"name":"Portada","item":"https:\/\/diariotextual.com\/inicio\/"},{"@type":"ListItem","position":2,"name":"Gobbi dijo que baj\u00f3 el caudal del r\u00edo Quinto: \u201cLa situaci\u00f3n nunca se desmadr\u00f3\u201d"}]},{"@type":"WebSite","@id":"https:\/\/diariotextual.com\/inicio\/#website","url":"https:\/\/diariotextual.com\/inicio\/","name":"Diario Textual","description":"","publisher":{"@id":"https:\/\/diariotextual.com\/inicio\/#organization"},"potentialAction":[{"@type":"SearchAction","target":{"@type":"EntryPoint","urlTemplate":"https:\/\/diariotextual.com\/inicio\/?s={search_term_string}"},"query-input":{"@type":"PropertyValueSpecification","valueRequired":true,"valueName":"search_term_string"}}],"inLanguage":"es"},{"@type":"Organization","@id":"https:\/\/diariotextual.com\/inicio\/#organization","name":"Diario Textual","url":"https:\/\/diariotextual.com\/inicio\/","logo":{"@type":"ImageObject","inLanguage":"es","@id":"https:\/\/diariotextual.com\/inicio\/#\/schema\/logo\/image\/","url":"https:\/\/diariotextual.com\/inicio\/wp-content\/uploads\/2023\/05\/logotextual1.jpg","contentUrl":"https:\/\/diariotextual.com\/inicio\/wp-content\/uploads\/2023\/05\/logotextual1.jpg","width":516,"height":76,"caption":"Diario Textual"},"image":{"@id":"https:\/\/diariotextual.com\/inicio\/#\/schema\/logo\/image\/"},"sameAs":["https:\/\/www.facebook.com\/eltextual","https:\/\/x.com\/eltextual","http:\/\/www.instagram.com\/eltextual"]},{"@type":"Person","@id":"https:\/\/diariotextual.com\/inicio\/#\/schema\/person\/c7834961ad8b29b1d9cdbf4571299067","name":"diario5","image":{"@type":"ImageObject","inLanguage":"es","@id":"https:\/\/secure.gravatar.com\/avatar\/948c893b847ca6df68216ead81b63f363408ec9b0f600fefc0641ce78613b111?s=96&d=mm&r=g","url":"https:\/\/secure.gravatar.com\/avatar\/948c893b847ca6df68216ead81b63f363408ec9b0f600fefc0641ce78613b111?s=96&d=mm&r=g","contentUrl":"https:\/\/secure.gravatar.com\/avatar\/948c893b847ca6df68216ead81b63f363408ec9b0f600fefc0641ce78613b111?s=96&d=mm&r=g","caption":"diario5"},"url":"https:\/\/diariotextual.com\/inicio\/index.php\/author\/diario5\/"}]}},"_links":{"self":[{"href":"https:\/\/diariotextual.com\/inicio\/index.php\/wp-json\/wp\/v2\/posts\/325847","targetHints":{"allow":["GET"]}}],"collection":[{"href":"https:\/\/diariotextual.com\/inicio\/index.php\/wp-json\/wp\/v2\/posts"}],"about":[{"href":"https:\/\/diariotextual.com\/inicio\/index.php\/wp-json\/wp\/v2\/types\/post"}],"author":[{"embeddable":true,"href":"https:\/\/diariotextual.com\/inicio\/index.php\/wp-json\/wp\/v2\/users\/7"}],"replies":[{"embeddable":true,"href":"https:\/\/diariotextual.com\/inicio\/index.php\/wp-json\/wp\/v2\/comments?post=325847"}],"version-history":[{"count":5,"href":"https:\/\/diariotextual.com\/inicio\/index.php\/wp-json\/wp\/v2\/posts\/325847\/revisions"}],"predecessor-version":[{"id":325854,"href":"https:\/\/diariotextual.com\/inicio\/index.php\/wp-json\/wp\/v2\/posts\/325847\/revisions\/325854"}],"wp:featuredmedia":[{"embeddable":true,"href":"https:\/\/diariotextual.com\/inicio\/index.php\/wp-json\/wp\/v2\/media\/325217"}],"wp:attachment":[{"href":"https:\/\/diariotextual.com\/inicio\/index.php\/wp-json\/wp\/v2\/media?parent=325847"}],"wp:term":[{"taxonomy":"category","embeddable":true,"href":"https:\/\/diariotextual.com\/inicio\/index.php\/wp-json\/wp\/v2\/categories?post=325847"},{"taxonomy":"post_tag","embeddable":true,"href":"https:\/\/diariotextual.com\/inicio\/index.php\/wp-json\/wp\/v2\/tags?post=325847"}],"curies":[{"name":"wp","href":"https:\/\/api.w.org\/{rel}","templated":true}]}}