{"id":325856,"date":"2026-04-28T09:54:05","date_gmt":"2026-04-28T12:54:05","guid":{"rendered":"https:\/\/diariotextual.com\/inicio\/?p=325856"},"modified":"2026-04-28T09:57:15","modified_gmt":"2026-04-28T12:57:15","slug":"combustibles-las-ventas-volvieron-a-caer-en-marzo-pero-la-pampa-mostro-una-suba","status":"publish","type":"post","link":"https:\/\/diariotextual.com\/inicio\/index.php\/2026\/04\/28\/combustibles-las-ventas-volvieron-a-caer-en-marzo-pero-la-pampa-mostro-una-suba\/","title":{"rendered":"Combustibles: las ventas volvieron a caer en marzo, pero La Pampa mostr\u00f3 una suba"},"content":{"rendered":"\n<p>Las ventas de combustibles en el pa\u00eds registraron en marzo un nuevo retroceso interanual, aunque en ese escenario general negativo La Pampa se destac\u00f3 con un crecimiento (2,8%) que la ubic\u00f3 entre las pocas provincias con n\u00fameros en alza.<\/p>\n\n\n\n<p>De acuerdo a un informe de la consultora Politikon Chaco, elaborado en base a datos de la Secretar\u00eda de Energ\u00eda, en marzo se comercializaron 1.394.360 metros c\u00fabicos entre naftas y gasoil, lo que representa una ca\u00edda del 1,8% respecto al mismo mes de 2025.<\/p>\n\n\n\n<p>En el acumulado del primer trimestre de 2026, el descenso es del 1,1% interanual.<\/p>\n\n\n\n<p>El an\u00e1lisis por tipo de combustible muestra que las naftas tuvieron un peor desempe\u00f1o que el gasoil. Las ventas de naftas cayeron 2,4%, mientras que el gasoil retrocedi\u00f3 1,1%. Dentro de cada segmento, la nafta s\u00faper baj\u00f3 4,1% y el gasoil com\u00fan se desplom\u00f3 5,8%. En contrapartida, los productos premium lograron subas: la nafta premium creci\u00f3 2,7% y el gasoil premium 6,4%.<\/p>\n\n\n\n<p>Seg\u00fan el informe, es la primera vez desde febrero de 2024 en que las naftas caen m\u00e1s que el gasoil, lo que podr\u00eda estar reflejando una mayor retracci\u00f3n del consumo vinculado al uso particular de veh\u00edculos.<\/p>\n\n\n\n<p>En la comparaci\u00f3n mensual, las ventas mostraron un incremento del 7,3% respecto a febrero. Sin embargo, al ajustar por cantidad de d\u00edas, el resultado real evidencia una ca\u00edda del 3,1%.<\/p>\n\n\n\n<p>En cuanto a las empresas, YPF mantuvo el liderazgo con el 55,4% del mercado y fue la \u00fanica con crecimiento interanual (+1,0%). Detr\u00e1s se ubicaron Shell, con el 22,9% de participaci\u00f3n y una baja del 3,8%, y Axion Energy, con el 12,4% y una ca\u00edda del 0,8%.<\/p>\n\n\n\n<p>A nivel territorial, el informe marca una fuerte disparidad. Solo siete provincias lograron crecer en la comparaci\u00f3n interanual, y La Pampa encabez\u00f3 ese grupo con una suba del 2,8%.<\/p>\n\n\n\n<p>Detr\u00e1s se ubicaron San Juan (2,5%) y R\u00edo Negro (2,2%).<\/p>\n\n\n\n<p>En contraste, 17 distritos mostraron ca\u00eddas, con los descensos m\u00e1s pronunciados en Tucum\u00e1n (-18,3%), La Rioja (-13,0%) y Salta (-12,1%).<\/p>\n\n\n\n<p><audio autoplay=\"\"><\/audio><\/p>\n","protected":false},"excerpt":{"rendered":"<p>Las ventas de combustibles en el pa\u00eds registraron en marzo un nuevo retroceso interanual, aunque en ese escenario general negativo La Pampa se destac\u00f3 con un crecimiento (2,8%) que la&hellip;<\/p>\n","protected":false},"author":7,"featured_media":205902,"comment_status":"closed","ping_status":"open","sticky":false,"template":"","format":"standard","meta":{"_acf_changed":false,"footnotes":""},"categories":[4,12],"tags":[],"class_list":["post-325856","post","type-post","status-publish","format-standard","has-post-thumbnail","hentry","category-destacadas","category-sociedad"],"acf":[],"yoast_head":"<!-- This site is optimized with the Yoast SEO plugin v27.5 - https:\/\/yoast.com\/product\/yoast-seo-wordpress\/ -->\n<title>Combustibles: las ventas volvieron a caer en marzo, pero La Pampa mostr\u00f3 una suba - Diario Textual<\/title>\n<meta name=\"robots\" content=\"index, follow, max-snippet:-1, max-image-preview:large, max-video-preview:-1\" \/>\n<link rel=\"canonical\" href=\"https:\/\/diariotextual.com\/inicio\/index.php\/2026\/04\/28\/combustibles-las-ventas-volvieron-a-caer-en-marzo-pero-la-pampa-mostro-una-suba\/\" \/>\n<meta property=\"og:locale\" content=\"es_ES\" \/>\n<meta property=\"og:type\" content=\"article\" \/>\n<meta property=\"og:title\" content=\"Combustibles: las ventas volvieron a caer en marzo, pero La Pampa mostr\u00f3 una suba - Diario Textual\" \/>\n<meta property=\"og:description\" content=\"Las ventas de combustibles en el pa\u00eds registraron en marzo un nuevo retroceso interanual, aunque en ese escenario general negativo La Pampa se destac\u00f3 con un crecimiento (2,8%) que la&hellip;\" \/>\n<meta property=\"og:url\" content=\"https:\/\/diariotextual.com\/inicio\/index.php\/2026\/04\/28\/combustibles-las-ventas-volvieron-a-caer-en-marzo-pero-la-pampa-mostro-una-suba\/\" \/>\n<meta property=\"og:site_name\" content=\"Diario Textual\" \/>\n<meta property=\"article:publisher\" content=\"https:\/\/www.facebook.com\/eltextual\" \/>\n<meta property=\"article:published_time\" content=\"2026-04-28T12:54:05+00:00\" \/>\n<meta property=\"article:modified_time\" content=\"2026-04-28T12:57:15+00:00\" \/>\n<meta property=\"og:image\" content=\"https:\/\/diariotextual.com\/inicio\/wp-content\/uploads\/2022\/11\/combustiblesaumento.jpg\" \/>\n\t<meta property=\"og:image:width\" content=\"854\" \/>\n\t<meta property=\"og:image:height\" content=\"462\" \/>\n\t<meta property=\"og:image:type\" content=\"image\/jpeg\" \/>\n<meta name=\"author\" content=\"diario5\" \/>\n<meta name=\"twitter:card\" content=\"summary_large_image\" \/>\n<meta name=\"twitter:creator\" content=\"@eltextual\" \/>\n<meta name=\"twitter:site\" content=\"@eltextual\" \/>\n<meta name=\"twitter:label1\" content=\"Escrito por\" \/>\n\t<meta name=\"twitter:data1\" content=\"diario5\" \/>\n\t<meta name=\"twitter:label2\" content=\"Tiempo de lectura\" \/>\n\t<meta name=\"twitter:data2\" content=\"2 minutos\" \/>\n<script type=\"application\/ld+json\" class=\"yoast-schema-graph\">{\"@context\":\"https:\\\/\\\/schema.org\",\"@graph\":[{\"@type\":\"Article\",\"@id\":\"https:\\\/\\\/diariotextual.com\\\/inicio\\\/index.php\\\/2026\\\/04\\\/28\\\/combustibles-las-ventas-volvieron-a-caer-en-marzo-pero-la-pampa-mostro-una-suba\\\/#article\",\"isPartOf\":{\"@id\":\"https:\\\/\\\/diariotextual.com\\\/inicio\\\/index.php\\\/2026\\\/04\\\/28\\\/combustibles-las-ventas-volvieron-a-caer-en-marzo-pero-la-pampa-mostro-una-suba\\\/\"},\"author\":{\"name\":\"diario5\",\"@id\":\"https:\\\/\\\/diariotextual.com\\\/inicio\\\/#\\\/schema\\\/person\\\/c7834961ad8b29b1d9cdbf4571299067\"},\"headline\":\"Combustibles: las ventas volvieron a caer en marzo, pero La Pampa mostr\u00f3 una suba\",\"datePublished\":\"2026-04-28T12:54:05+00:00\",\"dateModified\":\"2026-04-28T12:57:15+00:00\",\"mainEntityOfPage\":{\"@id\":\"https:\\\/\\\/diariotextual.com\\\/inicio\\\/index.php\\\/2026\\\/04\\\/28\\\/combustibles-las-ventas-volvieron-a-caer-en-marzo-pero-la-pampa-mostro-una-suba\\\/\"},\"wordCount\":347,\"publisher\":{\"@id\":\"https:\\\/\\\/diariotextual.com\\\/inicio\\\/#organization\"},\"image\":{\"@id\":\"https:\\\/\\\/diariotextual.com\\\/inicio\\\/index.php\\\/2026\\\/04\\\/28\\\/combustibles-las-ventas-volvieron-a-caer-en-marzo-pero-la-pampa-mostro-una-suba\\\/#primaryimage\"},\"thumbnailUrl\":\"https:\\\/\\\/diariotextual.com\\\/inicio\\\/wp-content\\\/uploads\\\/2022\\\/11\\\/combustiblesaumento.jpg\",\"articleSection\":[\"A - DESTACADAS (mod 16)\",\"SOCIEDAD\"],\"inLanguage\":\"es\"},{\"@type\":\"WebPage\",\"@id\":\"https:\\\/\\\/diariotextual.com\\\/inicio\\\/index.php\\\/2026\\\/04\\\/28\\\/combustibles-las-ventas-volvieron-a-caer-en-marzo-pero-la-pampa-mostro-una-suba\\\/\",\"url\":\"https:\\\/\\\/diariotextual.com\\\/inicio\\\/index.php\\\/2026\\\/04\\\/28\\\/combustibles-las-ventas-volvieron-a-caer-en-marzo-pero-la-pampa-mostro-una-suba\\\/\",\"name\":\"Combustibles: las ventas volvieron a caer en marzo, pero La Pampa mostr\u00f3 una suba - Diario Textual\",\"isPartOf\":{\"@id\":\"https:\\\/\\\/diariotextual.com\\\/inicio\\\/#website\"},\"primaryImageOfPage\":{\"@id\":\"https:\\\/\\\/diariotextual.com\\\/inicio\\\/index.php\\\/2026\\\/04\\\/28\\\/combustibles-las-ventas-volvieron-a-caer-en-marzo-pero-la-pampa-mostro-una-suba\\\/#primaryimage\"},\"image\":{\"@id\":\"https:\\\/\\\/diariotextual.com\\\/inicio\\\/index.php\\\/2026\\\/04\\\/28\\\/combustibles-las-ventas-volvieron-a-caer-en-marzo-pero-la-pampa-mostro-una-suba\\\/#primaryimage\"},\"thumbnailUrl\":\"https:\\\/\\\/diariotextual.com\\\/inicio\\\/wp-content\\\/uploads\\\/2022\\\/11\\\/combustiblesaumento.jpg\",\"datePublished\":\"2026-04-28T12:54:05+00:00\",\"dateModified\":\"2026-04-28T12:57:15+00:00\",\"breadcrumb\":{\"@id\":\"https:\\\/\\\/diariotextual.com\\\/inicio\\\/index.php\\\/2026\\\/04\\\/28\\\/combustibles-las-ventas-volvieron-a-caer-en-marzo-pero-la-pampa-mostro-una-suba\\\/#breadcrumb\"},\"inLanguage\":\"es\",\"potentialAction\":[{\"@type\":\"ReadAction\",\"target\":[\"https:\\\/\\\/diariotextual.com\\\/inicio\\\/index.php\\\/2026\\\/04\\\/28\\\/combustibles-las-ventas-volvieron-a-caer-en-marzo-pero-la-pampa-mostro-una-suba\\\/\"]}]},{\"@type\":\"ImageObject\",\"inLanguage\":\"es\",\"@id\":\"https:\\\/\\\/diariotextual.com\\\/inicio\\\/index.php\\\/2026\\\/04\\\/28\\\/combustibles-las-ventas-volvieron-a-caer-en-marzo-pero-la-pampa-mostro-una-suba\\\/#primaryimage\",\"url\":\"https:\\\/\\\/diariotextual.com\\\/inicio\\\/wp-content\\\/uploads\\\/2022\\\/11\\\/combustiblesaumento.jpg\",\"contentUrl\":\"https:\\\/\\\/diariotextual.com\\\/inicio\\\/wp-content\\\/uploads\\\/2022\\\/11\\\/combustiblesaumento.jpg\",\"width\":854,\"height\":462},{\"@type\":\"BreadcrumbList\",\"@id\":\"https:\\\/\\\/diariotextual.com\\\/inicio\\\/index.php\\\/2026\\\/04\\\/28\\\/combustibles-las-ventas-volvieron-a-caer-en-marzo-pero-la-pampa-mostro-una-suba\\\/#breadcrumb\",\"itemListElement\":[{\"@type\":\"ListItem\",\"position\":1,\"name\":\"Portada\",\"item\":\"https:\\\/\\\/diariotextual.com\\\/inicio\\\/\"},{\"@type\":\"ListItem\",\"position\":2,\"name\":\"Combustibles: las ventas volvieron a caer en marzo, pero La Pampa mostr\u00f3 una suba\"}]},{\"@type\":\"WebSite\",\"@id\":\"https:\\\/\\\/diariotextual.com\\\/inicio\\\/#website\",\"url\":\"https:\\\/\\\/diariotextual.com\\\/inicio\\\/\",\"name\":\"Diario Textual\",\"description\":\"\",\"publisher\":{\"@id\":\"https:\\\/\\\/diariotextual.com\\\/inicio\\\/#organization\"},\"potentialAction\":[{\"@type\":\"SearchAction\",\"target\":{\"@type\":\"EntryPoint\",\"urlTemplate\":\"https:\\\/\\\/diariotextual.com\\\/inicio\\\/?s={search_term_string}\"},\"query-input\":{\"@type\":\"PropertyValueSpecification\",\"valueRequired\":true,\"valueName\":\"search_term_string\"}}],\"inLanguage\":\"es\"},{\"@type\":\"Organization\",\"@id\":\"https:\\\/\\\/diariotextual.com\\\/inicio\\\/#organization\",\"name\":\"Diario Textual\",\"url\":\"https:\\\/\\\/diariotextual.com\\\/inicio\\\/\",\"logo\":{\"@type\":\"ImageObject\",\"inLanguage\":\"es\",\"@id\":\"https:\\\/\\\/diariotextual.com\\\/inicio\\\/#\\\/schema\\\/logo\\\/image\\\/\",\"url\":\"https:\\\/\\\/diariotextual.com\\\/inicio\\\/wp-content\\\/uploads\\\/2023\\\/05\\\/logotextual1.jpg\",\"contentUrl\":\"https:\\\/\\\/diariotextual.com\\\/inicio\\\/wp-content\\\/uploads\\\/2023\\\/05\\\/logotextual1.jpg\",\"width\":516,\"height\":76,\"caption\":\"Diario Textual\"},\"image\":{\"@id\":\"https:\\\/\\\/diariotextual.com\\\/inicio\\\/#\\\/schema\\\/logo\\\/image\\\/\"},\"sameAs\":[\"https:\\\/\\\/www.facebook.com\\\/eltextual\",\"https:\\\/\\\/x.com\\\/eltextual\",\"http:\\\/\\\/www.instagram.com\\\/eltextual\"]},{\"@type\":\"Person\",\"@id\":\"https:\\\/\\\/diariotextual.com\\\/inicio\\\/#\\\/schema\\\/person\\\/c7834961ad8b29b1d9cdbf4571299067\",\"name\":\"diario5\",\"image\":{\"@type\":\"ImageObject\",\"inLanguage\":\"es\",\"@id\":\"https:\\\/\\\/secure.gravatar.com\\\/avatar\\\/948c893b847ca6df68216ead81b63f363408ec9b0f600fefc0641ce78613b111?s=96&d=mm&r=g\",\"url\":\"https:\\\/\\\/secure.gravatar.com\\\/avatar\\\/948c893b847ca6df68216ead81b63f363408ec9b0f600fefc0641ce78613b111?s=96&d=mm&r=g\",\"contentUrl\":\"https:\\\/\\\/secure.gravatar.com\\\/avatar\\\/948c893b847ca6df68216ead81b63f363408ec9b0f600fefc0641ce78613b111?s=96&d=mm&r=g\",\"caption\":\"diario5\"},\"url\":\"https:\\\/\\\/diariotextual.com\\\/inicio\\\/index.php\\\/author\\\/diario5\\\/\"}]}<\/script>\n<!-- \/ Yoast SEO plugin. -->","yoast_head_json":{"title":"Combustibles: las ventas volvieron a caer en marzo, pero La Pampa mostr\u00f3 una suba - Diario Textual","robots":{"index":"index","follow":"follow","max-snippet":"max-snippet:-1","max-image-preview":"max-image-preview:large","max-video-preview":"max-video-preview:-1"},"canonical":"https:\/\/diariotextual.com\/inicio\/index.php\/2026\/04\/28\/combustibles-las-ventas-volvieron-a-caer-en-marzo-pero-la-pampa-mostro-una-suba\/","og_locale":"es_ES","og_type":"article","og_title":"Combustibles: las ventas volvieron a caer en marzo, pero La Pampa mostr\u00f3 una suba - Diario Textual","og_description":"Las ventas de combustibles en el pa\u00eds registraron en marzo un nuevo retroceso interanual, aunque en ese escenario general negativo La Pampa se destac\u00f3 con un crecimiento (2,8%) que la&hellip;","og_url":"https:\/\/diariotextual.com\/inicio\/index.php\/2026\/04\/28\/combustibles-las-ventas-volvieron-a-caer-en-marzo-pero-la-pampa-mostro-una-suba\/","og_site_name":"Diario Textual","article_publisher":"https:\/\/www.facebook.com\/eltextual","article_published_time":"2026-04-28T12:54:05+00:00","article_modified_time":"2026-04-28T12:57:15+00:00","og_image":[{"width":854,"height":462,"url":"https:\/\/diariotextual.com\/inicio\/wp-content\/uploads\/2022\/11\/combustiblesaumento.jpg","type":"image\/jpeg"}],"author":"diario5","twitter_card":"summary_large_image","twitter_creator":"@eltextual","twitter_site":"@eltextual","twitter_misc":{"Escrito por":"diario5","Tiempo de lectura":"2 minutos"},"schema":{"@context":"https:\/\/schema.org","@graph":[{"@type":"Article","@id":"https:\/\/diariotextual.com\/inicio\/index.php\/2026\/04\/28\/combustibles-las-ventas-volvieron-a-caer-en-marzo-pero-la-pampa-mostro-una-suba\/#article","isPartOf":{"@id":"https:\/\/diariotextual.com\/inicio\/index.php\/2026\/04\/28\/combustibles-las-ventas-volvieron-a-caer-en-marzo-pero-la-pampa-mostro-una-suba\/"},"author":{"name":"diario5","@id":"https:\/\/diariotextual.com\/inicio\/#\/schema\/person\/c7834961ad8b29b1d9cdbf4571299067"},"headline":"Combustibles: las ventas volvieron a caer en marzo, pero La Pampa mostr\u00f3 una suba","datePublished":"2026-04-28T12:54:05+00:00","dateModified":"2026-04-28T12:57:15+00:00","mainEntityOfPage":{"@id":"https:\/\/diariotextual.com\/inicio\/index.php\/2026\/04\/28\/combustibles-las-ventas-volvieron-a-caer-en-marzo-pero-la-pampa-mostro-una-suba\/"},"wordCount":347,"publisher":{"@id":"https:\/\/diariotextual.com\/inicio\/#organization"},"image":{"@id":"https:\/\/diariotextual.com\/inicio\/index.php\/2026\/04\/28\/combustibles-las-ventas-volvieron-a-caer-en-marzo-pero-la-pampa-mostro-una-suba\/#primaryimage"},"thumbnailUrl":"https:\/\/diariotextual.com\/inicio\/wp-content\/uploads\/2022\/11\/combustiblesaumento.jpg","articleSection":["A - DESTACADAS (mod 16)","SOCIEDAD"],"inLanguage":"es"},{"@type":"WebPage","@id":"https:\/\/diariotextual.com\/inicio\/index.php\/2026\/04\/28\/combustibles-las-ventas-volvieron-a-caer-en-marzo-pero-la-pampa-mostro-una-suba\/","url":"https:\/\/diariotextual.com\/inicio\/index.php\/2026\/04\/28\/combustibles-las-ventas-volvieron-a-caer-en-marzo-pero-la-pampa-mostro-una-suba\/","name":"Combustibles: las ventas volvieron a caer en marzo, pero La Pampa mostr\u00f3 una suba - Diario Textual","isPartOf":{"@id":"https:\/\/diariotextual.com\/inicio\/#website"},"primaryImageOfPage":{"@id":"https:\/\/diariotextual.com\/inicio\/index.php\/2026\/04\/28\/combustibles-las-ventas-volvieron-a-caer-en-marzo-pero-la-pampa-mostro-una-suba\/#primaryimage"},"image":{"@id":"https:\/\/diariotextual.com\/inicio\/index.php\/2026\/04\/28\/combustibles-las-ventas-volvieron-a-caer-en-marzo-pero-la-pampa-mostro-una-suba\/#primaryimage"},"thumbnailUrl":"https:\/\/diariotextual.com\/inicio\/wp-content\/uploads\/2022\/11\/combustiblesaumento.jpg","datePublished":"2026-04-28T12:54:05+00:00","dateModified":"2026-04-28T12:57:15+00:00","breadcrumb":{"@id":"https:\/\/diariotextual.com\/inicio\/index.php\/2026\/04\/28\/combustibles-las-ventas-volvieron-a-caer-en-marzo-pero-la-pampa-mostro-una-suba\/#breadcrumb"},"inLanguage":"es","potentialAction":[{"@type":"ReadAction","target":["https:\/\/diariotextual.com\/inicio\/index.php\/2026\/04\/28\/combustibles-las-ventas-volvieron-a-caer-en-marzo-pero-la-pampa-mostro-una-suba\/"]}]},{"@type":"ImageObject","inLanguage":"es","@id":"https:\/\/diariotextual.com\/inicio\/index.php\/2026\/04\/28\/combustibles-las-ventas-volvieron-a-caer-en-marzo-pero-la-pampa-mostro-una-suba\/#primaryimage","url":"https:\/\/diariotextual.com\/inicio\/wp-content\/uploads\/2022\/11\/combustiblesaumento.jpg","contentUrl":"https:\/\/diariotextual.com\/inicio\/wp-content\/uploads\/2022\/11\/combustiblesaumento.jpg","width":854,"height":462},{"@type":"BreadcrumbList","@id":"https:\/\/diariotextual.com\/inicio\/index.php\/2026\/04\/28\/combustibles-las-ventas-volvieron-a-caer-en-marzo-pero-la-pampa-mostro-una-suba\/#breadcrumb","itemListElement":[{"@type":"ListItem","position":1,"name":"Portada","item":"https:\/\/diariotextual.com\/inicio\/"},{"@type":"ListItem","position":2,"name":"Combustibles: las ventas volvieron a caer en marzo, pero La Pampa mostr\u00f3 una suba"}]},{"@type":"WebSite","@id":"https:\/\/diariotextual.com\/inicio\/#website","url":"https:\/\/diariotextual.com\/inicio\/","name":"Diario Textual","description":"","publisher":{"@id":"https:\/\/diariotextual.com\/inicio\/#organization"},"potentialAction":[{"@type":"SearchAction","target":{"@type":"EntryPoint","urlTemplate":"https:\/\/diariotextual.com\/inicio\/?s={search_term_string}"},"query-input":{"@type":"PropertyValueSpecification","valueRequired":true,"valueName":"search_term_string"}}],"inLanguage":"es"},{"@type":"Organization","@id":"https:\/\/diariotextual.com\/inicio\/#organization","name":"Diario Textual","url":"https:\/\/diariotextual.com\/inicio\/","logo":{"@type":"ImageObject","inLanguage":"es","@id":"https:\/\/diariotextual.com\/inicio\/#\/schema\/logo\/image\/","url":"https:\/\/diariotextual.com\/inicio\/wp-content\/uploads\/2023\/05\/logotextual1.jpg","contentUrl":"https:\/\/diariotextual.com\/inicio\/wp-content\/uploads\/2023\/05\/logotextual1.jpg","width":516,"height":76,"caption":"Diario Textual"},"image":{"@id":"https:\/\/diariotextual.com\/inicio\/#\/schema\/logo\/image\/"},"sameAs":["https:\/\/www.facebook.com\/eltextual","https:\/\/x.com\/eltextual","http:\/\/www.instagram.com\/eltextual"]},{"@type":"Person","@id":"https:\/\/diariotextual.com\/inicio\/#\/schema\/person\/c7834961ad8b29b1d9cdbf4571299067","name":"diario5","image":{"@type":"ImageObject","inLanguage":"es","@id":"https:\/\/secure.gravatar.com\/avatar\/948c893b847ca6df68216ead81b63f363408ec9b0f600fefc0641ce78613b111?s=96&d=mm&r=g","url":"https:\/\/secure.gravatar.com\/avatar\/948c893b847ca6df68216ead81b63f363408ec9b0f600fefc0641ce78613b111?s=96&d=mm&r=g","contentUrl":"https:\/\/secure.gravatar.com\/avatar\/948c893b847ca6df68216ead81b63f363408ec9b0f600fefc0641ce78613b111?s=96&d=mm&r=g","caption":"diario5"},"url":"https:\/\/diariotextual.com\/inicio\/index.php\/author\/diario5\/"}]}},"_links":{"self":[{"href":"https:\/\/diariotextual.com\/inicio\/index.php\/wp-json\/wp\/v2\/posts\/325856","targetHints":{"allow":["GET"]}}],"collection":[{"href":"https:\/\/diariotextual.com\/inicio\/index.php\/wp-json\/wp\/v2\/posts"}],"about":[{"href":"https:\/\/diariotextual.com\/inicio\/index.php\/wp-json\/wp\/v2\/types\/post"}],"author":[{"embeddable":true,"href":"https:\/\/diariotextual.com\/inicio\/index.php\/wp-json\/wp\/v2\/users\/7"}],"replies":[{"embeddable":true,"href":"https:\/\/diariotextual.com\/inicio\/index.php\/wp-json\/wp\/v2\/comments?post=325856"}],"version-history":[{"count":4,"href":"https:\/\/diariotextual.com\/inicio\/index.php\/wp-json\/wp\/v2\/posts\/325856\/revisions"}],"predecessor-version":[{"id":325861,"href":"https:\/\/diariotextual.com\/inicio\/index.php\/wp-json\/wp\/v2\/posts\/325856\/revisions\/325861"}],"wp:featuredmedia":[{"embeddable":true,"href":"https:\/\/diariotextual.com\/inicio\/index.php\/wp-json\/wp\/v2\/media\/205902"}],"wp:attachment":[{"href":"https:\/\/diariotextual.com\/inicio\/index.php\/wp-json\/wp\/v2\/media?parent=325856"}],"wp:term":[{"taxonomy":"category","embeddable":true,"href":"https:\/\/diariotextual.com\/inicio\/index.php\/wp-json\/wp\/v2\/categories?post=325856"},{"taxonomy":"post_tag","embeddable":true,"href":"https:\/\/diariotextual.com\/inicio\/index.php\/wp-json\/wp\/v2\/tags?post=325856"}],"curies":[{"name":"wp","href":"https:\/\/api.w.org\/{rel}","templated":true}]}}