{"id":325862,"date":"2026-04-28T11:52:36","date_gmt":"2026-04-28T14:52:36","guid":{"rendered":"https:\/\/diariotextual.com\/inicio\/?p=325862"},"modified":"2026-04-28T11:54:26","modified_gmt":"2026-04-28T14:54:26","slug":"la-pampa-pionera-en-formacion-de-dirigentes-en-seguridad-social-de-la-argentina","status":"publish","type":"post","link":"https:\/\/diariotextual.com\/inicio\/index.php\/2026\/04\/28\/la-pampa-pionera-en-formacion-de-dirigentes-en-seguridad-social-de-la-argentina\/","title":{"rendered":"La Pampa, pionera en formaci\u00f3n de dirigentes en seguridad social de la Argentina"},"content":{"rendered":"\n<p>Se puso en marcha en la Facultad de Ciencias Econ\u00f3micas y Jur\u00eddicas de la Universidad Nacional de La Pampa (UNLPam) la<strong> Diplomatura en Gesti\u00f3n de Cajas de Previsi\u00f3n y Seguridad Social para Profesionales<\/strong>, un posgrado para la formaci\u00f3n de dirigentes. De esta manera, La Pampa es pionera en la materia ya que es el primer curso universitario en seguridad social de todo el pa\u00eds, con modalidad online, impulsado por Caja Forense y la Coordinadora de Cajas de Previsi\u00f3n y Seguridad Social para Profesionales de la Rep\u00fablica Argentina.<\/p>\n\n\n\n<p>En el acto de inicio realizado por videoconferencia estuvo el decano de la unidad acad\u00e9mica, Francisco Marull; la secretaria general de la Coordinadora y vicepresidenta de Caja Forense, Sandra Abdo; y el director acad\u00e9mico, Sebasti\u00e1n Villa, adem\u00e1s de cursantes de distintos puntos del pa\u00eds.<\/p>\n\n\n\n<p>La diplomatura fue una iniciativa de Abdo como titular de la Coordinadora y vicepresidenta de Caja Forense qui\u00e9n se lo propuso al decano Marull, generando un programa \u00fanico en el pa\u00eds para la gesti\u00f3n de cajas profesionales que sum\u00f3 t\u00e9cnicos docentes preparados en la materia como Bernab\u00e9 S\u00e1nchez, Pablo Ch\u00e1vez y Rodrigo Villa.<\/p>\n\n\n\n<p>Abdo subray\u00f3 la importancia del acuerdo institucional. \u201cEs una gran satisfacci\u00f3n haber concretado con la Universidad Nacional de La Pampa un anhelo que ten\u00edamos desde hace muchos a\u00f1os en Caja Forense y la Coordinadora\u201d, dijo.<\/p>\n\n\n\n<p>En ese sentido, advirti\u00f3 sobre el contexto actual. \u201cSon tiempos de resiliencia, de reformulaci\u00f3n y de crisis en la seguridad social en el mundo y m\u00e1s a\u00fan en nuestro sistema y para afrontarlos necesitamos dirigentes y profesionales formados y capacitados\u201d, expres\u00f3.<\/p>\n\n\n\n<p>\u201cEs un imperativo formarnos como dirigentes y gestores de las cajas de previsi\u00f3n\u201d, dijo y defendi\u00f3 el modelo. \u201cEs un sistema donde los profesionales se autoadministran y generan la seguridad social para sus pares, y esto hay que defenderlo\u201d, manifest\u00f3.<\/p>\n\n\n\n<p>El decano Marull, en tanto, remarc\u00f3 que se trata de \u201cun \u00e1rea de vacancia\u201d en la que la universidad p\u00fablica puede aportar y valor\u00f3 el trabajo en el dise\u00f1o curricular. &nbsp;\u201cEstamos sumamente satisfechos y muy entusiasmados con poder acompa\u00f1ar esta propuesta, que nos pone como facultad en el lugar en el que queremos estar, atendiendo a las necesidades de la comunidad\u201d, dijo.<\/p>\n\n\n\n<p>Por su parte, el director acad\u00e9mico de la diplomatura resalt\u00f3 el car\u00e1cter innovador de la propuesta. \u201cEs una oferta acad\u00e9mica \u00fanica, que no la ofrece ninguna otra universidad del pa\u00eds ni del mundo, porque esta problem\u00e1tica es muy particular de la Argentina\u201d, afirm\u00f3.<\/p>\n\n\n\n<p>Asimismo, explic\u00f3 el enfoque interdisciplinario. \u201cLo mejor que podemos hacer es tener gestiones capacitadas desde el punto de vista t\u00e9cnico\u201d, y agreg\u00f3 que la formaci\u00f3n incluir\u00e1 contenidos en derecho previsional, comunicaci\u00f3n, ciencia actuarial, contabilidad e inversi\u00f3n de fondos. La diplomatura tendr\u00e1 una duraci\u00f3n de siete meses, con siete m\u00f3dulos, clases asincr\u00f3nicas, encuentros sincr\u00f3nicos y un trabajo final integrador. Va a dar un salto de nivel importante en la tarea diaria que llevan a cabo\u201d, concluy\u00f3.<\/p>\n\n\n\n<p><\/p>\n","protected":false},"excerpt":{"rendered":"<p>Se puso en marcha en la Facultad de Ciencias Econ\u00f3micas y Jur\u00eddicas de la Universidad Nacional de La Pampa (UNLPam) la Diplomatura en Gesti\u00f3n de Cajas de Previsi\u00f3n y Seguridad&hellip;<\/p>\n","protected":false},"author":3,"featured_media":325865,"comment_status":"closed","ping_status":"open","sticky":false,"template":"","format":"standard","meta":{"_acf_changed":false,"footnotes":""},"categories":[1,12],"tags":[],"class_list":["post-325862","post","type-post","status-publish","format-standard","has-post-thumbnail","hentry","category-es-noticia","category-sociedad"],"acf":[],"yoast_head":"<!-- This site is optimized with the Yoast SEO plugin v27.5 - https:\/\/yoast.com\/product\/yoast-seo-wordpress\/ -->\n<title>La Pampa, pionera en formaci\u00f3n de dirigentes en seguridad social de la Argentina - Diario Textual<\/title>\n<meta name=\"robots\" content=\"index, follow, max-snippet:-1, max-image-preview:large, max-video-preview:-1\" \/>\n<link rel=\"canonical\" href=\"https:\/\/diariotextual.com\/inicio\/index.php\/2026\/04\/28\/la-pampa-pionera-en-formacion-de-dirigentes-en-seguridad-social-de-la-argentina\/\" \/>\n<meta property=\"og:locale\" content=\"es_ES\" \/>\n<meta property=\"og:type\" content=\"article\" \/>\n<meta property=\"og:title\" content=\"La Pampa, pionera en formaci\u00f3n de dirigentes en seguridad social de la Argentina - Diario Textual\" \/>\n<meta property=\"og:description\" content=\"Se puso en marcha en la Facultad de Ciencias Econ\u00f3micas y Jur\u00eddicas de la Universidad Nacional de La Pampa (UNLPam) la Diplomatura en Gesti\u00f3n de Cajas de Previsi\u00f3n y Seguridad&hellip;\" \/>\n<meta property=\"og:url\" content=\"https:\/\/diariotextual.com\/inicio\/index.php\/2026\/04\/28\/la-pampa-pionera-en-formacion-de-dirigentes-en-seguridad-social-de-la-argentina\/\" \/>\n<meta property=\"og:site_name\" content=\"Diario Textual\" \/>\n<meta property=\"article:publisher\" content=\"https:\/\/www.facebook.com\/eltextual\" \/>\n<meta property=\"article:published_time\" content=\"2026-04-28T14:52:36+00:00\" \/>\n<meta property=\"article:modified_time\" content=\"2026-04-28T14:54:26+00:00\" \/>\n<meta property=\"og:image\" content=\"https:\/\/diariotextual.com\/inicio\/wp-content\/uploads\/2026\/04\/abdomarull2026-111.jpg\" \/>\n\t<meta property=\"og:image:width\" content=\"698\" \/>\n\t<meta property=\"og:image:height\" content=\"527\" \/>\n\t<meta property=\"og:image:type\" content=\"image\/jpeg\" \/>\n<meta name=\"author\" content=\"Diario1 Diario1\" \/>\n<meta name=\"twitter:card\" content=\"summary_large_image\" \/>\n<meta name=\"twitter:creator\" content=\"@eltextual\" \/>\n<meta name=\"twitter:site\" content=\"@eltextual\" \/>\n<meta name=\"twitter:label1\" content=\"Escrito por\" \/>\n\t<meta name=\"twitter:data1\" content=\"Diario1 Diario1\" \/>\n\t<meta name=\"twitter:label2\" content=\"Tiempo de lectura\" \/>\n\t<meta name=\"twitter:data2\" content=\"3 minutos\" \/>\n<script type=\"application\/ld+json\" class=\"yoast-schema-graph\">{\"@context\":\"https:\\\/\\\/schema.org\",\"@graph\":[{\"@type\":\"Article\",\"@id\":\"https:\\\/\\\/diariotextual.com\\\/inicio\\\/index.php\\\/2026\\\/04\\\/28\\\/la-pampa-pionera-en-formacion-de-dirigentes-en-seguridad-social-de-la-argentina\\\/#article\",\"isPartOf\":{\"@id\":\"https:\\\/\\\/diariotextual.com\\\/inicio\\\/index.php\\\/2026\\\/04\\\/28\\\/la-pampa-pionera-en-formacion-de-dirigentes-en-seguridad-social-de-la-argentina\\\/\"},\"author\":{\"name\":\"Diario1 Diario1\",\"@id\":\"https:\\\/\\\/diariotextual.com\\\/inicio\\\/#\\\/schema\\\/person\\\/418fc4093c33e86ed41562db3508f958\"},\"headline\":\"La Pampa, pionera en formaci\u00f3n de dirigentes en seguridad social de la Argentina\",\"datePublished\":\"2026-04-28T14:52:36+00:00\",\"dateModified\":\"2026-04-28T14:54:26+00:00\",\"mainEntityOfPage\":{\"@id\":\"https:\\\/\\\/diariotextual.com\\\/inicio\\\/index.php\\\/2026\\\/04\\\/28\\\/la-pampa-pionera-en-formacion-de-dirigentes-en-seguridad-social-de-la-argentina\\\/\"},\"wordCount\":537,\"publisher\":{\"@id\":\"https:\\\/\\\/diariotextual.com\\\/inicio\\\/#organization\"},\"image\":{\"@id\":\"https:\\\/\\\/diariotextual.com\\\/inicio\\\/index.php\\\/2026\\\/04\\\/28\\\/la-pampa-pionera-en-formacion-de-dirigentes-en-seguridad-social-de-la-argentina\\\/#primaryimage\"},\"thumbnailUrl\":\"https:\\\/\\\/diariotextual.com\\\/inicio\\\/wp-content\\\/uploads\\\/2026\\\/04\\\/abdomarull2026-111.jpg\",\"articleSection\":[\"A - ES NOTICIA (van abajo)\",\"SOCIEDAD\"],\"inLanguage\":\"es\"},{\"@type\":\"WebPage\",\"@id\":\"https:\\\/\\\/diariotextual.com\\\/inicio\\\/index.php\\\/2026\\\/04\\\/28\\\/la-pampa-pionera-en-formacion-de-dirigentes-en-seguridad-social-de-la-argentina\\\/\",\"url\":\"https:\\\/\\\/diariotextual.com\\\/inicio\\\/index.php\\\/2026\\\/04\\\/28\\\/la-pampa-pionera-en-formacion-de-dirigentes-en-seguridad-social-de-la-argentina\\\/\",\"name\":\"La Pampa, pionera en formaci\u00f3n de dirigentes en seguridad social de la Argentina - Diario Textual\",\"isPartOf\":{\"@id\":\"https:\\\/\\\/diariotextual.com\\\/inicio\\\/#website\"},\"primaryImageOfPage\":{\"@id\":\"https:\\\/\\\/diariotextual.com\\\/inicio\\\/index.php\\\/2026\\\/04\\\/28\\\/la-pampa-pionera-en-formacion-de-dirigentes-en-seguridad-social-de-la-argentina\\\/#primaryimage\"},\"image\":{\"@id\":\"https:\\\/\\\/diariotextual.com\\\/inicio\\\/index.php\\\/2026\\\/04\\\/28\\\/la-pampa-pionera-en-formacion-de-dirigentes-en-seguridad-social-de-la-argentina\\\/#primaryimage\"},\"thumbnailUrl\":\"https:\\\/\\\/diariotextual.com\\\/inicio\\\/wp-content\\\/uploads\\\/2026\\\/04\\\/abdomarull2026-111.jpg\",\"datePublished\":\"2026-04-28T14:52:36+00:00\",\"dateModified\":\"2026-04-28T14:54:26+00:00\",\"breadcrumb\":{\"@id\":\"https:\\\/\\\/diariotextual.com\\\/inicio\\\/index.php\\\/2026\\\/04\\\/28\\\/la-pampa-pionera-en-formacion-de-dirigentes-en-seguridad-social-de-la-argentina\\\/#breadcrumb\"},\"inLanguage\":\"es\",\"potentialAction\":[{\"@type\":\"ReadAction\",\"target\":[\"https:\\\/\\\/diariotextual.com\\\/inicio\\\/index.php\\\/2026\\\/04\\\/28\\\/la-pampa-pionera-en-formacion-de-dirigentes-en-seguridad-social-de-la-argentina\\\/\"]}]},{\"@type\":\"ImageObject\",\"inLanguage\":\"es\",\"@id\":\"https:\\\/\\\/diariotextual.com\\\/inicio\\\/index.php\\\/2026\\\/04\\\/28\\\/la-pampa-pionera-en-formacion-de-dirigentes-en-seguridad-social-de-la-argentina\\\/#primaryimage\",\"url\":\"https:\\\/\\\/diariotextual.com\\\/inicio\\\/wp-content\\\/uploads\\\/2026\\\/04\\\/abdomarull2026-111.jpg\",\"contentUrl\":\"https:\\\/\\\/diariotextual.com\\\/inicio\\\/wp-content\\\/uploads\\\/2026\\\/04\\\/abdomarull2026-111.jpg\",\"width\":698,\"height\":527},{\"@type\":\"BreadcrumbList\",\"@id\":\"https:\\\/\\\/diariotextual.com\\\/inicio\\\/index.php\\\/2026\\\/04\\\/28\\\/la-pampa-pionera-en-formacion-de-dirigentes-en-seguridad-social-de-la-argentina\\\/#breadcrumb\",\"itemListElement\":[{\"@type\":\"ListItem\",\"position\":1,\"name\":\"Portada\",\"item\":\"https:\\\/\\\/diariotextual.com\\\/inicio\\\/\"},{\"@type\":\"ListItem\",\"position\":2,\"name\":\"La Pampa, pionera en formaci\u00f3n de dirigentes en seguridad social de la Argentina\"}]},{\"@type\":\"WebSite\",\"@id\":\"https:\\\/\\\/diariotextual.com\\\/inicio\\\/#website\",\"url\":\"https:\\\/\\\/diariotextual.com\\\/inicio\\\/\",\"name\":\"Diario Textual\",\"description\":\"\",\"publisher\":{\"@id\":\"https:\\\/\\\/diariotextual.com\\\/inicio\\\/#organization\"},\"potentialAction\":[{\"@type\":\"SearchAction\",\"target\":{\"@type\":\"EntryPoint\",\"urlTemplate\":\"https:\\\/\\\/diariotextual.com\\\/inicio\\\/?s={search_term_string}\"},\"query-input\":{\"@type\":\"PropertyValueSpecification\",\"valueRequired\":true,\"valueName\":\"search_term_string\"}}],\"inLanguage\":\"es\"},{\"@type\":\"Organization\",\"@id\":\"https:\\\/\\\/diariotextual.com\\\/inicio\\\/#organization\",\"name\":\"Diario Textual\",\"url\":\"https:\\\/\\\/diariotextual.com\\\/inicio\\\/\",\"logo\":{\"@type\":\"ImageObject\",\"inLanguage\":\"es\",\"@id\":\"https:\\\/\\\/diariotextual.com\\\/inicio\\\/#\\\/schema\\\/logo\\\/image\\\/\",\"url\":\"https:\\\/\\\/diariotextual.com\\\/inicio\\\/wp-content\\\/uploads\\\/2023\\\/05\\\/logotextual1.jpg\",\"contentUrl\":\"https:\\\/\\\/diariotextual.com\\\/inicio\\\/wp-content\\\/uploads\\\/2023\\\/05\\\/logotextual1.jpg\",\"width\":516,\"height\":76,\"caption\":\"Diario Textual\"},\"image\":{\"@id\":\"https:\\\/\\\/diariotextual.com\\\/inicio\\\/#\\\/schema\\\/logo\\\/image\\\/\"},\"sameAs\":[\"https:\\\/\\\/www.facebook.com\\\/eltextual\",\"https:\\\/\\\/x.com\\\/eltextual\",\"http:\\\/\\\/www.instagram.com\\\/eltextual\"]},{\"@type\":\"Person\",\"@id\":\"https:\\\/\\\/diariotextual.com\\\/inicio\\\/#\\\/schema\\\/person\\\/418fc4093c33e86ed41562db3508f958\",\"name\":\"Diario1 Diario1\",\"image\":{\"@type\":\"ImageObject\",\"inLanguage\":\"es\",\"@id\":\"https:\\\/\\\/secure.gravatar.com\\\/avatar\\\/9167d280179c85bc18be67aa7eda765854300033af4896dd779b608640f2ef7a?s=96&d=mm&r=g\",\"url\":\"https:\\\/\\\/secure.gravatar.com\\\/avatar\\\/9167d280179c85bc18be67aa7eda765854300033af4896dd779b608640f2ef7a?s=96&d=mm&r=g\",\"contentUrl\":\"https:\\\/\\\/secure.gravatar.com\\\/avatar\\\/9167d280179c85bc18be67aa7eda765854300033af4896dd779b608640f2ef7a?s=96&d=mm&r=g\",\"caption\":\"Diario1 Diario1\"},\"url\":\"https:\\\/\\\/diariotextual.com\\\/inicio\\\/index.php\\\/author\\\/diario1\\\/\"}]}<\/script>\n<!-- \/ Yoast SEO plugin. -->","yoast_head_json":{"title":"La Pampa, pionera en formaci\u00f3n de dirigentes en seguridad social de la Argentina - Diario Textual","robots":{"index":"index","follow":"follow","max-snippet":"max-snippet:-1","max-image-preview":"max-image-preview:large","max-video-preview":"max-video-preview:-1"},"canonical":"https:\/\/diariotextual.com\/inicio\/index.php\/2026\/04\/28\/la-pampa-pionera-en-formacion-de-dirigentes-en-seguridad-social-de-la-argentina\/","og_locale":"es_ES","og_type":"article","og_title":"La Pampa, pionera en formaci\u00f3n de dirigentes en seguridad social de la Argentina - Diario Textual","og_description":"Se puso en marcha en la Facultad de Ciencias Econ\u00f3micas y Jur\u00eddicas de la Universidad Nacional de La Pampa (UNLPam) la Diplomatura en Gesti\u00f3n de Cajas de Previsi\u00f3n y Seguridad&hellip;","og_url":"https:\/\/diariotextual.com\/inicio\/index.php\/2026\/04\/28\/la-pampa-pionera-en-formacion-de-dirigentes-en-seguridad-social-de-la-argentina\/","og_site_name":"Diario Textual","article_publisher":"https:\/\/www.facebook.com\/eltextual","article_published_time":"2026-04-28T14:52:36+00:00","article_modified_time":"2026-04-28T14:54:26+00:00","og_image":[{"width":698,"height":527,"url":"https:\/\/diariotextual.com\/inicio\/wp-content\/uploads\/2026\/04\/abdomarull2026-111.jpg","type":"image\/jpeg"}],"author":"Diario1 Diario1","twitter_card":"summary_large_image","twitter_creator":"@eltextual","twitter_site":"@eltextual","twitter_misc":{"Escrito por":"Diario1 Diario1","Tiempo de lectura":"3 minutos"},"schema":{"@context":"https:\/\/schema.org","@graph":[{"@type":"Article","@id":"https:\/\/diariotextual.com\/inicio\/index.php\/2026\/04\/28\/la-pampa-pionera-en-formacion-de-dirigentes-en-seguridad-social-de-la-argentina\/#article","isPartOf":{"@id":"https:\/\/diariotextual.com\/inicio\/index.php\/2026\/04\/28\/la-pampa-pionera-en-formacion-de-dirigentes-en-seguridad-social-de-la-argentina\/"},"author":{"name":"Diario1 Diario1","@id":"https:\/\/diariotextual.com\/inicio\/#\/schema\/person\/418fc4093c33e86ed41562db3508f958"},"headline":"La Pampa, pionera en formaci\u00f3n de dirigentes en seguridad social de la Argentina","datePublished":"2026-04-28T14:52:36+00:00","dateModified":"2026-04-28T14:54:26+00:00","mainEntityOfPage":{"@id":"https:\/\/diariotextual.com\/inicio\/index.php\/2026\/04\/28\/la-pampa-pionera-en-formacion-de-dirigentes-en-seguridad-social-de-la-argentina\/"},"wordCount":537,"publisher":{"@id":"https:\/\/diariotextual.com\/inicio\/#organization"},"image":{"@id":"https:\/\/diariotextual.com\/inicio\/index.php\/2026\/04\/28\/la-pampa-pionera-en-formacion-de-dirigentes-en-seguridad-social-de-la-argentina\/#primaryimage"},"thumbnailUrl":"https:\/\/diariotextual.com\/inicio\/wp-content\/uploads\/2026\/04\/abdomarull2026-111.jpg","articleSection":["A - ES NOTICIA (van abajo)","SOCIEDAD"],"inLanguage":"es"},{"@type":"WebPage","@id":"https:\/\/diariotextual.com\/inicio\/index.php\/2026\/04\/28\/la-pampa-pionera-en-formacion-de-dirigentes-en-seguridad-social-de-la-argentina\/","url":"https:\/\/diariotextual.com\/inicio\/index.php\/2026\/04\/28\/la-pampa-pionera-en-formacion-de-dirigentes-en-seguridad-social-de-la-argentina\/","name":"La Pampa, pionera en formaci\u00f3n de dirigentes en seguridad social de la Argentina - Diario Textual","isPartOf":{"@id":"https:\/\/diariotextual.com\/inicio\/#website"},"primaryImageOfPage":{"@id":"https:\/\/diariotextual.com\/inicio\/index.php\/2026\/04\/28\/la-pampa-pionera-en-formacion-de-dirigentes-en-seguridad-social-de-la-argentina\/#primaryimage"},"image":{"@id":"https:\/\/diariotextual.com\/inicio\/index.php\/2026\/04\/28\/la-pampa-pionera-en-formacion-de-dirigentes-en-seguridad-social-de-la-argentina\/#primaryimage"},"thumbnailUrl":"https:\/\/diariotextual.com\/inicio\/wp-content\/uploads\/2026\/04\/abdomarull2026-111.jpg","datePublished":"2026-04-28T14:52:36+00:00","dateModified":"2026-04-28T14:54:26+00:00","breadcrumb":{"@id":"https:\/\/diariotextual.com\/inicio\/index.php\/2026\/04\/28\/la-pampa-pionera-en-formacion-de-dirigentes-en-seguridad-social-de-la-argentina\/#breadcrumb"},"inLanguage":"es","potentialAction":[{"@type":"ReadAction","target":["https:\/\/diariotextual.com\/inicio\/index.php\/2026\/04\/28\/la-pampa-pionera-en-formacion-de-dirigentes-en-seguridad-social-de-la-argentina\/"]}]},{"@type":"ImageObject","inLanguage":"es","@id":"https:\/\/diariotextual.com\/inicio\/index.php\/2026\/04\/28\/la-pampa-pionera-en-formacion-de-dirigentes-en-seguridad-social-de-la-argentina\/#primaryimage","url":"https:\/\/diariotextual.com\/inicio\/wp-content\/uploads\/2026\/04\/abdomarull2026-111.jpg","contentUrl":"https:\/\/diariotextual.com\/inicio\/wp-content\/uploads\/2026\/04\/abdomarull2026-111.jpg","width":698,"height":527},{"@type":"BreadcrumbList","@id":"https:\/\/diariotextual.com\/inicio\/index.php\/2026\/04\/28\/la-pampa-pionera-en-formacion-de-dirigentes-en-seguridad-social-de-la-argentina\/#breadcrumb","itemListElement":[{"@type":"ListItem","position":1,"name":"Portada","item":"https:\/\/diariotextual.com\/inicio\/"},{"@type":"ListItem","position":2,"name":"La Pampa, pionera en formaci\u00f3n de dirigentes en seguridad social de la Argentina"}]},{"@type":"WebSite","@id":"https:\/\/diariotextual.com\/inicio\/#website","url":"https:\/\/diariotextual.com\/inicio\/","name":"Diario Textual","description":"","publisher":{"@id":"https:\/\/diariotextual.com\/inicio\/#organization"},"potentialAction":[{"@type":"SearchAction","target":{"@type":"EntryPoint","urlTemplate":"https:\/\/diariotextual.com\/inicio\/?s={search_term_string}"},"query-input":{"@type":"PropertyValueSpecification","valueRequired":true,"valueName":"search_term_string"}}],"inLanguage":"es"},{"@type":"Organization","@id":"https:\/\/diariotextual.com\/inicio\/#organization","name":"Diario Textual","url":"https:\/\/diariotextual.com\/inicio\/","logo":{"@type":"ImageObject","inLanguage":"es","@id":"https:\/\/diariotextual.com\/inicio\/#\/schema\/logo\/image\/","url":"https:\/\/diariotextual.com\/inicio\/wp-content\/uploads\/2023\/05\/logotextual1.jpg","contentUrl":"https:\/\/diariotextual.com\/inicio\/wp-content\/uploads\/2023\/05\/logotextual1.jpg","width":516,"height":76,"caption":"Diario Textual"},"image":{"@id":"https:\/\/diariotextual.com\/inicio\/#\/schema\/logo\/image\/"},"sameAs":["https:\/\/www.facebook.com\/eltextual","https:\/\/x.com\/eltextual","http:\/\/www.instagram.com\/eltextual"]},{"@type":"Person","@id":"https:\/\/diariotextual.com\/inicio\/#\/schema\/person\/418fc4093c33e86ed41562db3508f958","name":"Diario1 Diario1","image":{"@type":"ImageObject","inLanguage":"es","@id":"https:\/\/secure.gravatar.com\/avatar\/9167d280179c85bc18be67aa7eda765854300033af4896dd779b608640f2ef7a?s=96&d=mm&r=g","url":"https:\/\/secure.gravatar.com\/avatar\/9167d280179c85bc18be67aa7eda765854300033af4896dd779b608640f2ef7a?s=96&d=mm&r=g","contentUrl":"https:\/\/secure.gravatar.com\/avatar\/9167d280179c85bc18be67aa7eda765854300033af4896dd779b608640f2ef7a?s=96&d=mm&r=g","caption":"Diario1 Diario1"},"url":"https:\/\/diariotextual.com\/inicio\/index.php\/author\/diario1\/"}]}},"_links":{"self":[{"href":"https:\/\/diariotextual.com\/inicio\/index.php\/wp-json\/wp\/v2\/posts\/325862","targetHints":{"allow":["GET"]}}],"collection":[{"href":"https:\/\/diariotextual.com\/inicio\/index.php\/wp-json\/wp\/v2\/posts"}],"about":[{"href":"https:\/\/diariotextual.com\/inicio\/index.php\/wp-json\/wp\/v2\/types\/post"}],"author":[{"embeddable":true,"href":"https:\/\/diariotextual.com\/inicio\/index.php\/wp-json\/wp\/v2\/users\/3"}],"replies":[{"embeddable":true,"href":"https:\/\/diariotextual.com\/inicio\/index.php\/wp-json\/wp\/v2\/comments?post=325862"}],"version-history":[{"count":2,"href":"https:\/\/diariotextual.com\/inicio\/index.php\/wp-json\/wp\/v2\/posts\/325862\/revisions"}],"predecessor-version":[{"id":325864,"href":"https:\/\/diariotextual.com\/inicio\/index.php\/wp-json\/wp\/v2\/posts\/325862\/revisions\/325864"}],"wp:featuredmedia":[{"embeddable":true,"href":"https:\/\/diariotextual.com\/inicio\/index.php\/wp-json\/wp\/v2\/media\/325865"}],"wp:attachment":[{"href":"https:\/\/diariotextual.com\/inicio\/index.php\/wp-json\/wp\/v2\/media?parent=325862"}],"wp:term":[{"taxonomy":"category","embeddable":true,"href":"https:\/\/diariotextual.com\/inicio\/index.php\/wp-json\/wp\/v2\/categories?post=325862"},{"taxonomy":"post_tag","embeddable":true,"href":"https:\/\/diariotextual.com\/inicio\/index.php\/wp-json\/wp\/v2\/tags?post=325862"}],"curies":[{"name":"wp","href":"https:\/\/api.w.org\/{rel}","templated":true}]}}