{"id":325868,"date":"2026-04-28T13:26:52","date_gmt":"2026-04-28T16:26:52","guid":{"rendered":"https:\/\/diariotextual.com\/inicio\/?p=325868"},"modified":"2026-04-28T17:44:56","modified_gmt":"2026-04-28T20:44:56","slug":"conflicto-en-ospida-schmidt-denuncio-internas-hablo-de-de-enganos-y-alerto-por-prestaciones-en-la-pampa","status":"publish","type":"post","link":"https:\/\/diariotextual.com\/inicio\/index.php\/2026\/04\/28\/conflicto-en-ospida-schmidt-denuncio-internas-hablo-de-de-enganos-y-alerto-por-prestaciones-en-la-pampa\/","title":{"rendered":"Conflicto en Ospida: Schmidt denunci\u00f3 internas, habl\u00f3 de \u201cenga\u00f1os\u201d y alert\u00f3 por prestaciones en La Pampa"},"content":{"rendered":"\n<p>El secretario general del <strong>Sindicato Gr\u00e1fico Patag\u00f3nico, An\u00edbal Schmidt<\/strong>, sali\u00f3 a intentar defenderse de las denuncias de<strong><a href=\"https:\/\/diariotextual.com\/inicio\/index.php\/2026\/04\/24\/graficos-expulsaron-al-pampeano-schmidt-de-la-fatida-y-denunciaron-irregularidades-por-millones-de-pesos\/\" target=\"_blank\" rel=\"noreferrer noopener\"> graves irregularidades financieras<\/a>,<\/strong> dijo que otros dirigentes aprovecharon su <strong>\u201cestado de vulnerabilidad\u201d<\/strong> para inducirlo a presentar la <strong>renuncia<\/strong> a sus cargos mediante <strong>\u00abenga\u00f1os y artilugios\u00bb<\/strong> y advirti\u00f3 de posibles <strong>inconvenientes en las prestaciones<\/strong> para afiliados en <strong>La Pampa<\/strong>.<\/p>\n\n\n\n<p>En rigor, <strong>Schmidt<\/strong> dio a conocer un <strong>comunicado de prensa<\/strong> a trav\u00e9s del gremio. Hasta ahora se hab\u00eda mantenido en <strong>silencio<\/strong>, luego de que fuera <strong>expulsado<\/strong> del cargo de secretario general de la <strong>Federaci\u00f3n Argentina de Trabajadores de la Imprenta, Diarios y Afines (Fatida)<\/strong> y su <strong>inhabilitaci\u00f3n permanente<\/strong> para ejercer cargos en la <strong>Obra Social del Personal de la Industria Gr\u00e1fica (Ospida)<\/strong>.<\/p>\n\n\n\n<p><strong>An\u00edbal Schmidt<\/strong> fue <strong>reelegido por unanimidad<\/strong> el 25 de noviembre de 2025 como secretario general de <strong>Fatida<\/strong> y presidente de <strong>Ospida nacional<\/strong> por un per\u00edodo de cuatro a\u00f1os. Sin embargo, el 16 de enero de 2026 debi\u00f3 someterse a una <strong>intervenci\u00f3n quir\u00fargica card\u00edaca<\/strong> en <strong>Buenos Aires<\/strong>, luego de la cual permaneci\u00f3 <strong>12 d\u00edas en coma<\/strong>.<\/p>\n\n\n\n<p>De acuerdo al comunicado dado a conocer por el propio <strong>Schmidt<\/strong>, durante su recuperaci\u00f3n el secretario adjunto y vicepresidente de <strong>Ospida, Marcelo Alcobendas<\/strong>, habr\u00eda aprovechado su <strong>estado de vulnerabilidad<\/strong> para inducirlo a presentar la <strong>renuncia<\/strong> a sus cargos. A partir de ese momento, dijo, se desat\u00f3 una serie de <strong>acusaciones internas<\/strong> y <strong>maniobras irregulares<\/strong>.<\/p>\n\n\n\n<p><\/p>\n\n\n\n<figure class=\"wp-block-embed is-type-wp-embed is-provider-diario-textual wp-block-embed-diario-textual\"><div class=\"wp-block-embed__wrapper\">\n<blockquote class=\"wp-embedded-content\" data-secret=\"vexKOkXAkE\"><a href=\"https:\/\/diariotextual.com\/inicio\/index.php\/2026\/04\/24\/graficos-expulsaron-al-pampeano-schmidt-de-la-fatida-y-denunciaron-irregularidades-por-millones-de-pesos\/\">Gr\u00e1ficos expulsaron al pampeano Schmidt de la Fatida y denunciaron irregularidades por millones de pesos<\/a><\/blockquote><iframe class=\"wp-embedded-content\" sandbox=\"allow-scripts\" security=\"restricted\" style=\"position: absolute; visibility: hidden;\" title=\"\u00abGr\u00e1ficos expulsaron al pampeano Schmidt de la Fatida y denunciaron irregularidades por millones de pesos\u00bb \u2014 Diario Textual\" src=\"https:\/\/diariotextual.com\/inicio\/index.php\/2026\/04\/24\/graficos-expulsaron-al-pampeano-schmidt-de-la-fatida-y-denunciaron-irregularidades-por-millones-de-pesos\/embed\/#?secret=YCiw2z3Alc#?secret=vexKOkXAkE\" data-secret=\"vexKOkXAkE\" width=\"600\" height=\"338\" frameborder=\"0\" marginwidth=\"0\" marginheight=\"0\" scrolling=\"no\"><\/iframe>\n<\/div><\/figure>\n\n\n\n<p><\/p>\n\n\n\n<p>En marzo de este a\u00f1o la <strong>Superintendencia de Servicios de Salud de la Naci\u00f3n<\/strong> design\u00f3 a <strong>Schmidt<\/strong> como <strong>presidente provisorio de Ospida<\/strong> por 60 d\u00edas. No obstante, denuncian que <strong>Alcobendas<\/strong> le habr\u00eda impedido <strong>asumir el cargo<\/strong>, pese a la <strong>designaci\u00f3n oficial<\/strong>.<\/p>\n\n\n\n<p>Adem\u00e1s, desde la conducci\u00f3n pampeana del gremio acusaron a <strong>Alcobendas<\/strong> de convocar <strong>reuniones y congresos nulos<\/strong>, con el objetivo de desplazar a <strong>Schmidt<\/strong>, y de <strong>autoproclamarse<\/strong> como presidente de la obra social y secretario general de <strong>Fatida<\/strong>. Como consecuencia de estas acciones, asegur\u00f3 el sindicato, se <strong>interrumpieron transferencias de fondos<\/strong> a la delegaci\u00f3n <strong>La Pampa<\/strong>, lo que afecta el <strong>pago a prestadores locales<\/strong>.<\/p>\n\n\n\n<p>Desde el sindicato indicaron que las <strong>irregularidades<\/strong> fueron denunciadas ante la <strong>Superintendencia de Servicios de Salud<\/strong> y la <strong>Secretar\u00eda de Trabajo de la Naci\u00f3n<\/strong>, y que tambi\u00e9n se radic\u00f3 una <strong>denuncia penal<\/strong> en el <strong>Juzgado Criminal y Correccional N\u00b0 46<\/strong>, con intervenci\u00f3n de la <strong>Fiscal\u00eda N\u00b0 28<\/strong>.<\/p>\n\n\n\n<p>Finalmente, remarcaron que durante m\u00e1s de <strong>30 a\u00f1os<\/strong> la obra social en <strong>La Pampa<\/strong> no registr\u00f3 <strong>cortes en sus servicios<\/strong>, m\u00e1s all\u00e1 de <strong>dificultades financieras<\/strong>. Sin embargo, advirtieron que la <strong>situaci\u00f3n actual<\/strong> podr\u00eda generar <strong>inconvenientes en la cobertura<\/strong> para los afiliados, debido al <strong>conflicto institucional<\/strong> que atraviesa la conducci\u00f3n de <strong>Ospida<\/strong>.<\/p>\n\n\n\n<p>Por lo pronto, la federaci\u00f3n y la obra social radicaron una\u00a0<strong>denuncia penal<\/strong>\u00a0ante la\u00a0<strong>Justicia nacional en lo criminal y correccional de la ciudad de Buenos Aires<\/strong>, donde se investiga la gesti\u00f3n de Schmidt.<\/p>\n\n\n\n<p>Seg\u00fan dijeron d\u00edas atr\u00e1s, se apoyaron en una\u00a0<strong>auditor\u00eda externa<\/strong>\u00a0que detect\u00f3\u00a0<strong>serias inconsistencias<\/strong>\u00a0en la rendici\u00f3n de cuentas de la obra social. Entre los hallazgos m\u00e1s relevantes, se identificaron\u00a0<strong>egresos sin respaldo documental<\/strong>\u00a0por\u00a0<strong>$295.522.734,59<\/strong>, lo que impidi\u00f3 verificar la trazabilidad completa de los fondos.<\/p>\n\n\n\n<p>El informe tambi\u00e9n se\u00f1al\u00f3&nbsp;<strong>transferencias por m\u00e1s de $301 millones<\/strong>&nbsp;destinadas al pago de salarios, cargas sociales e impuestos de empleados vinculados a un sindicato, sin que pudiera acreditarse su relaci\u00f3n directa con prestaciones de salud. A esto se sum\u00f3 un&nbsp;<strong>fuerte deterioro financiero<\/strong>: la deuda prestacional trep\u00f3 a&nbsp;<strong>$4.689 millones<\/strong>&nbsp;al 20 de febrero de 2026, con un incremento cercano al&nbsp;<strong>980%<\/strong>&nbsp;respecto del a\u00f1o anterior, situaci\u00f3n que ya provoc\u00f3 la&nbsp;<strong>interrupci\u00f3n de servicios<\/strong>&nbsp;por falta de pago a prestadores.<\/p>\n\n\n\n<p><\/p>\n","protected":false},"excerpt":{"rendered":"<p>El secretario general del Sindicato Gr\u00e1fico Patag\u00f3nico, An\u00edbal Schmidt, sali\u00f3 a intentar defenderse de las denuncias de graves irregularidades financieras, dijo que otros dirigentes aprovecharon su \u201cestado de vulnerabilidad\u201d para&hellip;<\/p>\n","protected":false},"author":3,"featured_media":323915,"comment_status":"closed","ping_status":"open","sticky":false,"template":"","format":"standard","meta":{"_acf_changed":false,"footnotes":""},"categories":[10,8],"tags":[],"class_list":["post-325868","post","type-post","status-publish","format-standard","has-post-thumbnail","hentry","category-portada-2","category-politica"],"acf":[],"yoast_head":"<!-- This site is optimized with the Yoast SEO plugin v27.5 - https:\/\/yoast.com\/product\/yoast-seo-wordpress\/ -->\n<title>Conflicto en Ospida: Schmidt denunci\u00f3 internas, habl\u00f3 de \u201cenga\u00f1os\u201d y alert\u00f3 por prestaciones en La Pampa - Diario Textual<\/title>\n<meta name=\"robots\" content=\"index, follow, max-snippet:-1, max-image-preview:large, max-video-preview:-1\" \/>\n<link rel=\"canonical\" href=\"https:\/\/diariotextual.com\/inicio\/index.php\/2026\/04\/28\/conflicto-en-ospida-schmidt-denuncio-internas-hablo-de-de-enganos-y-alerto-por-prestaciones-en-la-pampa\/\" \/>\n<meta property=\"og:locale\" content=\"es_ES\" \/>\n<meta property=\"og:type\" content=\"article\" \/>\n<meta property=\"og:title\" content=\"Conflicto en Ospida: Schmidt denunci\u00f3 internas, habl\u00f3 de \u201cenga\u00f1os\u201d y alert\u00f3 por prestaciones en La Pampa - Diario Textual\" \/>\n<meta property=\"og:description\" content=\"El secretario general del Sindicato Gr\u00e1fico Patag\u00f3nico, An\u00edbal Schmidt, sali\u00f3 a intentar defenderse de las denuncias de graves irregularidades financieras, dijo que otros dirigentes aprovecharon su \u201cestado de vulnerabilidad\u201d para&hellip;\" \/>\n<meta property=\"og:url\" content=\"https:\/\/diariotextual.com\/inicio\/index.php\/2026\/04\/28\/conflicto-en-ospida-schmidt-denuncio-internas-hablo-de-de-enganos-y-alerto-por-prestaciones-en-la-pampa\/\" \/>\n<meta property=\"og:site_name\" content=\"Diario Textual\" \/>\n<meta property=\"article:publisher\" content=\"https:\/\/www.facebook.com\/eltextual\" \/>\n<meta property=\"article:published_time\" content=\"2026-04-28T16:26:52+00:00\" \/>\n<meta property=\"article:modified_time\" content=\"2026-04-28T20:44:56+00:00\" \/>\n<meta property=\"og:image\" content=\"https:\/\/diariotextual.com\/inicio\/wp-content\/uploads\/2026\/04\/schmidtanibal2026.jpg\" \/>\n\t<meta property=\"og:image:width\" content=\"525\" \/>\n\t<meta property=\"og:image:height\" content=\"366\" \/>\n\t<meta property=\"og:image:type\" content=\"image\/jpeg\" \/>\n<meta name=\"author\" content=\"Diario1 Diario1\" \/>\n<meta name=\"twitter:card\" content=\"summary_large_image\" \/>\n<meta name=\"twitter:creator\" content=\"@eltextual\" \/>\n<meta name=\"twitter:site\" content=\"@eltextual\" \/>\n<meta name=\"twitter:label1\" content=\"Escrito por\" \/>\n\t<meta name=\"twitter:data1\" content=\"Diario1 Diario1\" \/>\n\t<meta name=\"twitter:label2\" content=\"Tiempo de lectura\" \/>\n\t<meta name=\"twitter:data2\" content=\"1 minuto\" \/>\n<script type=\"application\/ld+json\" class=\"yoast-schema-graph\">{\"@context\":\"https:\\\/\\\/schema.org\",\"@graph\":[{\"@type\":\"Article\",\"@id\":\"https:\\\/\\\/diariotextual.com\\\/inicio\\\/index.php\\\/2026\\\/04\\\/28\\\/conflicto-en-ospida-schmidt-denuncio-internas-hablo-de-de-enganos-y-alerto-por-prestaciones-en-la-pampa\\\/#article\",\"isPartOf\":{\"@id\":\"https:\\\/\\\/diariotextual.com\\\/inicio\\\/index.php\\\/2026\\\/04\\\/28\\\/conflicto-en-ospida-schmidt-denuncio-internas-hablo-de-de-enganos-y-alerto-por-prestaciones-en-la-pampa\\\/\"},\"author\":{\"name\":\"Diario1 Diario1\",\"@id\":\"https:\\\/\\\/diariotextual.com\\\/inicio\\\/#\\\/schema\\\/person\\\/418fc4093c33e86ed41562db3508f958\"},\"headline\":\"Conflicto en Ospida: Schmidt denunci\u00f3 internas, habl\u00f3 de \u201cenga\u00f1os\u201d y alert\u00f3 por prestaciones en La Pampa\",\"datePublished\":\"2026-04-28T16:26:52+00:00\",\"dateModified\":\"2026-04-28T20:44:56+00:00\",\"mainEntityOfPage\":{\"@id\":\"https:\\\/\\\/diariotextual.com\\\/inicio\\\/index.php\\\/2026\\\/04\\\/28\\\/conflicto-en-ospida-schmidt-denuncio-internas-hablo-de-de-enganos-y-alerto-por-prestaciones-en-la-pampa\\\/\"},\"wordCount\":660,\"publisher\":{\"@id\":\"https:\\\/\\\/diariotextual.com\\\/inicio\\\/#organization\"},\"image\":{\"@id\":\"https:\\\/\\\/diariotextual.com\\\/inicio\\\/index.php\\\/2026\\\/04\\\/28\\\/conflicto-en-ospida-schmidt-denuncio-internas-hablo-de-de-enganos-y-alerto-por-prestaciones-en-la-pampa\\\/#primaryimage\"},\"thumbnailUrl\":\"https:\\\/\\\/diariotextual.com\\\/inicio\\\/wp-content\\\/uploads\\\/2026\\\/04\\\/schmidtanibal2026.jpg\",\"articleSection\":[\"A - PORTADA2\",\"POLITICA\"],\"inLanguage\":\"es\"},{\"@type\":\"WebPage\",\"@id\":\"https:\\\/\\\/diariotextual.com\\\/inicio\\\/index.php\\\/2026\\\/04\\\/28\\\/conflicto-en-ospida-schmidt-denuncio-internas-hablo-de-de-enganos-y-alerto-por-prestaciones-en-la-pampa\\\/\",\"url\":\"https:\\\/\\\/diariotextual.com\\\/inicio\\\/index.php\\\/2026\\\/04\\\/28\\\/conflicto-en-ospida-schmidt-denuncio-internas-hablo-de-de-enganos-y-alerto-por-prestaciones-en-la-pampa\\\/\",\"name\":\"Conflicto en Ospida: Schmidt denunci\u00f3 internas, habl\u00f3 de \u201cenga\u00f1os\u201d y alert\u00f3 por prestaciones en La Pampa - Diario Textual\",\"isPartOf\":{\"@id\":\"https:\\\/\\\/diariotextual.com\\\/inicio\\\/#website\"},\"primaryImageOfPage\":{\"@id\":\"https:\\\/\\\/diariotextual.com\\\/inicio\\\/index.php\\\/2026\\\/04\\\/28\\\/conflicto-en-ospida-schmidt-denuncio-internas-hablo-de-de-enganos-y-alerto-por-prestaciones-en-la-pampa\\\/#primaryimage\"},\"image\":{\"@id\":\"https:\\\/\\\/diariotextual.com\\\/inicio\\\/index.php\\\/2026\\\/04\\\/28\\\/conflicto-en-ospida-schmidt-denuncio-internas-hablo-de-de-enganos-y-alerto-por-prestaciones-en-la-pampa\\\/#primaryimage\"},\"thumbnailUrl\":\"https:\\\/\\\/diariotextual.com\\\/inicio\\\/wp-content\\\/uploads\\\/2026\\\/04\\\/schmidtanibal2026.jpg\",\"datePublished\":\"2026-04-28T16:26:52+00:00\",\"dateModified\":\"2026-04-28T20:44:56+00:00\",\"breadcrumb\":{\"@id\":\"https:\\\/\\\/diariotextual.com\\\/inicio\\\/index.php\\\/2026\\\/04\\\/28\\\/conflicto-en-ospida-schmidt-denuncio-internas-hablo-de-de-enganos-y-alerto-por-prestaciones-en-la-pampa\\\/#breadcrumb\"},\"inLanguage\":\"es\",\"potentialAction\":[{\"@type\":\"ReadAction\",\"target\":[\"https:\\\/\\\/diariotextual.com\\\/inicio\\\/index.php\\\/2026\\\/04\\\/28\\\/conflicto-en-ospida-schmidt-denuncio-internas-hablo-de-de-enganos-y-alerto-por-prestaciones-en-la-pampa\\\/\"]}]},{\"@type\":\"ImageObject\",\"inLanguage\":\"es\",\"@id\":\"https:\\\/\\\/diariotextual.com\\\/inicio\\\/index.php\\\/2026\\\/04\\\/28\\\/conflicto-en-ospida-schmidt-denuncio-internas-hablo-de-de-enganos-y-alerto-por-prestaciones-en-la-pampa\\\/#primaryimage\",\"url\":\"https:\\\/\\\/diariotextual.com\\\/inicio\\\/wp-content\\\/uploads\\\/2026\\\/04\\\/schmidtanibal2026.jpg\",\"contentUrl\":\"https:\\\/\\\/diariotextual.com\\\/inicio\\\/wp-content\\\/uploads\\\/2026\\\/04\\\/schmidtanibal2026.jpg\",\"width\":525,\"height\":366},{\"@type\":\"BreadcrumbList\",\"@id\":\"https:\\\/\\\/diariotextual.com\\\/inicio\\\/index.php\\\/2026\\\/04\\\/28\\\/conflicto-en-ospida-schmidt-denuncio-internas-hablo-de-de-enganos-y-alerto-por-prestaciones-en-la-pampa\\\/#breadcrumb\",\"itemListElement\":[{\"@type\":\"ListItem\",\"position\":1,\"name\":\"Portada\",\"item\":\"https:\\\/\\\/diariotextual.com\\\/inicio\\\/\"},{\"@type\":\"ListItem\",\"position\":2,\"name\":\"Conflicto en Ospida: Schmidt denunci\u00f3 internas, habl\u00f3 de \u201cenga\u00f1os\u201d y alert\u00f3 por prestaciones en La Pampa\"}]},{\"@type\":\"WebSite\",\"@id\":\"https:\\\/\\\/diariotextual.com\\\/inicio\\\/#website\",\"url\":\"https:\\\/\\\/diariotextual.com\\\/inicio\\\/\",\"name\":\"Diario Textual\",\"description\":\"\",\"publisher\":{\"@id\":\"https:\\\/\\\/diariotextual.com\\\/inicio\\\/#organization\"},\"potentialAction\":[{\"@type\":\"SearchAction\",\"target\":{\"@type\":\"EntryPoint\",\"urlTemplate\":\"https:\\\/\\\/diariotextual.com\\\/inicio\\\/?s={search_term_string}\"},\"query-input\":{\"@type\":\"PropertyValueSpecification\",\"valueRequired\":true,\"valueName\":\"search_term_string\"}}],\"inLanguage\":\"es\"},{\"@type\":\"Organization\",\"@id\":\"https:\\\/\\\/diariotextual.com\\\/inicio\\\/#organization\",\"name\":\"Diario Textual\",\"url\":\"https:\\\/\\\/diariotextual.com\\\/inicio\\\/\",\"logo\":{\"@type\":\"ImageObject\",\"inLanguage\":\"es\",\"@id\":\"https:\\\/\\\/diariotextual.com\\\/inicio\\\/#\\\/schema\\\/logo\\\/image\\\/\",\"url\":\"https:\\\/\\\/diariotextual.com\\\/inicio\\\/wp-content\\\/uploads\\\/2023\\\/05\\\/logotextual1.jpg\",\"contentUrl\":\"https:\\\/\\\/diariotextual.com\\\/inicio\\\/wp-content\\\/uploads\\\/2023\\\/05\\\/logotextual1.jpg\",\"width\":516,\"height\":76,\"caption\":\"Diario Textual\"},\"image\":{\"@id\":\"https:\\\/\\\/diariotextual.com\\\/inicio\\\/#\\\/schema\\\/logo\\\/image\\\/\"},\"sameAs\":[\"https:\\\/\\\/www.facebook.com\\\/eltextual\",\"https:\\\/\\\/x.com\\\/eltextual\",\"http:\\\/\\\/www.instagram.com\\\/eltextual\"]},{\"@type\":\"Person\",\"@id\":\"https:\\\/\\\/diariotextual.com\\\/inicio\\\/#\\\/schema\\\/person\\\/418fc4093c33e86ed41562db3508f958\",\"name\":\"Diario1 Diario1\",\"image\":{\"@type\":\"ImageObject\",\"inLanguage\":\"es\",\"@id\":\"https:\\\/\\\/secure.gravatar.com\\\/avatar\\\/9167d280179c85bc18be67aa7eda765854300033af4896dd779b608640f2ef7a?s=96&d=mm&r=g\",\"url\":\"https:\\\/\\\/secure.gravatar.com\\\/avatar\\\/9167d280179c85bc18be67aa7eda765854300033af4896dd779b608640f2ef7a?s=96&d=mm&r=g\",\"contentUrl\":\"https:\\\/\\\/secure.gravatar.com\\\/avatar\\\/9167d280179c85bc18be67aa7eda765854300033af4896dd779b608640f2ef7a?s=96&d=mm&r=g\",\"caption\":\"Diario1 Diario1\"},\"url\":\"https:\\\/\\\/diariotextual.com\\\/inicio\\\/index.php\\\/author\\\/diario1\\\/\"}]}<\/script>\n<!-- \/ Yoast SEO plugin. -->","yoast_head_json":{"title":"Conflicto en Ospida: Schmidt denunci\u00f3 internas, habl\u00f3 de \u201cenga\u00f1os\u201d y alert\u00f3 por prestaciones en La Pampa - Diario Textual","robots":{"index":"index","follow":"follow","max-snippet":"max-snippet:-1","max-image-preview":"max-image-preview:large","max-video-preview":"max-video-preview:-1"},"canonical":"https:\/\/diariotextual.com\/inicio\/index.php\/2026\/04\/28\/conflicto-en-ospida-schmidt-denuncio-internas-hablo-de-de-enganos-y-alerto-por-prestaciones-en-la-pampa\/","og_locale":"es_ES","og_type":"article","og_title":"Conflicto en Ospida: Schmidt denunci\u00f3 internas, habl\u00f3 de \u201cenga\u00f1os\u201d y alert\u00f3 por prestaciones en La Pampa - Diario Textual","og_description":"El secretario general del Sindicato Gr\u00e1fico Patag\u00f3nico, An\u00edbal Schmidt, sali\u00f3 a intentar defenderse de las denuncias de graves irregularidades financieras, dijo que otros dirigentes aprovecharon su \u201cestado de vulnerabilidad\u201d para&hellip;","og_url":"https:\/\/diariotextual.com\/inicio\/index.php\/2026\/04\/28\/conflicto-en-ospida-schmidt-denuncio-internas-hablo-de-de-enganos-y-alerto-por-prestaciones-en-la-pampa\/","og_site_name":"Diario Textual","article_publisher":"https:\/\/www.facebook.com\/eltextual","article_published_time":"2026-04-28T16:26:52+00:00","article_modified_time":"2026-04-28T20:44:56+00:00","og_image":[{"width":525,"height":366,"url":"https:\/\/diariotextual.com\/inicio\/wp-content\/uploads\/2026\/04\/schmidtanibal2026.jpg","type":"image\/jpeg"}],"author":"Diario1 Diario1","twitter_card":"summary_large_image","twitter_creator":"@eltextual","twitter_site":"@eltextual","twitter_misc":{"Escrito por":"Diario1 Diario1","Tiempo de lectura":"1 minuto"},"schema":{"@context":"https:\/\/schema.org","@graph":[{"@type":"Article","@id":"https:\/\/diariotextual.com\/inicio\/index.php\/2026\/04\/28\/conflicto-en-ospida-schmidt-denuncio-internas-hablo-de-de-enganos-y-alerto-por-prestaciones-en-la-pampa\/#article","isPartOf":{"@id":"https:\/\/diariotextual.com\/inicio\/index.php\/2026\/04\/28\/conflicto-en-ospida-schmidt-denuncio-internas-hablo-de-de-enganos-y-alerto-por-prestaciones-en-la-pampa\/"},"author":{"name":"Diario1 Diario1","@id":"https:\/\/diariotextual.com\/inicio\/#\/schema\/person\/418fc4093c33e86ed41562db3508f958"},"headline":"Conflicto en Ospida: Schmidt denunci\u00f3 internas, habl\u00f3 de \u201cenga\u00f1os\u201d y alert\u00f3 por prestaciones en La Pampa","datePublished":"2026-04-28T16:26:52+00:00","dateModified":"2026-04-28T20:44:56+00:00","mainEntityOfPage":{"@id":"https:\/\/diariotextual.com\/inicio\/index.php\/2026\/04\/28\/conflicto-en-ospida-schmidt-denuncio-internas-hablo-de-de-enganos-y-alerto-por-prestaciones-en-la-pampa\/"},"wordCount":660,"publisher":{"@id":"https:\/\/diariotextual.com\/inicio\/#organization"},"image":{"@id":"https:\/\/diariotextual.com\/inicio\/index.php\/2026\/04\/28\/conflicto-en-ospida-schmidt-denuncio-internas-hablo-de-de-enganos-y-alerto-por-prestaciones-en-la-pampa\/#primaryimage"},"thumbnailUrl":"https:\/\/diariotextual.com\/inicio\/wp-content\/uploads\/2026\/04\/schmidtanibal2026.jpg","articleSection":["A - PORTADA2","POLITICA"],"inLanguage":"es"},{"@type":"WebPage","@id":"https:\/\/diariotextual.com\/inicio\/index.php\/2026\/04\/28\/conflicto-en-ospida-schmidt-denuncio-internas-hablo-de-de-enganos-y-alerto-por-prestaciones-en-la-pampa\/","url":"https:\/\/diariotextual.com\/inicio\/index.php\/2026\/04\/28\/conflicto-en-ospida-schmidt-denuncio-internas-hablo-de-de-enganos-y-alerto-por-prestaciones-en-la-pampa\/","name":"Conflicto en Ospida: Schmidt denunci\u00f3 internas, habl\u00f3 de \u201cenga\u00f1os\u201d y alert\u00f3 por prestaciones en La Pampa - Diario Textual","isPartOf":{"@id":"https:\/\/diariotextual.com\/inicio\/#website"},"primaryImageOfPage":{"@id":"https:\/\/diariotextual.com\/inicio\/index.php\/2026\/04\/28\/conflicto-en-ospida-schmidt-denuncio-internas-hablo-de-de-enganos-y-alerto-por-prestaciones-en-la-pampa\/#primaryimage"},"image":{"@id":"https:\/\/diariotextual.com\/inicio\/index.php\/2026\/04\/28\/conflicto-en-ospida-schmidt-denuncio-internas-hablo-de-de-enganos-y-alerto-por-prestaciones-en-la-pampa\/#primaryimage"},"thumbnailUrl":"https:\/\/diariotextual.com\/inicio\/wp-content\/uploads\/2026\/04\/schmidtanibal2026.jpg","datePublished":"2026-04-28T16:26:52+00:00","dateModified":"2026-04-28T20:44:56+00:00","breadcrumb":{"@id":"https:\/\/diariotextual.com\/inicio\/index.php\/2026\/04\/28\/conflicto-en-ospida-schmidt-denuncio-internas-hablo-de-de-enganos-y-alerto-por-prestaciones-en-la-pampa\/#breadcrumb"},"inLanguage":"es","potentialAction":[{"@type":"ReadAction","target":["https:\/\/diariotextual.com\/inicio\/index.php\/2026\/04\/28\/conflicto-en-ospida-schmidt-denuncio-internas-hablo-de-de-enganos-y-alerto-por-prestaciones-en-la-pampa\/"]}]},{"@type":"ImageObject","inLanguage":"es","@id":"https:\/\/diariotextual.com\/inicio\/index.php\/2026\/04\/28\/conflicto-en-ospida-schmidt-denuncio-internas-hablo-de-de-enganos-y-alerto-por-prestaciones-en-la-pampa\/#primaryimage","url":"https:\/\/diariotextual.com\/inicio\/wp-content\/uploads\/2026\/04\/schmidtanibal2026.jpg","contentUrl":"https:\/\/diariotextual.com\/inicio\/wp-content\/uploads\/2026\/04\/schmidtanibal2026.jpg","width":525,"height":366},{"@type":"BreadcrumbList","@id":"https:\/\/diariotextual.com\/inicio\/index.php\/2026\/04\/28\/conflicto-en-ospida-schmidt-denuncio-internas-hablo-de-de-enganos-y-alerto-por-prestaciones-en-la-pampa\/#breadcrumb","itemListElement":[{"@type":"ListItem","position":1,"name":"Portada","item":"https:\/\/diariotextual.com\/inicio\/"},{"@type":"ListItem","position":2,"name":"Conflicto en Ospida: Schmidt denunci\u00f3 internas, habl\u00f3 de \u201cenga\u00f1os\u201d y alert\u00f3 por prestaciones en La Pampa"}]},{"@type":"WebSite","@id":"https:\/\/diariotextual.com\/inicio\/#website","url":"https:\/\/diariotextual.com\/inicio\/","name":"Diario Textual","description":"","publisher":{"@id":"https:\/\/diariotextual.com\/inicio\/#organization"},"potentialAction":[{"@type":"SearchAction","target":{"@type":"EntryPoint","urlTemplate":"https:\/\/diariotextual.com\/inicio\/?s={search_term_string}"},"query-input":{"@type":"PropertyValueSpecification","valueRequired":true,"valueName":"search_term_string"}}],"inLanguage":"es"},{"@type":"Organization","@id":"https:\/\/diariotextual.com\/inicio\/#organization","name":"Diario Textual","url":"https:\/\/diariotextual.com\/inicio\/","logo":{"@type":"ImageObject","inLanguage":"es","@id":"https:\/\/diariotextual.com\/inicio\/#\/schema\/logo\/image\/","url":"https:\/\/diariotextual.com\/inicio\/wp-content\/uploads\/2023\/05\/logotextual1.jpg","contentUrl":"https:\/\/diariotextual.com\/inicio\/wp-content\/uploads\/2023\/05\/logotextual1.jpg","width":516,"height":76,"caption":"Diario Textual"},"image":{"@id":"https:\/\/diariotextual.com\/inicio\/#\/schema\/logo\/image\/"},"sameAs":["https:\/\/www.facebook.com\/eltextual","https:\/\/x.com\/eltextual","http:\/\/www.instagram.com\/eltextual"]},{"@type":"Person","@id":"https:\/\/diariotextual.com\/inicio\/#\/schema\/person\/418fc4093c33e86ed41562db3508f958","name":"Diario1 Diario1","image":{"@type":"ImageObject","inLanguage":"es","@id":"https:\/\/secure.gravatar.com\/avatar\/9167d280179c85bc18be67aa7eda765854300033af4896dd779b608640f2ef7a?s=96&d=mm&r=g","url":"https:\/\/secure.gravatar.com\/avatar\/9167d280179c85bc18be67aa7eda765854300033af4896dd779b608640f2ef7a?s=96&d=mm&r=g","contentUrl":"https:\/\/secure.gravatar.com\/avatar\/9167d280179c85bc18be67aa7eda765854300033af4896dd779b608640f2ef7a?s=96&d=mm&r=g","caption":"Diario1 Diario1"},"url":"https:\/\/diariotextual.com\/inicio\/index.php\/author\/diario1\/"}]}},"_links":{"self":[{"href":"https:\/\/diariotextual.com\/inicio\/index.php\/wp-json\/wp\/v2\/posts\/325868","targetHints":{"allow":["GET"]}}],"collection":[{"href":"https:\/\/diariotextual.com\/inicio\/index.php\/wp-json\/wp\/v2\/posts"}],"about":[{"href":"https:\/\/diariotextual.com\/inicio\/index.php\/wp-json\/wp\/v2\/types\/post"}],"author":[{"embeddable":true,"href":"https:\/\/diariotextual.com\/inicio\/index.php\/wp-json\/wp\/v2\/users\/3"}],"replies":[{"embeddable":true,"href":"https:\/\/diariotextual.com\/inicio\/index.php\/wp-json\/wp\/v2\/comments?post=325868"}],"version-history":[{"count":7,"href":"https:\/\/diariotextual.com\/inicio\/index.php\/wp-json\/wp\/v2\/posts\/325868\/revisions"}],"predecessor-version":[{"id":325876,"href":"https:\/\/diariotextual.com\/inicio\/index.php\/wp-json\/wp\/v2\/posts\/325868\/revisions\/325876"}],"wp:featuredmedia":[{"embeddable":true,"href":"https:\/\/diariotextual.com\/inicio\/index.php\/wp-json\/wp\/v2\/media\/323915"}],"wp:attachment":[{"href":"https:\/\/diariotextual.com\/inicio\/index.php\/wp-json\/wp\/v2\/media?parent=325868"}],"wp:term":[{"taxonomy":"category","embeddable":true,"href":"https:\/\/diariotextual.com\/inicio\/index.php\/wp-json\/wp\/v2\/categories?post=325868"},{"taxonomy":"post_tag","embeddable":true,"href":"https:\/\/diariotextual.com\/inicio\/index.php\/wp-json\/wp\/v2\/tags?post=325868"}],"curies":[{"name":"wp","href":"https:\/\/api.w.org\/{rel}","templated":true}]}}