{"id":325879,"date":"2026-04-28T14:15:41","date_gmt":"2026-04-28T17:15:41","guid":{"rendered":"https:\/\/diariotextual.com\/inicio\/?p=325879"},"modified":"2026-04-28T14:15:43","modified_gmt":"2026-04-28T17:15:43","slug":"crisis-en-el-turismo-finde-largo-con-muy-baja-ocupacion-hotelera-en-santa-rosa","status":"publish","type":"post","link":"https:\/\/diariotextual.com\/inicio\/index.php\/2026\/04\/28\/crisis-en-el-turismo-finde-largo-con-muy-baja-ocupacion-hotelera-en-santa-rosa\/","title":{"rendered":"Crisis en el turismo: finde largo con muy baja ocupaci\u00f3n hotelera en Santa Rosa"},"content":{"rendered":"\n<p>Las consecuencias de las pol\u00edticas econ\u00f3micas nacionales se notan ahora fuertemente en el<strong> \u00e1mbito hotelero gastron\u00f3mico <\/strong>de La Pampa, que <strong>sufre marcadas ca\u00eddas mensuales. <\/strong>En v\u00edsperas de un fin de semana largo, la <strong>expectativa es muy baja <\/strong>en Santa Rosa que muestra un nivel de ocupaci\u00f3n que no supera el 15 por ciento de sus camas, de acuerdo a hoteleros locales consultados.<br><br>Los representantes del sector manifestaron que <strong>la demanda cay\u00f3 este a\u00f1o el orden del diez por ciento<\/strong>, una cifra que se suma a la ya pobre actualidad que se vivi\u00f3 en 2025 que estuvo marcado por un pronunciado descenso en el consumo hotelero gastron\u00f3mico. <\/p>\n\n\n\n<p>\u201cEn estos cuatro meses que llevamos de 2026 baj\u00f3 entre un cinco y un diez por ciento la actividad, que ya ven\u00eda en baja. Pero adem\u00e1s de la faz econ\u00f3mica nos perjudica much\u00edsimo la realidad de rutas nacionales claves que atraviesan la provincia, como aquellas que conducen a la zona de Casa de Piedra o 25 de Mayo, que no est\u00e1n en buenas condiciones\u201d, puntualiz\u00f3 Sergio Vega, integrante de la comisi\u00f3n directiva de Fehgra La Pampa. Justamente el estado de esas rutas es una constante demanda que la Provincia viene elevando en vano a la Naci\u00f3n para que sean<br>refaccionadas.<br><br>Si no hay alg\u00fan acontecimiento en la provincia o la ciudad la ocupaci\u00f3n es casi nula tambi\u00e9n durante los fines de semana largos. <strong>\u201cLos \u00fanicos que nos han ayudado fueron los Juegos Deportivos Pampeanos, los Epade o los de la Araucan\u00eda\u201d<\/strong>, resalt\u00f3 a Diario Textual.<br><br>A todo esto, <strong>trabajadores ocasionales que se suman en \u201ctemporada alta\u201d fueron despedidos<\/strong> al tiempo que los propietarios hacen lo imposible para no echar personal de planta. \u201cAlgunos sacan dinero de su bolsillo para afrontar pagos salariales y mantener a todos los empleados\u201d, revel\u00f3 Vega, a la vez encargado del hotel Lihu\u00e9 Calel.<br><br>El viernes es feriado nacional porque se conmemora el D\u00eda del Trabajador, fecha que abre un nuevo fin de semana largo en el pa\u00eds. <strong>\u201cLa ocupaci\u00f3n est\u00e1 al 15 por ciento cuando deber\u00eda estar al 60 por ciento teniendo en cuenta que estamos muy cerquita del finde: esa es la realidad\u201d, <\/strong>lament\u00f3.<\/p>\n","protected":false},"excerpt":{"rendered":"<p>Las consecuencias de las pol\u00edticas econ\u00f3micas nacionales se notan ahora fuertemente en el \u00e1mbito hotelero gastron\u00f3mico de La Pampa, que sufre marcadas ca\u00eddas mensuales. En v\u00edsperas de un fin de&hellip;<\/p>\n","protected":false},"author":4,"featured_media":295947,"comment_status":"closed","ping_status":"open","sticky":false,"template":"","format":"standard","meta":{"_acf_changed":false,"footnotes":""},"categories":[4,12],"tags":[],"class_list":["post-325879","post","type-post","status-publish","format-standard","has-post-thumbnail","hentry","category-destacadas","category-sociedad"],"acf":[],"yoast_head":"<!-- This site is optimized with the Yoast SEO plugin v27.5 - https:\/\/yoast.com\/product\/yoast-seo-wordpress\/ -->\n<title>Crisis en el turismo: finde largo con muy baja ocupaci\u00f3n hotelera en Santa Rosa - Diario Textual<\/title>\n<meta name=\"robots\" content=\"index, follow, max-snippet:-1, max-image-preview:large, max-video-preview:-1\" \/>\n<link rel=\"canonical\" href=\"https:\/\/diariotextual.com\/inicio\/index.php\/2026\/04\/28\/crisis-en-el-turismo-finde-largo-con-muy-baja-ocupacion-hotelera-en-santa-rosa\/\" \/>\n<meta property=\"og:locale\" content=\"es_ES\" \/>\n<meta property=\"og:type\" content=\"article\" \/>\n<meta property=\"og:title\" content=\"Crisis en el turismo: finde largo con muy baja ocupaci\u00f3n hotelera en Santa Rosa - Diario Textual\" \/>\n<meta property=\"og:description\" content=\"Las consecuencias de las pol\u00edticas econ\u00f3micas nacionales se notan ahora fuertemente en el \u00e1mbito hotelero gastron\u00f3mico de La Pampa, que sufre marcadas ca\u00eddas mensuales. En v\u00edsperas de un fin de&hellip;\" \/>\n<meta property=\"og:url\" content=\"https:\/\/diariotextual.com\/inicio\/index.php\/2026\/04\/28\/crisis-en-el-turismo-finde-largo-con-muy-baja-ocupacion-hotelera-en-santa-rosa\/\" \/>\n<meta property=\"og:site_name\" content=\"Diario Textual\" \/>\n<meta property=\"article:publisher\" content=\"https:\/\/www.facebook.com\/eltextual\" \/>\n<meta property=\"article:published_time\" content=\"2026-04-28T17:15:41+00:00\" \/>\n<meta property=\"article:modified_time\" content=\"2026-04-28T17:15:43+00:00\" \/>\n<meta property=\"og:image\" content=\"https:\/\/diariotextual.com\/inicio\/wp-content\/uploads\/2025\/05\/naicopenaturismo5326.jpg\" \/>\n\t<meta property=\"og:image:width\" content=\"1000\" \/>\n\t<meta property=\"og:image:height\" content=\"668\" \/>\n\t<meta property=\"og:image:type\" content=\"image\/jpeg\" \/>\n<meta name=\"author\" content=\"diario2\" \/>\n<meta name=\"twitter:card\" content=\"summary_large_image\" \/>\n<meta name=\"twitter:creator\" content=\"@eltextual\" \/>\n<meta name=\"twitter:site\" content=\"@eltextual\" \/>\n<meta name=\"twitter:label1\" content=\"Escrito por\" \/>\n\t<meta name=\"twitter:data1\" content=\"diario2\" \/>\n\t<meta name=\"twitter:label2\" content=\"Tiempo de lectura\" \/>\n\t<meta name=\"twitter:data2\" content=\"2 minutos\" \/>\n<script type=\"application\/ld+json\" class=\"yoast-schema-graph\">{\"@context\":\"https:\\\/\\\/schema.org\",\"@graph\":[{\"@type\":\"Article\",\"@id\":\"https:\\\/\\\/diariotextual.com\\\/inicio\\\/index.php\\\/2026\\\/04\\\/28\\\/crisis-en-el-turismo-finde-largo-con-muy-baja-ocupacion-hotelera-en-santa-rosa\\\/#article\",\"isPartOf\":{\"@id\":\"https:\\\/\\\/diariotextual.com\\\/inicio\\\/index.php\\\/2026\\\/04\\\/28\\\/crisis-en-el-turismo-finde-largo-con-muy-baja-ocupacion-hotelera-en-santa-rosa\\\/\"},\"author\":{\"name\":\"diario2\",\"@id\":\"https:\\\/\\\/diariotextual.com\\\/inicio\\\/#\\\/schema\\\/person\\\/694f60677f23c4a530867a98f22b3768\"},\"headline\":\"Crisis en el turismo: finde largo con muy baja ocupaci\u00f3n hotelera en Santa Rosa\",\"datePublished\":\"2026-04-28T17:15:41+00:00\",\"dateModified\":\"2026-04-28T17:15:43+00:00\",\"mainEntityOfPage\":{\"@id\":\"https:\\\/\\\/diariotextual.com\\\/inicio\\\/index.php\\\/2026\\\/04\\\/28\\\/crisis-en-el-turismo-finde-largo-con-muy-baja-ocupacion-hotelera-en-santa-rosa\\\/\"},\"wordCount\":387,\"publisher\":{\"@id\":\"https:\\\/\\\/diariotextual.com\\\/inicio\\\/#organization\"},\"image\":{\"@id\":\"https:\\\/\\\/diariotextual.com\\\/inicio\\\/index.php\\\/2026\\\/04\\\/28\\\/crisis-en-el-turismo-finde-largo-con-muy-baja-ocupacion-hotelera-en-santa-rosa\\\/#primaryimage\"},\"thumbnailUrl\":\"https:\\\/\\\/diariotextual.com\\\/inicio\\\/wp-content\\\/uploads\\\/2025\\\/05\\\/naicopenaturismo5326.jpg\",\"articleSection\":[\"A - DESTACADAS (mod 16)\",\"SOCIEDAD\"],\"inLanguage\":\"es\"},{\"@type\":\"WebPage\",\"@id\":\"https:\\\/\\\/diariotextual.com\\\/inicio\\\/index.php\\\/2026\\\/04\\\/28\\\/crisis-en-el-turismo-finde-largo-con-muy-baja-ocupacion-hotelera-en-santa-rosa\\\/\",\"url\":\"https:\\\/\\\/diariotextual.com\\\/inicio\\\/index.php\\\/2026\\\/04\\\/28\\\/crisis-en-el-turismo-finde-largo-con-muy-baja-ocupacion-hotelera-en-santa-rosa\\\/\",\"name\":\"Crisis en el turismo: finde largo con muy baja ocupaci\u00f3n hotelera en Santa Rosa - Diario Textual\",\"isPartOf\":{\"@id\":\"https:\\\/\\\/diariotextual.com\\\/inicio\\\/#website\"},\"primaryImageOfPage\":{\"@id\":\"https:\\\/\\\/diariotextual.com\\\/inicio\\\/index.php\\\/2026\\\/04\\\/28\\\/crisis-en-el-turismo-finde-largo-con-muy-baja-ocupacion-hotelera-en-santa-rosa\\\/#primaryimage\"},\"image\":{\"@id\":\"https:\\\/\\\/diariotextual.com\\\/inicio\\\/index.php\\\/2026\\\/04\\\/28\\\/crisis-en-el-turismo-finde-largo-con-muy-baja-ocupacion-hotelera-en-santa-rosa\\\/#primaryimage\"},\"thumbnailUrl\":\"https:\\\/\\\/diariotextual.com\\\/inicio\\\/wp-content\\\/uploads\\\/2025\\\/05\\\/naicopenaturismo5326.jpg\",\"datePublished\":\"2026-04-28T17:15:41+00:00\",\"dateModified\":\"2026-04-28T17:15:43+00:00\",\"breadcrumb\":{\"@id\":\"https:\\\/\\\/diariotextual.com\\\/inicio\\\/index.php\\\/2026\\\/04\\\/28\\\/crisis-en-el-turismo-finde-largo-con-muy-baja-ocupacion-hotelera-en-santa-rosa\\\/#breadcrumb\"},\"inLanguage\":\"es\",\"potentialAction\":[{\"@type\":\"ReadAction\",\"target\":[\"https:\\\/\\\/diariotextual.com\\\/inicio\\\/index.php\\\/2026\\\/04\\\/28\\\/crisis-en-el-turismo-finde-largo-con-muy-baja-ocupacion-hotelera-en-santa-rosa\\\/\"]}]},{\"@type\":\"ImageObject\",\"inLanguage\":\"es\",\"@id\":\"https:\\\/\\\/diariotextual.com\\\/inicio\\\/index.php\\\/2026\\\/04\\\/28\\\/crisis-en-el-turismo-finde-largo-con-muy-baja-ocupacion-hotelera-en-santa-rosa\\\/#primaryimage\",\"url\":\"https:\\\/\\\/diariotextual.com\\\/inicio\\\/wp-content\\\/uploads\\\/2025\\\/05\\\/naicopenaturismo5326.jpg\",\"contentUrl\":\"https:\\\/\\\/diariotextual.com\\\/inicio\\\/wp-content\\\/uploads\\\/2025\\\/05\\\/naicopenaturismo5326.jpg\",\"width\":1000,\"height\":668},{\"@type\":\"BreadcrumbList\",\"@id\":\"https:\\\/\\\/diariotextual.com\\\/inicio\\\/index.php\\\/2026\\\/04\\\/28\\\/crisis-en-el-turismo-finde-largo-con-muy-baja-ocupacion-hotelera-en-santa-rosa\\\/#breadcrumb\",\"itemListElement\":[{\"@type\":\"ListItem\",\"position\":1,\"name\":\"Portada\",\"item\":\"https:\\\/\\\/diariotextual.com\\\/inicio\\\/\"},{\"@type\":\"ListItem\",\"position\":2,\"name\":\"Crisis en el turismo: finde largo con muy baja ocupaci\u00f3n hotelera en Santa Rosa\"}]},{\"@type\":\"WebSite\",\"@id\":\"https:\\\/\\\/diariotextual.com\\\/inicio\\\/#website\",\"url\":\"https:\\\/\\\/diariotextual.com\\\/inicio\\\/\",\"name\":\"Diario Textual\",\"description\":\"\",\"publisher\":{\"@id\":\"https:\\\/\\\/diariotextual.com\\\/inicio\\\/#organization\"},\"potentialAction\":[{\"@type\":\"SearchAction\",\"target\":{\"@type\":\"EntryPoint\",\"urlTemplate\":\"https:\\\/\\\/diariotextual.com\\\/inicio\\\/?s={search_term_string}\"},\"query-input\":{\"@type\":\"PropertyValueSpecification\",\"valueRequired\":true,\"valueName\":\"search_term_string\"}}],\"inLanguage\":\"es\"},{\"@type\":\"Organization\",\"@id\":\"https:\\\/\\\/diariotextual.com\\\/inicio\\\/#organization\",\"name\":\"Diario Textual\",\"url\":\"https:\\\/\\\/diariotextual.com\\\/inicio\\\/\",\"logo\":{\"@type\":\"ImageObject\",\"inLanguage\":\"es\",\"@id\":\"https:\\\/\\\/diariotextual.com\\\/inicio\\\/#\\\/schema\\\/logo\\\/image\\\/\",\"url\":\"https:\\\/\\\/diariotextual.com\\\/inicio\\\/wp-content\\\/uploads\\\/2023\\\/05\\\/logotextual1.jpg\",\"contentUrl\":\"https:\\\/\\\/diariotextual.com\\\/inicio\\\/wp-content\\\/uploads\\\/2023\\\/05\\\/logotextual1.jpg\",\"width\":516,\"height\":76,\"caption\":\"Diario Textual\"},\"image\":{\"@id\":\"https:\\\/\\\/diariotextual.com\\\/inicio\\\/#\\\/schema\\\/logo\\\/image\\\/\"},\"sameAs\":[\"https:\\\/\\\/www.facebook.com\\\/eltextual\",\"https:\\\/\\\/x.com\\\/eltextual\",\"http:\\\/\\\/www.instagram.com\\\/eltextual\"]},{\"@type\":\"Person\",\"@id\":\"https:\\\/\\\/diariotextual.com\\\/inicio\\\/#\\\/schema\\\/person\\\/694f60677f23c4a530867a98f22b3768\",\"name\":\"diario2\",\"image\":{\"@type\":\"ImageObject\",\"inLanguage\":\"es\",\"@id\":\"https:\\\/\\\/secure.gravatar.com\\\/avatar\\\/5a2567495ba16b852fcd8f1ed006a2e24fcace936018ed8237e95f488ad6e0a7?s=96&d=mm&r=g\",\"url\":\"https:\\\/\\\/secure.gravatar.com\\\/avatar\\\/5a2567495ba16b852fcd8f1ed006a2e24fcace936018ed8237e95f488ad6e0a7?s=96&d=mm&r=g\",\"contentUrl\":\"https:\\\/\\\/secure.gravatar.com\\\/avatar\\\/5a2567495ba16b852fcd8f1ed006a2e24fcace936018ed8237e95f488ad6e0a7?s=96&d=mm&r=g\",\"caption\":\"diario2\"},\"url\":\"https:\\\/\\\/diariotextual.com\\\/inicio\\\/index.php\\\/author\\\/diario2\\\/\"}]}<\/script>\n<!-- \/ Yoast SEO plugin. -->","yoast_head_json":{"title":"Crisis en el turismo: finde largo con muy baja ocupaci\u00f3n hotelera en Santa Rosa - Diario Textual","robots":{"index":"index","follow":"follow","max-snippet":"max-snippet:-1","max-image-preview":"max-image-preview:large","max-video-preview":"max-video-preview:-1"},"canonical":"https:\/\/diariotextual.com\/inicio\/index.php\/2026\/04\/28\/crisis-en-el-turismo-finde-largo-con-muy-baja-ocupacion-hotelera-en-santa-rosa\/","og_locale":"es_ES","og_type":"article","og_title":"Crisis en el turismo: finde largo con muy baja ocupaci\u00f3n hotelera en Santa Rosa - Diario Textual","og_description":"Las consecuencias de las pol\u00edticas econ\u00f3micas nacionales se notan ahora fuertemente en el \u00e1mbito hotelero gastron\u00f3mico de La Pampa, que sufre marcadas ca\u00eddas mensuales. En v\u00edsperas de un fin de&hellip;","og_url":"https:\/\/diariotextual.com\/inicio\/index.php\/2026\/04\/28\/crisis-en-el-turismo-finde-largo-con-muy-baja-ocupacion-hotelera-en-santa-rosa\/","og_site_name":"Diario Textual","article_publisher":"https:\/\/www.facebook.com\/eltextual","article_published_time":"2026-04-28T17:15:41+00:00","article_modified_time":"2026-04-28T17:15:43+00:00","og_image":[{"width":1000,"height":668,"url":"https:\/\/diariotextual.com\/inicio\/wp-content\/uploads\/2025\/05\/naicopenaturismo5326.jpg","type":"image\/jpeg"}],"author":"diario2","twitter_card":"summary_large_image","twitter_creator":"@eltextual","twitter_site":"@eltextual","twitter_misc":{"Escrito por":"diario2","Tiempo de lectura":"2 minutos"},"schema":{"@context":"https:\/\/schema.org","@graph":[{"@type":"Article","@id":"https:\/\/diariotextual.com\/inicio\/index.php\/2026\/04\/28\/crisis-en-el-turismo-finde-largo-con-muy-baja-ocupacion-hotelera-en-santa-rosa\/#article","isPartOf":{"@id":"https:\/\/diariotextual.com\/inicio\/index.php\/2026\/04\/28\/crisis-en-el-turismo-finde-largo-con-muy-baja-ocupacion-hotelera-en-santa-rosa\/"},"author":{"name":"diario2","@id":"https:\/\/diariotextual.com\/inicio\/#\/schema\/person\/694f60677f23c4a530867a98f22b3768"},"headline":"Crisis en el turismo: finde largo con muy baja ocupaci\u00f3n hotelera en Santa Rosa","datePublished":"2026-04-28T17:15:41+00:00","dateModified":"2026-04-28T17:15:43+00:00","mainEntityOfPage":{"@id":"https:\/\/diariotextual.com\/inicio\/index.php\/2026\/04\/28\/crisis-en-el-turismo-finde-largo-con-muy-baja-ocupacion-hotelera-en-santa-rosa\/"},"wordCount":387,"publisher":{"@id":"https:\/\/diariotextual.com\/inicio\/#organization"},"image":{"@id":"https:\/\/diariotextual.com\/inicio\/index.php\/2026\/04\/28\/crisis-en-el-turismo-finde-largo-con-muy-baja-ocupacion-hotelera-en-santa-rosa\/#primaryimage"},"thumbnailUrl":"https:\/\/diariotextual.com\/inicio\/wp-content\/uploads\/2025\/05\/naicopenaturismo5326.jpg","articleSection":["A - DESTACADAS (mod 16)","SOCIEDAD"],"inLanguage":"es"},{"@type":"WebPage","@id":"https:\/\/diariotextual.com\/inicio\/index.php\/2026\/04\/28\/crisis-en-el-turismo-finde-largo-con-muy-baja-ocupacion-hotelera-en-santa-rosa\/","url":"https:\/\/diariotextual.com\/inicio\/index.php\/2026\/04\/28\/crisis-en-el-turismo-finde-largo-con-muy-baja-ocupacion-hotelera-en-santa-rosa\/","name":"Crisis en el turismo: finde largo con muy baja ocupaci\u00f3n hotelera en Santa Rosa - Diario Textual","isPartOf":{"@id":"https:\/\/diariotextual.com\/inicio\/#website"},"primaryImageOfPage":{"@id":"https:\/\/diariotextual.com\/inicio\/index.php\/2026\/04\/28\/crisis-en-el-turismo-finde-largo-con-muy-baja-ocupacion-hotelera-en-santa-rosa\/#primaryimage"},"image":{"@id":"https:\/\/diariotextual.com\/inicio\/index.php\/2026\/04\/28\/crisis-en-el-turismo-finde-largo-con-muy-baja-ocupacion-hotelera-en-santa-rosa\/#primaryimage"},"thumbnailUrl":"https:\/\/diariotextual.com\/inicio\/wp-content\/uploads\/2025\/05\/naicopenaturismo5326.jpg","datePublished":"2026-04-28T17:15:41+00:00","dateModified":"2026-04-28T17:15:43+00:00","breadcrumb":{"@id":"https:\/\/diariotextual.com\/inicio\/index.php\/2026\/04\/28\/crisis-en-el-turismo-finde-largo-con-muy-baja-ocupacion-hotelera-en-santa-rosa\/#breadcrumb"},"inLanguage":"es","potentialAction":[{"@type":"ReadAction","target":["https:\/\/diariotextual.com\/inicio\/index.php\/2026\/04\/28\/crisis-en-el-turismo-finde-largo-con-muy-baja-ocupacion-hotelera-en-santa-rosa\/"]}]},{"@type":"ImageObject","inLanguage":"es","@id":"https:\/\/diariotextual.com\/inicio\/index.php\/2026\/04\/28\/crisis-en-el-turismo-finde-largo-con-muy-baja-ocupacion-hotelera-en-santa-rosa\/#primaryimage","url":"https:\/\/diariotextual.com\/inicio\/wp-content\/uploads\/2025\/05\/naicopenaturismo5326.jpg","contentUrl":"https:\/\/diariotextual.com\/inicio\/wp-content\/uploads\/2025\/05\/naicopenaturismo5326.jpg","width":1000,"height":668},{"@type":"BreadcrumbList","@id":"https:\/\/diariotextual.com\/inicio\/index.php\/2026\/04\/28\/crisis-en-el-turismo-finde-largo-con-muy-baja-ocupacion-hotelera-en-santa-rosa\/#breadcrumb","itemListElement":[{"@type":"ListItem","position":1,"name":"Portada","item":"https:\/\/diariotextual.com\/inicio\/"},{"@type":"ListItem","position":2,"name":"Crisis en el turismo: finde largo con muy baja ocupaci\u00f3n hotelera en Santa Rosa"}]},{"@type":"WebSite","@id":"https:\/\/diariotextual.com\/inicio\/#website","url":"https:\/\/diariotextual.com\/inicio\/","name":"Diario Textual","description":"","publisher":{"@id":"https:\/\/diariotextual.com\/inicio\/#organization"},"potentialAction":[{"@type":"SearchAction","target":{"@type":"EntryPoint","urlTemplate":"https:\/\/diariotextual.com\/inicio\/?s={search_term_string}"},"query-input":{"@type":"PropertyValueSpecification","valueRequired":true,"valueName":"search_term_string"}}],"inLanguage":"es"},{"@type":"Organization","@id":"https:\/\/diariotextual.com\/inicio\/#organization","name":"Diario Textual","url":"https:\/\/diariotextual.com\/inicio\/","logo":{"@type":"ImageObject","inLanguage":"es","@id":"https:\/\/diariotextual.com\/inicio\/#\/schema\/logo\/image\/","url":"https:\/\/diariotextual.com\/inicio\/wp-content\/uploads\/2023\/05\/logotextual1.jpg","contentUrl":"https:\/\/diariotextual.com\/inicio\/wp-content\/uploads\/2023\/05\/logotextual1.jpg","width":516,"height":76,"caption":"Diario Textual"},"image":{"@id":"https:\/\/diariotextual.com\/inicio\/#\/schema\/logo\/image\/"},"sameAs":["https:\/\/www.facebook.com\/eltextual","https:\/\/x.com\/eltextual","http:\/\/www.instagram.com\/eltextual"]},{"@type":"Person","@id":"https:\/\/diariotextual.com\/inicio\/#\/schema\/person\/694f60677f23c4a530867a98f22b3768","name":"diario2","image":{"@type":"ImageObject","inLanguage":"es","@id":"https:\/\/secure.gravatar.com\/avatar\/5a2567495ba16b852fcd8f1ed006a2e24fcace936018ed8237e95f488ad6e0a7?s=96&d=mm&r=g","url":"https:\/\/secure.gravatar.com\/avatar\/5a2567495ba16b852fcd8f1ed006a2e24fcace936018ed8237e95f488ad6e0a7?s=96&d=mm&r=g","contentUrl":"https:\/\/secure.gravatar.com\/avatar\/5a2567495ba16b852fcd8f1ed006a2e24fcace936018ed8237e95f488ad6e0a7?s=96&d=mm&r=g","caption":"diario2"},"url":"https:\/\/diariotextual.com\/inicio\/index.php\/author\/diario2\/"}]}},"_links":{"self":[{"href":"https:\/\/diariotextual.com\/inicio\/index.php\/wp-json\/wp\/v2\/posts\/325879","targetHints":{"allow":["GET"]}}],"collection":[{"href":"https:\/\/diariotextual.com\/inicio\/index.php\/wp-json\/wp\/v2\/posts"}],"about":[{"href":"https:\/\/diariotextual.com\/inicio\/index.php\/wp-json\/wp\/v2\/types\/post"}],"author":[{"embeddable":true,"href":"https:\/\/diariotextual.com\/inicio\/index.php\/wp-json\/wp\/v2\/users\/4"}],"replies":[{"embeddable":true,"href":"https:\/\/diariotextual.com\/inicio\/index.php\/wp-json\/wp\/v2\/comments?post=325879"}],"version-history":[{"count":1,"href":"https:\/\/diariotextual.com\/inicio\/index.php\/wp-json\/wp\/v2\/posts\/325879\/revisions"}],"predecessor-version":[{"id":325880,"href":"https:\/\/diariotextual.com\/inicio\/index.php\/wp-json\/wp\/v2\/posts\/325879\/revisions\/325880"}],"wp:featuredmedia":[{"embeddable":true,"href":"https:\/\/diariotextual.com\/inicio\/index.php\/wp-json\/wp\/v2\/media\/295947"}],"wp:attachment":[{"href":"https:\/\/diariotextual.com\/inicio\/index.php\/wp-json\/wp\/v2\/media?parent=325879"}],"wp:term":[{"taxonomy":"category","embeddable":true,"href":"https:\/\/diariotextual.com\/inicio\/index.php\/wp-json\/wp\/v2\/categories?post=325879"},{"taxonomy":"post_tag","embeddable":true,"href":"https:\/\/diariotextual.com\/inicio\/index.php\/wp-json\/wp\/v2\/tags?post=325879"}],"curies":[{"name":"wp","href":"https:\/\/api.w.org\/{rel}","templated":true}]}}