{"id":325881,"date":"2026-04-28T14:33:55","date_gmt":"2026-04-28T17:33:55","guid":{"rendered":"https:\/\/diariotextual.com\/inicio\/?p=325881"},"modified":"2026-04-28T14:33:57","modified_gmt":"2026-04-28T17:33:57","slug":"colonia-san-jose-se-prepara-para-la-peregrinacion-por-el-1-de-mayo","status":"publish","type":"post","link":"https:\/\/diariotextual.com\/inicio\/index.php\/2026\/04\/28\/colonia-san-jose-se-prepara-para-la-peregrinacion-por-el-1-de-mayo\/","title":{"rendered":"Colonia San Jos\u00e9 se prepara para la peregrinaci\u00f3n por el 1\u00b0 de Mayo"},"content":{"rendered":"\n<p>El pr\u00f3ximo viernes 1\u00b0 de mayo, en el marco del D\u00eda del Trabajador, se realizar\u00e1 la <strong>XXVII Peregrinaci\u00f3n Diocesana al santuario de San Jos\u00e9<\/strong>, en Colonia San Jos\u00e9. Se espera una importante convocatoria de fieles provenientes de distintos puntos de La Pampa y del pa\u00eds.<\/p>\n\n\n\n<p>El anuncio se realiz\u00f3 en la secretar\u00eda de turismo, con la participaci\u00f3n del titular del \u00e1rea, <strong>Sa\u00fal Echeveste<\/strong>, y la responsable del santuario, la hermana <strong>Mar\u00eda Ester Cortabarr\u00eda<\/strong>, quienes brindaron detalles de la organizaci\u00f3n.<\/p>\n\n\n\n<div style=\"height:100px\" aria-hidden=\"true\" class=\"wp-block-spacer\"><\/div>\n\n\n\n<p><strong>Fe, cultura y turismo<\/strong><\/p>\n\n\n\n<p>Echeveste destac\u00f3 que la peregrinaci\u00f3n \u201ces un encuentro que re\u00fane la fe, el esfuerzo y la identidad\u201d y remarc\u00f3 que, adem\u00e1s de su car\u00e1cter religioso, tambi\u00e9n tiene un impacto cultural y tur\u00edstico.<\/p>\n\n\n\n<p>\u201cEs un evento profundamente espiritual, pero tambi\u00e9n cultural por sus expresiones art\u00edsticas, y tur\u00edstico porque genera movimiento y pone en valor el patrimonio de la provincia\u201d, se\u00f1al\u00f3.<\/p>\n\n\n\n<p>Asimismo, subray\u00f3 que la fecha coincide con el D\u00eda del Trabajador, lo que la convierte en una oportunidad para \u201chonrar a quienes construyen identidad y dignidad a trav\u00e9s del trabajo\u201d.<\/p>\n\n\n\n<div style=\"height:100px\" aria-hidden=\"true\" class=\"wp-block-spacer\"><\/div>\n\n\n\n<p><strong>Actividades durante toda la jornada<\/strong><\/p>\n\n\n\n<p>Desde la organizaci\u00f3n indicaron que las actividades comenzar\u00e1n por la ma\u00f1ana con la llegada de peregrinos, confesiones y visitas a las ermitas, la carpinter\u00eda de San Jos\u00e9 y las cruces hist\u00f3ricas.<\/p>\n\n\n\n<p>A las 11.30 se realizar\u00e1n bautismos y al mediod\u00eda el \u00c1ngelus en la ermita de Schoenstatt. Por la tarde habr\u00e1 confesiones e imposici\u00f3n de manos, mientras que a las 15.30 comenzar\u00e1 la procesi\u00f3n y a las 16 se celebrar\u00e1 la misa, presidida por el obispo <strong>Luis Mart\u00edn<\/strong>.<\/p>\n\n\n\n<p>La jornada tambi\u00e9n incluir\u00e1 la participaci\u00f3n del coro m\u00e9danos y luna y propuestas de folclore y danzas.<\/p>\n\n\n\n<div style=\"height:100px\" aria-hidden=\"true\" class=\"wp-block-spacer\"><\/div>\n\n\n\n<p><strong>Una tradici\u00f3n que se renueva<\/strong><\/p>\n\n\n\n<p>Cortabarr\u00eda record\u00f3 que la peregrinaci\u00f3n tiene origen en antiguas convocatorias diocesanas vinculadas a las vocaciones religiosas y destac\u00f3 su continuidad en el tiempo.<\/p>\n\n\n\n<p>Adem\u00e1s, invit\u00f3 a la comunidad a participar \u201ccomo cada uno pueda\u201d, en una jornada de encuentro, oraci\u00f3n y agradecimiento.<\/p>\n\n\n\n<p>Durante el evento tambi\u00e9n habr\u00e1 venta de comidas para los asistentes. <\/p>\n\n\n\n<div style=\"height:100px\" aria-hidden=\"true\" class=\"wp-block-spacer\"><\/div>\n\n\n\n<p><strong>Programa de actividades<\/strong><br>10:00 hs: Llegada, confesiones, visitas a Carpinter\u00eda de San Jos\u00e9, ermitas, cruces. Bendiciones.<br>11:30 hs: Bautismos<br>12:00 hs: Angelus en la ermita de Schoenstat.<\/p>\n\n\n\n<p><strong>Venta de comidas<\/strong><br>14:00 hs: Coro M\u00e9danos y Luna de Alberto Carpio.<br>15:30 hs: Procesi\u00f3n<br>16:00 hs: Misa. Preside: Obispo Luis Mart\u00edn.<br>17:30 hs: Folclore y danzas.<\/p>\n","protected":false},"excerpt":{"rendered":"<p>El pr\u00f3ximo viernes 1\u00b0 de mayo, en el marco del D\u00eda del Trabajador, se realizar\u00e1 la XXVII Peregrinaci\u00f3n Diocesana al santuario de San Jos\u00e9, en Colonia San Jos\u00e9. Se espera&hellip;<\/p>\n","protected":false},"author":4,"featured_media":261956,"comment_status":"closed","ping_status":"open","sticky":false,"template":"","format":"standard","meta":{"_acf_changed":false,"footnotes":""},"categories":[4,2],"tags":[],"class_list":["post-325881","post","type-post","status-publish","format-standard","has-post-thumbnail","hentry","category-destacadas","category-cultura"],"acf":[],"yoast_head":"<!-- This site is optimized with the Yoast SEO plugin v27.5 - https:\/\/yoast.com\/product\/yoast-seo-wordpress\/ -->\n<title>Colonia San Jos\u00e9 se prepara para la peregrinaci\u00f3n por el 1\u00b0 de Mayo - Diario Textual<\/title>\n<meta name=\"robots\" content=\"index, follow, max-snippet:-1, max-image-preview:large, max-video-preview:-1\" \/>\n<link rel=\"canonical\" href=\"https:\/\/diariotextual.com\/inicio\/index.php\/2026\/04\/28\/colonia-san-jose-se-prepara-para-la-peregrinacion-por-el-1-de-mayo\/\" \/>\n<meta property=\"og:locale\" content=\"es_ES\" \/>\n<meta property=\"og:type\" content=\"article\" \/>\n<meta property=\"og:title\" content=\"Colonia San Jos\u00e9 se prepara para la peregrinaci\u00f3n por el 1\u00b0 de Mayo - Diario Textual\" \/>\n<meta property=\"og:description\" content=\"El pr\u00f3ximo viernes 1\u00b0 de mayo, en el marco del D\u00eda del Trabajador, se realizar\u00e1 la XXVII Peregrinaci\u00f3n Diocesana al santuario de San Jos\u00e9, en Colonia San Jos\u00e9. Se espera&hellip;\" \/>\n<meta property=\"og:url\" content=\"https:\/\/diariotextual.com\/inicio\/index.php\/2026\/04\/28\/colonia-san-jose-se-prepara-para-la-peregrinacion-por-el-1-de-mayo\/\" \/>\n<meta property=\"og:site_name\" content=\"Diario Textual\" \/>\n<meta property=\"article:publisher\" content=\"https:\/\/www.facebook.com\/eltextual\" \/>\n<meta property=\"article:published_time\" content=\"2026-04-28T17:33:55+00:00\" \/>\n<meta property=\"article:modified_time\" content=\"2026-04-28T17:33:57+00:00\" \/>\n<meta property=\"og:image\" content=\"https:\/\/diariotextual.com\/inicio\/wp-content\/uploads\/2024\/05\/peregrinacionsanjoseraulmartin2024-2.jpg\" \/>\n\t<meta property=\"og:image:width\" content=\"1280\" \/>\n\t<meta property=\"og:image:height\" content=\"720\" \/>\n\t<meta property=\"og:image:type\" content=\"image\/jpeg\" \/>\n<meta name=\"author\" content=\"diario2\" \/>\n<meta name=\"twitter:card\" content=\"summary_large_image\" \/>\n<meta name=\"twitter:creator\" content=\"@eltextual\" \/>\n<meta name=\"twitter:site\" content=\"@eltextual\" \/>\n<meta name=\"twitter:label1\" content=\"Escrito por\" \/>\n\t<meta name=\"twitter:data1\" content=\"diario2\" \/>\n\t<meta name=\"twitter:label2\" content=\"Tiempo de lectura\" \/>\n\t<meta name=\"twitter:data2\" content=\"2 minutos\" \/>\n<script type=\"application\/ld+json\" class=\"yoast-schema-graph\">{\"@context\":\"https:\\\/\\\/schema.org\",\"@graph\":[{\"@type\":\"Article\",\"@id\":\"https:\\\/\\\/diariotextual.com\\\/inicio\\\/index.php\\\/2026\\\/04\\\/28\\\/colonia-san-jose-se-prepara-para-la-peregrinacion-por-el-1-de-mayo\\\/#article\",\"isPartOf\":{\"@id\":\"https:\\\/\\\/diariotextual.com\\\/inicio\\\/index.php\\\/2026\\\/04\\\/28\\\/colonia-san-jose-se-prepara-para-la-peregrinacion-por-el-1-de-mayo\\\/\"},\"author\":{\"name\":\"diario2\",\"@id\":\"https:\\\/\\\/diariotextual.com\\\/inicio\\\/#\\\/schema\\\/person\\\/694f60677f23c4a530867a98f22b3768\"},\"headline\":\"Colonia San Jos\u00e9 se prepara para la peregrinaci\u00f3n por el 1\u00b0 de Mayo\",\"datePublished\":\"2026-04-28T17:33:55+00:00\",\"dateModified\":\"2026-04-28T17:33:57+00:00\",\"mainEntityOfPage\":{\"@id\":\"https:\\\/\\\/diariotextual.com\\\/inicio\\\/index.php\\\/2026\\\/04\\\/28\\\/colonia-san-jose-se-prepara-para-la-peregrinacion-por-el-1-de-mayo\\\/\"},\"wordCount\":431,\"publisher\":{\"@id\":\"https:\\\/\\\/diariotextual.com\\\/inicio\\\/#organization\"},\"image\":{\"@id\":\"https:\\\/\\\/diariotextual.com\\\/inicio\\\/index.php\\\/2026\\\/04\\\/28\\\/colonia-san-jose-se-prepara-para-la-peregrinacion-por-el-1-de-mayo\\\/#primaryimage\"},\"thumbnailUrl\":\"https:\\\/\\\/diariotextual.com\\\/inicio\\\/wp-content\\\/uploads\\\/2024\\\/05\\\/peregrinacionsanjoseraulmartin2024-2.jpg\",\"articleSection\":[\"A - DESTACADAS (mod 16)\",\"CULTURA\"],\"inLanguage\":\"es\"},{\"@type\":\"WebPage\",\"@id\":\"https:\\\/\\\/diariotextual.com\\\/inicio\\\/index.php\\\/2026\\\/04\\\/28\\\/colonia-san-jose-se-prepara-para-la-peregrinacion-por-el-1-de-mayo\\\/\",\"url\":\"https:\\\/\\\/diariotextual.com\\\/inicio\\\/index.php\\\/2026\\\/04\\\/28\\\/colonia-san-jose-se-prepara-para-la-peregrinacion-por-el-1-de-mayo\\\/\",\"name\":\"Colonia San Jos\u00e9 se prepara para la peregrinaci\u00f3n por el 1\u00b0 de Mayo - Diario Textual\",\"isPartOf\":{\"@id\":\"https:\\\/\\\/diariotextual.com\\\/inicio\\\/#website\"},\"primaryImageOfPage\":{\"@id\":\"https:\\\/\\\/diariotextual.com\\\/inicio\\\/index.php\\\/2026\\\/04\\\/28\\\/colonia-san-jose-se-prepara-para-la-peregrinacion-por-el-1-de-mayo\\\/#primaryimage\"},\"image\":{\"@id\":\"https:\\\/\\\/diariotextual.com\\\/inicio\\\/index.php\\\/2026\\\/04\\\/28\\\/colonia-san-jose-se-prepara-para-la-peregrinacion-por-el-1-de-mayo\\\/#primaryimage\"},\"thumbnailUrl\":\"https:\\\/\\\/diariotextual.com\\\/inicio\\\/wp-content\\\/uploads\\\/2024\\\/05\\\/peregrinacionsanjoseraulmartin2024-2.jpg\",\"datePublished\":\"2026-04-28T17:33:55+00:00\",\"dateModified\":\"2026-04-28T17:33:57+00:00\",\"breadcrumb\":{\"@id\":\"https:\\\/\\\/diariotextual.com\\\/inicio\\\/index.php\\\/2026\\\/04\\\/28\\\/colonia-san-jose-se-prepara-para-la-peregrinacion-por-el-1-de-mayo\\\/#breadcrumb\"},\"inLanguage\":\"es\",\"potentialAction\":[{\"@type\":\"ReadAction\",\"target\":[\"https:\\\/\\\/diariotextual.com\\\/inicio\\\/index.php\\\/2026\\\/04\\\/28\\\/colonia-san-jose-se-prepara-para-la-peregrinacion-por-el-1-de-mayo\\\/\"]}]},{\"@type\":\"ImageObject\",\"inLanguage\":\"es\",\"@id\":\"https:\\\/\\\/diariotextual.com\\\/inicio\\\/index.php\\\/2026\\\/04\\\/28\\\/colonia-san-jose-se-prepara-para-la-peregrinacion-por-el-1-de-mayo\\\/#primaryimage\",\"url\":\"https:\\\/\\\/diariotextual.com\\\/inicio\\\/wp-content\\\/uploads\\\/2024\\\/05\\\/peregrinacionsanjoseraulmartin2024-2.jpg\",\"contentUrl\":\"https:\\\/\\\/diariotextual.com\\\/inicio\\\/wp-content\\\/uploads\\\/2024\\\/05\\\/peregrinacionsanjoseraulmartin2024-2.jpg\",\"width\":1280,\"height\":720},{\"@type\":\"BreadcrumbList\",\"@id\":\"https:\\\/\\\/diariotextual.com\\\/inicio\\\/index.php\\\/2026\\\/04\\\/28\\\/colonia-san-jose-se-prepara-para-la-peregrinacion-por-el-1-de-mayo\\\/#breadcrumb\",\"itemListElement\":[{\"@type\":\"ListItem\",\"position\":1,\"name\":\"Portada\",\"item\":\"https:\\\/\\\/diariotextual.com\\\/inicio\\\/\"},{\"@type\":\"ListItem\",\"position\":2,\"name\":\"Colonia San Jos\u00e9 se prepara para la peregrinaci\u00f3n por el 1\u00b0 de Mayo\"}]},{\"@type\":\"WebSite\",\"@id\":\"https:\\\/\\\/diariotextual.com\\\/inicio\\\/#website\",\"url\":\"https:\\\/\\\/diariotextual.com\\\/inicio\\\/\",\"name\":\"Diario Textual\",\"description\":\"\",\"publisher\":{\"@id\":\"https:\\\/\\\/diariotextual.com\\\/inicio\\\/#organization\"},\"potentialAction\":[{\"@type\":\"SearchAction\",\"target\":{\"@type\":\"EntryPoint\",\"urlTemplate\":\"https:\\\/\\\/diariotextual.com\\\/inicio\\\/?s={search_term_string}\"},\"query-input\":{\"@type\":\"PropertyValueSpecification\",\"valueRequired\":true,\"valueName\":\"search_term_string\"}}],\"inLanguage\":\"es\"},{\"@type\":\"Organization\",\"@id\":\"https:\\\/\\\/diariotextual.com\\\/inicio\\\/#organization\",\"name\":\"Diario Textual\",\"url\":\"https:\\\/\\\/diariotextual.com\\\/inicio\\\/\",\"logo\":{\"@type\":\"ImageObject\",\"inLanguage\":\"es\",\"@id\":\"https:\\\/\\\/diariotextual.com\\\/inicio\\\/#\\\/schema\\\/logo\\\/image\\\/\",\"url\":\"https:\\\/\\\/diariotextual.com\\\/inicio\\\/wp-content\\\/uploads\\\/2023\\\/05\\\/logotextual1.jpg\",\"contentUrl\":\"https:\\\/\\\/diariotextual.com\\\/inicio\\\/wp-content\\\/uploads\\\/2023\\\/05\\\/logotextual1.jpg\",\"width\":516,\"height\":76,\"caption\":\"Diario Textual\"},\"image\":{\"@id\":\"https:\\\/\\\/diariotextual.com\\\/inicio\\\/#\\\/schema\\\/logo\\\/image\\\/\"},\"sameAs\":[\"https:\\\/\\\/www.facebook.com\\\/eltextual\",\"https:\\\/\\\/x.com\\\/eltextual\",\"http:\\\/\\\/www.instagram.com\\\/eltextual\"]},{\"@type\":\"Person\",\"@id\":\"https:\\\/\\\/diariotextual.com\\\/inicio\\\/#\\\/schema\\\/person\\\/694f60677f23c4a530867a98f22b3768\",\"name\":\"diario2\",\"image\":{\"@type\":\"ImageObject\",\"inLanguage\":\"es\",\"@id\":\"https:\\\/\\\/secure.gravatar.com\\\/avatar\\\/5a2567495ba16b852fcd8f1ed006a2e24fcace936018ed8237e95f488ad6e0a7?s=96&d=mm&r=g\",\"url\":\"https:\\\/\\\/secure.gravatar.com\\\/avatar\\\/5a2567495ba16b852fcd8f1ed006a2e24fcace936018ed8237e95f488ad6e0a7?s=96&d=mm&r=g\",\"contentUrl\":\"https:\\\/\\\/secure.gravatar.com\\\/avatar\\\/5a2567495ba16b852fcd8f1ed006a2e24fcace936018ed8237e95f488ad6e0a7?s=96&d=mm&r=g\",\"caption\":\"diario2\"},\"url\":\"https:\\\/\\\/diariotextual.com\\\/inicio\\\/index.php\\\/author\\\/diario2\\\/\"}]}<\/script>\n<!-- \/ Yoast SEO plugin. -->","yoast_head_json":{"title":"Colonia San Jos\u00e9 se prepara para la peregrinaci\u00f3n por el 1\u00b0 de Mayo - Diario Textual","robots":{"index":"index","follow":"follow","max-snippet":"max-snippet:-1","max-image-preview":"max-image-preview:large","max-video-preview":"max-video-preview:-1"},"canonical":"https:\/\/diariotextual.com\/inicio\/index.php\/2026\/04\/28\/colonia-san-jose-se-prepara-para-la-peregrinacion-por-el-1-de-mayo\/","og_locale":"es_ES","og_type":"article","og_title":"Colonia San Jos\u00e9 se prepara para la peregrinaci\u00f3n por el 1\u00b0 de Mayo - Diario Textual","og_description":"El pr\u00f3ximo viernes 1\u00b0 de mayo, en el marco del D\u00eda del Trabajador, se realizar\u00e1 la XXVII Peregrinaci\u00f3n Diocesana al santuario de San Jos\u00e9, en Colonia San Jos\u00e9. Se espera&hellip;","og_url":"https:\/\/diariotextual.com\/inicio\/index.php\/2026\/04\/28\/colonia-san-jose-se-prepara-para-la-peregrinacion-por-el-1-de-mayo\/","og_site_name":"Diario Textual","article_publisher":"https:\/\/www.facebook.com\/eltextual","article_published_time":"2026-04-28T17:33:55+00:00","article_modified_time":"2026-04-28T17:33:57+00:00","og_image":[{"width":1280,"height":720,"url":"https:\/\/diariotextual.com\/inicio\/wp-content\/uploads\/2024\/05\/peregrinacionsanjoseraulmartin2024-2.jpg","type":"image\/jpeg"}],"author":"diario2","twitter_card":"summary_large_image","twitter_creator":"@eltextual","twitter_site":"@eltextual","twitter_misc":{"Escrito por":"diario2","Tiempo de lectura":"2 minutos"},"schema":{"@context":"https:\/\/schema.org","@graph":[{"@type":"Article","@id":"https:\/\/diariotextual.com\/inicio\/index.php\/2026\/04\/28\/colonia-san-jose-se-prepara-para-la-peregrinacion-por-el-1-de-mayo\/#article","isPartOf":{"@id":"https:\/\/diariotextual.com\/inicio\/index.php\/2026\/04\/28\/colonia-san-jose-se-prepara-para-la-peregrinacion-por-el-1-de-mayo\/"},"author":{"name":"diario2","@id":"https:\/\/diariotextual.com\/inicio\/#\/schema\/person\/694f60677f23c4a530867a98f22b3768"},"headline":"Colonia San Jos\u00e9 se prepara para la peregrinaci\u00f3n por el 1\u00b0 de Mayo","datePublished":"2026-04-28T17:33:55+00:00","dateModified":"2026-04-28T17:33:57+00:00","mainEntityOfPage":{"@id":"https:\/\/diariotextual.com\/inicio\/index.php\/2026\/04\/28\/colonia-san-jose-se-prepara-para-la-peregrinacion-por-el-1-de-mayo\/"},"wordCount":431,"publisher":{"@id":"https:\/\/diariotextual.com\/inicio\/#organization"},"image":{"@id":"https:\/\/diariotextual.com\/inicio\/index.php\/2026\/04\/28\/colonia-san-jose-se-prepara-para-la-peregrinacion-por-el-1-de-mayo\/#primaryimage"},"thumbnailUrl":"https:\/\/diariotextual.com\/inicio\/wp-content\/uploads\/2024\/05\/peregrinacionsanjoseraulmartin2024-2.jpg","articleSection":["A - DESTACADAS (mod 16)","CULTURA"],"inLanguage":"es"},{"@type":"WebPage","@id":"https:\/\/diariotextual.com\/inicio\/index.php\/2026\/04\/28\/colonia-san-jose-se-prepara-para-la-peregrinacion-por-el-1-de-mayo\/","url":"https:\/\/diariotextual.com\/inicio\/index.php\/2026\/04\/28\/colonia-san-jose-se-prepara-para-la-peregrinacion-por-el-1-de-mayo\/","name":"Colonia San Jos\u00e9 se prepara para la peregrinaci\u00f3n por el 1\u00b0 de Mayo - Diario Textual","isPartOf":{"@id":"https:\/\/diariotextual.com\/inicio\/#website"},"primaryImageOfPage":{"@id":"https:\/\/diariotextual.com\/inicio\/index.php\/2026\/04\/28\/colonia-san-jose-se-prepara-para-la-peregrinacion-por-el-1-de-mayo\/#primaryimage"},"image":{"@id":"https:\/\/diariotextual.com\/inicio\/index.php\/2026\/04\/28\/colonia-san-jose-se-prepara-para-la-peregrinacion-por-el-1-de-mayo\/#primaryimage"},"thumbnailUrl":"https:\/\/diariotextual.com\/inicio\/wp-content\/uploads\/2024\/05\/peregrinacionsanjoseraulmartin2024-2.jpg","datePublished":"2026-04-28T17:33:55+00:00","dateModified":"2026-04-28T17:33:57+00:00","breadcrumb":{"@id":"https:\/\/diariotextual.com\/inicio\/index.php\/2026\/04\/28\/colonia-san-jose-se-prepara-para-la-peregrinacion-por-el-1-de-mayo\/#breadcrumb"},"inLanguage":"es","potentialAction":[{"@type":"ReadAction","target":["https:\/\/diariotextual.com\/inicio\/index.php\/2026\/04\/28\/colonia-san-jose-se-prepara-para-la-peregrinacion-por-el-1-de-mayo\/"]}]},{"@type":"ImageObject","inLanguage":"es","@id":"https:\/\/diariotextual.com\/inicio\/index.php\/2026\/04\/28\/colonia-san-jose-se-prepara-para-la-peregrinacion-por-el-1-de-mayo\/#primaryimage","url":"https:\/\/diariotextual.com\/inicio\/wp-content\/uploads\/2024\/05\/peregrinacionsanjoseraulmartin2024-2.jpg","contentUrl":"https:\/\/diariotextual.com\/inicio\/wp-content\/uploads\/2024\/05\/peregrinacionsanjoseraulmartin2024-2.jpg","width":1280,"height":720},{"@type":"BreadcrumbList","@id":"https:\/\/diariotextual.com\/inicio\/index.php\/2026\/04\/28\/colonia-san-jose-se-prepara-para-la-peregrinacion-por-el-1-de-mayo\/#breadcrumb","itemListElement":[{"@type":"ListItem","position":1,"name":"Portada","item":"https:\/\/diariotextual.com\/inicio\/"},{"@type":"ListItem","position":2,"name":"Colonia San Jos\u00e9 se prepara para la peregrinaci\u00f3n por el 1\u00b0 de Mayo"}]},{"@type":"WebSite","@id":"https:\/\/diariotextual.com\/inicio\/#website","url":"https:\/\/diariotextual.com\/inicio\/","name":"Diario Textual","description":"","publisher":{"@id":"https:\/\/diariotextual.com\/inicio\/#organization"},"potentialAction":[{"@type":"SearchAction","target":{"@type":"EntryPoint","urlTemplate":"https:\/\/diariotextual.com\/inicio\/?s={search_term_string}"},"query-input":{"@type":"PropertyValueSpecification","valueRequired":true,"valueName":"search_term_string"}}],"inLanguage":"es"},{"@type":"Organization","@id":"https:\/\/diariotextual.com\/inicio\/#organization","name":"Diario Textual","url":"https:\/\/diariotextual.com\/inicio\/","logo":{"@type":"ImageObject","inLanguage":"es","@id":"https:\/\/diariotextual.com\/inicio\/#\/schema\/logo\/image\/","url":"https:\/\/diariotextual.com\/inicio\/wp-content\/uploads\/2023\/05\/logotextual1.jpg","contentUrl":"https:\/\/diariotextual.com\/inicio\/wp-content\/uploads\/2023\/05\/logotextual1.jpg","width":516,"height":76,"caption":"Diario Textual"},"image":{"@id":"https:\/\/diariotextual.com\/inicio\/#\/schema\/logo\/image\/"},"sameAs":["https:\/\/www.facebook.com\/eltextual","https:\/\/x.com\/eltextual","http:\/\/www.instagram.com\/eltextual"]},{"@type":"Person","@id":"https:\/\/diariotextual.com\/inicio\/#\/schema\/person\/694f60677f23c4a530867a98f22b3768","name":"diario2","image":{"@type":"ImageObject","inLanguage":"es","@id":"https:\/\/secure.gravatar.com\/avatar\/5a2567495ba16b852fcd8f1ed006a2e24fcace936018ed8237e95f488ad6e0a7?s=96&d=mm&r=g","url":"https:\/\/secure.gravatar.com\/avatar\/5a2567495ba16b852fcd8f1ed006a2e24fcace936018ed8237e95f488ad6e0a7?s=96&d=mm&r=g","contentUrl":"https:\/\/secure.gravatar.com\/avatar\/5a2567495ba16b852fcd8f1ed006a2e24fcace936018ed8237e95f488ad6e0a7?s=96&d=mm&r=g","caption":"diario2"},"url":"https:\/\/diariotextual.com\/inicio\/index.php\/author\/diario2\/"}]}},"_links":{"self":[{"href":"https:\/\/diariotextual.com\/inicio\/index.php\/wp-json\/wp\/v2\/posts\/325881","targetHints":{"allow":["GET"]}}],"collection":[{"href":"https:\/\/diariotextual.com\/inicio\/index.php\/wp-json\/wp\/v2\/posts"}],"about":[{"href":"https:\/\/diariotextual.com\/inicio\/index.php\/wp-json\/wp\/v2\/types\/post"}],"author":[{"embeddable":true,"href":"https:\/\/diariotextual.com\/inicio\/index.php\/wp-json\/wp\/v2\/users\/4"}],"replies":[{"embeddable":true,"href":"https:\/\/diariotextual.com\/inicio\/index.php\/wp-json\/wp\/v2\/comments?post=325881"}],"version-history":[{"count":2,"href":"https:\/\/diariotextual.com\/inicio\/index.php\/wp-json\/wp\/v2\/posts\/325881\/revisions"}],"predecessor-version":[{"id":325883,"href":"https:\/\/diariotextual.com\/inicio\/index.php\/wp-json\/wp\/v2\/posts\/325881\/revisions\/325883"}],"wp:featuredmedia":[{"embeddable":true,"href":"https:\/\/diariotextual.com\/inicio\/index.php\/wp-json\/wp\/v2\/media\/261956"}],"wp:attachment":[{"href":"https:\/\/diariotextual.com\/inicio\/index.php\/wp-json\/wp\/v2\/media?parent=325881"}],"wp:term":[{"taxonomy":"category","embeddable":true,"href":"https:\/\/diariotextual.com\/inicio\/index.php\/wp-json\/wp\/v2\/categories?post=325881"},{"taxonomy":"post_tag","embeddable":true,"href":"https:\/\/diariotextual.com\/inicio\/index.php\/wp-json\/wp\/v2\/tags?post=325881"}],"curies":[{"name":"wp","href":"https:\/\/api.w.org\/{rel}","templated":true}]}}