{"id":325884,"date":"2026-04-28T17:23:32","date_gmt":"2026-04-28T20:23:32","guid":{"rendered":"https:\/\/diariotextual.com\/inicio\/?p=325884"},"modified":"2026-04-28T17:23:34","modified_gmt":"2026-04-28T20:23:34","slug":"impulsan-el-deporte-para-neurodivergentes-en-la-pampa-respaldo-del-subsecretario-de-deportes","status":"publish","type":"post","link":"https:\/\/diariotextual.com\/inicio\/index.php\/2026\/04\/28\/impulsan-el-deporte-para-neurodivergentes-en-la-pampa-respaldo-del-subsecretario-de-deportes\/","title":{"rendered":"Impulsan el deporte para neurodivergentes en La Pampa: respaldo del subsecretario de Deportes"},"content":{"rendered":"\n<p>La <strong>Comisi\u00f3n de Legislaci\u00f3n General<\/strong> de la Legislatura provincial, presidida por <strong>Liliana Robledo<\/strong>, se reuni\u00f3 este martes en <strong>Santa Rosa<\/strong> y emiti\u00f3 dict\u00e1menes sobre una serie de proyectos. En ese marco, particip\u00f3 el subsecretario de Deportes, Recreaci\u00f3n y Turismo Social, <strong>Ceferino Almud\u00e9var<\/strong>, quien expuso sobre una iniciativa que promueve espacios recreativos y deportivos para ni\u00f1as, ni\u00f1os y adolescentes <strong>neurodivergentes<\/strong> en la provincia.<\/p>\n\n\n\n<p>Durante su intervenci\u00f3n, <strong>Almud\u00e9var<\/strong> valor\u00f3 el alcance del proyecto y sostuvo que \u201ces interesante porque ampl\u00eda el espectro de participaci\u00f3n para personas neurodivergentes, en este caso deportistas que tienen esa patolog\u00eda\u201d.<\/p>\n\n\n\n<p>En esa l\u00ednea, destac\u00f3 el rol de las instituciones deportivas. \u201cCuando hablan de los lugares donde se ampliar\u00eda esta posibilidad de que los deportistas puedan tener acceso a la pr\u00e1ctica, nos resulta muy interesante el tema de las instituciones deportivas, de los clubes\u201d, dijo. \u201cMenciona a las escuelas deportivas, que nosotros las venimos desarrollando hace muchos a\u00f1os para personas con discapacidad\u201d, agreg\u00f3.<\/p>\n\n\n\n<p>Adem\u00e1s, remarc\u00f3 la importancia de avanzar con la implementaci\u00f3n de la iniciativa en el \u00e1mbito comunitario. \u201cVemos con muy buenos ojos poder empezar a trabajar a partir de esta ley con la implementaci\u00f3n en las instituciones deportivas, los clubes de barrio, como se los conoce, para que incorporen a deportistas\u201d.<\/p>\n\n\n\n<p>A lo largo de la reuni\u00f3n, tambi\u00e9n se analizaron otros proyectos. Entre ellos, obtuvo dictamen favorable por mayor\u00eda la iniciativa que declara de inter\u00e9s legislativo, social y cient\u00edfico el libro <strong>\u201cEl Desaf\u00edo de consolidar los derechos de la ni\u00f1ez. Una mirada territorial desde La Pampa\u201d<\/strong>, de <strong>Cecilia Bertol\u00e9<\/strong>, mientras que la minor\u00eda fijar\u00e1 posici\u00f3n en el recinto.<\/p>\n\n\n\n<p>De igual modo, el proyecto que declara de inter\u00e9s el libro <strong>\u201cMateo. El guerrero incansable\u201d<\/strong>, de <strong>Adriana Ju\u00e1rez<\/strong>, recibi\u00f3 aval de la mayor\u00eda, con reserva de postura por parte de la minor\u00eda.<\/p>\n\n\n\n<p>Tambi\u00e9n avanz\u00f3 el proyecto que declara de inter\u00e9s legislativo la segunda edici\u00f3n del <strong>\u201cTrail Desaf\u00edo Lihuel Calel\u201d<\/strong>, prevista para el pr\u00f3ximo 24 de mayo, con dictamen favorable por mayor\u00eda.<\/p>\n\n\n\n<p>En tanto, la iniciativa que solicita al Poder Ejecutivo Provincial la creaci\u00f3n de un <strong>Centro Provincial de Formaci\u00f3n Profesional en Catril\u00f3<\/strong> obtuvo dictamen favorable por mayor\u00eda, mientras que la minor\u00eda fijar\u00e1 posici\u00f3n en C\u00e1mara.<\/p>\n\n\n\n<p>Por otra parte, fue aprobado por unanimidad el proyecto que declara de inter\u00e9s legislativo el libro <strong>\u201cQu\u00e9 comer durante el tratamiento oncol\u00f3gico\u201d<\/strong>.<\/p>\n\n\n\n<p>Asimismo, recibi\u00f3 respaldo un\u00e1nime el reconocimiento al ciudadano pampeano <strong>Agust\u00edn Martino<\/strong> por su intervenci\u00f3n que permiti\u00f3 salvar la vida de un joven en el balneario Los \u00c1ngeles, en <strong>Necochea<\/strong>.<\/p>\n\n\n\n<p>Tambi\u00e9n se emitieron dict\u00e1menes favorables por mayor\u00eda \u2014con posici\u00f3n en recinto de la minor\u00eda\u2014 para declarar de inter\u00e9s legislativo el 70\u00b0 aniversario de la <strong>Primera Conferencia de Gobernadores del R\u00edo Colorado<\/strong>, realizada en <strong>Santa Rosa<\/strong> en 1956, y el 50\u00b0 aniversario de la creaci\u00f3n del <strong>Comit\u00e9 Interjurisdiccional del R\u00edo Colorado (Coirco)<\/strong>.<\/p>\n\n\n\n<p>Desde el tercer tramo de la reuni\u00f3n, se sum\u00f3 el tratamiento de los temas en la <strong>Comisi\u00f3n de Asuntos Constitucionales y Justicia<\/strong>, presidida por <strong>Hern\u00e1n P\u00e9rez Araujo<\/strong>, donde se abord\u00f3 el proyecto que expresa respaldo pol\u00edtico e institucional a la acci\u00f3n de amparo contra la Ley 27.804, que modifica la Ley 26.639 de glaciares.<\/p>\n\n\n\n<p><\/p>\n","protected":false},"excerpt":{"rendered":"<p>La Comisi\u00f3n de Legislaci\u00f3n General de la Legislatura provincial, presidida por Liliana Robledo, se reuni\u00f3 este martes en Santa Rosa y emiti\u00f3 dict\u00e1menes sobre una serie de proyectos. En ese&hellip;<\/p>\n","protected":false},"author":3,"featured_media":325885,"comment_status":"closed","ping_status":"open","sticky":false,"template":"","format":"standard","meta":{"_acf_changed":false,"footnotes":""},"categories":[9,12],"tags":[],"class_list":["post-325884","post","type-post","status-publish","format-standard","has-post-thumbnail","hentry","category-portada","category-sociedad"],"acf":[],"yoast_head":"<!-- This site is optimized with the Yoast SEO plugin v27.5 - https:\/\/yoast.com\/product\/yoast-seo-wordpress\/ -->\n<title>Impulsan el deporte para neurodivergentes en La Pampa: respaldo del subsecretario de Deportes - Diario Textual<\/title>\n<meta name=\"robots\" content=\"index, follow, max-snippet:-1, max-image-preview:large, max-video-preview:-1\" \/>\n<link rel=\"canonical\" href=\"https:\/\/diariotextual.com\/inicio\/index.php\/2026\/04\/28\/impulsan-el-deporte-para-neurodivergentes-en-la-pampa-respaldo-del-subsecretario-de-deportes\/\" \/>\n<meta property=\"og:locale\" content=\"es_ES\" \/>\n<meta property=\"og:type\" content=\"article\" \/>\n<meta property=\"og:title\" content=\"Impulsan el deporte para neurodivergentes en La Pampa: respaldo del subsecretario de Deportes - Diario Textual\" \/>\n<meta property=\"og:description\" content=\"La Comisi\u00f3n de Legislaci\u00f3n General de la Legislatura provincial, presidida por Liliana Robledo, se reuni\u00f3 este martes en Santa Rosa y emiti\u00f3 dict\u00e1menes sobre una serie de proyectos. En ese&hellip;\" \/>\n<meta property=\"og:url\" content=\"https:\/\/diariotextual.com\/inicio\/index.php\/2026\/04\/28\/impulsan-el-deporte-para-neurodivergentes-en-la-pampa-respaldo-del-subsecretario-de-deportes\/\" \/>\n<meta property=\"og:site_name\" content=\"Diario Textual\" \/>\n<meta property=\"article:publisher\" content=\"https:\/\/www.facebook.com\/eltextual\" \/>\n<meta property=\"article:published_time\" content=\"2026-04-28T20:23:32+00:00\" \/>\n<meta property=\"article:modified_time\" content=\"2026-04-28T20:23:34+00:00\" \/>\n<meta property=\"og:image\" content=\"https:\/\/diariotextual.com\/inicio\/wp-content\/uploads\/2026\/04\/almudevarceferino2026-1.jpg\" \/>\n\t<meta property=\"og:image:width\" content=\"1200\" \/>\n\t<meta property=\"og:image:height\" content=\"730\" \/>\n\t<meta property=\"og:image:type\" content=\"image\/jpeg\" \/>\n<meta name=\"author\" content=\"Diario1 Diario1\" \/>\n<meta name=\"twitter:card\" content=\"summary_large_image\" \/>\n<meta name=\"twitter:creator\" content=\"@eltextual\" \/>\n<meta name=\"twitter:site\" content=\"@eltextual\" \/>\n<meta name=\"twitter:label1\" content=\"Escrito por\" \/>\n\t<meta name=\"twitter:data1\" content=\"Diario1 Diario1\" \/>\n\t<meta name=\"twitter:label2\" content=\"Tiempo de lectura\" \/>\n\t<meta name=\"twitter:data2\" content=\"3 minutos\" \/>\n<script type=\"application\/ld+json\" class=\"yoast-schema-graph\">{\"@context\":\"https:\\\/\\\/schema.org\",\"@graph\":[{\"@type\":\"Article\",\"@id\":\"https:\\\/\\\/diariotextual.com\\\/inicio\\\/index.php\\\/2026\\\/04\\\/28\\\/impulsan-el-deporte-para-neurodivergentes-en-la-pampa-respaldo-del-subsecretario-de-deportes\\\/#article\",\"isPartOf\":{\"@id\":\"https:\\\/\\\/diariotextual.com\\\/inicio\\\/index.php\\\/2026\\\/04\\\/28\\\/impulsan-el-deporte-para-neurodivergentes-en-la-pampa-respaldo-del-subsecretario-de-deportes\\\/\"},\"author\":{\"name\":\"Diario1 Diario1\",\"@id\":\"https:\\\/\\\/diariotextual.com\\\/inicio\\\/#\\\/schema\\\/person\\\/418fc4093c33e86ed41562db3508f958\"},\"headline\":\"Impulsan el deporte para neurodivergentes en La Pampa: respaldo del subsecretario de Deportes\",\"datePublished\":\"2026-04-28T20:23:32+00:00\",\"dateModified\":\"2026-04-28T20:23:34+00:00\",\"mainEntityOfPage\":{\"@id\":\"https:\\\/\\\/diariotextual.com\\\/inicio\\\/index.php\\\/2026\\\/04\\\/28\\\/impulsan-el-deporte-para-neurodivergentes-en-la-pampa-respaldo-del-subsecretario-de-deportes\\\/\"},\"wordCount\":584,\"publisher\":{\"@id\":\"https:\\\/\\\/diariotextual.com\\\/inicio\\\/#organization\"},\"image\":{\"@id\":\"https:\\\/\\\/diariotextual.com\\\/inicio\\\/index.php\\\/2026\\\/04\\\/28\\\/impulsan-el-deporte-para-neurodivergentes-en-la-pampa-respaldo-del-subsecretario-de-deportes\\\/#primaryimage\"},\"thumbnailUrl\":\"https:\\\/\\\/diariotextual.com\\\/inicio\\\/wp-content\\\/uploads\\\/2026\\\/04\\\/almudevarceferino2026-1.jpg\",\"articleSection\":[\"A - PORTADA\",\"SOCIEDAD\"],\"inLanguage\":\"es\"},{\"@type\":\"WebPage\",\"@id\":\"https:\\\/\\\/diariotextual.com\\\/inicio\\\/index.php\\\/2026\\\/04\\\/28\\\/impulsan-el-deporte-para-neurodivergentes-en-la-pampa-respaldo-del-subsecretario-de-deportes\\\/\",\"url\":\"https:\\\/\\\/diariotextual.com\\\/inicio\\\/index.php\\\/2026\\\/04\\\/28\\\/impulsan-el-deporte-para-neurodivergentes-en-la-pampa-respaldo-del-subsecretario-de-deportes\\\/\",\"name\":\"Impulsan el deporte para neurodivergentes en La Pampa: respaldo del subsecretario de Deportes - Diario Textual\",\"isPartOf\":{\"@id\":\"https:\\\/\\\/diariotextual.com\\\/inicio\\\/#website\"},\"primaryImageOfPage\":{\"@id\":\"https:\\\/\\\/diariotextual.com\\\/inicio\\\/index.php\\\/2026\\\/04\\\/28\\\/impulsan-el-deporte-para-neurodivergentes-en-la-pampa-respaldo-del-subsecretario-de-deportes\\\/#primaryimage\"},\"image\":{\"@id\":\"https:\\\/\\\/diariotextual.com\\\/inicio\\\/index.php\\\/2026\\\/04\\\/28\\\/impulsan-el-deporte-para-neurodivergentes-en-la-pampa-respaldo-del-subsecretario-de-deportes\\\/#primaryimage\"},\"thumbnailUrl\":\"https:\\\/\\\/diariotextual.com\\\/inicio\\\/wp-content\\\/uploads\\\/2026\\\/04\\\/almudevarceferino2026-1.jpg\",\"datePublished\":\"2026-04-28T20:23:32+00:00\",\"dateModified\":\"2026-04-28T20:23:34+00:00\",\"breadcrumb\":{\"@id\":\"https:\\\/\\\/diariotextual.com\\\/inicio\\\/index.php\\\/2026\\\/04\\\/28\\\/impulsan-el-deporte-para-neurodivergentes-en-la-pampa-respaldo-del-subsecretario-de-deportes\\\/#breadcrumb\"},\"inLanguage\":\"es\",\"potentialAction\":[{\"@type\":\"ReadAction\",\"target\":[\"https:\\\/\\\/diariotextual.com\\\/inicio\\\/index.php\\\/2026\\\/04\\\/28\\\/impulsan-el-deporte-para-neurodivergentes-en-la-pampa-respaldo-del-subsecretario-de-deportes\\\/\"]}]},{\"@type\":\"ImageObject\",\"inLanguage\":\"es\",\"@id\":\"https:\\\/\\\/diariotextual.com\\\/inicio\\\/index.php\\\/2026\\\/04\\\/28\\\/impulsan-el-deporte-para-neurodivergentes-en-la-pampa-respaldo-del-subsecretario-de-deportes\\\/#primaryimage\",\"url\":\"https:\\\/\\\/diariotextual.com\\\/inicio\\\/wp-content\\\/uploads\\\/2026\\\/04\\\/almudevarceferino2026-1.jpg\",\"contentUrl\":\"https:\\\/\\\/diariotextual.com\\\/inicio\\\/wp-content\\\/uploads\\\/2026\\\/04\\\/almudevarceferino2026-1.jpg\",\"width\":1200,\"height\":730},{\"@type\":\"BreadcrumbList\",\"@id\":\"https:\\\/\\\/diariotextual.com\\\/inicio\\\/index.php\\\/2026\\\/04\\\/28\\\/impulsan-el-deporte-para-neurodivergentes-en-la-pampa-respaldo-del-subsecretario-de-deportes\\\/#breadcrumb\",\"itemListElement\":[{\"@type\":\"ListItem\",\"position\":1,\"name\":\"Portada\",\"item\":\"https:\\\/\\\/diariotextual.com\\\/inicio\\\/\"},{\"@type\":\"ListItem\",\"position\":2,\"name\":\"Impulsan el deporte para neurodivergentes en La Pampa: respaldo del subsecretario de Deportes\"}]},{\"@type\":\"WebSite\",\"@id\":\"https:\\\/\\\/diariotextual.com\\\/inicio\\\/#website\",\"url\":\"https:\\\/\\\/diariotextual.com\\\/inicio\\\/\",\"name\":\"Diario Textual\",\"description\":\"\",\"publisher\":{\"@id\":\"https:\\\/\\\/diariotextual.com\\\/inicio\\\/#organization\"},\"potentialAction\":[{\"@type\":\"SearchAction\",\"target\":{\"@type\":\"EntryPoint\",\"urlTemplate\":\"https:\\\/\\\/diariotextual.com\\\/inicio\\\/?s={search_term_string}\"},\"query-input\":{\"@type\":\"PropertyValueSpecification\",\"valueRequired\":true,\"valueName\":\"search_term_string\"}}],\"inLanguage\":\"es\"},{\"@type\":\"Organization\",\"@id\":\"https:\\\/\\\/diariotextual.com\\\/inicio\\\/#organization\",\"name\":\"Diario Textual\",\"url\":\"https:\\\/\\\/diariotextual.com\\\/inicio\\\/\",\"logo\":{\"@type\":\"ImageObject\",\"inLanguage\":\"es\",\"@id\":\"https:\\\/\\\/diariotextual.com\\\/inicio\\\/#\\\/schema\\\/logo\\\/image\\\/\",\"url\":\"https:\\\/\\\/diariotextual.com\\\/inicio\\\/wp-content\\\/uploads\\\/2023\\\/05\\\/logotextual1.jpg\",\"contentUrl\":\"https:\\\/\\\/diariotextual.com\\\/inicio\\\/wp-content\\\/uploads\\\/2023\\\/05\\\/logotextual1.jpg\",\"width\":516,\"height\":76,\"caption\":\"Diario Textual\"},\"image\":{\"@id\":\"https:\\\/\\\/diariotextual.com\\\/inicio\\\/#\\\/schema\\\/logo\\\/image\\\/\"},\"sameAs\":[\"https:\\\/\\\/www.facebook.com\\\/eltextual\",\"https:\\\/\\\/x.com\\\/eltextual\",\"http:\\\/\\\/www.instagram.com\\\/eltextual\"]},{\"@type\":\"Person\",\"@id\":\"https:\\\/\\\/diariotextual.com\\\/inicio\\\/#\\\/schema\\\/person\\\/418fc4093c33e86ed41562db3508f958\",\"name\":\"Diario1 Diario1\",\"image\":{\"@type\":\"ImageObject\",\"inLanguage\":\"es\",\"@id\":\"https:\\\/\\\/secure.gravatar.com\\\/avatar\\\/9167d280179c85bc18be67aa7eda765854300033af4896dd779b608640f2ef7a?s=96&d=mm&r=g\",\"url\":\"https:\\\/\\\/secure.gravatar.com\\\/avatar\\\/9167d280179c85bc18be67aa7eda765854300033af4896dd779b608640f2ef7a?s=96&d=mm&r=g\",\"contentUrl\":\"https:\\\/\\\/secure.gravatar.com\\\/avatar\\\/9167d280179c85bc18be67aa7eda765854300033af4896dd779b608640f2ef7a?s=96&d=mm&r=g\",\"caption\":\"Diario1 Diario1\"},\"url\":\"https:\\\/\\\/diariotextual.com\\\/inicio\\\/index.php\\\/author\\\/diario1\\\/\"}]}<\/script>\n<!-- \/ Yoast SEO plugin. -->","yoast_head_json":{"title":"Impulsan el deporte para neurodivergentes en La Pampa: respaldo del subsecretario de Deportes - Diario Textual","robots":{"index":"index","follow":"follow","max-snippet":"max-snippet:-1","max-image-preview":"max-image-preview:large","max-video-preview":"max-video-preview:-1"},"canonical":"https:\/\/diariotextual.com\/inicio\/index.php\/2026\/04\/28\/impulsan-el-deporte-para-neurodivergentes-en-la-pampa-respaldo-del-subsecretario-de-deportes\/","og_locale":"es_ES","og_type":"article","og_title":"Impulsan el deporte para neurodivergentes en La Pampa: respaldo del subsecretario de Deportes - Diario Textual","og_description":"La Comisi\u00f3n de Legislaci\u00f3n General de la Legislatura provincial, presidida por Liliana Robledo, se reuni\u00f3 este martes en Santa Rosa y emiti\u00f3 dict\u00e1menes sobre una serie de proyectos. En ese&hellip;","og_url":"https:\/\/diariotextual.com\/inicio\/index.php\/2026\/04\/28\/impulsan-el-deporte-para-neurodivergentes-en-la-pampa-respaldo-del-subsecretario-de-deportes\/","og_site_name":"Diario Textual","article_publisher":"https:\/\/www.facebook.com\/eltextual","article_published_time":"2026-04-28T20:23:32+00:00","article_modified_time":"2026-04-28T20:23:34+00:00","og_image":[{"width":1200,"height":730,"url":"https:\/\/diariotextual.com\/inicio\/wp-content\/uploads\/2026\/04\/almudevarceferino2026-1.jpg","type":"image\/jpeg"}],"author":"Diario1 Diario1","twitter_card":"summary_large_image","twitter_creator":"@eltextual","twitter_site":"@eltextual","twitter_misc":{"Escrito por":"Diario1 Diario1","Tiempo de lectura":"3 minutos"},"schema":{"@context":"https:\/\/schema.org","@graph":[{"@type":"Article","@id":"https:\/\/diariotextual.com\/inicio\/index.php\/2026\/04\/28\/impulsan-el-deporte-para-neurodivergentes-en-la-pampa-respaldo-del-subsecretario-de-deportes\/#article","isPartOf":{"@id":"https:\/\/diariotextual.com\/inicio\/index.php\/2026\/04\/28\/impulsan-el-deporte-para-neurodivergentes-en-la-pampa-respaldo-del-subsecretario-de-deportes\/"},"author":{"name":"Diario1 Diario1","@id":"https:\/\/diariotextual.com\/inicio\/#\/schema\/person\/418fc4093c33e86ed41562db3508f958"},"headline":"Impulsan el deporte para neurodivergentes en La Pampa: respaldo del subsecretario de Deportes","datePublished":"2026-04-28T20:23:32+00:00","dateModified":"2026-04-28T20:23:34+00:00","mainEntityOfPage":{"@id":"https:\/\/diariotextual.com\/inicio\/index.php\/2026\/04\/28\/impulsan-el-deporte-para-neurodivergentes-en-la-pampa-respaldo-del-subsecretario-de-deportes\/"},"wordCount":584,"publisher":{"@id":"https:\/\/diariotextual.com\/inicio\/#organization"},"image":{"@id":"https:\/\/diariotextual.com\/inicio\/index.php\/2026\/04\/28\/impulsan-el-deporte-para-neurodivergentes-en-la-pampa-respaldo-del-subsecretario-de-deportes\/#primaryimage"},"thumbnailUrl":"https:\/\/diariotextual.com\/inicio\/wp-content\/uploads\/2026\/04\/almudevarceferino2026-1.jpg","articleSection":["A - PORTADA","SOCIEDAD"],"inLanguage":"es"},{"@type":"WebPage","@id":"https:\/\/diariotextual.com\/inicio\/index.php\/2026\/04\/28\/impulsan-el-deporte-para-neurodivergentes-en-la-pampa-respaldo-del-subsecretario-de-deportes\/","url":"https:\/\/diariotextual.com\/inicio\/index.php\/2026\/04\/28\/impulsan-el-deporte-para-neurodivergentes-en-la-pampa-respaldo-del-subsecretario-de-deportes\/","name":"Impulsan el deporte para neurodivergentes en La Pampa: respaldo del subsecretario de Deportes - Diario Textual","isPartOf":{"@id":"https:\/\/diariotextual.com\/inicio\/#website"},"primaryImageOfPage":{"@id":"https:\/\/diariotextual.com\/inicio\/index.php\/2026\/04\/28\/impulsan-el-deporte-para-neurodivergentes-en-la-pampa-respaldo-del-subsecretario-de-deportes\/#primaryimage"},"image":{"@id":"https:\/\/diariotextual.com\/inicio\/index.php\/2026\/04\/28\/impulsan-el-deporte-para-neurodivergentes-en-la-pampa-respaldo-del-subsecretario-de-deportes\/#primaryimage"},"thumbnailUrl":"https:\/\/diariotextual.com\/inicio\/wp-content\/uploads\/2026\/04\/almudevarceferino2026-1.jpg","datePublished":"2026-04-28T20:23:32+00:00","dateModified":"2026-04-28T20:23:34+00:00","breadcrumb":{"@id":"https:\/\/diariotextual.com\/inicio\/index.php\/2026\/04\/28\/impulsan-el-deporte-para-neurodivergentes-en-la-pampa-respaldo-del-subsecretario-de-deportes\/#breadcrumb"},"inLanguage":"es","potentialAction":[{"@type":"ReadAction","target":["https:\/\/diariotextual.com\/inicio\/index.php\/2026\/04\/28\/impulsan-el-deporte-para-neurodivergentes-en-la-pampa-respaldo-del-subsecretario-de-deportes\/"]}]},{"@type":"ImageObject","inLanguage":"es","@id":"https:\/\/diariotextual.com\/inicio\/index.php\/2026\/04\/28\/impulsan-el-deporte-para-neurodivergentes-en-la-pampa-respaldo-del-subsecretario-de-deportes\/#primaryimage","url":"https:\/\/diariotextual.com\/inicio\/wp-content\/uploads\/2026\/04\/almudevarceferino2026-1.jpg","contentUrl":"https:\/\/diariotextual.com\/inicio\/wp-content\/uploads\/2026\/04\/almudevarceferino2026-1.jpg","width":1200,"height":730},{"@type":"BreadcrumbList","@id":"https:\/\/diariotextual.com\/inicio\/index.php\/2026\/04\/28\/impulsan-el-deporte-para-neurodivergentes-en-la-pampa-respaldo-del-subsecretario-de-deportes\/#breadcrumb","itemListElement":[{"@type":"ListItem","position":1,"name":"Portada","item":"https:\/\/diariotextual.com\/inicio\/"},{"@type":"ListItem","position":2,"name":"Impulsan el deporte para neurodivergentes en La Pampa: respaldo del subsecretario de Deportes"}]},{"@type":"WebSite","@id":"https:\/\/diariotextual.com\/inicio\/#website","url":"https:\/\/diariotextual.com\/inicio\/","name":"Diario Textual","description":"","publisher":{"@id":"https:\/\/diariotextual.com\/inicio\/#organization"},"potentialAction":[{"@type":"SearchAction","target":{"@type":"EntryPoint","urlTemplate":"https:\/\/diariotextual.com\/inicio\/?s={search_term_string}"},"query-input":{"@type":"PropertyValueSpecification","valueRequired":true,"valueName":"search_term_string"}}],"inLanguage":"es"},{"@type":"Organization","@id":"https:\/\/diariotextual.com\/inicio\/#organization","name":"Diario Textual","url":"https:\/\/diariotextual.com\/inicio\/","logo":{"@type":"ImageObject","inLanguage":"es","@id":"https:\/\/diariotextual.com\/inicio\/#\/schema\/logo\/image\/","url":"https:\/\/diariotextual.com\/inicio\/wp-content\/uploads\/2023\/05\/logotextual1.jpg","contentUrl":"https:\/\/diariotextual.com\/inicio\/wp-content\/uploads\/2023\/05\/logotextual1.jpg","width":516,"height":76,"caption":"Diario Textual"},"image":{"@id":"https:\/\/diariotextual.com\/inicio\/#\/schema\/logo\/image\/"},"sameAs":["https:\/\/www.facebook.com\/eltextual","https:\/\/x.com\/eltextual","http:\/\/www.instagram.com\/eltextual"]},{"@type":"Person","@id":"https:\/\/diariotextual.com\/inicio\/#\/schema\/person\/418fc4093c33e86ed41562db3508f958","name":"Diario1 Diario1","image":{"@type":"ImageObject","inLanguage":"es","@id":"https:\/\/secure.gravatar.com\/avatar\/9167d280179c85bc18be67aa7eda765854300033af4896dd779b608640f2ef7a?s=96&d=mm&r=g","url":"https:\/\/secure.gravatar.com\/avatar\/9167d280179c85bc18be67aa7eda765854300033af4896dd779b608640f2ef7a?s=96&d=mm&r=g","contentUrl":"https:\/\/secure.gravatar.com\/avatar\/9167d280179c85bc18be67aa7eda765854300033af4896dd779b608640f2ef7a?s=96&d=mm&r=g","caption":"Diario1 Diario1"},"url":"https:\/\/diariotextual.com\/inicio\/index.php\/author\/diario1\/"}]}},"_links":{"self":[{"href":"https:\/\/diariotextual.com\/inicio\/index.php\/wp-json\/wp\/v2\/posts\/325884","targetHints":{"allow":["GET"]}}],"collection":[{"href":"https:\/\/diariotextual.com\/inicio\/index.php\/wp-json\/wp\/v2\/posts"}],"about":[{"href":"https:\/\/diariotextual.com\/inicio\/index.php\/wp-json\/wp\/v2\/types\/post"}],"author":[{"embeddable":true,"href":"https:\/\/diariotextual.com\/inicio\/index.php\/wp-json\/wp\/v2\/users\/3"}],"replies":[{"embeddable":true,"href":"https:\/\/diariotextual.com\/inicio\/index.php\/wp-json\/wp\/v2\/comments?post=325884"}],"version-history":[{"count":1,"href":"https:\/\/diariotextual.com\/inicio\/index.php\/wp-json\/wp\/v2\/posts\/325884\/revisions"}],"predecessor-version":[{"id":325886,"href":"https:\/\/diariotextual.com\/inicio\/index.php\/wp-json\/wp\/v2\/posts\/325884\/revisions\/325886"}],"wp:featuredmedia":[{"embeddable":true,"href":"https:\/\/diariotextual.com\/inicio\/index.php\/wp-json\/wp\/v2\/media\/325885"}],"wp:attachment":[{"href":"https:\/\/diariotextual.com\/inicio\/index.php\/wp-json\/wp\/v2\/media?parent=325884"}],"wp:term":[{"taxonomy":"category","embeddable":true,"href":"https:\/\/diariotextual.com\/inicio\/index.php\/wp-json\/wp\/v2\/categories?post=325884"},{"taxonomy":"post_tag","embeddable":true,"href":"https:\/\/diariotextual.com\/inicio\/index.php\/wp-json\/wp\/v2\/tags?post=325884"}],"curies":[{"name":"wp","href":"https:\/\/api.w.org\/{rel}","templated":true}]}}