{"id":325887,"date":"2026-04-28T17:43:06","date_gmt":"2026-04-28T20:43:06","guid":{"rendered":"https:\/\/diariotextual.com\/inicio\/?p=325887"},"modified":"2026-04-28T20:10:42","modified_gmt":"2026-04-28T23:10:42","slug":"ley-de-glaciares-la-ucr-respalda-amparo-de-la-pampa-pero-esta-en-contra-de-la-estrategia-judicial","status":"publish","type":"post","link":"https:\/\/diariotextual.com\/inicio\/index.php\/2026\/04\/28\/ley-de-glaciares-la-ucr-respalda-amparo-de-la-pampa-pero-esta-en-contra-de-la-estrategia-judicial\/","title":{"rendered":"Ley de Glaciares: la UCR se queja de que \u201cno hubo una amplia convocatoria\u201d y avisa que est\u00e1 en contra de la estrategia judicial"},"content":{"rendered":"\n<p>El <strong>radicalismo pampeano <\/strong>manifest\u00f3 este martes su <strong>rechazo a la reforma <\/strong>de la <strong>Ley de Glaciares<\/strong> y<strong> respald\u00f3 la presentaci\u00f3n en la Justicia de un amparo colectivo<\/strong>. Sin embargo, critic\u00f3 que <strong>\u201cno hubo una convocatoria m\u00e1s amplia\u201d <\/strong>y atac\u00f3 a la <strong>estrategia judicial<\/strong>: el diputado <strong>Hip\u00f3lito \u201cPoli\u201d Altolaguirre (UCR)<\/strong> dijo que, en vez de hacer la presentaci\u00f3n en el <strong>Juzgado Federal de Santa Rosa<\/strong>, deber\u00eda haberse realizado, directamente, ante la <strong>Corte Suprema de Justicia de la Naci\u00f3n<\/strong>. El amparo fue presentado por el <strong>Gobierno de La Pampa<\/strong> la <strong>Universidad Nacional de La Pampa<\/strong> y las organizaciones ambientalistas <strong>Fundaci\u00f3n Chadileuv\u00fa<\/strong> y la <strong>Asamblea por los R\u00edos Pampeanos<\/strong>. <\/p>\n\n\n\n<p>De esta manera, el <strong>radicalismo<\/strong> y el <strong>peronismo pampeano<\/strong> se abroquelaron contra la ley que podr\u00eda afectar el <strong>r\u00edo Colorado<\/strong>, del que se abastece el <strong>70 por ciento de los pampeanos<\/strong>. En el <strong>Pro<\/strong>, en tanto, hay <strong>posiciones encontradas<\/strong> -unos a favor y algunos en contra-, en tanto que en <strong>La Libertad Avanza<\/strong> -en rigor, sin ninguna banca en la <strong>Legislatura provincial<\/strong>&#8211; no hay fisuras y se muestran a favor de los cambios.<\/p>\n\n\n\n<p><strong>\u201cPoli\u201d Altolaguirre<\/strong> dej\u00f3 en clara la posici\u00f3n de la <strong>UCR<\/strong> en una reuni\u00f3n de la <strong>Comisi\u00f3n de Asuntos Constitucionales y Justicia<\/strong> de la <strong>Legislatura provincial<\/strong>. La comisi\u00f3n sac\u00f3 <strong>dictamen favorable por la mayor\u00eda<\/strong>, mientras que la <strong>minor\u00eda<\/strong> decidi\u00f3 fijar posici\u00f3n en el recinto, sobre el <strong>proyecto de resoluci\u00f3n<\/strong> por el que se expresa <strong>respaldo pol\u00edtico e institucional<\/strong> a la acci\u00f3n de <strong>amparo<\/strong>, con el fin de declarar la <strong>inconstitucionalidad, inconvencionalidad y nulidad absoluta<\/strong> de la <strong>Ley 27.804<\/strong>, que modifica la <strong>Ley 26.639<\/strong> de <strong>Glaciares<\/strong>. El voto de la <strong>mayor\u00eda<\/strong> es del <strong>peronismo<\/strong>. En tanto, la <strong>minor\u00eda<\/strong> corresponde a la <strong>UCR<\/strong>.<\/p>\n\n\n\n<p>\u201cRechazamos la reforma y defendemos nuestros r\u00edos, pero no acompa\u00f1amos la presentaci\u00f3n de un amparo selectivo, porque fue firmado fue solamente un sector de nuestra provincia, cuando hist\u00f3ricamente fue una pol\u00edtica de Estado de nuestra provincia. No hab\u00eda motivos para no hacer una convocatoria m\u00e1s amplia\u201d, expres\u00f3 Altolaguirre, luego, a Diario Textual.<\/p>\n\n\n\n<p>La reuni\u00f3n fue presidida por <strong>Hern\u00e1n P\u00e9rez Araujo (Frejupa, peronismo)<\/strong>. \u201cEsta acci\u00f3n fue presentada el d\u00eda 9 de abril, esto es al d\u00eda siguiente de la <strong>sanci\u00f3n por parte del Congreso<\/strong>, o casi me atrevo a decir el mismo d\u00eda, porque fue despu\u00e9s, a las 12 de la noche la <strong>aprobaci\u00f3n<\/strong>\u201d, dijo.<\/p>\n\n\n\n<p>\u201cNosotros vamos a pedir dictaminar este proyecto, que es, como su texto lo indica, el <strong>firme respaldo pol\u00edtico e institucional<\/strong> a esta acci\u00f3n llevada adelante no solo por el <strong>Gobierno de La Pampa<\/strong>, sino por nuestra <strong>Universidad Nacional<\/strong> y las dos <strong>entidades ambientalistas<\/strong>\u201d, dijo <strong>P\u00e9rez Araujo<\/strong>.<\/p>\n\n\n\n<p>Posteriormente, <strong>Altolaguirre<\/strong> expres\u00f3 la postura del bloque de la <strong>Uni\u00f3n C\u00edvica Radical<\/strong>. \u201cQuiero dejar en claro nuestro <strong>rechazo contundente<\/strong> a la <strong>Ley 27.804<\/strong>. Coincidimos en que esta <strong>reforma de la Ley de Glaciares<\/strong> es <strong>regresiva<\/strong> y pone en riesgo al <strong>sistema energ\u00e9tico<\/strong> que tanto defendemos los <strong>pampeanos<\/strong>\u201d, resalt\u00f3.<\/p>\n\n\n\n<p>No obstante, aclar\u00f3 que el eje del debate no radica en el contenido de la norma, sino en la <strong>estrategia adoptada<\/strong>. \u201cHoy no estamos ac\u00e1 para discutir las consignas, sino para evaluar la <strong>seriedad de una estrategia judicial<\/strong> que ha decidido llevar adelante nuestra <strong>provincia<\/strong>\u201d, dijo.<\/p>\n\n\n\n<p>\u201cNuestro representante nacional, <strong>Daniel Kroneberger<\/strong>, vot\u00f3 en contra de esta ley en el <strong>Senado<\/strong>\u201d, record\u00f3. \u201cPero el proyecto en tratamiento propone un <strong>amparo<\/strong> ante la <strong>Justicia Federal local<\/strong>. La <strong>Constituci\u00f3n Nacional<\/strong> es clara: cuando una <strong>provincia<\/strong> demanda al <strong>Estado Nacional<\/strong> por la <strong>inconstitucionalidad de una ley<\/strong> que ataca al <strong>federalismo<\/strong>, la competencia es <strong>originaria y exclusiva<\/strong> de la <strong>Corte Suprema de Justicia de la Naci\u00f3n<\/strong>\u201d, dijo.<\/p>\n\n\n\n<p>Asimismo, advirti\u00f3 sobre las posibles consecuencias de esa decisi\u00f3n. \u201cAl forzar la <strong>v\u00eda local<\/strong>, el oficialismo expone a <strong>La Pampa<\/strong> a un <strong>conflicto de competencias<\/strong>, que solo dilatar\u00e1 la <strong>protecci\u00f3n real de los glaciares<\/strong>. El <strong>amparo<\/strong> es para <strong>casos manifiestos<\/strong> y corremos el riesgo de que el <strong>juez<\/strong> rechace la acci\u00f3n de entrada, entendiendo que se requiere un <strong>proceso de debate m\u00e1s amplio<\/strong>\u201d, dijo.<\/p>\n\n\n\n<p>Adem\u00e1s, cuestion\u00f3 que el Gobierno pampeano, al elaborar el amparo, no tuvo en cuenta la opini\u00f3n de la mayor\u00eda de los legisladores provinciales.<\/p>\n\n\n\n<p><\/p>\n\n\n\n<figure class=\"wp-block-embed is-type-wp-embed is-provider-diario-textual wp-block-embed-diario-textual\"><div class=\"wp-block-embed__wrapper\">\n<blockquote class=\"wp-embedded-content\" data-secret=\"3w7nzxVgzk\"><a href=\"https:\/\/diariotextual.com\/inicio\/index.php\/2026\/04\/24\/es-inconstitucional-nacion-promulgo-la-reforma-de-la-ley-de-glaciares-y-la-pampa-metio-el-amparo\/\">\u00bfEs inconstitucional?: Se promulg\u00f3 la reforma de la Ley de Glaciares y La Pampa meti\u00f3 el amparo<\/a><\/blockquote><iframe class=\"wp-embedded-content\" sandbox=\"allow-scripts\" security=\"restricted\" style=\"position: absolute; visibility: hidden;\" title=\"\u00ab\u00bfEs inconstitucional?: Se promulg\u00f3 la reforma de la Ley de Glaciares y La Pampa meti\u00f3 el amparo\u00bb \u2014 Diario Textual\" src=\"https:\/\/diariotextual.com\/inicio\/index.php\/2026\/04\/24\/es-inconstitucional-nacion-promulgo-la-reforma-de-la-ley-de-glaciares-y-la-pampa-metio-el-amparo\/embed\/#?secret=8PiKqmbcno#?secret=3w7nzxVgzk\" data-secret=\"3w7nzxVgzk\" width=\"600\" height=\"338\" frameborder=\"0\" marginwidth=\"0\" marginheight=\"0\" scrolling=\"no\"><\/iframe>\n<\/div><\/figure>\n\n\n\n<p><\/p>\n\n\n\n<p>El eje de la reforma pasa por una <strong>modificaci\u00f3n sustancial<\/strong> en el esquema de <strong>protecci\u00f3n<\/strong>: se transfieren <strong>competencias a las provincias<\/strong>, que desde ahora podr\u00e1n definir sus propios <strong>criterios t\u00e9cnicos<\/strong> para determinar qu\u00e9 <strong>cuerpos de hielo<\/strong> o <strong>zonas periglaciares<\/strong> quedan alcanzados por la <strong>protecci\u00f3n<\/strong>.<\/p>\n\n\n\n<p>Hasta ahora, la ley sancionada en <strong>2010<\/strong> establec\u00eda <strong>par\u00e1metros uniformes<\/strong> y consideraba a estos <strong>ecosistemas<\/strong> como <strong>bienes p\u00fablicos estrat\u00e9gicos<\/strong>. Con la nueva redacci\u00f3n, las \u00e1reas que no sean incluidas bajo los <strong>criterios provinciales<\/strong> podr\u00edan quedar fuera del <strong>r\u00e9gimen espec\u00edfico de protecci\u00f3n<\/strong>.<\/p>\n\n\n\n<p>Para <strong>sectores ambientales<\/strong> y <strong>autoridades pampeanas<\/strong>, este punto implica un posible <strong>debilitamiento de los est\u00e1ndares vigentes<\/strong>.<\/p>\n\n\n\n<p>El <strong>Gobierno pampeano<\/strong> sostiene que la reforma <strong>debilita los est\u00e1ndares nacionales de protecci\u00f3n<\/strong> y traslada <strong>responsabilidades a las provincias cordilleranas<\/strong>, lo que podr\u00eda facilitar la <strong>actividad minera en zonas glaciares<\/strong>.<\/p>\n\n\n\n<p>Por lo pronto, el viernes 24 la <strong>Fiscal\u00eda de Estado<\/strong> meti\u00f3 el <strong>amparo colectivo<\/strong>. Ahora el <strong>juez federal Juan Jos\u00e9 Baric<\/strong> deber\u00e1 determinar si es <strong>competente<\/strong> o si, directamente, tendr\u00e1 que enviar el expediente a la <strong>Corte Suprema de Justicia de la Naci\u00f3n<\/strong>.<\/p>\n\n\n\n<p><\/p>\n","protected":false},"excerpt":{"rendered":"<p>El radicalismo pampeano manifest\u00f3 este martes su rechazo a la reforma de la Ley de Glaciares y respald\u00f3 la presentaci\u00f3n en la Justicia de un amparo colectivo. Sin embargo, critic\u00f3&hellip;<\/p>\n","protected":false},"author":3,"featured_media":306992,"comment_status":"closed","ping_status":"open","sticky":false,"template":"","format":"standard","meta":{"_acf_changed":false,"footnotes":""},"categories":[4,8],"tags":[],"class_list":["post-325887","post","type-post","status-publish","format-standard","has-post-thumbnail","hentry","category-destacadas","category-politica"],"acf":[],"yoast_head":"<!-- This site is optimized with the Yoast SEO plugin v27.5 - https:\/\/yoast.com\/product\/yoast-seo-wordpress\/ -->\n<title>Ley de Glaciares: la UCR se queja de que \u201cno hubo una amplia convocatoria\u201d y avisa que est\u00e1 en contra de la estrategia judicial - Diario Textual<\/title>\n<meta name=\"robots\" content=\"index, follow, max-snippet:-1, max-image-preview:large, max-video-preview:-1\" \/>\n<link rel=\"canonical\" href=\"https:\/\/diariotextual.com\/inicio\/index.php\/2026\/04\/28\/ley-de-glaciares-la-ucr-respalda-amparo-de-la-pampa-pero-esta-en-contra-de-la-estrategia-judicial\/\" \/>\n<meta property=\"og:locale\" content=\"es_ES\" \/>\n<meta property=\"og:type\" content=\"article\" \/>\n<meta property=\"og:title\" content=\"Ley de Glaciares: la UCR se queja de que \u201cno hubo una amplia convocatoria\u201d y avisa que est\u00e1 en contra de la estrategia judicial - Diario Textual\" \/>\n<meta property=\"og:description\" content=\"El radicalismo pampeano manifest\u00f3 este martes su rechazo a la reforma de la Ley de Glaciares y respald\u00f3 la presentaci\u00f3n en la Justicia de un amparo colectivo. Sin embargo, critic\u00f3&hellip;\" \/>\n<meta property=\"og:url\" content=\"https:\/\/diariotextual.com\/inicio\/index.php\/2026\/04\/28\/ley-de-glaciares-la-ucr-respalda-amparo-de-la-pampa-pero-esta-en-contra-de-la-estrategia-judicial\/\" \/>\n<meta property=\"og:site_name\" content=\"Diario Textual\" \/>\n<meta property=\"article:publisher\" content=\"https:\/\/www.facebook.com\/eltextual\" \/>\n<meta property=\"article:published_time\" content=\"2026-04-28T20:43:06+00:00\" \/>\n<meta property=\"article:modified_time\" content=\"2026-04-28T23:10:42+00:00\" \/>\n<meta property=\"og:image\" content=\"https:\/\/diariotextual.com\/inicio\/wp-content\/uploads\/2025\/09\/altolaguirrehipolitoaltolaguirremedanitoley2025-7.jpg\" \/>\n\t<meta property=\"og:image:width\" content=\"1500\" \/>\n\t<meta property=\"og:image:height\" content=\"994\" \/>\n\t<meta property=\"og:image:type\" content=\"image\/jpeg\" \/>\n<meta name=\"author\" content=\"Diario1 Diario1\" \/>\n<meta name=\"twitter:card\" content=\"summary_large_image\" \/>\n<meta name=\"twitter:creator\" content=\"@eltextual\" \/>\n<meta name=\"twitter:site\" content=\"@eltextual\" \/>\n<meta name=\"twitter:label1\" content=\"Escrito por\" \/>\n\t<meta name=\"twitter:data1\" content=\"Diario1 Diario1\" \/>\n\t<meta name=\"twitter:label2\" content=\"Tiempo de lectura\" \/>\n\t<meta name=\"twitter:data2\" content=\"5 minutos\" \/>\n<script type=\"application\/ld+json\" class=\"yoast-schema-graph\">{\"@context\":\"https:\\\/\\\/schema.org\",\"@graph\":[{\"@type\":\"Article\",\"@id\":\"https:\\\/\\\/diariotextual.com\\\/inicio\\\/index.php\\\/2026\\\/04\\\/28\\\/ley-de-glaciares-la-ucr-respalda-amparo-de-la-pampa-pero-esta-en-contra-de-la-estrategia-judicial\\\/#article\",\"isPartOf\":{\"@id\":\"https:\\\/\\\/diariotextual.com\\\/inicio\\\/index.php\\\/2026\\\/04\\\/28\\\/ley-de-glaciares-la-ucr-respalda-amparo-de-la-pampa-pero-esta-en-contra-de-la-estrategia-judicial\\\/\"},\"author\":{\"name\":\"Diario1 Diario1\",\"@id\":\"https:\\\/\\\/diariotextual.com\\\/inicio\\\/#\\\/schema\\\/person\\\/418fc4093c33e86ed41562db3508f958\"},\"headline\":\"Ley de Glaciares: la UCR se queja de que \u201cno hubo una amplia convocatoria\u201d y avisa que est\u00e1 en contra de la estrategia judicial\",\"datePublished\":\"2026-04-28T20:43:06+00:00\",\"dateModified\":\"2026-04-28T23:10:42+00:00\",\"mainEntityOfPage\":{\"@id\":\"https:\\\/\\\/diariotextual.com\\\/inicio\\\/index.php\\\/2026\\\/04\\\/28\\\/ley-de-glaciares-la-ucr-respalda-amparo-de-la-pampa-pero-esta-en-contra-de-la-estrategia-judicial\\\/\"},\"wordCount\":948,\"publisher\":{\"@id\":\"https:\\\/\\\/diariotextual.com\\\/inicio\\\/#organization\"},\"image\":{\"@id\":\"https:\\\/\\\/diariotextual.com\\\/inicio\\\/index.php\\\/2026\\\/04\\\/28\\\/ley-de-glaciares-la-ucr-respalda-amparo-de-la-pampa-pero-esta-en-contra-de-la-estrategia-judicial\\\/#primaryimage\"},\"thumbnailUrl\":\"https:\\\/\\\/diariotextual.com\\\/inicio\\\/wp-content\\\/uploads\\\/2025\\\/09\\\/altolaguirrehipolitoaltolaguirremedanitoley2025-7.jpg\",\"articleSection\":[\"A - DESTACADAS (mod 16)\",\"POLITICA\"],\"inLanguage\":\"es\"},{\"@type\":\"WebPage\",\"@id\":\"https:\\\/\\\/diariotextual.com\\\/inicio\\\/index.php\\\/2026\\\/04\\\/28\\\/ley-de-glaciares-la-ucr-respalda-amparo-de-la-pampa-pero-esta-en-contra-de-la-estrategia-judicial\\\/\",\"url\":\"https:\\\/\\\/diariotextual.com\\\/inicio\\\/index.php\\\/2026\\\/04\\\/28\\\/ley-de-glaciares-la-ucr-respalda-amparo-de-la-pampa-pero-esta-en-contra-de-la-estrategia-judicial\\\/\",\"name\":\"Ley de Glaciares: la UCR se queja de que \u201cno hubo una amplia convocatoria\u201d y avisa que est\u00e1 en contra de la estrategia judicial - Diario Textual\",\"isPartOf\":{\"@id\":\"https:\\\/\\\/diariotextual.com\\\/inicio\\\/#website\"},\"primaryImageOfPage\":{\"@id\":\"https:\\\/\\\/diariotextual.com\\\/inicio\\\/index.php\\\/2026\\\/04\\\/28\\\/ley-de-glaciares-la-ucr-respalda-amparo-de-la-pampa-pero-esta-en-contra-de-la-estrategia-judicial\\\/#primaryimage\"},\"image\":{\"@id\":\"https:\\\/\\\/diariotextual.com\\\/inicio\\\/index.php\\\/2026\\\/04\\\/28\\\/ley-de-glaciares-la-ucr-respalda-amparo-de-la-pampa-pero-esta-en-contra-de-la-estrategia-judicial\\\/#primaryimage\"},\"thumbnailUrl\":\"https:\\\/\\\/diariotextual.com\\\/inicio\\\/wp-content\\\/uploads\\\/2025\\\/09\\\/altolaguirrehipolitoaltolaguirremedanitoley2025-7.jpg\",\"datePublished\":\"2026-04-28T20:43:06+00:00\",\"dateModified\":\"2026-04-28T23:10:42+00:00\",\"breadcrumb\":{\"@id\":\"https:\\\/\\\/diariotextual.com\\\/inicio\\\/index.php\\\/2026\\\/04\\\/28\\\/ley-de-glaciares-la-ucr-respalda-amparo-de-la-pampa-pero-esta-en-contra-de-la-estrategia-judicial\\\/#breadcrumb\"},\"inLanguage\":\"es\",\"potentialAction\":[{\"@type\":\"ReadAction\",\"target\":[\"https:\\\/\\\/diariotextual.com\\\/inicio\\\/index.php\\\/2026\\\/04\\\/28\\\/ley-de-glaciares-la-ucr-respalda-amparo-de-la-pampa-pero-esta-en-contra-de-la-estrategia-judicial\\\/\"]}]},{\"@type\":\"ImageObject\",\"inLanguage\":\"es\",\"@id\":\"https:\\\/\\\/diariotextual.com\\\/inicio\\\/index.php\\\/2026\\\/04\\\/28\\\/ley-de-glaciares-la-ucr-respalda-amparo-de-la-pampa-pero-esta-en-contra-de-la-estrategia-judicial\\\/#primaryimage\",\"url\":\"https:\\\/\\\/diariotextual.com\\\/inicio\\\/wp-content\\\/uploads\\\/2025\\\/09\\\/altolaguirrehipolitoaltolaguirremedanitoley2025-7.jpg\",\"contentUrl\":\"https:\\\/\\\/diariotextual.com\\\/inicio\\\/wp-content\\\/uploads\\\/2025\\\/09\\\/altolaguirrehipolitoaltolaguirremedanitoley2025-7.jpg\",\"width\":1500,\"height\":994},{\"@type\":\"BreadcrumbList\",\"@id\":\"https:\\\/\\\/diariotextual.com\\\/inicio\\\/index.php\\\/2026\\\/04\\\/28\\\/ley-de-glaciares-la-ucr-respalda-amparo-de-la-pampa-pero-esta-en-contra-de-la-estrategia-judicial\\\/#breadcrumb\",\"itemListElement\":[{\"@type\":\"ListItem\",\"position\":1,\"name\":\"Portada\",\"item\":\"https:\\\/\\\/diariotextual.com\\\/inicio\\\/\"},{\"@type\":\"ListItem\",\"position\":2,\"name\":\"Ley de Glaciares: la UCR se queja de que \u201cno hubo una amplia convocatoria\u201d y avisa que est\u00e1 en contra de la estrategia judicial\"}]},{\"@type\":\"WebSite\",\"@id\":\"https:\\\/\\\/diariotextual.com\\\/inicio\\\/#website\",\"url\":\"https:\\\/\\\/diariotextual.com\\\/inicio\\\/\",\"name\":\"Diario Textual\",\"description\":\"\",\"publisher\":{\"@id\":\"https:\\\/\\\/diariotextual.com\\\/inicio\\\/#organization\"},\"potentialAction\":[{\"@type\":\"SearchAction\",\"target\":{\"@type\":\"EntryPoint\",\"urlTemplate\":\"https:\\\/\\\/diariotextual.com\\\/inicio\\\/?s={search_term_string}\"},\"query-input\":{\"@type\":\"PropertyValueSpecification\",\"valueRequired\":true,\"valueName\":\"search_term_string\"}}],\"inLanguage\":\"es\"},{\"@type\":\"Organization\",\"@id\":\"https:\\\/\\\/diariotextual.com\\\/inicio\\\/#organization\",\"name\":\"Diario Textual\",\"url\":\"https:\\\/\\\/diariotextual.com\\\/inicio\\\/\",\"logo\":{\"@type\":\"ImageObject\",\"inLanguage\":\"es\",\"@id\":\"https:\\\/\\\/diariotextual.com\\\/inicio\\\/#\\\/schema\\\/logo\\\/image\\\/\",\"url\":\"https:\\\/\\\/diariotextual.com\\\/inicio\\\/wp-content\\\/uploads\\\/2023\\\/05\\\/logotextual1.jpg\",\"contentUrl\":\"https:\\\/\\\/diariotextual.com\\\/inicio\\\/wp-content\\\/uploads\\\/2023\\\/05\\\/logotextual1.jpg\",\"width\":516,\"height\":76,\"caption\":\"Diario Textual\"},\"image\":{\"@id\":\"https:\\\/\\\/diariotextual.com\\\/inicio\\\/#\\\/schema\\\/logo\\\/image\\\/\"},\"sameAs\":[\"https:\\\/\\\/www.facebook.com\\\/eltextual\",\"https:\\\/\\\/x.com\\\/eltextual\",\"http:\\\/\\\/www.instagram.com\\\/eltextual\"]},{\"@type\":\"Person\",\"@id\":\"https:\\\/\\\/diariotextual.com\\\/inicio\\\/#\\\/schema\\\/person\\\/418fc4093c33e86ed41562db3508f958\",\"name\":\"Diario1 Diario1\",\"image\":{\"@type\":\"ImageObject\",\"inLanguage\":\"es\",\"@id\":\"https:\\\/\\\/secure.gravatar.com\\\/avatar\\\/9167d280179c85bc18be67aa7eda765854300033af4896dd779b608640f2ef7a?s=96&d=mm&r=g\",\"url\":\"https:\\\/\\\/secure.gravatar.com\\\/avatar\\\/9167d280179c85bc18be67aa7eda765854300033af4896dd779b608640f2ef7a?s=96&d=mm&r=g\",\"contentUrl\":\"https:\\\/\\\/secure.gravatar.com\\\/avatar\\\/9167d280179c85bc18be67aa7eda765854300033af4896dd779b608640f2ef7a?s=96&d=mm&r=g\",\"caption\":\"Diario1 Diario1\"},\"url\":\"https:\\\/\\\/diariotextual.com\\\/inicio\\\/index.php\\\/author\\\/diario1\\\/\"}]}<\/script>\n<!-- \/ Yoast SEO plugin. -->","yoast_head_json":{"title":"Ley de Glaciares: la UCR se queja de que \u201cno hubo una amplia convocatoria\u201d y avisa que est\u00e1 en contra de la estrategia judicial - Diario Textual","robots":{"index":"index","follow":"follow","max-snippet":"max-snippet:-1","max-image-preview":"max-image-preview:large","max-video-preview":"max-video-preview:-1"},"canonical":"https:\/\/diariotextual.com\/inicio\/index.php\/2026\/04\/28\/ley-de-glaciares-la-ucr-respalda-amparo-de-la-pampa-pero-esta-en-contra-de-la-estrategia-judicial\/","og_locale":"es_ES","og_type":"article","og_title":"Ley de Glaciares: la UCR se queja de que \u201cno hubo una amplia convocatoria\u201d y avisa que est\u00e1 en contra de la estrategia judicial - Diario Textual","og_description":"El radicalismo pampeano manifest\u00f3 este martes su rechazo a la reforma de la Ley de Glaciares y respald\u00f3 la presentaci\u00f3n en la Justicia de un amparo colectivo. Sin embargo, critic\u00f3&hellip;","og_url":"https:\/\/diariotextual.com\/inicio\/index.php\/2026\/04\/28\/ley-de-glaciares-la-ucr-respalda-amparo-de-la-pampa-pero-esta-en-contra-de-la-estrategia-judicial\/","og_site_name":"Diario Textual","article_publisher":"https:\/\/www.facebook.com\/eltextual","article_published_time":"2026-04-28T20:43:06+00:00","article_modified_time":"2026-04-28T23:10:42+00:00","og_image":[{"width":1500,"height":994,"url":"https:\/\/diariotextual.com\/inicio\/wp-content\/uploads\/2025\/09\/altolaguirrehipolitoaltolaguirremedanitoley2025-7.jpg","type":"image\/jpeg"}],"author":"Diario1 Diario1","twitter_card":"summary_large_image","twitter_creator":"@eltextual","twitter_site":"@eltextual","twitter_misc":{"Escrito por":"Diario1 Diario1","Tiempo de lectura":"5 minutos"},"schema":{"@context":"https:\/\/schema.org","@graph":[{"@type":"Article","@id":"https:\/\/diariotextual.com\/inicio\/index.php\/2026\/04\/28\/ley-de-glaciares-la-ucr-respalda-amparo-de-la-pampa-pero-esta-en-contra-de-la-estrategia-judicial\/#article","isPartOf":{"@id":"https:\/\/diariotextual.com\/inicio\/index.php\/2026\/04\/28\/ley-de-glaciares-la-ucr-respalda-amparo-de-la-pampa-pero-esta-en-contra-de-la-estrategia-judicial\/"},"author":{"name":"Diario1 Diario1","@id":"https:\/\/diariotextual.com\/inicio\/#\/schema\/person\/418fc4093c33e86ed41562db3508f958"},"headline":"Ley de Glaciares: la UCR se queja de que \u201cno hubo una amplia convocatoria\u201d y avisa que est\u00e1 en contra de la estrategia judicial","datePublished":"2026-04-28T20:43:06+00:00","dateModified":"2026-04-28T23:10:42+00:00","mainEntityOfPage":{"@id":"https:\/\/diariotextual.com\/inicio\/index.php\/2026\/04\/28\/ley-de-glaciares-la-ucr-respalda-amparo-de-la-pampa-pero-esta-en-contra-de-la-estrategia-judicial\/"},"wordCount":948,"publisher":{"@id":"https:\/\/diariotextual.com\/inicio\/#organization"},"image":{"@id":"https:\/\/diariotextual.com\/inicio\/index.php\/2026\/04\/28\/ley-de-glaciares-la-ucr-respalda-amparo-de-la-pampa-pero-esta-en-contra-de-la-estrategia-judicial\/#primaryimage"},"thumbnailUrl":"https:\/\/diariotextual.com\/inicio\/wp-content\/uploads\/2025\/09\/altolaguirrehipolitoaltolaguirremedanitoley2025-7.jpg","articleSection":["A - DESTACADAS (mod 16)","POLITICA"],"inLanguage":"es"},{"@type":"WebPage","@id":"https:\/\/diariotextual.com\/inicio\/index.php\/2026\/04\/28\/ley-de-glaciares-la-ucr-respalda-amparo-de-la-pampa-pero-esta-en-contra-de-la-estrategia-judicial\/","url":"https:\/\/diariotextual.com\/inicio\/index.php\/2026\/04\/28\/ley-de-glaciares-la-ucr-respalda-amparo-de-la-pampa-pero-esta-en-contra-de-la-estrategia-judicial\/","name":"Ley de Glaciares: la UCR se queja de que \u201cno hubo una amplia convocatoria\u201d y avisa que est\u00e1 en contra de la estrategia judicial - Diario Textual","isPartOf":{"@id":"https:\/\/diariotextual.com\/inicio\/#website"},"primaryImageOfPage":{"@id":"https:\/\/diariotextual.com\/inicio\/index.php\/2026\/04\/28\/ley-de-glaciares-la-ucr-respalda-amparo-de-la-pampa-pero-esta-en-contra-de-la-estrategia-judicial\/#primaryimage"},"image":{"@id":"https:\/\/diariotextual.com\/inicio\/index.php\/2026\/04\/28\/ley-de-glaciares-la-ucr-respalda-amparo-de-la-pampa-pero-esta-en-contra-de-la-estrategia-judicial\/#primaryimage"},"thumbnailUrl":"https:\/\/diariotextual.com\/inicio\/wp-content\/uploads\/2025\/09\/altolaguirrehipolitoaltolaguirremedanitoley2025-7.jpg","datePublished":"2026-04-28T20:43:06+00:00","dateModified":"2026-04-28T23:10:42+00:00","breadcrumb":{"@id":"https:\/\/diariotextual.com\/inicio\/index.php\/2026\/04\/28\/ley-de-glaciares-la-ucr-respalda-amparo-de-la-pampa-pero-esta-en-contra-de-la-estrategia-judicial\/#breadcrumb"},"inLanguage":"es","potentialAction":[{"@type":"ReadAction","target":["https:\/\/diariotextual.com\/inicio\/index.php\/2026\/04\/28\/ley-de-glaciares-la-ucr-respalda-amparo-de-la-pampa-pero-esta-en-contra-de-la-estrategia-judicial\/"]}]},{"@type":"ImageObject","inLanguage":"es","@id":"https:\/\/diariotextual.com\/inicio\/index.php\/2026\/04\/28\/ley-de-glaciares-la-ucr-respalda-amparo-de-la-pampa-pero-esta-en-contra-de-la-estrategia-judicial\/#primaryimage","url":"https:\/\/diariotextual.com\/inicio\/wp-content\/uploads\/2025\/09\/altolaguirrehipolitoaltolaguirremedanitoley2025-7.jpg","contentUrl":"https:\/\/diariotextual.com\/inicio\/wp-content\/uploads\/2025\/09\/altolaguirrehipolitoaltolaguirremedanitoley2025-7.jpg","width":1500,"height":994},{"@type":"BreadcrumbList","@id":"https:\/\/diariotextual.com\/inicio\/index.php\/2026\/04\/28\/ley-de-glaciares-la-ucr-respalda-amparo-de-la-pampa-pero-esta-en-contra-de-la-estrategia-judicial\/#breadcrumb","itemListElement":[{"@type":"ListItem","position":1,"name":"Portada","item":"https:\/\/diariotextual.com\/inicio\/"},{"@type":"ListItem","position":2,"name":"Ley de Glaciares: la UCR se queja de que \u201cno hubo una amplia convocatoria\u201d y avisa que est\u00e1 en contra de la estrategia judicial"}]},{"@type":"WebSite","@id":"https:\/\/diariotextual.com\/inicio\/#website","url":"https:\/\/diariotextual.com\/inicio\/","name":"Diario Textual","description":"","publisher":{"@id":"https:\/\/diariotextual.com\/inicio\/#organization"},"potentialAction":[{"@type":"SearchAction","target":{"@type":"EntryPoint","urlTemplate":"https:\/\/diariotextual.com\/inicio\/?s={search_term_string}"},"query-input":{"@type":"PropertyValueSpecification","valueRequired":true,"valueName":"search_term_string"}}],"inLanguage":"es"},{"@type":"Organization","@id":"https:\/\/diariotextual.com\/inicio\/#organization","name":"Diario Textual","url":"https:\/\/diariotextual.com\/inicio\/","logo":{"@type":"ImageObject","inLanguage":"es","@id":"https:\/\/diariotextual.com\/inicio\/#\/schema\/logo\/image\/","url":"https:\/\/diariotextual.com\/inicio\/wp-content\/uploads\/2023\/05\/logotextual1.jpg","contentUrl":"https:\/\/diariotextual.com\/inicio\/wp-content\/uploads\/2023\/05\/logotextual1.jpg","width":516,"height":76,"caption":"Diario Textual"},"image":{"@id":"https:\/\/diariotextual.com\/inicio\/#\/schema\/logo\/image\/"},"sameAs":["https:\/\/www.facebook.com\/eltextual","https:\/\/x.com\/eltextual","http:\/\/www.instagram.com\/eltextual"]},{"@type":"Person","@id":"https:\/\/diariotextual.com\/inicio\/#\/schema\/person\/418fc4093c33e86ed41562db3508f958","name":"Diario1 Diario1","image":{"@type":"ImageObject","inLanguage":"es","@id":"https:\/\/secure.gravatar.com\/avatar\/9167d280179c85bc18be67aa7eda765854300033af4896dd779b608640f2ef7a?s=96&d=mm&r=g","url":"https:\/\/secure.gravatar.com\/avatar\/9167d280179c85bc18be67aa7eda765854300033af4896dd779b608640f2ef7a?s=96&d=mm&r=g","contentUrl":"https:\/\/secure.gravatar.com\/avatar\/9167d280179c85bc18be67aa7eda765854300033af4896dd779b608640f2ef7a?s=96&d=mm&r=g","caption":"Diario1 Diario1"},"url":"https:\/\/diariotextual.com\/inicio\/index.php\/author\/diario1\/"}]}},"_links":{"self":[{"href":"https:\/\/diariotextual.com\/inicio\/index.php\/wp-json\/wp\/v2\/posts\/325887","targetHints":{"allow":["GET"]}}],"collection":[{"href":"https:\/\/diariotextual.com\/inicio\/index.php\/wp-json\/wp\/v2\/posts"}],"about":[{"href":"https:\/\/diariotextual.com\/inicio\/index.php\/wp-json\/wp\/v2\/types\/post"}],"author":[{"embeddable":true,"href":"https:\/\/diariotextual.com\/inicio\/index.php\/wp-json\/wp\/v2\/users\/3"}],"replies":[{"embeddable":true,"href":"https:\/\/diariotextual.com\/inicio\/index.php\/wp-json\/wp\/v2\/comments?post=325887"}],"version-history":[{"count":11,"href":"https:\/\/diariotextual.com\/inicio\/index.php\/wp-json\/wp\/v2\/posts\/325887\/revisions"}],"predecessor-version":[{"id":325919,"href":"https:\/\/diariotextual.com\/inicio\/index.php\/wp-json\/wp\/v2\/posts\/325887\/revisions\/325919"}],"wp:featuredmedia":[{"embeddable":true,"href":"https:\/\/diariotextual.com\/inicio\/index.php\/wp-json\/wp\/v2\/media\/306992"}],"wp:attachment":[{"href":"https:\/\/diariotextual.com\/inicio\/index.php\/wp-json\/wp\/v2\/media?parent=325887"}],"wp:term":[{"taxonomy":"category","embeddable":true,"href":"https:\/\/diariotextual.com\/inicio\/index.php\/wp-json\/wp\/v2\/categories?post=325887"},{"taxonomy":"post_tag","embeddable":true,"href":"https:\/\/diariotextual.com\/inicio\/index.php\/wp-json\/wp\/v2\/tags?post=325887"}],"curies":[{"name":"wp","href":"https:\/\/api.w.org\/{rel}","templated":true}]}}