{"id":325891,"date":"2026-04-28T17:58:39","date_gmt":"2026-04-28T20:58:39","guid":{"rendered":"https:\/\/diariotextual.com\/inicio\/?p=325891"},"modified":"2026-04-28T17:58:42","modified_gmt":"2026-04-28T20:58:42","slug":"con-la-presencia-de-kicillof-cumbre-federal-para-pedir-la-inconstitucionalidad-de-la-reforma-laboral","status":"publish","type":"post","link":"https:\/\/diariotextual.com\/inicio\/index.php\/2026\/04\/28\/con-la-presencia-de-kicillof-cumbre-federal-para-pedir-la-inconstitucionalidad-de-la-reforma-laboral\/","title":{"rendered":"Con la presencia de Kicillof, cumbre federal para pedir la inconstitucionalidad de la reforma laboral"},"content":{"rendered":"\n<p>El gobernador<strong>&nbsp;Axel Kicillof<\/strong>&nbsp;fue el anfitri\u00f3n de una cumbre federal que reuni\u00f3 a ministros de varias provincias, gremios y legisladores nacionales y provinciales, para v<strong>olver a la carga contra la ley de reforma laboral que impuls\u00f3 el gobierno de Javier Milei<\/strong>&nbsp;y que qued\u00f3 suspendida por varios fallos judiciales adversos.<\/p>\n\n\n\n<p>Se trat\u00f3 de una nueva reuni\u00f3n del <strong>Encuentro Federal del Trabajo<\/strong>, un espacio que naci\u00f3 para ocupar el lugar del&nbsp;<strong>Consejo Federal de Trabajo<\/strong>, que estaba creado por ley y que la administraci\u00f3n libertaria desarticul\u00f3.<\/p>\n\n\n\n<p>Del encuentro participaron el ministro de Trabajo bonaerense,&nbsp;<strong>Walter Correa<\/strong>, adem\u00e1s de su par de la Pampa,&nbsp;<strong>Marcelo Pedehontaa<\/strong>; de Tierra del Fuego,&nbsp;<strong>Sonia Castiglione<\/strong>; de Formosa,&nbsp;<strong>Jorge Gonz\u00e1lez<\/strong>; de La Rioja,&nbsp;<strong>Federico Baz\u00e1n<\/strong>; y de Santiago del Estero,&nbsp;<strong>Julia Com\u00e1n<\/strong>.<\/p>\n\n\n\n<p>En tanto, por la CGT dieron el presente el triunviro&nbsp;<strong>Octavio Arg\u00fcello<\/strong>&nbsp;y&nbsp;<strong>H\u00e9ctor Daer<\/strong>; los dirigentes de las CTA,&nbsp;<strong>Roberto Baradel<\/strong>,<strong>&nbsp;Hugo \u201cCachorro\u201d Godoy<\/strong>&nbsp;y<strong>&nbsp;Oscar de Isasi<\/strong>, junto con el diputado nacional<strong>&nbsp;Hugo Moyano (h)<\/strong>&nbsp;y el senador provincial&nbsp;<strong>Pedro Borgini<\/strong>.<\/p>\n\n\n\n<p>\u201cEsta administraci\u00f3n nacional, con su caracter\u00edstica de desconocer la ley y el desmanejo absoluto del secretario de Trabajo, hizo que algunas provincias empecemos a reunirnos y sigui\u00e9ramos manteniendo el tratamiento colectivo de algunas cuestiones que hacen a todas las jurisdicciones\u201d, dijo el pampeano Pedehontaa\u00e1 a&nbsp;<strong>Buenos Aires\/12<\/strong>.<\/p>\n\n\n\n<p>En ese plano, sum\u00f3 que Milei, a trav\u00e9s de la ley de reforma laboral, ejerce \u201cun avasallamiento\u201d de las autonom\u00edas provinciales y del poder de polic\u00eda que poseen.<\/p>\n\n\n\n<p>\u201cClaramente es violatoria de la&nbsp;<strong>Constituci\u00f3n Naciona<\/strong>l y nosotros hemos decidido que esta es la mejor forma, no solo de defender a nuestros trabajadores, sino de seguir manteniendo las leyes y seguir sosteniendo que la Rep\u00fablica Argentina tiene una organizaci\u00f3n federal. Las provincias son anteriores a la naci\u00f3n, y eso este gobierno lo tiene que entender\u201d, sum\u00f3 el funcionario de<strong>&nbsp;Sergio Ziliotto<\/strong>.<\/p>\n\n\n\n<p>Asimismo, aclar\u00f3 que la definici\u00f3n de convocar a las centrales sindicales fue para \u201cexplicarles la decisi\u00f3n que hemos tomado de seguir sosteniendo la defensa de los trabajadores en nuestras provincias\u201d, aunque subray\u00f3 que \u201cno se trata s\u00f3lo de defender colectiva e individualmente a los trabajadores, sino que es obtener la autonom\u00eda de las provincias que nos da la Constituci\u00f3n Nacional y cada una de nuestras organizaciones institucionales en las provincias\u201d.<\/p>\n\n\n\n<p>El secretario general de la CTA,&nbsp;<strong>Hugo Godoy<\/strong>, sentenci\u00f3 que el encuentro sirvi\u00f3 para \u201cque se reafirme el concepto de inconstitucionalidad de la reforma laboral y generar una articulaci\u00f3n \u00fanica de la demanda en las calles, la pol\u00edtica y la judicial\u201d.<\/p>\n\n\n\n<p>En el encuentro, evaluaron que la ley de reforma laboral modific\u00f3 y derog\u00f3 cierto contenido normativo, en el que incurrieron \u201cen graves violaciones a la Constituci\u00f3n Nacional, entre ellas, en una irrazonable intromisi\u00f3n en las competencias y atribuciones de los gobiernos locales\u201d, seg\u00fan expusieron en un documento conjunto.<\/p>\n\n\n\n<p>Por eso e<strong>valuaron que la Constituci\u00f3n \u201ces clara en cuanto a cu\u00e1les son los poderes que la Naci\u00f3n puede ejercer por delegaci\u00f3n de las provincias preexistentes que la componen<\/strong>, estando el resto dentro de los no delegados o reservados y que resultan de exclusivo resorte local\u201d.<\/p>\n\n\n\n<p>Esta fue una nueva foto federal para sumar al \u00e1lbum del gobernador Kicillof, que semanas atr\u00e1s tuvo otra con<strong>&nbsp;un centenar de intendentes de la provincia de Buenos Aires, pero tambi\u00e9n de otras provincias como C\u00f3rdoba, Santa Fe, Mendoza, Tierra del Fuego, Santiago del Estero, La Rioja, Neuqu\u00e9n y Entre R\u00edos, entre otras<\/strong>.<\/p>\n\n\n\n<p>Durante el encuentro, los participantes elaboraron un documento donde quedaron detalladas trece disposiciones que comparten la l\u00f3gica de \u201cexpansi\u00f3n que extralimita el principio de razonabilidad\u201d establecido en el art\u00edculo 28 de la Constituci\u00f3n Nacional.<\/p>\n\n\n\n<p>Seg\u00fan funcionarios y gremialistas, en algunos casos relacionados con tasas de justicia, cuotas de sentencias y aranceles, la ley de Milei legisla sobre aspectos procesales, es decir, \u201ccuestiones reservadas expresamente por las provincias\u201d.<\/p>\n\n\n\n<p>Adem\u00e1s, en otros art\u00edculos donde expone sobre la exclusividad registral, fiscalizaci\u00f3n y certificados m\u00e9dicos, la ley laboral \u201cintenta desplazar el poder de polic\u00eda local\u201d mediante cl\u00e1usulas que violan la autonom\u00eda de los poderes locales.<\/p>\n\n\n\n<p>\u201cEstas situaciones suceden, se desarrollan, acaecen en los territorios provinciales, en nuestros territorios, por lo que deviene urgente y necesario sostener las competencias y atribuciones de las provincias, sin las cuales no hay federalismo, y sin federalismo no hay Naci\u00f3n\u201d, concluye el documento.<\/p>\n\n\n\n<p><\/p>\n","protected":false},"excerpt":{"rendered":"<p>El gobernador&nbsp;Axel Kicillof&nbsp;fue el anfitri\u00f3n de una cumbre federal que reuni\u00f3 a ministros de varias provincias, gremios y legisladores nacionales y provinciales, para volver a la carga contra la ley&hellip;<\/p>\n","protected":false},"author":3,"featured_media":325893,"comment_status":"closed","ping_status":"open","sticky":false,"template":"","format":"standard","meta":{"_acf_changed":false,"footnotes":""},"categories":[1,8],"tags":[],"class_list":["post-325891","post","type-post","status-publish","format-standard","has-post-thumbnail","hentry","category-es-noticia","category-politica"],"acf":[],"yoast_head":"<!-- This site is optimized with the Yoast SEO plugin v27.5 - https:\/\/yoast.com\/product\/yoast-seo-wordpress\/ -->\n<title>Con la presencia de Kicillof, cumbre federal para pedir la inconstitucionalidad de la reforma laboral - Diario Textual<\/title>\n<meta name=\"robots\" content=\"index, follow, max-snippet:-1, max-image-preview:large, max-video-preview:-1\" \/>\n<link rel=\"canonical\" href=\"https:\/\/diariotextual.com\/inicio\/index.php\/2026\/04\/28\/con-la-presencia-de-kicillof-cumbre-federal-para-pedir-la-inconstitucionalidad-de-la-reforma-laboral\/\" \/>\n<meta property=\"og:locale\" content=\"es_ES\" \/>\n<meta property=\"og:type\" content=\"article\" \/>\n<meta property=\"og:title\" content=\"Con la presencia de Kicillof, cumbre federal para pedir la inconstitucionalidad de la reforma laboral - Diario Textual\" \/>\n<meta property=\"og:description\" content=\"El gobernador&nbsp;Axel Kicillof&nbsp;fue el anfitri\u00f3n de una cumbre federal que reuni\u00f3 a ministros de varias provincias, gremios y legisladores nacionales y provinciales, para volver a la carga contra la ley&hellip;\" \/>\n<meta property=\"og:url\" content=\"https:\/\/diariotextual.com\/inicio\/index.php\/2026\/04\/28\/con-la-presencia-de-kicillof-cumbre-federal-para-pedir-la-inconstitucionalidad-de-la-reforma-laboral\/\" \/>\n<meta property=\"og:site_name\" content=\"Diario Textual\" \/>\n<meta property=\"article:publisher\" content=\"https:\/\/www.facebook.com\/eltextual\" \/>\n<meta property=\"article:published_time\" content=\"2026-04-28T20:58:39+00:00\" \/>\n<meta property=\"article:modified_time\" content=\"2026-04-28T20:58:42+00:00\" \/>\n<meta property=\"og:image\" content=\"https:\/\/diariotextual.com\/inicio\/wp-content\/uploads\/2026\/04\/encuentrofederaldeltrabajo2026-1.jpg\" \/>\n\t<meta property=\"og:image:width\" content=\"1200\" \/>\n\t<meta property=\"og:image:height\" content=\"799\" \/>\n\t<meta property=\"og:image:type\" content=\"image\/jpeg\" \/>\n<meta name=\"author\" content=\"Diario1 Diario1\" \/>\n<meta name=\"twitter:card\" content=\"summary_large_image\" \/>\n<meta name=\"twitter:creator\" content=\"@eltextual\" \/>\n<meta name=\"twitter:site\" content=\"@eltextual\" \/>\n<meta name=\"twitter:label1\" content=\"Escrito por\" \/>\n\t<meta name=\"twitter:data1\" content=\"Diario1 Diario1\" \/>\n\t<meta name=\"twitter:label2\" content=\"Tiempo de lectura\" \/>\n\t<meta name=\"twitter:data2\" content=\"4 minutos\" \/>\n<script type=\"application\/ld+json\" class=\"yoast-schema-graph\">{\"@context\":\"https:\\\/\\\/schema.org\",\"@graph\":[{\"@type\":\"Article\",\"@id\":\"https:\\\/\\\/diariotextual.com\\\/inicio\\\/index.php\\\/2026\\\/04\\\/28\\\/con-la-presencia-de-kicillof-cumbre-federal-para-pedir-la-inconstitucionalidad-de-la-reforma-laboral\\\/#article\",\"isPartOf\":{\"@id\":\"https:\\\/\\\/diariotextual.com\\\/inicio\\\/index.php\\\/2026\\\/04\\\/28\\\/con-la-presencia-de-kicillof-cumbre-federal-para-pedir-la-inconstitucionalidad-de-la-reforma-laboral\\\/\"},\"author\":{\"name\":\"Diario1 Diario1\",\"@id\":\"https:\\\/\\\/diariotextual.com\\\/inicio\\\/#\\\/schema\\\/person\\\/418fc4093c33e86ed41562db3508f958\"},\"headline\":\"Con la presencia de Kicillof, cumbre federal para pedir la inconstitucionalidad de la reforma laboral\",\"datePublished\":\"2026-04-28T20:58:39+00:00\",\"dateModified\":\"2026-04-28T20:58:42+00:00\",\"mainEntityOfPage\":{\"@id\":\"https:\\\/\\\/diariotextual.com\\\/inicio\\\/index.php\\\/2026\\\/04\\\/28\\\/con-la-presencia-de-kicillof-cumbre-federal-para-pedir-la-inconstitucionalidad-de-la-reforma-laboral\\\/\"},\"wordCount\":799,\"publisher\":{\"@id\":\"https:\\\/\\\/diariotextual.com\\\/inicio\\\/#organization\"},\"image\":{\"@id\":\"https:\\\/\\\/diariotextual.com\\\/inicio\\\/index.php\\\/2026\\\/04\\\/28\\\/con-la-presencia-de-kicillof-cumbre-federal-para-pedir-la-inconstitucionalidad-de-la-reforma-laboral\\\/#primaryimage\"},\"thumbnailUrl\":\"https:\\\/\\\/diariotextual.com\\\/inicio\\\/wp-content\\\/uploads\\\/2026\\\/04\\\/encuentrofederaldeltrabajo2026-1.jpg\",\"articleSection\":[\"A - ES NOTICIA (van abajo)\",\"POLITICA\"],\"inLanguage\":\"es\"},{\"@type\":\"WebPage\",\"@id\":\"https:\\\/\\\/diariotextual.com\\\/inicio\\\/index.php\\\/2026\\\/04\\\/28\\\/con-la-presencia-de-kicillof-cumbre-federal-para-pedir-la-inconstitucionalidad-de-la-reforma-laboral\\\/\",\"url\":\"https:\\\/\\\/diariotextual.com\\\/inicio\\\/index.php\\\/2026\\\/04\\\/28\\\/con-la-presencia-de-kicillof-cumbre-federal-para-pedir-la-inconstitucionalidad-de-la-reforma-laboral\\\/\",\"name\":\"Con la presencia de Kicillof, cumbre federal para pedir la inconstitucionalidad de la reforma laboral - Diario Textual\",\"isPartOf\":{\"@id\":\"https:\\\/\\\/diariotextual.com\\\/inicio\\\/#website\"},\"primaryImageOfPage\":{\"@id\":\"https:\\\/\\\/diariotextual.com\\\/inicio\\\/index.php\\\/2026\\\/04\\\/28\\\/con-la-presencia-de-kicillof-cumbre-federal-para-pedir-la-inconstitucionalidad-de-la-reforma-laboral\\\/#primaryimage\"},\"image\":{\"@id\":\"https:\\\/\\\/diariotextual.com\\\/inicio\\\/index.php\\\/2026\\\/04\\\/28\\\/con-la-presencia-de-kicillof-cumbre-federal-para-pedir-la-inconstitucionalidad-de-la-reforma-laboral\\\/#primaryimage\"},\"thumbnailUrl\":\"https:\\\/\\\/diariotextual.com\\\/inicio\\\/wp-content\\\/uploads\\\/2026\\\/04\\\/encuentrofederaldeltrabajo2026-1.jpg\",\"datePublished\":\"2026-04-28T20:58:39+00:00\",\"dateModified\":\"2026-04-28T20:58:42+00:00\",\"breadcrumb\":{\"@id\":\"https:\\\/\\\/diariotextual.com\\\/inicio\\\/index.php\\\/2026\\\/04\\\/28\\\/con-la-presencia-de-kicillof-cumbre-federal-para-pedir-la-inconstitucionalidad-de-la-reforma-laboral\\\/#breadcrumb\"},\"inLanguage\":\"es\",\"potentialAction\":[{\"@type\":\"ReadAction\",\"target\":[\"https:\\\/\\\/diariotextual.com\\\/inicio\\\/index.php\\\/2026\\\/04\\\/28\\\/con-la-presencia-de-kicillof-cumbre-federal-para-pedir-la-inconstitucionalidad-de-la-reforma-laboral\\\/\"]}]},{\"@type\":\"ImageObject\",\"inLanguage\":\"es\",\"@id\":\"https:\\\/\\\/diariotextual.com\\\/inicio\\\/index.php\\\/2026\\\/04\\\/28\\\/con-la-presencia-de-kicillof-cumbre-federal-para-pedir-la-inconstitucionalidad-de-la-reforma-laboral\\\/#primaryimage\",\"url\":\"https:\\\/\\\/diariotextual.com\\\/inicio\\\/wp-content\\\/uploads\\\/2026\\\/04\\\/encuentrofederaldeltrabajo2026-1.jpg\",\"contentUrl\":\"https:\\\/\\\/diariotextual.com\\\/inicio\\\/wp-content\\\/uploads\\\/2026\\\/04\\\/encuentrofederaldeltrabajo2026-1.jpg\",\"width\":1200,\"height\":799},{\"@type\":\"BreadcrumbList\",\"@id\":\"https:\\\/\\\/diariotextual.com\\\/inicio\\\/index.php\\\/2026\\\/04\\\/28\\\/con-la-presencia-de-kicillof-cumbre-federal-para-pedir-la-inconstitucionalidad-de-la-reforma-laboral\\\/#breadcrumb\",\"itemListElement\":[{\"@type\":\"ListItem\",\"position\":1,\"name\":\"Portada\",\"item\":\"https:\\\/\\\/diariotextual.com\\\/inicio\\\/\"},{\"@type\":\"ListItem\",\"position\":2,\"name\":\"Con la presencia de Kicillof, cumbre federal para pedir la inconstitucionalidad de la reforma laboral\"}]},{\"@type\":\"WebSite\",\"@id\":\"https:\\\/\\\/diariotextual.com\\\/inicio\\\/#website\",\"url\":\"https:\\\/\\\/diariotextual.com\\\/inicio\\\/\",\"name\":\"Diario Textual\",\"description\":\"\",\"publisher\":{\"@id\":\"https:\\\/\\\/diariotextual.com\\\/inicio\\\/#organization\"},\"potentialAction\":[{\"@type\":\"SearchAction\",\"target\":{\"@type\":\"EntryPoint\",\"urlTemplate\":\"https:\\\/\\\/diariotextual.com\\\/inicio\\\/?s={search_term_string}\"},\"query-input\":{\"@type\":\"PropertyValueSpecification\",\"valueRequired\":true,\"valueName\":\"search_term_string\"}}],\"inLanguage\":\"es\"},{\"@type\":\"Organization\",\"@id\":\"https:\\\/\\\/diariotextual.com\\\/inicio\\\/#organization\",\"name\":\"Diario Textual\",\"url\":\"https:\\\/\\\/diariotextual.com\\\/inicio\\\/\",\"logo\":{\"@type\":\"ImageObject\",\"inLanguage\":\"es\",\"@id\":\"https:\\\/\\\/diariotextual.com\\\/inicio\\\/#\\\/schema\\\/logo\\\/image\\\/\",\"url\":\"https:\\\/\\\/diariotextual.com\\\/inicio\\\/wp-content\\\/uploads\\\/2023\\\/05\\\/logotextual1.jpg\",\"contentUrl\":\"https:\\\/\\\/diariotextual.com\\\/inicio\\\/wp-content\\\/uploads\\\/2023\\\/05\\\/logotextual1.jpg\",\"width\":516,\"height\":76,\"caption\":\"Diario Textual\"},\"image\":{\"@id\":\"https:\\\/\\\/diariotextual.com\\\/inicio\\\/#\\\/schema\\\/logo\\\/image\\\/\"},\"sameAs\":[\"https:\\\/\\\/www.facebook.com\\\/eltextual\",\"https:\\\/\\\/x.com\\\/eltextual\",\"http:\\\/\\\/www.instagram.com\\\/eltextual\"]},{\"@type\":\"Person\",\"@id\":\"https:\\\/\\\/diariotextual.com\\\/inicio\\\/#\\\/schema\\\/person\\\/418fc4093c33e86ed41562db3508f958\",\"name\":\"Diario1 Diario1\",\"image\":{\"@type\":\"ImageObject\",\"inLanguage\":\"es\",\"@id\":\"https:\\\/\\\/secure.gravatar.com\\\/avatar\\\/9167d280179c85bc18be67aa7eda765854300033af4896dd779b608640f2ef7a?s=96&d=mm&r=g\",\"url\":\"https:\\\/\\\/secure.gravatar.com\\\/avatar\\\/9167d280179c85bc18be67aa7eda765854300033af4896dd779b608640f2ef7a?s=96&d=mm&r=g\",\"contentUrl\":\"https:\\\/\\\/secure.gravatar.com\\\/avatar\\\/9167d280179c85bc18be67aa7eda765854300033af4896dd779b608640f2ef7a?s=96&d=mm&r=g\",\"caption\":\"Diario1 Diario1\"},\"url\":\"https:\\\/\\\/diariotextual.com\\\/inicio\\\/index.php\\\/author\\\/diario1\\\/\"}]}<\/script>\n<!-- \/ Yoast SEO plugin. -->","yoast_head_json":{"title":"Con la presencia de Kicillof, cumbre federal para pedir la inconstitucionalidad de la reforma laboral - Diario Textual","robots":{"index":"index","follow":"follow","max-snippet":"max-snippet:-1","max-image-preview":"max-image-preview:large","max-video-preview":"max-video-preview:-1"},"canonical":"https:\/\/diariotextual.com\/inicio\/index.php\/2026\/04\/28\/con-la-presencia-de-kicillof-cumbre-federal-para-pedir-la-inconstitucionalidad-de-la-reforma-laboral\/","og_locale":"es_ES","og_type":"article","og_title":"Con la presencia de Kicillof, cumbre federal para pedir la inconstitucionalidad de la reforma laboral - Diario Textual","og_description":"El gobernador&nbsp;Axel Kicillof&nbsp;fue el anfitri\u00f3n de una cumbre federal que reuni\u00f3 a ministros de varias provincias, gremios y legisladores nacionales y provinciales, para volver a la carga contra la ley&hellip;","og_url":"https:\/\/diariotextual.com\/inicio\/index.php\/2026\/04\/28\/con-la-presencia-de-kicillof-cumbre-federal-para-pedir-la-inconstitucionalidad-de-la-reforma-laboral\/","og_site_name":"Diario Textual","article_publisher":"https:\/\/www.facebook.com\/eltextual","article_published_time":"2026-04-28T20:58:39+00:00","article_modified_time":"2026-04-28T20:58:42+00:00","og_image":[{"width":1200,"height":799,"url":"https:\/\/diariotextual.com\/inicio\/wp-content\/uploads\/2026\/04\/encuentrofederaldeltrabajo2026-1.jpg","type":"image\/jpeg"}],"author":"Diario1 Diario1","twitter_card":"summary_large_image","twitter_creator":"@eltextual","twitter_site":"@eltextual","twitter_misc":{"Escrito por":"Diario1 Diario1","Tiempo de lectura":"4 minutos"},"schema":{"@context":"https:\/\/schema.org","@graph":[{"@type":"Article","@id":"https:\/\/diariotextual.com\/inicio\/index.php\/2026\/04\/28\/con-la-presencia-de-kicillof-cumbre-federal-para-pedir-la-inconstitucionalidad-de-la-reforma-laboral\/#article","isPartOf":{"@id":"https:\/\/diariotextual.com\/inicio\/index.php\/2026\/04\/28\/con-la-presencia-de-kicillof-cumbre-federal-para-pedir-la-inconstitucionalidad-de-la-reforma-laboral\/"},"author":{"name":"Diario1 Diario1","@id":"https:\/\/diariotextual.com\/inicio\/#\/schema\/person\/418fc4093c33e86ed41562db3508f958"},"headline":"Con la presencia de Kicillof, cumbre federal para pedir la inconstitucionalidad de la reforma laboral","datePublished":"2026-04-28T20:58:39+00:00","dateModified":"2026-04-28T20:58:42+00:00","mainEntityOfPage":{"@id":"https:\/\/diariotextual.com\/inicio\/index.php\/2026\/04\/28\/con-la-presencia-de-kicillof-cumbre-federal-para-pedir-la-inconstitucionalidad-de-la-reforma-laboral\/"},"wordCount":799,"publisher":{"@id":"https:\/\/diariotextual.com\/inicio\/#organization"},"image":{"@id":"https:\/\/diariotextual.com\/inicio\/index.php\/2026\/04\/28\/con-la-presencia-de-kicillof-cumbre-federal-para-pedir-la-inconstitucionalidad-de-la-reforma-laboral\/#primaryimage"},"thumbnailUrl":"https:\/\/diariotextual.com\/inicio\/wp-content\/uploads\/2026\/04\/encuentrofederaldeltrabajo2026-1.jpg","articleSection":["A - ES NOTICIA (van abajo)","POLITICA"],"inLanguage":"es"},{"@type":"WebPage","@id":"https:\/\/diariotextual.com\/inicio\/index.php\/2026\/04\/28\/con-la-presencia-de-kicillof-cumbre-federal-para-pedir-la-inconstitucionalidad-de-la-reforma-laboral\/","url":"https:\/\/diariotextual.com\/inicio\/index.php\/2026\/04\/28\/con-la-presencia-de-kicillof-cumbre-federal-para-pedir-la-inconstitucionalidad-de-la-reforma-laboral\/","name":"Con la presencia de Kicillof, cumbre federal para pedir la inconstitucionalidad de la reforma laboral - Diario Textual","isPartOf":{"@id":"https:\/\/diariotextual.com\/inicio\/#website"},"primaryImageOfPage":{"@id":"https:\/\/diariotextual.com\/inicio\/index.php\/2026\/04\/28\/con-la-presencia-de-kicillof-cumbre-federal-para-pedir-la-inconstitucionalidad-de-la-reforma-laboral\/#primaryimage"},"image":{"@id":"https:\/\/diariotextual.com\/inicio\/index.php\/2026\/04\/28\/con-la-presencia-de-kicillof-cumbre-federal-para-pedir-la-inconstitucionalidad-de-la-reforma-laboral\/#primaryimage"},"thumbnailUrl":"https:\/\/diariotextual.com\/inicio\/wp-content\/uploads\/2026\/04\/encuentrofederaldeltrabajo2026-1.jpg","datePublished":"2026-04-28T20:58:39+00:00","dateModified":"2026-04-28T20:58:42+00:00","breadcrumb":{"@id":"https:\/\/diariotextual.com\/inicio\/index.php\/2026\/04\/28\/con-la-presencia-de-kicillof-cumbre-federal-para-pedir-la-inconstitucionalidad-de-la-reforma-laboral\/#breadcrumb"},"inLanguage":"es","potentialAction":[{"@type":"ReadAction","target":["https:\/\/diariotextual.com\/inicio\/index.php\/2026\/04\/28\/con-la-presencia-de-kicillof-cumbre-federal-para-pedir-la-inconstitucionalidad-de-la-reforma-laboral\/"]}]},{"@type":"ImageObject","inLanguage":"es","@id":"https:\/\/diariotextual.com\/inicio\/index.php\/2026\/04\/28\/con-la-presencia-de-kicillof-cumbre-federal-para-pedir-la-inconstitucionalidad-de-la-reforma-laboral\/#primaryimage","url":"https:\/\/diariotextual.com\/inicio\/wp-content\/uploads\/2026\/04\/encuentrofederaldeltrabajo2026-1.jpg","contentUrl":"https:\/\/diariotextual.com\/inicio\/wp-content\/uploads\/2026\/04\/encuentrofederaldeltrabajo2026-1.jpg","width":1200,"height":799},{"@type":"BreadcrumbList","@id":"https:\/\/diariotextual.com\/inicio\/index.php\/2026\/04\/28\/con-la-presencia-de-kicillof-cumbre-federal-para-pedir-la-inconstitucionalidad-de-la-reforma-laboral\/#breadcrumb","itemListElement":[{"@type":"ListItem","position":1,"name":"Portada","item":"https:\/\/diariotextual.com\/inicio\/"},{"@type":"ListItem","position":2,"name":"Con la presencia de Kicillof, cumbre federal para pedir la inconstitucionalidad de la reforma laboral"}]},{"@type":"WebSite","@id":"https:\/\/diariotextual.com\/inicio\/#website","url":"https:\/\/diariotextual.com\/inicio\/","name":"Diario Textual","description":"","publisher":{"@id":"https:\/\/diariotextual.com\/inicio\/#organization"},"potentialAction":[{"@type":"SearchAction","target":{"@type":"EntryPoint","urlTemplate":"https:\/\/diariotextual.com\/inicio\/?s={search_term_string}"},"query-input":{"@type":"PropertyValueSpecification","valueRequired":true,"valueName":"search_term_string"}}],"inLanguage":"es"},{"@type":"Organization","@id":"https:\/\/diariotextual.com\/inicio\/#organization","name":"Diario Textual","url":"https:\/\/diariotextual.com\/inicio\/","logo":{"@type":"ImageObject","inLanguage":"es","@id":"https:\/\/diariotextual.com\/inicio\/#\/schema\/logo\/image\/","url":"https:\/\/diariotextual.com\/inicio\/wp-content\/uploads\/2023\/05\/logotextual1.jpg","contentUrl":"https:\/\/diariotextual.com\/inicio\/wp-content\/uploads\/2023\/05\/logotextual1.jpg","width":516,"height":76,"caption":"Diario Textual"},"image":{"@id":"https:\/\/diariotextual.com\/inicio\/#\/schema\/logo\/image\/"},"sameAs":["https:\/\/www.facebook.com\/eltextual","https:\/\/x.com\/eltextual","http:\/\/www.instagram.com\/eltextual"]},{"@type":"Person","@id":"https:\/\/diariotextual.com\/inicio\/#\/schema\/person\/418fc4093c33e86ed41562db3508f958","name":"Diario1 Diario1","image":{"@type":"ImageObject","inLanguage":"es","@id":"https:\/\/secure.gravatar.com\/avatar\/9167d280179c85bc18be67aa7eda765854300033af4896dd779b608640f2ef7a?s=96&d=mm&r=g","url":"https:\/\/secure.gravatar.com\/avatar\/9167d280179c85bc18be67aa7eda765854300033af4896dd779b608640f2ef7a?s=96&d=mm&r=g","contentUrl":"https:\/\/secure.gravatar.com\/avatar\/9167d280179c85bc18be67aa7eda765854300033af4896dd779b608640f2ef7a?s=96&d=mm&r=g","caption":"Diario1 Diario1"},"url":"https:\/\/diariotextual.com\/inicio\/index.php\/author\/diario1\/"}]}},"_links":{"self":[{"href":"https:\/\/diariotextual.com\/inicio\/index.php\/wp-json\/wp\/v2\/posts\/325891","targetHints":{"allow":["GET"]}}],"collection":[{"href":"https:\/\/diariotextual.com\/inicio\/index.php\/wp-json\/wp\/v2\/posts"}],"about":[{"href":"https:\/\/diariotextual.com\/inicio\/index.php\/wp-json\/wp\/v2\/types\/post"}],"author":[{"embeddable":true,"href":"https:\/\/diariotextual.com\/inicio\/index.php\/wp-json\/wp\/v2\/users\/3"}],"replies":[{"embeddable":true,"href":"https:\/\/diariotextual.com\/inicio\/index.php\/wp-json\/wp\/v2\/comments?post=325891"}],"version-history":[{"count":1,"href":"https:\/\/diariotextual.com\/inicio\/index.php\/wp-json\/wp\/v2\/posts\/325891\/revisions"}],"predecessor-version":[{"id":325892,"href":"https:\/\/diariotextual.com\/inicio\/index.php\/wp-json\/wp\/v2\/posts\/325891\/revisions\/325892"}],"wp:featuredmedia":[{"embeddable":true,"href":"https:\/\/diariotextual.com\/inicio\/index.php\/wp-json\/wp\/v2\/media\/325893"}],"wp:attachment":[{"href":"https:\/\/diariotextual.com\/inicio\/index.php\/wp-json\/wp\/v2\/media?parent=325891"}],"wp:term":[{"taxonomy":"category","embeddable":true,"href":"https:\/\/diariotextual.com\/inicio\/index.php\/wp-json\/wp\/v2\/categories?post=325891"},{"taxonomy":"post_tag","embeddable":true,"href":"https:\/\/diariotextual.com\/inicio\/index.php\/wp-json\/wp\/v2\/tags?post=325891"}],"curies":[{"name":"wp","href":"https:\/\/api.w.org\/{rel}","templated":true}]}}