{"id":325923,"date":"2026-04-28T23:48:57","date_gmt":"2026-04-29T02:48:57","guid":{"rendered":"https:\/\/diariotextual.com\/inicio\/?p=325923"},"modified":"2026-04-28T23:49:20","modified_gmt":"2026-04-29T02:49:20","slug":"boca-perdio-por-1-0-con-cruzeiro-en-la-copa-libertadores-2026-y-se-quedo-sin-invicto","status":"publish","type":"post","link":"https:\/\/diariotextual.com\/inicio\/index.php\/2026\/04\/28\/boca-perdio-por-1-0-con-cruzeiro-en-la-copa-libertadores-2026-y-se-quedo-sin-invicto\/","title":{"rendered":"Boca perdi\u00f3 por 1-0 con Cruzeiro en la Copa Libertadores 2026 y se qued\u00f3 sin invicto"},"content":{"rendered":"\n<p><strong>Boca cay\u00f3 por 1-0 ante Cruzeiro<\/strong>\u00a0en el estadio Mineir\u00e3o, por la\u00a0<strong>tercera fecha del grupo D de la Copa Libertadores 2026,<\/strong>\u00a0en un partido que se complic\u00f3 a\u00fan m\u00e1s porque\u00a0<strong>el equipo xeneize debi\u00f3 jugar todo el segundo tiempo con 10 hombres.<\/strong> El \u00fanico tanto de la noche lo anot\u00f3 el delantero\u00a0<strong>Neiser Villarreal<\/strong>, a los 37 minutos del complemento.<\/p>\n\n\n\n<p>La expulsi\u00f3n de&nbsp;<strong>Adam Bareiro<\/strong>, por doble amarilla a los 45&#8242; del primer tiempo, condicion\u00f3 al conjunto que dirige&nbsp;<strong>Claudio \u00dabeda<\/strong>, aunque pese al traspi\u00e9 Boca se mantiene como l\u00edder del grupo con seis puntos. Cruzeiro alcanz\u00f3 la misma cantidad de unidades y qued\u00f3 como escolta, pero con dos goles de diferencia a favor del xeneize.<\/p>\n\n\n\n<p>En la pr\u00f3xima fecha, Boca visitar\u00e1 a&nbsp;<strong>Barcelona<\/strong>&nbsp;de Ecuador el martes 5 de mayo a las 21:00, mientras que Cruzeiro ser\u00e1 visitante de&nbsp;<strong>Universidad Cat\u00f3lica<\/strong>&nbsp;de Chile el mi\u00e9rcoles 6 a las 23:00.<\/p>\n\n\n\n<p>El partido arranc\u00f3 con iniciativa local: a los dos minutos,&nbsp;<strong>Keny Arroyo<\/strong>&nbsp;prob\u00f3 con un derechazo bajo y cruzado tras un rebote en el \u00e1rea que pas\u00f3 cerca del poste derecho de&nbsp;<strong>Leandro Brey<\/strong>. M\u00e1s tarde, a los 38 minutos del primer tiempo, el propio Arroyo intent\u00f3 un tiro libre potente hacia el primer palo que se fue desviado.<\/p>\n\n\n\n<p>La situaci\u00f3n cambi\u00f3 en el cierre del primer tiempo cuando Bareiro vio la segunda amarilla por reiteradas infracciones, la \u00faltima por un manotazo en la cara del extremo&nbsp;<strong>Christian<\/strong>&nbsp;mientras intentaba controlar la pelota de espaldas, lo que dej\u00f3 a Boca con un hombre menos para la segunda mitad.<\/p>\n\n\n\n<p>En el complemento, Cruzeiro se mostr\u00f3 m\u00e1s peligroso: a los 17 minutos un c\u00f3rner termin\u00f3 en un cabezazo desviado del defensor&nbsp;<strong>Fabricio Bruno<\/strong>. A los 27, Arroyo conect\u00f3 desde el v\u00e9rtice del \u00e1rea con un remate que llev\u00f3 efecto y pas\u00f3 cerca del segundo palo. A los 34, un tiro bajo de&nbsp;<strong>Kaio Jorge<\/strong>&nbsp;exigi\u00f3 a Brey, quien lo contuvo con la pierna izquierda.<\/p>\n\n\n\n<p>La jugada clave lleg\u00f3 a los 37 minutos del segundo tiempo: un pase filtrado por la derecha de&nbsp;<strong>Matheus Pereira<\/strong>&nbsp;habilit\u00f3 a Jorge, que puso el centro atr\u00e1s para que&nbsp;<strong>Neiser Villarreal<\/strong>&nbsp;empuje la pelota al fondo del arco y marque el \u00fanico tanto del encuentro.<\/p>\n\n\n\n<p>El clima del partido hab\u00eda sido tenso durante todo el complemento y termin\u00f3 con un cruce breve entre ambos planteles que no pas\u00f3 a mayores.<\/p>\n","protected":false},"excerpt":{"rendered":"<p>Boca cay\u00f3 por 1-0 ante Cruzeiro\u00a0en el estadio Mineir\u00e3o, por la\u00a0tercera fecha del grupo D de la Copa Libertadores 2026,\u00a0en un partido que se complic\u00f3 a\u00fan m\u00e1s porque\u00a0el equipo xeneize&hellip;<\/p>\n","protected":false},"author":3,"featured_media":0,"comment_status":"closed","ping_status":"open","sticky":false,"template":"","format":"standard","meta":{"_acf_changed":false,"footnotes":""},"categories":[1,3],"tags":[],"class_list":["post-325923","post","type-post","status-publish","format-standard","hentry","category-es-noticia","category-deportes"],"acf":[],"yoast_head":"<!-- This site is optimized with the Yoast SEO plugin v27.5 - https:\/\/yoast.com\/product\/yoast-seo-wordpress\/ -->\n<title>Boca perdi\u00f3 por 1-0 con Cruzeiro en la Copa Libertadores 2026 y se qued\u00f3 sin invicto - Diario Textual<\/title>\n<meta name=\"robots\" content=\"index, follow, max-snippet:-1, max-image-preview:large, max-video-preview:-1\" \/>\n<link rel=\"canonical\" href=\"https:\/\/diariotextual.com\/inicio\/index.php\/2026\/04\/28\/boca-perdio-por-1-0-con-cruzeiro-en-la-copa-libertadores-2026-y-se-quedo-sin-invicto\/\" \/>\n<meta property=\"og:locale\" content=\"es_ES\" \/>\n<meta property=\"og:type\" content=\"article\" \/>\n<meta property=\"og:title\" content=\"Boca perdi\u00f3 por 1-0 con Cruzeiro en la Copa Libertadores 2026 y se qued\u00f3 sin invicto - Diario Textual\" \/>\n<meta property=\"og:description\" content=\"Boca cay\u00f3 por 1-0 ante Cruzeiro\u00a0en el estadio Mineir\u00e3o, por la\u00a0tercera fecha del grupo D de la Copa Libertadores 2026,\u00a0en un partido que se complic\u00f3 a\u00fan m\u00e1s porque\u00a0el equipo xeneize&hellip;\" \/>\n<meta property=\"og:url\" content=\"https:\/\/diariotextual.com\/inicio\/index.php\/2026\/04\/28\/boca-perdio-por-1-0-con-cruzeiro-en-la-copa-libertadores-2026-y-se-quedo-sin-invicto\/\" \/>\n<meta property=\"og:site_name\" content=\"Diario Textual\" \/>\n<meta property=\"article:publisher\" content=\"https:\/\/www.facebook.com\/eltextual\" \/>\n<meta property=\"article:published_time\" content=\"2026-04-29T02:48:57+00:00\" \/>\n<meta property=\"article:modified_time\" content=\"2026-04-29T02:49:20+00:00\" \/>\n<meta name=\"author\" content=\"Diario1 Diario1\" \/>\n<meta name=\"twitter:card\" content=\"summary_large_image\" \/>\n<meta name=\"twitter:creator\" content=\"@eltextual\" \/>\n<meta name=\"twitter:site\" content=\"@eltextual\" \/>\n<meta name=\"twitter:label1\" content=\"Escrito por\" \/>\n\t<meta name=\"twitter:data1\" content=\"Diario1 Diario1\" \/>\n\t<meta name=\"twitter:label2\" content=\"Tiempo de lectura\" \/>\n\t<meta name=\"twitter:data2\" content=\"2 minutos\" \/>\n<script type=\"application\/ld+json\" class=\"yoast-schema-graph\">{\"@context\":\"https:\\\/\\\/schema.org\",\"@graph\":[{\"@type\":\"Article\",\"@id\":\"https:\\\/\\\/diariotextual.com\\\/inicio\\\/index.php\\\/2026\\\/04\\\/28\\\/boca-perdio-por-1-0-con-cruzeiro-en-la-copa-libertadores-2026-y-se-quedo-sin-invicto\\\/#article\",\"isPartOf\":{\"@id\":\"https:\\\/\\\/diariotextual.com\\\/inicio\\\/index.php\\\/2026\\\/04\\\/28\\\/boca-perdio-por-1-0-con-cruzeiro-en-la-copa-libertadores-2026-y-se-quedo-sin-invicto\\\/\"},\"author\":{\"name\":\"Diario1 Diario1\",\"@id\":\"https:\\\/\\\/diariotextual.com\\\/inicio\\\/#\\\/schema\\\/person\\\/418fc4093c33e86ed41562db3508f958\"},\"headline\":\"Boca perdi\u00f3 por 1-0 con Cruzeiro en la Copa Libertadores 2026 y se qued\u00f3 sin invicto\",\"datePublished\":\"2026-04-29T02:48:57+00:00\",\"dateModified\":\"2026-04-29T02:49:20+00:00\",\"mainEntityOfPage\":{\"@id\":\"https:\\\/\\\/diariotextual.com\\\/inicio\\\/index.php\\\/2026\\\/04\\\/28\\\/boca-perdio-por-1-0-con-cruzeiro-en-la-copa-libertadores-2026-y-se-quedo-sin-invicto\\\/\"},\"wordCount\":430,\"publisher\":{\"@id\":\"https:\\\/\\\/diariotextual.com\\\/inicio\\\/#organization\"},\"articleSection\":[\"A - ES NOTICIA (van abajo)\",\"DEPORTES\"],\"inLanguage\":\"es\"},{\"@type\":\"WebPage\",\"@id\":\"https:\\\/\\\/diariotextual.com\\\/inicio\\\/index.php\\\/2026\\\/04\\\/28\\\/boca-perdio-por-1-0-con-cruzeiro-en-la-copa-libertadores-2026-y-se-quedo-sin-invicto\\\/\",\"url\":\"https:\\\/\\\/diariotextual.com\\\/inicio\\\/index.php\\\/2026\\\/04\\\/28\\\/boca-perdio-por-1-0-con-cruzeiro-en-la-copa-libertadores-2026-y-se-quedo-sin-invicto\\\/\",\"name\":\"Boca perdi\u00f3 por 1-0 con Cruzeiro en la Copa Libertadores 2026 y se qued\u00f3 sin invicto - Diario Textual\",\"isPartOf\":{\"@id\":\"https:\\\/\\\/diariotextual.com\\\/inicio\\\/#website\"},\"datePublished\":\"2026-04-29T02:48:57+00:00\",\"dateModified\":\"2026-04-29T02:49:20+00:00\",\"breadcrumb\":{\"@id\":\"https:\\\/\\\/diariotextual.com\\\/inicio\\\/index.php\\\/2026\\\/04\\\/28\\\/boca-perdio-por-1-0-con-cruzeiro-en-la-copa-libertadores-2026-y-se-quedo-sin-invicto\\\/#breadcrumb\"},\"inLanguage\":\"es\",\"potentialAction\":[{\"@type\":\"ReadAction\",\"target\":[\"https:\\\/\\\/diariotextual.com\\\/inicio\\\/index.php\\\/2026\\\/04\\\/28\\\/boca-perdio-por-1-0-con-cruzeiro-en-la-copa-libertadores-2026-y-se-quedo-sin-invicto\\\/\"]}]},{\"@type\":\"BreadcrumbList\",\"@id\":\"https:\\\/\\\/diariotextual.com\\\/inicio\\\/index.php\\\/2026\\\/04\\\/28\\\/boca-perdio-por-1-0-con-cruzeiro-en-la-copa-libertadores-2026-y-se-quedo-sin-invicto\\\/#breadcrumb\",\"itemListElement\":[{\"@type\":\"ListItem\",\"position\":1,\"name\":\"Portada\",\"item\":\"https:\\\/\\\/diariotextual.com\\\/inicio\\\/\"},{\"@type\":\"ListItem\",\"position\":2,\"name\":\"Boca perdi\u00f3 por 1-0 con Cruzeiro en la Copa Libertadores 2026 y se qued\u00f3 sin invicto\"}]},{\"@type\":\"WebSite\",\"@id\":\"https:\\\/\\\/diariotextual.com\\\/inicio\\\/#website\",\"url\":\"https:\\\/\\\/diariotextual.com\\\/inicio\\\/\",\"name\":\"Diario Textual\",\"description\":\"\",\"publisher\":{\"@id\":\"https:\\\/\\\/diariotextual.com\\\/inicio\\\/#organization\"},\"potentialAction\":[{\"@type\":\"SearchAction\",\"target\":{\"@type\":\"EntryPoint\",\"urlTemplate\":\"https:\\\/\\\/diariotextual.com\\\/inicio\\\/?s={search_term_string}\"},\"query-input\":{\"@type\":\"PropertyValueSpecification\",\"valueRequired\":true,\"valueName\":\"search_term_string\"}}],\"inLanguage\":\"es\"},{\"@type\":\"Organization\",\"@id\":\"https:\\\/\\\/diariotextual.com\\\/inicio\\\/#organization\",\"name\":\"Diario Textual\",\"url\":\"https:\\\/\\\/diariotextual.com\\\/inicio\\\/\",\"logo\":{\"@type\":\"ImageObject\",\"inLanguage\":\"es\",\"@id\":\"https:\\\/\\\/diariotextual.com\\\/inicio\\\/#\\\/schema\\\/logo\\\/image\\\/\",\"url\":\"https:\\\/\\\/diariotextual.com\\\/inicio\\\/wp-content\\\/uploads\\\/2023\\\/05\\\/logotextual1.jpg\",\"contentUrl\":\"https:\\\/\\\/diariotextual.com\\\/inicio\\\/wp-content\\\/uploads\\\/2023\\\/05\\\/logotextual1.jpg\",\"width\":516,\"height\":76,\"caption\":\"Diario Textual\"},\"image\":{\"@id\":\"https:\\\/\\\/diariotextual.com\\\/inicio\\\/#\\\/schema\\\/logo\\\/image\\\/\"},\"sameAs\":[\"https:\\\/\\\/www.facebook.com\\\/eltextual\",\"https:\\\/\\\/x.com\\\/eltextual\",\"http:\\\/\\\/www.instagram.com\\\/eltextual\"]},{\"@type\":\"Person\",\"@id\":\"https:\\\/\\\/diariotextual.com\\\/inicio\\\/#\\\/schema\\\/person\\\/418fc4093c33e86ed41562db3508f958\",\"name\":\"Diario1 Diario1\",\"image\":{\"@type\":\"ImageObject\",\"inLanguage\":\"es\",\"@id\":\"https:\\\/\\\/secure.gravatar.com\\\/avatar\\\/9167d280179c85bc18be67aa7eda765854300033af4896dd779b608640f2ef7a?s=96&d=mm&r=g\",\"url\":\"https:\\\/\\\/secure.gravatar.com\\\/avatar\\\/9167d280179c85bc18be67aa7eda765854300033af4896dd779b608640f2ef7a?s=96&d=mm&r=g\",\"contentUrl\":\"https:\\\/\\\/secure.gravatar.com\\\/avatar\\\/9167d280179c85bc18be67aa7eda765854300033af4896dd779b608640f2ef7a?s=96&d=mm&r=g\",\"caption\":\"Diario1 Diario1\"},\"url\":\"https:\\\/\\\/diariotextual.com\\\/inicio\\\/index.php\\\/author\\\/diario1\\\/\"}]}<\/script>\n<!-- \/ Yoast SEO plugin. -->","yoast_head_json":{"title":"Boca perdi\u00f3 por 1-0 con Cruzeiro en la Copa Libertadores 2026 y se qued\u00f3 sin invicto - Diario Textual","robots":{"index":"index","follow":"follow","max-snippet":"max-snippet:-1","max-image-preview":"max-image-preview:large","max-video-preview":"max-video-preview:-1"},"canonical":"https:\/\/diariotextual.com\/inicio\/index.php\/2026\/04\/28\/boca-perdio-por-1-0-con-cruzeiro-en-la-copa-libertadores-2026-y-se-quedo-sin-invicto\/","og_locale":"es_ES","og_type":"article","og_title":"Boca perdi\u00f3 por 1-0 con Cruzeiro en la Copa Libertadores 2026 y se qued\u00f3 sin invicto - Diario Textual","og_description":"Boca cay\u00f3 por 1-0 ante Cruzeiro\u00a0en el estadio Mineir\u00e3o, por la\u00a0tercera fecha del grupo D de la Copa Libertadores 2026,\u00a0en un partido que se complic\u00f3 a\u00fan m\u00e1s porque\u00a0el equipo xeneize&hellip;","og_url":"https:\/\/diariotextual.com\/inicio\/index.php\/2026\/04\/28\/boca-perdio-por-1-0-con-cruzeiro-en-la-copa-libertadores-2026-y-se-quedo-sin-invicto\/","og_site_name":"Diario Textual","article_publisher":"https:\/\/www.facebook.com\/eltextual","article_published_time":"2026-04-29T02:48:57+00:00","article_modified_time":"2026-04-29T02:49:20+00:00","author":"Diario1 Diario1","twitter_card":"summary_large_image","twitter_creator":"@eltextual","twitter_site":"@eltextual","twitter_misc":{"Escrito por":"Diario1 Diario1","Tiempo de lectura":"2 minutos"},"schema":{"@context":"https:\/\/schema.org","@graph":[{"@type":"Article","@id":"https:\/\/diariotextual.com\/inicio\/index.php\/2026\/04\/28\/boca-perdio-por-1-0-con-cruzeiro-en-la-copa-libertadores-2026-y-se-quedo-sin-invicto\/#article","isPartOf":{"@id":"https:\/\/diariotextual.com\/inicio\/index.php\/2026\/04\/28\/boca-perdio-por-1-0-con-cruzeiro-en-la-copa-libertadores-2026-y-se-quedo-sin-invicto\/"},"author":{"name":"Diario1 Diario1","@id":"https:\/\/diariotextual.com\/inicio\/#\/schema\/person\/418fc4093c33e86ed41562db3508f958"},"headline":"Boca perdi\u00f3 por 1-0 con Cruzeiro en la Copa Libertadores 2026 y se qued\u00f3 sin invicto","datePublished":"2026-04-29T02:48:57+00:00","dateModified":"2026-04-29T02:49:20+00:00","mainEntityOfPage":{"@id":"https:\/\/diariotextual.com\/inicio\/index.php\/2026\/04\/28\/boca-perdio-por-1-0-con-cruzeiro-en-la-copa-libertadores-2026-y-se-quedo-sin-invicto\/"},"wordCount":430,"publisher":{"@id":"https:\/\/diariotextual.com\/inicio\/#organization"},"articleSection":["A - ES NOTICIA (van abajo)","DEPORTES"],"inLanguage":"es"},{"@type":"WebPage","@id":"https:\/\/diariotextual.com\/inicio\/index.php\/2026\/04\/28\/boca-perdio-por-1-0-con-cruzeiro-en-la-copa-libertadores-2026-y-se-quedo-sin-invicto\/","url":"https:\/\/diariotextual.com\/inicio\/index.php\/2026\/04\/28\/boca-perdio-por-1-0-con-cruzeiro-en-la-copa-libertadores-2026-y-se-quedo-sin-invicto\/","name":"Boca perdi\u00f3 por 1-0 con Cruzeiro en la Copa Libertadores 2026 y se qued\u00f3 sin invicto - Diario Textual","isPartOf":{"@id":"https:\/\/diariotextual.com\/inicio\/#website"},"datePublished":"2026-04-29T02:48:57+00:00","dateModified":"2026-04-29T02:49:20+00:00","breadcrumb":{"@id":"https:\/\/diariotextual.com\/inicio\/index.php\/2026\/04\/28\/boca-perdio-por-1-0-con-cruzeiro-en-la-copa-libertadores-2026-y-se-quedo-sin-invicto\/#breadcrumb"},"inLanguage":"es","potentialAction":[{"@type":"ReadAction","target":["https:\/\/diariotextual.com\/inicio\/index.php\/2026\/04\/28\/boca-perdio-por-1-0-con-cruzeiro-en-la-copa-libertadores-2026-y-se-quedo-sin-invicto\/"]}]},{"@type":"BreadcrumbList","@id":"https:\/\/diariotextual.com\/inicio\/index.php\/2026\/04\/28\/boca-perdio-por-1-0-con-cruzeiro-en-la-copa-libertadores-2026-y-se-quedo-sin-invicto\/#breadcrumb","itemListElement":[{"@type":"ListItem","position":1,"name":"Portada","item":"https:\/\/diariotextual.com\/inicio\/"},{"@type":"ListItem","position":2,"name":"Boca perdi\u00f3 por 1-0 con Cruzeiro en la Copa Libertadores 2026 y se qued\u00f3 sin invicto"}]},{"@type":"WebSite","@id":"https:\/\/diariotextual.com\/inicio\/#website","url":"https:\/\/diariotextual.com\/inicio\/","name":"Diario Textual","description":"","publisher":{"@id":"https:\/\/diariotextual.com\/inicio\/#organization"},"potentialAction":[{"@type":"SearchAction","target":{"@type":"EntryPoint","urlTemplate":"https:\/\/diariotextual.com\/inicio\/?s={search_term_string}"},"query-input":{"@type":"PropertyValueSpecification","valueRequired":true,"valueName":"search_term_string"}}],"inLanguage":"es"},{"@type":"Organization","@id":"https:\/\/diariotextual.com\/inicio\/#organization","name":"Diario Textual","url":"https:\/\/diariotextual.com\/inicio\/","logo":{"@type":"ImageObject","inLanguage":"es","@id":"https:\/\/diariotextual.com\/inicio\/#\/schema\/logo\/image\/","url":"https:\/\/diariotextual.com\/inicio\/wp-content\/uploads\/2023\/05\/logotextual1.jpg","contentUrl":"https:\/\/diariotextual.com\/inicio\/wp-content\/uploads\/2023\/05\/logotextual1.jpg","width":516,"height":76,"caption":"Diario Textual"},"image":{"@id":"https:\/\/diariotextual.com\/inicio\/#\/schema\/logo\/image\/"},"sameAs":["https:\/\/www.facebook.com\/eltextual","https:\/\/x.com\/eltextual","http:\/\/www.instagram.com\/eltextual"]},{"@type":"Person","@id":"https:\/\/diariotextual.com\/inicio\/#\/schema\/person\/418fc4093c33e86ed41562db3508f958","name":"Diario1 Diario1","image":{"@type":"ImageObject","inLanguage":"es","@id":"https:\/\/secure.gravatar.com\/avatar\/9167d280179c85bc18be67aa7eda765854300033af4896dd779b608640f2ef7a?s=96&d=mm&r=g","url":"https:\/\/secure.gravatar.com\/avatar\/9167d280179c85bc18be67aa7eda765854300033af4896dd779b608640f2ef7a?s=96&d=mm&r=g","contentUrl":"https:\/\/secure.gravatar.com\/avatar\/9167d280179c85bc18be67aa7eda765854300033af4896dd779b608640f2ef7a?s=96&d=mm&r=g","caption":"Diario1 Diario1"},"url":"https:\/\/diariotextual.com\/inicio\/index.php\/author\/diario1\/"}]}},"_links":{"self":[{"href":"https:\/\/diariotextual.com\/inicio\/index.php\/wp-json\/wp\/v2\/posts\/325923","targetHints":{"allow":["GET"]}}],"collection":[{"href":"https:\/\/diariotextual.com\/inicio\/index.php\/wp-json\/wp\/v2\/posts"}],"about":[{"href":"https:\/\/diariotextual.com\/inicio\/index.php\/wp-json\/wp\/v2\/types\/post"}],"author":[{"embeddable":true,"href":"https:\/\/diariotextual.com\/inicio\/index.php\/wp-json\/wp\/v2\/users\/3"}],"replies":[{"embeddable":true,"href":"https:\/\/diariotextual.com\/inicio\/index.php\/wp-json\/wp\/v2\/comments?post=325923"}],"version-history":[{"count":2,"href":"https:\/\/diariotextual.com\/inicio\/index.php\/wp-json\/wp\/v2\/posts\/325923\/revisions"}],"predecessor-version":[{"id":325925,"href":"https:\/\/diariotextual.com\/inicio\/index.php\/wp-json\/wp\/v2\/posts\/325923\/revisions\/325925"}],"wp:attachment":[{"href":"https:\/\/diariotextual.com\/inicio\/index.php\/wp-json\/wp\/v2\/media?parent=325923"}],"wp:term":[{"taxonomy":"category","embeddable":true,"href":"https:\/\/diariotextual.com\/inicio\/index.php\/wp-json\/wp\/v2\/categories?post=325923"},{"taxonomy":"post_tag","embeddable":true,"href":"https:\/\/diariotextual.com\/inicio\/index.php\/wp-json\/wp\/v2\/tags?post=325923"}],"curies":[{"name":"wp","href":"https:\/\/api.w.org\/{rel}","templated":true}]}}