{"id":325927,"date":"2026-04-29T06:48:11","date_gmt":"2026-04-29T09:48:11","guid":{"rendered":"https:\/\/diariotextual.com\/inicio\/?p=325927"},"modified":"2026-04-29T08:22:32","modified_gmt":"2026-04-29T11:22:32","slug":"toda-la-carne-al-asador-para-bancar-a-adorni-milei-karina-el-gabinete-y-los-senadores-de-bullrich-en-los-palcos","status":"publish","type":"post","link":"https:\/\/diariotextual.com\/inicio\/index.php\/2026\/04\/29\/toda-la-carne-al-asador-para-bancar-a-adorni-milei-karina-el-gabinete-y-los-senadores-de-bullrich-en-los-palcos\/","title":{"rendered":"Toda la carne al asador para bancar a Adorni: Milei, Karina, el Gabinete y los senadores de Bullrich en los palcos"},"content":{"rendered":"\n<p><strong>En el marco de un f\u00e9rreo operativo de seguridad con intervenci\u00f3n de la Casa Militar, el Gobierno prepara una demostraci\u00f3n de apoyo descomunal para blindar a su jefe de Gabinete, Manuel Adorni,&nbsp;<\/strong>a quien le tocar\u00e1 la compleja tarea de presentar el informe sobre la marcha de la gesti\u00f3n en medio de los esc\u00e1ndalos judiciales por su situaci\u00f3n patrimonial, con una oposici\u00f3n que huele sangre y que lo esperar\u00e1 en el recinto de la C\u00e1mara de Diputados con los colmillos afilados.<\/p>\n\n\n\n<p>A la presencia confirmada de<strong>&nbsp;Javier y Karina Milei&nbsp;<\/strong>en el palco central, se agreg\u00f3 la novedad de que el presidente y su hermana pidieron que el Gabinete en pleno est\u00e9 presente en los balcones del primer piso del recinto, para el inicio de la sesi\u00f3n previsto a las 10.30 hs.<\/p>\n\n\n\n<p>Tambi\u00e9n dir\u00e1n presentes los senadores nacionales del bloque que comanda\u00a0<strong>Patricia Bullrich,\u00a0<\/strong>supo\u00a0<strong>la Agencia de Noticias Argentinas\u00a0<\/strong>de altas fuentes de Presidencia de Diputados.\u00a0<strong>Toda la carne al asador.<\/strong><\/p>\n\n\n\n<p>Un rato antes de tomar lugar en el hemiciclo para dar su informe inicial, Adorni pasar\u00e1 por el despacho del presidente de la C\u00e1mara de Diputados,&nbsp;<strong>Mart\u00edn Menem<\/strong>, para la foto que ya se hizo costumbre cada vez que un ministro se presenta en el Congreso.<\/p>\n\n\n\n<p>Cerca de las 10 hs, el presidente estar\u00e1 llegando junto a la secretaria general de la Presidencia, y se acomodar\u00e1n en el palco principal, justo enfrente de donde le tocar\u00e1 hablar a Adorni. Se prev\u00e9 que el presidente no se quedar\u00e1 hasta el final de la sesi\u00f3n.<\/p>\n\n\n\n<p>La oposici\u00f3n sospecha que de la mano de semejante despliegue institucional el oficialismo har\u00e1 un abuso de exhibici\u00f3n militante y partidario, con una escenograf\u00eda m\u00e1s propia de una Asamblea Legislativa que la de un informe de gesti\u00f3n.&nbsp;<\/p>\n\n\n\n<p>\u201cHabr\u00e1 entre 100 y 200 invitados institucionales\u201d, explicaron las fuentes de la presidencia de Diputados a las que la&nbsp;<strong>Agencia Noticias Argentinas<\/strong>&nbsp;tuvo acceso.<\/p>\n\n\n\n<p>La explicaci\u00f3n no logr\u00f3 despejar la duda respecto de si esos invitados no se convertir\u00e1n en fervorosos militantes aplaudidores, como suele ocurrir.<\/p>\n\n\n\n<p>Desconfiados, los diputados nacionales&nbsp;<strong>Maximiliano Ferraro, M\u00f3nica Frade y Esteban Paul\u00f3n<\/strong>&nbsp;le enviaron sendas cartas a Menem para que aclare si los invitados llenar\u00e1n los palcos de militantes. No hubo respuesta oficial.<\/p>\n\n\n\n<p>En el bloque de Uni\u00f3n por la Patria hubo una reuni\u00f3n la semana pasada entre una docena de legisladores para ver si se pod\u00eda unificar una estrategia para abordar al funcionario.&nbsp;<\/p>\n\n\n\n<p>Las gestiones fracasaron: mientras algunos sosten\u00edan que hab\u00eda que concentrar el interrogatorio en los asuntos vinculados al presunto enriquecimiento il\u00edcito del funcionario aprovechando que el tema sigue candente en la opini\u00f3n p\u00fablica, otros consideraron que se trataba de una t\u00e1ctica equivocada, porque Adorni pod\u00eda aprovechar para recordar los casos de corrupci\u00f3n del kirchnerismo, metiendo a todos en el mismo barro.<\/p>\n\n\n\n<p><strong>Como resultado de estas discrepancias, no habr\u00e1 un orden inteligente para acorralar a Adorni y el asunto quedar\u00e1 al libre albeldr\u00edo, con pron\u00f3stico de caos.&nbsp;<\/strong><\/p>\n\n\n\n<div style=\"height:100px\" aria-hidden=\"true\" class=\"wp-block-spacer\"><\/div>\n\n\n\n<p><strong>Hecho in\u00e9dito<\/strong><\/p>\n\n\n\n<p><strong>La visita de un presidente y su s\u00e9quito de ministros a un informe de gesti\u00f3n del jefe de Gabinete es un hecho absolutamente at\u00edpico y sin precedentes en la historia, y s\u00f3lo se explica por la necesidad narcisista de reafirmar la autoridad de Milei<\/strong>&nbsp;en un momento de vulnerabilidad gubernamental, cuando la pol\u00edtica entera le exige la renuncia de un alto funcionario.<\/p>\n\n\n\n<p>Ser\u00e1 una in\u00e9dita sobreactuaci\u00f3n desproporcionada de apoyo al jefe de Gabinete en su hora m\u00e1s dif\u00edcil, que se sostiene en su cargo mientras&nbsp;<em>sottovoce&nbsp;<\/em>muchos funcionarios del Poder Ejecutivo deslizan la conveniencia de soltarle la mano para poder pasar de p\u00e1gina y que el Gobierno pueda recuperar la centralidad de la agenda.<\/p>\n\n\n\n<p>Por mucho menos, la ministra de Capital Humano,<strong>&nbsp;Sandra Pettovello<\/strong>, hab\u00eda echado en octubre del 2024 a una funcionaria de su cartera que hab\u00eda comprado una cafetera cara con partidas p\u00fablicas, cuando todav\u00eda el relato anti casta de Milei conservaba alguna credibilidad.<\/p>\n\n\n\n<p>La semana pasada, el ministro de Econom\u00eda,&nbsp;<strong>Luis \u201cToto\u201d Caputo,<\/strong>&nbsp;hizo renunciar al secretario de Coordinaci\u00f3n de Infraestructura por no haber declarado siete propiedades en Miami.<\/p>\n\n\n\n<p>Con alg\u00fan rezago, Milei tambi\u00e9n hizo echar a<strong>&nbsp;Diego Spagnuolo<\/strong>&nbsp;cuando se destaparon las coimas en la Agencia Nacional de Discapacidad; y lo sacrificaron a&nbsp;<strong>Jos\u00e9 Luis Espert&nbsp;<\/strong>en medio de la campa\u00f1a electoral cuando las pruebas apiladas en su contra ya eran demasiado comprometedoras.<\/p>\n\n\n\n<p>Sin embargo, el relato anti casta no parece aplicar sobre el jefe de Gabinete: para los hermanos Milei no se trata de defender a Adorni por Adorni mismo sino por lo que pas\u00f3 a simbolizar.&nbsp;<\/p>\n\n\n\n<p>Es defender a Adorni como mecanismo de autopreservaci\u00f3n, porque consideran que si lo entregan, despu\u00e9s la oposici\u00f3n ir\u00e1 por el presidente.<\/p>\n\n\n\n<p>Ya no se trata de si el jefe de Gabinete es honorable o no, si le es \u00fatil o ya no le sirve pol\u00edticamente para el cargo, sino que el presidente percibe que si da el brazo a torcer dar\u00eda un mensaje de debilidad que empoderar\u00eda a sus adversarios, entre quienes engloba sin distinci\u00f3n a opositores pol\u00edticos, periodistas y hasta empresarios del establishment.<\/p>\n\n\n\n<div style=\"height:100px\" aria-hidden=\"true\" class=\"wp-block-spacer\"><\/div>\n\n\n\n<p><strong>El formato<\/strong><\/p>\n\n\n\n<p>La idea del Gobierno es que el Adorni salga lo m\u00e1s ileso posible, raz\u00f3n por la cual la semana pasada se desarroll\u00f3 en el Sal\u00f3n Delia Parodi del Palacio Legislativo una reuni\u00f3n de alto nivel entre<strong>&nbsp;<\/strong>el secretario de Asuntos Estrat\u00e9gicos,<strong>&nbsp;Ignacio Levitt,&nbsp;<\/strong>y el secretario parlamentario de Diputados,&nbsp;<strong>Adri\u00e1n Pagan,<\/strong>&nbsp;quienes dise\u00f1aron un formato de sesi\u00f3n abreviado, con exposiciones cronometradas, con el objetivo de morigerar da\u00f1os.<\/p>\n\n\n\n<p>En ese encuentro, dispusieron que el primer bloque de preguntas est\u00e9 destinado a los bloques menores, dejando a&nbsp;<strong>Uni\u00f3n por la Patria&nbsp;<\/strong>para la tanda final, cuando esperan que la atenci\u00f3n medi\u00e1tica ya haya mermado.<\/p>\n\n\n\n<p>En el medio, habr\u00e1 un bloque de preguntas para los interbloques<strong>\u00a0Unidos, Fuerzas del Cambio e Innovaci\u00f3n Federal.<\/strong>\u00a0<\/p>\n\n\n\n<p>Al finalizar cada una de estas tandas, Adorni contestar\u00e1 por un lapso de 20 minutos, y en el cierre de la sesi\u00f3n habr\u00e1 un discurso pol\u00edtico del jefe del bloque libertario,&nbsp;<strong>Gabriel Bornoroni<\/strong>.<\/p>\n\n\n\n<p><\/p>\n","protected":false},"excerpt":{"rendered":"<p>En el marco de un f\u00e9rreo operativo de seguridad con intervenci\u00f3n de la Casa Militar, el Gobierno prepara una demostraci\u00f3n de apoyo descomunal para blindar a su jefe de Gabinete,&hellip;<\/p>\n","protected":false},"author":3,"featured_media":315239,"comment_status":"closed","ping_status":"open","sticky":false,"template":"","format":"standard","meta":{"_acf_changed":false,"footnotes":""},"categories":[1,8],"tags":[],"class_list":["post-325927","post","type-post","status-publish","format-standard","has-post-thumbnail","hentry","category-es-noticia","category-politica"],"acf":[],"yoast_head":"<!-- This site is optimized with the Yoast SEO plugin v27.5 - https:\/\/yoast.com\/product\/yoast-seo-wordpress\/ -->\n<title>Toda la carne al asador para bancar a Adorni: Milei, Karina, el Gabinete y los senadores de Bullrich en los palcos - Diario Textual<\/title>\n<meta name=\"robots\" content=\"index, follow, max-snippet:-1, max-image-preview:large, max-video-preview:-1\" \/>\n<link rel=\"canonical\" href=\"https:\/\/diariotextual.com\/inicio\/index.php\/2026\/04\/29\/toda-la-carne-al-asador-para-bancar-a-adorni-milei-karina-el-gabinete-y-los-senadores-de-bullrich-en-los-palcos\/\" \/>\n<meta property=\"og:locale\" content=\"es_ES\" \/>\n<meta property=\"og:type\" content=\"article\" \/>\n<meta property=\"og:title\" content=\"Toda la carne al asador para bancar a Adorni: Milei, Karina, el Gabinete y los senadores de Bullrich en los palcos - Diario Textual\" \/>\n<meta property=\"og:description\" content=\"En el marco de un f\u00e9rreo operativo de seguridad con intervenci\u00f3n de la Casa Militar, el Gobierno prepara una demostraci\u00f3n de apoyo descomunal para blindar a su jefe de Gabinete,&hellip;\" \/>\n<meta property=\"og:url\" content=\"https:\/\/diariotextual.com\/inicio\/index.php\/2026\/04\/29\/toda-la-carne-al-asador-para-bancar-a-adorni-milei-karina-el-gabinete-y-los-senadores-de-bullrich-en-los-palcos\/\" \/>\n<meta property=\"og:site_name\" content=\"Diario Textual\" \/>\n<meta property=\"article:publisher\" content=\"https:\/\/www.facebook.com\/eltextual\" \/>\n<meta property=\"article:published_time\" content=\"2026-04-29T09:48:11+00:00\" \/>\n<meta property=\"article:modified_time\" content=\"2026-04-29T11:22:32+00:00\" \/>\n<meta property=\"og:image\" content=\"https:\/\/diariotextual.com\/inicio\/wp-content\/uploads\/2025\/12\/mileijavierreformalaboralmileiadorni2025-7.jpg\" \/>\n\t<meta property=\"og:image:width\" content=\"1300\" \/>\n\t<meta property=\"og:image:height\" content=\"867\" \/>\n\t<meta property=\"og:image:type\" content=\"image\/jpeg\" \/>\n<meta name=\"author\" content=\"Diario1 Diario1\" \/>\n<meta name=\"twitter:card\" content=\"summary_large_image\" \/>\n<meta name=\"twitter:creator\" content=\"@eltextual\" \/>\n<meta name=\"twitter:site\" content=\"@eltextual\" \/>\n<meta name=\"twitter:label1\" content=\"Escrito por\" \/>\n\t<meta name=\"twitter:data1\" content=\"Diario1 Diario1\" \/>\n\t<meta name=\"twitter:label2\" content=\"Tiempo de lectura\" \/>\n\t<meta name=\"twitter:data2\" content=\"5 minutos\" \/>\n<script type=\"application\/ld+json\" class=\"yoast-schema-graph\">{\"@context\":\"https:\\\/\\\/schema.org\",\"@graph\":[{\"@type\":\"Article\",\"@id\":\"https:\\\/\\\/diariotextual.com\\\/inicio\\\/index.php\\\/2026\\\/04\\\/29\\\/toda-la-carne-al-asador-para-bancar-a-adorni-milei-karina-el-gabinete-y-los-senadores-de-bullrich-en-los-palcos\\\/#article\",\"isPartOf\":{\"@id\":\"https:\\\/\\\/diariotextual.com\\\/inicio\\\/index.php\\\/2026\\\/04\\\/29\\\/toda-la-carne-al-asador-para-bancar-a-adorni-milei-karina-el-gabinete-y-los-senadores-de-bullrich-en-los-palcos\\\/\"},\"author\":{\"name\":\"Diario1 Diario1\",\"@id\":\"https:\\\/\\\/diariotextual.com\\\/inicio\\\/#\\\/schema\\\/person\\\/418fc4093c33e86ed41562db3508f958\"},\"headline\":\"Toda la carne al asador para bancar a Adorni: Milei, Karina, el Gabinete y los senadores de Bullrich en los palcos\",\"datePublished\":\"2026-04-29T09:48:11+00:00\",\"dateModified\":\"2026-04-29T11:22:32+00:00\",\"mainEntityOfPage\":{\"@id\":\"https:\\\/\\\/diariotextual.com\\\/inicio\\\/index.php\\\/2026\\\/04\\\/29\\\/toda-la-carne-al-asador-para-bancar-a-adorni-milei-karina-el-gabinete-y-los-senadores-de-bullrich-en-los-palcos\\\/\"},\"wordCount\":1115,\"publisher\":{\"@id\":\"https:\\\/\\\/diariotextual.com\\\/inicio\\\/#organization\"},\"image\":{\"@id\":\"https:\\\/\\\/diariotextual.com\\\/inicio\\\/index.php\\\/2026\\\/04\\\/29\\\/toda-la-carne-al-asador-para-bancar-a-adorni-milei-karina-el-gabinete-y-los-senadores-de-bullrich-en-los-palcos\\\/#primaryimage\"},\"thumbnailUrl\":\"https:\\\/\\\/diariotextual.com\\\/inicio\\\/wp-content\\\/uploads\\\/2025\\\/12\\\/mileijavierreformalaboralmileiadorni2025-7.jpg\",\"articleSection\":[\"A - ES NOTICIA (van abajo)\",\"POLITICA\"],\"inLanguage\":\"es\"},{\"@type\":\"WebPage\",\"@id\":\"https:\\\/\\\/diariotextual.com\\\/inicio\\\/index.php\\\/2026\\\/04\\\/29\\\/toda-la-carne-al-asador-para-bancar-a-adorni-milei-karina-el-gabinete-y-los-senadores-de-bullrich-en-los-palcos\\\/\",\"url\":\"https:\\\/\\\/diariotextual.com\\\/inicio\\\/index.php\\\/2026\\\/04\\\/29\\\/toda-la-carne-al-asador-para-bancar-a-adorni-milei-karina-el-gabinete-y-los-senadores-de-bullrich-en-los-palcos\\\/\",\"name\":\"Toda la carne al asador para bancar a Adorni: Milei, Karina, el Gabinete y los senadores de Bullrich en los palcos - Diario Textual\",\"isPartOf\":{\"@id\":\"https:\\\/\\\/diariotextual.com\\\/inicio\\\/#website\"},\"primaryImageOfPage\":{\"@id\":\"https:\\\/\\\/diariotextual.com\\\/inicio\\\/index.php\\\/2026\\\/04\\\/29\\\/toda-la-carne-al-asador-para-bancar-a-adorni-milei-karina-el-gabinete-y-los-senadores-de-bullrich-en-los-palcos\\\/#primaryimage\"},\"image\":{\"@id\":\"https:\\\/\\\/diariotextual.com\\\/inicio\\\/index.php\\\/2026\\\/04\\\/29\\\/toda-la-carne-al-asador-para-bancar-a-adorni-milei-karina-el-gabinete-y-los-senadores-de-bullrich-en-los-palcos\\\/#primaryimage\"},\"thumbnailUrl\":\"https:\\\/\\\/diariotextual.com\\\/inicio\\\/wp-content\\\/uploads\\\/2025\\\/12\\\/mileijavierreformalaboralmileiadorni2025-7.jpg\",\"datePublished\":\"2026-04-29T09:48:11+00:00\",\"dateModified\":\"2026-04-29T11:22:32+00:00\",\"breadcrumb\":{\"@id\":\"https:\\\/\\\/diariotextual.com\\\/inicio\\\/index.php\\\/2026\\\/04\\\/29\\\/toda-la-carne-al-asador-para-bancar-a-adorni-milei-karina-el-gabinete-y-los-senadores-de-bullrich-en-los-palcos\\\/#breadcrumb\"},\"inLanguage\":\"es\",\"potentialAction\":[{\"@type\":\"ReadAction\",\"target\":[\"https:\\\/\\\/diariotextual.com\\\/inicio\\\/index.php\\\/2026\\\/04\\\/29\\\/toda-la-carne-al-asador-para-bancar-a-adorni-milei-karina-el-gabinete-y-los-senadores-de-bullrich-en-los-palcos\\\/\"]}]},{\"@type\":\"ImageObject\",\"inLanguage\":\"es\",\"@id\":\"https:\\\/\\\/diariotextual.com\\\/inicio\\\/index.php\\\/2026\\\/04\\\/29\\\/toda-la-carne-al-asador-para-bancar-a-adorni-milei-karina-el-gabinete-y-los-senadores-de-bullrich-en-los-palcos\\\/#primaryimage\",\"url\":\"https:\\\/\\\/diariotextual.com\\\/inicio\\\/wp-content\\\/uploads\\\/2025\\\/12\\\/mileijavierreformalaboralmileiadorni2025-7.jpg\",\"contentUrl\":\"https:\\\/\\\/diariotextual.com\\\/inicio\\\/wp-content\\\/uploads\\\/2025\\\/12\\\/mileijavierreformalaboralmileiadorni2025-7.jpg\",\"width\":1300,\"height\":867},{\"@type\":\"BreadcrumbList\",\"@id\":\"https:\\\/\\\/diariotextual.com\\\/inicio\\\/index.php\\\/2026\\\/04\\\/29\\\/toda-la-carne-al-asador-para-bancar-a-adorni-milei-karina-el-gabinete-y-los-senadores-de-bullrich-en-los-palcos\\\/#breadcrumb\",\"itemListElement\":[{\"@type\":\"ListItem\",\"position\":1,\"name\":\"Portada\",\"item\":\"https:\\\/\\\/diariotextual.com\\\/inicio\\\/\"},{\"@type\":\"ListItem\",\"position\":2,\"name\":\"Toda la carne al asador para bancar a Adorni: Milei, Karina, el Gabinete y los senadores de Bullrich en los palcos\"}]},{\"@type\":\"WebSite\",\"@id\":\"https:\\\/\\\/diariotextual.com\\\/inicio\\\/#website\",\"url\":\"https:\\\/\\\/diariotextual.com\\\/inicio\\\/\",\"name\":\"Diario Textual\",\"description\":\"\",\"publisher\":{\"@id\":\"https:\\\/\\\/diariotextual.com\\\/inicio\\\/#organization\"},\"potentialAction\":[{\"@type\":\"SearchAction\",\"target\":{\"@type\":\"EntryPoint\",\"urlTemplate\":\"https:\\\/\\\/diariotextual.com\\\/inicio\\\/?s={search_term_string}\"},\"query-input\":{\"@type\":\"PropertyValueSpecification\",\"valueRequired\":true,\"valueName\":\"search_term_string\"}}],\"inLanguage\":\"es\"},{\"@type\":\"Organization\",\"@id\":\"https:\\\/\\\/diariotextual.com\\\/inicio\\\/#organization\",\"name\":\"Diario Textual\",\"url\":\"https:\\\/\\\/diariotextual.com\\\/inicio\\\/\",\"logo\":{\"@type\":\"ImageObject\",\"inLanguage\":\"es\",\"@id\":\"https:\\\/\\\/diariotextual.com\\\/inicio\\\/#\\\/schema\\\/logo\\\/image\\\/\",\"url\":\"https:\\\/\\\/diariotextual.com\\\/inicio\\\/wp-content\\\/uploads\\\/2023\\\/05\\\/logotextual1.jpg\",\"contentUrl\":\"https:\\\/\\\/diariotextual.com\\\/inicio\\\/wp-content\\\/uploads\\\/2023\\\/05\\\/logotextual1.jpg\",\"width\":516,\"height\":76,\"caption\":\"Diario Textual\"},\"image\":{\"@id\":\"https:\\\/\\\/diariotextual.com\\\/inicio\\\/#\\\/schema\\\/logo\\\/image\\\/\"},\"sameAs\":[\"https:\\\/\\\/www.facebook.com\\\/eltextual\",\"https:\\\/\\\/x.com\\\/eltextual\",\"http:\\\/\\\/www.instagram.com\\\/eltextual\"]},{\"@type\":\"Person\",\"@id\":\"https:\\\/\\\/diariotextual.com\\\/inicio\\\/#\\\/schema\\\/person\\\/418fc4093c33e86ed41562db3508f958\",\"name\":\"Diario1 Diario1\",\"image\":{\"@type\":\"ImageObject\",\"inLanguage\":\"es\",\"@id\":\"https:\\\/\\\/secure.gravatar.com\\\/avatar\\\/9167d280179c85bc18be67aa7eda765854300033af4896dd779b608640f2ef7a?s=96&d=mm&r=g\",\"url\":\"https:\\\/\\\/secure.gravatar.com\\\/avatar\\\/9167d280179c85bc18be67aa7eda765854300033af4896dd779b608640f2ef7a?s=96&d=mm&r=g\",\"contentUrl\":\"https:\\\/\\\/secure.gravatar.com\\\/avatar\\\/9167d280179c85bc18be67aa7eda765854300033af4896dd779b608640f2ef7a?s=96&d=mm&r=g\",\"caption\":\"Diario1 Diario1\"},\"url\":\"https:\\\/\\\/diariotextual.com\\\/inicio\\\/index.php\\\/author\\\/diario1\\\/\"}]}<\/script>\n<!-- \/ Yoast SEO plugin. -->","yoast_head_json":{"title":"Toda la carne al asador para bancar a Adorni: Milei, Karina, el Gabinete y los senadores de Bullrich en los palcos - Diario Textual","robots":{"index":"index","follow":"follow","max-snippet":"max-snippet:-1","max-image-preview":"max-image-preview:large","max-video-preview":"max-video-preview:-1"},"canonical":"https:\/\/diariotextual.com\/inicio\/index.php\/2026\/04\/29\/toda-la-carne-al-asador-para-bancar-a-adorni-milei-karina-el-gabinete-y-los-senadores-de-bullrich-en-los-palcos\/","og_locale":"es_ES","og_type":"article","og_title":"Toda la carne al asador para bancar a Adorni: Milei, Karina, el Gabinete y los senadores de Bullrich en los palcos - Diario Textual","og_description":"En el marco de un f\u00e9rreo operativo de seguridad con intervenci\u00f3n de la Casa Militar, el Gobierno prepara una demostraci\u00f3n de apoyo descomunal para blindar a su jefe de Gabinete,&hellip;","og_url":"https:\/\/diariotextual.com\/inicio\/index.php\/2026\/04\/29\/toda-la-carne-al-asador-para-bancar-a-adorni-milei-karina-el-gabinete-y-los-senadores-de-bullrich-en-los-palcos\/","og_site_name":"Diario Textual","article_publisher":"https:\/\/www.facebook.com\/eltextual","article_published_time":"2026-04-29T09:48:11+00:00","article_modified_time":"2026-04-29T11:22:32+00:00","og_image":[{"width":1300,"height":867,"url":"https:\/\/diariotextual.com\/inicio\/wp-content\/uploads\/2025\/12\/mileijavierreformalaboralmileiadorni2025-7.jpg","type":"image\/jpeg"}],"author":"Diario1 Diario1","twitter_card":"summary_large_image","twitter_creator":"@eltextual","twitter_site":"@eltextual","twitter_misc":{"Escrito por":"Diario1 Diario1","Tiempo de lectura":"5 minutos"},"schema":{"@context":"https:\/\/schema.org","@graph":[{"@type":"Article","@id":"https:\/\/diariotextual.com\/inicio\/index.php\/2026\/04\/29\/toda-la-carne-al-asador-para-bancar-a-adorni-milei-karina-el-gabinete-y-los-senadores-de-bullrich-en-los-palcos\/#article","isPartOf":{"@id":"https:\/\/diariotextual.com\/inicio\/index.php\/2026\/04\/29\/toda-la-carne-al-asador-para-bancar-a-adorni-milei-karina-el-gabinete-y-los-senadores-de-bullrich-en-los-palcos\/"},"author":{"name":"Diario1 Diario1","@id":"https:\/\/diariotextual.com\/inicio\/#\/schema\/person\/418fc4093c33e86ed41562db3508f958"},"headline":"Toda la carne al asador para bancar a Adorni: Milei, Karina, el Gabinete y los senadores de Bullrich en los palcos","datePublished":"2026-04-29T09:48:11+00:00","dateModified":"2026-04-29T11:22:32+00:00","mainEntityOfPage":{"@id":"https:\/\/diariotextual.com\/inicio\/index.php\/2026\/04\/29\/toda-la-carne-al-asador-para-bancar-a-adorni-milei-karina-el-gabinete-y-los-senadores-de-bullrich-en-los-palcos\/"},"wordCount":1115,"publisher":{"@id":"https:\/\/diariotextual.com\/inicio\/#organization"},"image":{"@id":"https:\/\/diariotextual.com\/inicio\/index.php\/2026\/04\/29\/toda-la-carne-al-asador-para-bancar-a-adorni-milei-karina-el-gabinete-y-los-senadores-de-bullrich-en-los-palcos\/#primaryimage"},"thumbnailUrl":"https:\/\/diariotextual.com\/inicio\/wp-content\/uploads\/2025\/12\/mileijavierreformalaboralmileiadorni2025-7.jpg","articleSection":["A - ES NOTICIA (van abajo)","POLITICA"],"inLanguage":"es"},{"@type":"WebPage","@id":"https:\/\/diariotextual.com\/inicio\/index.php\/2026\/04\/29\/toda-la-carne-al-asador-para-bancar-a-adorni-milei-karina-el-gabinete-y-los-senadores-de-bullrich-en-los-palcos\/","url":"https:\/\/diariotextual.com\/inicio\/index.php\/2026\/04\/29\/toda-la-carne-al-asador-para-bancar-a-adorni-milei-karina-el-gabinete-y-los-senadores-de-bullrich-en-los-palcos\/","name":"Toda la carne al asador para bancar a Adorni: Milei, Karina, el Gabinete y los senadores de Bullrich en los palcos - Diario Textual","isPartOf":{"@id":"https:\/\/diariotextual.com\/inicio\/#website"},"primaryImageOfPage":{"@id":"https:\/\/diariotextual.com\/inicio\/index.php\/2026\/04\/29\/toda-la-carne-al-asador-para-bancar-a-adorni-milei-karina-el-gabinete-y-los-senadores-de-bullrich-en-los-palcos\/#primaryimage"},"image":{"@id":"https:\/\/diariotextual.com\/inicio\/index.php\/2026\/04\/29\/toda-la-carne-al-asador-para-bancar-a-adorni-milei-karina-el-gabinete-y-los-senadores-de-bullrich-en-los-palcos\/#primaryimage"},"thumbnailUrl":"https:\/\/diariotextual.com\/inicio\/wp-content\/uploads\/2025\/12\/mileijavierreformalaboralmileiadorni2025-7.jpg","datePublished":"2026-04-29T09:48:11+00:00","dateModified":"2026-04-29T11:22:32+00:00","breadcrumb":{"@id":"https:\/\/diariotextual.com\/inicio\/index.php\/2026\/04\/29\/toda-la-carne-al-asador-para-bancar-a-adorni-milei-karina-el-gabinete-y-los-senadores-de-bullrich-en-los-palcos\/#breadcrumb"},"inLanguage":"es","potentialAction":[{"@type":"ReadAction","target":["https:\/\/diariotextual.com\/inicio\/index.php\/2026\/04\/29\/toda-la-carne-al-asador-para-bancar-a-adorni-milei-karina-el-gabinete-y-los-senadores-de-bullrich-en-los-palcos\/"]}]},{"@type":"ImageObject","inLanguage":"es","@id":"https:\/\/diariotextual.com\/inicio\/index.php\/2026\/04\/29\/toda-la-carne-al-asador-para-bancar-a-adorni-milei-karina-el-gabinete-y-los-senadores-de-bullrich-en-los-palcos\/#primaryimage","url":"https:\/\/diariotextual.com\/inicio\/wp-content\/uploads\/2025\/12\/mileijavierreformalaboralmileiadorni2025-7.jpg","contentUrl":"https:\/\/diariotextual.com\/inicio\/wp-content\/uploads\/2025\/12\/mileijavierreformalaboralmileiadorni2025-7.jpg","width":1300,"height":867},{"@type":"BreadcrumbList","@id":"https:\/\/diariotextual.com\/inicio\/index.php\/2026\/04\/29\/toda-la-carne-al-asador-para-bancar-a-adorni-milei-karina-el-gabinete-y-los-senadores-de-bullrich-en-los-palcos\/#breadcrumb","itemListElement":[{"@type":"ListItem","position":1,"name":"Portada","item":"https:\/\/diariotextual.com\/inicio\/"},{"@type":"ListItem","position":2,"name":"Toda la carne al asador para bancar a Adorni: Milei, Karina, el Gabinete y los senadores de Bullrich en los palcos"}]},{"@type":"WebSite","@id":"https:\/\/diariotextual.com\/inicio\/#website","url":"https:\/\/diariotextual.com\/inicio\/","name":"Diario Textual","description":"","publisher":{"@id":"https:\/\/diariotextual.com\/inicio\/#organization"},"potentialAction":[{"@type":"SearchAction","target":{"@type":"EntryPoint","urlTemplate":"https:\/\/diariotextual.com\/inicio\/?s={search_term_string}"},"query-input":{"@type":"PropertyValueSpecification","valueRequired":true,"valueName":"search_term_string"}}],"inLanguage":"es"},{"@type":"Organization","@id":"https:\/\/diariotextual.com\/inicio\/#organization","name":"Diario Textual","url":"https:\/\/diariotextual.com\/inicio\/","logo":{"@type":"ImageObject","inLanguage":"es","@id":"https:\/\/diariotextual.com\/inicio\/#\/schema\/logo\/image\/","url":"https:\/\/diariotextual.com\/inicio\/wp-content\/uploads\/2023\/05\/logotextual1.jpg","contentUrl":"https:\/\/diariotextual.com\/inicio\/wp-content\/uploads\/2023\/05\/logotextual1.jpg","width":516,"height":76,"caption":"Diario Textual"},"image":{"@id":"https:\/\/diariotextual.com\/inicio\/#\/schema\/logo\/image\/"},"sameAs":["https:\/\/www.facebook.com\/eltextual","https:\/\/x.com\/eltextual","http:\/\/www.instagram.com\/eltextual"]},{"@type":"Person","@id":"https:\/\/diariotextual.com\/inicio\/#\/schema\/person\/418fc4093c33e86ed41562db3508f958","name":"Diario1 Diario1","image":{"@type":"ImageObject","inLanguage":"es","@id":"https:\/\/secure.gravatar.com\/avatar\/9167d280179c85bc18be67aa7eda765854300033af4896dd779b608640f2ef7a?s=96&d=mm&r=g","url":"https:\/\/secure.gravatar.com\/avatar\/9167d280179c85bc18be67aa7eda765854300033af4896dd779b608640f2ef7a?s=96&d=mm&r=g","contentUrl":"https:\/\/secure.gravatar.com\/avatar\/9167d280179c85bc18be67aa7eda765854300033af4896dd779b608640f2ef7a?s=96&d=mm&r=g","caption":"Diario1 Diario1"},"url":"https:\/\/diariotextual.com\/inicio\/index.php\/author\/diario1\/"}]}},"_links":{"self":[{"href":"https:\/\/diariotextual.com\/inicio\/index.php\/wp-json\/wp\/v2\/posts\/325927","targetHints":{"allow":["GET"]}}],"collection":[{"href":"https:\/\/diariotextual.com\/inicio\/index.php\/wp-json\/wp\/v2\/posts"}],"about":[{"href":"https:\/\/diariotextual.com\/inicio\/index.php\/wp-json\/wp\/v2\/types\/post"}],"author":[{"embeddable":true,"href":"https:\/\/diariotextual.com\/inicio\/index.php\/wp-json\/wp\/v2\/users\/3"}],"replies":[{"embeddable":true,"href":"https:\/\/diariotextual.com\/inicio\/index.php\/wp-json\/wp\/v2\/comments?post=325927"}],"version-history":[{"count":1,"href":"https:\/\/diariotextual.com\/inicio\/index.php\/wp-json\/wp\/v2\/posts\/325927\/revisions"}],"predecessor-version":[{"id":325928,"href":"https:\/\/diariotextual.com\/inicio\/index.php\/wp-json\/wp\/v2\/posts\/325927\/revisions\/325928"}],"wp:featuredmedia":[{"embeddable":true,"href":"https:\/\/diariotextual.com\/inicio\/index.php\/wp-json\/wp\/v2\/media\/315239"}],"wp:attachment":[{"href":"https:\/\/diariotextual.com\/inicio\/index.php\/wp-json\/wp\/v2\/media?parent=325927"}],"wp:term":[{"taxonomy":"category","embeddable":true,"href":"https:\/\/diariotextual.com\/inicio\/index.php\/wp-json\/wp\/v2\/categories?post=325927"},{"taxonomy":"post_tag","embeddable":true,"href":"https:\/\/diariotextual.com\/inicio\/index.php\/wp-json\/wp\/v2\/tags?post=325927"}],"curies":[{"name":"wp","href":"https:\/\/api.w.org\/{rel}","templated":true}]}}