{"id":325929,"date":"2026-04-29T07:12:59","date_gmt":"2026-04-29T10:12:59","guid":{"rendered":"https:\/\/diariotextual.com\/inicio\/?p=325929"},"modified":"2026-04-29T07:13:02","modified_gmt":"2026-04-29T10:13:02","slug":"ypf-rompio-la-promesa-de-congelamiento-por-45-dias-los-nuevos-precios-en-santa-rosa","status":"publish","type":"post","link":"https:\/\/diariotextual.com\/inicio\/index.php\/2026\/04\/29\/ypf-rompio-la-promesa-de-congelamiento-por-45-dias-los-nuevos-precios-en-santa-rosa\/","title":{"rendered":"YPF rompi\u00f3 la promesa de \u201ccongelamiento\u201d por 45 d\u00edas: los nuevos precios en Santa Rosa"},"content":{"rendered":"\n<p>Las estaciones de servicio de <strong>YPF<\/strong> volvieron a remarcar este martes los precios de los combustibles en <strong>La Pampa<\/strong>, pese a que la petrolera hab\u00eda anunciado el 1 de abril que no trasladar\u00eda nuevas subas vinculadas al valor internacional del crudo durante un plazo de 45 d\u00edas. En <strong>Santa Rosa<\/strong>, la nafta <strong>S\u00faper<\/strong> pas\u00f3 a costar <strong>$1.700<\/strong> y la <strong>Infinia<\/strong> lleg\u00f3 a <strong>$1.972<\/strong>.<\/p>\n\n\n\n<p>El incremento sorprendi\u00f3 a los consumidores, ya que la empresa hab\u00eda comunicado a comienzos de abril una pausa en los ajustes. En las \u00faltimas horas, la suba gener\u00f3 reacciones en redes sociales y volvi\u00f3 a poner el tema en el centro de la discusi\u00f3n p\u00fablica.<\/p>\n\n\n\n<p>Con este ajuste, los precios en los surtidores de <strong>YPF<\/strong> en <strong>Santa Rosa<\/strong> quedaron de la siguiente manera: la <strong>S\u00faper<\/strong> a <strong>$1.700<\/strong>, la <strong>Infinia<\/strong> a <strong>$1.972<\/strong>, el <strong>Diesel 500<\/strong> a <strong>$2.112<\/strong> y el <strong>Infinia Diesel<\/strong> a <strong>$2.278<\/strong>.<\/p>\n\n\n\n<p>El 1 de abril, el presidente de <strong>YPF<\/strong>, <strong>Horacio Mar\u00edn<\/strong>, hab\u00eda anunciado un esquema para sostener los valores durante 45 d\u00edas. Seg\u00fan explic\u00f3, la compa\u00f1\u00eda buscaba desacoplar los precios locales de las variaciones del barril <strong>Brent<\/strong> mediante un mecanismo de \u201camortiguaci\u00f3n\u201d.<\/p>\n\n\n\n<p>\u201cEn <strong>YPF<\/strong> decidimos crear un buffer para estabilizar los precios de los combustibles hasta 45 d\u00edas\u201d, afirm\u00f3 <strong>Mar\u00edn<\/strong> en una entrevista televisiva. El directivo sostuvo que la medida apuntaba a evitar una ca\u00edda del consumo en un contexto de subas sostenidas.<\/p>\n\n\n\n<p>El titular de la petrolera aclar\u00f3 que no se trataba de un congelamiento estricto, sino de una referencia temporal. Tambi\u00e9n advirti\u00f3 que el esquema pod\u00eda modificarse ante cambios en variables como impuestos o el tipo de cambio.<\/p>\n\n\n\n<p>El encarecimiento de los combustibles ya comenz\u00f3 a reflejarse en la demanda. De acuerdo con datos de la <strong>Secretar\u00eda de Energ\u00eda de la Naci\u00f3n<\/strong>, en marzo las ventas al p\u00fablico registraron una ca\u00edda interanual del <strong>1,8%<\/strong> en todo el pa\u00eds, en un contexto de aumentos acumulados superiores al 20% en los surtidores.<\/p>\n\n\n\n<p><\/p>\n","protected":false},"excerpt":{"rendered":"<p>Las estaciones de servicio de YPF volvieron a remarcar este martes los precios de los combustibles en La Pampa, pese a que la petrolera hab\u00eda anunciado el 1 de abril&hellip;<\/p>\n","protected":false},"author":3,"featured_media":116759,"comment_status":"closed","ping_status":"open","sticky":false,"template":"","format":"standard","meta":{"_acf_changed":false,"footnotes":""},"categories":[4,5],"tags":[],"class_list":["post-325929","post","type-post","status-publish","format-standard","has-post-thumbnail","hentry","category-destacadas","category-economia"],"acf":[],"yoast_head":"<!-- This site is optimized with the Yoast SEO plugin v27.5 - https:\/\/yoast.com\/product\/yoast-seo-wordpress\/ -->\n<title>YPF rompi\u00f3 la promesa de \u201ccongelamiento\u201d por 45 d\u00edas: los nuevos precios en Santa Rosa - Diario Textual<\/title>\n<meta name=\"robots\" content=\"index, follow, max-snippet:-1, max-image-preview:large, max-video-preview:-1\" \/>\n<link rel=\"canonical\" href=\"https:\/\/diariotextual.com\/inicio\/index.php\/2026\/04\/29\/ypf-rompio-la-promesa-de-congelamiento-por-45-dias-los-nuevos-precios-en-santa-rosa\/\" \/>\n<meta property=\"og:locale\" content=\"es_ES\" \/>\n<meta property=\"og:type\" content=\"article\" \/>\n<meta property=\"og:title\" content=\"YPF rompi\u00f3 la promesa de \u201ccongelamiento\u201d por 45 d\u00edas: los nuevos precios en Santa Rosa - Diario Textual\" \/>\n<meta property=\"og:description\" content=\"Las estaciones de servicio de YPF volvieron a remarcar este martes los precios de los combustibles en La Pampa, pese a que la petrolera hab\u00eda anunciado el 1 de abril&hellip;\" \/>\n<meta property=\"og:url\" content=\"https:\/\/diariotextual.com\/inicio\/index.php\/2026\/04\/29\/ypf-rompio-la-promesa-de-congelamiento-por-45-dias-los-nuevos-precios-en-santa-rosa\/\" \/>\n<meta property=\"og:site_name\" content=\"Diario Textual\" \/>\n<meta property=\"article:publisher\" content=\"https:\/\/www.facebook.com\/eltextual\" \/>\n<meta property=\"article:published_time\" content=\"2026-04-29T10:12:59+00:00\" \/>\n<meta property=\"article:modified_time\" content=\"2026-04-29T10:13:02+00:00\" \/>\n<meta property=\"og:image\" content=\"https:\/\/diariotextual.com\/inicio\/wp-content\/uploads\/2020\/10\/naftascombustiblesgasoilestacionesypf2020-1.jpg\" \/>\n\t<meta property=\"og:image:width\" content=\"862\" \/>\n\t<meta property=\"og:image:height\" content=\"544\" \/>\n\t<meta property=\"og:image:type\" content=\"image\/jpeg\" \/>\n<meta name=\"author\" content=\"Diario1 Diario1\" \/>\n<meta name=\"twitter:card\" content=\"summary_large_image\" \/>\n<meta name=\"twitter:creator\" content=\"@eltextual\" \/>\n<meta name=\"twitter:site\" content=\"@eltextual\" \/>\n<meta name=\"twitter:label1\" content=\"Escrito por\" \/>\n\t<meta name=\"twitter:data1\" content=\"Diario1 Diario1\" \/>\n\t<meta name=\"twitter:label2\" content=\"Tiempo de lectura\" \/>\n\t<meta name=\"twitter:data2\" content=\"2 minutos\" \/>\n<script type=\"application\/ld+json\" class=\"yoast-schema-graph\">{\"@context\":\"https:\\\/\\\/schema.org\",\"@graph\":[{\"@type\":\"Article\",\"@id\":\"https:\\\/\\\/diariotextual.com\\\/inicio\\\/index.php\\\/2026\\\/04\\\/29\\\/ypf-rompio-la-promesa-de-congelamiento-por-45-dias-los-nuevos-precios-en-santa-rosa\\\/#article\",\"isPartOf\":{\"@id\":\"https:\\\/\\\/diariotextual.com\\\/inicio\\\/index.php\\\/2026\\\/04\\\/29\\\/ypf-rompio-la-promesa-de-congelamiento-por-45-dias-los-nuevos-precios-en-santa-rosa\\\/\"},\"author\":{\"name\":\"Diario1 Diario1\",\"@id\":\"https:\\\/\\\/diariotextual.com\\\/inicio\\\/#\\\/schema\\\/person\\\/418fc4093c33e86ed41562db3508f958\"},\"headline\":\"YPF rompi\u00f3 la promesa de \u201ccongelamiento\u201d por 45 d\u00edas: los nuevos precios en Santa Rosa\",\"datePublished\":\"2026-04-29T10:12:59+00:00\",\"dateModified\":\"2026-04-29T10:13:02+00:00\",\"mainEntityOfPage\":{\"@id\":\"https:\\\/\\\/diariotextual.com\\\/inicio\\\/index.php\\\/2026\\\/04\\\/29\\\/ypf-rompio-la-promesa-de-congelamiento-por-45-dias-los-nuevos-precios-en-santa-rosa\\\/\"},\"wordCount\":342,\"publisher\":{\"@id\":\"https:\\\/\\\/diariotextual.com\\\/inicio\\\/#organization\"},\"image\":{\"@id\":\"https:\\\/\\\/diariotextual.com\\\/inicio\\\/index.php\\\/2026\\\/04\\\/29\\\/ypf-rompio-la-promesa-de-congelamiento-por-45-dias-los-nuevos-precios-en-santa-rosa\\\/#primaryimage\"},\"thumbnailUrl\":\"https:\\\/\\\/diariotextual.com\\\/inicio\\\/wp-content\\\/uploads\\\/2020\\\/10\\\/naftascombustiblesgasoilestacionesypf2020-1.jpg\",\"articleSection\":[\"A - DESTACADAS (mod 16)\",\"ECONOMIA\"],\"inLanguage\":\"es\"},{\"@type\":\"WebPage\",\"@id\":\"https:\\\/\\\/diariotextual.com\\\/inicio\\\/index.php\\\/2026\\\/04\\\/29\\\/ypf-rompio-la-promesa-de-congelamiento-por-45-dias-los-nuevos-precios-en-santa-rosa\\\/\",\"url\":\"https:\\\/\\\/diariotextual.com\\\/inicio\\\/index.php\\\/2026\\\/04\\\/29\\\/ypf-rompio-la-promesa-de-congelamiento-por-45-dias-los-nuevos-precios-en-santa-rosa\\\/\",\"name\":\"YPF rompi\u00f3 la promesa de \u201ccongelamiento\u201d por 45 d\u00edas: los nuevos precios en Santa Rosa - Diario Textual\",\"isPartOf\":{\"@id\":\"https:\\\/\\\/diariotextual.com\\\/inicio\\\/#website\"},\"primaryImageOfPage\":{\"@id\":\"https:\\\/\\\/diariotextual.com\\\/inicio\\\/index.php\\\/2026\\\/04\\\/29\\\/ypf-rompio-la-promesa-de-congelamiento-por-45-dias-los-nuevos-precios-en-santa-rosa\\\/#primaryimage\"},\"image\":{\"@id\":\"https:\\\/\\\/diariotextual.com\\\/inicio\\\/index.php\\\/2026\\\/04\\\/29\\\/ypf-rompio-la-promesa-de-congelamiento-por-45-dias-los-nuevos-precios-en-santa-rosa\\\/#primaryimage\"},\"thumbnailUrl\":\"https:\\\/\\\/diariotextual.com\\\/inicio\\\/wp-content\\\/uploads\\\/2020\\\/10\\\/naftascombustiblesgasoilestacionesypf2020-1.jpg\",\"datePublished\":\"2026-04-29T10:12:59+00:00\",\"dateModified\":\"2026-04-29T10:13:02+00:00\",\"breadcrumb\":{\"@id\":\"https:\\\/\\\/diariotextual.com\\\/inicio\\\/index.php\\\/2026\\\/04\\\/29\\\/ypf-rompio-la-promesa-de-congelamiento-por-45-dias-los-nuevos-precios-en-santa-rosa\\\/#breadcrumb\"},\"inLanguage\":\"es\",\"potentialAction\":[{\"@type\":\"ReadAction\",\"target\":[\"https:\\\/\\\/diariotextual.com\\\/inicio\\\/index.php\\\/2026\\\/04\\\/29\\\/ypf-rompio-la-promesa-de-congelamiento-por-45-dias-los-nuevos-precios-en-santa-rosa\\\/\"]}]},{\"@type\":\"ImageObject\",\"inLanguage\":\"es\",\"@id\":\"https:\\\/\\\/diariotextual.com\\\/inicio\\\/index.php\\\/2026\\\/04\\\/29\\\/ypf-rompio-la-promesa-de-congelamiento-por-45-dias-los-nuevos-precios-en-santa-rosa\\\/#primaryimage\",\"url\":\"https:\\\/\\\/diariotextual.com\\\/inicio\\\/wp-content\\\/uploads\\\/2020\\\/10\\\/naftascombustiblesgasoilestacionesypf2020-1.jpg\",\"contentUrl\":\"https:\\\/\\\/diariotextual.com\\\/inicio\\\/wp-content\\\/uploads\\\/2020\\\/10\\\/naftascombustiblesgasoilestacionesypf2020-1.jpg\",\"width\":862,\"height\":544},{\"@type\":\"BreadcrumbList\",\"@id\":\"https:\\\/\\\/diariotextual.com\\\/inicio\\\/index.php\\\/2026\\\/04\\\/29\\\/ypf-rompio-la-promesa-de-congelamiento-por-45-dias-los-nuevos-precios-en-santa-rosa\\\/#breadcrumb\",\"itemListElement\":[{\"@type\":\"ListItem\",\"position\":1,\"name\":\"Portada\",\"item\":\"https:\\\/\\\/diariotextual.com\\\/inicio\\\/\"},{\"@type\":\"ListItem\",\"position\":2,\"name\":\"YPF rompi\u00f3 la promesa de \u201ccongelamiento\u201d por 45 d\u00edas: los nuevos precios en Santa Rosa\"}]},{\"@type\":\"WebSite\",\"@id\":\"https:\\\/\\\/diariotextual.com\\\/inicio\\\/#website\",\"url\":\"https:\\\/\\\/diariotextual.com\\\/inicio\\\/\",\"name\":\"Diario Textual\",\"description\":\"\",\"publisher\":{\"@id\":\"https:\\\/\\\/diariotextual.com\\\/inicio\\\/#organization\"},\"potentialAction\":[{\"@type\":\"SearchAction\",\"target\":{\"@type\":\"EntryPoint\",\"urlTemplate\":\"https:\\\/\\\/diariotextual.com\\\/inicio\\\/?s={search_term_string}\"},\"query-input\":{\"@type\":\"PropertyValueSpecification\",\"valueRequired\":true,\"valueName\":\"search_term_string\"}}],\"inLanguage\":\"es\"},{\"@type\":\"Organization\",\"@id\":\"https:\\\/\\\/diariotextual.com\\\/inicio\\\/#organization\",\"name\":\"Diario Textual\",\"url\":\"https:\\\/\\\/diariotextual.com\\\/inicio\\\/\",\"logo\":{\"@type\":\"ImageObject\",\"inLanguage\":\"es\",\"@id\":\"https:\\\/\\\/diariotextual.com\\\/inicio\\\/#\\\/schema\\\/logo\\\/image\\\/\",\"url\":\"https:\\\/\\\/diariotextual.com\\\/inicio\\\/wp-content\\\/uploads\\\/2023\\\/05\\\/logotextual1.jpg\",\"contentUrl\":\"https:\\\/\\\/diariotextual.com\\\/inicio\\\/wp-content\\\/uploads\\\/2023\\\/05\\\/logotextual1.jpg\",\"width\":516,\"height\":76,\"caption\":\"Diario Textual\"},\"image\":{\"@id\":\"https:\\\/\\\/diariotextual.com\\\/inicio\\\/#\\\/schema\\\/logo\\\/image\\\/\"},\"sameAs\":[\"https:\\\/\\\/www.facebook.com\\\/eltextual\",\"https:\\\/\\\/x.com\\\/eltextual\",\"http:\\\/\\\/www.instagram.com\\\/eltextual\"]},{\"@type\":\"Person\",\"@id\":\"https:\\\/\\\/diariotextual.com\\\/inicio\\\/#\\\/schema\\\/person\\\/418fc4093c33e86ed41562db3508f958\",\"name\":\"Diario1 Diario1\",\"image\":{\"@type\":\"ImageObject\",\"inLanguage\":\"es\",\"@id\":\"https:\\\/\\\/secure.gravatar.com\\\/avatar\\\/9167d280179c85bc18be67aa7eda765854300033af4896dd779b608640f2ef7a?s=96&d=mm&r=g\",\"url\":\"https:\\\/\\\/secure.gravatar.com\\\/avatar\\\/9167d280179c85bc18be67aa7eda765854300033af4896dd779b608640f2ef7a?s=96&d=mm&r=g\",\"contentUrl\":\"https:\\\/\\\/secure.gravatar.com\\\/avatar\\\/9167d280179c85bc18be67aa7eda765854300033af4896dd779b608640f2ef7a?s=96&d=mm&r=g\",\"caption\":\"Diario1 Diario1\"},\"url\":\"https:\\\/\\\/diariotextual.com\\\/inicio\\\/index.php\\\/author\\\/diario1\\\/\"}]}<\/script>\n<!-- \/ Yoast SEO plugin. -->","yoast_head_json":{"title":"YPF rompi\u00f3 la promesa de \u201ccongelamiento\u201d por 45 d\u00edas: los nuevos precios en Santa Rosa - Diario Textual","robots":{"index":"index","follow":"follow","max-snippet":"max-snippet:-1","max-image-preview":"max-image-preview:large","max-video-preview":"max-video-preview:-1"},"canonical":"https:\/\/diariotextual.com\/inicio\/index.php\/2026\/04\/29\/ypf-rompio-la-promesa-de-congelamiento-por-45-dias-los-nuevos-precios-en-santa-rosa\/","og_locale":"es_ES","og_type":"article","og_title":"YPF rompi\u00f3 la promesa de \u201ccongelamiento\u201d por 45 d\u00edas: los nuevos precios en Santa Rosa - Diario Textual","og_description":"Las estaciones de servicio de YPF volvieron a remarcar este martes los precios de los combustibles en La Pampa, pese a que la petrolera hab\u00eda anunciado el 1 de abril&hellip;","og_url":"https:\/\/diariotextual.com\/inicio\/index.php\/2026\/04\/29\/ypf-rompio-la-promesa-de-congelamiento-por-45-dias-los-nuevos-precios-en-santa-rosa\/","og_site_name":"Diario Textual","article_publisher":"https:\/\/www.facebook.com\/eltextual","article_published_time":"2026-04-29T10:12:59+00:00","article_modified_time":"2026-04-29T10:13:02+00:00","og_image":[{"width":862,"height":544,"url":"https:\/\/diariotextual.com\/inicio\/wp-content\/uploads\/2020\/10\/naftascombustiblesgasoilestacionesypf2020-1.jpg","type":"image\/jpeg"}],"author":"Diario1 Diario1","twitter_card":"summary_large_image","twitter_creator":"@eltextual","twitter_site":"@eltextual","twitter_misc":{"Escrito por":"Diario1 Diario1","Tiempo de lectura":"2 minutos"},"schema":{"@context":"https:\/\/schema.org","@graph":[{"@type":"Article","@id":"https:\/\/diariotextual.com\/inicio\/index.php\/2026\/04\/29\/ypf-rompio-la-promesa-de-congelamiento-por-45-dias-los-nuevos-precios-en-santa-rosa\/#article","isPartOf":{"@id":"https:\/\/diariotextual.com\/inicio\/index.php\/2026\/04\/29\/ypf-rompio-la-promesa-de-congelamiento-por-45-dias-los-nuevos-precios-en-santa-rosa\/"},"author":{"name":"Diario1 Diario1","@id":"https:\/\/diariotextual.com\/inicio\/#\/schema\/person\/418fc4093c33e86ed41562db3508f958"},"headline":"YPF rompi\u00f3 la promesa de \u201ccongelamiento\u201d por 45 d\u00edas: los nuevos precios en Santa Rosa","datePublished":"2026-04-29T10:12:59+00:00","dateModified":"2026-04-29T10:13:02+00:00","mainEntityOfPage":{"@id":"https:\/\/diariotextual.com\/inicio\/index.php\/2026\/04\/29\/ypf-rompio-la-promesa-de-congelamiento-por-45-dias-los-nuevos-precios-en-santa-rosa\/"},"wordCount":342,"publisher":{"@id":"https:\/\/diariotextual.com\/inicio\/#organization"},"image":{"@id":"https:\/\/diariotextual.com\/inicio\/index.php\/2026\/04\/29\/ypf-rompio-la-promesa-de-congelamiento-por-45-dias-los-nuevos-precios-en-santa-rosa\/#primaryimage"},"thumbnailUrl":"https:\/\/diariotextual.com\/inicio\/wp-content\/uploads\/2020\/10\/naftascombustiblesgasoilestacionesypf2020-1.jpg","articleSection":["A - DESTACADAS (mod 16)","ECONOMIA"],"inLanguage":"es"},{"@type":"WebPage","@id":"https:\/\/diariotextual.com\/inicio\/index.php\/2026\/04\/29\/ypf-rompio-la-promesa-de-congelamiento-por-45-dias-los-nuevos-precios-en-santa-rosa\/","url":"https:\/\/diariotextual.com\/inicio\/index.php\/2026\/04\/29\/ypf-rompio-la-promesa-de-congelamiento-por-45-dias-los-nuevos-precios-en-santa-rosa\/","name":"YPF rompi\u00f3 la promesa de \u201ccongelamiento\u201d por 45 d\u00edas: los nuevos precios en Santa Rosa - Diario Textual","isPartOf":{"@id":"https:\/\/diariotextual.com\/inicio\/#website"},"primaryImageOfPage":{"@id":"https:\/\/diariotextual.com\/inicio\/index.php\/2026\/04\/29\/ypf-rompio-la-promesa-de-congelamiento-por-45-dias-los-nuevos-precios-en-santa-rosa\/#primaryimage"},"image":{"@id":"https:\/\/diariotextual.com\/inicio\/index.php\/2026\/04\/29\/ypf-rompio-la-promesa-de-congelamiento-por-45-dias-los-nuevos-precios-en-santa-rosa\/#primaryimage"},"thumbnailUrl":"https:\/\/diariotextual.com\/inicio\/wp-content\/uploads\/2020\/10\/naftascombustiblesgasoilestacionesypf2020-1.jpg","datePublished":"2026-04-29T10:12:59+00:00","dateModified":"2026-04-29T10:13:02+00:00","breadcrumb":{"@id":"https:\/\/diariotextual.com\/inicio\/index.php\/2026\/04\/29\/ypf-rompio-la-promesa-de-congelamiento-por-45-dias-los-nuevos-precios-en-santa-rosa\/#breadcrumb"},"inLanguage":"es","potentialAction":[{"@type":"ReadAction","target":["https:\/\/diariotextual.com\/inicio\/index.php\/2026\/04\/29\/ypf-rompio-la-promesa-de-congelamiento-por-45-dias-los-nuevos-precios-en-santa-rosa\/"]}]},{"@type":"ImageObject","inLanguage":"es","@id":"https:\/\/diariotextual.com\/inicio\/index.php\/2026\/04\/29\/ypf-rompio-la-promesa-de-congelamiento-por-45-dias-los-nuevos-precios-en-santa-rosa\/#primaryimage","url":"https:\/\/diariotextual.com\/inicio\/wp-content\/uploads\/2020\/10\/naftascombustiblesgasoilestacionesypf2020-1.jpg","contentUrl":"https:\/\/diariotextual.com\/inicio\/wp-content\/uploads\/2020\/10\/naftascombustiblesgasoilestacionesypf2020-1.jpg","width":862,"height":544},{"@type":"BreadcrumbList","@id":"https:\/\/diariotextual.com\/inicio\/index.php\/2026\/04\/29\/ypf-rompio-la-promesa-de-congelamiento-por-45-dias-los-nuevos-precios-en-santa-rosa\/#breadcrumb","itemListElement":[{"@type":"ListItem","position":1,"name":"Portada","item":"https:\/\/diariotextual.com\/inicio\/"},{"@type":"ListItem","position":2,"name":"YPF rompi\u00f3 la promesa de \u201ccongelamiento\u201d por 45 d\u00edas: los nuevos precios en Santa Rosa"}]},{"@type":"WebSite","@id":"https:\/\/diariotextual.com\/inicio\/#website","url":"https:\/\/diariotextual.com\/inicio\/","name":"Diario Textual","description":"","publisher":{"@id":"https:\/\/diariotextual.com\/inicio\/#organization"},"potentialAction":[{"@type":"SearchAction","target":{"@type":"EntryPoint","urlTemplate":"https:\/\/diariotextual.com\/inicio\/?s={search_term_string}"},"query-input":{"@type":"PropertyValueSpecification","valueRequired":true,"valueName":"search_term_string"}}],"inLanguage":"es"},{"@type":"Organization","@id":"https:\/\/diariotextual.com\/inicio\/#organization","name":"Diario Textual","url":"https:\/\/diariotextual.com\/inicio\/","logo":{"@type":"ImageObject","inLanguage":"es","@id":"https:\/\/diariotextual.com\/inicio\/#\/schema\/logo\/image\/","url":"https:\/\/diariotextual.com\/inicio\/wp-content\/uploads\/2023\/05\/logotextual1.jpg","contentUrl":"https:\/\/diariotextual.com\/inicio\/wp-content\/uploads\/2023\/05\/logotextual1.jpg","width":516,"height":76,"caption":"Diario Textual"},"image":{"@id":"https:\/\/diariotextual.com\/inicio\/#\/schema\/logo\/image\/"},"sameAs":["https:\/\/www.facebook.com\/eltextual","https:\/\/x.com\/eltextual","http:\/\/www.instagram.com\/eltextual"]},{"@type":"Person","@id":"https:\/\/diariotextual.com\/inicio\/#\/schema\/person\/418fc4093c33e86ed41562db3508f958","name":"Diario1 Diario1","image":{"@type":"ImageObject","inLanguage":"es","@id":"https:\/\/secure.gravatar.com\/avatar\/9167d280179c85bc18be67aa7eda765854300033af4896dd779b608640f2ef7a?s=96&d=mm&r=g","url":"https:\/\/secure.gravatar.com\/avatar\/9167d280179c85bc18be67aa7eda765854300033af4896dd779b608640f2ef7a?s=96&d=mm&r=g","contentUrl":"https:\/\/secure.gravatar.com\/avatar\/9167d280179c85bc18be67aa7eda765854300033af4896dd779b608640f2ef7a?s=96&d=mm&r=g","caption":"Diario1 Diario1"},"url":"https:\/\/diariotextual.com\/inicio\/index.php\/author\/diario1\/"}]}},"_links":{"self":[{"href":"https:\/\/diariotextual.com\/inicio\/index.php\/wp-json\/wp\/v2\/posts\/325929","targetHints":{"allow":["GET"]}}],"collection":[{"href":"https:\/\/diariotextual.com\/inicio\/index.php\/wp-json\/wp\/v2\/posts"}],"about":[{"href":"https:\/\/diariotextual.com\/inicio\/index.php\/wp-json\/wp\/v2\/types\/post"}],"author":[{"embeddable":true,"href":"https:\/\/diariotextual.com\/inicio\/index.php\/wp-json\/wp\/v2\/users\/3"}],"replies":[{"embeddable":true,"href":"https:\/\/diariotextual.com\/inicio\/index.php\/wp-json\/wp\/v2\/comments?post=325929"}],"version-history":[{"count":2,"href":"https:\/\/diariotextual.com\/inicio\/index.php\/wp-json\/wp\/v2\/posts\/325929\/revisions"}],"predecessor-version":[{"id":325931,"href":"https:\/\/diariotextual.com\/inicio\/index.php\/wp-json\/wp\/v2\/posts\/325929\/revisions\/325931"}],"wp:featuredmedia":[{"embeddable":true,"href":"https:\/\/diariotextual.com\/inicio\/index.php\/wp-json\/wp\/v2\/media\/116759"}],"wp:attachment":[{"href":"https:\/\/diariotextual.com\/inicio\/index.php\/wp-json\/wp\/v2\/media?parent=325929"}],"wp:term":[{"taxonomy":"category","embeddable":true,"href":"https:\/\/diariotextual.com\/inicio\/index.php\/wp-json\/wp\/v2\/categories?post=325929"},{"taxonomy":"post_tag","embeddable":true,"href":"https:\/\/diariotextual.com\/inicio\/index.php\/wp-json\/wp\/v2\/tags?post=325929"}],"curies":[{"name":"wp","href":"https:\/\/api.w.org\/{rel}","templated":true}]}}