{"id":325943,"date":"2026-04-29T11:07:31","date_gmt":"2026-04-29T14:07:31","guid":{"rendered":"https:\/\/diariotextual.com\/inicio\/?p=325943"},"modified":"2026-04-29T11:49:21","modified_gmt":"2026-04-29T14:49:21","slug":"ley-de-glaciares-el-juez-baric-declaro-la-competencia-del-juzgado-federal-por-el-amparo-colectivo-pampeano","status":"publish","type":"post","link":"https:\/\/diariotextual.com\/inicio\/index.php\/2026\/04\/29\/ley-de-glaciares-el-juez-baric-declaro-la-competencia-del-juzgado-federal-por-el-amparo-colectivo-pampeano\/","title":{"rendered":"Ley de Glaciares: el juez Baric declar\u00f3 la competencia y tratar\u00e1 todos los amparos del pa\u00eds"},"content":{"rendered":"\n<p>El juez federal <strong>Juan Jos\u00e9 Baric<\/strong> se declar\u00f3 competente para intervenir en el amparo colectivo presentado por el <strong>Estado pampeano<\/strong>, la <strong>Universidad Nacional de La Pampa<\/strong> y dos organizaciones ambientalistas contra la reforma de la <strong>Ley de Glaciares<\/strong>, que podr\u00eda impactar sobre el <strong>r\u00edo Colorado<\/strong>. \u201c<strong>Somos competentes<\/strong>\u201d, afirm\u00f3 este mi\u00e9rcoles el magistrado en una breve comunicaci\u00f3n con <strong>Diario Textual<\/strong>. El expediente avanz\u00f3 ahora a una segunda instancia de an\u00e1lisis: definir si corresponde o no hacer lugar a la <strong>medida cautelar<\/strong>.<\/p>\n\n\n\n<p>Hay algo que tiene m\u00e1s impacto: <strong>Baric inscribi\u00f3 el amparo colectivo en la Corte<\/strong>. De esta manera, <strong>cualquier amparo o acci\u00f3n colectiva que se inicie en el pa\u00eds -por ejemplo, ONG&#8217;s de Mendoza, Neuqu\u00e9n, Chubut- va a ser tramitada en el juzgado de Santa Rosa. <\/strong>&nbsp;Al inscribir el amparo,<strong> se hace p\u00fablico el caso para que otras personas afectadas puedan conocerlo, sumarse o evitar iniciar juicios separados por el mismo motivo.<\/strong><\/p>\n\n\n\n<p>El viernes pasado, la fiscal federal <strong>Iara Silvestre<\/strong> dictamin\u00f3 a favor de la competencia del <strong>Juzgado Federal<\/strong>. Posteriormente, <strong>Baric<\/strong> dispuso el pase de los \u201cautos a despacho\u201d, lo que en la pr\u00e1ctica implica que asumi\u00f3 formalmente la competencia.<\/p>\n\n\n\n<p>De todos modos, no se descarta que el <strong>Gobierno nacional<\/strong> cuestione esa decisi\u00f3n y promueva que el caso sea resuelto por la <strong>Corte Suprema de Justicia de la Naci\u00f3n<\/strong>.<\/p>\n\n\n\n<p>La Pampa y las organizaciones ambientalistas tienen temor que, al cambiarse la ley, avancen proyectos mineros en la zona de Mendoza, donde nace el r\u00edo Colorado. Podr\u00eda haber contaminaci\u00f3n y menor caudal del principal r\u00edo que tiene La Pampa, del que se abastece el 70 por ciento de los pampeanos.<\/p>\n\n\n\n<div style=\"height:100px\" aria-hidden=\"true\" class=\"wp-block-spacer\"><\/div>\n\n\n\n<p><strong>El amparo colectivo<\/strong><\/p>\n\n\n\n<p>D\u00edas atr\u00e1s, el <strong>Gobierno de La Pampa<\/strong>, la <strong>Universidad Nacional de La Pampa<\/strong>, la <strong>Fundaci\u00f3n Chadileuv\u00fa<\/strong> y la <strong>Asamblea por los R\u00edos Pampeanos<\/strong> impulsaron una <strong>acci\u00f3n de amparo colectivo ambiental<\/strong> contra la ley nacional que modifica el r\u00e9gimen de protecci\u00f3n de glaciares. Argumentaron que la norma resulta <strong>inconstitucional<\/strong> por afectar derechos vinculados al ambiente y al acceso al agua.<\/p>\n\n\n\n<p>La presentaci\u00f3n cuenta con el patrocinio de la fiscal de Estado, <strong>Romina Schmidt,<\/strong> y del abogado constitucionalista <strong>Andr\u00e9s Gil Dom\u00ednguez<\/strong>, e incluye una cautelar para suspender la aplicaci\u00f3n de la ley hasta que se resuelva su validez constitucional.<\/p>\n\n\n\n<div style=\"height:100px\" aria-hidden=\"true\" class=\"wp-block-spacer\"><\/div>\n\n\n\n<p><strong>\u00bfPor qu\u00e9 ac\u00e1?<\/strong><\/p>\n\n\n\n<p>Desde la Fiscal\u00eda de Estado pampeana, adem\u00e1s, salieron a responder al cuestionamiento del diputado Hip\u00f3lito Altolaguirre (UCR) sobre la estrategia judicial. Dijeron que la decisi\u00f3n de presentarlo en la justicia federal local obedece a que es una presentaci\u00f3n colectiva: si el gobierno provincial hac\u00eda una presentaci\u00f3n en la Corte Suprema, las organizaciones civiles se pod\u00edan sumar como\u201d\u2018amicus curiae\u201d, pero no ser parte de la demanda.<\/p>\n\n\n\n<p><\/p>\n\n\n\n<figure class=\"wp-block-embed is-type-wp-embed is-provider-diario-textual wp-block-embed-diario-textual\"><div class=\"wp-block-embed__wrapper\">\n<blockquote class=\"wp-embedded-content\" data-secret=\"L8pD2irYGH\"><a href=\"https:\/\/diariotextual.com\/inicio\/index.php\/2026\/04\/09\/ziliotto-la-unlpam-y-organizaciones-van-a-la-corte-para-frenar-con-un-amparo-la-reforma-de-la-ley-de-glaciares\/\">\u201cInconstitucional\u201d: La Pampa present\u00f3 un amparo para frenar la reforma de la Ley de Glaciares<\/a><\/blockquote><iframe class=\"wp-embedded-content\" sandbox=\"allow-scripts\" security=\"restricted\" style=\"position: absolute; visibility: hidden;\" title=\"\u00ab\u201cInconstitucional\u201d: La Pampa present\u00f3 un amparo para frenar la reforma de la Ley de Glaciares\u00bb \u2014 Diario Textual\" src=\"https:\/\/diariotextual.com\/inicio\/index.php\/2026\/04\/09\/ziliotto-la-unlpam-y-organizaciones-van-a-la-corte-para-frenar-con-un-amparo-la-reforma-de-la-ley-de-glaciares\/embed\/#?secret=y0DmraL3CP#?secret=L8pD2irYGH\" data-secret=\"L8pD2irYGH\" width=\"600\" height=\"338\" frameborder=\"0\" marginwidth=\"0\" marginheight=\"0\" scrolling=\"no\"><\/iframe>\n<\/div><\/figure>\n\n\n\n<div style=\"height:100px\" aria-hidden=\"true\" class=\"wp-block-spacer\"><\/div>\n\n\n\n<p><strong>Cuestionamientos a la reforma<\/strong><\/p>\n\n\n\n<p>Entre los fundamentos centrales, se sostiene que la norma vulnera garant\u00edas establecidas en los art\u00edculos <strong>41, 43 y 75 inciso 22<\/strong> de la <strong>Constituci\u00f3n Nacional<\/strong>, relacionados con el derecho a un <strong>ambiente sano<\/strong> y a la <strong>tutela judicial efectiva<\/strong>.<\/p>\n\n\n\n<p>Adem\u00e1s, se advierte que la reforma viola el <strong>principio de no regresividad ambiental<\/strong>, reconocido en el <strong>Acuerdo de Escaz\u00fa<\/strong>, al reducir el nivel de protecci\u00f3n previamente vigente.<\/p>\n\n\n\n<p>Seg\u00fan el planteo judicial, el nuevo esquema \u201c<strong>fragmenta la tutela y debilita el est\u00e1ndar uniforme<\/strong>\u201d de los presupuestos m\u00ednimos ambientales, lo que configura un <strong>retroceso normativo verificable<\/strong>.<\/p>\n\n\n\n<p>El viernes 24 se promulg\u00f3 la <strong>Ley 27.804<\/strong>, que introduce cambios sustanciales en el r\u00e9gimen de protecci\u00f3n de glaciares y ambientes periglaciares.<\/p>\n\n\n\n<p>El eje de la reforma radica en la transferencia de competencias a las <strong>provincias<\/strong>, que ahora pueden definir sus propios criterios t\u00e9cnicos para determinar qu\u00e9 cuerpos de hielo o zonas periglaciares quedan bajo protecci\u00f3n.<\/p>\n\n\n\n<p>Hasta la sanci\u00f3n de la ley en 2010, el sistema establec\u00eda par\u00e1metros uniformes y consideraba a estos ecosistemas como <strong>bienes p\u00fablicos estrat\u00e9gicos<\/strong>. Con la nueva redacci\u00f3n, las \u00e1reas que no encuadren en los criterios provinciales podr\u00edan quedar fuera del r\u00e9gimen espec\u00edfico de protecci\u00f3n.<\/p>\n\n\n\n<p>Para sectores ambientales y autoridades pampeanas, este cambio implica un posible <strong>debilitamiento de los est\u00e1ndares ambientales vigentes<\/strong>.<\/p>\n\n\n\n<p><\/p>\n\n\n\n<p><\/p>\n\n\n\n<div style=\"height:100px\" aria-hidden=\"true\" class=\"wp-block-spacer\"><\/div>\n\n\n\n<p>(noticia en desarrollo)<\/p>\n","protected":false},"excerpt":{"rendered":"<p>El juez federal Juan Jos\u00e9 Baric se declar\u00f3 competente para intervenir en el amparo colectivo presentado por el Estado pampeano, la Universidad Nacional de La Pampa y dos organizaciones ambientalistas&hellip;<\/p>\n","protected":false},"author":3,"featured_media":18256,"comment_status":"closed","ping_status":"open","sticky":false,"template":"","format":"standard","meta":{"_acf_changed":false,"footnotes":""},"categories":[4,8],"tags":[],"class_list":["post-325943","post","type-post","status-publish","format-standard","has-post-thumbnail","hentry","category-destacadas","category-politica"],"acf":[],"yoast_head":"<!-- This site is optimized with the Yoast SEO plugin v27.5 - https:\/\/yoast.com\/product\/yoast-seo-wordpress\/ -->\n<title>Ley de Glaciares: el juez Baric declar\u00f3 la competencia y tratar\u00e1 todos los amparos del pa\u00eds - Diario Textual<\/title>\n<meta name=\"robots\" content=\"index, follow, max-snippet:-1, max-image-preview:large, max-video-preview:-1\" \/>\n<link rel=\"canonical\" href=\"https:\/\/diariotextual.com\/inicio\/index.php\/2026\/04\/29\/ley-de-glaciares-el-juez-baric-declaro-la-competencia-del-juzgado-federal-por-el-amparo-colectivo-pampeano\/\" \/>\n<meta property=\"og:locale\" content=\"es_ES\" \/>\n<meta property=\"og:type\" content=\"article\" \/>\n<meta property=\"og:title\" content=\"Ley de Glaciares: el juez Baric declar\u00f3 la competencia y tratar\u00e1 todos los amparos del pa\u00eds - Diario Textual\" \/>\n<meta property=\"og:description\" content=\"El juez federal Juan Jos\u00e9 Baric se declar\u00f3 competente para intervenir en el amparo colectivo presentado por el Estado pampeano, la Universidad Nacional de La Pampa y dos organizaciones ambientalistas&hellip;\" \/>\n<meta property=\"og:url\" content=\"https:\/\/diariotextual.com\/inicio\/index.php\/2026\/04\/29\/ley-de-glaciares-el-juez-baric-declaro-la-competencia-del-juzgado-federal-por-el-amparo-colectivo-pampeano\/\" \/>\n<meta property=\"og:site_name\" content=\"Diario Textual\" \/>\n<meta property=\"article:publisher\" content=\"https:\/\/www.facebook.com\/eltextual\" \/>\n<meta property=\"article:published_time\" content=\"2026-04-29T14:07:31+00:00\" \/>\n<meta property=\"article:modified_time\" content=\"2026-04-29T14:49:21+00:00\" \/>\n<meta property=\"og:image\" content=\"https:\/\/diariotextual.com\/inicio\/wp-content\/uploads\/2018\/08\/juzgadofederalsantarosa2018-1.jpg\" \/>\n\t<meta property=\"og:image:width\" content=\"1200\" \/>\n\t<meta property=\"og:image:height\" content=\"823\" \/>\n\t<meta property=\"og:image:type\" content=\"image\/jpeg\" \/>\n<meta name=\"author\" content=\"Diario1 Diario1\" \/>\n<meta name=\"twitter:card\" content=\"summary_large_image\" \/>\n<meta name=\"twitter:creator\" content=\"@eltextual\" \/>\n<meta name=\"twitter:site\" content=\"@eltextual\" \/>\n<meta name=\"twitter:label1\" content=\"Escrito por\" \/>\n\t<meta name=\"twitter:data1\" content=\"Diario1 Diario1\" \/>\n\t<meta name=\"twitter:label2\" content=\"Tiempo de lectura\" \/>\n\t<meta name=\"twitter:data2\" content=\"4 minutos\" \/>\n<script type=\"application\/ld+json\" class=\"yoast-schema-graph\">{\"@context\":\"https:\\\/\\\/schema.org\",\"@graph\":[{\"@type\":\"Article\",\"@id\":\"https:\\\/\\\/diariotextual.com\\\/inicio\\\/index.php\\\/2026\\\/04\\\/29\\\/ley-de-glaciares-el-juez-baric-declaro-la-competencia-del-juzgado-federal-por-el-amparo-colectivo-pampeano\\\/#article\",\"isPartOf\":{\"@id\":\"https:\\\/\\\/diariotextual.com\\\/inicio\\\/index.php\\\/2026\\\/04\\\/29\\\/ley-de-glaciares-el-juez-baric-declaro-la-competencia-del-juzgado-federal-por-el-amparo-colectivo-pampeano\\\/\"},\"author\":{\"name\":\"Diario1 Diario1\",\"@id\":\"https:\\\/\\\/diariotextual.com\\\/inicio\\\/#\\\/schema\\\/person\\\/418fc4093c33e86ed41562db3508f958\"},\"headline\":\"Ley de Glaciares: el juez Baric declar\u00f3 la competencia y tratar\u00e1 todos los amparos del pa\u00eds\",\"datePublished\":\"2026-04-29T14:07:31+00:00\",\"dateModified\":\"2026-04-29T14:49:21+00:00\",\"mainEntityOfPage\":{\"@id\":\"https:\\\/\\\/diariotextual.com\\\/inicio\\\/index.php\\\/2026\\\/04\\\/29\\\/ley-de-glaciares-el-juez-baric-declaro-la-competencia-del-juzgado-federal-por-el-amparo-colectivo-pampeano\\\/\"},\"wordCount\":729,\"publisher\":{\"@id\":\"https:\\\/\\\/diariotextual.com\\\/inicio\\\/#organization\"},\"image\":{\"@id\":\"https:\\\/\\\/diariotextual.com\\\/inicio\\\/index.php\\\/2026\\\/04\\\/29\\\/ley-de-glaciares-el-juez-baric-declaro-la-competencia-del-juzgado-federal-por-el-amparo-colectivo-pampeano\\\/#primaryimage\"},\"thumbnailUrl\":\"https:\\\/\\\/diariotextual.com\\\/inicio\\\/wp-content\\\/uploads\\\/2018\\\/08\\\/juzgadofederalsantarosa2018-1.jpg\",\"articleSection\":[\"A - DESTACADAS (mod 16)\",\"POLITICA\"],\"inLanguage\":\"es\"},{\"@type\":\"WebPage\",\"@id\":\"https:\\\/\\\/diariotextual.com\\\/inicio\\\/index.php\\\/2026\\\/04\\\/29\\\/ley-de-glaciares-el-juez-baric-declaro-la-competencia-del-juzgado-federal-por-el-amparo-colectivo-pampeano\\\/\",\"url\":\"https:\\\/\\\/diariotextual.com\\\/inicio\\\/index.php\\\/2026\\\/04\\\/29\\\/ley-de-glaciares-el-juez-baric-declaro-la-competencia-del-juzgado-federal-por-el-amparo-colectivo-pampeano\\\/\",\"name\":\"Ley de Glaciares: el juez Baric declar\u00f3 la competencia y tratar\u00e1 todos los amparos del pa\u00eds - Diario Textual\",\"isPartOf\":{\"@id\":\"https:\\\/\\\/diariotextual.com\\\/inicio\\\/#website\"},\"primaryImageOfPage\":{\"@id\":\"https:\\\/\\\/diariotextual.com\\\/inicio\\\/index.php\\\/2026\\\/04\\\/29\\\/ley-de-glaciares-el-juez-baric-declaro-la-competencia-del-juzgado-federal-por-el-amparo-colectivo-pampeano\\\/#primaryimage\"},\"image\":{\"@id\":\"https:\\\/\\\/diariotextual.com\\\/inicio\\\/index.php\\\/2026\\\/04\\\/29\\\/ley-de-glaciares-el-juez-baric-declaro-la-competencia-del-juzgado-federal-por-el-amparo-colectivo-pampeano\\\/#primaryimage\"},\"thumbnailUrl\":\"https:\\\/\\\/diariotextual.com\\\/inicio\\\/wp-content\\\/uploads\\\/2018\\\/08\\\/juzgadofederalsantarosa2018-1.jpg\",\"datePublished\":\"2026-04-29T14:07:31+00:00\",\"dateModified\":\"2026-04-29T14:49:21+00:00\",\"breadcrumb\":{\"@id\":\"https:\\\/\\\/diariotextual.com\\\/inicio\\\/index.php\\\/2026\\\/04\\\/29\\\/ley-de-glaciares-el-juez-baric-declaro-la-competencia-del-juzgado-federal-por-el-amparo-colectivo-pampeano\\\/#breadcrumb\"},\"inLanguage\":\"es\",\"potentialAction\":[{\"@type\":\"ReadAction\",\"target\":[\"https:\\\/\\\/diariotextual.com\\\/inicio\\\/index.php\\\/2026\\\/04\\\/29\\\/ley-de-glaciares-el-juez-baric-declaro-la-competencia-del-juzgado-federal-por-el-amparo-colectivo-pampeano\\\/\"]}]},{\"@type\":\"ImageObject\",\"inLanguage\":\"es\",\"@id\":\"https:\\\/\\\/diariotextual.com\\\/inicio\\\/index.php\\\/2026\\\/04\\\/29\\\/ley-de-glaciares-el-juez-baric-declaro-la-competencia-del-juzgado-federal-por-el-amparo-colectivo-pampeano\\\/#primaryimage\",\"url\":\"https:\\\/\\\/diariotextual.com\\\/inicio\\\/wp-content\\\/uploads\\\/2018\\\/08\\\/juzgadofederalsantarosa2018-1.jpg\",\"contentUrl\":\"https:\\\/\\\/diariotextual.com\\\/inicio\\\/wp-content\\\/uploads\\\/2018\\\/08\\\/juzgadofederalsantarosa2018-1.jpg\",\"width\":1200,\"height\":823},{\"@type\":\"BreadcrumbList\",\"@id\":\"https:\\\/\\\/diariotextual.com\\\/inicio\\\/index.php\\\/2026\\\/04\\\/29\\\/ley-de-glaciares-el-juez-baric-declaro-la-competencia-del-juzgado-federal-por-el-amparo-colectivo-pampeano\\\/#breadcrumb\",\"itemListElement\":[{\"@type\":\"ListItem\",\"position\":1,\"name\":\"Portada\",\"item\":\"https:\\\/\\\/diariotextual.com\\\/inicio\\\/\"},{\"@type\":\"ListItem\",\"position\":2,\"name\":\"Ley de Glaciares: el juez Baric declar\u00f3 la competencia y tratar\u00e1 todos los amparos del pa\u00eds\"}]},{\"@type\":\"WebSite\",\"@id\":\"https:\\\/\\\/diariotextual.com\\\/inicio\\\/#website\",\"url\":\"https:\\\/\\\/diariotextual.com\\\/inicio\\\/\",\"name\":\"Diario Textual\",\"description\":\"\",\"publisher\":{\"@id\":\"https:\\\/\\\/diariotextual.com\\\/inicio\\\/#organization\"},\"potentialAction\":[{\"@type\":\"SearchAction\",\"target\":{\"@type\":\"EntryPoint\",\"urlTemplate\":\"https:\\\/\\\/diariotextual.com\\\/inicio\\\/?s={search_term_string}\"},\"query-input\":{\"@type\":\"PropertyValueSpecification\",\"valueRequired\":true,\"valueName\":\"search_term_string\"}}],\"inLanguage\":\"es\"},{\"@type\":\"Organization\",\"@id\":\"https:\\\/\\\/diariotextual.com\\\/inicio\\\/#organization\",\"name\":\"Diario Textual\",\"url\":\"https:\\\/\\\/diariotextual.com\\\/inicio\\\/\",\"logo\":{\"@type\":\"ImageObject\",\"inLanguage\":\"es\",\"@id\":\"https:\\\/\\\/diariotextual.com\\\/inicio\\\/#\\\/schema\\\/logo\\\/image\\\/\",\"url\":\"https:\\\/\\\/diariotextual.com\\\/inicio\\\/wp-content\\\/uploads\\\/2023\\\/05\\\/logotextual1.jpg\",\"contentUrl\":\"https:\\\/\\\/diariotextual.com\\\/inicio\\\/wp-content\\\/uploads\\\/2023\\\/05\\\/logotextual1.jpg\",\"width\":516,\"height\":76,\"caption\":\"Diario Textual\"},\"image\":{\"@id\":\"https:\\\/\\\/diariotextual.com\\\/inicio\\\/#\\\/schema\\\/logo\\\/image\\\/\"},\"sameAs\":[\"https:\\\/\\\/www.facebook.com\\\/eltextual\",\"https:\\\/\\\/x.com\\\/eltextual\",\"http:\\\/\\\/www.instagram.com\\\/eltextual\"]},{\"@type\":\"Person\",\"@id\":\"https:\\\/\\\/diariotextual.com\\\/inicio\\\/#\\\/schema\\\/person\\\/418fc4093c33e86ed41562db3508f958\",\"name\":\"Diario1 Diario1\",\"image\":{\"@type\":\"ImageObject\",\"inLanguage\":\"es\",\"@id\":\"https:\\\/\\\/secure.gravatar.com\\\/avatar\\\/9167d280179c85bc18be67aa7eda765854300033af4896dd779b608640f2ef7a?s=96&d=mm&r=g\",\"url\":\"https:\\\/\\\/secure.gravatar.com\\\/avatar\\\/9167d280179c85bc18be67aa7eda765854300033af4896dd779b608640f2ef7a?s=96&d=mm&r=g\",\"contentUrl\":\"https:\\\/\\\/secure.gravatar.com\\\/avatar\\\/9167d280179c85bc18be67aa7eda765854300033af4896dd779b608640f2ef7a?s=96&d=mm&r=g\",\"caption\":\"Diario1 Diario1\"},\"url\":\"https:\\\/\\\/diariotextual.com\\\/inicio\\\/index.php\\\/author\\\/diario1\\\/\"}]}<\/script>\n<!-- \/ Yoast SEO plugin. -->","yoast_head_json":{"title":"Ley de Glaciares: el juez Baric declar\u00f3 la competencia y tratar\u00e1 todos los amparos del pa\u00eds - Diario Textual","robots":{"index":"index","follow":"follow","max-snippet":"max-snippet:-1","max-image-preview":"max-image-preview:large","max-video-preview":"max-video-preview:-1"},"canonical":"https:\/\/diariotextual.com\/inicio\/index.php\/2026\/04\/29\/ley-de-glaciares-el-juez-baric-declaro-la-competencia-del-juzgado-federal-por-el-amparo-colectivo-pampeano\/","og_locale":"es_ES","og_type":"article","og_title":"Ley de Glaciares: el juez Baric declar\u00f3 la competencia y tratar\u00e1 todos los amparos del pa\u00eds - Diario Textual","og_description":"El juez federal Juan Jos\u00e9 Baric se declar\u00f3 competente para intervenir en el amparo colectivo presentado por el Estado pampeano, la Universidad Nacional de La Pampa y dos organizaciones ambientalistas&hellip;","og_url":"https:\/\/diariotextual.com\/inicio\/index.php\/2026\/04\/29\/ley-de-glaciares-el-juez-baric-declaro-la-competencia-del-juzgado-federal-por-el-amparo-colectivo-pampeano\/","og_site_name":"Diario Textual","article_publisher":"https:\/\/www.facebook.com\/eltextual","article_published_time":"2026-04-29T14:07:31+00:00","article_modified_time":"2026-04-29T14:49:21+00:00","og_image":[{"width":1200,"height":823,"url":"https:\/\/diariotextual.com\/inicio\/wp-content\/uploads\/2018\/08\/juzgadofederalsantarosa2018-1.jpg","type":"image\/jpeg"}],"author":"Diario1 Diario1","twitter_card":"summary_large_image","twitter_creator":"@eltextual","twitter_site":"@eltextual","twitter_misc":{"Escrito por":"Diario1 Diario1","Tiempo de lectura":"4 minutos"},"schema":{"@context":"https:\/\/schema.org","@graph":[{"@type":"Article","@id":"https:\/\/diariotextual.com\/inicio\/index.php\/2026\/04\/29\/ley-de-glaciares-el-juez-baric-declaro-la-competencia-del-juzgado-federal-por-el-amparo-colectivo-pampeano\/#article","isPartOf":{"@id":"https:\/\/diariotextual.com\/inicio\/index.php\/2026\/04\/29\/ley-de-glaciares-el-juez-baric-declaro-la-competencia-del-juzgado-federal-por-el-amparo-colectivo-pampeano\/"},"author":{"name":"Diario1 Diario1","@id":"https:\/\/diariotextual.com\/inicio\/#\/schema\/person\/418fc4093c33e86ed41562db3508f958"},"headline":"Ley de Glaciares: el juez Baric declar\u00f3 la competencia y tratar\u00e1 todos los amparos del pa\u00eds","datePublished":"2026-04-29T14:07:31+00:00","dateModified":"2026-04-29T14:49:21+00:00","mainEntityOfPage":{"@id":"https:\/\/diariotextual.com\/inicio\/index.php\/2026\/04\/29\/ley-de-glaciares-el-juez-baric-declaro-la-competencia-del-juzgado-federal-por-el-amparo-colectivo-pampeano\/"},"wordCount":729,"publisher":{"@id":"https:\/\/diariotextual.com\/inicio\/#organization"},"image":{"@id":"https:\/\/diariotextual.com\/inicio\/index.php\/2026\/04\/29\/ley-de-glaciares-el-juez-baric-declaro-la-competencia-del-juzgado-federal-por-el-amparo-colectivo-pampeano\/#primaryimage"},"thumbnailUrl":"https:\/\/diariotextual.com\/inicio\/wp-content\/uploads\/2018\/08\/juzgadofederalsantarosa2018-1.jpg","articleSection":["A - DESTACADAS (mod 16)","POLITICA"],"inLanguage":"es"},{"@type":"WebPage","@id":"https:\/\/diariotextual.com\/inicio\/index.php\/2026\/04\/29\/ley-de-glaciares-el-juez-baric-declaro-la-competencia-del-juzgado-federal-por-el-amparo-colectivo-pampeano\/","url":"https:\/\/diariotextual.com\/inicio\/index.php\/2026\/04\/29\/ley-de-glaciares-el-juez-baric-declaro-la-competencia-del-juzgado-federal-por-el-amparo-colectivo-pampeano\/","name":"Ley de Glaciares: el juez Baric declar\u00f3 la competencia y tratar\u00e1 todos los amparos del pa\u00eds - Diario Textual","isPartOf":{"@id":"https:\/\/diariotextual.com\/inicio\/#website"},"primaryImageOfPage":{"@id":"https:\/\/diariotextual.com\/inicio\/index.php\/2026\/04\/29\/ley-de-glaciares-el-juez-baric-declaro-la-competencia-del-juzgado-federal-por-el-amparo-colectivo-pampeano\/#primaryimage"},"image":{"@id":"https:\/\/diariotextual.com\/inicio\/index.php\/2026\/04\/29\/ley-de-glaciares-el-juez-baric-declaro-la-competencia-del-juzgado-federal-por-el-amparo-colectivo-pampeano\/#primaryimage"},"thumbnailUrl":"https:\/\/diariotextual.com\/inicio\/wp-content\/uploads\/2018\/08\/juzgadofederalsantarosa2018-1.jpg","datePublished":"2026-04-29T14:07:31+00:00","dateModified":"2026-04-29T14:49:21+00:00","breadcrumb":{"@id":"https:\/\/diariotextual.com\/inicio\/index.php\/2026\/04\/29\/ley-de-glaciares-el-juez-baric-declaro-la-competencia-del-juzgado-federal-por-el-amparo-colectivo-pampeano\/#breadcrumb"},"inLanguage":"es","potentialAction":[{"@type":"ReadAction","target":["https:\/\/diariotextual.com\/inicio\/index.php\/2026\/04\/29\/ley-de-glaciares-el-juez-baric-declaro-la-competencia-del-juzgado-federal-por-el-amparo-colectivo-pampeano\/"]}]},{"@type":"ImageObject","inLanguage":"es","@id":"https:\/\/diariotextual.com\/inicio\/index.php\/2026\/04\/29\/ley-de-glaciares-el-juez-baric-declaro-la-competencia-del-juzgado-federal-por-el-amparo-colectivo-pampeano\/#primaryimage","url":"https:\/\/diariotextual.com\/inicio\/wp-content\/uploads\/2018\/08\/juzgadofederalsantarosa2018-1.jpg","contentUrl":"https:\/\/diariotextual.com\/inicio\/wp-content\/uploads\/2018\/08\/juzgadofederalsantarosa2018-1.jpg","width":1200,"height":823},{"@type":"BreadcrumbList","@id":"https:\/\/diariotextual.com\/inicio\/index.php\/2026\/04\/29\/ley-de-glaciares-el-juez-baric-declaro-la-competencia-del-juzgado-federal-por-el-amparo-colectivo-pampeano\/#breadcrumb","itemListElement":[{"@type":"ListItem","position":1,"name":"Portada","item":"https:\/\/diariotextual.com\/inicio\/"},{"@type":"ListItem","position":2,"name":"Ley de Glaciares: el juez Baric declar\u00f3 la competencia y tratar\u00e1 todos los amparos del pa\u00eds"}]},{"@type":"WebSite","@id":"https:\/\/diariotextual.com\/inicio\/#website","url":"https:\/\/diariotextual.com\/inicio\/","name":"Diario Textual","description":"","publisher":{"@id":"https:\/\/diariotextual.com\/inicio\/#organization"},"potentialAction":[{"@type":"SearchAction","target":{"@type":"EntryPoint","urlTemplate":"https:\/\/diariotextual.com\/inicio\/?s={search_term_string}"},"query-input":{"@type":"PropertyValueSpecification","valueRequired":true,"valueName":"search_term_string"}}],"inLanguage":"es"},{"@type":"Organization","@id":"https:\/\/diariotextual.com\/inicio\/#organization","name":"Diario Textual","url":"https:\/\/diariotextual.com\/inicio\/","logo":{"@type":"ImageObject","inLanguage":"es","@id":"https:\/\/diariotextual.com\/inicio\/#\/schema\/logo\/image\/","url":"https:\/\/diariotextual.com\/inicio\/wp-content\/uploads\/2023\/05\/logotextual1.jpg","contentUrl":"https:\/\/diariotextual.com\/inicio\/wp-content\/uploads\/2023\/05\/logotextual1.jpg","width":516,"height":76,"caption":"Diario Textual"},"image":{"@id":"https:\/\/diariotextual.com\/inicio\/#\/schema\/logo\/image\/"},"sameAs":["https:\/\/www.facebook.com\/eltextual","https:\/\/x.com\/eltextual","http:\/\/www.instagram.com\/eltextual"]},{"@type":"Person","@id":"https:\/\/diariotextual.com\/inicio\/#\/schema\/person\/418fc4093c33e86ed41562db3508f958","name":"Diario1 Diario1","image":{"@type":"ImageObject","inLanguage":"es","@id":"https:\/\/secure.gravatar.com\/avatar\/9167d280179c85bc18be67aa7eda765854300033af4896dd779b608640f2ef7a?s=96&d=mm&r=g","url":"https:\/\/secure.gravatar.com\/avatar\/9167d280179c85bc18be67aa7eda765854300033af4896dd779b608640f2ef7a?s=96&d=mm&r=g","contentUrl":"https:\/\/secure.gravatar.com\/avatar\/9167d280179c85bc18be67aa7eda765854300033af4896dd779b608640f2ef7a?s=96&d=mm&r=g","caption":"Diario1 Diario1"},"url":"https:\/\/diariotextual.com\/inicio\/index.php\/author\/diario1\/"}]}},"_links":{"self":[{"href":"https:\/\/diariotextual.com\/inicio\/index.php\/wp-json\/wp\/v2\/posts\/325943","targetHints":{"allow":["GET"]}}],"collection":[{"href":"https:\/\/diariotextual.com\/inicio\/index.php\/wp-json\/wp\/v2\/posts"}],"about":[{"href":"https:\/\/diariotextual.com\/inicio\/index.php\/wp-json\/wp\/v2\/types\/post"}],"author":[{"embeddable":true,"href":"https:\/\/diariotextual.com\/inicio\/index.php\/wp-json\/wp\/v2\/users\/3"}],"replies":[{"embeddable":true,"href":"https:\/\/diariotextual.com\/inicio\/index.php\/wp-json\/wp\/v2\/comments?post=325943"}],"version-history":[{"count":6,"href":"https:\/\/diariotextual.com\/inicio\/index.php\/wp-json\/wp\/v2\/posts\/325943\/revisions"}],"predecessor-version":[{"id":325954,"href":"https:\/\/diariotextual.com\/inicio\/index.php\/wp-json\/wp\/v2\/posts\/325943\/revisions\/325954"}],"wp:featuredmedia":[{"embeddable":true,"href":"https:\/\/diariotextual.com\/inicio\/index.php\/wp-json\/wp\/v2\/media\/18256"}],"wp:attachment":[{"href":"https:\/\/diariotextual.com\/inicio\/index.php\/wp-json\/wp\/v2\/media?parent=325943"}],"wp:term":[{"taxonomy":"category","embeddable":true,"href":"https:\/\/diariotextual.com\/inicio\/index.php\/wp-json\/wp\/v2\/categories?post=325943"},{"taxonomy":"post_tag","embeddable":true,"href":"https:\/\/diariotextual.com\/inicio\/index.php\/wp-json\/wp\/v2\/tags?post=325943"}],"curies":[{"name":"wp","href":"https:\/\/api.w.org\/{rel}","templated":true}]}}