{"id":325955,"date":"2026-04-29T11:40:14","date_gmt":"2026-04-29T14:40:14","guid":{"rendered":"https:\/\/diariotextual.com\/inicio\/?p=325955"},"modified":"2026-04-29T11:41:19","modified_gmt":"2026-04-29T14:41:19","slug":"insolita-respuesta-adorni-dijo-que-no-tiene-las-notas-de-la-pampa-pidiendo-atn-por-las-emergencia-de-incendios-y-de-santa-rosa","status":"publish","type":"post","link":"https:\/\/diariotextual.com\/inicio\/index.php\/2026\/04\/29\/insolita-respuesta-adorni-dijo-que-no-tiene-las-notas-de-la-pampa-pidiendo-atn-por-las-emergencia-de-incendios-y-de-santa-rosa\/","title":{"rendered":"Ins\u00f3lita respuesta: Adorni dijo que no tiene las notas de La Pampa pidiendo ATN por las emergencias de incendios y de Santa Rosa"},"content":{"rendered":"\n<p>El <strong>jefe de Gabinete, Manuel Adorni<\/strong>, afirm\u00f3 este mi\u00e9rcoles en el <strong>Congreso<\/strong> que el <strong>Gobierno nacional<\/strong> no tiene constancia de que <strong>La Pampa<\/strong> haya solicitado <strong>Aportes del Tesoro Nacional (ATN)<\/strong> para atender <strong>desequilibrios financieros<\/strong>, los <strong>incendios del verano<\/strong> o el <strong>temporal del 18 de febrero<\/strong> que provoc\u00f3 desastres en las ciudades de <strong>Santa Rosa<\/strong> y <strong>Toay<\/strong>. Desde el Gobierno pampeano desmintieron esa respuesta: tienen -por supuesto- constancia de los pedidos.<\/p>\n\n\n\n<p><\/p>\n\n\n\n<figure class=\"wp-block-embed is-type-wp-embed is-provider-diario-textual wp-block-embed-diario-textual\"><div class=\"wp-block-embed__wrapper\">\n<blockquote class=\"wp-embedded-content\" data-secret=\"kanC6BHA8y\"><a href=\"https:\/\/diariotextual.com\/inicio\/index.php\/2026\/04\/29\/el-jefe-de-gabinete-dice-que-no-tiene-previsto-transferir-las-rutas-nacionales-a-la-pampa\/\">El jefe de Gabinete dice que no tiene previsto transferir las rutas nacionales a La Pampa<\/a><\/blockquote><iframe class=\"wp-embedded-content\" sandbox=\"allow-scripts\" security=\"restricted\" style=\"position: absolute; visibility: hidden;\" title=\"\u00abEl jefe de Gabinete dice que no tiene previsto transferir las rutas nacionales a La Pampa\u00bb \u2014 Diario Textual\" src=\"https:\/\/diariotextual.com\/inicio\/index.php\/2026\/04\/29\/el-jefe-de-gabinete-dice-que-no-tiene-previsto-transferir-las-rutas-nacionales-a-la-pampa\/embed\/#?secret=G4qwpR6F7B#?secret=kanC6BHA8y\" data-secret=\"kanC6BHA8y\" width=\"600\" height=\"338\" frameborder=\"0\" marginwidth=\"0\" marginheight=\"0\" scrolling=\"no\"><\/iframe>\n<\/div><\/figure>\n\n\n\n<p><\/p>\n\n\n\n<p>Al responder la <strong>pregunta 1.242<\/strong>, vinculada a la falta de asistencia con ATN a la provincia, <strong>Adorni<\/strong> sostuvo que la <strong>Direcci\u00f3n de Asistencia y Pol\u00edtica Demogr\u00e1fica<\/strong>, dependiente de la <strong>Subsecretar\u00eda de Asuntos Pol\u00edticos<\/strong>, no registra <strong>notas de solicitud pendientes de tramitaci\u00f3n<\/strong>.<\/p>\n\n\n\n<p>Adem\u00e1s, asegur\u00f3 que las eventuales presentaciones de <strong>La Pampa<\/strong> no llegaron a esa dependencia, lo que impide darles curso administrativo. En ese marco, record\u00f3 que para acceder a estos fondos, en casos de <strong>desequilibrios financieros<\/strong> se deben acompa\u00f1ar datos que acrediten la situaci\u00f3n, mientras que ante <strong>emergencias<\/strong> se requiere la <strong>normativa que declare formalmente la emergencia<\/strong> correspondiente.<\/p>\n\n\n\n<p>Por otra parte, el funcionario tambi\u00e9n respondi\u00f3 con <strong>evasivas<\/strong> a la <strong>pregunta 1.247<\/strong>, referida al <strong>d\u00e9ficit de las cajas no transferidas<\/strong>. All\u00ed se le consult\u00f3 c\u00f3mo justificaba el <strong>Gobierno nacional<\/strong> el incumplimiento en la transferencia de los <strong>anticipos a cuenta del resultado definitivo del sistema previsional de La Pampa para 2026<\/strong>, en contradicci\u00f3n con lo dispuesto en el <strong>art\u00edculo 61 de la Ley de Presupuesto nacional<\/strong>, que fija la obligaci\u00f3n de remitir mensualmente la doceava parte del \u00faltimo d\u00e9ficit reconocido -siempre que corresponda al ejercicio 2021 o posterior-, pese a que la provincia asegura cumplir con los requisitos.<\/p>\n\n\n\n<p>En su respuesta, <strong>Adorni<\/strong> se\u00f1al\u00f3 que el <strong>Ministerio de Capital Humano<\/strong> tiene como objetivo respetar el <strong>Consenso Fiscal 2017<\/strong> y el financiamiento a las provincias que no transfirieron sus cajas. En relaci\u00f3n con <strong>La Pampa<\/strong>, agreg\u00f3 que equipos t\u00e9cnicos de <strong>Anses<\/strong> trabajan de manera conjunta en el marco de los compromisos asumidos en el <strong>convenio del 15 de diciembre de 2025<\/strong>.<\/p>\n\n\n\n<p>Seg\u00fan indic\u00f3, ese acuerdo prev\u00e9 <strong>transferencias mensuales durante todo 2026<\/strong>, de enero a diciembre. Sin embargo, <strong>evit\u00f3 referirse<\/strong> de manera directa a las <strong>auditor\u00edas<\/strong> y a las <strong>transferencias espec\u00edficas correspondientes al per\u00edodo 2026<\/strong>, que eran el eje de la consulta.<\/p>\n\n\n\n<p>A su vez, en otra respuesta vinculada al <strong>r\u00e9gimen de extinci\u00f3n de obligaciones rec\u00edprocas<\/strong>, <strong>Adorni<\/strong> se refiri\u00f3 espec\u00edficamente al caso de <strong>La Pampa<\/strong>. Se\u00f1al\u00f3 que el <strong>Ministerio de Econom\u00eda<\/strong> mantuvo diversas <strong>instancias de trabajo y negociaci\u00f3n<\/strong> con funcionarios provinciales para la <strong>identificaci\u00f3n, validaci\u00f3n y eventual compensaci\u00f3n de deudas<\/strong> entre ambas jurisdicciones.<\/p>\n\n\n\n<p>En ese marco, explic\u00f3 que se analizaron distintas <strong>acreencias y obligaciones<\/strong> susceptibles de ser incluidas en ese r\u00e9gimen y que se evaluaron alternativas de compensaci\u00f3n, como la posible incorporaci\u00f3n de <strong>programas y activos espec\u00edficos<\/strong>, entre ellos <strong>Procrear<\/strong>, dentro de las herramientas previstas por la normativa vigente.<\/p>\n\n\n\n<p>No obstante, aclar\u00f3 que las <strong>negociaciones contin\u00faan en desarrollo<\/strong> y que, hasta el momento, <strong>no se firm\u00f3 un convenio de compensaci\u00f3n<\/strong> que establezca un esquema definitivo de cancelaci\u00f3n.<\/p>\n\n\n\n<p>En este punto, hay un dato no menor: <strong>La Pampa no mantiene deudas con Naci\u00f3n<\/strong>, sino que es el <strong>Gobierno nacional<\/strong> el que registra compromisos impagos con nuestra provincia, los cuales, seg\u00fan estimaciones oficiales, <strong>alcanzar\u00edan al menos los 400.000 millones de pesos<\/strong>.<\/p>\n\n\n\n<p><\/p>\n","protected":false},"excerpt":{"rendered":"<p>El jefe de Gabinete, Manuel Adorni, afirm\u00f3 este mi\u00e9rcoles en el Congreso que el Gobierno nacional no tiene constancia de que La Pampa haya solicitado Aportes del Tesoro Nacional (ATN)&hellip;<\/p>\n","protected":false},"author":3,"featured_media":325957,"comment_status":"closed","ping_status":"open","sticky":false,"template":"","format":"standard","meta":{"_acf_changed":false,"footnotes":""},"categories":[9,8],"tags":[],"class_list":["post-325955","post","type-post","status-publish","format-standard","has-post-thumbnail","hentry","category-portada","category-politica"],"acf":[],"yoast_head":"<!-- This site is optimized with the Yoast SEO plugin v27.5 - https:\/\/yoast.com\/product\/yoast-seo-wordpress\/ -->\n<title>Ins\u00f3lita respuesta: Adorni dijo que no tiene las notas de La Pampa pidiendo ATN por las emergencias de incendios y de Santa Rosa - Diario Textual<\/title>\n<meta name=\"robots\" content=\"index, follow, max-snippet:-1, max-image-preview:large, max-video-preview:-1\" \/>\n<link rel=\"canonical\" href=\"https:\/\/diariotextual.com\/inicio\/index.php\/2026\/04\/29\/insolita-respuesta-adorni-dijo-que-no-tiene-las-notas-de-la-pampa-pidiendo-atn-por-las-emergencia-de-incendios-y-de-santa-rosa\/\" \/>\n<meta property=\"og:locale\" content=\"es_ES\" \/>\n<meta property=\"og:type\" content=\"article\" \/>\n<meta property=\"og:title\" content=\"Ins\u00f3lita respuesta: Adorni dijo que no tiene las notas de La Pampa pidiendo ATN por las emergencias de incendios y de Santa Rosa - Diario Textual\" \/>\n<meta property=\"og:description\" content=\"El jefe de Gabinete, Manuel Adorni, afirm\u00f3 este mi\u00e9rcoles en el Congreso que el Gobierno nacional no tiene constancia de que La Pampa haya solicitado Aportes del Tesoro Nacional (ATN)&hellip;\" \/>\n<meta property=\"og:url\" content=\"https:\/\/diariotextual.com\/inicio\/index.php\/2026\/04\/29\/insolita-respuesta-adorni-dijo-que-no-tiene-las-notas-de-la-pampa-pidiendo-atn-por-las-emergencia-de-incendios-y-de-santa-rosa\/\" \/>\n<meta property=\"og:site_name\" content=\"Diario Textual\" \/>\n<meta property=\"article:publisher\" content=\"https:\/\/www.facebook.com\/eltextual\" \/>\n<meta property=\"article:published_time\" content=\"2026-04-29T14:40:14+00:00\" \/>\n<meta property=\"article:modified_time\" content=\"2026-04-29T14:41:19+00:00\" \/>\n<meta property=\"og:image\" content=\"https:\/\/diariotextual.com\/inicio\/wp-content\/uploads\/2026\/04\/adornimanuelinformecongreso2026-1.jpg\" \/>\n\t<meta property=\"og:image:width\" content=\"1200\" \/>\n\t<meta property=\"og:image:height\" content=\"800\" \/>\n\t<meta property=\"og:image:type\" content=\"image\/jpeg\" \/>\n<meta name=\"author\" content=\"Diario1 Diario1\" \/>\n<meta name=\"twitter:card\" content=\"summary_large_image\" \/>\n<meta name=\"twitter:creator\" content=\"@eltextual\" \/>\n<meta name=\"twitter:site\" content=\"@eltextual\" \/>\n<meta name=\"twitter:label1\" content=\"Escrito por\" \/>\n\t<meta name=\"twitter:data1\" content=\"Diario1 Diario1\" \/>\n\t<meta name=\"twitter:label2\" content=\"Tiempo de lectura\" \/>\n\t<meta name=\"twitter:data2\" content=\"1 minuto\" \/>\n<script type=\"application\/ld+json\" class=\"yoast-schema-graph\">{\"@context\":\"https:\\\/\\\/schema.org\",\"@graph\":[{\"@type\":\"Article\",\"@id\":\"https:\\\/\\\/diariotextual.com\\\/inicio\\\/index.php\\\/2026\\\/04\\\/29\\\/insolita-respuesta-adorni-dijo-que-no-tiene-las-notas-de-la-pampa-pidiendo-atn-por-las-emergencia-de-incendios-y-de-santa-rosa\\\/#article\",\"isPartOf\":{\"@id\":\"https:\\\/\\\/diariotextual.com\\\/inicio\\\/index.php\\\/2026\\\/04\\\/29\\\/insolita-respuesta-adorni-dijo-que-no-tiene-las-notas-de-la-pampa-pidiendo-atn-por-las-emergencia-de-incendios-y-de-santa-rosa\\\/\"},\"author\":{\"name\":\"Diario1 Diario1\",\"@id\":\"https:\\\/\\\/diariotextual.com\\\/inicio\\\/#\\\/schema\\\/person\\\/418fc4093c33e86ed41562db3508f958\"},\"headline\":\"Ins\u00f3lita respuesta: Adorni dijo que no tiene las notas de La Pampa pidiendo ATN por las emergencias de incendios y de Santa Rosa\",\"datePublished\":\"2026-04-29T14:40:14+00:00\",\"dateModified\":\"2026-04-29T14:41:19+00:00\",\"mainEntityOfPage\":{\"@id\":\"https:\\\/\\\/diariotextual.com\\\/inicio\\\/index.php\\\/2026\\\/04\\\/29\\\/insolita-respuesta-adorni-dijo-que-no-tiene-las-notas-de-la-pampa-pidiendo-atn-por-las-emergencia-de-incendios-y-de-santa-rosa\\\/\"},\"wordCount\":597,\"publisher\":{\"@id\":\"https:\\\/\\\/diariotextual.com\\\/inicio\\\/#organization\"},\"image\":{\"@id\":\"https:\\\/\\\/diariotextual.com\\\/inicio\\\/index.php\\\/2026\\\/04\\\/29\\\/insolita-respuesta-adorni-dijo-que-no-tiene-las-notas-de-la-pampa-pidiendo-atn-por-las-emergencia-de-incendios-y-de-santa-rosa\\\/#primaryimage\"},\"thumbnailUrl\":\"https:\\\/\\\/diariotextual.com\\\/inicio\\\/wp-content\\\/uploads\\\/2026\\\/04\\\/adornimanuelinformecongreso2026-1.jpg\",\"articleSection\":[\"A - PORTADA\",\"POLITICA\"],\"inLanguage\":\"es\"},{\"@type\":\"WebPage\",\"@id\":\"https:\\\/\\\/diariotextual.com\\\/inicio\\\/index.php\\\/2026\\\/04\\\/29\\\/insolita-respuesta-adorni-dijo-que-no-tiene-las-notas-de-la-pampa-pidiendo-atn-por-las-emergencia-de-incendios-y-de-santa-rosa\\\/\",\"url\":\"https:\\\/\\\/diariotextual.com\\\/inicio\\\/index.php\\\/2026\\\/04\\\/29\\\/insolita-respuesta-adorni-dijo-que-no-tiene-las-notas-de-la-pampa-pidiendo-atn-por-las-emergencia-de-incendios-y-de-santa-rosa\\\/\",\"name\":\"Ins\u00f3lita respuesta: Adorni dijo que no tiene las notas de La Pampa pidiendo ATN por las emergencias de incendios y de Santa Rosa - Diario Textual\",\"isPartOf\":{\"@id\":\"https:\\\/\\\/diariotextual.com\\\/inicio\\\/#website\"},\"primaryImageOfPage\":{\"@id\":\"https:\\\/\\\/diariotextual.com\\\/inicio\\\/index.php\\\/2026\\\/04\\\/29\\\/insolita-respuesta-adorni-dijo-que-no-tiene-las-notas-de-la-pampa-pidiendo-atn-por-las-emergencia-de-incendios-y-de-santa-rosa\\\/#primaryimage\"},\"image\":{\"@id\":\"https:\\\/\\\/diariotextual.com\\\/inicio\\\/index.php\\\/2026\\\/04\\\/29\\\/insolita-respuesta-adorni-dijo-que-no-tiene-las-notas-de-la-pampa-pidiendo-atn-por-las-emergencia-de-incendios-y-de-santa-rosa\\\/#primaryimage\"},\"thumbnailUrl\":\"https:\\\/\\\/diariotextual.com\\\/inicio\\\/wp-content\\\/uploads\\\/2026\\\/04\\\/adornimanuelinformecongreso2026-1.jpg\",\"datePublished\":\"2026-04-29T14:40:14+00:00\",\"dateModified\":\"2026-04-29T14:41:19+00:00\",\"breadcrumb\":{\"@id\":\"https:\\\/\\\/diariotextual.com\\\/inicio\\\/index.php\\\/2026\\\/04\\\/29\\\/insolita-respuesta-adorni-dijo-que-no-tiene-las-notas-de-la-pampa-pidiendo-atn-por-las-emergencia-de-incendios-y-de-santa-rosa\\\/#breadcrumb\"},\"inLanguage\":\"es\",\"potentialAction\":[{\"@type\":\"ReadAction\",\"target\":[\"https:\\\/\\\/diariotextual.com\\\/inicio\\\/index.php\\\/2026\\\/04\\\/29\\\/insolita-respuesta-adorni-dijo-que-no-tiene-las-notas-de-la-pampa-pidiendo-atn-por-las-emergencia-de-incendios-y-de-santa-rosa\\\/\"]}]},{\"@type\":\"ImageObject\",\"inLanguage\":\"es\",\"@id\":\"https:\\\/\\\/diariotextual.com\\\/inicio\\\/index.php\\\/2026\\\/04\\\/29\\\/insolita-respuesta-adorni-dijo-que-no-tiene-las-notas-de-la-pampa-pidiendo-atn-por-las-emergencia-de-incendios-y-de-santa-rosa\\\/#primaryimage\",\"url\":\"https:\\\/\\\/diariotextual.com\\\/inicio\\\/wp-content\\\/uploads\\\/2026\\\/04\\\/adornimanuelinformecongreso2026-1.jpg\",\"contentUrl\":\"https:\\\/\\\/diariotextual.com\\\/inicio\\\/wp-content\\\/uploads\\\/2026\\\/04\\\/adornimanuelinformecongreso2026-1.jpg\",\"width\":1200,\"height\":800},{\"@type\":\"BreadcrumbList\",\"@id\":\"https:\\\/\\\/diariotextual.com\\\/inicio\\\/index.php\\\/2026\\\/04\\\/29\\\/insolita-respuesta-adorni-dijo-que-no-tiene-las-notas-de-la-pampa-pidiendo-atn-por-las-emergencia-de-incendios-y-de-santa-rosa\\\/#breadcrumb\",\"itemListElement\":[{\"@type\":\"ListItem\",\"position\":1,\"name\":\"Portada\",\"item\":\"https:\\\/\\\/diariotextual.com\\\/inicio\\\/\"},{\"@type\":\"ListItem\",\"position\":2,\"name\":\"Ins\u00f3lita respuesta: Adorni dijo que no tiene las notas de La Pampa pidiendo ATN por las emergencias de incendios y de Santa Rosa\"}]},{\"@type\":\"WebSite\",\"@id\":\"https:\\\/\\\/diariotextual.com\\\/inicio\\\/#website\",\"url\":\"https:\\\/\\\/diariotextual.com\\\/inicio\\\/\",\"name\":\"Diario Textual\",\"description\":\"\",\"publisher\":{\"@id\":\"https:\\\/\\\/diariotextual.com\\\/inicio\\\/#organization\"},\"potentialAction\":[{\"@type\":\"SearchAction\",\"target\":{\"@type\":\"EntryPoint\",\"urlTemplate\":\"https:\\\/\\\/diariotextual.com\\\/inicio\\\/?s={search_term_string}\"},\"query-input\":{\"@type\":\"PropertyValueSpecification\",\"valueRequired\":true,\"valueName\":\"search_term_string\"}}],\"inLanguage\":\"es\"},{\"@type\":\"Organization\",\"@id\":\"https:\\\/\\\/diariotextual.com\\\/inicio\\\/#organization\",\"name\":\"Diario Textual\",\"url\":\"https:\\\/\\\/diariotextual.com\\\/inicio\\\/\",\"logo\":{\"@type\":\"ImageObject\",\"inLanguage\":\"es\",\"@id\":\"https:\\\/\\\/diariotextual.com\\\/inicio\\\/#\\\/schema\\\/logo\\\/image\\\/\",\"url\":\"https:\\\/\\\/diariotextual.com\\\/inicio\\\/wp-content\\\/uploads\\\/2023\\\/05\\\/logotextual1.jpg\",\"contentUrl\":\"https:\\\/\\\/diariotextual.com\\\/inicio\\\/wp-content\\\/uploads\\\/2023\\\/05\\\/logotextual1.jpg\",\"width\":516,\"height\":76,\"caption\":\"Diario Textual\"},\"image\":{\"@id\":\"https:\\\/\\\/diariotextual.com\\\/inicio\\\/#\\\/schema\\\/logo\\\/image\\\/\"},\"sameAs\":[\"https:\\\/\\\/www.facebook.com\\\/eltextual\",\"https:\\\/\\\/x.com\\\/eltextual\",\"http:\\\/\\\/www.instagram.com\\\/eltextual\"]},{\"@type\":\"Person\",\"@id\":\"https:\\\/\\\/diariotextual.com\\\/inicio\\\/#\\\/schema\\\/person\\\/418fc4093c33e86ed41562db3508f958\",\"name\":\"Diario1 Diario1\",\"image\":{\"@type\":\"ImageObject\",\"inLanguage\":\"es\",\"@id\":\"https:\\\/\\\/secure.gravatar.com\\\/avatar\\\/9167d280179c85bc18be67aa7eda765854300033af4896dd779b608640f2ef7a?s=96&d=mm&r=g\",\"url\":\"https:\\\/\\\/secure.gravatar.com\\\/avatar\\\/9167d280179c85bc18be67aa7eda765854300033af4896dd779b608640f2ef7a?s=96&d=mm&r=g\",\"contentUrl\":\"https:\\\/\\\/secure.gravatar.com\\\/avatar\\\/9167d280179c85bc18be67aa7eda765854300033af4896dd779b608640f2ef7a?s=96&d=mm&r=g\",\"caption\":\"Diario1 Diario1\"},\"url\":\"https:\\\/\\\/diariotextual.com\\\/inicio\\\/index.php\\\/author\\\/diario1\\\/\"}]}<\/script>\n<!-- \/ Yoast SEO plugin. -->","yoast_head_json":{"title":"Ins\u00f3lita respuesta: Adorni dijo que no tiene las notas de La Pampa pidiendo ATN por las emergencias de incendios y de Santa Rosa - Diario Textual","robots":{"index":"index","follow":"follow","max-snippet":"max-snippet:-1","max-image-preview":"max-image-preview:large","max-video-preview":"max-video-preview:-1"},"canonical":"https:\/\/diariotextual.com\/inicio\/index.php\/2026\/04\/29\/insolita-respuesta-adorni-dijo-que-no-tiene-las-notas-de-la-pampa-pidiendo-atn-por-las-emergencia-de-incendios-y-de-santa-rosa\/","og_locale":"es_ES","og_type":"article","og_title":"Ins\u00f3lita respuesta: Adorni dijo que no tiene las notas de La Pampa pidiendo ATN por las emergencias de incendios y de Santa Rosa - Diario Textual","og_description":"El jefe de Gabinete, Manuel Adorni, afirm\u00f3 este mi\u00e9rcoles en el Congreso que el Gobierno nacional no tiene constancia de que La Pampa haya solicitado Aportes del Tesoro Nacional (ATN)&hellip;","og_url":"https:\/\/diariotextual.com\/inicio\/index.php\/2026\/04\/29\/insolita-respuesta-adorni-dijo-que-no-tiene-las-notas-de-la-pampa-pidiendo-atn-por-las-emergencia-de-incendios-y-de-santa-rosa\/","og_site_name":"Diario Textual","article_publisher":"https:\/\/www.facebook.com\/eltextual","article_published_time":"2026-04-29T14:40:14+00:00","article_modified_time":"2026-04-29T14:41:19+00:00","og_image":[{"width":1200,"height":800,"url":"https:\/\/diariotextual.com\/inicio\/wp-content\/uploads\/2026\/04\/adornimanuelinformecongreso2026-1.jpg","type":"image\/jpeg"}],"author":"Diario1 Diario1","twitter_card":"summary_large_image","twitter_creator":"@eltextual","twitter_site":"@eltextual","twitter_misc":{"Escrito por":"Diario1 Diario1","Tiempo de lectura":"1 minuto"},"schema":{"@context":"https:\/\/schema.org","@graph":[{"@type":"Article","@id":"https:\/\/diariotextual.com\/inicio\/index.php\/2026\/04\/29\/insolita-respuesta-adorni-dijo-que-no-tiene-las-notas-de-la-pampa-pidiendo-atn-por-las-emergencia-de-incendios-y-de-santa-rosa\/#article","isPartOf":{"@id":"https:\/\/diariotextual.com\/inicio\/index.php\/2026\/04\/29\/insolita-respuesta-adorni-dijo-que-no-tiene-las-notas-de-la-pampa-pidiendo-atn-por-las-emergencia-de-incendios-y-de-santa-rosa\/"},"author":{"name":"Diario1 Diario1","@id":"https:\/\/diariotextual.com\/inicio\/#\/schema\/person\/418fc4093c33e86ed41562db3508f958"},"headline":"Ins\u00f3lita respuesta: Adorni dijo que no tiene las notas de La Pampa pidiendo ATN por las emergencias de incendios y de Santa Rosa","datePublished":"2026-04-29T14:40:14+00:00","dateModified":"2026-04-29T14:41:19+00:00","mainEntityOfPage":{"@id":"https:\/\/diariotextual.com\/inicio\/index.php\/2026\/04\/29\/insolita-respuesta-adorni-dijo-que-no-tiene-las-notas-de-la-pampa-pidiendo-atn-por-las-emergencia-de-incendios-y-de-santa-rosa\/"},"wordCount":597,"publisher":{"@id":"https:\/\/diariotextual.com\/inicio\/#organization"},"image":{"@id":"https:\/\/diariotextual.com\/inicio\/index.php\/2026\/04\/29\/insolita-respuesta-adorni-dijo-que-no-tiene-las-notas-de-la-pampa-pidiendo-atn-por-las-emergencia-de-incendios-y-de-santa-rosa\/#primaryimage"},"thumbnailUrl":"https:\/\/diariotextual.com\/inicio\/wp-content\/uploads\/2026\/04\/adornimanuelinformecongreso2026-1.jpg","articleSection":["A - PORTADA","POLITICA"],"inLanguage":"es"},{"@type":"WebPage","@id":"https:\/\/diariotextual.com\/inicio\/index.php\/2026\/04\/29\/insolita-respuesta-adorni-dijo-que-no-tiene-las-notas-de-la-pampa-pidiendo-atn-por-las-emergencia-de-incendios-y-de-santa-rosa\/","url":"https:\/\/diariotextual.com\/inicio\/index.php\/2026\/04\/29\/insolita-respuesta-adorni-dijo-que-no-tiene-las-notas-de-la-pampa-pidiendo-atn-por-las-emergencia-de-incendios-y-de-santa-rosa\/","name":"Ins\u00f3lita respuesta: Adorni dijo que no tiene las notas de La Pampa pidiendo ATN por las emergencias de incendios y de Santa Rosa - Diario Textual","isPartOf":{"@id":"https:\/\/diariotextual.com\/inicio\/#website"},"primaryImageOfPage":{"@id":"https:\/\/diariotextual.com\/inicio\/index.php\/2026\/04\/29\/insolita-respuesta-adorni-dijo-que-no-tiene-las-notas-de-la-pampa-pidiendo-atn-por-las-emergencia-de-incendios-y-de-santa-rosa\/#primaryimage"},"image":{"@id":"https:\/\/diariotextual.com\/inicio\/index.php\/2026\/04\/29\/insolita-respuesta-adorni-dijo-que-no-tiene-las-notas-de-la-pampa-pidiendo-atn-por-las-emergencia-de-incendios-y-de-santa-rosa\/#primaryimage"},"thumbnailUrl":"https:\/\/diariotextual.com\/inicio\/wp-content\/uploads\/2026\/04\/adornimanuelinformecongreso2026-1.jpg","datePublished":"2026-04-29T14:40:14+00:00","dateModified":"2026-04-29T14:41:19+00:00","breadcrumb":{"@id":"https:\/\/diariotextual.com\/inicio\/index.php\/2026\/04\/29\/insolita-respuesta-adorni-dijo-que-no-tiene-las-notas-de-la-pampa-pidiendo-atn-por-las-emergencia-de-incendios-y-de-santa-rosa\/#breadcrumb"},"inLanguage":"es","potentialAction":[{"@type":"ReadAction","target":["https:\/\/diariotextual.com\/inicio\/index.php\/2026\/04\/29\/insolita-respuesta-adorni-dijo-que-no-tiene-las-notas-de-la-pampa-pidiendo-atn-por-las-emergencia-de-incendios-y-de-santa-rosa\/"]}]},{"@type":"ImageObject","inLanguage":"es","@id":"https:\/\/diariotextual.com\/inicio\/index.php\/2026\/04\/29\/insolita-respuesta-adorni-dijo-que-no-tiene-las-notas-de-la-pampa-pidiendo-atn-por-las-emergencia-de-incendios-y-de-santa-rosa\/#primaryimage","url":"https:\/\/diariotextual.com\/inicio\/wp-content\/uploads\/2026\/04\/adornimanuelinformecongreso2026-1.jpg","contentUrl":"https:\/\/diariotextual.com\/inicio\/wp-content\/uploads\/2026\/04\/adornimanuelinformecongreso2026-1.jpg","width":1200,"height":800},{"@type":"BreadcrumbList","@id":"https:\/\/diariotextual.com\/inicio\/index.php\/2026\/04\/29\/insolita-respuesta-adorni-dijo-que-no-tiene-las-notas-de-la-pampa-pidiendo-atn-por-las-emergencia-de-incendios-y-de-santa-rosa\/#breadcrumb","itemListElement":[{"@type":"ListItem","position":1,"name":"Portada","item":"https:\/\/diariotextual.com\/inicio\/"},{"@type":"ListItem","position":2,"name":"Ins\u00f3lita respuesta: Adorni dijo que no tiene las notas de La Pampa pidiendo ATN por las emergencias de incendios y de Santa Rosa"}]},{"@type":"WebSite","@id":"https:\/\/diariotextual.com\/inicio\/#website","url":"https:\/\/diariotextual.com\/inicio\/","name":"Diario Textual","description":"","publisher":{"@id":"https:\/\/diariotextual.com\/inicio\/#organization"},"potentialAction":[{"@type":"SearchAction","target":{"@type":"EntryPoint","urlTemplate":"https:\/\/diariotextual.com\/inicio\/?s={search_term_string}"},"query-input":{"@type":"PropertyValueSpecification","valueRequired":true,"valueName":"search_term_string"}}],"inLanguage":"es"},{"@type":"Organization","@id":"https:\/\/diariotextual.com\/inicio\/#organization","name":"Diario Textual","url":"https:\/\/diariotextual.com\/inicio\/","logo":{"@type":"ImageObject","inLanguage":"es","@id":"https:\/\/diariotextual.com\/inicio\/#\/schema\/logo\/image\/","url":"https:\/\/diariotextual.com\/inicio\/wp-content\/uploads\/2023\/05\/logotextual1.jpg","contentUrl":"https:\/\/diariotextual.com\/inicio\/wp-content\/uploads\/2023\/05\/logotextual1.jpg","width":516,"height":76,"caption":"Diario Textual"},"image":{"@id":"https:\/\/diariotextual.com\/inicio\/#\/schema\/logo\/image\/"},"sameAs":["https:\/\/www.facebook.com\/eltextual","https:\/\/x.com\/eltextual","http:\/\/www.instagram.com\/eltextual"]},{"@type":"Person","@id":"https:\/\/diariotextual.com\/inicio\/#\/schema\/person\/418fc4093c33e86ed41562db3508f958","name":"Diario1 Diario1","image":{"@type":"ImageObject","inLanguage":"es","@id":"https:\/\/secure.gravatar.com\/avatar\/9167d280179c85bc18be67aa7eda765854300033af4896dd779b608640f2ef7a?s=96&d=mm&r=g","url":"https:\/\/secure.gravatar.com\/avatar\/9167d280179c85bc18be67aa7eda765854300033af4896dd779b608640f2ef7a?s=96&d=mm&r=g","contentUrl":"https:\/\/secure.gravatar.com\/avatar\/9167d280179c85bc18be67aa7eda765854300033af4896dd779b608640f2ef7a?s=96&d=mm&r=g","caption":"Diario1 Diario1"},"url":"https:\/\/diariotextual.com\/inicio\/index.php\/author\/diario1\/"}]}},"_links":{"self":[{"href":"https:\/\/diariotextual.com\/inicio\/index.php\/wp-json\/wp\/v2\/posts\/325955","targetHints":{"allow":["GET"]}}],"collection":[{"href":"https:\/\/diariotextual.com\/inicio\/index.php\/wp-json\/wp\/v2\/posts"}],"about":[{"href":"https:\/\/diariotextual.com\/inicio\/index.php\/wp-json\/wp\/v2\/types\/post"}],"author":[{"embeddable":true,"href":"https:\/\/diariotextual.com\/inicio\/index.php\/wp-json\/wp\/v2\/users\/3"}],"replies":[{"embeddable":true,"href":"https:\/\/diariotextual.com\/inicio\/index.php\/wp-json\/wp\/v2\/comments?post=325955"}],"version-history":[{"count":3,"href":"https:\/\/diariotextual.com\/inicio\/index.php\/wp-json\/wp\/v2\/posts\/325955\/revisions"}],"predecessor-version":[{"id":325964,"href":"https:\/\/diariotextual.com\/inicio\/index.php\/wp-json\/wp\/v2\/posts\/325955\/revisions\/325964"}],"wp:featuredmedia":[{"embeddable":true,"href":"https:\/\/diariotextual.com\/inicio\/index.php\/wp-json\/wp\/v2\/media\/325957"}],"wp:attachment":[{"href":"https:\/\/diariotextual.com\/inicio\/index.php\/wp-json\/wp\/v2\/media?parent=325955"}],"wp:term":[{"taxonomy":"category","embeddable":true,"href":"https:\/\/diariotextual.com\/inicio\/index.php\/wp-json\/wp\/v2\/categories?post=325955"},{"taxonomy":"post_tag","embeddable":true,"href":"https:\/\/diariotextual.com\/inicio\/index.php\/wp-json\/wp\/v2\/tags?post=325955"}],"curies":[{"name":"wp","href":"https:\/\/api.w.org\/{rel}","templated":true}]}}