{"id":325958,"date":"2026-04-29T11:39:36","date_gmt":"2026-04-29T14:39:36","guid":{"rendered":"https:\/\/diariotextual.com\/inicio\/?p=325958"},"modified":"2026-04-29T11:45:46","modified_gmt":"2026-04-29T14:45:46","slug":"el-jefe-de-gabinete-dice-que-no-tiene-previsto-transferir-las-rutas-nacionales-a-la-pampa","status":"publish","type":"post","link":"https:\/\/diariotextual.com\/inicio\/index.php\/2026\/04\/29\/el-jefe-de-gabinete-dice-que-no-tiene-previsto-transferir-las-rutas-nacionales-a-la-pampa\/","title":{"rendered":"El jefe de Gabinete dice que no tiene previsto transferir las rutas nacionales a La Pampa"},"content":{"rendered":"\n<p>El jefe de Gabinete de la Naci\u00f3n, <strong>Manuel Adorni<\/strong>, afirm\u00f3 este mi\u00e9rcoles en su informe ante el <strong>Congreso Nacional<\/strong> que <strong>Vialidad Nacional no tiene en tr\u00e1mite la transferencia <\/strong>de rutas nacionales a la provincia de <strong>La Pampa<\/strong>. \u201cNo se encuentra en tr\u00e1mite de transferir a la Provincia de La Pampa el mantenimiento y\/o ejecuci\u00f3n de obras sobre rutas nacionales\u201d, dijo.<\/p>\n\n\n\n<p><\/p>\n\n\n\n<figure class=\"wp-block-embed is-type-wp-embed is-provider-diario-textual wp-block-embed-diario-textual\"><div class=\"wp-block-embed__wrapper\">\n<blockquote class=\"wp-embedded-content\" data-secret=\"AIJECqAa6n\"><a href=\"https:\/\/diariotextual.com\/inicio\/index.php\/2026\/04\/29\/insolita-respuesta-adorni-dijo-que-no-tiene-las-notas-de-la-pampa-pidiendo-atn-por-las-emergencia-de-incendios-y-de-santa-rosa\/\">Ins\u00f3lita respuesta: Adorni dijo que no tiene las notas de La Pampa pidiendo ATN por las emergencias de incendios y de Santa Rosa<\/a><\/blockquote><iframe class=\"wp-embedded-content\" sandbox=\"allow-scripts\" security=\"restricted\" style=\"position: absolute; visibility: hidden;\" title=\"\u00abIns\u00f3lita respuesta: Adorni dijo que no tiene las notas de La Pampa pidiendo ATN por las emergencias de incendios y de Santa Rosa\u00bb \u2014 Diario Textual\" src=\"https:\/\/diariotextual.com\/inicio\/index.php\/2026\/04\/29\/insolita-respuesta-adorni-dijo-que-no-tiene-las-notas-de-la-pampa-pidiendo-atn-por-las-emergencia-de-incendios-y-de-santa-rosa\/embed\/#?secret=yk0m2CeoSs#?secret=AIJECqAa6n\" data-secret=\"AIJECqAa6n\" width=\"600\" height=\"338\" frameborder=\"0\" marginwidth=\"0\" marginheight=\"0\" scrolling=\"no\"><\/iframe>\n<\/div><\/figure>\n\n\n\n<p>De esta manera respondi\u00f3 a la <strong>pregunta 1.672<\/strong>, en la que se le consult\u00f3 sobre la posible cesi\u00f3n de trazas como la <strong>ruta nacional 5<\/strong> y otras, junto con la correspondiente asignaci\u00f3n de recursos. En ese planteo, adem\u00e1s, se record\u00f3 que el pedido hab\u00eda sido realizado formalmente por el gobernador <strong>Sergio Ziliotto<\/strong> en enero y julio de 2025.<\/p>\n\n\n\n<p>Hace una semana, en tanto,<strong><a href=\"https:\/\/diariotextual.com\/inicio\/index.php\/2026\/04\/23\/ziliotto-recibio-a-autovia-ruta-5-y-ratifico-reclamo-por-rutas-nacionales\/\" target=\"_blank\" rel=\"noreferrer noopener\"> Ziliotto recibi\u00f3 a integrantes de la&nbsp;Agrupaci\u00f3n Autov\u00eda Ruta 5<\/a><\/strong>. Durante el encuentro analizaron el estado de las&nbsp;<strong>rutas nacionales<\/strong>&nbsp;que atraviesan la Provincia y la necesidad de avanzar con obras de infraestructura vial que permanecen postergadas por el Gobierno nacional.<\/p>\n\n\n\n<p>Desde el Ejecutivo provincial detallaron las&nbsp;<strong>gestiones y reclamos<\/strong>&nbsp;realizados ante Naci\u00f3n para intervenir en m\u00e1s de&nbsp;<strong>600 kil\u00f3metros de rutas nacionales<\/strong>&nbsp;en territorio pampeano. Recordaron que el primer planteo formal se present\u00f3 el&nbsp;<strong>22 de enero de 2025<\/strong>&nbsp;y que, hasta el momento, no hubo&nbsp;<strong>respuestas concretas<\/strong>.<\/p>\n\n\n\n<p>Ziliotto reiter\u00f3 lo expresado en la apertura del per\u00edodo legislativo: ratific\u00f3 que cualquier ingreso proveniente de&nbsp;<strong>acreencias<\/strong>&nbsp;que Naci\u00f3n mantiene con La Pampa ser\u00e1 destinado a la&nbsp;<strong>reparaci\u00f3n de rutas nacionales<\/strong>&nbsp;dentro de la provincia.<\/p>\n\n\n\n<p>Por lo pronto, la intenci\u00f3n de Naci\u00f3n es instalar un&nbsp;<strong>nuevo peaje<\/strong>&nbsp;en la&nbsp;<strong>ruta nacional 5<\/strong>, en territorio pampeano, sin contemplar&nbsp;<strong>obras de reparaci\u00f3n ni mejoras estructurales<\/strong>.<\/p>\n\n\n\n<p><\/p>\n","protected":false},"excerpt":{"rendered":"<p>El jefe de Gabinete de la Naci\u00f3n, Manuel Adorni, afirm\u00f3 este mi\u00e9rcoles en su informe ante el Congreso Nacional que Vialidad Nacional no tiene en tr\u00e1mite la transferencia de rutas&hellip;<\/p>\n","protected":false},"author":3,"featured_media":325966,"comment_status":"closed","ping_status":"open","sticky":false,"template":"","format":"standard","meta":{"_acf_changed":false,"footnotes":""},"categories":[4,8],"tags":[],"class_list":["post-325958","post","type-post","status-publish","format-standard","has-post-thumbnail","hentry","category-destacadas","category-politica"],"acf":[],"yoast_head":"<!-- This site is optimized with the Yoast SEO plugin v27.5 - https:\/\/yoast.com\/product\/yoast-seo-wordpress\/ -->\n<title>El jefe de Gabinete dice que no tiene previsto transferir las rutas nacionales a La Pampa - Diario Textual<\/title>\n<meta name=\"robots\" content=\"index, follow, max-snippet:-1, max-image-preview:large, max-video-preview:-1\" \/>\n<link rel=\"canonical\" href=\"https:\/\/diariotextual.com\/inicio\/index.php\/2026\/04\/29\/el-jefe-de-gabinete-dice-que-no-tiene-previsto-transferir-las-rutas-nacionales-a-la-pampa\/\" \/>\n<meta property=\"og:locale\" content=\"es_ES\" \/>\n<meta property=\"og:type\" content=\"article\" \/>\n<meta property=\"og:title\" content=\"El jefe de Gabinete dice que no tiene previsto transferir las rutas nacionales a La Pampa - Diario Textual\" \/>\n<meta property=\"og:description\" content=\"El jefe de Gabinete de la Naci\u00f3n, Manuel Adorni, afirm\u00f3 este mi\u00e9rcoles en su informe ante el Congreso Nacional que Vialidad Nacional no tiene en tr\u00e1mite la transferencia de rutas&hellip;\" \/>\n<meta property=\"og:url\" content=\"https:\/\/diariotextual.com\/inicio\/index.php\/2026\/04\/29\/el-jefe-de-gabinete-dice-que-no-tiene-previsto-transferir-las-rutas-nacionales-a-la-pampa\/\" \/>\n<meta property=\"og:site_name\" content=\"Diario Textual\" \/>\n<meta property=\"article:publisher\" content=\"https:\/\/www.facebook.com\/eltextual\" \/>\n<meta property=\"article:published_time\" content=\"2026-04-29T14:39:36+00:00\" \/>\n<meta property=\"article:modified_time\" content=\"2026-04-29T14:45:46+00:00\" \/>\n<meta property=\"og:image\" content=\"https:\/\/diariotextual.com\/inicio\/wp-content\/uploads\/2026\/04\/adornimanuelinformecongreso2026-23.jpg\" \/>\n\t<meta property=\"og:image:width\" content=\"1300\" \/>\n\t<meta property=\"og:image:height\" content=\"867\" \/>\n\t<meta property=\"og:image:type\" content=\"image\/jpeg\" \/>\n<meta name=\"author\" content=\"Diario1 Diario1\" \/>\n<meta name=\"twitter:card\" content=\"summary_large_image\" \/>\n<meta name=\"twitter:creator\" content=\"@eltextual\" \/>\n<meta name=\"twitter:site\" content=\"@eltextual\" \/>\n<meta name=\"twitter:label1\" content=\"Escrito por\" \/>\n\t<meta name=\"twitter:data1\" content=\"Diario1 Diario1\" \/>\n\t<meta name=\"twitter:label2\" content=\"Tiempo de lectura\" \/>\n\t<meta name=\"twitter:data2\" content=\"2 minutos\" \/>\n<script type=\"application\/ld+json\" class=\"yoast-schema-graph\">{\"@context\":\"https:\\\/\\\/schema.org\",\"@graph\":[{\"@type\":\"Article\",\"@id\":\"https:\\\/\\\/diariotextual.com\\\/inicio\\\/index.php\\\/2026\\\/04\\\/29\\\/el-jefe-de-gabinete-dice-que-no-tiene-previsto-transferir-las-rutas-nacionales-a-la-pampa\\\/#article\",\"isPartOf\":{\"@id\":\"https:\\\/\\\/diariotextual.com\\\/inicio\\\/index.php\\\/2026\\\/04\\\/29\\\/el-jefe-de-gabinete-dice-que-no-tiene-previsto-transferir-las-rutas-nacionales-a-la-pampa\\\/\"},\"author\":{\"name\":\"Diario1 Diario1\",\"@id\":\"https:\\\/\\\/diariotextual.com\\\/inicio\\\/#\\\/schema\\\/person\\\/418fc4093c33e86ed41562db3508f958\"},\"headline\":\"El jefe de Gabinete dice que no tiene previsto transferir las rutas nacionales a La Pampa\",\"datePublished\":\"2026-04-29T14:39:36+00:00\",\"dateModified\":\"2026-04-29T14:45:46+00:00\",\"mainEntityOfPage\":{\"@id\":\"https:\\\/\\\/diariotextual.com\\\/inicio\\\/index.php\\\/2026\\\/04\\\/29\\\/el-jefe-de-gabinete-dice-que-no-tiene-previsto-transferir-las-rutas-nacionales-a-la-pampa\\\/\"},\"wordCount\":329,\"publisher\":{\"@id\":\"https:\\\/\\\/diariotextual.com\\\/inicio\\\/#organization\"},\"image\":{\"@id\":\"https:\\\/\\\/diariotextual.com\\\/inicio\\\/index.php\\\/2026\\\/04\\\/29\\\/el-jefe-de-gabinete-dice-que-no-tiene-previsto-transferir-las-rutas-nacionales-a-la-pampa\\\/#primaryimage\"},\"thumbnailUrl\":\"https:\\\/\\\/diariotextual.com\\\/inicio\\\/wp-content\\\/uploads\\\/2026\\\/04\\\/adornimanuelinformecongreso2026-23.jpg\",\"articleSection\":[\"A - DESTACADAS (mod 16)\",\"POLITICA\"],\"inLanguage\":\"es\"},{\"@type\":\"WebPage\",\"@id\":\"https:\\\/\\\/diariotextual.com\\\/inicio\\\/index.php\\\/2026\\\/04\\\/29\\\/el-jefe-de-gabinete-dice-que-no-tiene-previsto-transferir-las-rutas-nacionales-a-la-pampa\\\/\",\"url\":\"https:\\\/\\\/diariotextual.com\\\/inicio\\\/index.php\\\/2026\\\/04\\\/29\\\/el-jefe-de-gabinete-dice-que-no-tiene-previsto-transferir-las-rutas-nacionales-a-la-pampa\\\/\",\"name\":\"El jefe de Gabinete dice que no tiene previsto transferir las rutas nacionales a La Pampa - Diario Textual\",\"isPartOf\":{\"@id\":\"https:\\\/\\\/diariotextual.com\\\/inicio\\\/#website\"},\"primaryImageOfPage\":{\"@id\":\"https:\\\/\\\/diariotextual.com\\\/inicio\\\/index.php\\\/2026\\\/04\\\/29\\\/el-jefe-de-gabinete-dice-que-no-tiene-previsto-transferir-las-rutas-nacionales-a-la-pampa\\\/#primaryimage\"},\"image\":{\"@id\":\"https:\\\/\\\/diariotextual.com\\\/inicio\\\/index.php\\\/2026\\\/04\\\/29\\\/el-jefe-de-gabinete-dice-que-no-tiene-previsto-transferir-las-rutas-nacionales-a-la-pampa\\\/#primaryimage\"},\"thumbnailUrl\":\"https:\\\/\\\/diariotextual.com\\\/inicio\\\/wp-content\\\/uploads\\\/2026\\\/04\\\/adornimanuelinformecongreso2026-23.jpg\",\"datePublished\":\"2026-04-29T14:39:36+00:00\",\"dateModified\":\"2026-04-29T14:45:46+00:00\",\"breadcrumb\":{\"@id\":\"https:\\\/\\\/diariotextual.com\\\/inicio\\\/index.php\\\/2026\\\/04\\\/29\\\/el-jefe-de-gabinete-dice-que-no-tiene-previsto-transferir-las-rutas-nacionales-a-la-pampa\\\/#breadcrumb\"},\"inLanguage\":\"es\",\"potentialAction\":[{\"@type\":\"ReadAction\",\"target\":[\"https:\\\/\\\/diariotextual.com\\\/inicio\\\/index.php\\\/2026\\\/04\\\/29\\\/el-jefe-de-gabinete-dice-que-no-tiene-previsto-transferir-las-rutas-nacionales-a-la-pampa\\\/\"]}]},{\"@type\":\"ImageObject\",\"inLanguage\":\"es\",\"@id\":\"https:\\\/\\\/diariotextual.com\\\/inicio\\\/index.php\\\/2026\\\/04\\\/29\\\/el-jefe-de-gabinete-dice-que-no-tiene-previsto-transferir-las-rutas-nacionales-a-la-pampa\\\/#primaryimage\",\"url\":\"https:\\\/\\\/diariotextual.com\\\/inicio\\\/wp-content\\\/uploads\\\/2026\\\/04\\\/adornimanuelinformecongreso2026-23.jpg\",\"contentUrl\":\"https:\\\/\\\/diariotextual.com\\\/inicio\\\/wp-content\\\/uploads\\\/2026\\\/04\\\/adornimanuelinformecongreso2026-23.jpg\",\"width\":1300,\"height\":867},{\"@type\":\"BreadcrumbList\",\"@id\":\"https:\\\/\\\/diariotextual.com\\\/inicio\\\/index.php\\\/2026\\\/04\\\/29\\\/el-jefe-de-gabinete-dice-que-no-tiene-previsto-transferir-las-rutas-nacionales-a-la-pampa\\\/#breadcrumb\",\"itemListElement\":[{\"@type\":\"ListItem\",\"position\":1,\"name\":\"Portada\",\"item\":\"https:\\\/\\\/diariotextual.com\\\/inicio\\\/\"},{\"@type\":\"ListItem\",\"position\":2,\"name\":\"El jefe de Gabinete dice que no tiene previsto transferir las rutas nacionales a La Pampa\"}]},{\"@type\":\"WebSite\",\"@id\":\"https:\\\/\\\/diariotextual.com\\\/inicio\\\/#website\",\"url\":\"https:\\\/\\\/diariotextual.com\\\/inicio\\\/\",\"name\":\"Diario Textual\",\"description\":\"\",\"publisher\":{\"@id\":\"https:\\\/\\\/diariotextual.com\\\/inicio\\\/#organization\"},\"potentialAction\":[{\"@type\":\"SearchAction\",\"target\":{\"@type\":\"EntryPoint\",\"urlTemplate\":\"https:\\\/\\\/diariotextual.com\\\/inicio\\\/?s={search_term_string}\"},\"query-input\":{\"@type\":\"PropertyValueSpecification\",\"valueRequired\":true,\"valueName\":\"search_term_string\"}}],\"inLanguage\":\"es\"},{\"@type\":\"Organization\",\"@id\":\"https:\\\/\\\/diariotextual.com\\\/inicio\\\/#organization\",\"name\":\"Diario Textual\",\"url\":\"https:\\\/\\\/diariotextual.com\\\/inicio\\\/\",\"logo\":{\"@type\":\"ImageObject\",\"inLanguage\":\"es\",\"@id\":\"https:\\\/\\\/diariotextual.com\\\/inicio\\\/#\\\/schema\\\/logo\\\/image\\\/\",\"url\":\"https:\\\/\\\/diariotextual.com\\\/inicio\\\/wp-content\\\/uploads\\\/2023\\\/05\\\/logotextual1.jpg\",\"contentUrl\":\"https:\\\/\\\/diariotextual.com\\\/inicio\\\/wp-content\\\/uploads\\\/2023\\\/05\\\/logotextual1.jpg\",\"width\":516,\"height\":76,\"caption\":\"Diario Textual\"},\"image\":{\"@id\":\"https:\\\/\\\/diariotextual.com\\\/inicio\\\/#\\\/schema\\\/logo\\\/image\\\/\"},\"sameAs\":[\"https:\\\/\\\/www.facebook.com\\\/eltextual\",\"https:\\\/\\\/x.com\\\/eltextual\",\"http:\\\/\\\/www.instagram.com\\\/eltextual\"]},{\"@type\":\"Person\",\"@id\":\"https:\\\/\\\/diariotextual.com\\\/inicio\\\/#\\\/schema\\\/person\\\/418fc4093c33e86ed41562db3508f958\",\"name\":\"Diario1 Diario1\",\"image\":{\"@type\":\"ImageObject\",\"inLanguage\":\"es\",\"@id\":\"https:\\\/\\\/secure.gravatar.com\\\/avatar\\\/9167d280179c85bc18be67aa7eda765854300033af4896dd779b608640f2ef7a?s=96&d=mm&r=g\",\"url\":\"https:\\\/\\\/secure.gravatar.com\\\/avatar\\\/9167d280179c85bc18be67aa7eda765854300033af4896dd779b608640f2ef7a?s=96&d=mm&r=g\",\"contentUrl\":\"https:\\\/\\\/secure.gravatar.com\\\/avatar\\\/9167d280179c85bc18be67aa7eda765854300033af4896dd779b608640f2ef7a?s=96&d=mm&r=g\",\"caption\":\"Diario1 Diario1\"},\"url\":\"https:\\\/\\\/diariotextual.com\\\/inicio\\\/index.php\\\/author\\\/diario1\\\/\"}]}<\/script>\n<!-- \/ Yoast SEO plugin. -->","yoast_head_json":{"title":"El jefe de Gabinete dice que no tiene previsto transferir las rutas nacionales a La Pampa - Diario Textual","robots":{"index":"index","follow":"follow","max-snippet":"max-snippet:-1","max-image-preview":"max-image-preview:large","max-video-preview":"max-video-preview:-1"},"canonical":"https:\/\/diariotextual.com\/inicio\/index.php\/2026\/04\/29\/el-jefe-de-gabinete-dice-que-no-tiene-previsto-transferir-las-rutas-nacionales-a-la-pampa\/","og_locale":"es_ES","og_type":"article","og_title":"El jefe de Gabinete dice que no tiene previsto transferir las rutas nacionales a La Pampa - Diario Textual","og_description":"El jefe de Gabinete de la Naci\u00f3n, Manuel Adorni, afirm\u00f3 este mi\u00e9rcoles en su informe ante el Congreso Nacional que Vialidad Nacional no tiene en tr\u00e1mite la transferencia de rutas&hellip;","og_url":"https:\/\/diariotextual.com\/inicio\/index.php\/2026\/04\/29\/el-jefe-de-gabinete-dice-que-no-tiene-previsto-transferir-las-rutas-nacionales-a-la-pampa\/","og_site_name":"Diario Textual","article_publisher":"https:\/\/www.facebook.com\/eltextual","article_published_time":"2026-04-29T14:39:36+00:00","article_modified_time":"2026-04-29T14:45:46+00:00","og_image":[{"width":1300,"height":867,"url":"https:\/\/diariotextual.com\/inicio\/wp-content\/uploads\/2026\/04\/adornimanuelinformecongreso2026-23.jpg","type":"image\/jpeg"}],"author":"Diario1 Diario1","twitter_card":"summary_large_image","twitter_creator":"@eltextual","twitter_site":"@eltextual","twitter_misc":{"Escrito por":"Diario1 Diario1","Tiempo de lectura":"2 minutos"},"schema":{"@context":"https:\/\/schema.org","@graph":[{"@type":"Article","@id":"https:\/\/diariotextual.com\/inicio\/index.php\/2026\/04\/29\/el-jefe-de-gabinete-dice-que-no-tiene-previsto-transferir-las-rutas-nacionales-a-la-pampa\/#article","isPartOf":{"@id":"https:\/\/diariotextual.com\/inicio\/index.php\/2026\/04\/29\/el-jefe-de-gabinete-dice-que-no-tiene-previsto-transferir-las-rutas-nacionales-a-la-pampa\/"},"author":{"name":"Diario1 Diario1","@id":"https:\/\/diariotextual.com\/inicio\/#\/schema\/person\/418fc4093c33e86ed41562db3508f958"},"headline":"El jefe de Gabinete dice que no tiene previsto transferir las rutas nacionales a La Pampa","datePublished":"2026-04-29T14:39:36+00:00","dateModified":"2026-04-29T14:45:46+00:00","mainEntityOfPage":{"@id":"https:\/\/diariotextual.com\/inicio\/index.php\/2026\/04\/29\/el-jefe-de-gabinete-dice-que-no-tiene-previsto-transferir-las-rutas-nacionales-a-la-pampa\/"},"wordCount":329,"publisher":{"@id":"https:\/\/diariotextual.com\/inicio\/#organization"},"image":{"@id":"https:\/\/diariotextual.com\/inicio\/index.php\/2026\/04\/29\/el-jefe-de-gabinete-dice-que-no-tiene-previsto-transferir-las-rutas-nacionales-a-la-pampa\/#primaryimage"},"thumbnailUrl":"https:\/\/diariotextual.com\/inicio\/wp-content\/uploads\/2026\/04\/adornimanuelinformecongreso2026-23.jpg","articleSection":["A - DESTACADAS (mod 16)","POLITICA"],"inLanguage":"es"},{"@type":"WebPage","@id":"https:\/\/diariotextual.com\/inicio\/index.php\/2026\/04\/29\/el-jefe-de-gabinete-dice-que-no-tiene-previsto-transferir-las-rutas-nacionales-a-la-pampa\/","url":"https:\/\/diariotextual.com\/inicio\/index.php\/2026\/04\/29\/el-jefe-de-gabinete-dice-que-no-tiene-previsto-transferir-las-rutas-nacionales-a-la-pampa\/","name":"El jefe de Gabinete dice que no tiene previsto transferir las rutas nacionales a La Pampa - Diario Textual","isPartOf":{"@id":"https:\/\/diariotextual.com\/inicio\/#website"},"primaryImageOfPage":{"@id":"https:\/\/diariotextual.com\/inicio\/index.php\/2026\/04\/29\/el-jefe-de-gabinete-dice-que-no-tiene-previsto-transferir-las-rutas-nacionales-a-la-pampa\/#primaryimage"},"image":{"@id":"https:\/\/diariotextual.com\/inicio\/index.php\/2026\/04\/29\/el-jefe-de-gabinete-dice-que-no-tiene-previsto-transferir-las-rutas-nacionales-a-la-pampa\/#primaryimage"},"thumbnailUrl":"https:\/\/diariotextual.com\/inicio\/wp-content\/uploads\/2026\/04\/adornimanuelinformecongreso2026-23.jpg","datePublished":"2026-04-29T14:39:36+00:00","dateModified":"2026-04-29T14:45:46+00:00","breadcrumb":{"@id":"https:\/\/diariotextual.com\/inicio\/index.php\/2026\/04\/29\/el-jefe-de-gabinete-dice-que-no-tiene-previsto-transferir-las-rutas-nacionales-a-la-pampa\/#breadcrumb"},"inLanguage":"es","potentialAction":[{"@type":"ReadAction","target":["https:\/\/diariotextual.com\/inicio\/index.php\/2026\/04\/29\/el-jefe-de-gabinete-dice-que-no-tiene-previsto-transferir-las-rutas-nacionales-a-la-pampa\/"]}]},{"@type":"ImageObject","inLanguage":"es","@id":"https:\/\/diariotextual.com\/inicio\/index.php\/2026\/04\/29\/el-jefe-de-gabinete-dice-que-no-tiene-previsto-transferir-las-rutas-nacionales-a-la-pampa\/#primaryimage","url":"https:\/\/diariotextual.com\/inicio\/wp-content\/uploads\/2026\/04\/adornimanuelinformecongreso2026-23.jpg","contentUrl":"https:\/\/diariotextual.com\/inicio\/wp-content\/uploads\/2026\/04\/adornimanuelinformecongreso2026-23.jpg","width":1300,"height":867},{"@type":"BreadcrumbList","@id":"https:\/\/diariotextual.com\/inicio\/index.php\/2026\/04\/29\/el-jefe-de-gabinete-dice-que-no-tiene-previsto-transferir-las-rutas-nacionales-a-la-pampa\/#breadcrumb","itemListElement":[{"@type":"ListItem","position":1,"name":"Portada","item":"https:\/\/diariotextual.com\/inicio\/"},{"@type":"ListItem","position":2,"name":"El jefe de Gabinete dice que no tiene previsto transferir las rutas nacionales a La Pampa"}]},{"@type":"WebSite","@id":"https:\/\/diariotextual.com\/inicio\/#website","url":"https:\/\/diariotextual.com\/inicio\/","name":"Diario Textual","description":"","publisher":{"@id":"https:\/\/diariotextual.com\/inicio\/#organization"},"potentialAction":[{"@type":"SearchAction","target":{"@type":"EntryPoint","urlTemplate":"https:\/\/diariotextual.com\/inicio\/?s={search_term_string}"},"query-input":{"@type":"PropertyValueSpecification","valueRequired":true,"valueName":"search_term_string"}}],"inLanguage":"es"},{"@type":"Organization","@id":"https:\/\/diariotextual.com\/inicio\/#organization","name":"Diario Textual","url":"https:\/\/diariotextual.com\/inicio\/","logo":{"@type":"ImageObject","inLanguage":"es","@id":"https:\/\/diariotextual.com\/inicio\/#\/schema\/logo\/image\/","url":"https:\/\/diariotextual.com\/inicio\/wp-content\/uploads\/2023\/05\/logotextual1.jpg","contentUrl":"https:\/\/diariotextual.com\/inicio\/wp-content\/uploads\/2023\/05\/logotextual1.jpg","width":516,"height":76,"caption":"Diario Textual"},"image":{"@id":"https:\/\/diariotextual.com\/inicio\/#\/schema\/logo\/image\/"},"sameAs":["https:\/\/www.facebook.com\/eltextual","https:\/\/x.com\/eltextual","http:\/\/www.instagram.com\/eltextual"]},{"@type":"Person","@id":"https:\/\/diariotextual.com\/inicio\/#\/schema\/person\/418fc4093c33e86ed41562db3508f958","name":"Diario1 Diario1","image":{"@type":"ImageObject","inLanguage":"es","@id":"https:\/\/secure.gravatar.com\/avatar\/9167d280179c85bc18be67aa7eda765854300033af4896dd779b608640f2ef7a?s=96&d=mm&r=g","url":"https:\/\/secure.gravatar.com\/avatar\/9167d280179c85bc18be67aa7eda765854300033af4896dd779b608640f2ef7a?s=96&d=mm&r=g","contentUrl":"https:\/\/secure.gravatar.com\/avatar\/9167d280179c85bc18be67aa7eda765854300033af4896dd779b608640f2ef7a?s=96&d=mm&r=g","caption":"Diario1 Diario1"},"url":"https:\/\/diariotextual.com\/inicio\/index.php\/author\/diario1\/"}]}},"_links":{"self":[{"href":"https:\/\/diariotextual.com\/inicio\/index.php\/wp-json\/wp\/v2\/posts\/325958","targetHints":{"allow":["GET"]}}],"collection":[{"href":"https:\/\/diariotextual.com\/inicio\/index.php\/wp-json\/wp\/v2\/posts"}],"about":[{"href":"https:\/\/diariotextual.com\/inicio\/index.php\/wp-json\/wp\/v2\/types\/post"}],"author":[{"embeddable":true,"href":"https:\/\/diariotextual.com\/inicio\/index.php\/wp-json\/wp\/v2\/users\/3"}],"replies":[{"embeddable":true,"href":"https:\/\/diariotextual.com\/inicio\/index.php\/wp-json\/wp\/v2\/comments?post=325958"}],"version-history":[{"count":4,"href":"https:\/\/diariotextual.com\/inicio\/index.php\/wp-json\/wp\/v2\/posts\/325958\/revisions"}],"predecessor-version":[{"id":325965,"href":"https:\/\/diariotextual.com\/inicio\/index.php\/wp-json\/wp\/v2\/posts\/325958\/revisions\/325965"}],"wp:featuredmedia":[{"embeddable":true,"href":"https:\/\/diariotextual.com\/inicio\/index.php\/wp-json\/wp\/v2\/media\/325966"}],"wp:attachment":[{"href":"https:\/\/diariotextual.com\/inicio\/index.php\/wp-json\/wp\/v2\/media?parent=325958"}],"wp:term":[{"taxonomy":"category","embeddable":true,"href":"https:\/\/diariotextual.com\/inicio\/index.php\/wp-json\/wp\/v2\/categories?post=325958"},{"taxonomy":"post_tag","embeddable":true,"href":"https:\/\/diariotextual.com\/inicio\/index.php\/wp-json\/wp\/v2\/tags?post=325958"}],"curies":[{"name":"wp","href":"https:\/\/api.w.org\/{rel}","templated":true}]}}