{"id":325973,"date":"2026-04-29T15:36:17","date_gmt":"2026-04-29T18:36:17","guid":{"rendered":"https:\/\/diariotextual.com\/inicio\/?p=325973"},"modified":"2026-04-29T15:37:45","modified_gmt":"2026-04-29T18:37:45","slug":"adorni-en-el-congreso-no-cometi-delito-y-no-voy-a-renunciar","status":"publish","type":"post","link":"https:\/\/diariotextual.com\/inicio\/index.php\/2026\/04\/29\/adorni-en-el-congreso-no-cometi-delito-y-no-voy-a-renunciar\/","title":{"rendered":"Adorni en el Congreso: \u201cNo comet\u00ed delito y no voy a renunciar\u201d"},"content":{"rendered":"\n<p><strong><br>El jefe de Gabinete, Manuel Adorni, asegur\u00f3 que no va a renunciar<\/strong>\u00a0a su cargo, ante la consulta de la oposici\u00f3n, que considera que debe dar un paso al costado por las sospechas de corrupci\u00f3n que recaen sobre \u00e9l.<\/p>\n\n\n\n<p>\u201cRespecto de la pregunta acerca de si voy a presentar la renuncia o si voy a continuar como jefe de Gabinete,\u00a0<strong>quiero dejarles en claro a todos que no<\/strong>. Por el contrario: estoy ac\u00e1 dando la cara. El presidente de la Naci\u00f3n me confi\u00f3 el honor y la responsabilidad de coordinar el Gabinete de Ministros del gobierno m\u00e1s reformista de la historia. Es para m\u00ed un orgullo estar adelante de esta tarea porque los argentinos ven\u00edan esperando esta reforma desde hac\u00eda d\u00e9cadas, y por culpa de su sistem\u00e1tica postergaci\u00f3n es que se vieron empujados una y otra vez a una mayor pobreza.\u00a0<strong>Voy y vamos a seguir trabajando para materializar el sue\u00f1o de una Argentina diferente<\/strong>, porque sabemos que es posible y sabemos c\u00f3mo llevarlo a cabo. Y seguir\u00e9 dando cuenta ante esta C\u00e1mara del trabajo hecho, seg\u00fan dicta el art\u00edculo 101 de nuestra Constituci\u00f3n Nacional\u201d, dijo.<\/p>\n\n\n\n<p>Adem\u00e1s, asegur\u00f3 que los pagos de todos los viajes que realiz\u00f3 con su familia los \u201cafront\u00f3\u201d \u00e9l mismo de su propio bolsillo, y aclar\u00f3 que no hubo ning\u00fan tipo de financiamiento \u201cde terceros\u201d ni \u201cobsequios de ning\u00fan tipo\u201d.<\/p>\n\n\n\n<p><strong>\u201cQuiero dejar en claro que he afrontado yo mismo los pagos de todos los viajes que realic\u00e9 con mi familia y que \u00fanicamente se circunscribieron a vacaciones personales y de mi c\u00edrculo familiar. No se trataron de viajes financiados por terceros en el marco del Decreto 1179\/2016, ni de obsequios de ning\u00fan tipo\u201d,<\/strong>\u00a0dijo el ministro coordinador.\u00a0<\/p>\n\n\n\n<p>As\u00ed se refiri\u00f3 durante el informe de gesti\u00f3n en la C\u00e1mara de Diputados a los numerosos viajes que realiz\u00f3 a<strong>&nbsp;Punta del Este y Aruba<\/strong>, entre otros destinos vacacionales, que se encuentran bajo la lupa de la Justicia ya que el elevado costo de los vuelos, estad\u00eda y gastos para toda la familia no se condice con su nivel de ingresos.&nbsp;<\/p>\n\n\n\n<p>\u201c<strong>Los miembros de esta C\u00e1mara quieren asemejar el gasto privado con el gasto p\u00fablico y a las actividades de mi vida privada con actos de gobierno. Ni constitucional ni penal ni civilmente son comparables<\/strong>\u201d, indic\u00f3.\u00a0 \u201cEn todos los casos intervinieron, como corresponde, la Direcci\u00f3n Nacional de Migraciones, la Direcci\u00f3n General de Aduanas o la Polic\u00eda de Seguridad Aeroportuaria, y se llevaron a cabo todos los registros correspondientes\u201d.\u00a0<\/p>\n\n\n\n<p><strong>\u201cEl Estado Nacional no registra ning\u00fan pago de costos sobre mis viajes personales y es por eso que inform\u00e9 siempre el car\u00e1cter privado y propio de mis erogaciones\u201d<\/strong>, se\u00f1al\u00f3.&nbsp;<\/p>\n\n\n\n<p>Para Adorni, \u201clas manifestaciones que se realizaron p\u00fablicamente relativas al costeo por terceros de los viajes son tendenciosas y, adem\u00e1s, falsas\u201d, ya que \u201cpretenden dar por probada medi\u00e1ticamente una hip\u00f3tesis incorrecta\u201d.<\/p>\n\n\n\n<figure class=\"wp-block-embed is-type-wp-embed is-provider-diario-textual wp-block-embed-diario-textual\"><div class=\"wp-block-embed__wrapper\">\n<blockquote class=\"wp-embedded-content\" data-secret=\"PopjNsH11d\"><a href=\"https:\/\/diariotextual.com\/inicio\/index.php\/2026\/04\/29\/insolita-respuesta-adorni-dijo-que-no-tiene-las-notas-de-la-pampa-pidiendo-atn-por-las-emergencia-de-incendios-y-de-santa-rosa\/\">Adorni, con otra mentira: dijo que La Pampa no pidi\u00f3 ATN por las emergencias de incendios y de Santa Rosa<\/a><\/blockquote><iframe class=\"wp-embedded-content\" sandbox=\"allow-scripts\" security=\"restricted\" style=\"position: absolute; visibility: hidden;\" title=\"\u00abAdorni, con otra mentira: dijo que La Pampa no pidi\u00f3 ATN por las emergencias de incendios y de Santa Rosa\u00bb \u2014 Diario Textual\" src=\"https:\/\/diariotextual.com\/inicio\/index.php\/2026\/04\/29\/insolita-respuesta-adorni-dijo-que-no-tiene-las-notas-de-la-pampa-pidiendo-atn-por-las-emergencia-de-incendios-y-de-santa-rosa\/embed\/#?secret=gKPKpJk9I0#?secret=PopjNsH11d\" data-secret=\"PopjNsH11d\" width=\"600\" height=\"338\" frameborder=\"0\" marginwidth=\"0\" marginheight=\"0\" scrolling=\"no\"><\/iframe>\n<\/div><\/figure>\n\n\n\n<p><\/p>\n\n\n\n<p>Por otra parte, justific\u00f3 la invitaci\u00f3n a su esposa<strong>\u00a0Bettina Angeletti<\/strong>\u00a0para que fuera parte de la comitiva oficial que lo acompa\u00f1\u00f3 a un viaje oficial a Miami y a Nueva York.<\/p>\n\n\n\n<p>\u201c<strong>Fue aclarado en la Justicia que mi esposa viaj\u00f3 como invitada exclusivamente en el vuelo de salida del pa\u00eds y que regres\u00f3 en un vuelo comercial el 15 de marzo de 2026\u201d<\/strong>, detall\u00f3.<\/p>\n\n\n\n<p>\u201cTanto el Ministerio P\u00fablico Fiscal como el Poder Judicial ya se expidieron sobre este tema. Afirmaron que no existi\u00f3 delito ni irregularidad en la invitaci\u00f3n de mi esposa en el viaje del 6 de marzo de 2026 con destino a las ciudades de Miami y Nueva York, cuya Comitiva Oficial fue aprobada conforme al Decreto 713\/16\u201d, precis\u00f3.&nbsp;<\/p>\n\n\n\n<p>Aclar\u00f3 en ese sentido que&nbsp;<strong>\u201cla decisi\u00f3n sobre la invitaci\u00f3n de la Comitiva Oficial comprende, tal como lo han indicado la fiscal como el juez interviniente en la correspondiente causa judicial, una cuesti\u00f3n discrecional de Presidencia<\/strong>, de conformidad con los marcos legales vigentes\u201d.&nbsp;<\/p>\n\n\n\n<p>Y remarc\u00f3 que \u201ccomo parte de un vuelo presidencial, no se encuentran alcanzadas por la Decisi\u00f3n Administrativa 9\/2026\u201d.<\/p>\n\n\n\n<p>En tanto, Adorni resalt\u00f3 que \u201cla fiscal interviniente, a quien se le deleg\u00f3 la investigaci\u00f3n, requiri\u00f3 archivar la causa d\u00e1ndonos la raz\u00f3n: la misi\u00f3n fue debidamente autorizada y NO hubo delito\u201d.&nbsp;<\/p>\n\n\n\n<p>\u201c<strong>Siguiendo su criterio, el juez federal orden\u00f3 su archivo. Es decir, se comprob\u00f3 judicialmente que no hubo ning\u00fan gasto de vi\u00e1ticos, alojamiento, comida, o de cualquier tipo de parte del Estado Nacional y que no existi\u00f3 incumplimiento en su invitaci\u00f3n<\/strong>\u201d, enfatiz\u00f3.&nbsp;<\/p>\n\n\n\n<p>\u201cEs lo que siempre dijimos. Esto prueba que, cuando se le permite a la Justicia actuar, se caen las operaciones pol\u00edticas que se intentan instalar en esta C\u00e1mara\u201d, concluy\u00f3.&nbsp;<\/p>\n\n\n\n<p>Sobre las supuestas inconsistencias en sus declaraciones juradas, dijo que cumpli\u00f3 con todas sus obligaciones previstas en la Ley de \u00c9tica P\u00fablica.&nbsp;<\/p>\n\n\n\n<p><strong>\u00abAcompa\u00f1\u00e9 todas las declaraciones juradas que requiere la normativa<\/strong>. Como saben, las declaraciones juradas tienen un componente p\u00fablico y un componente reservado. En el componente p\u00fablico se encuentran los detalles de todos los bienes que componen mi patrimonio, respecto de los cuales nunca existi\u00f3 ocultaci\u00f3n alguna\u201d, subray\u00f3.&nbsp;<\/p>\n\n\n\n<p>Al respecto, record\u00f3 que a\u00fan no venci\u00f3 el plazo para la presentaci\u00f3n de su \u00faltima declaraci\u00f3n jurada.\u00a0<\/p>\n\n\n\n<p>\u201cSomos los primeros en respetar la divisi\u00f3n de poderes y bajo ninguna presi\u00f3n pol\u00edtica obstruiremos el avance de ninguna causa judicial. Por todo lo expuesto, debo hacerles una observaci\u00f3n necesaria: han sacado conclusiones equivocadas. Y quiero ser m\u00e1s claro todav\u00eda:<strong>&nbsp;no comet\u00ed ning\u00fan delito y voy a probarlo en la Justicia\u201d<\/strong>, finaliz\u00f3.&nbsp;<\/p>\n\n\n\n<p><\/p>\n","protected":false},"excerpt":{"rendered":"<p>El jefe de Gabinete, Manuel Adorni, asegur\u00f3 que no va a renunciar\u00a0a su cargo, ante la consulta de la oposici\u00f3n, que considera que debe dar un paso al costado por&hellip;<\/p>\n","protected":false},"author":3,"featured_media":325968,"comment_status":"closed","ping_status":"open","sticky":false,"template":"","format":"standard","meta":{"_acf_changed":false,"footnotes":""},"categories":[1,8],"tags":[],"class_list":["post-325973","post","type-post","status-publish","format-standard","has-post-thumbnail","hentry","category-es-noticia","category-politica"],"acf":[],"yoast_head":"<!-- This site is optimized with the Yoast SEO plugin v27.5 - https:\/\/yoast.com\/product\/yoast-seo-wordpress\/ -->\n<title>Adorni en el Congreso: \u201cNo comet\u00ed delito y no voy a renunciar\u201d - Diario Textual<\/title>\n<meta name=\"robots\" content=\"index, follow, max-snippet:-1, max-image-preview:large, max-video-preview:-1\" \/>\n<link rel=\"canonical\" href=\"https:\/\/diariotextual.com\/inicio\/index.php\/2026\/04\/29\/adorni-en-el-congreso-no-cometi-delito-y-no-voy-a-renunciar\/\" \/>\n<meta property=\"og:locale\" content=\"es_ES\" \/>\n<meta property=\"og:type\" content=\"article\" \/>\n<meta property=\"og:title\" content=\"Adorni en el Congreso: \u201cNo comet\u00ed delito y no voy a renunciar\u201d - Diario Textual\" \/>\n<meta property=\"og:description\" content=\"El jefe de Gabinete, Manuel Adorni, asegur\u00f3 que no va a renunciar\u00a0a su cargo, ante la consulta de la oposici\u00f3n, que considera que debe dar un paso al costado por&hellip;\" \/>\n<meta property=\"og:url\" content=\"https:\/\/diariotextual.com\/inicio\/index.php\/2026\/04\/29\/adorni-en-el-congreso-no-cometi-delito-y-no-voy-a-renunciar\/\" \/>\n<meta property=\"og:site_name\" content=\"Diario Textual\" \/>\n<meta property=\"article:publisher\" content=\"https:\/\/www.facebook.com\/eltextual\" \/>\n<meta property=\"article:published_time\" content=\"2026-04-29T18:36:17+00:00\" \/>\n<meta property=\"article:modified_time\" content=\"2026-04-29T18:37:45+00:00\" \/>\n<meta property=\"og:image\" content=\"https:\/\/diariotextual.com\/inicio\/wp-content\/uploads\/2026\/04\/adornimanuelinformecongreso2026-30.jpg\" \/>\n\t<meta property=\"og:image:width\" content=\"1300\" \/>\n\t<meta property=\"og:image:height\" content=\"867\" \/>\n\t<meta property=\"og:image:type\" content=\"image\/jpeg\" \/>\n<meta name=\"author\" content=\"Diario1 Diario1\" \/>\n<meta name=\"twitter:card\" content=\"summary_large_image\" \/>\n<meta name=\"twitter:creator\" content=\"@eltextual\" \/>\n<meta name=\"twitter:site\" content=\"@eltextual\" \/>\n<meta name=\"twitter:label1\" content=\"Escrito por\" \/>\n\t<meta name=\"twitter:data1\" content=\"Diario1 Diario1\" \/>\n\t<meta name=\"twitter:label2\" content=\"Tiempo de lectura\" \/>\n\t<meta name=\"twitter:data2\" content=\"5 minutos\" \/>\n<script type=\"application\/ld+json\" class=\"yoast-schema-graph\">{\"@context\":\"https:\\\/\\\/schema.org\",\"@graph\":[{\"@type\":\"Article\",\"@id\":\"https:\\\/\\\/diariotextual.com\\\/inicio\\\/index.php\\\/2026\\\/04\\\/29\\\/adorni-en-el-congreso-no-cometi-delito-y-no-voy-a-renunciar\\\/#article\",\"isPartOf\":{\"@id\":\"https:\\\/\\\/diariotextual.com\\\/inicio\\\/index.php\\\/2026\\\/04\\\/29\\\/adorni-en-el-congreso-no-cometi-delito-y-no-voy-a-renunciar\\\/\"},\"author\":{\"name\":\"Diario1 Diario1\",\"@id\":\"https:\\\/\\\/diariotextual.com\\\/inicio\\\/#\\\/schema\\\/person\\\/418fc4093c33e86ed41562db3508f958\"},\"headline\":\"Adorni en el Congreso: \u201cNo comet\u00ed delito y no voy a renunciar\u201d\",\"datePublished\":\"2026-04-29T18:36:17+00:00\",\"dateModified\":\"2026-04-29T18:37:45+00:00\",\"mainEntityOfPage\":{\"@id\":\"https:\\\/\\\/diariotextual.com\\\/inicio\\\/index.php\\\/2026\\\/04\\\/29\\\/adorni-en-el-congreso-no-cometi-delito-y-no-voy-a-renunciar\\\/\"},\"wordCount\":981,\"publisher\":{\"@id\":\"https:\\\/\\\/diariotextual.com\\\/inicio\\\/#organization\"},\"image\":{\"@id\":\"https:\\\/\\\/diariotextual.com\\\/inicio\\\/index.php\\\/2026\\\/04\\\/29\\\/adorni-en-el-congreso-no-cometi-delito-y-no-voy-a-renunciar\\\/#primaryimage\"},\"thumbnailUrl\":\"https:\\\/\\\/diariotextual.com\\\/inicio\\\/wp-content\\\/uploads\\\/2026\\\/04\\\/adornimanuelinformecongreso2026-30.jpg\",\"articleSection\":[\"A - ES NOTICIA (van abajo)\",\"POLITICA\"],\"inLanguage\":\"es\"},{\"@type\":\"WebPage\",\"@id\":\"https:\\\/\\\/diariotextual.com\\\/inicio\\\/index.php\\\/2026\\\/04\\\/29\\\/adorni-en-el-congreso-no-cometi-delito-y-no-voy-a-renunciar\\\/\",\"url\":\"https:\\\/\\\/diariotextual.com\\\/inicio\\\/index.php\\\/2026\\\/04\\\/29\\\/adorni-en-el-congreso-no-cometi-delito-y-no-voy-a-renunciar\\\/\",\"name\":\"Adorni en el Congreso: \u201cNo comet\u00ed delito y no voy a renunciar\u201d - Diario Textual\",\"isPartOf\":{\"@id\":\"https:\\\/\\\/diariotextual.com\\\/inicio\\\/#website\"},\"primaryImageOfPage\":{\"@id\":\"https:\\\/\\\/diariotextual.com\\\/inicio\\\/index.php\\\/2026\\\/04\\\/29\\\/adorni-en-el-congreso-no-cometi-delito-y-no-voy-a-renunciar\\\/#primaryimage\"},\"image\":{\"@id\":\"https:\\\/\\\/diariotextual.com\\\/inicio\\\/index.php\\\/2026\\\/04\\\/29\\\/adorni-en-el-congreso-no-cometi-delito-y-no-voy-a-renunciar\\\/#primaryimage\"},\"thumbnailUrl\":\"https:\\\/\\\/diariotextual.com\\\/inicio\\\/wp-content\\\/uploads\\\/2026\\\/04\\\/adornimanuelinformecongreso2026-30.jpg\",\"datePublished\":\"2026-04-29T18:36:17+00:00\",\"dateModified\":\"2026-04-29T18:37:45+00:00\",\"breadcrumb\":{\"@id\":\"https:\\\/\\\/diariotextual.com\\\/inicio\\\/index.php\\\/2026\\\/04\\\/29\\\/adorni-en-el-congreso-no-cometi-delito-y-no-voy-a-renunciar\\\/#breadcrumb\"},\"inLanguage\":\"es\",\"potentialAction\":[{\"@type\":\"ReadAction\",\"target\":[\"https:\\\/\\\/diariotextual.com\\\/inicio\\\/index.php\\\/2026\\\/04\\\/29\\\/adorni-en-el-congreso-no-cometi-delito-y-no-voy-a-renunciar\\\/\"]}]},{\"@type\":\"ImageObject\",\"inLanguage\":\"es\",\"@id\":\"https:\\\/\\\/diariotextual.com\\\/inicio\\\/index.php\\\/2026\\\/04\\\/29\\\/adorni-en-el-congreso-no-cometi-delito-y-no-voy-a-renunciar\\\/#primaryimage\",\"url\":\"https:\\\/\\\/diariotextual.com\\\/inicio\\\/wp-content\\\/uploads\\\/2026\\\/04\\\/adornimanuelinformecongreso2026-30.jpg\",\"contentUrl\":\"https:\\\/\\\/diariotextual.com\\\/inicio\\\/wp-content\\\/uploads\\\/2026\\\/04\\\/adornimanuelinformecongreso2026-30.jpg\",\"width\":1300,\"height\":867},{\"@type\":\"BreadcrumbList\",\"@id\":\"https:\\\/\\\/diariotextual.com\\\/inicio\\\/index.php\\\/2026\\\/04\\\/29\\\/adorni-en-el-congreso-no-cometi-delito-y-no-voy-a-renunciar\\\/#breadcrumb\",\"itemListElement\":[{\"@type\":\"ListItem\",\"position\":1,\"name\":\"Portada\",\"item\":\"https:\\\/\\\/diariotextual.com\\\/inicio\\\/\"},{\"@type\":\"ListItem\",\"position\":2,\"name\":\"Adorni en el Congreso: \u201cNo comet\u00ed delito y no voy a renunciar\u201d\"}]},{\"@type\":\"WebSite\",\"@id\":\"https:\\\/\\\/diariotextual.com\\\/inicio\\\/#website\",\"url\":\"https:\\\/\\\/diariotextual.com\\\/inicio\\\/\",\"name\":\"Diario Textual\",\"description\":\"\",\"publisher\":{\"@id\":\"https:\\\/\\\/diariotextual.com\\\/inicio\\\/#organization\"},\"potentialAction\":[{\"@type\":\"SearchAction\",\"target\":{\"@type\":\"EntryPoint\",\"urlTemplate\":\"https:\\\/\\\/diariotextual.com\\\/inicio\\\/?s={search_term_string}\"},\"query-input\":{\"@type\":\"PropertyValueSpecification\",\"valueRequired\":true,\"valueName\":\"search_term_string\"}}],\"inLanguage\":\"es\"},{\"@type\":\"Organization\",\"@id\":\"https:\\\/\\\/diariotextual.com\\\/inicio\\\/#organization\",\"name\":\"Diario Textual\",\"url\":\"https:\\\/\\\/diariotextual.com\\\/inicio\\\/\",\"logo\":{\"@type\":\"ImageObject\",\"inLanguage\":\"es\",\"@id\":\"https:\\\/\\\/diariotextual.com\\\/inicio\\\/#\\\/schema\\\/logo\\\/image\\\/\",\"url\":\"https:\\\/\\\/diariotextual.com\\\/inicio\\\/wp-content\\\/uploads\\\/2023\\\/05\\\/logotextual1.jpg\",\"contentUrl\":\"https:\\\/\\\/diariotextual.com\\\/inicio\\\/wp-content\\\/uploads\\\/2023\\\/05\\\/logotextual1.jpg\",\"width\":516,\"height\":76,\"caption\":\"Diario Textual\"},\"image\":{\"@id\":\"https:\\\/\\\/diariotextual.com\\\/inicio\\\/#\\\/schema\\\/logo\\\/image\\\/\"},\"sameAs\":[\"https:\\\/\\\/www.facebook.com\\\/eltextual\",\"https:\\\/\\\/x.com\\\/eltextual\",\"http:\\\/\\\/www.instagram.com\\\/eltextual\"]},{\"@type\":\"Person\",\"@id\":\"https:\\\/\\\/diariotextual.com\\\/inicio\\\/#\\\/schema\\\/person\\\/418fc4093c33e86ed41562db3508f958\",\"name\":\"Diario1 Diario1\",\"image\":{\"@type\":\"ImageObject\",\"inLanguage\":\"es\",\"@id\":\"https:\\\/\\\/secure.gravatar.com\\\/avatar\\\/9167d280179c85bc18be67aa7eda765854300033af4896dd779b608640f2ef7a?s=96&d=mm&r=g\",\"url\":\"https:\\\/\\\/secure.gravatar.com\\\/avatar\\\/9167d280179c85bc18be67aa7eda765854300033af4896dd779b608640f2ef7a?s=96&d=mm&r=g\",\"contentUrl\":\"https:\\\/\\\/secure.gravatar.com\\\/avatar\\\/9167d280179c85bc18be67aa7eda765854300033af4896dd779b608640f2ef7a?s=96&d=mm&r=g\",\"caption\":\"Diario1 Diario1\"},\"url\":\"https:\\\/\\\/diariotextual.com\\\/inicio\\\/index.php\\\/author\\\/diario1\\\/\"}]}<\/script>\n<!-- \/ Yoast SEO plugin. -->","yoast_head_json":{"title":"Adorni en el Congreso: \u201cNo comet\u00ed delito y no voy a renunciar\u201d - Diario Textual","robots":{"index":"index","follow":"follow","max-snippet":"max-snippet:-1","max-image-preview":"max-image-preview:large","max-video-preview":"max-video-preview:-1"},"canonical":"https:\/\/diariotextual.com\/inicio\/index.php\/2026\/04\/29\/adorni-en-el-congreso-no-cometi-delito-y-no-voy-a-renunciar\/","og_locale":"es_ES","og_type":"article","og_title":"Adorni en el Congreso: \u201cNo comet\u00ed delito y no voy a renunciar\u201d - Diario Textual","og_description":"El jefe de Gabinete, Manuel Adorni, asegur\u00f3 que no va a renunciar\u00a0a su cargo, ante la consulta de la oposici\u00f3n, que considera que debe dar un paso al costado por&hellip;","og_url":"https:\/\/diariotextual.com\/inicio\/index.php\/2026\/04\/29\/adorni-en-el-congreso-no-cometi-delito-y-no-voy-a-renunciar\/","og_site_name":"Diario Textual","article_publisher":"https:\/\/www.facebook.com\/eltextual","article_published_time":"2026-04-29T18:36:17+00:00","article_modified_time":"2026-04-29T18:37:45+00:00","og_image":[{"width":1300,"height":867,"url":"https:\/\/diariotextual.com\/inicio\/wp-content\/uploads\/2026\/04\/adornimanuelinformecongreso2026-30.jpg","type":"image\/jpeg"}],"author":"Diario1 Diario1","twitter_card":"summary_large_image","twitter_creator":"@eltextual","twitter_site":"@eltextual","twitter_misc":{"Escrito por":"Diario1 Diario1","Tiempo de lectura":"5 minutos"},"schema":{"@context":"https:\/\/schema.org","@graph":[{"@type":"Article","@id":"https:\/\/diariotextual.com\/inicio\/index.php\/2026\/04\/29\/adorni-en-el-congreso-no-cometi-delito-y-no-voy-a-renunciar\/#article","isPartOf":{"@id":"https:\/\/diariotextual.com\/inicio\/index.php\/2026\/04\/29\/adorni-en-el-congreso-no-cometi-delito-y-no-voy-a-renunciar\/"},"author":{"name":"Diario1 Diario1","@id":"https:\/\/diariotextual.com\/inicio\/#\/schema\/person\/418fc4093c33e86ed41562db3508f958"},"headline":"Adorni en el Congreso: \u201cNo comet\u00ed delito y no voy a renunciar\u201d","datePublished":"2026-04-29T18:36:17+00:00","dateModified":"2026-04-29T18:37:45+00:00","mainEntityOfPage":{"@id":"https:\/\/diariotextual.com\/inicio\/index.php\/2026\/04\/29\/adorni-en-el-congreso-no-cometi-delito-y-no-voy-a-renunciar\/"},"wordCount":981,"publisher":{"@id":"https:\/\/diariotextual.com\/inicio\/#organization"},"image":{"@id":"https:\/\/diariotextual.com\/inicio\/index.php\/2026\/04\/29\/adorni-en-el-congreso-no-cometi-delito-y-no-voy-a-renunciar\/#primaryimage"},"thumbnailUrl":"https:\/\/diariotextual.com\/inicio\/wp-content\/uploads\/2026\/04\/adornimanuelinformecongreso2026-30.jpg","articleSection":["A - ES NOTICIA (van abajo)","POLITICA"],"inLanguage":"es"},{"@type":"WebPage","@id":"https:\/\/diariotextual.com\/inicio\/index.php\/2026\/04\/29\/adorni-en-el-congreso-no-cometi-delito-y-no-voy-a-renunciar\/","url":"https:\/\/diariotextual.com\/inicio\/index.php\/2026\/04\/29\/adorni-en-el-congreso-no-cometi-delito-y-no-voy-a-renunciar\/","name":"Adorni en el Congreso: \u201cNo comet\u00ed delito y no voy a renunciar\u201d - Diario Textual","isPartOf":{"@id":"https:\/\/diariotextual.com\/inicio\/#website"},"primaryImageOfPage":{"@id":"https:\/\/diariotextual.com\/inicio\/index.php\/2026\/04\/29\/adorni-en-el-congreso-no-cometi-delito-y-no-voy-a-renunciar\/#primaryimage"},"image":{"@id":"https:\/\/diariotextual.com\/inicio\/index.php\/2026\/04\/29\/adorni-en-el-congreso-no-cometi-delito-y-no-voy-a-renunciar\/#primaryimage"},"thumbnailUrl":"https:\/\/diariotextual.com\/inicio\/wp-content\/uploads\/2026\/04\/adornimanuelinformecongreso2026-30.jpg","datePublished":"2026-04-29T18:36:17+00:00","dateModified":"2026-04-29T18:37:45+00:00","breadcrumb":{"@id":"https:\/\/diariotextual.com\/inicio\/index.php\/2026\/04\/29\/adorni-en-el-congreso-no-cometi-delito-y-no-voy-a-renunciar\/#breadcrumb"},"inLanguage":"es","potentialAction":[{"@type":"ReadAction","target":["https:\/\/diariotextual.com\/inicio\/index.php\/2026\/04\/29\/adorni-en-el-congreso-no-cometi-delito-y-no-voy-a-renunciar\/"]}]},{"@type":"ImageObject","inLanguage":"es","@id":"https:\/\/diariotextual.com\/inicio\/index.php\/2026\/04\/29\/adorni-en-el-congreso-no-cometi-delito-y-no-voy-a-renunciar\/#primaryimage","url":"https:\/\/diariotextual.com\/inicio\/wp-content\/uploads\/2026\/04\/adornimanuelinformecongreso2026-30.jpg","contentUrl":"https:\/\/diariotextual.com\/inicio\/wp-content\/uploads\/2026\/04\/adornimanuelinformecongreso2026-30.jpg","width":1300,"height":867},{"@type":"BreadcrumbList","@id":"https:\/\/diariotextual.com\/inicio\/index.php\/2026\/04\/29\/adorni-en-el-congreso-no-cometi-delito-y-no-voy-a-renunciar\/#breadcrumb","itemListElement":[{"@type":"ListItem","position":1,"name":"Portada","item":"https:\/\/diariotextual.com\/inicio\/"},{"@type":"ListItem","position":2,"name":"Adorni en el Congreso: \u201cNo comet\u00ed delito y no voy a renunciar\u201d"}]},{"@type":"WebSite","@id":"https:\/\/diariotextual.com\/inicio\/#website","url":"https:\/\/diariotextual.com\/inicio\/","name":"Diario Textual","description":"","publisher":{"@id":"https:\/\/diariotextual.com\/inicio\/#organization"},"potentialAction":[{"@type":"SearchAction","target":{"@type":"EntryPoint","urlTemplate":"https:\/\/diariotextual.com\/inicio\/?s={search_term_string}"},"query-input":{"@type":"PropertyValueSpecification","valueRequired":true,"valueName":"search_term_string"}}],"inLanguage":"es"},{"@type":"Organization","@id":"https:\/\/diariotextual.com\/inicio\/#organization","name":"Diario Textual","url":"https:\/\/diariotextual.com\/inicio\/","logo":{"@type":"ImageObject","inLanguage":"es","@id":"https:\/\/diariotextual.com\/inicio\/#\/schema\/logo\/image\/","url":"https:\/\/diariotextual.com\/inicio\/wp-content\/uploads\/2023\/05\/logotextual1.jpg","contentUrl":"https:\/\/diariotextual.com\/inicio\/wp-content\/uploads\/2023\/05\/logotextual1.jpg","width":516,"height":76,"caption":"Diario Textual"},"image":{"@id":"https:\/\/diariotextual.com\/inicio\/#\/schema\/logo\/image\/"},"sameAs":["https:\/\/www.facebook.com\/eltextual","https:\/\/x.com\/eltextual","http:\/\/www.instagram.com\/eltextual"]},{"@type":"Person","@id":"https:\/\/diariotextual.com\/inicio\/#\/schema\/person\/418fc4093c33e86ed41562db3508f958","name":"Diario1 Diario1","image":{"@type":"ImageObject","inLanguage":"es","@id":"https:\/\/secure.gravatar.com\/avatar\/9167d280179c85bc18be67aa7eda765854300033af4896dd779b608640f2ef7a?s=96&d=mm&r=g","url":"https:\/\/secure.gravatar.com\/avatar\/9167d280179c85bc18be67aa7eda765854300033af4896dd779b608640f2ef7a?s=96&d=mm&r=g","contentUrl":"https:\/\/secure.gravatar.com\/avatar\/9167d280179c85bc18be67aa7eda765854300033af4896dd779b608640f2ef7a?s=96&d=mm&r=g","caption":"Diario1 Diario1"},"url":"https:\/\/diariotextual.com\/inicio\/index.php\/author\/diario1\/"}]}},"_links":{"self":[{"href":"https:\/\/diariotextual.com\/inicio\/index.php\/wp-json\/wp\/v2\/posts\/325973","targetHints":{"allow":["GET"]}}],"collection":[{"href":"https:\/\/diariotextual.com\/inicio\/index.php\/wp-json\/wp\/v2\/posts"}],"about":[{"href":"https:\/\/diariotextual.com\/inicio\/index.php\/wp-json\/wp\/v2\/types\/post"}],"author":[{"embeddable":true,"href":"https:\/\/diariotextual.com\/inicio\/index.php\/wp-json\/wp\/v2\/users\/3"}],"replies":[{"embeddable":true,"href":"https:\/\/diariotextual.com\/inicio\/index.php\/wp-json\/wp\/v2\/comments?post=325973"}],"version-history":[{"count":2,"href":"https:\/\/diariotextual.com\/inicio\/index.php\/wp-json\/wp\/v2\/posts\/325973\/revisions"}],"predecessor-version":[{"id":325975,"href":"https:\/\/diariotextual.com\/inicio\/index.php\/wp-json\/wp\/v2\/posts\/325973\/revisions\/325975"}],"wp:featuredmedia":[{"embeddable":true,"href":"https:\/\/diariotextual.com\/inicio\/index.php\/wp-json\/wp\/v2\/media\/325968"}],"wp:attachment":[{"href":"https:\/\/diariotextual.com\/inicio\/index.php\/wp-json\/wp\/v2\/media?parent=325973"}],"wp:term":[{"taxonomy":"category","embeddable":true,"href":"https:\/\/diariotextual.com\/inicio\/index.php\/wp-json\/wp\/v2\/categories?post=325973"},{"taxonomy":"post_tag","embeddable":true,"href":"https:\/\/diariotextual.com\/inicio\/index.php\/wp-json\/wp\/v2\/tags?post=325973"}],"curies":[{"name":"wp","href":"https:\/\/api.w.org\/{rel}","templated":true}]}}