{"id":325981,"date":"2026-04-29T17:45:59","date_gmt":"2026-04-29T20:45:59","guid":{"rendered":"https:\/\/diariotextual.com\/inicio\/?p=325981"},"modified":"2026-04-29T18:01:34","modified_gmt":"2026-04-29T21:01:34","slug":"santa-rosa-taxistas-pidieron-declarar-la-emergencia-del-servicio-y-reclaman-definiciones-al-concejo","status":"publish","type":"post","link":"https:\/\/diariotextual.com\/inicio\/index.php\/2026\/04\/29\/santa-rosa-taxistas-pidieron-declarar-la-emergencia-del-servicio-y-reclaman-definiciones-al-concejo\/","title":{"rendered":"Santa Rosa: taxistas pidieron declarar la emergencia del servicio y reclaman definiciones al Concejo"},"content":{"rendered":"\n<p>El secretario general del Sindicato de Peones de Taxis, <strong>Jos\u00e9 Boccalatte<\/strong>, expuso este mi\u00e9rcoles en comisiones del concejo deliberante de Santa Rosa y respald\u00f3 el pedido para que se declare la <strong>emergencia del servicio de transporte p\u00fablico individual<\/strong> en la ciudad. En medio de la crisis y el desembarco de aplicaciones como Uber y Didi, se registra una ca\u00edda pronunciada en la cantidad de viajes y una reducci\u00f3n significativa de la flota.<\/p>\n\n\n\n<p>La solicitud fue presentada por la Asociaci\u00f3n Taxistas de la Terminal y ahora qued\u00f3 en manos de los concejales, quienes deber\u00e1n analizar la situaci\u00f3n y definir si avanzan con alguna medida concreta.<\/p>\n\n\n\n<div style=\"height:100px\" aria-hidden=\"true\" class=\"wp-block-spacer\"><\/div>\n\n\n\n<p><strong>Fuerte ca\u00edda de la actividad<\/strong><\/p>\n\n\n\n<p>Durante la reuni\u00f3n, Boccalatte describi\u00f3 un escenario cr\u00edtico para el sector, con una ca\u00edda pronunciada en la cantidad de viajes y una reducci\u00f3n significativa de la flota. Seg\u00fan los datos expuestos, la prestaci\u00f3n del servicio se redujo en m\u00e1s de un 50%, mientras que cerca de una cuarta parte de los veh\u00edculos dej\u00f3 de operar.<\/p>\n\n\n\n<p>El dirigente advirti\u00f3 que esta situaci\u00f3n afecta tanto a los trabajadores como a la calidad del servicio y pone en riesgo la continuidad de la actividad.<\/p>\n\n\n\n<div style=\"height:100px\" aria-hidden=\"true\" class=\"wp-block-spacer\"><\/div>\n\n\n\n<p><strong>Reclamo al Concejo<\/strong><\/p>\n\n\n\n<p>El eje del planteo est\u00e1 puesto en la necesidad de que el concejo deliberante reconozca formalmente la crisis y convoque a los distintos actores involucrados para buscar una salida integral.<\/p>\n\n\n\n<p>Desde el sector insisten en que el deterioro responde, en gran medida, al avance de plataformas digitales de transporte que \u2014seg\u00fan denuncian\u2014 funcionan sin cumplir las mismas exigencias regulatorias que los taxis.<\/p>\n\n\n\n<p>En paralelo a la exposici\u00f3n de los taxistas, tambi\u00e9n se present\u00f3 un referente vinculado a aplicaciones de viajes, que defendi\u00f3 el funcionamiento de estas plataformas.<\/p>\n\n\n\n<div style=\"height:100px\" aria-hidden=\"true\" class=\"wp-block-spacer\"><\/div>\n\n\n\n<p><strong>Una problem\u00e1tica que se profundiza<\/strong><\/p>\n\n\n\n<p>El conflicto no es nuevo. Desde hace meses, el sector viene alertando sobre la p\u00e9rdida de ingresos, la ca\u00edda de licencias y la falta de controles sobre los servicios no habilitados.<\/p>\n\n\n\n<p>A este escenario se suma la reciente llegada de nuevas aplicaciones a la ciudad, lo que, seg\u00fan Boccalatte, agrava a\u00fan m\u00e1s la situaci\u00f3n. \u201cEs un descontrol\u201d, hab\u00eda advertido tiempo atr\u00e1s en relaci\u00f3n al desembarco de estas plataformas.<\/p>\n\n\n\n<p>Ahora, el foco est\u00e1 puesto en la respuesta del concejo deliberante, que deber\u00e1 definir si declara la emergencia y qu\u00e9 medidas adopta frente a una actividad que atraviesa uno de sus momentos m\u00e1s complejos.<\/p>\n","protected":false},"excerpt":{"rendered":"<p>El secretario general del Sindicato de Peones de Taxis, Jos\u00e9 Boccalatte, expuso este mi\u00e9rcoles en comisiones del concejo deliberante de Santa Rosa y respald\u00f3 el pedido para que se declare&hellip;<\/p>\n","protected":false},"author":4,"featured_media":276864,"comment_status":"closed","ping_status":"open","sticky":false,"template":"","format":"standard","meta":{"_acf_changed":false,"footnotes":""},"categories":[4,12],"tags":[],"class_list":["post-325981","post","type-post","status-publish","format-standard","has-post-thumbnail","hentry","category-destacadas","category-sociedad"],"acf":[],"yoast_head":"<!-- This site is optimized with the Yoast SEO plugin v27.5 - https:\/\/yoast.com\/product\/yoast-seo-wordpress\/ -->\n<title>Santa Rosa: taxistas pidieron declarar la emergencia del servicio y reclaman definiciones al Concejo - Diario Textual<\/title>\n<meta name=\"robots\" content=\"index, follow, max-snippet:-1, max-image-preview:large, max-video-preview:-1\" \/>\n<link rel=\"canonical\" href=\"https:\/\/diariotextual.com\/inicio\/index.php\/2026\/04\/29\/santa-rosa-taxistas-pidieron-declarar-la-emergencia-del-servicio-y-reclaman-definiciones-al-concejo\/\" \/>\n<meta property=\"og:locale\" content=\"es_ES\" \/>\n<meta property=\"og:type\" content=\"article\" \/>\n<meta property=\"og:title\" content=\"Santa Rosa: taxistas pidieron declarar la emergencia del servicio y reclaman definiciones al Concejo - Diario Textual\" \/>\n<meta property=\"og:description\" content=\"El secretario general del Sindicato de Peones de Taxis, Jos\u00e9 Boccalatte, expuso este mi\u00e9rcoles en comisiones del concejo deliberante de Santa Rosa y respald\u00f3 el pedido para que se declare&hellip;\" \/>\n<meta property=\"og:url\" content=\"https:\/\/diariotextual.com\/inicio\/index.php\/2026\/04\/29\/santa-rosa-taxistas-pidieron-declarar-la-emergencia-del-servicio-y-reclaman-definiciones-al-concejo\/\" \/>\n<meta property=\"og:site_name\" content=\"Diario Textual\" \/>\n<meta property=\"article:publisher\" content=\"https:\/\/www.facebook.com\/eltextual\" \/>\n<meta property=\"article:published_time\" content=\"2026-04-29T20:45:59+00:00\" \/>\n<meta property=\"article:modified_time\" content=\"2026-04-29T21:01:34+00:00\" \/>\n<meta property=\"og:image\" content=\"https:\/\/diariotextual.com\/inicio\/wp-content\/uploads\/2024\/10\/ubersantarosataxistascontrauber2024-1.jpg\" \/>\n\t<meta property=\"og:image:width\" content=\"1280\" \/>\n\t<meta property=\"og:image:height\" content=\"808\" \/>\n\t<meta property=\"og:image:type\" content=\"image\/jpeg\" \/>\n<meta name=\"author\" content=\"diario2\" \/>\n<meta name=\"twitter:card\" content=\"summary_large_image\" \/>\n<meta name=\"twitter:creator\" content=\"@eltextual\" \/>\n<meta name=\"twitter:site\" content=\"@eltextual\" \/>\n<meta name=\"twitter:label1\" content=\"Escrito por\" \/>\n\t<meta name=\"twitter:data1\" content=\"diario2\" \/>\n\t<meta name=\"twitter:label2\" content=\"Tiempo de lectura\" \/>\n\t<meta name=\"twitter:data2\" content=\"2 minutos\" \/>\n<script type=\"application\/ld+json\" class=\"yoast-schema-graph\">{\"@context\":\"https:\\\/\\\/schema.org\",\"@graph\":[{\"@type\":\"Article\",\"@id\":\"https:\\\/\\\/diariotextual.com\\\/inicio\\\/index.php\\\/2026\\\/04\\\/29\\\/santa-rosa-taxistas-pidieron-declarar-la-emergencia-del-servicio-y-reclaman-definiciones-al-concejo\\\/#article\",\"isPartOf\":{\"@id\":\"https:\\\/\\\/diariotextual.com\\\/inicio\\\/index.php\\\/2026\\\/04\\\/29\\\/santa-rosa-taxistas-pidieron-declarar-la-emergencia-del-servicio-y-reclaman-definiciones-al-concejo\\\/\"},\"author\":{\"name\":\"diario2\",\"@id\":\"https:\\\/\\\/diariotextual.com\\\/inicio\\\/#\\\/schema\\\/person\\\/694f60677f23c4a530867a98f22b3768\"},\"headline\":\"Santa Rosa: taxistas pidieron declarar la emergencia del servicio y reclaman definiciones al Concejo\",\"datePublished\":\"2026-04-29T20:45:59+00:00\",\"dateModified\":\"2026-04-29T21:01:34+00:00\",\"mainEntityOfPage\":{\"@id\":\"https:\\\/\\\/diariotextual.com\\\/inicio\\\/index.php\\\/2026\\\/04\\\/29\\\/santa-rosa-taxistas-pidieron-declarar-la-emergencia-del-servicio-y-reclaman-definiciones-al-concejo\\\/\"},\"wordCount\":431,\"publisher\":{\"@id\":\"https:\\\/\\\/diariotextual.com\\\/inicio\\\/#organization\"},\"image\":{\"@id\":\"https:\\\/\\\/diariotextual.com\\\/inicio\\\/index.php\\\/2026\\\/04\\\/29\\\/santa-rosa-taxistas-pidieron-declarar-la-emergencia-del-servicio-y-reclaman-definiciones-al-concejo\\\/#primaryimage\"},\"thumbnailUrl\":\"https:\\\/\\\/diariotextual.com\\\/inicio\\\/wp-content\\\/uploads\\\/2024\\\/10\\\/ubersantarosataxistascontrauber2024-1.jpg\",\"articleSection\":[\"A - DESTACADAS (mod 16)\",\"SOCIEDAD\"],\"inLanguage\":\"es\"},{\"@type\":\"WebPage\",\"@id\":\"https:\\\/\\\/diariotextual.com\\\/inicio\\\/index.php\\\/2026\\\/04\\\/29\\\/santa-rosa-taxistas-pidieron-declarar-la-emergencia-del-servicio-y-reclaman-definiciones-al-concejo\\\/\",\"url\":\"https:\\\/\\\/diariotextual.com\\\/inicio\\\/index.php\\\/2026\\\/04\\\/29\\\/santa-rosa-taxistas-pidieron-declarar-la-emergencia-del-servicio-y-reclaman-definiciones-al-concejo\\\/\",\"name\":\"Santa Rosa: taxistas pidieron declarar la emergencia del servicio y reclaman definiciones al Concejo - Diario Textual\",\"isPartOf\":{\"@id\":\"https:\\\/\\\/diariotextual.com\\\/inicio\\\/#website\"},\"primaryImageOfPage\":{\"@id\":\"https:\\\/\\\/diariotextual.com\\\/inicio\\\/index.php\\\/2026\\\/04\\\/29\\\/santa-rosa-taxistas-pidieron-declarar-la-emergencia-del-servicio-y-reclaman-definiciones-al-concejo\\\/#primaryimage\"},\"image\":{\"@id\":\"https:\\\/\\\/diariotextual.com\\\/inicio\\\/index.php\\\/2026\\\/04\\\/29\\\/santa-rosa-taxistas-pidieron-declarar-la-emergencia-del-servicio-y-reclaman-definiciones-al-concejo\\\/#primaryimage\"},\"thumbnailUrl\":\"https:\\\/\\\/diariotextual.com\\\/inicio\\\/wp-content\\\/uploads\\\/2024\\\/10\\\/ubersantarosataxistascontrauber2024-1.jpg\",\"datePublished\":\"2026-04-29T20:45:59+00:00\",\"dateModified\":\"2026-04-29T21:01:34+00:00\",\"breadcrumb\":{\"@id\":\"https:\\\/\\\/diariotextual.com\\\/inicio\\\/index.php\\\/2026\\\/04\\\/29\\\/santa-rosa-taxistas-pidieron-declarar-la-emergencia-del-servicio-y-reclaman-definiciones-al-concejo\\\/#breadcrumb\"},\"inLanguage\":\"es\",\"potentialAction\":[{\"@type\":\"ReadAction\",\"target\":[\"https:\\\/\\\/diariotextual.com\\\/inicio\\\/index.php\\\/2026\\\/04\\\/29\\\/santa-rosa-taxistas-pidieron-declarar-la-emergencia-del-servicio-y-reclaman-definiciones-al-concejo\\\/\"]}]},{\"@type\":\"ImageObject\",\"inLanguage\":\"es\",\"@id\":\"https:\\\/\\\/diariotextual.com\\\/inicio\\\/index.php\\\/2026\\\/04\\\/29\\\/santa-rosa-taxistas-pidieron-declarar-la-emergencia-del-servicio-y-reclaman-definiciones-al-concejo\\\/#primaryimage\",\"url\":\"https:\\\/\\\/diariotextual.com\\\/inicio\\\/wp-content\\\/uploads\\\/2024\\\/10\\\/ubersantarosataxistascontrauber2024-1.jpg\",\"contentUrl\":\"https:\\\/\\\/diariotextual.com\\\/inicio\\\/wp-content\\\/uploads\\\/2024\\\/10\\\/ubersantarosataxistascontrauber2024-1.jpg\",\"width\":1280,\"height\":808},{\"@type\":\"BreadcrumbList\",\"@id\":\"https:\\\/\\\/diariotextual.com\\\/inicio\\\/index.php\\\/2026\\\/04\\\/29\\\/santa-rosa-taxistas-pidieron-declarar-la-emergencia-del-servicio-y-reclaman-definiciones-al-concejo\\\/#breadcrumb\",\"itemListElement\":[{\"@type\":\"ListItem\",\"position\":1,\"name\":\"Portada\",\"item\":\"https:\\\/\\\/diariotextual.com\\\/inicio\\\/\"},{\"@type\":\"ListItem\",\"position\":2,\"name\":\"Santa Rosa: taxistas pidieron declarar la emergencia del servicio y reclaman definiciones al Concejo\"}]},{\"@type\":\"WebSite\",\"@id\":\"https:\\\/\\\/diariotextual.com\\\/inicio\\\/#website\",\"url\":\"https:\\\/\\\/diariotextual.com\\\/inicio\\\/\",\"name\":\"Diario Textual\",\"description\":\"\",\"publisher\":{\"@id\":\"https:\\\/\\\/diariotextual.com\\\/inicio\\\/#organization\"},\"potentialAction\":[{\"@type\":\"SearchAction\",\"target\":{\"@type\":\"EntryPoint\",\"urlTemplate\":\"https:\\\/\\\/diariotextual.com\\\/inicio\\\/?s={search_term_string}\"},\"query-input\":{\"@type\":\"PropertyValueSpecification\",\"valueRequired\":true,\"valueName\":\"search_term_string\"}}],\"inLanguage\":\"es\"},{\"@type\":\"Organization\",\"@id\":\"https:\\\/\\\/diariotextual.com\\\/inicio\\\/#organization\",\"name\":\"Diario Textual\",\"url\":\"https:\\\/\\\/diariotextual.com\\\/inicio\\\/\",\"logo\":{\"@type\":\"ImageObject\",\"inLanguage\":\"es\",\"@id\":\"https:\\\/\\\/diariotextual.com\\\/inicio\\\/#\\\/schema\\\/logo\\\/image\\\/\",\"url\":\"https:\\\/\\\/diariotextual.com\\\/inicio\\\/wp-content\\\/uploads\\\/2023\\\/05\\\/logotextual1.jpg\",\"contentUrl\":\"https:\\\/\\\/diariotextual.com\\\/inicio\\\/wp-content\\\/uploads\\\/2023\\\/05\\\/logotextual1.jpg\",\"width\":516,\"height\":76,\"caption\":\"Diario Textual\"},\"image\":{\"@id\":\"https:\\\/\\\/diariotextual.com\\\/inicio\\\/#\\\/schema\\\/logo\\\/image\\\/\"},\"sameAs\":[\"https:\\\/\\\/www.facebook.com\\\/eltextual\",\"https:\\\/\\\/x.com\\\/eltextual\",\"http:\\\/\\\/www.instagram.com\\\/eltextual\"]},{\"@type\":\"Person\",\"@id\":\"https:\\\/\\\/diariotextual.com\\\/inicio\\\/#\\\/schema\\\/person\\\/694f60677f23c4a530867a98f22b3768\",\"name\":\"diario2\",\"image\":{\"@type\":\"ImageObject\",\"inLanguage\":\"es\",\"@id\":\"https:\\\/\\\/secure.gravatar.com\\\/avatar\\\/5a2567495ba16b852fcd8f1ed006a2e24fcace936018ed8237e95f488ad6e0a7?s=96&d=mm&r=g\",\"url\":\"https:\\\/\\\/secure.gravatar.com\\\/avatar\\\/5a2567495ba16b852fcd8f1ed006a2e24fcace936018ed8237e95f488ad6e0a7?s=96&d=mm&r=g\",\"contentUrl\":\"https:\\\/\\\/secure.gravatar.com\\\/avatar\\\/5a2567495ba16b852fcd8f1ed006a2e24fcace936018ed8237e95f488ad6e0a7?s=96&d=mm&r=g\",\"caption\":\"diario2\"},\"url\":\"https:\\\/\\\/diariotextual.com\\\/inicio\\\/index.php\\\/author\\\/diario2\\\/\"}]}<\/script>\n<!-- \/ Yoast SEO plugin. -->","yoast_head_json":{"title":"Santa Rosa: taxistas pidieron declarar la emergencia del servicio y reclaman definiciones al Concejo - Diario Textual","robots":{"index":"index","follow":"follow","max-snippet":"max-snippet:-1","max-image-preview":"max-image-preview:large","max-video-preview":"max-video-preview:-1"},"canonical":"https:\/\/diariotextual.com\/inicio\/index.php\/2026\/04\/29\/santa-rosa-taxistas-pidieron-declarar-la-emergencia-del-servicio-y-reclaman-definiciones-al-concejo\/","og_locale":"es_ES","og_type":"article","og_title":"Santa Rosa: taxistas pidieron declarar la emergencia del servicio y reclaman definiciones al Concejo - Diario Textual","og_description":"El secretario general del Sindicato de Peones de Taxis, Jos\u00e9 Boccalatte, expuso este mi\u00e9rcoles en comisiones del concejo deliberante de Santa Rosa y respald\u00f3 el pedido para que se declare&hellip;","og_url":"https:\/\/diariotextual.com\/inicio\/index.php\/2026\/04\/29\/santa-rosa-taxistas-pidieron-declarar-la-emergencia-del-servicio-y-reclaman-definiciones-al-concejo\/","og_site_name":"Diario Textual","article_publisher":"https:\/\/www.facebook.com\/eltextual","article_published_time":"2026-04-29T20:45:59+00:00","article_modified_time":"2026-04-29T21:01:34+00:00","og_image":[{"width":1280,"height":808,"url":"https:\/\/diariotextual.com\/inicio\/wp-content\/uploads\/2024\/10\/ubersantarosataxistascontrauber2024-1.jpg","type":"image\/jpeg"}],"author":"diario2","twitter_card":"summary_large_image","twitter_creator":"@eltextual","twitter_site":"@eltextual","twitter_misc":{"Escrito por":"diario2","Tiempo de lectura":"2 minutos"},"schema":{"@context":"https:\/\/schema.org","@graph":[{"@type":"Article","@id":"https:\/\/diariotextual.com\/inicio\/index.php\/2026\/04\/29\/santa-rosa-taxistas-pidieron-declarar-la-emergencia-del-servicio-y-reclaman-definiciones-al-concejo\/#article","isPartOf":{"@id":"https:\/\/diariotextual.com\/inicio\/index.php\/2026\/04\/29\/santa-rosa-taxistas-pidieron-declarar-la-emergencia-del-servicio-y-reclaman-definiciones-al-concejo\/"},"author":{"name":"diario2","@id":"https:\/\/diariotextual.com\/inicio\/#\/schema\/person\/694f60677f23c4a530867a98f22b3768"},"headline":"Santa Rosa: taxistas pidieron declarar la emergencia del servicio y reclaman definiciones al Concejo","datePublished":"2026-04-29T20:45:59+00:00","dateModified":"2026-04-29T21:01:34+00:00","mainEntityOfPage":{"@id":"https:\/\/diariotextual.com\/inicio\/index.php\/2026\/04\/29\/santa-rosa-taxistas-pidieron-declarar-la-emergencia-del-servicio-y-reclaman-definiciones-al-concejo\/"},"wordCount":431,"publisher":{"@id":"https:\/\/diariotextual.com\/inicio\/#organization"},"image":{"@id":"https:\/\/diariotextual.com\/inicio\/index.php\/2026\/04\/29\/santa-rosa-taxistas-pidieron-declarar-la-emergencia-del-servicio-y-reclaman-definiciones-al-concejo\/#primaryimage"},"thumbnailUrl":"https:\/\/diariotextual.com\/inicio\/wp-content\/uploads\/2024\/10\/ubersantarosataxistascontrauber2024-1.jpg","articleSection":["A - DESTACADAS (mod 16)","SOCIEDAD"],"inLanguage":"es"},{"@type":"WebPage","@id":"https:\/\/diariotextual.com\/inicio\/index.php\/2026\/04\/29\/santa-rosa-taxistas-pidieron-declarar-la-emergencia-del-servicio-y-reclaman-definiciones-al-concejo\/","url":"https:\/\/diariotextual.com\/inicio\/index.php\/2026\/04\/29\/santa-rosa-taxistas-pidieron-declarar-la-emergencia-del-servicio-y-reclaman-definiciones-al-concejo\/","name":"Santa Rosa: taxistas pidieron declarar la emergencia del servicio y reclaman definiciones al Concejo - Diario Textual","isPartOf":{"@id":"https:\/\/diariotextual.com\/inicio\/#website"},"primaryImageOfPage":{"@id":"https:\/\/diariotextual.com\/inicio\/index.php\/2026\/04\/29\/santa-rosa-taxistas-pidieron-declarar-la-emergencia-del-servicio-y-reclaman-definiciones-al-concejo\/#primaryimage"},"image":{"@id":"https:\/\/diariotextual.com\/inicio\/index.php\/2026\/04\/29\/santa-rosa-taxistas-pidieron-declarar-la-emergencia-del-servicio-y-reclaman-definiciones-al-concejo\/#primaryimage"},"thumbnailUrl":"https:\/\/diariotextual.com\/inicio\/wp-content\/uploads\/2024\/10\/ubersantarosataxistascontrauber2024-1.jpg","datePublished":"2026-04-29T20:45:59+00:00","dateModified":"2026-04-29T21:01:34+00:00","breadcrumb":{"@id":"https:\/\/diariotextual.com\/inicio\/index.php\/2026\/04\/29\/santa-rosa-taxistas-pidieron-declarar-la-emergencia-del-servicio-y-reclaman-definiciones-al-concejo\/#breadcrumb"},"inLanguage":"es","potentialAction":[{"@type":"ReadAction","target":["https:\/\/diariotextual.com\/inicio\/index.php\/2026\/04\/29\/santa-rosa-taxistas-pidieron-declarar-la-emergencia-del-servicio-y-reclaman-definiciones-al-concejo\/"]}]},{"@type":"ImageObject","inLanguage":"es","@id":"https:\/\/diariotextual.com\/inicio\/index.php\/2026\/04\/29\/santa-rosa-taxistas-pidieron-declarar-la-emergencia-del-servicio-y-reclaman-definiciones-al-concejo\/#primaryimage","url":"https:\/\/diariotextual.com\/inicio\/wp-content\/uploads\/2024\/10\/ubersantarosataxistascontrauber2024-1.jpg","contentUrl":"https:\/\/diariotextual.com\/inicio\/wp-content\/uploads\/2024\/10\/ubersantarosataxistascontrauber2024-1.jpg","width":1280,"height":808},{"@type":"BreadcrumbList","@id":"https:\/\/diariotextual.com\/inicio\/index.php\/2026\/04\/29\/santa-rosa-taxistas-pidieron-declarar-la-emergencia-del-servicio-y-reclaman-definiciones-al-concejo\/#breadcrumb","itemListElement":[{"@type":"ListItem","position":1,"name":"Portada","item":"https:\/\/diariotextual.com\/inicio\/"},{"@type":"ListItem","position":2,"name":"Santa Rosa: taxistas pidieron declarar la emergencia del servicio y reclaman definiciones al Concejo"}]},{"@type":"WebSite","@id":"https:\/\/diariotextual.com\/inicio\/#website","url":"https:\/\/diariotextual.com\/inicio\/","name":"Diario Textual","description":"","publisher":{"@id":"https:\/\/diariotextual.com\/inicio\/#organization"},"potentialAction":[{"@type":"SearchAction","target":{"@type":"EntryPoint","urlTemplate":"https:\/\/diariotextual.com\/inicio\/?s={search_term_string}"},"query-input":{"@type":"PropertyValueSpecification","valueRequired":true,"valueName":"search_term_string"}}],"inLanguage":"es"},{"@type":"Organization","@id":"https:\/\/diariotextual.com\/inicio\/#organization","name":"Diario Textual","url":"https:\/\/diariotextual.com\/inicio\/","logo":{"@type":"ImageObject","inLanguage":"es","@id":"https:\/\/diariotextual.com\/inicio\/#\/schema\/logo\/image\/","url":"https:\/\/diariotextual.com\/inicio\/wp-content\/uploads\/2023\/05\/logotextual1.jpg","contentUrl":"https:\/\/diariotextual.com\/inicio\/wp-content\/uploads\/2023\/05\/logotextual1.jpg","width":516,"height":76,"caption":"Diario Textual"},"image":{"@id":"https:\/\/diariotextual.com\/inicio\/#\/schema\/logo\/image\/"},"sameAs":["https:\/\/www.facebook.com\/eltextual","https:\/\/x.com\/eltextual","http:\/\/www.instagram.com\/eltextual"]},{"@type":"Person","@id":"https:\/\/diariotextual.com\/inicio\/#\/schema\/person\/694f60677f23c4a530867a98f22b3768","name":"diario2","image":{"@type":"ImageObject","inLanguage":"es","@id":"https:\/\/secure.gravatar.com\/avatar\/5a2567495ba16b852fcd8f1ed006a2e24fcace936018ed8237e95f488ad6e0a7?s=96&d=mm&r=g","url":"https:\/\/secure.gravatar.com\/avatar\/5a2567495ba16b852fcd8f1ed006a2e24fcace936018ed8237e95f488ad6e0a7?s=96&d=mm&r=g","contentUrl":"https:\/\/secure.gravatar.com\/avatar\/5a2567495ba16b852fcd8f1ed006a2e24fcace936018ed8237e95f488ad6e0a7?s=96&d=mm&r=g","caption":"diario2"},"url":"https:\/\/diariotextual.com\/inicio\/index.php\/author\/diario2\/"}]}},"_links":{"self":[{"href":"https:\/\/diariotextual.com\/inicio\/index.php\/wp-json\/wp\/v2\/posts\/325981","targetHints":{"allow":["GET"]}}],"collection":[{"href":"https:\/\/diariotextual.com\/inicio\/index.php\/wp-json\/wp\/v2\/posts"}],"about":[{"href":"https:\/\/diariotextual.com\/inicio\/index.php\/wp-json\/wp\/v2\/types\/post"}],"author":[{"embeddable":true,"href":"https:\/\/diariotextual.com\/inicio\/index.php\/wp-json\/wp\/v2\/users\/4"}],"replies":[{"embeddable":true,"href":"https:\/\/diariotextual.com\/inicio\/index.php\/wp-json\/wp\/v2\/comments?post=325981"}],"version-history":[{"count":3,"href":"https:\/\/diariotextual.com\/inicio\/index.php\/wp-json\/wp\/v2\/posts\/325981\/revisions"}],"predecessor-version":[{"id":325985,"href":"https:\/\/diariotextual.com\/inicio\/index.php\/wp-json\/wp\/v2\/posts\/325981\/revisions\/325985"}],"wp:featuredmedia":[{"embeddable":true,"href":"https:\/\/diariotextual.com\/inicio\/index.php\/wp-json\/wp\/v2\/media\/276864"}],"wp:attachment":[{"href":"https:\/\/diariotextual.com\/inicio\/index.php\/wp-json\/wp\/v2\/media?parent=325981"}],"wp:term":[{"taxonomy":"category","embeddable":true,"href":"https:\/\/diariotextual.com\/inicio\/index.php\/wp-json\/wp\/v2\/categories?post=325981"},{"taxonomy":"post_tag","embeddable":true,"href":"https:\/\/diariotextual.com\/inicio\/index.php\/wp-json\/wp\/v2\/tags?post=325981"}],"curies":[{"name":"wp","href":"https:\/\/api.w.org\/{rel}","templated":true}]}}