{"id":326004,"date":"2026-04-29T19:56:45","date_gmt":"2026-04-29T22:56:45","guid":{"rendered":"https:\/\/diariotextual.com\/inicio\/?p=326004"},"modified":"2026-04-29T21:06:42","modified_gmt":"2026-04-30T00:06:42","slug":"consumo-juvenil-la-pampa-registra-caida-en-alcohol-desde-2014-pese-a-suba-nacional","status":"publish","type":"post","link":"https:\/\/diariotextual.com\/inicio\/index.php\/2026\/04\/29\/consumo-juvenil-la-pampa-registra-caida-en-alcohol-desde-2014-pese-a-suba-nacional\/","title":{"rendered":"Consumo juvenil: La Pampa registra ca\u00edda en alcohol desde 2014, pese a suba nacional"},"content":{"rendered":"\n<p>El <strong>Observatorio Provincial de Drogas<\/strong> present\u00f3 en <strong>La Pampa<\/strong> el an\u00e1lisis del <strong>7\u00b0 Estudio Nacional sobre Consumos Problem\u00e1ticos<\/strong> en estudiantes secundarios, elaborado a partir de un relevamiento a <strong>3.341 alumnos de 38 escuelas<\/strong>. El informe 2026 ofrece un diagn\u00f3stico actualizado sobre h\u00e1bitos juveniles, con foco en consumos, salud mental y nuevas pr\u00e1cticas como las apuestas online.<\/p>\n\n\n\n<p>Entre los principales resultados, se destaca que m\u00e1s de la mitad de las y los estudiantes realiza actividades deportivas (<strong>55,6%<\/strong>) y mantiene v\u00ednculos sociales, principalmente en casas (<strong>51,7%<\/strong>). El <strong>consumo de alcohol<\/strong> aparece asociado a contextos recreativos como bares, boliches y reuniones sociales, y eventos como el <strong>UPD<\/strong> muestran una fuerte vinculaci\u00f3n con esa pr\u00e1ctica.<\/p>\n\n\n\n<p>Sin embargo, el dato central es que <strong>La Pampa registra una baja sostenida en el consumo de alcohol desde 2014<\/strong>, en contraste con la tendencia nacional, donde se observa un aumento. Adem\u00e1s, la provincia se ubica por debajo del promedio del pa\u00eds en sustancias il\u00edcitas como <strong>coca\u00edna, \u00e9xtasis y paco<\/strong>, con descensos recientes en algunas de ellas. En <strong>marihuana<\/strong>, en tanto, los niveles se mantienen estables respecto de 2014.<\/p>\n\n\n\n<p>En paralelo, el informe advierte sobre nuevas problem\u00e1ticas: el crecimiento del uso de <strong>vapeadores<\/strong>, bebidas energizantes y apuestas online, especialmente en varones. Tambi\u00e9n se\u00f1ala que el <strong>24,1%<\/strong> de los estudiantes consult\u00f3 a profesionales de la salud por situaciones de angustia, depresi\u00f3n o problemas emocionales. Las principales redes de apoyo son la <strong>familia<\/strong> (en especial la madre, con el 50,3%) y los <strong>amigos<\/strong> (49,1%).<\/p>\n\n\n\n<p>El estudio fue realizado en el marco del observatorio, a trav\u00e9s de la Mesa Coordinadora del organismo creado en 2017 por la <strong>Ley Provincial 2987<\/strong>, con el objetivo de generar informaci\u00f3n, investigaci\u00f3n y monitoreo sobre el consumo de sustancias y orientar pol\u00edticas p\u00fablicas de manera intersectorial.<\/p>\n\n\n\n<p>Estos resultados se inscriben en tendencias nacionales que evidencian transformaciones en los consumos, con la aparici\u00f3n de nuevas pr\u00e1cticas como los consumos digitales. En ese contexto, <strong>La Pampa muestra una reducci\u00f3n en la prevalencia de consumo desde 2014<\/strong>, a diferencia del escenario nacional. Tambi\u00e9n presenta niveles por debajo del promedio en <strong>solventes e inhalables<\/strong>, con tendencia descendente.<\/p>\n\n\n\n<p>A partir de este diagn\u00f3stico, el Gobierno provincial impulsa pol\u00edticas p\u00fablicas orientadas a la prevenci\u00f3n y la atenci\u00f3n integral. Entre ellas, el <strong>fortalecimiento de la red de Salud Mental<\/strong>, el trabajo articulado con el sistema educativo, estrategias comunitarias en escuelas y clubes, y el abordaje de consumos emergentes como las apuestas online.<\/p>\n\n\n\n<p>Adem\u00e1s, se implementan dispositivos de escucha y acompa\u00f1amiento disponibles las 24 horas a trav\u00e9s de las l\u00edneas <strong>136<\/strong> (crisis) y <strong>132<\/strong> (consumos problem\u00e1ticos), junto con el fortalecimiento del propio Observatorio como herramienta clave para la toma de decisiones.<\/p>\n\n\n\n<p>Desde la <strong>Subsecretar\u00eda de Salud Mental y Adicciones<\/strong> se\u00f1alaron que contar con datos actualizados permite dise\u00f1ar respuestas m\u00e1s eficaces, con un enfoque territorial, comunitario y de derechos, y remarcaron que el abordaje de los consumos problem\u00e1ticos requiere una estrategia integral que incluya prevenci\u00f3n, atenci\u00f3n e inclusi\u00f3n social.<\/p>\n\n\n\n<p><\/p>\n","protected":false},"excerpt":{"rendered":"<p>El Observatorio Provincial de Drogas present\u00f3 en La Pampa el an\u00e1lisis del 7\u00b0 Estudio Nacional sobre Consumos Problem\u00e1ticos en estudiantes secundarios, elaborado a partir de un relevamiento a 3.341 alumnos&hellip;<\/p>\n","protected":false},"author":3,"featured_media":326008,"comment_status":"closed","ping_status":"open","sticky":false,"template":"","format":"standard","meta":{"_acf_changed":false,"footnotes":""},"categories":[10,12],"tags":[],"class_list":["post-326004","post","type-post","status-publish","format-standard","has-post-thumbnail","hentry","category-portada-2","category-sociedad"],"acf":[],"yoast_head":"<!-- This site is optimized with the Yoast SEO plugin v27.5 - https:\/\/yoast.com\/product\/yoast-seo-wordpress\/ -->\n<title>Consumo juvenil: La Pampa registra ca\u00edda en alcohol desde 2014, pese a suba nacional - Diario Textual<\/title>\n<meta name=\"robots\" content=\"index, follow, max-snippet:-1, max-image-preview:large, max-video-preview:-1\" \/>\n<link rel=\"canonical\" href=\"https:\/\/diariotextual.com\/inicio\/index.php\/2026\/04\/29\/consumo-juvenil-la-pampa-registra-caida-en-alcohol-desde-2014-pese-a-suba-nacional\/\" \/>\n<meta property=\"og:locale\" content=\"es_ES\" \/>\n<meta property=\"og:type\" content=\"article\" \/>\n<meta property=\"og:title\" content=\"Consumo juvenil: La Pampa registra ca\u00edda en alcohol desde 2014, pese a suba nacional - Diario Textual\" \/>\n<meta property=\"og:description\" content=\"El Observatorio Provincial de Drogas present\u00f3 en La Pampa el an\u00e1lisis del 7\u00b0 Estudio Nacional sobre Consumos Problem\u00e1ticos en estudiantes secundarios, elaborado a partir de un relevamiento a 3.341 alumnos&hellip;\" \/>\n<meta property=\"og:url\" content=\"https:\/\/diariotextual.com\/inicio\/index.php\/2026\/04\/29\/consumo-juvenil-la-pampa-registra-caida-en-alcohol-desde-2014-pese-a-suba-nacional\/\" \/>\n<meta property=\"og:site_name\" content=\"Diario Textual\" \/>\n<meta property=\"article:publisher\" content=\"https:\/\/www.facebook.com\/eltextual\" \/>\n<meta property=\"article:published_time\" content=\"2026-04-29T22:56:45+00:00\" \/>\n<meta property=\"article:modified_time\" content=\"2026-04-30T00:06:42+00:00\" \/>\n<meta property=\"og:image\" content=\"https:\/\/diariotextual.com\/inicio\/wp-content\/uploads\/2026\/04\/alcoholismo-en-adolescentes009.jpg\" \/>\n\t<meta property=\"og:image:width\" content=\"600\" \/>\n\t<meta property=\"og:image:height\" content=\"400\" \/>\n\t<meta property=\"og:image:type\" content=\"image\/jpeg\" \/>\n<meta name=\"author\" content=\"Diario1 Diario1\" \/>\n<meta name=\"twitter:card\" content=\"summary_large_image\" \/>\n<meta name=\"twitter:creator\" content=\"@eltextual\" \/>\n<meta name=\"twitter:site\" content=\"@eltextual\" \/>\n<meta name=\"twitter:label1\" content=\"Escrito por\" \/>\n\t<meta name=\"twitter:data1\" content=\"Diario1 Diario1\" \/>\n\t<meta name=\"twitter:label2\" content=\"Tiempo de lectura\" \/>\n\t<meta name=\"twitter:data2\" content=\"3 minutos\" \/>\n<script type=\"application\/ld+json\" class=\"yoast-schema-graph\">{\"@context\":\"https:\\\/\\\/schema.org\",\"@graph\":[{\"@type\":\"Article\",\"@id\":\"https:\\\/\\\/diariotextual.com\\\/inicio\\\/index.php\\\/2026\\\/04\\\/29\\\/consumo-juvenil-la-pampa-registra-caida-en-alcohol-desde-2014-pese-a-suba-nacional\\\/#article\",\"isPartOf\":{\"@id\":\"https:\\\/\\\/diariotextual.com\\\/inicio\\\/index.php\\\/2026\\\/04\\\/29\\\/consumo-juvenil-la-pampa-registra-caida-en-alcohol-desde-2014-pese-a-suba-nacional\\\/\"},\"author\":{\"name\":\"Diario1 Diario1\",\"@id\":\"https:\\\/\\\/diariotextual.com\\\/inicio\\\/#\\\/schema\\\/person\\\/418fc4093c33e86ed41562db3508f958\"},\"headline\":\"Consumo juvenil: La Pampa registra ca\u00edda en alcohol desde 2014, pese a suba nacional\",\"datePublished\":\"2026-04-29T22:56:45+00:00\",\"dateModified\":\"2026-04-30T00:06:42+00:00\",\"mainEntityOfPage\":{\"@id\":\"https:\\\/\\\/diariotextual.com\\\/inicio\\\/index.php\\\/2026\\\/04\\\/29\\\/consumo-juvenil-la-pampa-registra-caida-en-alcohol-desde-2014-pese-a-suba-nacional\\\/\"},\"wordCount\":524,\"publisher\":{\"@id\":\"https:\\\/\\\/diariotextual.com\\\/inicio\\\/#organization\"},\"image\":{\"@id\":\"https:\\\/\\\/diariotextual.com\\\/inicio\\\/index.php\\\/2026\\\/04\\\/29\\\/consumo-juvenil-la-pampa-registra-caida-en-alcohol-desde-2014-pese-a-suba-nacional\\\/#primaryimage\"},\"thumbnailUrl\":\"https:\\\/\\\/diariotextual.com\\\/inicio\\\/wp-content\\\/uploads\\\/2026\\\/04\\\/alcoholismo-en-adolescentes009.jpg\",\"articleSection\":[\"A - PORTADA2\",\"SOCIEDAD\"],\"inLanguage\":\"es\"},{\"@type\":\"WebPage\",\"@id\":\"https:\\\/\\\/diariotextual.com\\\/inicio\\\/index.php\\\/2026\\\/04\\\/29\\\/consumo-juvenil-la-pampa-registra-caida-en-alcohol-desde-2014-pese-a-suba-nacional\\\/\",\"url\":\"https:\\\/\\\/diariotextual.com\\\/inicio\\\/index.php\\\/2026\\\/04\\\/29\\\/consumo-juvenil-la-pampa-registra-caida-en-alcohol-desde-2014-pese-a-suba-nacional\\\/\",\"name\":\"Consumo juvenil: La Pampa registra ca\u00edda en alcohol desde 2014, pese a suba nacional - Diario Textual\",\"isPartOf\":{\"@id\":\"https:\\\/\\\/diariotextual.com\\\/inicio\\\/#website\"},\"primaryImageOfPage\":{\"@id\":\"https:\\\/\\\/diariotextual.com\\\/inicio\\\/index.php\\\/2026\\\/04\\\/29\\\/consumo-juvenil-la-pampa-registra-caida-en-alcohol-desde-2014-pese-a-suba-nacional\\\/#primaryimage\"},\"image\":{\"@id\":\"https:\\\/\\\/diariotextual.com\\\/inicio\\\/index.php\\\/2026\\\/04\\\/29\\\/consumo-juvenil-la-pampa-registra-caida-en-alcohol-desde-2014-pese-a-suba-nacional\\\/#primaryimage\"},\"thumbnailUrl\":\"https:\\\/\\\/diariotextual.com\\\/inicio\\\/wp-content\\\/uploads\\\/2026\\\/04\\\/alcoholismo-en-adolescentes009.jpg\",\"datePublished\":\"2026-04-29T22:56:45+00:00\",\"dateModified\":\"2026-04-30T00:06:42+00:00\",\"breadcrumb\":{\"@id\":\"https:\\\/\\\/diariotextual.com\\\/inicio\\\/index.php\\\/2026\\\/04\\\/29\\\/consumo-juvenil-la-pampa-registra-caida-en-alcohol-desde-2014-pese-a-suba-nacional\\\/#breadcrumb\"},\"inLanguage\":\"es\",\"potentialAction\":[{\"@type\":\"ReadAction\",\"target\":[\"https:\\\/\\\/diariotextual.com\\\/inicio\\\/index.php\\\/2026\\\/04\\\/29\\\/consumo-juvenil-la-pampa-registra-caida-en-alcohol-desde-2014-pese-a-suba-nacional\\\/\"]}]},{\"@type\":\"ImageObject\",\"inLanguage\":\"es\",\"@id\":\"https:\\\/\\\/diariotextual.com\\\/inicio\\\/index.php\\\/2026\\\/04\\\/29\\\/consumo-juvenil-la-pampa-registra-caida-en-alcohol-desde-2014-pese-a-suba-nacional\\\/#primaryimage\",\"url\":\"https:\\\/\\\/diariotextual.com\\\/inicio\\\/wp-content\\\/uploads\\\/2026\\\/04\\\/alcoholismo-en-adolescentes009.jpg\",\"contentUrl\":\"https:\\\/\\\/diariotextual.com\\\/inicio\\\/wp-content\\\/uploads\\\/2026\\\/04\\\/alcoholismo-en-adolescentes009.jpg\",\"width\":600,\"height\":400},{\"@type\":\"BreadcrumbList\",\"@id\":\"https:\\\/\\\/diariotextual.com\\\/inicio\\\/index.php\\\/2026\\\/04\\\/29\\\/consumo-juvenil-la-pampa-registra-caida-en-alcohol-desde-2014-pese-a-suba-nacional\\\/#breadcrumb\",\"itemListElement\":[{\"@type\":\"ListItem\",\"position\":1,\"name\":\"Portada\",\"item\":\"https:\\\/\\\/diariotextual.com\\\/inicio\\\/\"},{\"@type\":\"ListItem\",\"position\":2,\"name\":\"Consumo juvenil: La Pampa registra ca\u00edda en alcohol desde 2014, pese a suba nacional\"}]},{\"@type\":\"WebSite\",\"@id\":\"https:\\\/\\\/diariotextual.com\\\/inicio\\\/#website\",\"url\":\"https:\\\/\\\/diariotextual.com\\\/inicio\\\/\",\"name\":\"Diario Textual\",\"description\":\"\",\"publisher\":{\"@id\":\"https:\\\/\\\/diariotextual.com\\\/inicio\\\/#organization\"},\"potentialAction\":[{\"@type\":\"SearchAction\",\"target\":{\"@type\":\"EntryPoint\",\"urlTemplate\":\"https:\\\/\\\/diariotextual.com\\\/inicio\\\/?s={search_term_string}\"},\"query-input\":{\"@type\":\"PropertyValueSpecification\",\"valueRequired\":true,\"valueName\":\"search_term_string\"}}],\"inLanguage\":\"es\"},{\"@type\":\"Organization\",\"@id\":\"https:\\\/\\\/diariotextual.com\\\/inicio\\\/#organization\",\"name\":\"Diario Textual\",\"url\":\"https:\\\/\\\/diariotextual.com\\\/inicio\\\/\",\"logo\":{\"@type\":\"ImageObject\",\"inLanguage\":\"es\",\"@id\":\"https:\\\/\\\/diariotextual.com\\\/inicio\\\/#\\\/schema\\\/logo\\\/image\\\/\",\"url\":\"https:\\\/\\\/diariotextual.com\\\/inicio\\\/wp-content\\\/uploads\\\/2023\\\/05\\\/logotextual1.jpg\",\"contentUrl\":\"https:\\\/\\\/diariotextual.com\\\/inicio\\\/wp-content\\\/uploads\\\/2023\\\/05\\\/logotextual1.jpg\",\"width\":516,\"height\":76,\"caption\":\"Diario Textual\"},\"image\":{\"@id\":\"https:\\\/\\\/diariotextual.com\\\/inicio\\\/#\\\/schema\\\/logo\\\/image\\\/\"},\"sameAs\":[\"https:\\\/\\\/www.facebook.com\\\/eltextual\",\"https:\\\/\\\/x.com\\\/eltextual\",\"http:\\\/\\\/www.instagram.com\\\/eltextual\"]},{\"@type\":\"Person\",\"@id\":\"https:\\\/\\\/diariotextual.com\\\/inicio\\\/#\\\/schema\\\/person\\\/418fc4093c33e86ed41562db3508f958\",\"name\":\"Diario1 Diario1\",\"image\":{\"@type\":\"ImageObject\",\"inLanguage\":\"es\",\"@id\":\"https:\\\/\\\/secure.gravatar.com\\\/avatar\\\/9167d280179c85bc18be67aa7eda765854300033af4896dd779b608640f2ef7a?s=96&d=mm&r=g\",\"url\":\"https:\\\/\\\/secure.gravatar.com\\\/avatar\\\/9167d280179c85bc18be67aa7eda765854300033af4896dd779b608640f2ef7a?s=96&d=mm&r=g\",\"contentUrl\":\"https:\\\/\\\/secure.gravatar.com\\\/avatar\\\/9167d280179c85bc18be67aa7eda765854300033af4896dd779b608640f2ef7a?s=96&d=mm&r=g\",\"caption\":\"Diario1 Diario1\"},\"url\":\"https:\\\/\\\/diariotextual.com\\\/inicio\\\/index.php\\\/author\\\/diario1\\\/\"}]}<\/script>\n<!-- \/ Yoast SEO plugin. -->","yoast_head_json":{"title":"Consumo juvenil: La Pampa registra ca\u00edda en alcohol desde 2014, pese a suba nacional - Diario Textual","robots":{"index":"index","follow":"follow","max-snippet":"max-snippet:-1","max-image-preview":"max-image-preview:large","max-video-preview":"max-video-preview:-1"},"canonical":"https:\/\/diariotextual.com\/inicio\/index.php\/2026\/04\/29\/consumo-juvenil-la-pampa-registra-caida-en-alcohol-desde-2014-pese-a-suba-nacional\/","og_locale":"es_ES","og_type":"article","og_title":"Consumo juvenil: La Pampa registra ca\u00edda en alcohol desde 2014, pese a suba nacional - Diario Textual","og_description":"El Observatorio Provincial de Drogas present\u00f3 en La Pampa el an\u00e1lisis del 7\u00b0 Estudio Nacional sobre Consumos Problem\u00e1ticos en estudiantes secundarios, elaborado a partir de un relevamiento a 3.341 alumnos&hellip;","og_url":"https:\/\/diariotextual.com\/inicio\/index.php\/2026\/04\/29\/consumo-juvenil-la-pampa-registra-caida-en-alcohol-desde-2014-pese-a-suba-nacional\/","og_site_name":"Diario Textual","article_publisher":"https:\/\/www.facebook.com\/eltextual","article_published_time":"2026-04-29T22:56:45+00:00","article_modified_time":"2026-04-30T00:06:42+00:00","og_image":[{"width":600,"height":400,"url":"https:\/\/diariotextual.com\/inicio\/wp-content\/uploads\/2026\/04\/alcoholismo-en-adolescentes009.jpg","type":"image\/jpeg"}],"author":"Diario1 Diario1","twitter_card":"summary_large_image","twitter_creator":"@eltextual","twitter_site":"@eltextual","twitter_misc":{"Escrito por":"Diario1 Diario1","Tiempo de lectura":"3 minutos"},"schema":{"@context":"https:\/\/schema.org","@graph":[{"@type":"Article","@id":"https:\/\/diariotextual.com\/inicio\/index.php\/2026\/04\/29\/consumo-juvenil-la-pampa-registra-caida-en-alcohol-desde-2014-pese-a-suba-nacional\/#article","isPartOf":{"@id":"https:\/\/diariotextual.com\/inicio\/index.php\/2026\/04\/29\/consumo-juvenil-la-pampa-registra-caida-en-alcohol-desde-2014-pese-a-suba-nacional\/"},"author":{"name":"Diario1 Diario1","@id":"https:\/\/diariotextual.com\/inicio\/#\/schema\/person\/418fc4093c33e86ed41562db3508f958"},"headline":"Consumo juvenil: La Pampa registra ca\u00edda en alcohol desde 2014, pese a suba nacional","datePublished":"2026-04-29T22:56:45+00:00","dateModified":"2026-04-30T00:06:42+00:00","mainEntityOfPage":{"@id":"https:\/\/diariotextual.com\/inicio\/index.php\/2026\/04\/29\/consumo-juvenil-la-pampa-registra-caida-en-alcohol-desde-2014-pese-a-suba-nacional\/"},"wordCount":524,"publisher":{"@id":"https:\/\/diariotextual.com\/inicio\/#organization"},"image":{"@id":"https:\/\/diariotextual.com\/inicio\/index.php\/2026\/04\/29\/consumo-juvenil-la-pampa-registra-caida-en-alcohol-desde-2014-pese-a-suba-nacional\/#primaryimage"},"thumbnailUrl":"https:\/\/diariotextual.com\/inicio\/wp-content\/uploads\/2026\/04\/alcoholismo-en-adolescentes009.jpg","articleSection":["A - PORTADA2","SOCIEDAD"],"inLanguage":"es"},{"@type":"WebPage","@id":"https:\/\/diariotextual.com\/inicio\/index.php\/2026\/04\/29\/consumo-juvenil-la-pampa-registra-caida-en-alcohol-desde-2014-pese-a-suba-nacional\/","url":"https:\/\/diariotextual.com\/inicio\/index.php\/2026\/04\/29\/consumo-juvenil-la-pampa-registra-caida-en-alcohol-desde-2014-pese-a-suba-nacional\/","name":"Consumo juvenil: La Pampa registra ca\u00edda en alcohol desde 2014, pese a suba nacional - Diario Textual","isPartOf":{"@id":"https:\/\/diariotextual.com\/inicio\/#website"},"primaryImageOfPage":{"@id":"https:\/\/diariotextual.com\/inicio\/index.php\/2026\/04\/29\/consumo-juvenil-la-pampa-registra-caida-en-alcohol-desde-2014-pese-a-suba-nacional\/#primaryimage"},"image":{"@id":"https:\/\/diariotextual.com\/inicio\/index.php\/2026\/04\/29\/consumo-juvenil-la-pampa-registra-caida-en-alcohol-desde-2014-pese-a-suba-nacional\/#primaryimage"},"thumbnailUrl":"https:\/\/diariotextual.com\/inicio\/wp-content\/uploads\/2026\/04\/alcoholismo-en-adolescentes009.jpg","datePublished":"2026-04-29T22:56:45+00:00","dateModified":"2026-04-30T00:06:42+00:00","breadcrumb":{"@id":"https:\/\/diariotextual.com\/inicio\/index.php\/2026\/04\/29\/consumo-juvenil-la-pampa-registra-caida-en-alcohol-desde-2014-pese-a-suba-nacional\/#breadcrumb"},"inLanguage":"es","potentialAction":[{"@type":"ReadAction","target":["https:\/\/diariotextual.com\/inicio\/index.php\/2026\/04\/29\/consumo-juvenil-la-pampa-registra-caida-en-alcohol-desde-2014-pese-a-suba-nacional\/"]}]},{"@type":"ImageObject","inLanguage":"es","@id":"https:\/\/diariotextual.com\/inicio\/index.php\/2026\/04\/29\/consumo-juvenil-la-pampa-registra-caida-en-alcohol-desde-2014-pese-a-suba-nacional\/#primaryimage","url":"https:\/\/diariotextual.com\/inicio\/wp-content\/uploads\/2026\/04\/alcoholismo-en-adolescentes009.jpg","contentUrl":"https:\/\/diariotextual.com\/inicio\/wp-content\/uploads\/2026\/04\/alcoholismo-en-adolescentes009.jpg","width":600,"height":400},{"@type":"BreadcrumbList","@id":"https:\/\/diariotextual.com\/inicio\/index.php\/2026\/04\/29\/consumo-juvenil-la-pampa-registra-caida-en-alcohol-desde-2014-pese-a-suba-nacional\/#breadcrumb","itemListElement":[{"@type":"ListItem","position":1,"name":"Portada","item":"https:\/\/diariotextual.com\/inicio\/"},{"@type":"ListItem","position":2,"name":"Consumo juvenil: La Pampa registra ca\u00edda en alcohol desde 2014, pese a suba nacional"}]},{"@type":"WebSite","@id":"https:\/\/diariotextual.com\/inicio\/#website","url":"https:\/\/diariotextual.com\/inicio\/","name":"Diario Textual","description":"","publisher":{"@id":"https:\/\/diariotextual.com\/inicio\/#organization"},"potentialAction":[{"@type":"SearchAction","target":{"@type":"EntryPoint","urlTemplate":"https:\/\/diariotextual.com\/inicio\/?s={search_term_string}"},"query-input":{"@type":"PropertyValueSpecification","valueRequired":true,"valueName":"search_term_string"}}],"inLanguage":"es"},{"@type":"Organization","@id":"https:\/\/diariotextual.com\/inicio\/#organization","name":"Diario Textual","url":"https:\/\/diariotextual.com\/inicio\/","logo":{"@type":"ImageObject","inLanguage":"es","@id":"https:\/\/diariotextual.com\/inicio\/#\/schema\/logo\/image\/","url":"https:\/\/diariotextual.com\/inicio\/wp-content\/uploads\/2023\/05\/logotextual1.jpg","contentUrl":"https:\/\/diariotextual.com\/inicio\/wp-content\/uploads\/2023\/05\/logotextual1.jpg","width":516,"height":76,"caption":"Diario Textual"},"image":{"@id":"https:\/\/diariotextual.com\/inicio\/#\/schema\/logo\/image\/"},"sameAs":["https:\/\/www.facebook.com\/eltextual","https:\/\/x.com\/eltextual","http:\/\/www.instagram.com\/eltextual"]},{"@type":"Person","@id":"https:\/\/diariotextual.com\/inicio\/#\/schema\/person\/418fc4093c33e86ed41562db3508f958","name":"Diario1 Diario1","image":{"@type":"ImageObject","inLanguage":"es","@id":"https:\/\/secure.gravatar.com\/avatar\/9167d280179c85bc18be67aa7eda765854300033af4896dd779b608640f2ef7a?s=96&d=mm&r=g","url":"https:\/\/secure.gravatar.com\/avatar\/9167d280179c85bc18be67aa7eda765854300033af4896dd779b608640f2ef7a?s=96&d=mm&r=g","contentUrl":"https:\/\/secure.gravatar.com\/avatar\/9167d280179c85bc18be67aa7eda765854300033af4896dd779b608640f2ef7a?s=96&d=mm&r=g","caption":"Diario1 Diario1"},"url":"https:\/\/diariotextual.com\/inicio\/index.php\/author\/diario1\/"}]}},"_links":{"self":[{"href":"https:\/\/diariotextual.com\/inicio\/index.php\/wp-json\/wp\/v2\/posts\/326004","targetHints":{"allow":["GET"]}}],"collection":[{"href":"https:\/\/diariotextual.com\/inicio\/index.php\/wp-json\/wp\/v2\/posts"}],"about":[{"href":"https:\/\/diariotextual.com\/inicio\/index.php\/wp-json\/wp\/v2\/types\/post"}],"author":[{"embeddable":true,"href":"https:\/\/diariotextual.com\/inicio\/index.php\/wp-json\/wp\/v2\/users\/3"}],"replies":[{"embeddable":true,"href":"https:\/\/diariotextual.com\/inicio\/index.php\/wp-json\/wp\/v2\/comments?post=326004"}],"version-history":[{"count":3,"href":"https:\/\/diariotextual.com\/inicio\/index.php\/wp-json\/wp\/v2\/posts\/326004\/revisions"}],"predecessor-version":[{"id":326007,"href":"https:\/\/diariotextual.com\/inicio\/index.php\/wp-json\/wp\/v2\/posts\/326004\/revisions\/326007"}],"wp:featuredmedia":[{"embeddable":true,"href":"https:\/\/diariotextual.com\/inicio\/index.php\/wp-json\/wp\/v2\/media\/326008"}],"wp:attachment":[{"href":"https:\/\/diariotextual.com\/inicio\/index.php\/wp-json\/wp\/v2\/media?parent=326004"}],"wp:term":[{"taxonomy":"category","embeddable":true,"href":"https:\/\/diariotextual.com\/inicio\/index.php\/wp-json\/wp\/v2\/categories?post=326004"},{"taxonomy":"post_tag","embeddable":true,"href":"https:\/\/diariotextual.com\/inicio\/index.php\/wp-json\/wp\/v2\/tags?post=326004"}],"curies":[{"name":"wp","href":"https:\/\/api.w.org\/{rel}","templated":true}]}}