{"id":326016,"date":"2026-04-29T21:06:28","date_gmt":"2026-04-30T00:06:28","guid":{"rendered":"https:\/\/diariotextual.com\/inicio\/?p=326016"},"modified":"2026-04-29T21:06:29","modified_gmt":"2026-04-30T00:06:29","slug":"el-antiperonismo-se-hizo-sentir-en-las-elecciones-de-la-unlpam-con-el-voto-en-blanco","status":"publish","type":"post","link":"https:\/\/diariotextual.com\/inicio\/index.php\/2026\/04\/29\/el-antiperonismo-se-hizo-sentir-en-las-elecciones-de-la-unlpam-con-el-voto-en-blanco\/","title":{"rendered":"El antiperonismo se hizo sentir en las elecciones de la UNLPam con el voto en blanco"},"content":{"rendered":"\n<p>El <strong>voto en blanco<\/strong> marc\u00f3 un dato pol\u00edtico en las elecciones de la <strong>Universidad Nacional de La Pampa<\/strong>, donde <strong>Francisco Marull<\/strong> fue electo <strong>rector<\/strong> sin competencia directa. Aunque la lista fue \u00fanica para el <strong>Rectorado<\/strong>, el nivel de <strong>votos en blanco<\/strong> alcanz\u00f3 el <strong>29,7 por ciento<\/strong> y se ubic\u00f3 muy por encima de antecedentes comparables.<\/p>\n\n\n\n<p>El porcentaje super\u00f3 los registros en votaciones donde solo se present\u00f3 una f\u00f3rmula de <strong>rector<\/strong> y <strong>vicerrector<\/strong>. En <strong>2014<\/strong>, cuando en la reelecci\u00f3n de <strong>Sergio Baudino<\/strong> el <strong>voto en blanco<\/strong> fue del <strong>26,4 por ciento<\/strong>, y en <strong>2022<\/strong>, cuando <strong>Oscar Alpa<\/strong> tambi\u00e9n se present\u00f3 sin oposici\u00f3n y obtuvo un <strong>25,8 por ciento<\/strong>. En esta oportunidad, <strong>el incremento fue de casi cinco puntos.<\/strong><\/p>\n\n\n\n<p>Distintas lecturas dentro del \u00e1mbito universitario vincularon ese comportamiento con un <strong>malestar<\/strong> que no encontr\u00f3 canal en la <strong>oferta electoral<\/strong>. En un primer an\u00e1lisis, se mencion\u00f3 la conformaci\u00f3n de la f\u00f3rmula, integrada por dos dirigentes de <strong>Santa Rosa<\/strong> y de la <strong>Facultad de Ciencias Econ\u00f3micas y Jur\u00eddicas<\/strong>. Sin embargo, un desglose por <strong>claustros<\/strong>, <strong>sedes<\/strong> y <strong>facultades<\/strong> aport\u00f3 otro elemento: la presencia de un componente <strong>antiperonista<\/strong> en ese voto.<\/p>\n\n\n\n<p><strong>Marull<\/strong> mantiene una identificaci\u00f3n con el <strong>peronismo<\/strong> provincial, lo que aparece como un factor en la interpretaci\u00f3n de parte del <strong>electorado universitario<\/strong>. En ese marco, el <strong>voto en blanco<\/strong> mostr\u00f3 mayor peso entre los <strong>estudiantes<\/strong> y en determinadas unidades acad\u00e9micas vinculadas \u201cal campo\u201d. Y tambi\u00e9n en las unidades acad\u00e9micas de la sede de <strong>General Pico<\/strong>.<\/p>\n\n\n\n<p>Entre los <strong>estudiantes<\/strong>, el <strong>voto en blanco<\/strong> lleg\u00f3 al <strong>31,2 por ciento<\/strong>. En cambio, en <strong>docentes<\/strong>, <strong>graduados<\/strong> y <strong>no docentes<\/strong> se registraron niveles menores. El porcentaje m\u00e1s bajo se dio en el claustro de <strong>graduados<\/strong>, con el <strong>23,4 por ciento<\/strong>.<\/p>\n\n\n\n<p>Por <strong>facultades<\/strong>, los valores m\u00e1s altos se registraron en <strong>Agronom\u00eda<\/strong> de <strong>Santa Rosa<\/strong>, con el <strong>35,1 por ciento<\/strong>, y en <strong>Veterinaria<\/strong>, con el <strong>35,6 por ciento<\/strong>. En <strong>Ingenier\u00eda<\/strong>, con sede en <strong>General Pico<\/strong>, el <strong>voto en blanco<\/strong> alcanz\u00f3 el <strong>30 por ciento<\/strong>. Tambi\u00e9n se destac\u00f3 la <strong>Facultad de Ciencias de la Salud<\/strong>, recientemente creada, con un <strong>33,4 por ciento<\/strong>, en un contexto de alta proporci\u00f3n de <strong>estudiantes<\/strong> que reci\u00e9n inician su trayectoria acad\u00e9mica.<\/p>\n\n\n\n<p>En contraste, la <strong>Facultad de Ciencias Econ\u00f3micas y Jur\u00eddicas<\/strong>, vinculada al <strong>oficialismo universitario<\/strong>, mostr\u00f3 uno de los niveles m\u00e1s bajos, con el <strong>25 por ciento<\/strong>. En <strong>Humanas<\/strong> el porcentaje fue del <strong>27,7 por ciento<\/strong> y en <strong>Exactas y Naturales<\/strong> del <strong>29,8 por ciento<\/strong>.<\/p>\n\n\n\n<p>Otro dato que surgi\u00f3 del an\u00e1lisis es la diferencia con la elecci\u00f3n de <strong>consejeros superiores<\/strong>, donde el <strong>voto en blanco<\/strong> descendi\u00f3 al <strong>23 por ciento<\/strong>. All\u00ed, la mayor <strong>competitividad<\/strong> de las listas habr\u00eda incidido en una menor proporci\u00f3n de <strong>sufragios sin opci\u00f3n<\/strong>.<\/p>\n\n\n\n<p>El resultado dej\u00f3 abierta la discusi\u00f3n sobre el significado pol\u00edtico del <strong>voto en blanco<\/strong> en un escenario sin competencia directa, donde una parte del <strong>electorado<\/strong> expres\u00f3 su <strong>oposici\u00f3n<\/strong> de manera silenciosa. Pero que fue bien identificable.<\/p>\n\n\n\n<p><\/p>\n","protected":false},"excerpt":{"rendered":"<p>El voto en blanco marc\u00f3 un dato pol\u00edtico en las elecciones de la Universidad Nacional de La Pampa, donde Francisco Marull fue electo rector sin competencia directa. Aunque la lista&hellip;<\/p>\n","protected":false},"author":3,"featured_media":326018,"comment_status":"closed","ping_status":"open","sticky":false,"template":"","format":"standard","meta":{"_acf_changed":false,"footnotes":""},"categories":[9,8],"tags":[],"class_list":["post-326016","post","type-post","status-publish","format-standard","has-post-thumbnail","hentry","category-portada","category-politica"],"acf":[],"yoast_head":"<!-- This site is optimized with the Yoast SEO plugin v27.5 - https:\/\/yoast.com\/product\/yoast-seo-wordpress\/ -->\n<title>El antiperonismo se hizo sentir en las elecciones de la UNLPam con el voto en blanco - Diario Textual<\/title>\n<meta name=\"robots\" content=\"index, follow, max-snippet:-1, max-image-preview:large, max-video-preview:-1\" \/>\n<link rel=\"canonical\" href=\"https:\/\/diariotextual.com\/inicio\/index.php\/2026\/04\/29\/el-antiperonismo-se-hizo-sentir-en-las-elecciones-de-la-unlpam-con-el-voto-en-blanco\/\" \/>\n<meta property=\"og:locale\" content=\"es_ES\" \/>\n<meta property=\"og:type\" content=\"article\" \/>\n<meta property=\"og:title\" content=\"El antiperonismo se hizo sentir en las elecciones de la UNLPam con el voto en blanco - Diario Textual\" \/>\n<meta property=\"og:description\" content=\"El voto en blanco marc\u00f3 un dato pol\u00edtico en las elecciones de la Universidad Nacional de La Pampa, donde Francisco Marull fue electo rector sin competencia directa. Aunque la lista&hellip;\" \/>\n<meta property=\"og:url\" content=\"https:\/\/diariotextual.com\/inicio\/index.php\/2026\/04\/29\/el-antiperonismo-se-hizo-sentir-en-las-elecciones-de-la-unlpam-con-el-voto-en-blanco\/\" \/>\n<meta property=\"og:site_name\" content=\"Diario Textual\" \/>\n<meta property=\"article:publisher\" content=\"https:\/\/www.facebook.com\/eltextual\" \/>\n<meta property=\"article:published_time\" content=\"2026-04-30T00:06:28+00:00\" \/>\n<meta property=\"article:modified_time\" content=\"2026-04-30T00:06:29+00:00\" \/>\n<meta property=\"og:image\" content=\"https:\/\/diariotextual.com\/inicio\/wp-content\/uploads\/2026\/04\/unlpameleccionesunlpam007.jpg\" \/>\n\t<meta property=\"og:image:width\" content=\"940\" \/>\n\t<meta property=\"og:image:height\" content=\"524\" \/>\n\t<meta property=\"og:image:type\" content=\"image\/jpeg\" \/>\n<meta name=\"author\" content=\"Diario1 Diario1\" \/>\n<meta name=\"twitter:card\" content=\"summary_large_image\" \/>\n<meta name=\"twitter:creator\" content=\"@eltextual\" \/>\n<meta name=\"twitter:site\" content=\"@eltextual\" \/>\n<meta name=\"twitter:label1\" content=\"Escrito por\" \/>\n\t<meta name=\"twitter:data1\" content=\"Diario1 Diario1\" \/>\n\t<meta name=\"twitter:label2\" content=\"Tiempo de lectura\" \/>\n\t<meta name=\"twitter:data2\" content=\"3 minutos\" \/>\n<script type=\"application\/ld+json\" class=\"yoast-schema-graph\">{\"@context\":\"https:\\\/\\\/schema.org\",\"@graph\":[{\"@type\":\"Article\",\"@id\":\"https:\\\/\\\/diariotextual.com\\\/inicio\\\/index.php\\\/2026\\\/04\\\/29\\\/el-antiperonismo-se-hizo-sentir-en-las-elecciones-de-la-unlpam-con-el-voto-en-blanco\\\/#article\",\"isPartOf\":{\"@id\":\"https:\\\/\\\/diariotextual.com\\\/inicio\\\/index.php\\\/2026\\\/04\\\/29\\\/el-antiperonismo-se-hizo-sentir-en-las-elecciones-de-la-unlpam-con-el-voto-en-blanco\\\/\"},\"author\":{\"name\":\"Diario1 Diario1\",\"@id\":\"https:\\\/\\\/diariotextual.com\\\/inicio\\\/#\\\/schema\\\/person\\\/418fc4093c33e86ed41562db3508f958\"},\"headline\":\"El antiperonismo se hizo sentir en las elecciones de la UNLPam con el voto en blanco\",\"datePublished\":\"2026-04-30T00:06:28+00:00\",\"dateModified\":\"2026-04-30T00:06:29+00:00\",\"mainEntityOfPage\":{\"@id\":\"https:\\\/\\\/diariotextual.com\\\/inicio\\\/index.php\\\/2026\\\/04\\\/29\\\/el-antiperonismo-se-hizo-sentir-en-las-elecciones-de-la-unlpam-con-el-voto-en-blanco\\\/\"},\"wordCount\":509,\"publisher\":{\"@id\":\"https:\\\/\\\/diariotextual.com\\\/inicio\\\/#organization\"},\"image\":{\"@id\":\"https:\\\/\\\/diariotextual.com\\\/inicio\\\/index.php\\\/2026\\\/04\\\/29\\\/el-antiperonismo-se-hizo-sentir-en-las-elecciones-de-la-unlpam-con-el-voto-en-blanco\\\/#primaryimage\"},\"thumbnailUrl\":\"https:\\\/\\\/diariotextual.com\\\/inicio\\\/wp-content\\\/uploads\\\/2026\\\/04\\\/unlpameleccionesunlpam007.jpg\",\"articleSection\":[\"A - PORTADA\",\"POLITICA\"],\"inLanguage\":\"es\"},{\"@type\":\"WebPage\",\"@id\":\"https:\\\/\\\/diariotextual.com\\\/inicio\\\/index.php\\\/2026\\\/04\\\/29\\\/el-antiperonismo-se-hizo-sentir-en-las-elecciones-de-la-unlpam-con-el-voto-en-blanco\\\/\",\"url\":\"https:\\\/\\\/diariotextual.com\\\/inicio\\\/index.php\\\/2026\\\/04\\\/29\\\/el-antiperonismo-se-hizo-sentir-en-las-elecciones-de-la-unlpam-con-el-voto-en-blanco\\\/\",\"name\":\"El antiperonismo se hizo sentir en las elecciones de la UNLPam con el voto en blanco - Diario Textual\",\"isPartOf\":{\"@id\":\"https:\\\/\\\/diariotextual.com\\\/inicio\\\/#website\"},\"primaryImageOfPage\":{\"@id\":\"https:\\\/\\\/diariotextual.com\\\/inicio\\\/index.php\\\/2026\\\/04\\\/29\\\/el-antiperonismo-se-hizo-sentir-en-las-elecciones-de-la-unlpam-con-el-voto-en-blanco\\\/#primaryimage\"},\"image\":{\"@id\":\"https:\\\/\\\/diariotextual.com\\\/inicio\\\/index.php\\\/2026\\\/04\\\/29\\\/el-antiperonismo-se-hizo-sentir-en-las-elecciones-de-la-unlpam-con-el-voto-en-blanco\\\/#primaryimage\"},\"thumbnailUrl\":\"https:\\\/\\\/diariotextual.com\\\/inicio\\\/wp-content\\\/uploads\\\/2026\\\/04\\\/unlpameleccionesunlpam007.jpg\",\"datePublished\":\"2026-04-30T00:06:28+00:00\",\"dateModified\":\"2026-04-30T00:06:29+00:00\",\"breadcrumb\":{\"@id\":\"https:\\\/\\\/diariotextual.com\\\/inicio\\\/index.php\\\/2026\\\/04\\\/29\\\/el-antiperonismo-se-hizo-sentir-en-las-elecciones-de-la-unlpam-con-el-voto-en-blanco\\\/#breadcrumb\"},\"inLanguage\":\"es\",\"potentialAction\":[{\"@type\":\"ReadAction\",\"target\":[\"https:\\\/\\\/diariotextual.com\\\/inicio\\\/index.php\\\/2026\\\/04\\\/29\\\/el-antiperonismo-se-hizo-sentir-en-las-elecciones-de-la-unlpam-con-el-voto-en-blanco\\\/\"]}]},{\"@type\":\"ImageObject\",\"inLanguage\":\"es\",\"@id\":\"https:\\\/\\\/diariotextual.com\\\/inicio\\\/index.php\\\/2026\\\/04\\\/29\\\/el-antiperonismo-se-hizo-sentir-en-las-elecciones-de-la-unlpam-con-el-voto-en-blanco\\\/#primaryimage\",\"url\":\"https:\\\/\\\/diariotextual.com\\\/inicio\\\/wp-content\\\/uploads\\\/2026\\\/04\\\/unlpameleccionesunlpam007.jpg\",\"contentUrl\":\"https:\\\/\\\/diariotextual.com\\\/inicio\\\/wp-content\\\/uploads\\\/2026\\\/04\\\/unlpameleccionesunlpam007.jpg\",\"width\":940,\"height\":524},{\"@type\":\"BreadcrumbList\",\"@id\":\"https:\\\/\\\/diariotextual.com\\\/inicio\\\/index.php\\\/2026\\\/04\\\/29\\\/el-antiperonismo-se-hizo-sentir-en-las-elecciones-de-la-unlpam-con-el-voto-en-blanco\\\/#breadcrumb\",\"itemListElement\":[{\"@type\":\"ListItem\",\"position\":1,\"name\":\"Portada\",\"item\":\"https:\\\/\\\/diariotextual.com\\\/inicio\\\/\"},{\"@type\":\"ListItem\",\"position\":2,\"name\":\"El antiperonismo se hizo sentir en las elecciones de la UNLPam con el voto en blanco\"}]},{\"@type\":\"WebSite\",\"@id\":\"https:\\\/\\\/diariotextual.com\\\/inicio\\\/#website\",\"url\":\"https:\\\/\\\/diariotextual.com\\\/inicio\\\/\",\"name\":\"Diario Textual\",\"description\":\"\",\"publisher\":{\"@id\":\"https:\\\/\\\/diariotextual.com\\\/inicio\\\/#organization\"},\"potentialAction\":[{\"@type\":\"SearchAction\",\"target\":{\"@type\":\"EntryPoint\",\"urlTemplate\":\"https:\\\/\\\/diariotextual.com\\\/inicio\\\/?s={search_term_string}\"},\"query-input\":{\"@type\":\"PropertyValueSpecification\",\"valueRequired\":true,\"valueName\":\"search_term_string\"}}],\"inLanguage\":\"es\"},{\"@type\":\"Organization\",\"@id\":\"https:\\\/\\\/diariotextual.com\\\/inicio\\\/#organization\",\"name\":\"Diario Textual\",\"url\":\"https:\\\/\\\/diariotextual.com\\\/inicio\\\/\",\"logo\":{\"@type\":\"ImageObject\",\"inLanguage\":\"es\",\"@id\":\"https:\\\/\\\/diariotextual.com\\\/inicio\\\/#\\\/schema\\\/logo\\\/image\\\/\",\"url\":\"https:\\\/\\\/diariotextual.com\\\/inicio\\\/wp-content\\\/uploads\\\/2023\\\/05\\\/logotextual1.jpg\",\"contentUrl\":\"https:\\\/\\\/diariotextual.com\\\/inicio\\\/wp-content\\\/uploads\\\/2023\\\/05\\\/logotextual1.jpg\",\"width\":516,\"height\":76,\"caption\":\"Diario Textual\"},\"image\":{\"@id\":\"https:\\\/\\\/diariotextual.com\\\/inicio\\\/#\\\/schema\\\/logo\\\/image\\\/\"},\"sameAs\":[\"https:\\\/\\\/www.facebook.com\\\/eltextual\",\"https:\\\/\\\/x.com\\\/eltextual\",\"http:\\\/\\\/www.instagram.com\\\/eltextual\"]},{\"@type\":\"Person\",\"@id\":\"https:\\\/\\\/diariotextual.com\\\/inicio\\\/#\\\/schema\\\/person\\\/418fc4093c33e86ed41562db3508f958\",\"name\":\"Diario1 Diario1\",\"image\":{\"@type\":\"ImageObject\",\"inLanguage\":\"es\",\"@id\":\"https:\\\/\\\/secure.gravatar.com\\\/avatar\\\/9167d280179c85bc18be67aa7eda765854300033af4896dd779b608640f2ef7a?s=96&d=mm&r=g\",\"url\":\"https:\\\/\\\/secure.gravatar.com\\\/avatar\\\/9167d280179c85bc18be67aa7eda765854300033af4896dd779b608640f2ef7a?s=96&d=mm&r=g\",\"contentUrl\":\"https:\\\/\\\/secure.gravatar.com\\\/avatar\\\/9167d280179c85bc18be67aa7eda765854300033af4896dd779b608640f2ef7a?s=96&d=mm&r=g\",\"caption\":\"Diario1 Diario1\"},\"url\":\"https:\\\/\\\/diariotextual.com\\\/inicio\\\/index.php\\\/author\\\/diario1\\\/\"}]}<\/script>\n<!-- \/ Yoast SEO plugin. -->","yoast_head_json":{"title":"El antiperonismo se hizo sentir en las elecciones de la UNLPam con el voto en blanco - Diario Textual","robots":{"index":"index","follow":"follow","max-snippet":"max-snippet:-1","max-image-preview":"max-image-preview:large","max-video-preview":"max-video-preview:-1"},"canonical":"https:\/\/diariotextual.com\/inicio\/index.php\/2026\/04\/29\/el-antiperonismo-se-hizo-sentir-en-las-elecciones-de-la-unlpam-con-el-voto-en-blanco\/","og_locale":"es_ES","og_type":"article","og_title":"El antiperonismo se hizo sentir en las elecciones de la UNLPam con el voto en blanco - Diario Textual","og_description":"El voto en blanco marc\u00f3 un dato pol\u00edtico en las elecciones de la Universidad Nacional de La Pampa, donde Francisco Marull fue electo rector sin competencia directa. Aunque la lista&hellip;","og_url":"https:\/\/diariotextual.com\/inicio\/index.php\/2026\/04\/29\/el-antiperonismo-se-hizo-sentir-en-las-elecciones-de-la-unlpam-con-el-voto-en-blanco\/","og_site_name":"Diario Textual","article_publisher":"https:\/\/www.facebook.com\/eltextual","article_published_time":"2026-04-30T00:06:28+00:00","article_modified_time":"2026-04-30T00:06:29+00:00","og_image":[{"width":940,"height":524,"url":"https:\/\/diariotextual.com\/inicio\/wp-content\/uploads\/2026\/04\/unlpameleccionesunlpam007.jpg","type":"image\/jpeg"}],"author":"Diario1 Diario1","twitter_card":"summary_large_image","twitter_creator":"@eltextual","twitter_site":"@eltextual","twitter_misc":{"Escrito por":"Diario1 Diario1","Tiempo de lectura":"3 minutos"},"schema":{"@context":"https:\/\/schema.org","@graph":[{"@type":"Article","@id":"https:\/\/diariotextual.com\/inicio\/index.php\/2026\/04\/29\/el-antiperonismo-se-hizo-sentir-en-las-elecciones-de-la-unlpam-con-el-voto-en-blanco\/#article","isPartOf":{"@id":"https:\/\/diariotextual.com\/inicio\/index.php\/2026\/04\/29\/el-antiperonismo-se-hizo-sentir-en-las-elecciones-de-la-unlpam-con-el-voto-en-blanco\/"},"author":{"name":"Diario1 Diario1","@id":"https:\/\/diariotextual.com\/inicio\/#\/schema\/person\/418fc4093c33e86ed41562db3508f958"},"headline":"El antiperonismo se hizo sentir en las elecciones de la UNLPam con el voto en blanco","datePublished":"2026-04-30T00:06:28+00:00","dateModified":"2026-04-30T00:06:29+00:00","mainEntityOfPage":{"@id":"https:\/\/diariotextual.com\/inicio\/index.php\/2026\/04\/29\/el-antiperonismo-se-hizo-sentir-en-las-elecciones-de-la-unlpam-con-el-voto-en-blanco\/"},"wordCount":509,"publisher":{"@id":"https:\/\/diariotextual.com\/inicio\/#organization"},"image":{"@id":"https:\/\/diariotextual.com\/inicio\/index.php\/2026\/04\/29\/el-antiperonismo-se-hizo-sentir-en-las-elecciones-de-la-unlpam-con-el-voto-en-blanco\/#primaryimage"},"thumbnailUrl":"https:\/\/diariotextual.com\/inicio\/wp-content\/uploads\/2026\/04\/unlpameleccionesunlpam007.jpg","articleSection":["A - PORTADA","POLITICA"],"inLanguage":"es"},{"@type":"WebPage","@id":"https:\/\/diariotextual.com\/inicio\/index.php\/2026\/04\/29\/el-antiperonismo-se-hizo-sentir-en-las-elecciones-de-la-unlpam-con-el-voto-en-blanco\/","url":"https:\/\/diariotextual.com\/inicio\/index.php\/2026\/04\/29\/el-antiperonismo-se-hizo-sentir-en-las-elecciones-de-la-unlpam-con-el-voto-en-blanco\/","name":"El antiperonismo se hizo sentir en las elecciones de la UNLPam con el voto en blanco - Diario Textual","isPartOf":{"@id":"https:\/\/diariotextual.com\/inicio\/#website"},"primaryImageOfPage":{"@id":"https:\/\/diariotextual.com\/inicio\/index.php\/2026\/04\/29\/el-antiperonismo-se-hizo-sentir-en-las-elecciones-de-la-unlpam-con-el-voto-en-blanco\/#primaryimage"},"image":{"@id":"https:\/\/diariotextual.com\/inicio\/index.php\/2026\/04\/29\/el-antiperonismo-se-hizo-sentir-en-las-elecciones-de-la-unlpam-con-el-voto-en-blanco\/#primaryimage"},"thumbnailUrl":"https:\/\/diariotextual.com\/inicio\/wp-content\/uploads\/2026\/04\/unlpameleccionesunlpam007.jpg","datePublished":"2026-04-30T00:06:28+00:00","dateModified":"2026-04-30T00:06:29+00:00","breadcrumb":{"@id":"https:\/\/diariotextual.com\/inicio\/index.php\/2026\/04\/29\/el-antiperonismo-se-hizo-sentir-en-las-elecciones-de-la-unlpam-con-el-voto-en-blanco\/#breadcrumb"},"inLanguage":"es","potentialAction":[{"@type":"ReadAction","target":["https:\/\/diariotextual.com\/inicio\/index.php\/2026\/04\/29\/el-antiperonismo-se-hizo-sentir-en-las-elecciones-de-la-unlpam-con-el-voto-en-blanco\/"]}]},{"@type":"ImageObject","inLanguage":"es","@id":"https:\/\/diariotextual.com\/inicio\/index.php\/2026\/04\/29\/el-antiperonismo-se-hizo-sentir-en-las-elecciones-de-la-unlpam-con-el-voto-en-blanco\/#primaryimage","url":"https:\/\/diariotextual.com\/inicio\/wp-content\/uploads\/2026\/04\/unlpameleccionesunlpam007.jpg","contentUrl":"https:\/\/diariotextual.com\/inicio\/wp-content\/uploads\/2026\/04\/unlpameleccionesunlpam007.jpg","width":940,"height":524},{"@type":"BreadcrumbList","@id":"https:\/\/diariotextual.com\/inicio\/index.php\/2026\/04\/29\/el-antiperonismo-se-hizo-sentir-en-las-elecciones-de-la-unlpam-con-el-voto-en-blanco\/#breadcrumb","itemListElement":[{"@type":"ListItem","position":1,"name":"Portada","item":"https:\/\/diariotextual.com\/inicio\/"},{"@type":"ListItem","position":2,"name":"El antiperonismo se hizo sentir en las elecciones de la UNLPam con el voto en blanco"}]},{"@type":"WebSite","@id":"https:\/\/diariotextual.com\/inicio\/#website","url":"https:\/\/diariotextual.com\/inicio\/","name":"Diario Textual","description":"","publisher":{"@id":"https:\/\/diariotextual.com\/inicio\/#organization"},"potentialAction":[{"@type":"SearchAction","target":{"@type":"EntryPoint","urlTemplate":"https:\/\/diariotextual.com\/inicio\/?s={search_term_string}"},"query-input":{"@type":"PropertyValueSpecification","valueRequired":true,"valueName":"search_term_string"}}],"inLanguage":"es"},{"@type":"Organization","@id":"https:\/\/diariotextual.com\/inicio\/#organization","name":"Diario Textual","url":"https:\/\/diariotextual.com\/inicio\/","logo":{"@type":"ImageObject","inLanguage":"es","@id":"https:\/\/diariotextual.com\/inicio\/#\/schema\/logo\/image\/","url":"https:\/\/diariotextual.com\/inicio\/wp-content\/uploads\/2023\/05\/logotextual1.jpg","contentUrl":"https:\/\/diariotextual.com\/inicio\/wp-content\/uploads\/2023\/05\/logotextual1.jpg","width":516,"height":76,"caption":"Diario Textual"},"image":{"@id":"https:\/\/diariotextual.com\/inicio\/#\/schema\/logo\/image\/"},"sameAs":["https:\/\/www.facebook.com\/eltextual","https:\/\/x.com\/eltextual","http:\/\/www.instagram.com\/eltextual"]},{"@type":"Person","@id":"https:\/\/diariotextual.com\/inicio\/#\/schema\/person\/418fc4093c33e86ed41562db3508f958","name":"Diario1 Diario1","image":{"@type":"ImageObject","inLanguage":"es","@id":"https:\/\/secure.gravatar.com\/avatar\/9167d280179c85bc18be67aa7eda765854300033af4896dd779b608640f2ef7a?s=96&d=mm&r=g","url":"https:\/\/secure.gravatar.com\/avatar\/9167d280179c85bc18be67aa7eda765854300033af4896dd779b608640f2ef7a?s=96&d=mm&r=g","contentUrl":"https:\/\/secure.gravatar.com\/avatar\/9167d280179c85bc18be67aa7eda765854300033af4896dd779b608640f2ef7a?s=96&d=mm&r=g","caption":"Diario1 Diario1"},"url":"https:\/\/diariotextual.com\/inicio\/index.php\/author\/diario1\/"}]}},"_links":{"self":[{"href":"https:\/\/diariotextual.com\/inicio\/index.php\/wp-json\/wp\/v2\/posts\/326016","targetHints":{"allow":["GET"]}}],"collection":[{"href":"https:\/\/diariotextual.com\/inicio\/index.php\/wp-json\/wp\/v2\/posts"}],"about":[{"href":"https:\/\/diariotextual.com\/inicio\/index.php\/wp-json\/wp\/v2\/types\/post"}],"author":[{"embeddable":true,"href":"https:\/\/diariotextual.com\/inicio\/index.php\/wp-json\/wp\/v2\/users\/3"}],"replies":[{"embeddable":true,"href":"https:\/\/diariotextual.com\/inicio\/index.php\/wp-json\/wp\/v2\/comments?post=326016"}],"version-history":[{"count":2,"href":"https:\/\/diariotextual.com\/inicio\/index.php\/wp-json\/wp\/v2\/posts\/326016\/revisions"}],"predecessor-version":[{"id":326019,"href":"https:\/\/diariotextual.com\/inicio\/index.php\/wp-json\/wp\/v2\/posts\/326016\/revisions\/326019"}],"wp:featuredmedia":[{"embeddable":true,"href":"https:\/\/diariotextual.com\/inicio\/index.php\/wp-json\/wp\/v2\/media\/326018"}],"wp:attachment":[{"href":"https:\/\/diariotextual.com\/inicio\/index.php\/wp-json\/wp\/v2\/media?parent=326016"}],"wp:term":[{"taxonomy":"category","embeddable":true,"href":"https:\/\/diariotextual.com\/inicio\/index.php\/wp-json\/wp\/v2\/categories?post=326016"},{"taxonomy":"post_tag","embeddable":true,"href":"https:\/\/diariotextual.com\/inicio\/index.php\/wp-json\/wp\/v2\/tags?post=326016"}],"curies":[{"name":"wp","href":"https:\/\/api.w.org\/{rel}","templated":true}]}}