{"id":326020,"date":"2026-04-29T21:39:06","date_gmt":"2026-04-30T00:39:06","guid":{"rendered":"https:\/\/diariotextual.com\/inicio\/?p=326020"},"modified":"2026-04-29T21:39:10","modified_gmt":"2026-04-30T00:39:10","slug":"vivio-54-anos-con-otra-identidad-la-justicia-pampeana-reconocio-su-verdadera-filiacion-y-responsabilizo-a-sus-padres-biologicos","status":"publish","type":"post","link":"https:\/\/diariotextual.com\/inicio\/index.php\/2026\/04\/29\/vivio-54-anos-con-otra-identidad-la-justicia-pampeana-reconocio-su-verdadera-filiacion-y-responsabilizo-a-sus-padres-biologicos\/","title":{"rendered":"Vivi\u00f3 54 a\u00f1os con otra identidad: la Justicia pampeana reconoci\u00f3 su verdadera filiaci\u00f3n y responsabiliz\u00f3 a sus padres biol\u00f3gicos"},"content":{"rendered":"\n<p>Una mujer que fue entregada al nacer y vivi\u00f3 durante <strong>54 a\u00f1os bajo una identidad falsa<\/strong> logr\u00f3 finalmente conocer su verdadera historia. La <strong>C\u00e1mara de Apelaciones en lo Civil, Comercial, Laboral y de Miner\u00eda de Santa Rosa<\/strong> puso fin a una b\u00fasqueda de d\u00e9cadas y reconoci\u00f3 su filiaci\u00f3n biol\u00f3gica, en un fallo que adem\u00e1s responsabiliz\u00f3 a sus progenitores por el ocultamiento.<\/p>\n\n\n\n<p><strong>C. T. <\/strong>naci\u00f3 en 1971 y reci\u00e9n ahora pudo conocer su verdadera identidad. La resoluci\u00f3n, dictada el <strong>22 de abril de 2026 por la Sala 4<\/strong>, no solo confirm\u00f3 qui\u00e9nes son sus padres biol\u00f3gicos &#8211;<strong>J. C. B.<\/strong> y <strong>S. M. D. P.<\/strong>-, sino que tambi\u00e9n modific\u00f3 un aspecto clave: <strong>orden\u00f3 que ellos paguen las costas del proceso<\/strong>, al considerar que su conducta fue determinante para que la mujer tuviera que atravesar un largo camino judicial.<\/p>\n\n\n\n<p>La historia expone una vida atravesada por el desconocimiento de su origen. Al momento de iniciar la demanda, <strong>C. T.<\/strong> ten\u00eda una filiaci\u00f3n registral completamente ajena a su realidad biol\u00f3gica: figuraba como hija de <strong>E. A. T.<\/strong> y <strong>M. M. L.<\/strong>, quienes la inscribieron al nacer. Esa situaci\u00f3n implicaba una vulneraci\u00f3n directa de su derecho a la identidad.<\/p>\n\n\n\n<p><\/p>\n\n\n\n<p>Seg\u00fan surge del fallo, <strong>C. T.<\/strong> fue inscripta como hija de otras personas. Sin embargo, luego de a\u00f1os de dudas y averiguaciones, inici\u00f3 un proceso judicial que incluy\u00f3 <strong>pruebas gen\u00e9ticas<\/strong>, las cuales confirmaron que era hija biol\u00f3gica de <strong>J. C. B.<\/strong> y <strong>S. M. D. P.<\/strong>.<\/p>\n\n\n\n<p>El tribunal sostuvo que la inscripci\u00f3n original tuvo un <strong>origen il\u00edcito<\/strong> y que existi\u00f3 una <strong>privaci\u00f3n ilegal de la identidad<\/strong>, en la que intervinieron directamente sus progenitores biol\u00f3gicos. Esa situaci\u00f3n la oblig\u00f3 a emprender una b\u00fasqueda prolongada para reconstruir su historia.<\/p>\n\n\n\n<p>\u201cLa actora se vio forzada a formular el reclamo cuyo \u00fanico objeto resultaba la b\u00fasqueda de la verdad real, postergada hasta sus 54 a\u00f1os de edad\u201d, remarc\u00f3 la jueza <strong>Mar\u00eda Anah\u00ed Brarda<\/strong> en su voto.<\/p>\n\n\n\n<div style=\"height:100px\" aria-hidden=\"true\" class=\"wp-block-spacer\"><\/div>\n\n\n\n<p><strong>El rol de los padres biol\u00f3gicos<\/strong><\/p>\n\n\n\n<p>El fallo es especialmente cr\u00edtico con la conducta de <strong>J.C.B.<\/strong> y <strong>S.M.D.P.<\/strong> Se\u00f1ala que, al momento del nacimiento de <strong>C.T.<\/strong>, ten\u00edan <strong>20 y 25 a\u00f1os<\/strong>, y que no exist\u00eda impedimento legal para reconocer a su hija.<\/p>\n\n\n\n<p>Pese a ello, omitieron registrarla correctamente y mantuvieron ese ocultamiento durante d\u00e9cadas,<strong> incluso despu\u00e9s de formar una familia y tener otros hijos.<\/strong> Para la C\u00e1mara, esa decisi\u00f3n tuvo consecuencias directas en la vida de <strong>C.T.<\/strong><\/p>\n\n\n\n<p>Los jueces consideraron que ese accionar <strong>prioriz\u00f3 intereses propios por sobre los derechos de la hija<\/strong>, oblig\u00e1ndola no solo a investigar su origen, sino tambi\u00e9n a judicializar el caso para obtener certezas.<\/p>\n\n\n\n<div style=\"height:100px\" aria-hidden=\"true\" class=\"wp-block-spacer\"><\/div>\n\n\n\n<p><strong>Un fallo con eje en el derecho a la identidad<\/strong><\/p>\n\n\n\n<p>La sentencia encuadra el caso dentro de los <strong>derechos humanos fundamentales<\/strong>, en particular el <strong>derecho a la identidad<\/strong>, al conocimiento de los or\u00edgenes y a la verdad.<\/p>\n\n\n\n<p>En ese sentido, la C\u00e1mara entendi\u00f3 que no correspond\u00eda que cada parte pagara sus propios gastos -como hab\u00eda resuelto la primera instancia-, ya que eso implicar\u00eda seguir trasladando a <strong>C.T.<\/strong> las consecuencias de una situaci\u00f3n que no gener\u00f3.<\/p>\n\n\n\n<p>Por unanimidad, las juezas <strong>Mar\u00eda Anah\u00ed Brarda<\/strong> y <strong>Adriana I. Cuarzo<\/strong> resolvieron hacer lugar a la apelaci\u00f3n y <strong>imponer las costas a los demandados en ambas instancias<\/strong>.<\/p>\n\n\n\n<div style=\"height:100px\" aria-hidden=\"true\" class=\"wp-block-spacer\"><\/div>\n\n\n\n<p><strong>El cierre de una historia abierta por m\u00e1s de medio siglo<\/strong><\/p>\n\n\n\n<p>El fallo no repara el tiempo perdido, pero marca un punto final en una historia que comenz\u00f3 hace m\u00e1s de medio siglo. Despu\u00e9s de vivir toda su vida con datos falsos sobre su origen, <strong>C.T.<\/strong> logr\u00f3 finalmente <strong>poner nombre y apellido a su identidad biol\u00f3gica<\/strong>.<\/p>\n\n\n\n<p>La decisi\u00f3n judicial no solo reconoce ese derecho, sino que tambi\u00e9n deja sentado que <strong>el ocultamiento de la identidad tiene consecuencias jur\u00eddicas<\/strong>, incluso d\u00e9cadas despu\u00e9s.<\/p>\n\n\n\n<p><\/p>\n","protected":false},"excerpt":{"rendered":"<p>Una mujer que fue entregada al nacer y vivi\u00f3 durante 54 a\u00f1os bajo una identidad falsa logr\u00f3 finalmente conocer su verdadera historia. La C\u00e1mara de Apelaciones en lo Civil, Comercial,&hellip;<\/p>\n","protected":false},"author":3,"featured_media":321554,"comment_status":"closed","ping_status":"open","sticky":false,"template":"","format":"standard","meta":{"_acf_changed":false,"footnotes":""},"categories":[4,12],"tags":[],"class_list":["post-326020","post","type-post","status-publish","format-standard","has-post-thumbnail","hentry","category-destacadas","category-sociedad"],"acf":[],"yoast_head":"<!-- This site is optimized with the Yoast SEO plugin v27.5 - https:\/\/yoast.com\/product\/yoast-seo-wordpress\/ -->\n<title>Vivi\u00f3 54 a\u00f1os con otra identidad: la Justicia pampeana reconoci\u00f3 su verdadera filiaci\u00f3n y responsabiliz\u00f3 a sus padres biol\u00f3gicos - Diario Textual<\/title>\n<meta name=\"robots\" content=\"index, follow, max-snippet:-1, max-image-preview:large, max-video-preview:-1\" \/>\n<link rel=\"canonical\" href=\"https:\/\/diariotextual.com\/inicio\/index.php\/2026\/04\/29\/vivio-54-anos-con-otra-identidad-la-justicia-pampeana-reconocio-su-verdadera-filiacion-y-responsabilizo-a-sus-padres-biologicos\/\" \/>\n<meta property=\"og:locale\" content=\"es_ES\" \/>\n<meta property=\"og:type\" content=\"article\" \/>\n<meta property=\"og:title\" content=\"Vivi\u00f3 54 a\u00f1os con otra identidad: la Justicia pampeana reconoci\u00f3 su verdadera filiaci\u00f3n y responsabiliz\u00f3 a sus padres biol\u00f3gicos - Diario Textual\" \/>\n<meta property=\"og:description\" content=\"Una mujer que fue entregada al nacer y vivi\u00f3 durante 54 a\u00f1os bajo una identidad falsa logr\u00f3 finalmente conocer su verdadera historia. La C\u00e1mara de Apelaciones en lo Civil, Comercial,&hellip;\" \/>\n<meta property=\"og:url\" content=\"https:\/\/diariotextual.com\/inicio\/index.php\/2026\/04\/29\/vivio-54-anos-con-otra-identidad-la-justicia-pampeana-reconocio-su-verdadera-filiacion-y-responsabilizo-a-sus-padres-biologicos\/\" \/>\n<meta property=\"og:site_name\" content=\"Diario Textual\" \/>\n<meta property=\"article:publisher\" content=\"https:\/\/www.facebook.com\/eltextual\" \/>\n<meta property=\"article:published_time\" content=\"2026-04-30T00:39:06+00:00\" \/>\n<meta property=\"article:modified_time\" content=\"2026-04-30T00:39:10+00:00\" \/>\n<meta property=\"og:image\" content=\"https:\/\/diariotextual.com\/inicio\/wp-content\/uploads\/2026\/03\/centrojudicialsantarosaciudadjudicial2026-10.jpg\" \/>\n\t<meta property=\"og:image:width\" content=\"1300\" \/>\n\t<meta property=\"og:image:height\" content=\"794\" \/>\n\t<meta property=\"og:image:type\" content=\"image\/jpeg\" \/>\n<meta name=\"author\" content=\"Diario1 Diario1\" \/>\n<meta name=\"twitter:card\" content=\"summary_large_image\" \/>\n<meta name=\"twitter:creator\" content=\"@eltextual\" \/>\n<meta name=\"twitter:site\" content=\"@eltextual\" \/>\n<meta name=\"twitter:label1\" content=\"Escrito por\" \/>\n\t<meta name=\"twitter:data1\" content=\"Diario1 Diario1\" \/>\n\t<meta name=\"twitter:label2\" content=\"Tiempo de lectura\" \/>\n\t<meta name=\"twitter:data2\" content=\"3 minutos\" \/>\n<script type=\"application\/ld+json\" class=\"yoast-schema-graph\">{\"@context\":\"https:\\\/\\\/schema.org\",\"@graph\":[{\"@type\":\"Article\",\"@id\":\"https:\\\/\\\/diariotextual.com\\\/inicio\\\/index.php\\\/2026\\\/04\\\/29\\\/vivio-54-anos-con-otra-identidad-la-justicia-pampeana-reconocio-su-verdadera-filiacion-y-responsabilizo-a-sus-padres-biologicos\\\/#article\",\"isPartOf\":{\"@id\":\"https:\\\/\\\/diariotextual.com\\\/inicio\\\/index.php\\\/2026\\\/04\\\/29\\\/vivio-54-anos-con-otra-identidad-la-justicia-pampeana-reconocio-su-verdadera-filiacion-y-responsabilizo-a-sus-padres-biologicos\\\/\"},\"author\":{\"name\":\"Diario1 Diario1\",\"@id\":\"https:\\\/\\\/diariotextual.com\\\/inicio\\\/#\\\/schema\\\/person\\\/418fc4093c33e86ed41562db3508f958\"},\"headline\":\"Vivi\u00f3 54 a\u00f1os con otra identidad: la Justicia pampeana reconoci\u00f3 su verdadera filiaci\u00f3n y responsabiliz\u00f3 a sus padres biol\u00f3gicos\",\"datePublished\":\"2026-04-30T00:39:06+00:00\",\"dateModified\":\"2026-04-30T00:39:10+00:00\",\"mainEntityOfPage\":{\"@id\":\"https:\\\/\\\/diariotextual.com\\\/inicio\\\/index.php\\\/2026\\\/04\\\/29\\\/vivio-54-anos-con-otra-identidad-la-justicia-pampeana-reconocio-su-verdadera-filiacion-y-responsabilizo-a-sus-padres-biologicos\\\/\"},\"wordCount\":691,\"publisher\":{\"@id\":\"https:\\\/\\\/diariotextual.com\\\/inicio\\\/#organization\"},\"image\":{\"@id\":\"https:\\\/\\\/diariotextual.com\\\/inicio\\\/index.php\\\/2026\\\/04\\\/29\\\/vivio-54-anos-con-otra-identidad-la-justicia-pampeana-reconocio-su-verdadera-filiacion-y-responsabilizo-a-sus-padres-biologicos\\\/#primaryimage\"},\"thumbnailUrl\":\"https:\\\/\\\/diariotextual.com\\\/inicio\\\/wp-content\\\/uploads\\\/2026\\\/03\\\/centrojudicialsantarosaciudadjudicial2026-10.jpg\",\"articleSection\":[\"A - DESTACADAS (mod 16)\",\"SOCIEDAD\"],\"inLanguage\":\"es\"},{\"@type\":\"WebPage\",\"@id\":\"https:\\\/\\\/diariotextual.com\\\/inicio\\\/index.php\\\/2026\\\/04\\\/29\\\/vivio-54-anos-con-otra-identidad-la-justicia-pampeana-reconocio-su-verdadera-filiacion-y-responsabilizo-a-sus-padres-biologicos\\\/\",\"url\":\"https:\\\/\\\/diariotextual.com\\\/inicio\\\/index.php\\\/2026\\\/04\\\/29\\\/vivio-54-anos-con-otra-identidad-la-justicia-pampeana-reconocio-su-verdadera-filiacion-y-responsabilizo-a-sus-padres-biologicos\\\/\",\"name\":\"Vivi\u00f3 54 a\u00f1os con otra identidad: la Justicia pampeana reconoci\u00f3 su verdadera filiaci\u00f3n y responsabiliz\u00f3 a sus padres biol\u00f3gicos - Diario Textual\",\"isPartOf\":{\"@id\":\"https:\\\/\\\/diariotextual.com\\\/inicio\\\/#website\"},\"primaryImageOfPage\":{\"@id\":\"https:\\\/\\\/diariotextual.com\\\/inicio\\\/index.php\\\/2026\\\/04\\\/29\\\/vivio-54-anos-con-otra-identidad-la-justicia-pampeana-reconocio-su-verdadera-filiacion-y-responsabilizo-a-sus-padres-biologicos\\\/#primaryimage\"},\"image\":{\"@id\":\"https:\\\/\\\/diariotextual.com\\\/inicio\\\/index.php\\\/2026\\\/04\\\/29\\\/vivio-54-anos-con-otra-identidad-la-justicia-pampeana-reconocio-su-verdadera-filiacion-y-responsabilizo-a-sus-padres-biologicos\\\/#primaryimage\"},\"thumbnailUrl\":\"https:\\\/\\\/diariotextual.com\\\/inicio\\\/wp-content\\\/uploads\\\/2026\\\/03\\\/centrojudicialsantarosaciudadjudicial2026-10.jpg\",\"datePublished\":\"2026-04-30T00:39:06+00:00\",\"dateModified\":\"2026-04-30T00:39:10+00:00\",\"breadcrumb\":{\"@id\":\"https:\\\/\\\/diariotextual.com\\\/inicio\\\/index.php\\\/2026\\\/04\\\/29\\\/vivio-54-anos-con-otra-identidad-la-justicia-pampeana-reconocio-su-verdadera-filiacion-y-responsabilizo-a-sus-padres-biologicos\\\/#breadcrumb\"},\"inLanguage\":\"es\",\"potentialAction\":[{\"@type\":\"ReadAction\",\"target\":[\"https:\\\/\\\/diariotextual.com\\\/inicio\\\/index.php\\\/2026\\\/04\\\/29\\\/vivio-54-anos-con-otra-identidad-la-justicia-pampeana-reconocio-su-verdadera-filiacion-y-responsabilizo-a-sus-padres-biologicos\\\/\"]}]},{\"@type\":\"ImageObject\",\"inLanguage\":\"es\",\"@id\":\"https:\\\/\\\/diariotextual.com\\\/inicio\\\/index.php\\\/2026\\\/04\\\/29\\\/vivio-54-anos-con-otra-identidad-la-justicia-pampeana-reconocio-su-verdadera-filiacion-y-responsabilizo-a-sus-padres-biologicos\\\/#primaryimage\",\"url\":\"https:\\\/\\\/diariotextual.com\\\/inicio\\\/wp-content\\\/uploads\\\/2026\\\/03\\\/centrojudicialsantarosaciudadjudicial2026-10.jpg\",\"contentUrl\":\"https:\\\/\\\/diariotextual.com\\\/inicio\\\/wp-content\\\/uploads\\\/2026\\\/03\\\/centrojudicialsantarosaciudadjudicial2026-10.jpg\",\"width\":1300,\"height\":794},{\"@type\":\"BreadcrumbList\",\"@id\":\"https:\\\/\\\/diariotextual.com\\\/inicio\\\/index.php\\\/2026\\\/04\\\/29\\\/vivio-54-anos-con-otra-identidad-la-justicia-pampeana-reconocio-su-verdadera-filiacion-y-responsabilizo-a-sus-padres-biologicos\\\/#breadcrumb\",\"itemListElement\":[{\"@type\":\"ListItem\",\"position\":1,\"name\":\"Portada\",\"item\":\"https:\\\/\\\/diariotextual.com\\\/inicio\\\/\"},{\"@type\":\"ListItem\",\"position\":2,\"name\":\"Vivi\u00f3 54 a\u00f1os con otra identidad: la Justicia pampeana reconoci\u00f3 su verdadera filiaci\u00f3n y responsabiliz\u00f3 a sus padres biol\u00f3gicos\"}]},{\"@type\":\"WebSite\",\"@id\":\"https:\\\/\\\/diariotextual.com\\\/inicio\\\/#website\",\"url\":\"https:\\\/\\\/diariotextual.com\\\/inicio\\\/\",\"name\":\"Diario Textual\",\"description\":\"\",\"publisher\":{\"@id\":\"https:\\\/\\\/diariotextual.com\\\/inicio\\\/#organization\"},\"potentialAction\":[{\"@type\":\"SearchAction\",\"target\":{\"@type\":\"EntryPoint\",\"urlTemplate\":\"https:\\\/\\\/diariotextual.com\\\/inicio\\\/?s={search_term_string}\"},\"query-input\":{\"@type\":\"PropertyValueSpecification\",\"valueRequired\":true,\"valueName\":\"search_term_string\"}}],\"inLanguage\":\"es\"},{\"@type\":\"Organization\",\"@id\":\"https:\\\/\\\/diariotextual.com\\\/inicio\\\/#organization\",\"name\":\"Diario Textual\",\"url\":\"https:\\\/\\\/diariotextual.com\\\/inicio\\\/\",\"logo\":{\"@type\":\"ImageObject\",\"inLanguage\":\"es\",\"@id\":\"https:\\\/\\\/diariotextual.com\\\/inicio\\\/#\\\/schema\\\/logo\\\/image\\\/\",\"url\":\"https:\\\/\\\/diariotextual.com\\\/inicio\\\/wp-content\\\/uploads\\\/2023\\\/05\\\/logotextual1.jpg\",\"contentUrl\":\"https:\\\/\\\/diariotextual.com\\\/inicio\\\/wp-content\\\/uploads\\\/2023\\\/05\\\/logotextual1.jpg\",\"width\":516,\"height\":76,\"caption\":\"Diario Textual\"},\"image\":{\"@id\":\"https:\\\/\\\/diariotextual.com\\\/inicio\\\/#\\\/schema\\\/logo\\\/image\\\/\"},\"sameAs\":[\"https:\\\/\\\/www.facebook.com\\\/eltextual\",\"https:\\\/\\\/x.com\\\/eltextual\",\"http:\\\/\\\/www.instagram.com\\\/eltextual\"]},{\"@type\":\"Person\",\"@id\":\"https:\\\/\\\/diariotextual.com\\\/inicio\\\/#\\\/schema\\\/person\\\/418fc4093c33e86ed41562db3508f958\",\"name\":\"Diario1 Diario1\",\"image\":{\"@type\":\"ImageObject\",\"inLanguage\":\"es\",\"@id\":\"https:\\\/\\\/secure.gravatar.com\\\/avatar\\\/9167d280179c85bc18be67aa7eda765854300033af4896dd779b608640f2ef7a?s=96&d=mm&r=g\",\"url\":\"https:\\\/\\\/secure.gravatar.com\\\/avatar\\\/9167d280179c85bc18be67aa7eda765854300033af4896dd779b608640f2ef7a?s=96&d=mm&r=g\",\"contentUrl\":\"https:\\\/\\\/secure.gravatar.com\\\/avatar\\\/9167d280179c85bc18be67aa7eda765854300033af4896dd779b608640f2ef7a?s=96&d=mm&r=g\",\"caption\":\"Diario1 Diario1\"},\"url\":\"https:\\\/\\\/diariotextual.com\\\/inicio\\\/index.php\\\/author\\\/diario1\\\/\"}]}<\/script>\n<!-- \/ Yoast SEO plugin. -->","yoast_head_json":{"title":"Vivi\u00f3 54 a\u00f1os con otra identidad: la Justicia pampeana reconoci\u00f3 su verdadera filiaci\u00f3n y responsabiliz\u00f3 a sus padres biol\u00f3gicos - Diario Textual","robots":{"index":"index","follow":"follow","max-snippet":"max-snippet:-1","max-image-preview":"max-image-preview:large","max-video-preview":"max-video-preview:-1"},"canonical":"https:\/\/diariotextual.com\/inicio\/index.php\/2026\/04\/29\/vivio-54-anos-con-otra-identidad-la-justicia-pampeana-reconocio-su-verdadera-filiacion-y-responsabilizo-a-sus-padres-biologicos\/","og_locale":"es_ES","og_type":"article","og_title":"Vivi\u00f3 54 a\u00f1os con otra identidad: la Justicia pampeana reconoci\u00f3 su verdadera filiaci\u00f3n y responsabiliz\u00f3 a sus padres biol\u00f3gicos - Diario Textual","og_description":"Una mujer que fue entregada al nacer y vivi\u00f3 durante 54 a\u00f1os bajo una identidad falsa logr\u00f3 finalmente conocer su verdadera historia. La C\u00e1mara de Apelaciones en lo Civil, Comercial,&hellip;","og_url":"https:\/\/diariotextual.com\/inicio\/index.php\/2026\/04\/29\/vivio-54-anos-con-otra-identidad-la-justicia-pampeana-reconocio-su-verdadera-filiacion-y-responsabilizo-a-sus-padres-biologicos\/","og_site_name":"Diario Textual","article_publisher":"https:\/\/www.facebook.com\/eltextual","article_published_time":"2026-04-30T00:39:06+00:00","article_modified_time":"2026-04-30T00:39:10+00:00","og_image":[{"width":1300,"height":794,"url":"https:\/\/diariotextual.com\/inicio\/wp-content\/uploads\/2026\/03\/centrojudicialsantarosaciudadjudicial2026-10.jpg","type":"image\/jpeg"}],"author":"Diario1 Diario1","twitter_card":"summary_large_image","twitter_creator":"@eltextual","twitter_site":"@eltextual","twitter_misc":{"Escrito por":"Diario1 Diario1","Tiempo de lectura":"3 minutos"},"schema":{"@context":"https:\/\/schema.org","@graph":[{"@type":"Article","@id":"https:\/\/diariotextual.com\/inicio\/index.php\/2026\/04\/29\/vivio-54-anos-con-otra-identidad-la-justicia-pampeana-reconocio-su-verdadera-filiacion-y-responsabilizo-a-sus-padres-biologicos\/#article","isPartOf":{"@id":"https:\/\/diariotextual.com\/inicio\/index.php\/2026\/04\/29\/vivio-54-anos-con-otra-identidad-la-justicia-pampeana-reconocio-su-verdadera-filiacion-y-responsabilizo-a-sus-padres-biologicos\/"},"author":{"name":"Diario1 Diario1","@id":"https:\/\/diariotextual.com\/inicio\/#\/schema\/person\/418fc4093c33e86ed41562db3508f958"},"headline":"Vivi\u00f3 54 a\u00f1os con otra identidad: la Justicia pampeana reconoci\u00f3 su verdadera filiaci\u00f3n y responsabiliz\u00f3 a sus padres biol\u00f3gicos","datePublished":"2026-04-30T00:39:06+00:00","dateModified":"2026-04-30T00:39:10+00:00","mainEntityOfPage":{"@id":"https:\/\/diariotextual.com\/inicio\/index.php\/2026\/04\/29\/vivio-54-anos-con-otra-identidad-la-justicia-pampeana-reconocio-su-verdadera-filiacion-y-responsabilizo-a-sus-padres-biologicos\/"},"wordCount":691,"publisher":{"@id":"https:\/\/diariotextual.com\/inicio\/#organization"},"image":{"@id":"https:\/\/diariotextual.com\/inicio\/index.php\/2026\/04\/29\/vivio-54-anos-con-otra-identidad-la-justicia-pampeana-reconocio-su-verdadera-filiacion-y-responsabilizo-a-sus-padres-biologicos\/#primaryimage"},"thumbnailUrl":"https:\/\/diariotextual.com\/inicio\/wp-content\/uploads\/2026\/03\/centrojudicialsantarosaciudadjudicial2026-10.jpg","articleSection":["A - DESTACADAS (mod 16)","SOCIEDAD"],"inLanguage":"es"},{"@type":"WebPage","@id":"https:\/\/diariotextual.com\/inicio\/index.php\/2026\/04\/29\/vivio-54-anos-con-otra-identidad-la-justicia-pampeana-reconocio-su-verdadera-filiacion-y-responsabilizo-a-sus-padres-biologicos\/","url":"https:\/\/diariotextual.com\/inicio\/index.php\/2026\/04\/29\/vivio-54-anos-con-otra-identidad-la-justicia-pampeana-reconocio-su-verdadera-filiacion-y-responsabilizo-a-sus-padres-biologicos\/","name":"Vivi\u00f3 54 a\u00f1os con otra identidad: la Justicia pampeana reconoci\u00f3 su verdadera filiaci\u00f3n y responsabiliz\u00f3 a sus padres biol\u00f3gicos - Diario Textual","isPartOf":{"@id":"https:\/\/diariotextual.com\/inicio\/#website"},"primaryImageOfPage":{"@id":"https:\/\/diariotextual.com\/inicio\/index.php\/2026\/04\/29\/vivio-54-anos-con-otra-identidad-la-justicia-pampeana-reconocio-su-verdadera-filiacion-y-responsabilizo-a-sus-padres-biologicos\/#primaryimage"},"image":{"@id":"https:\/\/diariotextual.com\/inicio\/index.php\/2026\/04\/29\/vivio-54-anos-con-otra-identidad-la-justicia-pampeana-reconocio-su-verdadera-filiacion-y-responsabilizo-a-sus-padres-biologicos\/#primaryimage"},"thumbnailUrl":"https:\/\/diariotextual.com\/inicio\/wp-content\/uploads\/2026\/03\/centrojudicialsantarosaciudadjudicial2026-10.jpg","datePublished":"2026-04-30T00:39:06+00:00","dateModified":"2026-04-30T00:39:10+00:00","breadcrumb":{"@id":"https:\/\/diariotextual.com\/inicio\/index.php\/2026\/04\/29\/vivio-54-anos-con-otra-identidad-la-justicia-pampeana-reconocio-su-verdadera-filiacion-y-responsabilizo-a-sus-padres-biologicos\/#breadcrumb"},"inLanguage":"es","potentialAction":[{"@type":"ReadAction","target":["https:\/\/diariotextual.com\/inicio\/index.php\/2026\/04\/29\/vivio-54-anos-con-otra-identidad-la-justicia-pampeana-reconocio-su-verdadera-filiacion-y-responsabilizo-a-sus-padres-biologicos\/"]}]},{"@type":"ImageObject","inLanguage":"es","@id":"https:\/\/diariotextual.com\/inicio\/index.php\/2026\/04\/29\/vivio-54-anos-con-otra-identidad-la-justicia-pampeana-reconocio-su-verdadera-filiacion-y-responsabilizo-a-sus-padres-biologicos\/#primaryimage","url":"https:\/\/diariotextual.com\/inicio\/wp-content\/uploads\/2026\/03\/centrojudicialsantarosaciudadjudicial2026-10.jpg","contentUrl":"https:\/\/diariotextual.com\/inicio\/wp-content\/uploads\/2026\/03\/centrojudicialsantarosaciudadjudicial2026-10.jpg","width":1300,"height":794},{"@type":"BreadcrumbList","@id":"https:\/\/diariotextual.com\/inicio\/index.php\/2026\/04\/29\/vivio-54-anos-con-otra-identidad-la-justicia-pampeana-reconocio-su-verdadera-filiacion-y-responsabilizo-a-sus-padres-biologicos\/#breadcrumb","itemListElement":[{"@type":"ListItem","position":1,"name":"Portada","item":"https:\/\/diariotextual.com\/inicio\/"},{"@type":"ListItem","position":2,"name":"Vivi\u00f3 54 a\u00f1os con otra identidad: la Justicia pampeana reconoci\u00f3 su verdadera filiaci\u00f3n y responsabiliz\u00f3 a sus padres biol\u00f3gicos"}]},{"@type":"WebSite","@id":"https:\/\/diariotextual.com\/inicio\/#website","url":"https:\/\/diariotextual.com\/inicio\/","name":"Diario Textual","description":"","publisher":{"@id":"https:\/\/diariotextual.com\/inicio\/#organization"},"potentialAction":[{"@type":"SearchAction","target":{"@type":"EntryPoint","urlTemplate":"https:\/\/diariotextual.com\/inicio\/?s={search_term_string}"},"query-input":{"@type":"PropertyValueSpecification","valueRequired":true,"valueName":"search_term_string"}}],"inLanguage":"es"},{"@type":"Organization","@id":"https:\/\/diariotextual.com\/inicio\/#organization","name":"Diario Textual","url":"https:\/\/diariotextual.com\/inicio\/","logo":{"@type":"ImageObject","inLanguage":"es","@id":"https:\/\/diariotextual.com\/inicio\/#\/schema\/logo\/image\/","url":"https:\/\/diariotextual.com\/inicio\/wp-content\/uploads\/2023\/05\/logotextual1.jpg","contentUrl":"https:\/\/diariotextual.com\/inicio\/wp-content\/uploads\/2023\/05\/logotextual1.jpg","width":516,"height":76,"caption":"Diario Textual"},"image":{"@id":"https:\/\/diariotextual.com\/inicio\/#\/schema\/logo\/image\/"},"sameAs":["https:\/\/www.facebook.com\/eltextual","https:\/\/x.com\/eltextual","http:\/\/www.instagram.com\/eltextual"]},{"@type":"Person","@id":"https:\/\/diariotextual.com\/inicio\/#\/schema\/person\/418fc4093c33e86ed41562db3508f958","name":"Diario1 Diario1","image":{"@type":"ImageObject","inLanguage":"es","@id":"https:\/\/secure.gravatar.com\/avatar\/9167d280179c85bc18be67aa7eda765854300033af4896dd779b608640f2ef7a?s=96&d=mm&r=g","url":"https:\/\/secure.gravatar.com\/avatar\/9167d280179c85bc18be67aa7eda765854300033af4896dd779b608640f2ef7a?s=96&d=mm&r=g","contentUrl":"https:\/\/secure.gravatar.com\/avatar\/9167d280179c85bc18be67aa7eda765854300033af4896dd779b608640f2ef7a?s=96&d=mm&r=g","caption":"Diario1 Diario1"},"url":"https:\/\/diariotextual.com\/inicio\/index.php\/author\/diario1\/"}]}},"_links":{"self":[{"href":"https:\/\/diariotextual.com\/inicio\/index.php\/wp-json\/wp\/v2\/posts\/326020","targetHints":{"allow":["GET"]}}],"collection":[{"href":"https:\/\/diariotextual.com\/inicio\/index.php\/wp-json\/wp\/v2\/posts"}],"about":[{"href":"https:\/\/diariotextual.com\/inicio\/index.php\/wp-json\/wp\/v2\/types\/post"}],"author":[{"embeddable":true,"href":"https:\/\/diariotextual.com\/inicio\/index.php\/wp-json\/wp\/v2\/users\/3"}],"replies":[{"embeddable":true,"href":"https:\/\/diariotextual.com\/inicio\/index.php\/wp-json\/wp\/v2\/comments?post=326020"}],"version-history":[{"count":1,"href":"https:\/\/diariotextual.com\/inicio\/index.php\/wp-json\/wp\/v2\/posts\/326020\/revisions"}],"predecessor-version":[{"id":326021,"href":"https:\/\/diariotextual.com\/inicio\/index.php\/wp-json\/wp\/v2\/posts\/326020\/revisions\/326021"}],"wp:featuredmedia":[{"embeddable":true,"href":"https:\/\/diariotextual.com\/inicio\/index.php\/wp-json\/wp\/v2\/media\/321554"}],"wp:attachment":[{"href":"https:\/\/diariotextual.com\/inicio\/index.php\/wp-json\/wp\/v2\/media?parent=326020"}],"wp:term":[{"taxonomy":"category","embeddable":true,"href":"https:\/\/diariotextual.com\/inicio\/index.php\/wp-json\/wp\/v2\/categories?post=326020"},{"taxonomy":"post_tag","embeddable":true,"href":"https:\/\/diariotextual.com\/inicio\/index.php\/wp-json\/wp\/v2\/tags?post=326020"}],"curies":[{"name":"wp","href":"https:\/\/api.w.org\/{rel}","templated":true}]}}