{"id":326022,"date":"2026-04-30T06:01:46","date_gmt":"2026-04-30T09:01:46","guid":{"rendered":"https:\/\/diariotextual.com\/inicio\/?p=326022"},"modified":"2026-04-30T08:13:00","modified_gmt":"2026-04-30T11:13:00","slug":"una-encuesta-de-management-fit-muestra-que-la-aprobacion-de-milei-cayo-10-puntos-por-el-caso-adorni-y-libra","status":"publish","type":"post","link":"https:\/\/diariotextual.com\/inicio\/index.php\/2026\/04\/30\/una-encuesta-de-management-fit-muestra-que-la-aprobacion-de-milei-cayo-10-puntos-por-el-caso-adorni-y-libra\/","title":{"rendered":"Una encuesta de Management &amp; Fit muestra que la aprobaci\u00f3n de Milei cay\u00f3 10 puntos por el caso Adorni y Libra"},"content":{"rendered":"\n<p>Una encuesta de<strong> Management &amp; Fit <\/strong>confirm\u00f3 la ca\u00edda de la aprobaci\u00f3n de <strong>Javier Milei <\/strong>en los \u00faltimos dos meses, arrastrado por los esc\u00e1ndalos de Manuel Adorni, el caso Libra y los cr\u00e9ditos VIP del Banco Naci\u00f3n.<\/p>\n\n\n\n<p>El sondeo de la consultora que dirige Mariel Fornoni muestra que la aprobaci\u00f3n del gobierno nacional cay\u00f3 casi diez puntos desde febrero. En abril, un 37,2 por ciento respald\u00f3 la gesti\u00f3n de Milei, mientras que en febrero lo hac\u00eda un 46,8 por ciento.<\/p>\n\n\n\n<p>En tanto, la desaprobaci\u00f3n de Milei escal\u00f3 al 54,3 por ciento y es la m\u00e1s alta desde el inicio de su gesti\u00f3n presidencial en los registros de Management &amp; Fit, public\u00f3 <strong>La Pol\u00edtica Online.<\/strong><\/p>\n\n\n\n<p>Adem\u00e1s del mal dato de aprobaci\u00f3n, la encuesta tambi\u00e9n muestra un derrumbe de las expectativas por el rumbo econ\u00f3mico y la situaci\u00f3n general del pa\u00eds.<\/p>\n\n\n\n<p>La evaluaci\u00f3n sobre la situaci\u00f3n econ\u00f3mica y social del pa\u00eds era muy buena o buena en un 27,3 por ciento en febrero y cay\u00f3 a 15,4 por ciento en abril.&nbsp;Adem\u00e1s, cae 8,6 puntos el optimismo a futuro: \u00abpor primera vez durante la gesti\u00f3n de Milei, la mirada negativa futura supera a la expectativa de mejora\u00bb, advierte Management.<\/p>\n\n\n\n<p>El caso Adorni adem\u00e1s aparece como determinante para los n\u00fameros de Milei, aunque el presidente lo sigue defendiendo a muerte. Un 78,7 por ciento considera que el jefe de Gabinete deber\u00eda renunciar o pedir licencia. Adem\u00e1s, su imagen positiva cae de 34,5 por ciento en febrero a 12,1 por ciento en abril.<\/p>\n\n\n\n<p>En tanto, respecto al&nbsp;caso de los cr\u00e9ditos de Banco Naci\u00f3n a funcionarios y diputados, la consultora advierte que el tema \u201cgenera una fractura que no es exclusivamente opositora\u201d.<\/p>\n\n\n\n<p>\u201cEntre quienes aprueban la gesti\u00f3n, el 37,7% lo considera corrupci\u00f3n o privilegio, pr\u00e1cticamente la misma proporci\u00f3n que lo defiende (39,3%)\u201d, sostiene.&nbsp; En total, el 67,4% de los consultados lo considera corrupci\u00f3n o privilegio.<\/p>\n\n\n\n<p><\/p>\n","protected":false},"excerpt":{"rendered":"<p>Una encuesta de Management &amp; Fit confirm\u00f3 la ca\u00edda de la aprobaci\u00f3n de Javier Milei en los \u00faltimos dos meses, arrastrado por los esc\u00e1ndalos de Manuel Adorni, el caso Libra&hellip;<\/p>\n","protected":false},"author":3,"featured_media":318520,"comment_status":"closed","ping_status":"open","sticky":false,"template":"","format":"standard","meta":{"_acf_changed":false,"footnotes":""},"categories":[1,8],"tags":[],"class_list":["post-326022","post","type-post","status-publish","format-standard","has-post-thumbnail","hentry","category-es-noticia","category-politica"],"acf":[],"yoast_head":"<!-- This site is optimized with the Yoast SEO plugin v27.5 - https:\/\/yoast.com\/product\/yoast-seo-wordpress\/ -->\n<title>Una encuesta de Management &amp; Fit muestra que la aprobaci\u00f3n de Milei cay\u00f3 10 puntos por el caso Adorni y Libra - Diario Textual<\/title>\n<meta name=\"robots\" content=\"index, follow, max-snippet:-1, max-image-preview:large, max-video-preview:-1\" \/>\n<link rel=\"canonical\" href=\"https:\/\/diariotextual.com\/inicio\/index.php\/2026\/04\/30\/una-encuesta-de-management-fit-muestra-que-la-aprobacion-de-milei-cayo-10-puntos-por-el-caso-adorni-y-libra\/\" \/>\n<meta property=\"og:locale\" content=\"es_ES\" \/>\n<meta property=\"og:type\" content=\"article\" \/>\n<meta property=\"og:title\" content=\"Una encuesta de Management &amp; Fit muestra que la aprobaci\u00f3n de Milei cay\u00f3 10 puntos por el caso Adorni y Libra - Diario Textual\" \/>\n<meta property=\"og:description\" content=\"Una encuesta de Management &amp; Fit confirm\u00f3 la ca\u00edda de la aprobaci\u00f3n de Javier Milei en los \u00faltimos dos meses, arrastrado por los esc\u00e1ndalos de Manuel Adorni, el caso Libra&hellip;\" \/>\n<meta property=\"og:url\" content=\"https:\/\/diariotextual.com\/inicio\/index.php\/2026\/04\/30\/una-encuesta-de-management-fit-muestra-que-la-aprobacion-de-milei-cayo-10-puntos-por-el-caso-adorni-y-libra\/\" \/>\n<meta property=\"og:site_name\" content=\"Diario Textual\" \/>\n<meta property=\"article:publisher\" content=\"https:\/\/www.facebook.com\/eltextual\" \/>\n<meta property=\"article:published_time\" content=\"2026-04-30T09:01:46+00:00\" \/>\n<meta property=\"article:modified_time\" content=\"2026-04-30T11:13:00+00:00\" \/>\n<meta property=\"og:image\" content=\"https:\/\/diariotextual.com\/inicio\/wp-content\/uploads\/2026\/01\/mileijavierfatimafloresmilei2026-70.jpg\" \/>\n\t<meta property=\"og:image:width\" content=\"1280\" \/>\n\t<meta property=\"og:image:height\" content=\"854\" \/>\n\t<meta property=\"og:image:type\" content=\"image\/jpeg\" \/>\n<meta name=\"author\" content=\"Diario1 Diario1\" \/>\n<meta name=\"twitter:card\" content=\"summary_large_image\" \/>\n<meta name=\"twitter:creator\" content=\"@eltextual\" \/>\n<meta name=\"twitter:site\" content=\"@eltextual\" \/>\n<meta name=\"twitter:label1\" content=\"Escrito por\" \/>\n\t<meta name=\"twitter:data1\" content=\"Diario1 Diario1\" \/>\n\t<meta name=\"twitter:label2\" content=\"Tiempo de lectura\" \/>\n\t<meta name=\"twitter:data2\" content=\"2 minutos\" \/>\n<script type=\"application\/ld+json\" class=\"yoast-schema-graph\">{\"@context\":\"https:\\\/\\\/schema.org\",\"@graph\":[{\"@type\":\"Article\",\"@id\":\"https:\\\/\\\/diariotextual.com\\\/inicio\\\/index.php\\\/2026\\\/04\\\/30\\\/una-encuesta-de-management-fit-muestra-que-la-aprobacion-de-milei-cayo-10-puntos-por-el-caso-adorni-y-libra\\\/#article\",\"isPartOf\":{\"@id\":\"https:\\\/\\\/diariotextual.com\\\/inicio\\\/index.php\\\/2026\\\/04\\\/30\\\/una-encuesta-de-management-fit-muestra-que-la-aprobacion-de-milei-cayo-10-puntos-por-el-caso-adorni-y-libra\\\/\"},\"author\":{\"name\":\"Diario1 Diario1\",\"@id\":\"https:\\\/\\\/diariotextual.com\\\/inicio\\\/#\\\/schema\\\/person\\\/418fc4093c33e86ed41562db3508f958\"},\"headline\":\"Una encuesta de Management &amp; Fit muestra que la aprobaci\u00f3n de Milei cay\u00f3 10 puntos por el caso Adorni y Libra\",\"datePublished\":\"2026-04-30T09:01:46+00:00\",\"dateModified\":\"2026-04-30T11:13:00+00:00\",\"mainEntityOfPage\":{\"@id\":\"https:\\\/\\\/diariotextual.com\\\/inicio\\\/index.php\\\/2026\\\/04\\\/30\\\/una-encuesta-de-management-fit-muestra-que-la-aprobacion-de-milei-cayo-10-puntos-por-el-caso-adorni-y-libra\\\/\"},\"wordCount\":358,\"publisher\":{\"@id\":\"https:\\\/\\\/diariotextual.com\\\/inicio\\\/#organization\"},\"image\":{\"@id\":\"https:\\\/\\\/diariotextual.com\\\/inicio\\\/index.php\\\/2026\\\/04\\\/30\\\/una-encuesta-de-management-fit-muestra-que-la-aprobacion-de-milei-cayo-10-puntos-por-el-caso-adorni-y-libra\\\/#primaryimage\"},\"thumbnailUrl\":\"https:\\\/\\\/diariotextual.com\\\/inicio\\\/wp-content\\\/uploads\\\/2026\\\/01\\\/mileijavierfatimafloresmilei2026-70.jpg\",\"articleSection\":[\"A - ES NOTICIA (van abajo)\",\"POLITICA\"],\"inLanguage\":\"es\"},{\"@type\":\"WebPage\",\"@id\":\"https:\\\/\\\/diariotextual.com\\\/inicio\\\/index.php\\\/2026\\\/04\\\/30\\\/una-encuesta-de-management-fit-muestra-que-la-aprobacion-de-milei-cayo-10-puntos-por-el-caso-adorni-y-libra\\\/\",\"url\":\"https:\\\/\\\/diariotextual.com\\\/inicio\\\/index.php\\\/2026\\\/04\\\/30\\\/una-encuesta-de-management-fit-muestra-que-la-aprobacion-de-milei-cayo-10-puntos-por-el-caso-adorni-y-libra\\\/\",\"name\":\"Una encuesta de Management &amp; Fit muestra que la aprobaci\u00f3n de Milei cay\u00f3 10 puntos por el caso Adorni y Libra - Diario Textual\",\"isPartOf\":{\"@id\":\"https:\\\/\\\/diariotextual.com\\\/inicio\\\/#website\"},\"primaryImageOfPage\":{\"@id\":\"https:\\\/\\\/diariotextual.com\\\/inicio\\\/index.php\\\/2026\\\/04\\\/30\\\/una-encuesta-de-management-fit-muestra-que-la-aprobacion-de-milei-cayo-10-puntos-por-el-caso-adorni-y-libra\\\/#primaryimage\"},\"image\":{\"@id\":\"https:\\\/\\\/diariotextual.com\\\/inicio\\\/index.php\\\/2026\\\/04\\\/30\\\/una-encuesta-de-management-fit-muestra-que-la-aprobacion-de-milei-cayo-10-puntos-por-el-caso-adorni-y-libra\\\/#primaryimage\"},\"thumbnailUrl\":\"https:\\\/\\\/diariotextual.com\\\/inicio\\\/wp-content\\\/uploads\\\/2026\\\/01\\\/mileijavierfatimafloresmilei2026-70.jpg\",\"datePublished\":\"2026-04-30T09:01:46+00:00\",\"dateModified\":\"2026-04-30T11:13:00+00:00\",\"breadcrumb\":{\"@id\":\"https:\\\/\\\/diariotextual.com\\\/inicio\\\/index.php\\\/2026\\\/04\\\/30\\\/una-encuesta-de-management-fit-muestra-que-la-aprobacion-de-milei-cayo-10-puntos-por-el-caso-adorni-y-libra\\\/#breadcrumb\"},\"inLanguage\":\"es\",\"potentialAction\":[{\"@type\":\"ReadAction\",\"target\":[\"https:\\\/\\\/diariotextual.com\\\/inicio\\\/index.php\\\/2026\\\/04\\\/30\\\/una-encuesta-de-management-fit-muestra-que-la-aprobacion-de-milei-cayo-10-puntos-por-el-caso-adorni-y-libra\\\/\"]}]},{\"@type\":\"ImageObject\",\"inLanguage\":\"es\",\"@id\":\"https:\\\/\\\/diariotextual.com\\\/inicio\\\/index.php\\\/2026\\\/04\\\/30\\\/una-encuesta-de-management-fit-muestra-que-la-aprobacion-de-milei-cayo-10-puntos-por-el-caso-adorni-y-libra\\\/#primaryimage\",\"url\":\"https:\\\/\\\/diariotextual.com\\\/inicio\\\/wp-content\\\/uploads\\\/2026\\\/01\\\/mileijavierfatimafloresmilei2026-70.jpg\",\"contentUrl\":\"https:\\\/\\\/diariotextual.com\\\/inicio\\\/wp-content\\\/uploads\\\/2026\\\/01\\\/mileijavierfatimafloresmilei2026-70.jpg\",\"width\":1280,\"height\":854},{\"@type\":\"BreadcrumbList\",\"@id\":\"https:\\\/\\\/diariotextual.com\\\/inicio\\\/index.php\\\/2026\\\/04\\\/30\\\/una-encuesta-de-management-fit-muestra-que-la-aprobacion-de-milei-cayo-10-puntos-por-el-caso-adorni-y-libra\\\/#breadcrumb\",\"itemListElement\":[{\"@type\":\"ListItem\",\"position\":1,\"name\":\"Portada\",\"item\":\"https:\\\/\\\/diariotextual.com\\\/inicio\\\/\"},{\"@type\":\"ListItem\",\"position\":2,\"name\":\"Una encuesta de Management &amp; Fit muestra que la aprobaci\u00f3n de Milei cay\u00f3 10 puntos por el caso Adorni y Libra\"}]},{\"@type\":\"WebSite\",\"@id\":\"https:\\\/\\\/diariotextual.com\\\/inicio\\\/#website\",\"url\":\"https:\\\/\\\/diariotextual.com\\\/inicio\\\/\",\"name\":\"Diario Textual\",\"description\":\"\",\"publisher\":{\"@id\":\"https:\\\/\\\/diariotextual.com\\\/inicio\\\/#organization\"},\"potentialAction\":[{\"@type\":\"SearchAction\",\"target\":{\"@type\":\"EntryPoint\",\"urlTemplate\":\"https:\\\/\\\/diariotextual.com\\\/inicio\\\/?s={search_term_string}\"},\"query-input\":{\"@type\":\"PropertyValueSpecification\",\"valueRequired\":true,\"valueName\":\"search_term_string\"}}],\"inLanguage\":\"es\"},{\"@type\":\"Organization\",\"@id\":\"https:\\\/\\\/diariotextual.com\\\/inicio\\\/#organization\",\"name\":\"Diario Textual\",\"url\":\"https:\\\/\\\/diariotextual.com\\\/inicio\\\/\",\"logo\":{\"@type\":\"ImageObject\",\"inLanguage\":\"es\",\"@id\":\"https:\\\/\\\/diariotextual.com\\\/inicio\\\/#\\\/schema\\\/logo\\\/image\\\/\",\"url\":\"https:\\\/\\\/diariotextual.com\\\/inicio\\\/wp-content\\\/uploads\\\/2023\\\/05\\\/logotextual1.jpg\",\"contentUrl\":\"https:\\\/\\\/diariotextual.com\\\/inicio\\\/wp-content\\\/uploads\\\/2023\\\/05\\\/logotextual1.jpg\",\"width\":516,\"height\":76,\"caption\":\"Diario Textual\"},\"image\":{\"@id\":\"https:\\\/\\\/diariotextual.com\\\/inicio\\\/#\\\/schema\\\/logo\\\/image\\\/\"},\"sameAs\":[\"https:\\\/\\\/www.facebook.com\\\/eltextual\",\"https:\\\/\\\/x.com\\\/eltextual\",\"http:\\\/\\\/www.instagram.com\\\/eltextual\"]},{\"@type\":\"Person\",\"@id\":\"https:\\\/\\\/diariotextual.com\\\/inicio\\\/#\\\/schema\\\/person\\\/418fc4093c33e86ed41562db3508f958\",\"name\":\"Diario1 Diario1\",\"image\":{\"@type\":\"ImageObject\",\"inLanguage\":\"es\",\"@id\":\"https:\\\/\\\/secure.gravatar.com\\\/avatar\\\/9167d280179c85bc18be67aa7eda765854300033af4896dd779b608640f2ef7a?s=96&d=mm&r=g\",\"url\":\"https:\\\/\\\/secure.gravatar.com\\\/avatar\\\/9167d280179c85bc18be67aa7eda765854300033af4896dd779b608640f2ef7a?s=96&d=mm&r=g\",\"contentUrl\":\"https:\\\/\\\/secure.gravatar.com\\\/avatar\\\/9167d280179c85bc18be67aa7eda765854300033af4896dd779b608640f2ef7a?s=96&d=mm&r=g\",\"caption\":\"Diario1 Diario1\"},\"url\":\"https:\\\/\\\/diariotextual.com\\\/inicio\\\/index.php\\\/author\\\/diario1\\\/\"}]}<\/script>\n<!-- \/ Yoast SEO plugin. -->","yoast_head_json":{"title":"Una encuesta de Management &amp; Fit muestra que la aprobaci\u00f3n de Milei cay\u00f3 10 puntos por el caso Adorni y Libra - Diario Textual","robots":{"index":"index","follow":"follow","max-snippet":"max-snippet:-1","max-image-preview":"max-image-preview:large","max-video-preview":"max-video-preview:-1"},"canonical":"https:\/\/diariotextual.com\/inicio\/index.php\/2026\/04\/30\/una-encuesta-de-management-fit-muestra-que-la-aprobacion-de-milei-cayo-10-puntos-por-el-caso-adorni-y-libra\/","og_locale":"es_ES","og_type":"article","og_title":"Una encuesta de Management &amp; Fit muestra que la aprobaci\u00f3n de Milei cay\u00f3 10 puntos por el caso Adorni y Libra - Diario Textual","og_description":"Una encuesta de Management &amp; Fit confirm\u00f3 la ca\u00edda de la aprobaci\u00f3n de Javier Milei en los \u00faltimos dos meses, arrastrado por los esc\u00e1ndalos de Manuel Adorni, el caso Libra&hellip;","og_url":"https:\/\/diariotextual.com\/inicio\/index.php\/2026\/04\/30\/una-encuesta-de-management-fit-muestra-que-la-aprobacion-de-milei-cayo-10-puntos-por-el-caso-adorni-y-libra\/","og_site_name":"Diario Textual","article_publisher":"https:\/\/www.facebook.com\/eltextual","article_published_time":"2026-04-30T09:01:46+00:00","article_modified_time":"2026-04-30T11:13:00+00:00","og_image":[{"width":1280,"height":854,"url":"https:\/\/diariotextual.com\/inicio\/wp-content\/uploads\/2026\/01\/mileijavierfatimafloresmilei2026-70.jpg","type":"image\/jpeg"}],"author":"Diario1 Diario1","twitter_card":"summary_large_image","twitter_creator":"@eltextual","twitter_site":"@eltextual","twitter_misc":{"Escrito por":"Diario1 Diario1","Tiempo de lectura":"2 minutos"},"schema":{"@context":"https:\/\/schema.org","@graph":[{"@type":"Article","@id":"https:\/\/diariotextual.com\/inicio\/index.php\/2026\/04\/30\/una-encuesta-de-management-fit-muestra-que-la-aprobacion-de-milei-cayo-10-puntos-por-el-caso-adorni-y-libra\/#article","isPartOf":{"@id":"https:\/\/diariotextual.com\/inicio\/index.php\/2026\/04\/30\/una-encuesta-de-management-fit-muestra-que-la-aprobacion-de-milei-cayo-10-puntos-por-el-caso-adorni-y-libra\/"},"author":{"name":"Diario1 Diario1","@id":"https:\/\/diariotextual.com\/inicio\/#\/schema\/person\/418fc4093c33e86ed41562db3508f958"},"headline":"Una encuesta de Management &amp; Fit muestra que la aprobaci\u00f3n de Milei cay\u00f3 10 puntos por el caso Adorni y Libra","datePublished":"2026-04-30T09:01:46+00:00","dateModified":"2026-04-30T11:13:00+00:00","mainEntityOfPage":{"@id":"https:\/\/diariotextual.com\/inicio\/index.php\/2026\/04\/30\/una-encuesta-de-management-fit-muestra-que-la-aprobacion-de-milei-cayo-10-puntos-por-el-caso-adorni-y-libra\/"},"wordCount":358,"publisher":{"@id":"https:\/\/diariotextual.com\/inicio\/#organization"},"image":{"@id":"https:\/\/diariotextual.com\/inicio\/index.php\/2026\/04\/30\/una-encuesta-de-management-fit-muestra-que-la-aprobacion-de-milei-cayo-10-puntos-por-el-caso-adorni-y-libra\/#primaryimage"},"thumbnailUrl":"https:\/\/diariotextual.com\/inicio\/wp-content\/uploads\/2026\/01\/mileijavierfatimafloresmilei2026-70.jpg","articleSection":["A - ES NOTICIA (van abajo)","POLITICA"],"inLanguage":"es"},{"@type":"WebPage","@id":"https:\/\/diariotextual.com\/inicio\/index.php\/2026\/04\/30\/una-encuesta-de-management-fit-muestra-que-la-aprobacion-de-milei-cayo-10-puntos-por-el-caso-adorni-y-libra\/","url":"https:\/\/diariotextual.com\/inicio\/index.php\/2026\/04\/30\/una-encuesta-de-management-fit-muestra-que-la-aprobacion-de-milei-cayo-10-puntos-por-el-caso-adorni-y-libra\/","name":"Una encuesta de Management &amp; Fit muestra que la aprobaci\u00f3n de Milei cay\u00f3 10 puntos por el caso Adorni y Libra - Diario Textual","isPartOf":{"@id":"https:\/\/diariotextual.com\/inicio\/#website"},"primaryImageOfPage":{"@id":"https:\/\/diariotextual.com\/inicio\/index.php\/2026\/04\/30\/una-encuesta-de-management-fit-muestra-que-la-aprobacion-de-milei-cayo-10-puntos-por-el-caso-adorni-y-libra\/#primaryimage"},"image":{"@id":"https:\/\/diariotextual.com\/inicio\/index.php\/2026\/04\/30\/una-encuesta-de-management-fit-muestra-que-la-aprobacion-de-milei-cayo-10-puntos-por-el-caso-adorni-y-libra\/#primaryimage"},"thumbnailUrl":"https:\/\/diariotextual.com\/inicio\/wp-content\/uploads\/2026\/01\/mileijavierfatimafloresmilei2026-70.jpg","datePublished":"2026-04-30T09:01:46+00:00","dateModified":"2026-04-30T11:13:00+00:00","breadcrumb":{"@id":"https:\/\/diariotextual.com\/inicio\/index.php\/2026\/04\/30\/una-encuesta-de-management-fit-muestra-que-la-aprobacion-de-milei-cayo-10-puntos-por-el-caso-adorni-y-libra\/#breadcrumb"},"inLanguage":"es","potentialAction":[{"@type":"ReadAction","target":["https:\/\/diariotextual.com\/inicio\/index.php\/2026\/04\/30\/una-encuesta-de-management-fit-muestra-que-la-aprobacion-de-milei-cayo-10-puntos-por-el-caso-adorni-y-libra\/"]}]},{"@type":"ImageObject","inLanguage":"es","@id":"https:\/\/diariotextual.com\/inicio\/index.php\/2026\/04\/30\/una-encuesta-de-management-fit-muestra-que-la-aprobacion-de-milei-cayo-10-puntos-por-el-caso-adorni-y-libra\/#primaryimage","url":"https:\/\/diariotextual.com\/inicio\/wp-content\/uploads\/2026\/01\/mileijavierfatimafloresmilei2026-70.jpg","contentUrl":"https:\/\/diariotextual.com\/inicio\/wp-content\/uploads\/2026\/01\/mileijavierfatimafloresmilei2026-70.jpg","width":1280,"height":854},{"@type":"BreadcrumbList","@id":"https:\/\/diariotextual.com\/inicio\/index.php\/2026\/04\/30\/una-encuesta-de-management-fit-muestra-que-la-aprobacion-de-milei-cayo-10-puntos-por-el-caso-adorni-y-libra\/#breadcrumb","itemListElement":[{"@type":"ListItem","position":1,"name":"Portada","item":"https:\/\/diariotextual.com\/inicio\/"},{"@type":"ListItem","position":2,"name":"Una encuesta de Management &amp; Fit muestra que la aprobaci\u00f3n de Milei cay\u00f3 10 puntos por el caso Adorni y Libra"}]},{"@type":"WebSite","@id":"https:\/\/diariotextual.com\/inicio\/#website","url":"https:\/\/diariotextual.com\/inicio\/","name":"Diario Textual","description":"","publisher":{"@id":"https:\/\/diariotextual.com\/inicio\/#organization"},"potentialAction":[{"@type":"SearchAction","target":{"@type":"EntryPoint","urlTemplate":"https:\/\/diariotextual.com\/inicio\/?s={search_term_string}"},"query-input":{"@type":"PropertyValueSpecification","valueRequired":true,"valueName":"search_term_string"}}],"inLanguage":"es"},{"@type":"Organization","@id":"https:\/\/diariotextual.com\/inicio\/#organization","name":"Diario Textual","url":"https:\/\/diariotextual.com\/inicio\/","logo":{"@type":"ImageObject","inLanguage":"es","@id":"https:\/\/diariotextual.com\/inicio\/#\/schema\/logo\/image\/","url":"https:\/\/diariotextual.com\/inicio\/wp-content\/uploads\/2023\/05\/logotextual1.jpg","contentUrl":"https:\/\/diariotextual.com\/inicio\/wp-content\/uploads\/2023\/05\/logotextual1.jpg","width":516,"height":76,"caption":"Diario Textual"},"image":{"@id":"https:\/\/diariotextual.com\/inicio\/#\/schema\/logo\/image\/"},"sameAs":["https:\/\/www.facebook.com\/eltextual","https:\/\/x.com\/eltextual","http:\/\/www.instagram.com\/eltextual"]},{"@type":"Person","@id":"https:\/\/diariotextual.com\/inicio\/#\/schema\/person\/418fc4093c33e86ed41562db3508f958","name":"Diario1 Diario1","image":{"@type":"ImageObject","inLanguage":"es","@id":"https:\/\/secure.gravatar.com\/avatar\/9167d280179c85bc18be67aa7eda765854300033af4896dd779b608640f2ef7a?s=96&d=mm&r=g","url":"https:\/\/secure.gravatar.com\/avatar\/9167d280179c85bc18be67aa7eda765854300033af4896dd779b608640f2ef7a?s=96&d=mm&r=g","contentUrl":"https:\/\/secure.gravatar.com\/avatar\/9167d280179c85bc18be67aa7eda765854300033af4896dd779b608640f2ef7a?s=96&d=mm&r=g","caption":"Diario1 Diario1"},"url":"https:\/\/diariotextual.com\/inicio\/index.php\/author\/diario1\/"}]}},"_links":{"self":[{"href":"https:\/\/diariotextual.com\/inicio\/index.php\/wp-json\/wp\/v2\/posts\/326022","targetHints":{"allow":["GET"]}}],"collection":[{"href":"https:\/\/diariotextual.com\/inicio\/index.php\/wp-json\/wp\/v2\/posts"}],"about":[{"href":"https:\/\/diariotextual.com\/inicio\/index.php\/wp-json\/wp\/v2\/types\/post"}],"author":[{"embeddable":true,"href":"https:\/\/diariotextual.com\/inicio\/index.php\/wp-json\/wp\/v2\/users\/3"}],"replies":[{"embeddable":true,"href":"https:\/\/diariotextual.com\/inicio\/index.php\/wp-json\/wp\/v2\/comments?post=326022"}],"version-history":[{"count":2,"href":"https:\/\/diariotextual.com\/inicio\/index.php\/wp-json\/wp\/v2\/posts\/326022\/revisions"}],"predecessor-version":[{"id":326024,"href":"https:\/\/diariotextual.com\/inicio\/index.php\/wp-json\/wp\/v2\/posts\/326022\/revisions\/326024"}],"wp:featuredmedia":[{"embeddable":true,"href":"https:\/\/diariotextual.com\/inicio\/index.php\/wp-json\/wp\/v2\/media\/318520"}],"wp:attachment":[{"href":"https:\/\/diariotextual.com\/inicio\/index.php\/wp-json\/wp\/v2\/media?parent=326022"}],"wp:term":[{"taxonomy":"category","embeddable":true,"href":"https:\/\/diariotextual.com\/inicio\/index.php\/wp-json\/wp\/v2\/categories?post=326022"},{"taxonomy":"post_tag","embeddable":true,"href":"https:\/\/diariotextual.com\/inicio\/index.php\/wp-json\/wp\/v2\/tags?post=326022"}],"curies":[{"name":"wp","href":"https:\/\/api.w.org\/{rel}","templated":true}]}}